{"id":5925,"date":"2025-06-26T20:26:13","date_gmt":"2025-06-26T20:26:13","guid":{"rendered":"https:\/\/cmas.udd.cl\/?post_type=noticia&#038;p=5724"},"modified":"2025-07-24T17:17:10","modified_gmt":"2025-07-24T17:17:10","slug":"fondecyt-regular-de-investigadora-del-centro-c-de-ingenieria-entrega-resultados-sobre-la-situacion-medioambiental-en-chile-migrado","status":"publish","type":"noticia","link":"https:\/\/cmas.udd.cl\/en\/noticia\/fondecyt-regular-de-investigadora-del-centro-c-de-ingenieria-entrega-resultados-sobre-la-situacion-medioambiental-en-chile-migrado\/","title":{"rendered":"Fondecyt Regular de investigadora del Centro C+ de Ingenier\u00eda entrega resultados sobre la situaci\u00f3n medioambiental en Chile\u00a0\u00a0"},"content":{"rendered":"<p><p>La investigadora del Grupo EnviroHealth Dynamics del Centro C+ de la Facultad de Ingenier\u00eda, Dr. Zoe Fleming, finaliz\u00f3 su proyecto Fondecyt Regular titulado \u201cIntegrated assessment of air pollution in geographies of Chile\u201d, el cual ten\u00eda como objetivo medir la contaminaci\u00f3n atmosf\u00e9rica en diferentes geograf\u00edas de Chile, mediante mediciones en terreno y t\u00e9cnicas innovadoras.\u00a0\u00a0<\/p><br><p>\u00a0<\/p><\/p>\n\n\n\n<p><p>La investigaci\u00f3n se centr\u00f3 en tres grandes macrozonas de nuestro pa\u00eds: el norte des\u00e9rtico, la regi\u00f3n urbana e industrial del centro, y el sur, espec\u00edficamente la ciudad de Coyhaique. Para esto, se utilizaron diferentes t\u00e9cnicas de medici\u00f3n, a trav\u00e9s de t\u00e9cnicas de monitoreo en terreno y colaboraci\u00f3n con comunidades por medio de ciencia ciudadana.\u00a0\u00a0<\/p><br><p>\u00a0<\/p><\/p>\n\n\n\n<div class=\"wp-block-media-text is-stacked-on-mobile\"><figure class=\"wp-block-media-text__media\"><img fetchpriority=\"high\" decoding=\"async\" width=\"1024\" height=\"681\" src=\"https:\/\/cmas.udd.cl\/wp-content\/uploads\/2025\/06\/WhatsApp-Image-2025-06-25-at-10.44.01-1024x681.jpeg\" alt=\"\" class=\"wp-image-5725 size-full\" srcset=\"https:\/\/cmas.udd.cl\/wp-content\/uploads\/2025\/06\/WhatsApp-Image-2025-06-25-at-10.44.01-1024x681.jpeg 1024w, https:\/\/cmas.udd.cl\/wp-content\/uploads\/2025\/06\/WhatsApp-Image-2025-06-25-at-10.44.01-300x200.jpeg 300w, https:\/\/cmas.udd.cl\/wp-content\/uploads\/2025\/06\/WhatsApp-Image-2025-06-25-at-10.44.01-768x511.jpeg 768w, https:\/\/cmas.udd.cl\/wp-content\/uploads\/2025\/06\/WhatsApp-Image-2025-06-25-at-10.44.01-1536x1021.jpeg 1536w, https:\/\/cmas.udd.cl\/wp-content\/uploads\/2025\/06\/WhatsApp-Image-2025-06-25-at-10.44.01-18x12.jpeg 18w, https:\/\/cmas.udd.cl\/wp-content\/uploads\/2025\/06\/WhatsApp-Image-2025-06-25-at-10.44.01.jpeg 1600w\" sizes=\"(max-width: 1024px) 100vw, 1024px\" \/><\/figure><div class=\"wp-block-media-text__content\">\n<p><p>Como resultado, y luego de un an\u00e1lisis de datos a ra\u00edz de las estaciones de monitoreo y monitoreo en terreno, se obtuvieron diversos resultados en relaci\u00f3n a la calidad del aire, como, por ejemplo, la distribuci\u00f3n de metales existentes en el polvo del norte de Chile o tendencias en la reducci\u00f3n de varios gases contaminantes en Santiago y, por \u00faltimo, una caracterizaci\u00f3n del Material Particulado en Coyhaique.\u00a0<\/p><br><p>\u00a0<\/p><\/p>\n<\/div><\/div>\n\n\n\n<p><p>Lo anterior, se llev\u00f3 a cabo por medio de t\u00e9cnicas pasivas para colectar gases y Material Particulado, utilizando instrumentos de referencia instalados en lugares remotos.\u00a0\u00a0\u00a0<\/p><br><p>\u00a0<\/p><\/p>\n\n\n\n<p><p>Para concluir, el proyecto finaliza recalcando la importancia de generar pol\u00edticas p\u00fablicas y tomar conciencia para mejorar la calidad del aire, optimizando procesos y realizando actividades de ciencia ciudadana para que la sociedad tome un rol dentro del cambio.\u00a0\u00a0\u00a0<\/p><br><p>\u00a0<\/p><\/p>\n\n\n\n<p><p>Para darle un cierre a esta etapa, la investigadora realiz\u00f3 el conversatorio \u201cContaminaci\u00f3n del aire en diferentes territorios de Chile\u201d el 17 de junio: espacio de conversaci\u00f3n y reflexi\u00f3n sobre la situaci\u00f3n medioambiental en nuestro pa\u00eds.\u00a0\u00a0<\/p><br><p>\u00a0<\/p><\/p>\n\n\n\n<p><p>A la actividad acudieron diferentes cient\u00edficos, docentes e investigadores de la Facultad de Ingenier\u00eda UDD y externos relacionados al proyecto y al estudio de la calidad del aire en Chile.\u00a0\u00a0\u00a0<\/p><br><p>\u00a0<\/p><\/p>\n\n\n\n<p><p>Por su parte, Zo\u00eb Fleming cerr\u00f3 la jornada se\u00f1alando que \u201cfue interesante poder reunir a todos los investigadores, estudiantes y expertos que ayudaron a tener resultados interesantes, art\u00edculos cient\u00edficos, videos y varios conversatorios tan relevantes durante los \u00faltimos tres a\u00f1os. Espero que logremos divulgar y compartir lo que son los problemas de contaminaci\u00f3n de aire y c\u00f3mo enfrentarlo como un problema local\u201d.\u00a0<\/p><br><p>\u00a0<\/p><\/p>\n\n\n\n<figure class=\"wp-block-gallery has-nested-images columns-default is-cropped wp-block-gallery-1 is-layout-flex wp-block-gallery-is-layout-flex\">\n<figure><img decoding=\"async\" data-id=\"5727\" src=\"https:\/\/cmas.udd.cl\/wp-content\/uploads\/2025\/06\/WhatsApp-Image-2025-06-26-at-16.12.51-4-1024x681.jpeg\" alt=\"\" \/><\/figure>\n\n\n\n<figure><img decoding=\"async\" data-id=\"5730\" src=\"https:\/\/cmas.udd.cl\/wp-content\/uploads\/2025\/06\/WhatsApp-Image-2025-06-26-at-16.12.51-3-1024x681.jpeg\" alt=\"\" \/><\/figure>\n\n\n\n<figure><img decoding=\"async\" data-id=\"5729\" src=\"https:\/\/cmas.udd.cl\/wp-content\/uploads\/2025\/06\/WhatsApp-Image-2025-06-26-at-16.12.51-2-1024x681.jpeg\" alt=\"\" \/><\/figure>\n\n\n\n<figure><img decoding=\"async\" data-id=\"5731\" src=\"https:\/\/cmas.udd.cl\/wp-content\/uploads\/2025\/06\/WhatsApp-Image-2025-06-26-at-16.12.51-1-1024x681.jpeg\" alt=\"\" \/><\/figure>\n\n\n\n<figure><img decoding=\"async\" data-id=\"5728\" src=\"https:\/\/cmas.udd.cl\/wp-content\/uploads\/2025\/06\/WhatsApp-Image-2025-06-26-at-16.12.51-1024x681.jpeg\" alt=\"\" \/><\/figure>\n<\/figure>","protected":false},"excerpt":{"rendered":"<p>La investigadora del Grupo EnviroHealth Dynamics del Centro C+ de la Facultad de Ingenier\u00eda, Dr. Zoe Fleming, finaliz\u00f3 su proyecto Fondecyt Regular titulado \u201cIntegrated assessment of air pollution in geographies of Chile\u201d, el cual ten\u00eda como objetivo medir la contaminaci\u00f3n atmosf\u00e9rica en diferentes geograf\u00edas de Chile, mediante mediciones en terreno y t\u00e9cnicas innovadoras.\u00a0\u00a0 \u00a0 La [&hellip;]<\/p>\n","protected":false},"featured_media":5726,"template":"","meta":{"_acf_changed":false},"filtro-de-portada":[115],"grupo-de-investigacion":[103],"tipo-de-contenido":[],"class_list":["post-5925","noticia","type-noticia","status-publish","has-post-thumbnail","hentry","filtro-de-portada-noticiabasica","grupo-de-investigacion-enviro_health"],"acf":[],"yoast_head":"<!-- This site is optimized with the Yoast SEO plugin v27.3 - https:\/\/yoast.com\/product\/yoast-seo-wordpress\/ -->\n<title>Fondecyt Regular de investigadora del Centro C+ de Ingenier\u00eda entrega resultados sobre la situaci\u00f3n medioambiental en Chile\u00a0\u00a0 - C+<\/title>\n<meta name=\"robots\" content=\"index, follow, max-snippet:-1, max-image-preview:large, max-video-preview:-1\" \/>\n<link rel=\"canonical\" href=\"https:\/\/cmas.udd.cl\/en\/noticia\/fondecyt-regular-de-investigadora-del-centro-c-de-ingenieria-entrega-resultados-sobre-la-situacion-medioambiental-en-chile-migrado\/\" \/>\n<meta property=\"og:locale\" content=\"en_US\" \/>\n<meta property=\"og:type\" content=\"article\" \/>\n<meta property=\"og:title\" content=\"Fondecyt Regular de investigadora del Centro C+ de Ingenier\u00eda entrega resultados sobre la situaci\u00f3n medioambiental en Chile\u00a0\u00a0 - C+\" \/>\n<meta property=\"og:description\" content=\"La investigadora del Grupo EnviroHealth Dynamics del Centro C+ de la Facultad de Ingenier\u00eda, Dr. Zoe Fleming, finaliz\u00f3 su proyecto Fondecyt Regular titulado \u201cIntegrated assessment of air pollution in geographies of Chile\u201d, el cual ten\u00eda como objetivo medir la contaminaci\u00f3n atmosf\u00e9rica en diferentes geograf\u00edas de Chile, mediante mediciones en terreno y t\u00e9cnicas innovadoras.\u00a0\u00a0 \u00a0 La [&hellip;]\" \/>\n<meta property=\"og:url\" content=\"https:\/\/cmas.udd.cl\/en\/noticia\/fondecyt-regular-de-investigadora-del-centro-c-de-ingenieria-entrega-resultados-sobre-la-situacion-medioambiental-en-chile-migrado\/\" \/>\n<meta property=\"og:site_name\" content=\"C+\" \/>\n<meta property=\"article:modified_time\" content=\"2025-07-24T17:17:10+00:00\" \/>\n<meta property=\"og:image\" content=\"https:\/\/cmas.udd.cl\/wp-content\/uploads\/2025\/06\/WhatsApp-Image-2025-06-25-at-10.44.01-1.jpeg\" \/>\n\t<meta property=\"og:image:width\" content=\"1600\" \/>\n\t<meta property=\"og:image:height\" content=\"1064\" \/>\n\t<meta property=\"og:image:type\" content=\"image\/jpeg\" \/>\n<meta name=\"twitter:card\" content=\"summary_large_image\" \/>\n<meta name=\"twitter:label1\" content=\"Est. reading time\" \/>\n\t<meta name=\"twitter:data1\" content=\"2 minutes\" \/>\n<script type=\"application\/ld+json\" class=\"yoast-schema-graph\">{\"@context\":\"https:\\\/\\\/schema.org\",\"@graph\":[{\"@type\":\"WebPage\",\"@id\":\"https:\\\/\\\/cmas.udd.cl\\\/noticia\\\/fondecyt-regular-de-investigadora-del-centro-c-de-ingenieria-entrega-resultados-sobre-la-situacion-medioambiental-en-chile-migrado\\\/\",\"url\":\"https:\\\/\\\/cmas.udd.cl\\\/noticia\\\/fondecyt-regular-de-investigadora-del-centro-c-de-ingenieria-entrega-resultados-sobre-la-situacion-medioambiental-en-chile-migrado\\\/\",\"name\":\"Fondecyt Regular de investigadora del Centro C+ de Ingenier\u00eda entrega resultados sobre la situaci\u00f3n medioambiental en Chile\u00a0\u00a0 - C+\",\"isPartOf\":{\"@id\":\"https:\\\/\\\/cmas.udd.cl\\\/#website\"},\"primaryImageOfPage\":{\"@id\":\"https:\\\/\\\/cmas.udd.cl\\\/noticia\\\/fondecyt-regular-de-investigadora-del-centro-c-de-ingenieria-entrega-resultados-sobre-la-situacion-medioambiental-en-chile-migrado\\\/#primaryimage\"},\"image\":{\"@id\":\"https:\\\/\\\/cmas.udd.cl\\\/noticia\\\/fondecyt-regular-de-investigadora-del-centro-c-de-ingenieria-entrega-resultados-sobre-la-situacion-medioambiental-en-chile-migrado\\\/#primaryimage\"},\"thumbnailUrl\":\"https:\\\/\\\/cmas.udd.cl\\\/wp-content\\\/uploads\\\/2025\\\/06\\\/WhatsApp-Image-2025-06-25-at-10.44.01-1.jpeg\",\"datePublished\":\"2025-06-26T20:26:13+00:00\",\"dateModified\":\"2025-07-24T17:17:10+00:00\",\"breadcrumb\":{\"@id\":\"https:\\\/\\\/cmas.udd.cl\\\/noticia\\\/fondecyt-regular-de-investigadora-del-centro-c-de-ingenieria-entrega-resultados-sobre-la-situacion-medioambiental-en-chile-migrado\\\/#breadcrumb\"},\"inLanguage\":\"en-US\",\"potentialAction\":[{\"@type\":\"ReadAction\",\"target\":[\"https:\\\/\\\/cmas.udd.cl\\\/noticia\\\/fondecyt-regular-de-investigadora-del-centro-c-de-ingenieria-entrega-resultados-sobre-la-situacion-medioambiental-en-chile-migrado\\\/\"]}]},{\"@type\":\"ImageObject\",\"inLanguage\":\"en-US\",\"@id\":\"https:\\\/\\\/cmas.udd.cl\\\/noticia\\\/fondecyt-regular-de-investigadora-del-centro-c-de-ingenieria-entrega-resultados-sobre-la-situacion-medioambiental-en-chile-migrado\\\/#primaryimage\",\"url\":\"https:\\\/\\\/cmas.udd.cl\\\/wp-content\\\/uploads\\\/2025\\\/06\\\/WhatsApp-Image-2025-06-25-at-10.44.01-1.jpeg\",\"contentUrl\":\"https:\\\/\\\/cmas.udd.cl\\\/wp-content\\\/uploads\\\/2025\\\/06\\\/WhatsApp-Image-2025-06-25-at-10.44.01-1.jpeg\",\"width\":1600,\"height\":1064},{\"@type\":\"BreadcrumbList\",\"@id\":\"https:\\\/\\\/cmas.udd.cl\\\/noticia\\\/fondecyt-regular-de-investigadora-del-centro-c-de-ingenieria-entrega-resultados-sobre-la-situacion-medioambiental-en-chile-migrado\\\/#breadcrumb\",\"itemListElement\":[{\"@type\":\"ListItem\",\"position\":1,\"name\":\"Home\",\"item\":\"https:\\\/\\\/cmas.udd.cl\\\/\"},{\"@type\":\"ListItem\",\"position\":2,\"name\":\"Noticias\",\"item\":\"https:\\\/\\\/cmas.udd.cl\\\/Noticias\\\/\"},{\"@type\":\"ListItem\",\"position\":3,\"name\":\"Fondecyt Regular de investigadora del Centro C+ de Ingenier\u00eda entrega resultados sobre la situaci\u00f3n medioambiental en Chile\u00a0\u00a0\"}]},{\"@type\":\"WebSite\",\"@id\":\"https:\\\/\\\/cmas.udd.cl\\\/#website\",\"url\":\"https:\\\/\\\/cmas.udd.cl\\\/\",\"name\":\"C+\",\"description\":\"Centro Investigaci\u00f3n enTecnolog\u00edas para la Sociedad\",\"publisher\":{\"@id\":\"https:\\\/\\\/cmas.udd.cl\\\/#organization\"},\"potentialAction\":[{\"@type\":\"SearchAction\",\"target\":{\"@type\":\"EntryPoint\",\"urlTemplate\":\"https:\\\/\\\/cmas.udd.cl\\\/?s={search_term_string}\"},\"query-input\":{\"@type\":\"PropertyValueSpecification\",\"valueRequired\":true,\"valueName\":\"search_term_string\"}}],\"inLanguage\":\"en-US\"},{\"@type\":\"Organization\",\"@id\":\"https:\\\/\\\/cmas.udd.cl\\\/#organization\",\"name\":\"C+\",\"url\":\"https:\\\/\\\/cmas.udd.cl\\\/\",\"logo\":{\"@type\":\"ImageObject\",\"inLanguage\":\"en-US\",\"@id\":\"https:\\\/\\\/cmas.udd.cl\\\/#\\\/schema\\\/logo\\\/image\\\/\",\"url\":\"https:\\\/\\\/cmas.udd.cl\\\/wp-content\\\/uploads\\\/2023\\\/05\\\/Logo-compuesto-UDD-Cmas.png\",\"contentUrl\":\"https:\\\/\\\/cmas.udd.cl\\\/wp-content\\\/uploads\\\/2023\\\/05\\\/Logo-compuesto-UDD-Cmas.png\",\"width\":695,\"height\":72,\"caption\":\"C+\"},\"image\":{\"@id\":\"https:\\\/\\\/cmas.udd.cl\\\/#\\\/schema\\\/logo\\\/image\\\/\"}}]}<\/script>\n<!-- \/ Yoast SEO plugin. -->","yoast_head_json":{"title":"Fondecyt Regular de investigadora del Centro C+ de Ingenier\u00eda entrega resultados sobre la situaci\u00f3n medioambiental en Chile\u00a0\u00a0 - C+","robots":{"index":"index","follow":"follow","max-snippet":"max-snippet:-1","max-image-preview":"max-image-preview:large","max-video-preview":"max-video-preview:-1"},"canonical":"https:\/\/cmas.udd.cl\/en\/noticia\/fondecyt-regular-de-investigadora-del-centro-c-de-ingenieria-entrega-resultados-sobre-la-situacion-medioambiental-en-chile-migrado\/","og_locale":"en_US","og_type":"article","og_title":"Fondecyt Regular de investigadora del Centro C+ de Ingenier\u00eda entrega resultados sobre la situaci\u00f3n medioambiental en Chile\u00a0\u00a0 - C+","og_description":"La investigadora del Grupo EnviroHealth Dynamics del Centro C+ de la Facultad de Ingenier\u00eda, Dr. Zoe Fleming, finaliz\u00f3 su proyecto Fondecyt Regular titulado \u201cIntegrated assessment of air pollution in geographies of Chile\u201d, el cual ten\u00eda como objetivo medir la contaminaci\u00f3n atmosf\u00e9rica en diferentes geograf\u00edas de Chile, mediante mediciones en terreno y t\u00e9cnicas innovadoras.\u00a0\u00a0 \u00a0 La [&hellip;]","og_url":"https:\/\/cmas.udd.cl\/en\/noticia\/fondecyt-regular-de-investigadora-del-centro-c-de-ingenieria-entrega-resultados-sobre-la-situacion-medioambiental-en-chile-migrado\/","og_site_name":"C+","article_modified_time":"2025-07-24T17:17:10+00:00","og_image":[{"width":1600,"height":1064,"url":"https:\/\/cmas.udd.cl\/wp-content\/uploads\/2025\/06\/WhatsApp-Image-2025-06-25-at-10.44.01-1.jpeg","type":"image\/jpeg"}],"twitter_card":"summary_large_image","twitter_misc":{"Est. reading time":"2 minutes"},"schema":{"@context":"https:\/\/schema.org","@graph":[{"@type":"WebPage","@id":"https:\/\/cmas.udd.cl\/noticia\/fondecyt-regular-de-investigadora-del-centro-c-de-ingenieria-entrega-resultados-sobre-la-situacion-medioambiental-en-chile-migrado\/","url":"https:\/\/cmas.udd.cl\/noticia\/fondecyt-regular-de-investigadora-del-centro-c-de-ingenieria-entrega-resultados-sobre-la-situacion-medioambiental-en-chile-migrado\/","name":"Fondecyt Regular de investigadora del Centro C+ de Ingenier\u00eda entrega resultados sobre la situaci\u00f3n medioambiental en Chile\u00a0\u00a0 - C+","isPartOf":{"@id":"https:\/\/cmas.udd.cl\/#website"},"primaryImageOfPage":{"@id":"https:\/\/cmas.udd.cl\/noticia\/fondecyt-regular-de-investigadora-del-centro-c-de-ingenieria-entrega-resultados-sobre-la-situacion-medioambiental-en-chile-migrado\/#primaryimage"},"image":{"@id":"https:\/\/cmas.udd.cl\/noticia\/fondecyt-regular-de-investigadora-del-centro-c-de-ingenieria-entrega-resultados-sobre-la-situacion-medioambiental-en-chile-migrado\/#primaryimage"},"thumbnailUrl":"https:\/\/cmas.udd.cl\/wp-content\/uploads\/2025\/06\/WhatsApp-Image-2025-06-25-at-10.44.01-1.jpeg","datePublished":"2025-06-26T20:26:13+00:00","dateModified":"2025-07-24T17:17:10+00:00","breadcrumb":{"@id":"https:\/\/cmas.udd.cl\/noticia\/fondecyt-regular-de-investigadora-del-centro-c-de-ingenieria-entrega-resultados-sobre-la-situacion-medioambiental-en-chile-migrado\/#breadcrumb"},"inLanguage":"en-US","potentialAction":[{"@type":"ReadAction","target":["https:\/\/cmas.udd.cl\/noticia\/fondecyt-regular-de-investigadora-del-centro-c-de-ingenieria-entrega-resultados-sobre-la-situacion-medioambiental-en-chile-migrado\/"]}]},{"@type":"ImageObject","inLanguage":"en-US","@id":"https:\/\/cmas.udd.cl\/noticia\/fondecyt-regular-de-investigadora-del-centro-c-de-ingenieria-entrega-resultados-sobre-la-situacion-medioambiental-en-chile-migrado\/#primaryimage","url":"https:\/\/cmas.udd.cl\/wp-content\/uploads\/2025\/06\/WhatsApp-Image-2025-06-25-at-10.44.01-1.jpeg","contentUrl":"https:\/\/cmas.udd.cl\/wp-content\/uploads\/2025\/06\/WhatsApp-Image-2025-06-25-at-10.44.01-1.jpeg","width":1600,"height":1064},{"@type":"BreadcrumbList","@id":"https:\/\/cmas.udd.cl\/noticia\/fondecyt-regular-de-investigadora-del-centro-c-de-ingenieria-entrega-resultados-sobre-la-situacion-medioambiental-en-chile-migrado\/#breadcrumb","itemListElement":[{"@type":"ListItem","position":1,"name":"Home","item":"https:\/\/cmas.udd.cl\/"},{"@type":"ListItem","position":2,"name":"Noticias","item":"https:\/\/cmas.udd.cl\/Noticias\/"},{"@type":"ListItem","position":3,"name":"Fondecyt Regular de investigadora del Centro C+ de Ingenier\u00eda entrega resultados sobre la situaci\u00f3n medioambiental en Chile\u00a0\u00a0"}]},{"@type":"WebSite","@id":"https:\/\/cmas.udd.cl\/#website","url":"https:\/\/cmas.udd.cl\/","name":"C+","description":"Centro Investigaci\u00f3n enTecnolog\u00edas para la Sociedad","publisher":{"@id":"https:\/\/cmas.udd.cl\/#organization"},"potentialAction":[{"@type":"SearchAction","target":{"@type":"EntryPoint","urlTemplate":"https:\/\/cmas.udd.cl\/?s={search_term_string}"},"query-input":{"@type":"PropertyValueSpecification","valueRequired":true,"valueName":"search_term_string"}}],"inLanguage":"en-US"},{"@type":"Organization","@id":"https:\/\/cmas.udd.cl\/#organization","name":"C+","url":"https:\/\/cmas.udd.cl\/","logo":{"@type":"ImageObject","inLanguage":"en-US","@id":"https:\/\/cmas.udd.cl\/#\/schema\/logo\/image\/","url":"https:\/\/cmas.udd.cl\/wp-content\/uploads\/2023\/05\/Logo-compuesto-UDD-Cmas.png","contentUrl":"https:\/\/cmas.udd.cl\/wp-content\/uploads\/2023\/05\/Logo-compuesto-UDD-Cmas.png","width":695,"height":72,"caption":"C+"},"image":{"@id":"https:\/\/cmas.udd.cl\/#\/schema\/logo\/image\/"}}]}},"_links":{"self":[{"href":"https:\/\/cmas.udd.cl\/en\/wp-json\/wp\/v2\/noticia\/5925","targetHints":{"allow":["GET"]}}],"collection":[{"href":"https:\/\/cmas.udd.cl\/en\/wp-json\/wp\/v2\/noticia"}],"about":[{"href":"https:\/\/cmas.udd.cl\/en\/wp-json\/wp\/v2\/types\/noticia"}],"version-history":[{"count":1,"href":"https:\/\/cmas.udd.cl\/en\/wp-json\/wp\/v2\/noticia\/5925\/revisions"}],"predecessor-version":[{"id":6350,"href":"https:\/\/cmas.udd.cl\/en\/wp-json\/wp\/v2\/noticia\/5925\/revisions\/6350"}],"wp:featuredmedia":[{"embeddable":true,"href":"https:\/\/cmas.udd.cl\/en\/wp-json\/wp\/v2\/media\/5726"}],"wp:attachment":[{"href":"https:\/\/cmas.udd.cl\/en\/wp-json\/wp\/v2\/media?parent=5925"}],"wp:term":[{"taxonomy":"filtro-de-portada","embeddable":true,"href":"https:\/\/cmas.udd.cl\/en\/wp-json\/wp\/v2\/filtro-de-portada?post=5925"},{"taxonomy":"grupo-de-investigacion","embeddable":true,"href":"https:\/\/cmas.udd.cl\/en\/wp-json\/wp\/v2\/grupo-de-investigacion?post=5925"},{"taxonomy":"tipo-de-contenido","embeddable":true,"href":"https:\/\/cmas.udd.cl\/en\/wp-json\/wp\/v2\/tipo-de-contenido?post=5925"}],"curies":[{"name":"wp","href":"https:\/\/api.w.org\/{rel}","templated":true}]}}