{"id":5923,"date":"2025-06-23T16:26:15","date_gmt":"2025-06-23T16:26:15","guid":{"rendered":"https:\/\/cmas.udd.cl\/?post_type=noticia&#038;p=5684"},"modified":"2025-07-24T17:20:25","modified_gmt":"2025-07-24T17:20:25","slug":"nasa-y-centro-c-udd-se-unen-para-predecir-la-calidad-del-aire-en-la-region-del-maule-migrado","status":"publish","type":"noticia","link":"https:\/\/cmas.udd.cl\/en\/noticia\/nasa-y-centro-c-udd-se-unen-para-predecir-la-calidad-del-aire-en-la-region-del-maule-migrado\/","title":{"rendered":"NASA y Centro C+ UDD se unen para predecir la calidad del aire en la regi\u00f3n del Maule\u00a0"},"content":{"rendered":"<p><\/p>\n<p>Un innovador estudio liderado por un equipo de la NASA y en colaboraci\u00f3n con el Centro de Investigaci\u00f3n en Tecnolog\u00edas para la Sociedad (C+) de la Facultad de Ingenier\u00eda permitir\u00e1 contar con estimaciones y pron\u00f3sticos de la calidad del aire y niveles de contaminaci\u00f3n usando datos satelitales.&nbsp;&nbsp;<\/p><p><br><\/p>\n<p><\/p>\n<p><\/p>\n<p>La iniciativa, que lleva el nombre de \u201cScaling Data Fusion Tools to Support Local Air Quality Managers in Latin America\u201d liderado por el Dr. Carl Malings, cient\u00edfico asistente de investigaci\u00f3n de la NASA, se puso en marcha luego de que la regi\u00f3n del Maule fuera seleccionada como una de las zonas piloto para el proyecto internacional, que contar\u00e1 adem\u00e1s con el apoyo del Gobierno Regional del Maule y la Municipalidad de Talca.&nbsp;<\/p><p>&nbsp;<\/p>\n<p><\/p>\n<p><\/p>\n<figure><img decoding=\"async\" src=\"https:\/\/cmas.udd.cl\/wp-content\/uploads\/2025\/06\/WhatsApp-Image-2025-06-23-at-12.17.39-1024x819.jpeg\" alt=\"\"><\/figure>\n<p><\/p>\n<p>El proyecto, que emplear\u00e1 datos satelitales, modelos globales y mediciones locales, permitir\u00e1 contar con pron\u00f3sticos horarios de contaminantes del aire como&nbsp;material particulado fino (PM2.5),&nbsp;di\u00f3xido de nitr\u00f3geno (NO2)&nbsp;y&nbsp;ozono (O3)&nbsp;y a futuro poder vincularlo con impactos en salud.&nbsp;&nbsp;&nbsp;<\/p>\n<p><\/p>\n<p><\/p>\n<p><\/p>\n<p><br><\/p>\n<p>\u201cEste proyecto pondr\u00e1 a la regi\u00f3n del Maule en el mapa internacional del monitoreo atmosf\u00e9rico, combinando tecnolog\u00eda satelital de NASA con datos locales para proteger la salud de nuestras comunidades\u201d, se\u00f1ala Sebasti\u00e1n Diez, miembro del Centro C+ de Ingenier\u00eda UDD e investigador cargo del proyecto en Chile.&nbsp;<\/p>\n<p><br><\/p>\n<p><\/p>\n<p><\/p>\n<p>El investigador adem\u00e1s agreg\u00f3 que la iniciativa no solo fortalecer\u00e1 la capacidad local para abordar la contaminaci\u00f3n atmosf\u00e9rica, sino que tambi\u00e9n se permitir\u00e1 tomar decisiones con datos y preparar el camino para estudios epidemiol\u00f3gicos sobre los efectos en la salud de la poblaci\u00f3n.<\/p>\n<p><br><\/p>\n<p>Seg\u00fan informes&nbsp;del Ministerio del Medio Ambiente, algunas comunas de la regi\u00f3n del Maule&nbsp;han enfrentado episodios cr\u00edticos de mala calidad del aire, a ra\u00edz&nbsp;de la contaminaci\u00f3n por calefacci\u00f3n domiciliaria y el aumento de material particulado. &nbsp;<\/p>\n<p><br><\/p>\n<p><\/p>\n<p><\/p>\n<p>Por \u00faltimo, para Vicente Lorca, subdirector de Innovaci\u00f3n Ingenier\u00eda UDD e investigador que estar\u00e1 a cargo en la ciudad de Talca, el proyecto \u201cpuede ser un puntapi\u00e9 inicial para un proyecto m\u00e1s grande en nuestra regi\u00f3n, que mezcle salud, datos y medioambiente a trav\u00e9s de la tecnolog\u00eda&#8221;.&nbsp;&nbsp;<\/p>\n<p><br><\/p>\n<p><\/p>\n<p><\/p>\n<figure><img decoding=\"async\" src=\"https:\/\/cmas.udd.cl\/wp-content\/uploads\/2025\/06\/WhatsApp-Image-2025-06-23-at-12.20.16-1024x576.jpeg\" alt=\"\"><\/figure>\n<p><\/p>","protected":false},"excerpt":{"rendered":"<p>Un innovador estudio liderado por un equipo de la NASA y en colaboraci\u00f3n con el Centro de Investigaci\u00f3n en Tecnolog\u00edas para la Sociedad (C+) de la Facultad de Ingenier\u00eda permitir\u00e1 contar con estimaciones y pron\u00f3sticos de la calidad del aire y niveles de contaminaci\u00f3n usando datos satelitales.&nbsp;&nbsp; La iniciativa, que lleva el nombre de \u201cScaling [&hellip;]<\/p>\n","protected":false},"featured_media":5686,"template":"","meta":{"_acf_changed":false},"filtro-de-portada":[115],"grupo-de-investigacion":[103],"tipo-de-contenido":[],"class_list":["post-5923","noticia","type-noticia","status-publish","has-post-thumbnail","hentry","filtro-de-portada-noticiabasica","grupo-de-investigacion-enviro_health"],"acf":[],"yoast_head":"<!-- This site is optimized with the Yoast SEO plugin v27.3 - https:\/\/yoast.com\/product\/yoast-seo-wordpress\/ -->\n<title>NASA y Centro C+ UDD se unen para predecir la calidad del aire en la regi\u00f3n del Maule\u00a0 - C+<\/title>\n<meta name=\"robots\" content=\"index, follow, max-snippet:-1, max-image-preview:large, max-video-preview:-1\" \/>\n<link rel=\"canonical\" href=\"https:\/\/cmas.udd.cl\/en\/noticia\/nasa-y-centro-c-udd-se-unen-para-predecir-la-calidad-del-aire-en-la-region-del-maule-migrado\/\" \/>\n<meta property=\"og:locale\" content=\"en_US\" \/>\n<meta property=\"og:type\" content=\"article\" \/>\n<meta property=\"og:title\" content=\"NASA y Centro C+ UDD se unen para predecir la calidad del aire en la regi\u00f3n del Maule\u00a0 - C+\" \/>\n<meta property=\"og:description\" content=\"Un innovador estudio liderado por un equipo de la NASA y en colaboraci\u00f3n con el Centro de Investigaci\u00f3n en Tecnolog\u00edas para la Sociedad (C+) de la Facultad de Ingenier\u00eda permitir\u00e1 contar con estimaciones y pron\u00f3sticos de la calidad del aire y niveles de contaminaci\u00f3n usando datos satelitales.&nbsp;&nbsp; La iniciativa, que lleva el nombre de \u201cScaling [&hellip;]\" \/>\n<meta property=\"og:url\" content=\"https:\/\/cmas.udd.cl\/en\/noticia\/nasa-y-centro-c-udd-se-unen-para-predecir-la-calidad-del-aire-en-la-region-del-maule-migrado\/\" \/>\n<meta property=\"og:site_name\" content=\"C+\" \/>\n<meta property=\"article:modified_time\" content=\"2025-07-24T17:20:25+00:00\" \/>\n<meta property=\"og:image\" content=\"https:\/\/cmas.udd.cl\/wp-content\/uploads\/2025\/06\/WhatsApp-Image-2025-06-23-at-12.20.16.jpeg\" \/>\n\t<meta property=\"og:image:width\" content=\"1200\" \/>\n\t<meta property=\"og:image:height\" content=\"675\" \/>\n\t<meta property=\"og:image:type\" content=\"image\/jpeg\" \/>\n<meta name=\"twitter:card\" content=\"summary_large_image\" \/>\n<meta name=\"twitter:label1\" content=\"Est. reading time\" \/>\n\t<meta name=\"twitter:data1\" content=\"2 minutes\" \/>\n<script type=\"application\/ld+json\" class=\"yoast-schema-graph\">{\"@context\":\"https:\\\/\\\/schema.org\",\"@graph\":[{\"@type\":\"WebPage\",\"@id\":\"https:\\\/\\\/cmas.udd.cl\\\/noticia\\\/nasa-y-centro-c-udd-se-unen-para-predecir-la-calidad-del-aire-en-la-region-del-maule-migrado\\\/\",\"url\":\"https:\\\/\\\/cmas.udd.cl\\\/noticia\\\/nasa-y-centro-c-udd-se-unen-para-predecir-la-calidad-del-aire-en-la-region-del-maule-migrado\\\/\",\"name\":\"NASA y Centro C+ UDD se unen para predecir la calidad del aire en la regi\u00f3n del Maule\u00a0 - C+\",\"isPartOf\":{\"@id\":\"https:\\\/\\\/cmas.udd.cl\\\/#website\"},\"primaryImageOfPage\":{\"@id\":\"https:\\\/\\\/cmas.udd.cl\\\/noticia\\\/nasa-y-centro-c-udd-se-unen-para-predecir-la-calidad-del-aire-en-la-region-del-maule-migrado\\\/#primaryimage\"},\"image\":{\"@id\":\"https:\\\/\\\/cmas.udd.cl\\\/noticia\\\/nasa-y-centro-c-udd-se-unen-para-predecir-la-calidad-del-aire-en-la-region-del-maule-migrado\\\/#primaryimage\"},\"thumbnailUrl\":\"https:\\\/\\\/cmas.udd.cl\\\/wp-content\\\/uploads\\\/2025\\\/06\\\/WhatsApp-Image-2025-06-23-at-12.20.16.jpeg\",\"datePublished\":\"2025-06-23T16:26:15+00:00\",\"dateModified\":\"2025-07-24T17:20:25+00:00\",\"breadcrumb\":{\"@id\":\"https:\\\/\\\/cmas.udd.cl\\\/noticia\\\/nasa-y-centro-c-udd-se-unen-para-predecir-la-calidad-del-aire-en-la-region-del-maule-migrado\\\/#breadcrumb\"},\"inLanguage\":\"en-US\",\"potentialAction\":[{\"@type\":\"ReadAction\",\"target\":[\"https:\\\/\\\/cmas.udd.cl\\\/noticia\\\/nasa-y-centro-c-udd-se-unen-para-predecir-la-calidad-del-aire-en-la-region-del-maule-migrado\\\/\"]}]},{\"@type\":\"ImageObject\",\"inLanguage\":\"en-US\",\"@id\":\"https:\\\/\\\/cmas.udd.cl\\\/noticia\\\/nasa-y-centro-c-udd-se-unen-para-predecir-la-calidad-del-aire-en-la-region-del-maule-migrado\\\/#primaryimage\",\"url\":\"https:\\\/\\\/cmas.udd.cl\\\/wp-content\\\/uploads\\\/2025\\\/06\\\/WhatsApp-Image-2025-06-23-at-12.20.16.jpeg\",\"contentUrl\":\"https:\\\/\\\/cmas.udd.cl\\\/wp-content\\\/uploads\\\/2025\\\/06\\\/WhatsApp-Image-2025-06-23-at-12.20.16.jpeg\",\"width\":1200,\"height\":675},{\"@type\":\"BreadcrumbList\",\"@id\":\"https:\\\/\\\/cmas.udd.cl\\\/noticia\\\/nasa-y-centro-c-udd-se-unen-para-predecir-la-calidad-del-aire-en-la-region-del-maule-migrado\\\/#breadcrumb\",\"itemListElement\":[{\"@type\":\"ListItem\",\"position\":1,\"name\":\"Home\",\"item\":\"https:\\\/\\\/cmas.udd.cl\\\/\"},{\"@type\":\"ListItem\",\"position\":2,\"name\":\"Noticias\",\"item\":\"https:\\\/\\\/cmas.udd.cl\\\/Noticias\\\/\"},{\"@type\":\"ListItem\",\"position\":3,\"name\":\"NASA y Centro C+ UDD se unen para predecir la calidad del aire en la regi\u00f3n del Maule\u00a0\"}]},{\"@type\":\"WebSite\",\"@id\":\"https:\\\/\\\/cmas.udd.cl\\\/#website\",\"url\":\"https:\\\/\\\/cmas.udd.cl\\\/\",\"name\":\"C+\",\"description\":\"Centro Investigaci\u00f3n enTecnolog\u00edas para la Sociedad\",\"publisher\":{\"@id\":\"https:\\\/\\\/cmas.udd.cl\\\/#organization\"},\"potentialAction\":[{\"@type\":\"SearchAction\",\"target\":{\"@type\":\"EntryPoint\",\"urlTemplate\":\"https:\\\/\\\/cmas.udd.cl\\\/?s={search_term_string}\"},\"query-input\":{\"@type\":\"PropertyValueSpecification\",\"valueRequired\":true,\"valueName\":\"search_term_string\"}}],\"inLanguage\":\"en-US\"},{\"@type\":\"Organization\",\"@id\":\"https:\\\/\\\/cmas.udd.cl\\\/#organization\",\"name\":\"C+\",\"url\":\"https:\\\/\\\/cmas.udd.cl\\\/\",\"logo\":{\"@type\":\"ImageObject\",\"inLanguage\":\"en-US\",\"@id\":\"https:\\\/\\\/cmas.udd.cl\\\/#\\\/schema\\\/logo\\\/image\\\/\",\"url\":\"https:\\\/\\\/cmas.udd.cl\\\/wp-content\\\/uploads\\\/2023\\\/05\\\/Logo-compuesto-UDD-Cmas.png\",\"contentUrl\":\"https:\\\/\\\/cmas.udd.cl\\\/wp-content\\\/uploads\\\/2023\\\/05\\\/Logo-compuesto-UDD-Cmas.png\",\"width\":695,\"height\":72,\"caption\":\"C+\"},\"image\":{\"@id\":\"https:\\\/\\\/cmas.udd.cl\\\/#\\\/schema\\\/logo\\\/image\\\/\"}}]}<\/script>\n<!-- \/ Yoast SEO plugin. -->","yoast_head_json":{"title":"NASA y Centro C+ UDD se unen para predecir la calidad del aire en la regi\u00f3n del Maule\u00a0 - C+","robots":{"index":"index","follow":"follow","max-snippet":"max-snippet:-1","max-image-preview":"max-image-preview:large","max-video-preview":"max-video-preview:-1"},"canonical":"https:\/\/cmas.udd.cl\/en\/noticia\/nasa-y-centro-c-udd-se-unen-para-predecir-la-calidad-del-aire-en-la-region-del-maule-migrado\/","og_locale":"en_US","og_type":"article","og_title":"NASA y Centro C+ UDD se unen para predecir la calidad del aire en la regi\u00f3n del Maule\u00a0 - C+","og_description":"Un innovador estudio liderado por un equipo de la NASA y en colaboraci\u00f3n con el Centro de Investigaci\u00f3n en Tecnolog\u00edas para la Sociedad (C+) de la Facultad de Ingenier\u00eda permitir\u00e1 contar con estimaciones y pron\u00f3sticos de la calidad del aire y niveles de contaminaci\u00f3n usando datos satelitales.&nbsp;&nbsp; La iniciativa, que lleva el nombre de \u201cScaling [&hellip;]","og_url":"https:\/\/cmas.udd.cl\/en\/noticia\/nasa-y-centro-c-udd-se-unen-para-predecir-la-calidad-del-aire-en-la-region-del-maule-migrado\/","og_site_name":"C+","article_modified_time":"2025-07-24T17:20:25+00:00","og_image":[{"width":1200,"height":675,"url":"https:\/\/cmas.udd.cl\/wp-content\/uploads\/2025\/06\/WhatsApp-Image-2025-06-23-at-12.20.16.jpeg","type":"image\/jpeg"}],"twitter_card":"summary_large_image","twitter_misc":{"Est. reading time":"2 minutes"},"schema":{"@context":"https:\/\/schema.org","@graph":[{"@type":"WebPage","@id":"https:\/\/cmas.udd.cl\/noticia\/nasa-y-centro-c-udd-se-unen-para-predecir-la-calidad-del-aire-en-la-region-del-maule-migrado\/","url":"https:\/\/cmas.udd.cl\/noticia\/nasa-y-centro-c-udd-se-unen-para-predecir-la-calidad-del-aire-en-la-region-del-maule-migrado\/","name":"NASA y Centro C+ UDD se unen para predecir la calidad del aire en la regi\u00f3n del Maule\u00a0 - C+","isPartOf":{"@id":"https:\/\/cmas.udd.cl\/#website"},"primaryImageOfPage":{"@id":"https:\/\/cmas.udd.cl\/noticia\/nasa-y-centro-c-udd-se-unen-para-predecir-la-calidad-del-aire-en-la-region-del-maule-migrado\/#primaryimage"},"image":{"@id":"https:\/\/cmas.udd.cl\/noticia\/nasa-y-centro-c-udd-se-unen-para-predecir-la-calidad-del-aire-en-la-region-del-maule-migrado\/#primaryimage"},"thumbnailUrl":"https:\/\/cmas.udd.cl\/wp-content\/uploads\/2025\/06\/WhatsApp-Image-2025-06-23-at-12.20.16.jpeg","datePublished":"2025-06-23T16:26:15+00:00","dateModified":"2025-07-24T17:20:25+00:00","breadcrumb":{"@id":"https:\/\/cmas.udd.cl\/noticia\/nasa-y-centro-c-udd-se-unen-para-predecir-la-calidad-del-aire-en-la-region-del-maule-migrado\/#breadcrumb"},"inLanguage":"en-US","potentialAction":[{"@type":"ReadAction","target":["https:\/\/cmas.udd.cl\/noticia\/nasa-y-centro-c-udd-se-unen-para-predecir-la-calidad-del-aire-en-la-region-del-maule-migrado\/"]}]},{"@type":"ImageObject","inLanguage":"en-US","@id":"https:\/\/cmas.udd.cl\/noticia\/nasa-y-centro-c-udd-se-unen-para-predecir-la-calidad-del-aire-en-la-region-del-maule-migrado\/#primaryimage","url":"https:\/\/cmas.udd.cl\/wp-content\/uploads\/2025\/06\/WhatsApp-Image-2025-06-23-at-12.20.16.jpeg","contentUrl":"https:\/\/cmas.udd.cl\/wp-content\/uploads\/2025\/06\/WhatsApp-Image-2025-06-23-at-12.20.16.jpeg","width":1200,"height":675},{"@type":"BreadcrumbList","@id":"https:\/\/cmas.udd.cl\/noticia\/nasa-y-centro-c-udd-se-unen-para-predecir-la-calidad-del-aire-en-la-region-del-maule-migrado\/#breadcrumb","itemListElement":[{"@type":"ListItem","position":1,"name":"Home","item":"https:\/\/cmas.udd.cl\/"},{"@type":"ListItem","position":2,"name":"Noticias","item":"https:\/\/cmas.udd.cl\/Noticias\/"},{"@type":"ListItem","position":3,"name":"NASA y Centro C+ UDD se unen para predecir la calidad del aire en la regi\u00f3n del Maule\u00a0"}]},{"@type":"WebSite","@id":"https:\/\/cmas.udd.cl\/#website","url":"https:\/\/cmas.udd.cl\/","name":"C+","description":"Centro Investigaci\u00f3n enTecnolog\u00edas para la Sociedad","publisher":{"@id":"https:\/\/cmas.udd.cl\/#organization"},"potentialAction":[{"@type":"SearchAction","target":{"@type":"EntryPoint","urlTemplate":"https:\/\/cmas.udd.cl\/?s={search_term_string}"},"query-input":{"@type":"PropertyValueSpecification","valueRequired":true,"valueName":"search_term_string"}}],"inLanguage":"en-US"},{"@type":"Organization","@id":"https:\/\/cmas.udd.cl\/#organization","name":"C+","url":"https:\/\/cmas.udd.cl\/","logo":{"@type":"ImageObject","inLanguage":"en-US","@id":"https:\/\/cmas.udd.cl\/#\/schema\/logo\/image\/","url":"https:\/\/cmas.udd.cl\/wp-content\/uploads\/2023\/05\/Logo-compuesto-UDD-Cmas.png","contentUrl":"https:\/\/cmas.udd.cl\/wp-content\/uploads\/2023\/05\/Logo-compuesto-UDD-Cmas.png","width":695,"height":72,"caption":"C+"},"image":{"@id":"https:\/\/cmas.udd.cl\/#\/schema\/logo\/image\/"}}]}},"_links":{"self":[{"href":"https:\/\/cmas.udd.cl\/en\/wp-json\/wp\/v2\/noticia\/5923","targetHints":{"allow":["GET"]}}],"collection":[{"href":"https:\/\/cmas.udd.cl\/en\/wp-json\/wp\/v2\/noticia"}],"about":[{"href":"https:\/\/cmas.udd.cl\/en\/wp-json\/wp\/v2\/types\/noticia"}],"version-history":[{"count":1,"href":"https:\/\/cmas.udd.cl\/en\/wp-json\/wp\/v2\/noticia\/5923\/revisions"}],"predecessor-version":[{"id":6351,"href":"https:\/\/cmas.udd.cl\/en\/wp-json\/wp\/v2\/noticia\/5923\/revisions\/6351"}],"wp:featuredmedia":[{"embeddable":true,"href":"https:\/\/cmas.udd.cl\/en\/wp-json\/wp\/v2\/media\/5686"}],"wp:attachment":[{"href":"https:\/\/cmas.udd.cl\/en\/wp-json\/wp\/v2\/media?parent=5923"}],"wp:term":[{"taxonomy":"filtro-de-portada","embeddable":true,"href":"https:\/\/cmas.udd.cl\/en\/wp-json\/wp\/v2\/filtro-de-portada?post=5923"},{"taxonomy":"grupo-de-investigacion","embeddable":true,"href":"https:\/\/cmas.udd.cl\/en\/wp-json\/wp\/v2\/grupo-de-investigacion?post=5923"},{"taxonomy":"tipo-de-contenido","embeddable":true,"href":"https:\/\/cmas.udd.cl\/en\/wp-json\/wp\/v2\/tipo-de-contenido?post=5923"}],"curies":[{"name":"wp","href":"https:\/\/api.w.org\/{rel}","templated":true}]}}