{"id":5921,"date":"2025-06-19T16:03:25","date_gmt":"2025-06-19T16:03:25","guid":{"rendered":"https:\/\/cmas.udd.cl\/?post_type=noticia&#038;p=5667"},"modified":"2025-07-02T00:08:35","modified_gmt":"2025-07-02T00:08:35","slug":"investigacion-revela-nivel-de-contaminacion-y-calidad-del-aire-en-chile-durante-los-ultimos-30-anos-migrado","status":"publish","type":"noticia","link":"https:\/\/cmas.udd.cl\/en\/noticia\/investigacion-revela-nivel-de-contaminacion-y-calidad-del-aire-en-chile-durante-los-ultimos-30-anos-migrado\/","title":{"rendered":"Investigaci\u00f3n revela nivel de contaminaci\u00f3n y calidad del aire en Chile durante los \u00faltimos 30 a\u00f1os\u00a0\u00a0"},"content":{"rendered":"<p>Un nuevo <strong><a href=\"https:\/\/www.mdpi.com\/2073-4433\/16\/6\/733\">estudio<\/a><\/strong> publicado revela que la gran mayor\u00eda de las mediciones ambientales se centran en las concentraciones de Material Particulado (MP2.5) y di\u00f3xido de azufre, y, que muchas de las estaciones de medici\u00f3n se ubican en la zona central del pa\u00eds.\u00a0\u00a0<\/p>\n<p>\u00a0<\/p>\n\n<p>La investigaci\u00f3n, llamada <strong><a href=\"https:\/\/www.mdpi.com\/2073-4433\/16\/6\/733\">\u201cCurrent Status, Trends and Future Directions in Chilean Air Quality: A Data-Driven Perspective\u201d<\/a><\/strong>, es impulsada por un equipo interdisciplinario compuesto por investigadores del Centro de Investigaci\u00f3n en Tecnolog\u00edas para la Sociedad (C+) de la Facultad de Ingenier\u00eda UDD, el Ministerio del Medio Ambiente y de la Universidad de Chile, quienes realizaron un an\u00e1lisis de los datos hist\u00f3ricos de calidad del aire en Chile guardados en el Sistema Nacional de Informaci\u00f3n de Calidad del Aire (SINCA).\u00a0\u00a0<\/p>\n<p>\u00a0<\/p>\n\n<p>A lo largo del estudio, se da a conocer que nuestro pa\u00eds cuenta con m\u00e1s de 200 estaciones de monitoreo que miden, registran y muestran informaci\u00f3n sobre los niveles de contaminaci\u00f3n, lo que permiti\u00f3 evaluar la integridad de los registros y las tendencias actuales sobre diferentes contaminantes a lo largo del pa\u00eds.\u00a0\u00a0<\/p>\n<p>\u00a0<\/p>\n\n<figure><img decoding=\"async\" src=\"https:\/\/cmas.udd.cl\/wp-content\/uploads\/2025\/06\/WhatsApp-Image-2025-06-19-at-11.45.54-1024x768.jpeg\" alt=\"\" \/><\/figure>\n\n<p>La investigaci\u00f3n se enfoc\u00f3 en analizar los contaminantes de aire que tienen normas en Chile, como Mon\u00f3xido de Carbono (CO), Ozono (O3), Di\u00f3xido de Nitr\u00f3geno (NO2), Di\u00f3xido de azufre (SO2) y MP2,5 y MP10, con el fin de evaluar la robustez de los registros horarios, y comparar las magnitudes de diferentes a\u00f1os en diferentes escalas temporales (valores diarios, mensuales o anuales).\u00a0\u00a0<\/p>\n<p>\u00a0<\/p>\n\n\n<p>Dado la extensi\u00f3n de Chile y, por lo tanto, sus diferentes y particulares caracter\u00edsticas, los registros fueron evaluados seg\u00fan las diferentes macrozonas de pa\u00eds, con el objetivo de observar las caracter\u00edsticas y los cambios en la calidad del aire a nivel regional de manera m\u00e1s detallada.\u00a0\u00a0<\/p>\n<p>\u00a0<\/p>\n\n<p>\u201cMuchos de los estudios previos enfocaron en zonas espec\u00edficas de Chile c\u00f3mo Santiago, Calama, Coyhaique, Temuco y muchos en la zona centro y centro sur por ver el efecto de la quema de le\u00f1a\u201d, sostuvo Zo\u00eb Fleming, investigadora del Centro C+ de la Facultad de Ingenier\u00eda UDD en relaci\u00f3n a la agrupaci\u00f3n de las zonas, agregando, adem\u00e1s, que cada sector necesita enfiar nuevas maneras de mejorar la calidad del aire.\u00a0\u00a0<\/p>\n<p>\u00a0<\/p>\n\n<p>\u201cSi bien los registros del Ministerio del Medio Ambiente est\u00e1n disponibles a todo el p\u00fablico, estos no hab\u00edan sido evaluados de manera comprensiva en su totalidad. Esta evaluaci\u00f3n no solo permite tener una idea de los niveles de contaminaci\u00f3n hist\u00f3ricos y actuales del pa\u00eds, sino que permite evaluar los cambios que han provocado las pol\u00edticas del pa\u00eds en los niveles de contaminaci\u00f3n. Adem\u00e1s, este estudio pone a disposici\u00f3n todas las bases de datos utilizadas para futuras investigaciones que las requieran, un registro de m\u00e1s de 1500 registros horarios desde 1993 hasta 2024\u201d, sostuvo Kevin Basoa, Coordinador del Sistema Nacional de Inventarios de GEI del Ministerio del Medio Ambiente.\u00a0\u00a0<\/p>\n<p>\u00a0<\/p>\n\n<p>Como conclusi\u00f3n, el estudio demuestra que Chile cuenta con una extensa red de monitoreo, la que resalta por sobre todos los otros pa\u00edses de la regi\u00f3n. La informaci\u00f3n que se registra y se dispone en el Sistema de Informaci\u00f3n Nacional de Calidad del Aire del Ministerio del Medio Ambiente brinda una oportunidad \u00fanica para evaluar el avance en pol\u00edticas de calidad del aire, as\u00ed como tambi\u00e9n al desarrollo de investigaciones cient\u00edficas.<\/p>\n<p>\u00a0<\/p>\n\n<p>Los resultados principales de este estudio, por lo tanto, muestran un avance notable hacia la descontaminaci\u00f3n de las ciudades del pa\u00eds. Sin embargo, se evidencia que existen m\u00faltiples gaps de informaci\u00f3n que deben ser subsanados para evaluar de manera robusta las tendencias a largo plazo de ciudades distintas a Santiago.\u00a0<\/p>\n<p>\u00a0<\/p>\n\n<figure><img decoding=\"async\" style=\"width: 521px; height: auto;\" src=\"https:\/\/lh7-rt.googleusercontent.com\/docsz\/AD_4nXeRO5X6KsuKsuS21XYmGVA3fiyaAIvCL9AIiJuiOhG7o-WGTRjDxTsxeQvd-ZG41L2nhL77kc6gZkYpidtGi6aZcZpLRuihAzF0JFbFoPaC0uGe9CZqvcj6-oPNQex2RYJDgaHrHt4VWCAB_ymTg7Q?key=QAGei1zp-m6UyWjkvZQyyQ\" alt=\"\" \/><\/figure>\n\n<p><em>Estaciones de calidad SINCA en Chile. A la derecha agrupaci\u00f3n de estaciones en las zonas industriales de Quintero-Puchuncavi, Conc\u00f3n, Catemu y zonas urbanas de Santiago y Rancagua. Abajo estaciones en la zona urbana-industrial del gran Concepci\u00f3n.<\/em><\/p>\n\n<figure><img decoding=\"async\" style=\"width: 533px; height: auto;\" src=\"https:\/\/lh7-rt.googleusercontent.com\/docsz\/AD_4nXea_eL3xqksdC1i-jizdW04LPNBDT3UjZUXUCWyO8pr1FfKlNDoX4SSmiiIRHG7UN3h-pSeJYFBed2uCd_FTFvkeeXSJA435R2SqwTo1lKOVmnjoKZbwyAkSRT1rIrW_xzFMRPPO4P-UqyLKqVQkQ?key=QAGei1zp-m6UyWjkvZQyyQ\" alt=\"\" \/><\/figure>\n\n<p><em>Ciclos diarios, semanales y anuales de MP2.5, O3 y NOx (NO+NO2) en las estaciones de calidad de Santiago (con el promedio de las 11 estaciones) para cada a\u00f1o entre 1993 (azul) y 2024 (rojo oscuro)<\/em>.<\/p>\n\n<p>\u00a0<\/p>","protected":false},"excerpt":{"rendered":"<p>Un nuevo estudio publicado revela que la gran mayor\u00eda de las mediciones ambientales se centran en las concentraciones de Material Particulado (MP2.5) y di\u00f3xido de azufre, y, que muchas de las estaciones de medici\u00f3n se ubican en la zona central del pa\u00eds.\u00a0\u00a0 \u00a0 La investigaci\u00f3n, llamada \u201cCurrent Status, Trends and Future Directions in Chilean Air [&hellip;]<\/p>\n","protected":false},"featured_media":5668,"template":"","meta":{"_acf_changed":false},"filtro-de-portada":[],"grupo-de-investigacion":[103],"tipo-de-contenido":[],"class_list":["post-5921","noticia","type-noticia","status-publish","has-post-thumbnail","hentry","grupo-de-investigacion-enviro_health"],"acf":[],"yoast_head":"<!-- This site is optimized with the Yoast SEO plugin v27.3 - https:\/\/yoast.com\/product\/yoast-seo-wordpress\/ -->\n<title>Investigaci\u00f3n revela nivel de contaminaci\u00f3n y calidad del aire en Chile durante los \u00faltimos 30 a\u00f1os\u00a0\u00a0 - C+<\/title>\n<meta name=\"robots\" content=\"index, follow, max-snippet:-1, max-image-preview:large, max-video-preview:-1\" \/>\n<link rel=\"canonical\" href=\"https:\/\/cmas.udd.cl\/en\/noticia\/investigacion-revela-nivel-de-contaminacion-y-calidad-del-aire-en-chile-durante-los-ultimos-30-anos-migrado\/\" \/>\n<meta property=\"og:locale\" content=\"en_US\" \/>\n<meta property=\"og:type\" content=\"article\" \/>\n<meta property=\"og:title\" content=\"Investigaci\u00f3n revela nivel de contaminaci\u00f3n y calidad del aire en Chile durante los \u00faltimos 30 a\u00f1os\u00a0\u00a0 - C+\" \/>\n<meta property=\"og:description\" content=\"Un nuevo estudio publicado revela que la gran mayor\u00eda de las mediciones ambientales se centran en las concentraciones de Material Particulado (MP2.5) y di\u00f3xido de azufre, y, que muchas de las estaciones de medici\u00f3n se ubican en la zona central del pa\u00eds.\u00a0\u00a0 \u00a0 La investigaci\u00f3n, llamada \u201cCurrent Status, Trends and Future Directions in Chilean Air [&hellip;]\" \/>\n<meta property=\"og:url\" content=\"https:\/\/cmas.udd.cl\/en\/noticia\/investigacion-revela-nivel-de-contaminacion-y-calidad-del-aire-en-chile-durante-los-ultimos-30-anos-migrado\/\" \/>\n<meta property=\"og:site_name\" content=\"C+\" \/>\n<meta property=\"article:modified_time\" content=\"2025-07-02T00:08:35+00:00\" \/>\n<meta property=\"og:image\" content=\"https:\/\/cmas.udd.cl\/wp-content\/uploads\/2025\/06\/WhatsApp-Image-2025-06-19-at-11.45.54.jpeg\" \/>\n\t<meta property=\"og:image:width\" content=\"1280\" \/>\n\t<meta property=\"og:image:height\" content=\"960\" \/>\n\t<meta property=\"og:image:type\" content=\"image\/jpeg\" \/>\n<meta name=\"twitter:card\" content=\"summary_large_image\" \/>\n<meta name=\"twitter:label1\" content=\"Est. reading time\" \/>\n\t<meta name=\"twitter:data1\" content=\"4 minutes\" \/>\n<script type=\"application\/ld+json\" class=\"yoast-schema-graph\">{\"@context\":\"https:\\\/\\\/schema.org\",\"@graph\":[{\"@type\":\"WebPage\",\"@id\":\"https:\\\/\\\/cmas.udd.cl\\\/noticia\\\/investigacion-revela-nivel-de-contaminacion-y-calidad-del-aire-en-chile-durante-los-ultimos-30-anos-migrado\\\/\",\"url\":\"https:\\\/\\\/cmas.udd.cl\\\/noticia\\\/investigacion-revela-nivel-de-contaminacion-y-calidad-del-aire-en-chile-durante-los-ultimos-30-anos-migrado\\\/\",\"name\":\"Investigaci\u00f3n revela nivel de contaminaci\u00f3n y calidad del aire en Chile durante los \u00faltimos 30 a\u00f1os\u00a0\u00a0 - C+\",\"isPartOf\":{\"@id\":\"https:\\\/\\\/cmas.udd.cl\\\/#website\"},\"primaryImageOfPage\":{\"@id\":\"https:\\\/\\\/cmas.udd.cl\\\/noticia\\\/investigacion-revela-nivel-de-contaminacion-y-calidad-del-aire-en-chile-durante-los-ultimos-30-anos-migrado\\\/#primaryimage\"},\"image\":{\"@id\":\"https:\\\/\\\/cmas.udd.cl\\\/noticia\\\/investigacion-revela-nivel-de-contaminacion-y-calidad-del-aire-en-chile-durante-los-ultimos-30-anos-migrado\\\/#primaryimage\"},\"thumbnailUrl\":\"https:\\\/\\\/cmas.udd.cl\\\/wp-content\\\/uploads\\\/2025\\\/06\\\/WhatsApp-Image-2025-06-19-at-11.45.54.jpeg\",\"datePublished\":\"2025-06-19T16:03:25+00:00\",\"dateModified\":\"2025-07-02T00:08:35+00:00\",\"breadcrumb\":{\"@id\":\"https:\\\/\\\/cmas.udd.cl\\\/noticia\\\/investigacion-revela-nivel-de-contaminacion-y-calidad-del-aire-en-chile-durante-los-ultimos-30-anos-migrado\\\/#breadcrumb\"},\"inLanguage\":\"en-US\",\"potentialAction\":[{\"@type\":\"ReadAction\",\"target\":[\"https:\\\/\\\/cmas.udd.cl\\\/noticia\\\/investigacion-revela-nivel-de-contaminacion-y-calidad-del-aire-en-chile-durante-los-ultimos-30-anos-migrado\\\/\"]}]},{\"@type\":\"ImageObject\",\"inLanguage\":\"en-US\",\"@id\":\"https:\\\/\\\/cmas.udd.cl\\\/noticia\\\/investigacion-revela-nivel-de-contaminacion-y-calidad-del-aire-en-chile-durante-los-ultimos-30-anos-migrado\\\/#primaryimage\",\"url\":\"https:\\\/\\\/cmas.udd.cl\\\/wp-content\\\/uploads\\\/2025\\\/06\\\/WhatsApp-Image-2025-06-19-at-11.45.54.jpeg\",\"contentUrl\":\"https:\\\/\\\/cmas.udd.cl\\\/wp-content\\\/uploads\\\/2025\\\/06\\\/WhatsApp-Image-2025-06-19-at-11.45.54.jpeg\",\"width\":1280,\"height\":960},{\"@type\":\"BreadcrumbList\",\"@id\":\"https:\\\/\\\/cmas.udd.cl\\\/noticia\\\/investigacion-revela-nivel-de-contaminacion-y-calidad-del-aire-en-chile-durante-los-ultimos-30-anos-migrado\\\/#breadcrumb\",\"itemListElement\":[{\"@type\":\"ListItem\",\"position\":1,\"name\":\"Home\",\"item\":\"https:\\\/\\\/cmas.udd.cl\\\/\"},{\"@type\":\"ListItem\",\"position\":2,\"name\":\"Noticias\",\"item\":\"https:\\\/\\\/cmas.udd.cl\\\/Noticias\\\/\"},{\"@type\":\"ListItem\",\"position\":3,\"name\":\"Investigaci\u00f3n revela nivel de contaminaci\u00f3n y calidad del aire en Chile durante los \u00faltimos 30 a\u00f1os\u00a0\u00a0\"}]},{\"@type\":\"WebSite\",\"@id\":\"https:\\\/\\\/cmas.udd.cl\\\/#website\",\"url\":\"https:\\\/\\\/cmas.udd.cl\\\/\",\"name\":\"C+\",\"description\":\"Centro Investigaci\u00f3n enTecnolog\u00edas para la Sociedad\",\"publisher\":{\"@id\":\"https:\\\/\\\/cmas.udd.cl\\\/#organization\"},\"potentialAction\":[{\"@type\":\"SearchAction\",\"target\":{\"@type\":\"EntryPoint\",\"urlTemplate\":\"https:\\\/\\\/cmas.udd.cl\\\/?s={search_term_string}\"},\"query-input\":{\"@type\":\"PropertyValueSpecification\",\"valueRequired\":true,\"valueName\":\"search_term_string\"}}],\"inLanguage\":\"en-US\"},{\"@type\":\"Organization\",\"@id\":\"https:\\\/\\\/cmas.udd.cl\\\/#organization\",\"name\":\"C+\",\"url\":\"https:\\\/\\\/cmas.udd.cl\\\/\",\"logo\":{\"@type\":\"ImageObject\",\"inLanguage\":\"en-US\",\"@id\":\"https:\\\/\\\/cmas.udd.cl\\\/#\\\/schema\\\/logo\\\/image\\\/\",\"url\":\"https:\\\/\\\/cmas.udd.cl\\\/wp-content\\\/uploads\\\/2023\\\/05\\\/Logo-compuesto-UDD-Cmas.png\",\"contentUrl\":\"https:\\\/\\\/cmas.udd.cl\\\/wp-content\\\/uploads\\\/2023\\\/05\\\/Logo-compuesto-UDD-Cmas.png\",\"width\":695,\"height\":72,\"caption\":\"C+\"},\"image\":{\"@id\":\"https:\\\/\\\/cmas.udd.cl\\\/#\\\/schema\\\/logo\\\/image\\\/\"}}]}<\/script>\n<!-- \/ Yoast SEO plugin. -->","yoast_head_json":{"title":"Investigaci\u00f3n revela nivel de contaminaci\u00f3n y calidad del aire en Chile durante los \u00faltimos 30 a\u00f1os\u00a0\u00a0 - C+","robots":{"index":"index","follow":"follow","max-snippet":"max-snippet:-1","max-image-preview":"max-image-preview:large","max-video-preview":"max-video-preview:-1"},"canonical":"https:\/\/cmas.udd.cl\/en\/noticia\/investigacion-revela-nivel-de-contaminacion-y-calidad-del-aire-en-chile-durante-los-ultimos-30-anos-migrado\/","og_locale":"en_US","og_type":"article","og_title":"Investigaci\u00f3n revela nivel de contaminaci\u00f3n y calidad del aire en Chile durante los \u00faltimos 30 a\u00f1os\u00a0\u00a0 - C+","og_description":"Un nuevo estudio publicado revela que la gran mayor\u00eda de las mediciones ambientales se centran en las concentraciones de Material Particulado (MP2.5) y di\u00f3xido de azufre, y, que muchas de las estaciones de medici\u00f3n se ubican en la zona central del pa\u00eds.\u00a0\u00a0 \u00a0 La investigaci\u00f3n, llamada \u201cCurrent Status, Trends and Future Directions in Chilean Air [&hellip;]","og_url":"https:\/\/cmas.udd.cl\/en\/noticia\/investigacion-revela-nivel-de-contaminacion-y-calidad-del-aire-en-chile-durante-los-ultimos-30-anos-migrado\/","og_site_name":"C+","article_modified_time":"2025-07-02T00:08:35+00:00","og_image":[{"width":1280,"height":960,"url":"https:\/\/cmas.udd.cl\/wp-content\/uploads\/2025\/06\/WhatsApp-Image-2025-06-19-at-11.45.54.jpeg","type":"image\/jpeg"}],"twitter_card":"summary_large_image","twitter_misc":{"Est. reading time":"4 minutes"},"schema":{"@context":"https:\/\/schema.org","@graph":[{"@type":"WebPage","@id":"https:\/\/cmas.udd.cl\/noticia\/investigacion-revela-nivel-de-contaminacion-y-calidad-del-aire-en-chile-durante-los-ultimos-30-anos-migrado\/","url":"https:\/\/cmas.udd.cl\/noticia\/investigacion-revela-nivel-de-contaminacion-y-calidad-del-aire-en-chile-durante-los-ultimos-30-anos-migrado\/","name":"Investigaci\u00f3n revela nivel de contaminaci\u00f3n y calidad del aire en Chile durante los \u00faltimos 30 a\u00f1os\u00a0\u00a0 - C+","isPartOf":{"@id":"https:\/\/cmas.udd.cl\/#website"},"primaryImageOfPage":{"@id":"https:\/\/cmas.udd.cl\/noticia\/investigacion-revela-nivel-de-contaminacion-y-calidad-del-aire-en-chile-durante-los-ultimos-30-anos-migrado\/#primaryimage"},"image":{"@id":"https:\/\/cmas.udd.cl\/noticia\/investigacion-revela-nivel-de-contaminacion-y-calidad-del-aire-en-chile-durante-los-ultimos-30-anos-migrado\/#primaryimage"},"thumbnailUrl":"https:\/\/cmas.udd.cl\/wp-content\/uploads\/2025\/06\/WhatsApp-Image-2025-06-19-at-11.45.54.jpeg","datePublished":"2025-06-19T16:03:25+00:00","dateModified":"2025-07-02T00:08:35+00:00","breadcrumb":{"@id":"https:\/\/cmas.udd.cl\/noticia\/investigacion-revela-nivel-de-contaminacion-y-calidad-del-aire-en-chile-durante-los-ultimos-30-anos-migrado\/#breadcrumb"},"inLanguage":"en-US","potentialAction":[{"@type":"ReadAction","target":["https:\/\/cmas.udd.cl\/noticia\/investigacion-revela-nivel-de-contaminacion-y-calidad-del-aire-en-chile-durante-los-ultimos-30-anos-migrado\/"]}]},{"@type":"ImageObject","inLanguage":"en-US","@id":"https:\/\/cmas.udd.cl\/noticia\/investigacion-revela-nivel-de-contaminacion-y-calidad-del-aire-en-chile-durante-los-ultimos-30-anos-migrado\/#primaryimage","url":"https:\/\/cmas.udd.cl\/wp-content\/uploads\/2025\/06\/WhatsApp-Image-2025-06-19-at-11.45.54.jpeg","contentUrl":"https:\/\/cmas.udd.cl\/wp-content\/uploads\/2025\/06\/WhatsApp-Image-2025-06-19-at-11.45.54.jpeg","width":1280,"height":960},{"@type":"BreadcrumbList","@id":"https:\/\/cmas.udd.cl\/noticia\/investigacion-revela-nivel-de-contaminacion-y-calidad-del-aire-en-chile-durante-los-ultimos-30-anos-migrado\/#breadcrumb","itemListElement":[{"@type":"ListItem","position":1,"name":"Home","item":"https:\/\/cmas.udd.cl\/"},{"@type":"ListItem","position":2,"name":"Noticias","item":"https:\/\/cmas.udd.cl\/Noticias\/"},{"@type":"ListItem","position":3,"name":"Investigaci\u00f3n revela nivel de contaminaci\u00f3n y calidad del aire en Chile durante los \u00faltimos 30 a\u00f1os\u00a0\u00a0"}]},{"@type":"WebSite","@id":"https:\/\/cmas.udd.cl\/#website","url":"https:\/\/cmas.udd.cl\/","name":"C+","description":"Centro Investigaci\u00f3n enTecnolog\u00edas para la Sociedad","publisher":{"@id":"https:\/\/cmas.udd.cl\/#organization"},"potentialAction":[{"@type":"SearchAction","target":{"@type":"EntryPoint","urlTemplate":"https:\/\/cmas.udd.cl\/?s={search_term_string}"},"query-input":{"@type":"PropertyValueSpecification","valueRequired":true,"valueName":"search_term_string"}}],"inLanguage":"en-US"},{"@type":"Organization","@id":"https:\/\/cmas.udd.cl\/#organization","name":"C+","url":"https:\/\/cmas.udd.cl\/","logo":{"@type":"ImageObject","inLanguage":"en-US","@id":"https:\/\/cmas.udd.cl\/#\/schema\/logo\/image\/","url":"https:\/\/cmas.udd.cl\/wp-content\/uploads\/2023\/05\/Logo-compuesto-UDD-Cmas.png","contentUrl":"https:\/\/cmas.udd.cl\/wp-content\/uploads\/2023\/05\/Logo-compuesto-UDD-Cmas.png","width":695,"height":72,"caption":"C+"},"image":{"@id":"https:\/\/cmas.udd.cl\/#\/schema\/logo\/image\/"}}]}},"_links":{"self":[{"href":"https:\/\/cmas.udd.cl\/en\/wp-json\/wp\/v2\/noticia\/5921","targetHints":{"allow":["GET"]}}],"collection":[{"href":"https:\/\/cmas.udd.cl\/en\/wp-json\/wp\/v2\/noticia"}],"about":[{"href":"https:\/\/cmas.udd.cl\/en\/wp-json\/wp\/v2\/types\/noticia"}],"version-history":[{"count":0,"href":"https:\/\/cmas.udd.cl\/en\/wp-json\/wp\/v2\/noticia\/5921\/revisions"}],"wp:featuredmedia":[{"embeddable":true,"href":"https:\/\/cmas.udd.cl\/en\/wp-json\/wp\/v2\/media\/5668"}],"wp:attachment":[{"href":"https:\/\/cmas.udd.cl\/en\/wp-json\/wp\/v2\/media?parent=5921"}],"wp:term":[{"taxonomy":"filtro-de-portada","embeddable":true,"href":"https:\/\/cmas.udd.cl\/en\/wp-json\/wp\/v2\/filtro-de-portada?post=5921"},{"taxonomy":"grupo-de-investigacion","embeddable":true,"href":"https:\/\/cmas.udd.cl\/en\/wp-json\/wp\/v2\/grupo-de-investigacion?post=5921"},{"taxonomy":"tipo-de-contenido","embeddable":true,"href":"https:\/\/cmas.udd.cl\/en\/wp-json\/wp\/v2\/tipo-de-contenido?post=5921"}],"curies":[{"name":"wp","href":"https:\/\/api.w.org\/{rel}","templated":true}]}}