{"id":5920,"date":"2025-06-16T17:52:33","date_gmt":"2025-06-16T17:52:33","guid":{"rendered":"https:\/\/cmas.udd.cl\/?post_type=noticia&#038;p=5656"},"modified":"2025-07-02T00:08:35","modified_gmt":"2025-07-02T00:08:35","slug":"encuentro-por-la-biodiversidad-turismo-al-servicio-de-la-conservacion-de-la-naturaleza-y-la-resiliencia-de-los-territorios-migrado","status":"publish","type":"noticia","link":"https:\/\/cmas.udd.cl\/en\/noticia\/encuentro-por-la-biodiversidad-turismo-al-servicio-de-la-conservacion-de-la-naturaleza-y-la-resiliencia-de-los-territorios-migrado\/","title":{"rendered":"Encuentro por la Biodiversidad: Turismo al servicio de la conservaci\u00f3n de la naturaleza y la resiliencia de los territorios"},"content":{"rendered":"<figure class=\"wp-block-image aligncenter size-large\"><img fetchpriority=\"high\" decoding=\"async\" width=\"1024\" height=\"536\" src=\"https:\/\/cmas.udd.cl\/wp-content\/uploads\/2025\/06\/exb-1024x536.png\" alt=\"\" class=\"wp-image-5657\" srcset=\"https:\/\/cmas.udd.cl\/wp-content\/uploads\/2025\/06\/exb-1024x536.png 1024w, https:\/\/cmas.udd.cl\/wp-content\/uploads\/2025\/06\/exb-300x157.png 300w, https:\/\/cmas.udd.cl\/wp-content\/uploads\/2025\/06\/exb-768x402.png 768w, https:\/\/cmas.udd.cl\/wp-content\/uploads\/2025\/06\/exb-18x9.png 18w, https:\/\/cmas.udd.cl\/wp-content\/uploads\/2025\/06\/exb.png 1204w\" sizes=\"(max-width: 1024px) 100vw, 1024px\" \/><\/figure>\n\n\n\n<p>\u00a1Reserva la fecha! El 4, 5 y 6 de septiembre se desarrollar\u00e1 por primera vez el Encuentro por la Biodiversidad, un espacio que busca generar nuevas perspectivas en el sector del turismo sobre la conservaci\u00f3n de la naturaleza y el desarrollo sostenible de los territorios. El evento contar\u00e1 con una feria verde, una exposici\u00f3n fotogr\u00e1fica y actividades tur\u00edsticas opcionales.<\/p>\n\n\n\n<p><br>Fundaci\u00f3n Travolution, el Laboratorio para la Regeneraci\u00f3n de la Pontificia Universidad Cat\u00f3lica de Chile (COLAB UC) y el Centro de Investigaci\u00f3n en Tecnolog\u00edas para la Sociedad de la Facultad de Ingenier\u00eda UDD, en colaboraci\u00f3n con Ladera Sur como Media Partner, organizan el \u201cEncuentro por la Biodiversidad: ExB\u201d. Se trata de un evento que tiene como prop\u00f3sito generar nuevas perspectivas en el sector turismo, sobre la conservaci\u00f3n de la naturaleza y el desarrollo sostenible de los territorios. <\/p>\n\n\n\n<p>Esta instancia, apoyado por CORFO, se llevar\u00e1 a cabo los d\u00edas 4 y 5 de septiembre de 2025 en el Aula Magna de la Universidad del Desarrollo (Av. La Plaza 680, Las Condes, Santiago de Chile), con actividades tur\u00edsticas y recreativas opcionales programadas para el 6 de septiembre.<\/p>\n\n\n\n<p><strong>\u00bfPor qu\u00e9 es necesario?<\/strong><\/p>\n\n\n\n<p><br>La biodiversidad de Latinoam\u00e9rica y el Caribe enfrenta amenazas cr\u00edticas que ponen en riesgo un invaluable tesoro natural, albergando el 40% de la biodiversidad mundial. La extinci\u00f3n de especies es irreversible y cada p\u00e9rdida tiene consecuencias irreparables para los ecosistemas y para las generaciones futuras.<br>Tenemos una dependencia vital con la naturaleza. Nuestra econom\u00eda y bienestar, est\u00e1n sostenidos por la naturaleza. <\/p>\n\n\n\n<p>Entendiendo que \u201cestamos embebidos en la naturaleza\u201d, que nos acoge e integra, y que sin ella no existimos, e inspirados en los valores de la biodiversidad, a trav\u00e9s de este evento convocamos a a m\u00e1s de 30 expositores, nacionales de distintos territorios de Chile e internacionales, a compartir conocimientos, innovar y fortalecer modelos que integren conservaci\u00f3n, desarrollo sostenible y resiliencia territorial, en defensa de la riqueza natural y cultural de Latinoam\u00e9rica.<\/p>\n\n\n\n<p><br>En este contexto, el Encuentro por la Biodiversidad se propone avanzar en la integraci\u00f3n de la conservaci\u00f3n con el desarrollo humano, promoviendo un enfoque hol\u00edstico que integre el conocimiento ind\u00edgena y local con pr\u00e1cticas de desarrollo sostenible.<\/p>\n\n\n\n<p><strong>Ejes tem\u00e1ticos<\/strong><\/p>\n\n\n\n<p><br>Los ejes tem\u00e1ticos del encuentro incluyen biodiversidad y bienestar humano, capital natural y pol\u00edticas p\u00fablicas, valoraci\u00f3n cultural de la biodiversidad, y turismo al servicio de la conservaci\u00f3n. Adem\u00e1s, se discutir\u00e1n nuevas perspectivas para la conservaci\u00f3n privada, gobernanza para la conservaci\u00f3n, y soluciones y tecnolog\u00edas basadas en la naturaleza, siendo estas \u00faltimas cruciales en la adaptaci\u00f3n al cambio clim\u00e1tico y la regeneraci\u00f3n de los ecosistemas. <\/p>\n\n\n\n<p>El programa tambi\u00e9n cuenta con un bloque dedicado a la Divulgaci\u00f3n de la Biodiversidad donde se presentar\u00e1n diferentes miradas que trabajan para un mismo horizonte com\u00fan.<\/p>\n\n\n\n<p><br>Con el apoyo de instituciones como UNESCO, el Gobierno Regional Metropolitano de Santiago, el Ministerio de Medio Ambiente, la Subsecretar\u00eda de Turismo y CONAF, el \u201cEncuentro por la Biodiversidad ExB\u201d contar\u00e1 con la participaci\u00f3n de exponentes internacionales y expertos de la Universidad de Cooperaci\u00f3n Internacional de Costa Rica, CMinds y Natura Tech de Colombia, Pro Yungas de Argentina, Wild Conservancy Society, Explora Chile, The Nature Conservancy, entre otros, as\u00ed como autoridades nacionales de PNUD.<\/p>\n\n\n\n<p><br>Los participantes tambi\u00e9n podr\u00e1n disfrutar de una feria verde con emprendimientos y organizaciones del sector, una exposici\u00f3n fotogr\u00e1fica y cultural, y actividades tur\u00edsticas como trekking en senderos de monta\u00f1a, visitas a santuarios de la naturaleza y turismo cultural mapuche.<\/p>\n\n\n\n<p><br>El Encuentro por la Biodiversidad invita a todos los actores del turismo, la conservaci\u00f3n, la academia, las comunidades locales y el p\u00fablico en general a unirse por la conservaci\u00f3n de la biodiversidad y el desarrollo regenerativo de los territorios. Este espacio busca generar nuevas perspectivas en el sector del turismo, sobre la biodiversidad, el capital natural y la conservaci\u00f3n, poniendo el foco en la innovaci\u00f3n y el protagonismo de las comunidades.<\/p>","protected":false},"excerpt":{"rendered":"<p>\u00a1Reserva la fecha! El 4, 5 y 6 de septiembre se desarrollar\u00e1 por primera vez el Encuentro por la Biodiversidad, un espacio que busca generar nuevas perspectivas en el sector del turismo sobre la conservaci\u00f3n de la naturaleza y el desarrollo sostenible de los territorios. El evento contar\u00e1 con una feria verde, una exposici\u00f3n fotogr\u00e1fica [&hellip;]<\/p>\n","protected":false},"featured_media":5657,"template":"","meta":{"_acf_changed":false},"filtro-de-portada":[],"grupo-de-investigacion":[106],"tipo-de-contenido":[],"class_list":["post-5920","noticia","type-noticia","status-publish","has-post-thumbnail","hentry","grupo-de-investigacion-extreme_environments"],"acf":[],"yoast_head":"<!-- This site is optimized with the Yoast SEO plugin v27.3 - https:\/\/yoast.com\/product\/yoast-seo-wordpress\/ -->\n<title>Encuentro por la Biodiversidad: Turismo al servicio de la conservaci\u00f3n de la naturaleza y la resiliencia de los territorios - C+<\/title>\n<meta name=\"robots\" content=\"index, follow, max-snippet:-1, max-image-preview:large, max-video-preview:-1\" \/>\n<link rel=\"canonical\" href=\"https:\/\/cmas.udd.cl\/en\/noticia\/encuentro-por-la-biodiversidad-turismo-al-servicio-de-la-conservacion-de-la-naturaleza-y-la-resiliencia-de-los-territorios-migrado\/\" \/>\n<meta property=\"og:locale\" content=\"en_US\" \/>\n<meta property=\"og:type\" content=\"article\" \/>\n<meta property=\"og:title\" content=\"Encuentro por la Biodiversidad: Turismo al servicio de la conservaci\u00f3n de la naturaleza y la resiliencia de los territorios - C+\" \/>\n<meta property=\"og:description\" content=\"\u00a1Reserva la fecha! El 4, 5 y 6 de septiembre se desarrollar\u00e1 por primera vez el Encuentro por la Biodiversidad, un espacio que busca generar nuevas perspectivas en el sector del turismo sobre la conservaci\u00f3n de la naturaleza y el desarrollo sostenible de los territorios. El evento contar\u00e1 con una feria verde, una exposici\u00f3n fotogr\u00e1fica [&hellip;]\" \/>\n<meta property=\"og:url\" content=\"https:\/\/cmas.udd.cl\/en\/noticia\/encuentro-por-la-biodiversidad-turismo-al-servicio-de-la-conservacion-de-la-naturaleza-y-la-resiliencia-de-los-territorios-migrado\/\" \/>\n<meta property=\"og:site_name\" content=\"C+\" \/>\n<meta property=\"article:modified_time\" content=\"2025-07-02T00:08:35+00:00\" \/>\n<meta property=\"og:image\" content=\"https:\/\/cmas.udd.cl\/wp-content\/uploads\/2025\/06\/exb.png\" \/>\n\t<meta property=\"og:image:width\" content=\"1204\" \/>\n\t<meta property=\"og:image:height\" content=\"630\" \/>\n\t<meta property=\"og:image:type\" content=\"image\/png\" \/>\n<meta name=\"twitter:card\" content=\"summary_large_image\" \/>\n<meta name=\"twitter:label1\" content=\"Est. reading time\" \/>\n\t<meta name=\"twitter:data1\" content=\"3 minutes\" \/>\n<script type=\"application\/ld+json\" class=\"yoast-schema-graph\">{\"@context\":\"https:\\\/\\\/schema.org\",\"@graph\":[{\"@type\":\"WebPage\",\"@id\":\"https:\\\/\\\/cmas.udd.cl\\\/noticia\\\/encuentro-por-la-biodiversidad-turismo-al-servicio-de-la-conservacion-de-la-naturaleza-y-la-resiliencia-de-los-territorios-migrado\\\/\",\"url\":\"https:\\\/\\\/cmas.udd.cl\\\/noticia\\\/encuentro-por-la-biodiversidad-turismo-al-servicio-de-la-conservacion-de-la-naturaleza-y-la-resiliencia-de-los-territorios-migrado\\\/\",\"name\":\"Encuentro por la Biodiversidad: Turismo al servicio de la conservaci\u00f3n de la naturaleza y la resiliencia de los territorios - C+\",\"isPartOf\":{\"@id\":\"https:\\\/\\\/cmas.udd.cl\\\/#website\"},\"primaryImageOfPage\":{\"@id\":\"https:\\\/\\\/cmas.udd.cl\\\/noticia\\\/encuentro-por-la-biodiversidad-turismo-al-servicio-de-la-conservacion-de-la-naturaleza-y-la-resiliencia-de-los-territorios-migrado\\\/#primaryimage\"},\"image\":{\"@id\":\"https:\\\/\\\/cmas.udd.cl\\\/noticia\\\/encuentro-por-la-biodiversidad-turismo-al-servicio-de-la-conservacion-de-la-naturaleza-y-la-resiliencia-de-los-territorios-migrado\\\/#primaryimage\"},\"thumbnailUrl\":\"https:\\\/\\\/cmas.udd.cl\\\/wp-content\\\/uploads\\\/2025\\\/06\\\/exb.png\",\"datePublished\":\"2025-06-16T17:52:33+00:00\",\"dateModified\":\"2025-07-02T00:08:35+00:00\",\"breadcrumb\":{\"@id\":\"https:\\\/\\\/cmas.udd.cl\\\/noticia\\\/encuentro-por-la-biodiversidad-turismo-al-servicio-de-la-conservacion-de-la-naturaleza-y-la-resiliencia-de-los-territorios-migrado\\\/#breadcrumb\"},\"inLanguage\":\"en-US\",\"potentialAction\":[{\"@type\":\"ReadAction\",\"target\":[\"https:\\\/\\\/cmas.udd.cl\\\/noticia\\\/encuentro-por-la-biodiversidad-turismo-al-servicio-de-la-conservacion-de-la-naturaleza-y-la-resiliencia-de-los-territorios-migrado\\\/\"]}]},{\"@type\":\"ImageObject\",\"inLanguage\":\"en-US\",\"@id\":\"https:\\\/\\\/cmas.udd.cl\\\/noticia\\\/encuentro-por-la-biodiversidad-turismo-al-servicio-de-la-conservacion-de-la-naturaleza-y-la-resiliencia-de-los-territorios-migrado\\\/#primaryimage\",\"url\":\"https:\\\/\\\/cmas.udd.cl\\\/wp-content\\\/uploads\\\/2025\\\/06\\\/exb.png\",\"contentUrl\":\"https:\\\/\\\/cmas.udd.cl\\\/wp-content\\\/uploads\\\/2025\\\/06\\\/exb.png\",\"width\":1204,\"height\":630},{\"@type\":\"BreadcrumbList\",\"@id\":\"https:\\\/\\\/cmas.udd.cl\\\/noticia\\\/encuentro-por-la-biodiversidad-turismo-al-servicio-de-la-conservacion-de-la-naturaleza-y-la-resiliencia-de-los-territorios-migrado\\\/#breadcrumb\",\"itemListElement\":[{\"@type\":\"ListItem\",\"position\":1,\"name\":\"Home\",\"item\":\"https:\\\/\\\/cmas.udd.cl\\\/\"},{\"@type\":\"ListItem\",\"position\":2,\"name\":\"Noticias\",\"item\":\"https:\\\/\\\/cmas.udd.cl\\\/Noticias\\\/\"},{\"@type\":\"ListItem\",\"position\":3,\"name\":\"Encuentro por la Biodiversidad: Turismo al servicio de la conservaci\u00f3n de la naturaleza y la resiliencia de los territorios\"}]},{\"@type\":\"WebSite\",\"@id\":\"https:\\\/\\\/cmas.udd.cl\\\/#website\",\"url\":\"https:\\\/\\\/cmas.udd.cl\\\/\",\"name\":\"C+\",\"description\":\"Centro Investigaci\u00f3n enTecnolog\u00edas para la Sociedad\",\"publisher\":{\"@id\":\"https:\\\/\\\/cmas.udd.cl\\\/#organization\"},\"potentialAction\":[{\"@type\":\"SearchAction\",\"target\":{\"@type\":\"EntryPoint\",\"urlTemplate\":\"https:\\\/\\\/cmas.udd.cl\\\/?s={search_term_string}\"},\"query-input\":{\"@type\":\"PropertyValueSpecification\",\"valueRequired\":true,\"valueName\":\"search_term_string\"}}],\"inLanguage\":\"en-US\"},{\"@type\":\"Organization\",\"@id\":\"https:\\\/\\\/cmas.udd.cl\\\/#organization\",\"name\":\"C+\",\"url\":\"https:\\\/\\\/cmas.udd.cl\\\/\",\"logo\":{\"@type\":\"ImageObject\",\"inLanguage\":\"en-US\",\"@id\":\"https:\\\/\\\/cmas.udd.cl\\\/#\\\/schema\\\/logo\\\/image\\\/\",\"url\":\"https:\\\/\\\/cmas.udd.cl\\\/wp-content\\\/uploads\\\/2023\\\/05\\\/Logo-compuesto-UDD-Cmas.png\",\"contentUrl\":\"https:\\\/\\\/cmas.udd.cl\\\/wp-content\\\/uploads\\\/2023\\\/05\\\/Logo-compuesto-UDD-Cmas.png\",\"width\":695,\"height\":72,\"caption\":\"C+\"},\"image\":{\"@id\":\"https:\\\/\\\/cmas.udd.cl\\\/#\\\/schema\\\/logo\\\/image\\\/\"}}]}<\/script>\n<!-- \/ Yoast SEO plugin. -->","yoast_head_json":{"title":"Encuentro por la Biodiversidad: Turismo al servicio de la conservaci\u00f3n de la naturaleza y la resiliencia de los territorios - C+","robots":{"index":"index","follow":"follow","max-snippet":"max-snippet:-1","max-image-preview":"max-image-preview:large","max-video-preview":"max-video-preview:-1"},"canonical":"https:\/\/cmas.udd.cl\/en\/noticia\/encuentro-por-la-biodiversidad-turismo-al-servicio-de-la-conservacion-de-la-naturaleza-y-la-resiliencia-de-los-territorios-migrado\/","og_locale":"en_US","og_type":"article","og_title":"Encuentro por la Biodiversidad: Turismo al servicio de la conservaci\u00f3n de la naturaleza y la resiliencia de los territorios - C+","og_description":"\u00a1Reserva la fecha! El 4, 5 y 6 de septiembre se desarrollar\u00e1 por primera vez el Encuentro por la Biodiversidad, un espacio que busca generar nuevas perspectivas en el sector del turismo sobre la conservaci\u00f3n de la naturaleza y el desarrollo sostenible de los territorios. El evento contar\u00e1 con una feria verde, una exposici\u00f3n fotogr\u00e1fica [&hellip;]","og_url":"https:\/\/cmas.udd.cl\/en\/noticia\/encuentro-por-la-biodiversidad-turismo-al-servicio-de-la-conservacion-de-la-naturaleza-y-la-resiliencia-de-los-territorios-migrado\/","og_site_name":"C+","article_modified_time":"2025-07-02T00:08:35+00:00","og_image":[{"width":1204,"height":630,"url":"https:\/\/cmas.udd.cl\/wp-content\/uploads\/2025\/06\/exb.png","type":"image\/png"}],"twitter_card":"summary_large_image","twitter_misc":{"Est. reading time":"3 minutes"},"schema":{"@context":"https:\/\/schema.org","@graph":[{"@type":"WebPage","@id":"https:\/\/cmas.udd.cl\/noticia\/encuentro-por-la-biodiversidad-turismo-al-servicio-de-la-conservacion-de-la-naturaleza-y-la-resiliencia-de-los-territorios-migrado\/","url":"https:\/\/cmas.udd.cl\/noticia\/encuentro-por-la-biodiversidad-turismo-al-servicio-de-la-conservacion-de-la-naturaleza-y-la-resiliencia-de-los-territorios-migrado\/","name":"Encuentro por la Biodiversidad: Turismo al servicio de la conservaci\u00f3n de la naturaleza y la resiliencia de los territorios - C+","isPartOf":{"@id":"https:\/\/cmas.udd.cl\/#website"},"primaryImageOfPage":{"@id":"https:\/\/cmas.udd.cl\/noticia\/encuentro-por-la-biodiversidad-turismo-al-servicio-de-la-conservacion-de-la-naturaleza-y-la-resiliencia-de-los-territorios-migrado\/#primaryimage"},"image":{"@id":"https:\/\/cmas.udd.cl\/noticia\/encuentro-por-la-biodiversidad-turismo-al-servicio-de-la-conservacion-de-la-naturaleza-y-la-resiliencia-de-los-territorios-migrado\/#primaryimage"},"thumbnailUrl":"https:\/\/cmas.udd.cl\/wp-content\/uploads\/2025\/06\/exb.png","datePublished":"2025-06-16T17:52:33+00:00","dateModified":"2025-07-02T00:08:35+00:00","breadcrumb":{"@id":"https:\/\/cmas.udd.cl\/noticia\/encuentro-por-la-biodiversidad-turismo-al-servicio-de-la-conservacion-de-la-naturaleza-y-la-resiliencia-de-los-territorios-migrado\/#breadcrumb"},"inLanguage":"en-US","potentialAction":[{"@type":"ReadAction","target":["https:\/\/cmas.udd.cl\/noticia\/encuentro-por-la-biodiversidad-turismo-al-servicio-de-la-conservacion-de-la-naturaleza-y-la-resiliencia-de-los-territorios-migrado\/"]}]},{"@type":"ImageObject","inLanguage":"en-US","@id":"https:\/\/cmas.udd.cl\/noticia\/encuentro-por-la-biodiversidad-turismo-al-servicio-de-la-conservacion-de-la-naturaleza-y-la-resiliencia-de-los-territorios-migrado\/#primaryimage","url":"https:\/\/cmas.udd.cl\/wp-content\/uploads\/2025\/06\/exb.png","contentUrl":"https:\/\/cmas.udd.cl\/wp-content\/uploads\/2025\/06\/exb.png","width":1204,"height":630},{"@type":"BreadcrumbList","@id":"https:\/\/cmas.udd.cl\/noticia\/encuentro-por-la-biodiversidad-turismo-al-servicio-de-la-conservacion-de-la-naturaleza-y-la-resiliencia-de-los-territorios-migrado\/#breadcrumb","itemListElement":[{"@type":"ListItem","position":1,"name":"Home","item":"https:\/\/cmas.udd.cl\/"},{"@type":"ListItem","position":2,"name":"Noticias","item":"https:\/\/cmas.udd.cl\/Noticias\/"},{"@type":"ListItem","position":3,"name":"Encuentro por la Biodiversidad: Turismo al servicio de la conservaci\u00f3n de la naturaleza y la resiliencia de los territorios"}]},{"@type":"WebSite","@id":"https:\/\/cmas.udd.cl\/#website","url":"https:\/\/cmas.udd.cl\/","name":"C+","description":"Centro Investigaci\u00f3n enTecnolog\u00edas para la Sociedad","publisher":{"@id":"https:\/\/cmas.udd.cl\/#organization"},"potentialAction":[{"@type":"SearchAction","target":{"@type":"EntryPoint","urlTemplate":"https:\/\/cmas.udd.cl\/?s={search_term_string}"},"query-input":{"@type":"PropertyValueSpecification","valueRequired":true,"valueName":"search_term_string"}}],"inLanguage":"en-US"},{"@type":"Organization","@id":"https:\/\/cmas.udd.cl\/#organization","name":"C+","url":"https:\/\/cmas.udd.cl\/","logo":{"@type":"ImageObject","inLanguage":"en-US","@id":"https:\/\/cmas.udd.cl\/#\/schema\/logo\/image\/","url":"https:\/\/cmas.udd.cl\/wp-content\/uploads\/2023\/05\/Logo-compuesto-UDD-Cmas.png","contentUrl":"https:\/\/cmas.udd.cl\/wp-content\/uploads\/2023\/05\/Logo-compuesto-UDD-Cmas.png","width":695,"height":72,"caption":"C+"},"image":{"@id":"https:\/\/cmas.udd.cl\/#\/schema\/logo\/image\/"}}]}},"_links":{"self":[{"href":"https:\/\/cmas.udd.cl\/en\/wp-json\/wp\/v2\/noticia\/5920","targetHints":{"allow":["GET"]}}],"collection":[{"href":"https:\/\/cmas.udd.cl\/en\/wp-json\/wp\/v2\/noticia"}],"about":[{"href":"https:\/\/cmas.udd.cl\/en\/wp-json\/wp\/v2\/types\/noticia"}],"version-history":[{"count":0,"href":"https:\/\/cmas.udd.cl\/en\/wp-json\/wp\/v2\/noticia\/5920\/revisions"}],"wp:featuredmedia":[{"embeddable":true,"href":"https:\/\/cmas.udd.cl\/en\/wp-json\/wp\/v2\/media\/5657"}],"wp:attachment":[{"href":"https:\/\/cmas.udd.cl\/en\/wp-json\/wp\/v2\/media?parent=5920"}],"wp:term":[{"taxonomy":"filtro-de-portada","embeddable":true,"href":"https:\/\/cmas.udd.cl\/en\/wp-json\/wp\/v2\/filtro-de-portada?post=5920"},{"taxonomy":"grupo-de-investigacion","embeddable":true,"href":"https:\/\/cmas.udd.cl\/en\/wp-json\/wp\/v2\/grupo-de-investigacion?post=5920"},{"taxonomy":"tipo-de-contenido","embeddable":true,"href":"https:\/\/cmas.udd.cl\/en\/wp-json\/wp\/v2\/tipo-de-contenido?post=5920"}],"curies":[{"name":"wp","href":"https:\/\/api.w.org\/{rel}","templated":true}]}}