{"id":5919,"date":"2025-06-16T15:15:21","date_gmt":"2025-06-16T15:15:21","guid":{"rendered":"https:\/\/cmas.udd.cl\/?post_type=noticia&#038;p=5642"},"modified":"2025-07-02T00:08:35","modified_gmt":"2025-07-02T00:08:35","slug":"proyecto-de-monitoreo-ambiental-y-comunitario-con-comunidad-indigena-del-norte-finaliza-primer-ano-de-trabajo-migrado","status":"publish","type":"noticia","link":"https:\/\/cmas.udd.cl\/en\/noticia\/proyecto-de-monitoreo-ambiental-y-comunitario-con-comunidad-indigena-del-norte-finaliza-primer-ano-de-trabajo-migrado\/","title":{"rendered":"Proyecto de monitoreo ambiental y comunitario con comunidad ind\u00edgena del norte finaliza primer a\u00f1o de trabajo\u00a0"},"content":{"rendered":"<p>Un a\u00f1o despu\u00e9s de iniciado el proyecto \u201cPlan de Monitoreo Ambiental Comunitario\u201d, en Pampa Lagunillas, que ten\u00eda como objetivo el co-dise\u00f1o de un monitoreo ambiental comunitario junto a la comunidad Ind\u00edgena Aymara de Cancosa, se demostr\u00f3 que esta implementaci\u00f3n es una herramienta estrat\u00e9gica no solo para la protecci\u00f3n de los recursos naturales, sino tambi\u00e9n para el fortalecimiento de la identidad cultural, participaci\u00f3n y autonom\u00eda territorial de la comunidad. \u00a0<\/p>\n<p>\u00a0<\/p>\n\n<figure><img decoding=\"async\" src=\"https:\/\/cmas.udd.cl\/wp-content\/uploads\/2025\/06\/WhatsApp-Image-2025-06-13-at-12.46.41-1024x682.jpeg\" alt=\"\" \/><\/figure>\n\n<p>La iniciativa comenz\u00f3 en mayo del a\u00f1o 2024, a ra\u00edz de una solicitud del Directorio de la Comunidad Ind\u00edgena Aymara y por el inter\u00e9s y la preocupaci\u00f3n de sus j\u00f3venes profesionales, con el objetivo de dar seguimiento y entendimiento de la recuperaci\u00f3n del Bofedal de Pampa Lagunillas, afectado por la explotaci\u00f3n minera.<\/p>\n<p>\u00a0<\/p>\n\n\n<p>\u00a0\u00a0<\/p>\n\n<p>A lo largo del dise\u00f1o e implementaci\u00f3n del monitoreo ambiental comunitario se estudiaron y establecieron l\u00edneas de base de las componentes de flora y vegetaci\u00f3n del lugar. Adem\u00e1s, se realiz\u00f3 un estudio de los organismos que viven en el agua y que ayudan a mantener el equilibrio del bofedal. Por otra parte, se consider\u00f3 el componente hidrogeol\u00f3gico para entender el funcionamiento del acu\u00edfero y conocer su evoluci\u00f3n.<\/p>\n<p>\u00a0\u00a0<\/p>\n\n<p>A partir de los datos recogidos en las diferentes campa\u00f1as cient\u00edficas que se llevaron a cabo junto a gestores y monitores ambientales de la comunidad, se logr\u00f3 levantar alertas tempranas y analizar impactos en el ecosistema del Bofedal de Pampa Lagunillas.<\/p>\n<p>\u00a0<\/p>\n\n<p>Tambi\u00e9n, se construyeron las bases para una gobernanza ambiental local con un modelo de gesti\u00f3n comunitaria que puede replicarse y trasladarse a otras \u00e1reas y dimensiones del territorio de Cancosa, como, por ejemplo, posicionar un equipo de gesti\u00f3n local en torno a una estrategia de turismo comunitario responsable.<\/p>\n<p>\u00a0<\/p>\n\n<p>\u201cHa sido un privilegio trabajar junto a la comunidad para la puesta en valor del territorio a trav\u00e9s de retomar y proponer un modelo nuevo de co-monitoreo ambiental comunitario. Este caso, adem\u00e1s, tiene una relevancia que trasciende a la comunidad entendiendo que puede constituirse en un hito que marque lineamientos futuros para el trabajo en y con los territorios m\u00e1s all\u00e1 del impacto en Pampa Lagunillas\u201d, se\u00f1al\u00f3 Patricia Breuer Moreno, investigadora del Grupo de Ambientes Extremos del Centro C+, respecto a los se\u00f1alado anteriormente. \u00a0<\/p>\n\n<figure><img decoding=\"async\" src=\"https:\/\/cmas.udd.cl\/wp-content\/uploads\/2025\/06\/DSC_7851-1024x681.jpg\" alt=\"\" \/><\/figure>\n\n<p>\u00a0<\/p>\n<p>La consolidaci\u00f3n de esta experiencia permiti\u00f3 generar nuevas formas de participaci\u00f3n, visibilizando el aporte de actores como los serenos, crear y poner en valor el rol de los monitores ambientales y de un equipo local de profesionales j\u00f3venes de la comunidad preocupados y ocupados en la preservaci\u00f3n de su territorio.<\/p>\n<p>\u00a0<\/p>\n\n\n<p>\u201cPara m\u00ed ser parte de la unidad ambiental como comunera significa tomar una gran responsabilidad, por estar realizando acciones en pos de nuestra comunidad y en pos de nuestro medio ambiente. Yo creo que es s\u00faper importante como mujer Aymara de Cancosa resguardar nuestro patrimonio ambiental y estar en esta unidad significa eso, trabajar y aportar para que se mantenga, se resguarde, se super vigile la conservaci\u00f3n de Lagunillas\u201d, agreg\u00f3 Janett Challapa, Gestora Local, Unidad Medio Ambiental CIAC.<\/p>\n<p>\u00a0<\/p>\n\n<p>\u201cEsta iniciativa ha sido un hito importante para nuestra comunidad principalmente porque est\u00e1 logrando la uni\u00f3n en funci\u00f3n del objetivo com\u00fan que es recuperaci\u00f3n y la conservaci\u00f3n del bofedal Lagunillas y Laguna Huantija y todo su entorno y alrededores\u201d, se\u00f1al\u00f3 Antonio Mamani, Gestor Local CIAC.<\/p>\n<p>\u00a0<\/p>\n\n<p>Por \u00faltimo, Petra Wallem, investigadora encargada del proyecto y miembro del Centro C+ de Ingenier\u00eda UDD, agreg\u00f3 que \u201cobservar c\u00f3mo la comunidad Ind\u00edgena Aymara de Cancosa se ha ido apropiando de conceptos y palabras desconocidas, de un entendimiento cient\u00edfico de su territorio; y, por otra parte, nosotros los expertos aprender de ellos las palabras y el entendimiento Aymara del territorio ha sido un intercambio enriquecedor para todos. Hoy los comuneros tienen herramientas para la gesti\u00f3n ambiental de su territorio, que les permitir\u00e1 defenderlo y asumir responsabilidad ante los desaf\u00edos que tienen por delante, en el marco de la crisis ambiental que enfrentamos todos.\u201d<\/p>\n<p>\u00a0\u00a0<\/p>\n\n<p>La continuidad de este proceso requiere acompa\u00f1amiento sostenido, inversi\u00f3n en equipamiento b\u00e1sico, apoyo t\u00e9cnico en gesti\u00f3n de proyectos, compromiso e involucramiento de los j\u00f3venes profesionales de la misma comunidad para garantizar su sostenibilidad en el tiempo de generaci\u00f3n en generaci\u00f3n.<\/p>\n<p>\u00a0\u00a0<\/p>\n\n<p>Para ello, la comunidad en asamblea ha aprobado la continuidad de este proyecto, a trav\u00e9s de nuevas l\u00edneas estrat\u00e9gicas, con el fin de fortalecer el monitoreo ambiental comunitario en Pampa Lagunillas; as\u00ed como avanzar en la consolidaci\u00f3n de la Unidad Medioambiental local m\u00e1s all\u00e1 del Bofedal de Pampa Lagunillas. Asimismo, se buscar\u00e1 visibilizar este modelo como \u201ccaso de estudio\u201d ayudando al posicionamiento de la comunidad como referentes de otras comunidades ind\u00edgenas, y modelo de inter\u00e9s p\u00fablico y acad\u00e9mico.<\/p>\n<p>\u00a0\u00a0<\/p>\n\n<figure class=\"wp-block-gallery-1 is-layout-flex wp-block-gallery-is-layout-flex\">\n<figure><img decoding=\"async\" data-id=\"5648\" src=\"https:\/\/cmas.udd.cl\/wp-content\/uploads\/2025\/06\/DSC_9175-1024x681.jpg\" alt=\"\" \/><\/figure>\n\n<figure><img decoding=\"async\" data-id=\"5649\" src=\"https:\/\/cmas.udd.cl\/wp-content\/uploads\/2025\/06\/DSC_9082-1024x681.jpg\" alt=\"\" \/><\/figure>\n\n<figure><img decoding=\"async\" data-id=\"5647\" src=\"https:\/\/cmas.udd.cl\/wp-content\/uploads\/2025\/06\/DSC_9072-1024x681.jpg\" alt=\"\" \/><\/figure>\n\n<figure><img decoding=\"async\" data-id=\"5651\" src=\"https:\/\/cmas.udd.cl\/wp-content\/uploads\/2025\/06\/DSC_9022-1024x681.jpg\" alt=\"\" \/><\/figure>\n\n<figure><img decoding=\"async\" data-id=\"5650\" src=\"https:\/\/cmas.udd.cl\/wp-content\/uploads\/2025\/06\/DSC_7851-1-1024x681.jpg\" alt=\"\" \/><\/figure>\n\n<figure><img decoding=\"async\" data-id=\"5646\" src=\"https:\/\/cmas.udd.cl\/wp-content\/uploads\/2025\/06\/WhatsApp-Image-2025-06-13-at-12.45.41-1024x682.jpeg\" alt=\"\" \/><\/figure>\n\n<figure><img decoding=\"async\" data-id=\"3350\" src=\"https:\/\/cmas.udd.cl\/wp-content\/uploads\/2024\/05\/WhatsApp-Image-2024-05-24-at-12.34.27-3-1024x681.jpeg\" alt=\"\" \/>\n<figcaption>&#8220;Plan de Monitoreo Ambiental Comunitario para Pampa Lagunillas (PMACPL)\u201d Comunidad Ind\u00edgena Aymara de Cancosa. Regi\u00f3n de Tarapac\u00e1.<\/figcaption>\n<\/figure>\n<\/figure>","protected":false},"excerpt":{"rendered":"<p>Un a\u00f1o despu\u00e9s de iniciado el proyecto \u201cPlan de Monitoreo Ambiental Comunitario\u201d, en Pampa Lagunillas, que ten\u00eda como objetivo el co-dise\u00f1o de un monitoreo ambiental comunitario junto a la comunidad Ind\u00edgena Aymara de Cancosa, se demostr\u00f3 que esta implementaci\u00f3n es una herramienta estrat\u00e9gica no solo para la protecci\u00f3n de los recursos naturales, sino tambi\u00e9n para [&hellip;]<\/p>\n","protected":false},"featured_media":5646,"template":"","meta":{"_acf_changed":false},"filtro-de-portada":[],"grupo-de-investigacion":[106],"tipo-de-contenido":[],"class_list":["post-5919","noticia","type-noticia","status-publish","has-post-thumbnail","hentry","grupo-de-investigacion-extreme_environments"],"acf":[],"yoast_head":"<!-- This site is optimized with the Yoast SEO plugin v27.3 - https:\/\/yoast.com\/product\/yoast-seo-wordpress\/ -->\n<title>Proyecto de monitoreo ambiental y comunitario con comunidad ind\u00edgena del norte finaliza primer a\u00f1o de trabajo\u00a0 - C+<\/title>\n<meta name=\"robots\" content=\"index, follow, max-snippet:-1, max-image-preview:large, max-video-preview:-1\" \/>\n<link rel=\"canonical\" href=\"https:\/\/cmas.udd.cl\/en\/noticia\/proyecto-de-monitoreo-ambiental-y-comunitario-con-comunidad-indigena-del-norte-finaliza-primer-ano-de-trabajo-migrado\/\" \/>\n<meta property=\"og:locale\" content=\"en_US\" \/>\n<meta property=\"og:type\" content=\"article\" \/>\n<meta property=\"og:title\" content=\"Proyecto de monitoreo ambiental y comunitario con comunidad ind\u00edgena del norte finaliza primer a\u00f1o de trabajo\u00a0 - C+\" \/>\n<meta property=\"og:description\" content=\"Un a\u00f1o despu\u00e9s de iniciado el proyecto \u201cPlan de Monitoreo Ambiental Comunitario\u201d, en Pampa Lagunillas, que ten\u00eda como objetivo el co-dise\u00f1o de un monitoreo ambiental comunitario junto a la comunidad Ind\u00edgena Aymara de Cancosa, se demostr\u00f3 que esta implementaci\u00f3n es una herramienta estrat\u00e9gica no solo para la protecci\u00f3n de los recursos naturales, sino tambi\u00e9n para [&hellip;]\" \/>\n<meta property=\"og:url\" content=\"https:\/\/cmas.udd.cl\/en\/noticia\/proyecto-de-monitoreo-ambiental-y-comunitario-con-comunidad-indigena-del-norte-finaliza-primer-ano-de-trabajo-migrado\/\" \/>\n<meta property=\"og:site_name\" content=\"C+\" \/>\n<meta property=\"article:modified_time\" content=\"2025-07-02T00:08:35+00:00\" \/>\n<meta property=\"og:image\" content=\"https:\/\/cmas.udd.cl\/wp-content\/uploads\/2025\/06\/WhatsApp-Image-2025-06-13-at-12.45.41.jpeg\" \/>\n\t<meta property=\"og:image:width\" content=\"1226\" \/>\n\t<meta property=\"og:image:height\" content=\"816\" \/>\n\t<meta property=\"og:image:type\" content=\"image\/jpeg\" \/>\n<meta name=\"twitter:card\" content=\"summary_large_image\" \/>\n<meta name=\"twitter:label1\" content=\"Est. reading time\" \/>\n\t<meta name=\"twitter:data1\" content=\"4 minutes\" \/>\n<script type=\"application\/ld+json\" class=\"yoast-schema-graph\">{\"@context\":\"https:\\\/\\\/schema.org\",\"@graph\":[{\"@type\":\"WebPage\",\"@id\":\"https:\\\/\\\/cmas.udd.cl\\\/noticia\\\/proyecto-de-monitoreo-ambiental-y-comunitario-con-comunidad-indigena-del-norte-finaliza-primer-ano-de-trabajo-migrado\\\/\",\"url\":\"https:\\\/\\\/cmas.udd.cl\\\/noticia\\\/proyecto-de-monitoreo-ambiental-y-comunitario-con-comunidad-indigena-del-norte-finaliza-primer-ano-de-trabajo-migrado\\\/\",\"name\":\"Proyecto de monitoreo ambiental y comunitario con comunidad ind\u00edgena del norte finaliza primer a\u00f1o de trabajo\u00a0 - C+\",\"isPartOf\":{\"@id\":\"https:\\\/\\\/cmas.udd.cl\\\/#website\"},\"primaryImageOfPage\":{\"@id\":\"https:\\\/\\\/cmas.udd.cl\\\/noticia\\\/proyecto-de-monitoreo-ambiental-y-comunitario-con-comunidad-indigena-del-norte-finaliza-primer-ano-de-trabajo-migrado\\\/#primaryimage\"},\"image\":{\"@id\":\"https:\\\/\\\/cmas.udd.cl\\\/noticia\\\/proyecto-de-monitoreo-ambiental-y-comunitario-con-comunidad-indigena-del-norte-finaliza-primer-ano-de-trabajo-migrado\\\/#primaryimage\"},\"thumbnailUrl\":\"https:\\\/\\\/cmas.udd.cl\\\/wp-content\\\/uploads\\\/2025\\\/06\\\/WhatsApp-Image-2025-06-13-at-12.45.41.jpeg\",\"datePublished\":\"2025-06-16T15:15:21+00:00\",\"dateModified\":\"2025-07-02T00:08:35+00:00\",\"breadcrumb\":{\"@id\":\"https:\\\/\\\/cmas.udd.cl\\\/noticia\\\/proyecto-de-monitoreo-ambiental-y-comunitario-con-comunidad-indigena-del-norte-finaliza-primer-ano-de-trabajo-migrado\\\/#breadcrumb\"},\"inLanguage\":\"en-US\",\"potentialAction\":[{\"@type\":\"ReadAction\",\"target\":[\"https:\\\/\\\/cmas.udd.cl\\\/noticia\\\/proyecto-de-monitoreo-ambiental-y-comunitario-con-comunidad-indigena-del-norte-finaliza-primer-ano-de-trabajo-migrado\\\/\"]}]},{\"@type\":\"ImageObject\",\"inLanguage\":\"en-US\",\"@id\":\"https:\\\/\\\/cmas.udd.cl\\\/noticia\\\/proyecto-de-monitoreo-ambiental-y-comunitario-con-comunidad-indigena-del-norte-finaliza-primer-ano-de-trabajo-migrado\\\/#primaryimage\",\"url\":\"https:\\\/\\\/cmas.udd.cl\\\/wp-content\\\/uploads\\\/2025\\\/06\\\/WhatsApp-Image-2025-06-13-at-12.45.41.jpeg\",\"contentUrl\":\"https:\\\/\\\/cmas.udd.cl\\\/wp-content\\\/uploads\\\/2025\\\/06\\\/WhatsApp-Image-2025-06-13-at-12.45.41.jpeg\",\"width\":1226,\"height\":816},{\"@type\":\"BreadcrumbList\",\"@id\":\"https:\\\/\\\/cmas.udd.cl\\\/noticia\\\/proyecto-de-monitoreo-ambiental-y-comunitario-con-comunidad-indigena-del-norte-finaliza-primer-ano-de-trabajo-migrado\\\/#breadcrumb\",\"itemListElement\":[{\"@type\":\"ListItem\",\"position\":1,\"name\":\"Home\",\"item\":\"https:\\\/\\\/cmas.udd.cl\\\/\"},{\"@type\":\"ListItem\",\"position\":2,\"name\":\"Noticias\",\"item\":\"https:\\\/\\\/cmas.udd.cl\\\/Noticias\\\/\"},{\"@type\":\"ListItem\",\"position\":3,\"name\":\"Proyecto de monitoreo ambiental y comunitario con comunidad ind\u00edgena del norte finaliza primer a\u00f1o de trabajo\u00a0\"}]},{\"@type\":\"WebSite\",\"@id\":\"https:\\\/\\\/cmas.udd.cl\\\/#website\",\"url\":\"https:\\\/\\\/cmas.udd.cl\\\/\",\"name\":\"C+\",\"description\":\"Centro Investigaci\u00f3n enTecnolog\u00edas para la Sociedad\",\"publisher\":{\"@id\":\"https:\\\/\\\/cmas.udd.cl\\\/#organization\"},\"potentialAction\":[{\"@type\":\"SearchAction\",\"target\":{\"@type\":\"EntryPoint\",\"urlTemplate\":\"https:\\\/\\\/cmas.udd.cl\\\/?s={search_term_string}\"},\"query-input\":{\"@type\":\"PropertyValueSpecification\",\"valueRequired\":true,\"valueName\":\"search_term_string\"}}],\"inLanguage\":\"en-US\"},{\"@type\":\"Organization\",\"@id\":\"https:\\\/\\\/cmas.udd.cl\\\/#organization\",\"name\":\"C+\",\"url\":\"https:\\\/\\\/cmas.udd.cl\\\/\",\"logo\":{\"@type\":\"ImageObject\",\"inLanguage\":\"en-US\",\"@id\":\"https:\\\/\\\/cmas.udd.cl\\\/#\\\/schema\\\/logo\\\/image\\\/\",\"url\":\"https:\\\/\\\/cmas.udd.cl\\\/wp-content\\\/uploads\\\/2023\\\/05\\\/Logo-compuesto-UDD-Cmas.png\",\"contentUrl\":\"https:\\\/\\\/cmas.udd.cl\\\/wp-content\\\/uploads\\\/2023\\\/05\\\/Logo-compuesto-UDD-Cmas.png\",\"width\":695,\"height\":72,\"caption\":\"C+\"},\"image\":{\"@id\":\"https:\\\/\\\/cmas.udd.cl\\\/#\\\/schema\\\/logo\\\/image\\\/\"}}]}<\/script>\n<!-- \/ Yoast SEO plugin. -->","yoast_head_json":{"title":"Proyecto de monitoreo ambiental y comunitario con comunidad ind\u00edgena del norte finaliza primer a\u00f1o de trabajo\u00a0 - C+","robots":{"index":"index","follow":"follow","max-snippet":"max-snippet:-1","max-image-preview":"max-image-preview:large","max-video-preview":"max-video-preview:-1"},"canonical":"https:\/\/cmas.udd.cl\/en\/noticia\/proyecto-de-monitoreo-ambiental-y-comunitario-con-comunidad-indigena-del-norte-finaliza-primer-ano-de-trabajo-migrado\/","og_locale":"en_US","og_type":"article","og_title":"Proyecto de monitoreo ambiental y comunitario con comunidad ind\u00edgena del norte finaliza primer a\u00f1o de trabajo\u00a0 - C+","og_description":"Un a\u00f1o despu\u00e9s de iniciado el proyecto \u201cPlan de Monitoreo Ambiental Comunitario\u201d, en Pampa Lagunillas, que ten\u00eda como objetivo el co-dise\u00f1o de un monitoreo ambiental comunitario junto a la comunidad Ind\u00edgena Aymara de Cancosa, se demostr\u00f3 que esta implementaci\u00f3n es una herramienta estrat\u00e9gica no solo para la protecci\u00f3n de los recursos naturales, sino tambi\u00e9n para [&hellip;]","og_url":"https:\/\/cmas.udd.cl\/en\/noticia\/proyecto-de-monitoreo-ambiental-y-comunitario-con-comunidad-indigena-del-norte-finaliza-primer-ano-de-trabajo-migrado\/","og_site_name":"C+","article_modified_time":"2025-07-02T00:08:35+00:00","og_image":[{"width":1226,"height":816,"url":"https:\/\/cmas.udd.cl\/wp-content\/uploads\/2025\/06\/WhatsApp-Image-2025-06-13-at-12.45.41.jpeg","type":"image\/jpeg"}],"twitter_card":"summary_large_image","twitter_misc":{"Est. reading time":"4 minutes"},"schema":{"@context":"https:\/\/schema.org","@graph":[{"@type":"WebPage","@id":"https:\/\/cmas.udd.cl\/noticia\/proyecto-de-monitoreo-ambiental-y-comunitario-con-comunidad-indigena-del-norte-finaliza-primer-ano-de-trabajo-migrado\/","url":"https:\/\/cmas.udd.cl\/noticia\/proyecto-de-monitoreo-ambiental-y-comunitario-con-comunidad-indigena-del-norte-finaliza-primer-ano-de-trabajo-migrado\/","name":"Proyecto de monitoreo ambiental y comunitario con comunidad ind\u00edgena del norte finaliza primer a\u00f1o de trabajo\u00a0 - C+","isPartOf":{"@id":"https:\/\/cmas.udd.cl\/#website"},"primaryImageOfPage":{"@id":"https:\/\/cmas.udd.cl\/noticia\/proyecto-de-monitoreo-ambiental-y-comunitario-con-comunidad-indigena-del-norte-finaliza-primer-ano-de-trabajo-migrado\/#primaryimage"},"image":{"@id":"https:\/\/cmas.udd.cl\/noticia\/proyecto-de-monitoreo-ambiental-y-comunitario-con-comunidad-indigena-del-norte-finaliza-primer-ano-de-trabajo-migrado\/#primaryimage"},"thumbnailUrl":"https:\/\/cmas.udd.cl\/wp-content\/uploads\/2025\/06\/WhatsApp-Image-2025-06-13-at-12.45.41.jpeg","datePublished":"2025-06-16T15:15:21+00:00","dateModified":"2025-07-02T00:08:35+00:00","breadcrumb":{"@id":"https:\/\/cmas.udd.cl\/noticia\/proyecto-de-monitoreo-ambiental-y-comunitario-con-comunidad-indigena-del-norte-finaliza-primer-ano-de-trabajo-migrado\/#breadcrumb"},"inLanguage":"en-US","potentialAction":[{"@type":"ReadAction","target":["https:\/\/cmas.udd.cl\/noticia\/proyecto-de-monitoreo-ambiental-y-comunitario-con-comunidad-indigena-del-norte-finaliza-primer-ano-de-trabajo-migrado\/"]}]},{"@type":"ImageObject","inLanguage":"en-US","@id":"https:\/\/cmas.udd.cl\/noticia\/proyecto-de-monitoreo-ambiental-y-comunitario-con-comunidad-indigena-del-norte-finaliza-primer-ano-de-trabajo-migrado\/#primaryimage","url":"https:\/\/cmas.udd.cl\/wp-content\/uploads\/2025\/06\/WhatsApp-Image-2025-06-13-at-12.45.41.jpeg","contentUrl":"https:\/\/cmas.udd.cl\/wp-content\/uploads\/2025\/06\/WhatsApp-Image-2025-06-13-at-12.45.41.jpeg","width":1226,"height":816},{"@type":"BreadcrumbList","@id":"https:\/\/cmas.udd.cl\/noticia\/proyecto-de-monitoreo-ambiental-y-comunitario-con-comunidad-indigena-del-norte-finaliza-primer-ano-de-trabajo-migrado\/#breadcrumb","itemListElement":[{"@type":"ListItem","position":1,"name":"Home","item":"https:\/\/cmas.udd.cl\/"},{"@type":"ListItem","position":2,"name":"Noticias","item":"https:\/\/cmas.udd.cl\/Noticias\/"},{"@type":"ListItem","position":3,"name":"Proyecto de monitoreo ambiental y comunitario con comunidad ind\u00edgena del norte finaliza primer a\u00f1o de trabajo\u00a0"}]},{"@type":"WebSite","@id":"https:\/\/cmas.udd.cl\/#website","url":"https:\/\/cmas.udd.cl\/","name":"C+","description":"Centro Investigaci\u00f3n enTecnolog\u00edas para la Sociedad","publisher":{"@id":"https:\/\/cmas.udd.cl\/#organization"},"potentialAction":[{"@type":"SearchAction","target":{"@type":"EntryPoint","urlTemplate":"https:\/\/cmas.udd.cl\/?s={search_term_string}"},"query-input":{"@type":"PropertyValueSpecification","valueRequired":true,"valueName":"search_term_string"}}],"inLanguage":"en-US"},{"@type":"Organization","@id":"https:\/\/cmas.udd.cl\/#organization","name":"C+","url":"https:\/\/cmas.udd.cl\/","logo":{"@type":"ImageObject","inLanguage":"en-US","@id":"https:\/\/cmas.udd.cl\/#\/schema\/logo\/image\/","url":"https:\/\/cmas.udd.cl\/wp-content\/uploads\/2023\/05\/Logo-compuesto-UDD-Cmas.png","contentUrl":"https:\/\/cmas.udd.cl\/wp-content\/uploads\/2023\/05\/Logo-compuesto-UDD-Cmas.png","width":695,"height":72,"caption":"C+"},"image":{"@id":"https:\/\/cmas.udd.cl\/#\/schema\/logo\/image\/"}}]}},"_links":{"self":[{"href":"https:\/\/cmas.udd.cl\/en\/wp-json\/wp\/v2\/noticia\/5919","targetHints":{"allow":["GET"]}}],"collection":[{"href":"https:\/\/cmas.udd.cl\/en\/wp-json\/wp\/v2\/noticia"}],"about":[{"href":"https:\/\/cmas.udd.cl\/en\/wp-json\/wp\/v2\/types\/noticia"}],"version-history":[{"count":0,"href":"https:\/\/cmas.udd.cl\/en\/wp-json\/wp\/v2\/noticia\/5919\/revisions"}],"wp:featuredmedia":[{"embeddable":true,"href":"https:\/\/cmas.udd.cl\/en\/wp-json\/wp\/v2\/media\/5646"}],"wp:attachment":[{"href":"https:\/\/cmas.udd.cl\/en\/wp-json\/wp\/v2\/media?parent=5919"}],"wp:term":[{"taxonomy":"filtro-de-portada","embeddable":true,"href":"https:\/\/cmas.udd.cl\/en\/wp-json\/wp\/v2\/filtro-de-portada?post=5919"},{"taxonomy":"grupo-de-investigacion","embeddable":true,"href":"https:\/\/cmas.udd.cl\/en\/wp-json\/wp\/v2\/grupo-de-investigacion?post=5919"},{"taxonomy":"tipo-de-contenido","embeddable":true,"href":"https:\/\/cmas.udd.cl\/en\/wp-json\/wp\/v2\/tipo-de-contenido?post=5919"}],"curies":[{"name":"wp","href":"https:\/\/api.w.org\/{rel}","templated":true}]}}