{"id":5917,"date":"2025-06-06T14:45:59","date_gmt":"2025-06-06T14:45:59","guid":{"rendered":"https:\/\/cmas.udd.cl\/?post_type=noticia&#038;p=5615"},"modified":"2025-07-02T00:08:35","modified_gmt":"2025-07-02T00:08:35","slug":"expertos-se-reunen-a-conversar-sobre-desafios-y-produccion-de-litio-en-chile-migrado","status":"publish","type":"noticia","link":"https:\/\/cmas.udd.cl\/en\/noticia\/expertos-se-reunen-a-conversar-sobre-desafios-y-produccion-de-litio-en-chile-migrado\/","title":{"rendered":"Expertos se re\u00fanen a conversar sobre desaf\u00edos y producci\u00f3n de Litio en Chile"},"content":{"rendered":"<p>Hace algunos d\u00edas se realiz\u00f3 el desayuno \u201cDi\u00e1logo sobre el futuro del Litio en Chile\u201d, un espacio de conversaci\u00f3n para an\u00e1lisis constructivo y colaborativo para impulsar el negocio del Litio.\u00a0<br \/>\u00a0<br \/>A la actividad asistieron diversas autoridades del Centro de Investigaci\u00f3n en Tecnolog\u00edas para la Sociedad (C+) y la Facultad de Ingenier\u00eda UDD, como el director del Centro C+, Camilo Rodr\u00edguez, la investigadora y docente de Geolog\u00eda Julietta Zamora, el director de la carrera de Geolog\u00eda, Andr\u00e9s Escare, el director de Vinculaci\u00f3n con el Medio de Ingenier\u00eda, Sebasti\u00e1n Figueroa y diversas autoridades, asesores y representantes de empresas, organizaciones e instituciones del \u00e1mbito p\u00fablico y privado de nuestro pa\u00eds. \u00a0<br \/>\u00a0<\/p>\n\n<figure><img decoding=\"async\" src=\"https:\/\/cmas.udd.cl\/wp-content\/uploads\/2025\/06\/WhatsApp-Image-2025-06-05-at-11.54.19-4-1024x681.jpeg\" alt=\"\" \/><\/figure>\n\n<p>La instancia tambi\u00e9n sirvi\u00f3 para conversar y exponer ideas sobre los desaf\u00edos que conlleva la producci\u00f3n de Litio y los pasos a seguir para avanzar en el desarrollo del negocio en Chile.\u00a0\u00a0<\/p>\n\n\n<p>\u00a0<\/p>\n\n<p>\u00a0<\/p>\n<p>Por \u00faltimo, algunos de los expertos presentaron sobre diversos temas relacionados a la producci\u00f3n, demanda y transici\u00f3n energ\u00e9tica de nuestro pa\u00eds, con el fin de que se generara una conversaci\u00f3n entre los asistentes en torno a este tema de actualidad.\u00a0\u00a0<\/p>\n<p>\u00a0<\/p>\n\n<p>\u00a0<\/p>\n\n<figure class=\"wp-block-gallery-1 is-layout-flex wp-block-gallery-is-layout-flex\">\n<figure><img decoding=\"async\" data-id=\"5618\" src=\"https:\/\/cmas.udd.cl\/wp-content\/uploads\/2025\/06\/WhatsApp-Image-2025-06-05-at-11.54.19-4-1-1024x681.jpeg\" alt=\"\" \/><\/figure>\n\n<figure><img decoding=\"async\" data-id=\"5619\" src=\"https:\/\/cmas.udd.cl\/wp-content\/uploads\/2025\/06\/WhatsApp-Image-2025-06-05-at-11.54.19-3-1024x681.jpeg\" alt=\"\" \/><\/figure>\n\n<figure><img decoding=\"async\" data-id=\"5617\" src=\"https:\/\/cmas.udd.cl\/wp-content\/uploads\/2025\/06\/WhatsApp-Image-2025-06-05-at-11.54.19-2-1024x681.jpeg\" alt=\"\" \/><\/figure>\n\n<figure><img decoding=\"async\" data-id=\"5621\" src=\"https:\/\/cmas.udd.cl\/wp-content\/uploads\/2025\/06\/WhatsApp-Image-2025-06-05-at-11.54.19-1-1024x681.jpeg\" alt=\"\" \/><\/figure>\n\n<figure><img decoding=\"async\" data-id=\"5620\" src=\"https:\/\/cmas.udd.cl\/wp-content\/uploads\/2025\/06\/WhatsApp-Image-2025-06-05-at-11.54.19-1024x681.jpeg\" alt=\"\" \/><\/figure>\n<\/figure>","protected":false},"excerpt":{"rendered":"<p>Hace algunos d\u00edas se realiz\u00f3 el desayuno \u201cDi\u00e1logo sobre el futuro del Litio en Chile\u201d, un espacio de conversaci\u00f3n para an\u00e1lisis constructivo y colaborativo para impulsar el negocio del Litio.\u00a0\u00a0A la actividad asistieron diversas autoridades del Centro de Investigaci\u00f3n en Tecnolog\u00edas para la Sociedad (C+) y la Facultad de Ingenier\u00eda UDD, como el director del [&hellip;]<\/p>\n","protected":false},"featured_media":5618,"template":"","meta":{"_acf_changed":false},"filtro-de-portada":[],"grupo-de-investigacion":[107],"tipo-de-contenido":[],"class_list":["post-5917","noticia","type-noticia","status-publish","has-post-thumbnail","hentry","grupo-de-investigacion-future_elements"],"acf":[],"yoast_head":"<!-- This site is optimized with the Yoast SEO plugin v27.3 - https:\/\/yoast.com\/product\/yoast-seo-wordpress\/ -->\n<title>Expertos se re\u00fanen a conversar sobre desaf\u00edos y producci\u00f3n de Litio en Chile - C+<\/title>\n<meta name=\"robots\" content=\"index, follow, max-snippet:-1, max-image-preview:large, max-video-preview:-1\" \/>\n<link rel=\"canonical\" href=\"https:\/\/cmas.udd.cl\/en\/noticia\/expertos-se-reunen-a-conversar-sobre-desafios-y-produccion-de-litio-en-chile-migrado\/\" \/>\n<meta property=\"og:locale\" content=\"en_US\" \/>\n<meta property=\"og:type\" content=\"article\" \/>\n<meta property=\"og:title\" content=\"Expertos se re\u00fanen a conversar sobre desaf\u00edos y producci\u00f3n de Litio en Chile - C+\" \/>\n<meta property=\"og:description\" content=\"Hace algunos d\u00edas se realiz\u00f3 el desayuno \u201cDi\u00e1logo sobre el futuro del Litio en Chile\u201d, un espacio de conversaci\u00f3n para an\u00e1lisis constructivo y colaborativo para impulsar el negocio del Litio.\u00a0\u00a0A la actividad asistieron diversas autoridades del Centro de Investigaci\u00f3n en Tecnolog\u00edas para la Sociedad (C+) y la Facultad de Ingenier\u00eda UDD, como el director del [&hellip;]\" \/>\n<meta property=\"og:url\" content=\"https:\/\/cmas.udd.cl\/en\/noticia\/expertos-se-reunen-a-conversar-sobre-desafios-y-produccion-de-litio-en-chile-migrado\/\" \/>\n<meta property=\"og:site_name\" content=\"C+\" \/>\n<meta property=\"article:modified_time\" content=\"2025-07-02T00:08:35+00:00\" \/>\n<meta property=\"og:image\" content=\"https:\/\/cmas.udd.cl\/wp-content\/uploads\/2025\/06\/WhatsApp-Image-2025-06-05-at-11.54.19-4-1.jpeg\" \/>\n\t<meta property=\"og:image:width\" content=\"1600\" \/>\n\t<meta property=\"og:image:height\" content=\"1064\" \/>\n\t<meta property=\"og:image:type\" content=\"image\/jpeg\" \/>\n<meta name=\"twitter:card\" content=\"summary_large_image\" \/>\n<meta name=\"twitter:label1\" content=\"Est. reading time\" \/>\n\t<meta name=\"twitter:data1\" content=\"1 minute\" \/>\n<script type=\"application\/ld+json\" class=\"yoast-schema-graph\">{\"@context\":\"https:\\\/\\\/schema.org\",\"@graph\":[{\"@type\":\"WebPage\",\"@id\":\"https:\\\/\\\/cmas.udd.cl\\\/noticia\\\/expertos-se-reunen-a-conversar-sobre-desafios-y-produccion-de-litio-en-chile-migrado\\\/\",\"url\":\"https:\\\/\\\/cmas.udd.cl\\\/noticia\\\/expertos-se-reunen-a-conversar-sobre-desafios-y-produccion-de-litio-en-chile-migrado\\\/\",\"name\":\"Expertos se re\u00fanen a conversar sobre desaf\u00edos y producci\u00f3n de Litio en Chile - C+\",\"isPartOf\":{\"@id\":\"https:\\\/\\\/cmas.udd.cl\\\/#website\"},\"primaryImageOfPage\":{\"@id\":\"https:\\\/\\\/cmas.udd.cl\\\/noticia\\\/expertos-se-reunen-a-conversar-sobre-desafios-y-produccion-de-litio-en-chile-migrado\\\/#primaryimage\"},\"image\":{\"@id\":\"https:\\\/\\\/cmas.udd.cl\\\/noticia\\\/expertos-se-reunen-a-conversar-sobre-desafios-y-produccion-de-litio-en-chile-migrado\\\/#primaryimage\"},\"thumbnailUrl\":\"https:\\\/\\\/cmas.udd.cl\\\/wp-content\\\/uploads\\\/2025\\\/06\\\/WhatsApp-Image-2025-06-05-at-11.54.19-4-1.jpeg\",\"datePublished\":\"2025-06-06T14:45:59+00:00\",\"dateModified\":\"2025-07-02T00:08:35+00:00\",\"breadcrumb\":{\"@id\":\"https:\\\/\\\/cmas.udd.cl\\\/noticia\\\/expertos-se-reunen-a-conversar-sobre-desafios-y-produccion-de-litio-en-chile-migrado\\\/#breadcrumb\"},\"inLanguage\":\"en-US\",\"potentialAction\":[{\"@type\":\"ReadAction\",\"target\":[\"https:\\\/\\\/cmas.udd.cl\\\/noticia\\\/expertos-se-reunen-a-conversar-sobre-desafios-y-produccion-de-litio-en-chile-migrado\\\/\"]}]},{\"@type\":\"ImageObject\",\"inLanguage\":\"en-US\",\"@id\":\"https:\\\/\\\/cmas.udd.cl\\\/noticia\\\/expertos-se-reunen-a-conversar-sobre-desafios-y-produccion-de-litio-en-chile-migrado\\\/#primaryimage\",\"url\":\"https:\\\/\\\/cmas.udd.cl\\\/wp-content\\\/uploads\\\/2025\\\/06\\\/WhatsApp-Image-2025-06-05-at-11.54.19-4-1.jpeg\",\"contentUrl\":\"https:\\\/\\\/cmas.udd.cl\\\/wp-content\\\/uploads\\\/2025\\\/06\\\/WhatsApp-Image-2025-06-05-at-11.54.19-4-1.jpeg\",\"width\":1600,\"height\":1064},{\"@type\":\"BreadcrumbList\",\"@id\":\"https:\\\/\\\/cmas.udd.cl\\\/noticia\\\/expertos-se-reunen-a-conversar-sobre-desafios-y-produccion-de-litio-en-chile-migrado\\\/#breadcrumb\",\"itemListElement\":[{\"@type\":\"ListItem\",\"position\":1,\"name\":\"Home\",\"item\":\"https:\\\/\\\/cmas.udd.cl\\\/\"},{\"@type\":\"ListItem\",\"position\":2,\"name\":\"Noticias\",\"item\":\"https:\\\/\\\/cmas.udd.cl\\\/Noticias\\\/\"},{\"@type\":\"ListItem\",\"position\":3,\"name\":\"Expertos se re\u00fanen a conversar sobre desaf\u00edos y producci\u00f3n de Litio en Chile\"}]},{\"@type\":\"WebSite\",\"@id\":\"https:\\\/\\\/cmas.udd.cl\\\/#website\",\"url\":\"https:\\\/\\\/cmas.udd.cl\\\/\",\"name\":\"C+\",\"description\":\"Centro Investigaci\u00f3n enTecnolog\u00edas para la Sociedad\",\"publisher\":{\"@id\":\"https:\\\/\\\/cmas.udd.cl\\\/#organization\"},\"potentialAction\":[{\"@type\":\"SearchAction\",\"target\":{\"@type\":\"EntryPoint\",\"urlTemplate\":\"https:\\\/\\\/cmas.udd.cl\\\/?s={search_term_string}\"},\"query-input\":{\"@type\":\"PropertyValueSpecification\",\"valueRequired\":true,\"valueName\":\"search_term_string\"}}],\"inLanguage\":\"en-US\"},{\"@type\":\"Organization\",\"@id\":\"https:\\\/\\\/cmas.udd.cl\\\/#organization\",\"name\":\"C+\",\"url\":\"https:\\\/\\\/cmas.udd.cl\\\/\",\"logo\":{\"@type\":\"ImageObject\",\"inLanguage\":\"en-US\",\"@id\":\"https:\\\/\\\/cmas.udd.cl\\\/#\\\/schema\\\/logo\\\/image\\\/\",\"url\":\"https:\\\/\\\/cmas.udd.cl\\\/wp-content\\\/uploads\\\/2023\\\/05\\\/Logo-compuesto-UDD-Cmas.png\",\"contentUrl\":\"https:\\\/\\\/cmas.udd.cl\\\/wp-content\\\/uploads\\\/2023\\\/05\\\/Logo-compuesto-UDD-Cmas.png\",\"width\":695,\"height\":72,\"caption\":\"C+\"},\"image\":{\"@id\":\"https:\\\/\\\/cmas.udd.cl\\\/#\\\/schema\\\/logo\\\/image\\\/\"}}]}<\/script>\n<!-- \/ Yoast SEO plugin. -->","yoast_head_json":{"title":"Expertos se re\u00fanen a conversar sobre desaf\u00edos y producci\u00f3n de Litio en Chile - C+","robots":{"index":"index","follow":"follow","max-snippet":"max-snippet:-1","max-image-preview":"max-image-preview:large","max-video-preview":"max-video-preview:-1"},"canonical":"https:\/\/cmas.udd.cl\/en\/noticia\/expertos-se-reunen-a-conversar-sobre-desafios-y-produccion-de-litio-en-chile-migrado\/","og_locale":"en_US","og_type":"article","og_title":"Expertos se re\u00fanen a conversar sobre desaf\u00edos y producci\u00f3n de Litio en Chile - C+","og_description":"Hace algunos d\u00edas se realiz\u00f3 el desayuno \u201cDi\u00e1logo sobre el futuro del Litio en Chile\u201d, un espacio de conversaci\u00f3n para an\u00e1lisis constructivo y colaborativo para impulsar el negocio del Litio.\u00a0\u00a0A la actividad asistieron diversas autoridades del Centro de Investigaci\u00f3n en Tecnolog\u00edas para la Sociedad (C+) y la Facultad de Ingenier\u00eda UDD, como el director del [&hellip;]","og_url":"https:\/\/cmas.udd.cl\/en\/noticia\/expertos-se-reunen-a-conversar-sobre-desafios-y-produccion-de-litio-en-chile-migrado\/","og_site_name":"C+","article_modified_time":"2025-07-02T00:08:35+00:00","og_image":[{"width":1600,"height":1064,"url":"https:\/\/cmas.udd.cl\/wp-content\/uploads\/2025\/06\/WhatsApp-Image-2025-06-05-at-11.54.19-4-1.jpeg","type":"image\/jpeg"}],"twitter_card":"summary_large_image","twitter_misc":{"Est. reading time":"1 minute"},"schema":{"@context":"https:\/\/schema.org","@graph":[{"@type":"WebPage","@id":"https:\/\/cmas.udd.cl\/noticia\/expertos-se-reunen-a-conversar-sobre-desafios-y-produccion-de-litio-en-chile-migrado\/","url":"https:\/\/cmas.udd.cl\/noticia\/expertos-se-reunen-a-conversar-sobre-desafios-y-produccion-de-litio-en-chile-migrado\/","name":"Expertos se re\u00fanen a conversar sobre desaf\u00edos y producci\u00f3n de Litio en Chile - C+","isPartOf":{"@id":"https:\/\/cmas.udd.cl\/#website"},"primaryImageOfPage":{"@id":"https:\/\/cmas.udd.cl\/noticia\/expertos-se-reunen-a-conversar-sobre-desafios-y-produccion-de-litio-en-chile-migrado\/#primaryimage"},"image":{"@id":"https:\/\/cmas.udd.cl\/noticia\/expertos-se-reunen-a-conversar-sobre-desafios-y-produccion-de-litio-en-chile-migrado\/#primaryimage"},"thumbnailUrl":"https:\/\/cmas.udd.cl\/wp-content\/uploads\/2025\/06\/WhatsApp-Image-2025-06-05-at-11.54.19-4-1.jpeg","datePublished":"2025-06-06T14:45:59+00:00","dateModified":"2025-07-02T00:08:35+00:00","breadcrumb":{"@id":"https:\/\/cmas.udd.cl\/noticia\/expertos-se-reunen-a-conversar-sobre-desafios-y-produccion-de-litio-en-chile-migrado\/#breadcrumb"},"inLanguage":"en-US","potentialAction":[{"@type":"ReadAction","target":["https:\/\/cmas.udd.cl\/noticia\/expertos-se-reunen-a-conversar-sobre-desafios-y-produccion-de-litio-en-chile-migrado\/"]}]},{"@type":"ImageObject","inLanguage":"en-US","@id":"https:\/\/cmas.udd.cl\/noticia\/expertos-se-reunen-a-conversar-sobre-desafios-y-produccion-de-litio-en-chile-migrado\/#primaryimage","url":"https:\/\/cmas.udd.cl\/wp-content\/uploads\/2025\/06\/WhatsApp-Image-2025-06-05-at-11.54.19-4-1.jpeg","contentUrl":"https:\/\/cmas.udd.cl\/wp-content\/uploads\/2025\/06\/WhatsApp-Image-2025-06-05-at-11.54.19-4-1.jpeg","width":1600,"height":1064},{"@type":"BreadcrumbList","@id":"https:\/\/cmas.udd.cl\/noticia\/expertos-se-reunen-a-conversar-sobre-desafios-y-produccion-de-litio-en-chile-migrado\/#breadcrumb","itemListElement":[{"@type":"ListItem","position":1,"name":"Home","item":"https:\/\/cmas.udd.cl\/"},{"@type":"ListItem","position":2,"name":"Noticias","item":"https:\/\/cmas.udd.cl\/Noticias\/"},{"@type":"ListItem","position":3,"name":"Expertos se re\u00fanen a conversar sobre desaf\u00edos y producci\u00f3n de Litio en Chile"}]},{"@type":"WebSite","@id":"https:\/\/cmas.udd.cl\/#website","url":"https:\/\/cmas.udd.cl\/","name":"C+","description":"Centro Investigaci\u00f3n enTecnolog\u00edas para la Sociedad","publisher":{"@id":"https:\/\/cmas.udd.cl\/#organization"},"potentialAction":[{"@type":"SearchAction","target":{"@type":"EntryPoint","urlTemplate":"https:\/\/cmas.udd.cl\/?s={search_term_string}"},"query-input":{"@type":"PropertyValueSpecification","valueRequired":true,"valueName":"search_term_string"}}],"inLanguage":"en-US"},{"@type":"Organization","@id":"https:\/\/cmas.udd.cl\/#organization","name":"C+","url":"https:\/\/cmas.udd.cl\/","logo":{"@type":"ImageObject","inLanguage":"en-US","@id":"https:\/\/cmas.udd.cl\/#\/schema\/logo\/image\/","url":"https:\/\/cmas.udd.cl\/wp-content\/uploads\/2023\/05\/Logo-compuesto-UDD-Cmas.png","contentUrl":"https:\/\/cmas.udd.cl\/wp-content\/uploads\/2023\/05\/Logo-compuesto-UDD-Cmas.png","width":695,"height":72,"caption":"C+"},"image":{"@id":"https:\/\/cmas.udd.cl\/#\/schema\/logo\/image\/"}}]}},"_links":{"self":[{"href":"https:\/\/cmas.udd.cl\/en\/wp-json\/wp\/v2\/noticia\/5917","targetHints":{"allow":["GET"]}}],"collection":[{"href":"https:\/\/cmas.udd.cl\/en\/wp-json\/wp\/v2\/noticia"}],"about":[{"href":"https:\/\/cmas.udd.cl\/en\/wp-json\/wp\/v2\/types\/noticia"}],"version-history":[{"count":0,"href":"https:\/\/cmas.udd.cl\/en\/wp-json\/wp\/v2\/noticia\/5917\/revisions"}],"wp:featuredmedia":[{"embeddable":true,"href":"https:\/\/cmas.udd.cl\/en\/wp-json\/wp\/v2\/media\/5618"}],"wp:attachment":[{"href":"https:\/\/cmas.udd.cl\/en\/wp-json\/wp\/v2\/media?parent=5917"}],"wp:term":[{"taxonomy":"filtro-de-portada","embeddable":true,"href":"https:\/\/cmas.udd.cl\/en\/wp-json\/wp\/v2\/filtro-de-portada?post=5917"},{"taxonomy":"grupo-de-investigacion","embeddable":true,"href":"https:\/\/cmas.udd.cl\/en\/wp-json\/wp\/v2\/grupo-de-investigacion?post=5917"},{"taxonomy":"tipo-de-contenido","embeddable":true,"href":"https:\/\/cmas.udd.cl\/en\/wp-json\/wp\/v2\/tipo-de-contenido?post=5917"}],"curies":[{"name":"wp","href":"https:\/\/api.w.org\/{rel}","templated":true}]}}