{"id":5913,"date":"2025-05-23T15:01:55","date_gmt":"2025-05-23T15:01:55","guid":{"rendered":"https:\/\/cmas.udd.cl\/?post_type=noticia&#038;p=5560"},"modified":"2025-07-02T00:08:35","modified_gmt":"2025-07-02T00:08:35","slug":"3er-encuentro-cientifico-por-la-cuenca-del-maipo-se-realiza-con-mas-de-100-asistentes-migrado","status":"publish","type":"noticia","link":"https:\/\/cmas.udd.cl\/en\/noticia\/3er-encuentro-cientifico-por-la-cuenca-del-maipo-se-realiza-con-mas-de-100-asistentes-migrado\/","title":{"rendered":"3er Encuentro Cient\u00edfico por la Cuenca del Maipo se realiza con m\u00e1s de 100 asistentes\u00a0\u00a0"},"content":{"rendered":"https:\/\/www.youtube.com\/watch?v=oyKQxbAOXdc\n<p>Con m\u00e1s de 100 asistentes se llev\u00f3 a cabo el 3er Encuentro Cient\u00edfico por la Cuenca del Maipo, la cual se realiz\u00f3 en la comuna de Talagante. \u00a0<\/p>\n<p><br \/>\u00a0<br \/>La actividad se realiz\u00f3 con el objetivo de ser un encuentro para instituciones, organizaciones e investigadores relacionados al estudio y situaci\u00f3n medioambiental en las cercan\u00edas del R\u00edo Maipo y sus afluentes.\u00a0<\/p>\n<p>\u00a0<\/p>\n\n<figure><img decoding=\"async\" src=\"https:\/\/cmas.udd.cl\/wp-content\/uploads\/2025\/05\/WhatsApp-Image-2025-05-22-at-14.47.32-1024x681.jpeg\" alt=\"\" \/><\/figure>\n\n<p>\u00a0<\/p>\n<p>Zo\u00eb Fleming, investigadora principal del Grupo EnviroHealth Dynamics del Centro de Investigaci\u00f3n en Tecnolog\u00edas para la Sociedad (C+) de la Facultad de Ingenier\u00eda UDD, particip\u00f3 del encuentro como miembro organizador y tambi\u00e9n como panelista en uno de los conversatorios y charlas que se realizaron.\u00a0\u00a0<\/p>\n<p>\u00a0<\/p>\n\n\n<p>\u201cEn esta tercera versi\u00f3n de este encuentro cient\u00edfico, que\u00a0realizamos por primera vez en San Jos\u00e9 de Maipo y, posteriormente, en la comuna de San Antonio, llegamos a la parte intermedia de la cuenca, cerca de la confluencia del Mapocho con el Maipo. Fue un momento\u00a0muy simb\u00f3lico, adem\u00e1s de interesante, ya que pudimos conocer a las organizaciones locales de Talagante que est\u00e1n haciendo trabajos de educaci\u00f3n ambiental y restauraci\u00f3n en el lugar\u201d, sostuvo la investigadora del Centro C+. \u00a0<\/p>\n<p>\u00a0<\/p>\n\n<p>Por otra parte, el proyecto \u201cVoluntarios por el Agua\u201d, que busca dar cuenta de la calidad del agua del r\u00edo, sus componentes y contaminaci\u00f3n, e iniciativa en el cual el Centro C+ colabora, cont\u00f3 con su propio stand de proyectos y presentaci\u00f3n en el espacio de charlas. \u00a0<\/p>\n<p><br \/>\u00a0<br \/>Por \u00faltimo, los asistentes pudieron conversar y compartir experiencias, adem\u00e1s de participar de talleres, charlas y stand que mostraban los trabajos e investigaciones realizadas en el lugar y de dos visitas a terreno en el r\u00edo Mapocho y lugares cercanos para revisar las restauraciones ecl\u00f3gicas y situaci\u00f3n ambiental del lugar.\u00a0<\/p>\n<p>Si quieres m\u00e1s detalles sobre la actividad, te invitamos a descargar este PDF: <a href=\"https:\/\/ingenieria.udd.cl\/files\/2025\/06\/librito-3ero-encuentro-cientifico-maipo-2025_compressed-1.pdf\"><strong>3er Encuentro Cient\u00edfico por la Cuenca del Maipo.\u00a0<\/strong><\/a><\/p>\n<p>\u00a0<\/p>\n\n<figure class=\"wp-block-gallery-1 is-layout-flex wp-block-gallery-is-layout-flex\">\n<figure><img decoding=\"async\" data-id=\"5564\" src=\"https:\/\/cmas.udd.cl\/wp-content\/uploads\/2025\/05\/WhatsApp-Image-2025-05-22-at-14.47.32-6-768x1024.jpeg\" alt=\"\" \/><\/figure>\n\n<figure><img decoding=\"async\" data-id=\"5565\" src=\"https:\/\/cmas.udd.cl\/wp-content\/uploads\/2025\/05\/WhatsApp-Image-2025-05-22-at-14.47.32-5-1024x768.jpeg\" alt=\"\" \/><\/figure>\n\n<figure><img decoding=\"async\" data-id=\"5562\" src=\"https:\/\/cmas.udd.cl\/wp-content\/uploads\/2025\/05\/WhatsApp-Image-2025-05-22-at-14.47.32-4-1024x768.jpeg\" alt=\"\" \/><\/figure>\n\n<figure><img decoding=\"async\" data-id=\"5568\" src=\"https:\/\/cmas.udd.cl\/wp-content\/uploads\/2025\/05\/WhatsApp-Image-2025-05-22-at-14.47.32-3-768x1024.jpeg\" alt=\"\" \/><\/figure>\n\n<figure><img decoding=\"async\" data-id=\"5567\" src=\"https:\/\/cmas.udd.cl\/wp-content\/uploads\/2025\/05\/WhatsApp-Image-2025-05-22-at-14.47.32-2-1024x681.jpeg\" alt=\"\" \/><\/figure>\n\n<figure><img decoding=\"async\" data-id=\"5566\" src=\"https:\/\/cmas.udd.cl\/wp-content\/uploads\/2025\/05\/WhatsApp-Image-2025-05-22-at-14.47.32-1-1-1024x681.jpeg\" alt=\"\" \/><\/figure>\n<\/figure>","protected":false},"excerpt":{"rendered":"<p>Con m\u00e1s de 100 asistentes se llev\u00f3 a cabo el 3er Encuentro Cient\u00edfico por la Cuenca del Maipo, la cual se realiz\u00f3 en la comuna de Talagante. \u00a0 \u00a0La actividad se realiz\u00f3 con el objetivo de ser un encuentro para instituciones, organizaciones e investigadores relacionados al estudio y situaci\u00f3n medioambiental en las cercan\u00edas del R\u00edo [&hellip;]<\/p>\n","protected":false},"featured_media":5567,"template":"","meta":{"_acf_changed":false},"filtro-de-portada":[],"grupo-de-investigacion":[103],"tipo-de-contenido":[],"class_list":["post-5913","noticia","type-noticia","status-publish","has-post-thumbnail","hentry","grupo-de-investigacion-enviro_health"],"acf":[],"yoast_head":"<!-- This site is optimized with the Yoast SEO plugin v27.3 - https:\/\/yoast.com\/product\/yoast-seo-wordpress\/ -->\n<title>3er Encuentro Cient\u00edfico por la Cuenca del Maipo se realiza con m\u00e1s de 100 asistentes\u00a0\u00a0 - C+<\/title>\n<meta name=\"robots\" content=\"index, follow, max-snippet:-1, max-image-preview:large, max-video-preview:-1\" \/>\n<link rel=\"canonical\" href=\"https:\/\/cmas.udd.cl\/en\/noticia\/3er-encuentro-cientifico-por-la-cuenca-del-maipo-se-realiza-con-mas-de-100-asistentes-migrado\/\" \/>\n<meta property=\"og:locale\" content=\"en_US\" \/>\n<meta property=\"og:type\" content=\"article\" \/>\n<meta property=\"og:title\" content=\"3er Encuentro Cient\u00edfico por la Cuenca del Maipo se realiza con m\u00e1s de 100 asistentes\u00a0\u00a0 - C+\" \/>\n<meta property=\"og:description\" content=\"Con m\u00e1s de 100 asistentes se llev\u00f3 a cabo el 3er Encuentro Cient\u00edfico por la Cuenca del Maipo, la cual se realiz\u00f3 en la comuna de Talagante. \u00a0 \u00a0La actividad se realiz\u00f3 con el objetivo de ser un encuentro para instituciones, organizaciones e investigadores relacionados al estudio y situaci\u00f3n medioambiental en las cercan\u00edas del R\u00edo [&hellip;]\" \/>\n<meta property=\"og:url\" content=\"https:\/\/cmas.udd.cl\/en\/noticia\/3er-encuentro-cientifico-por-la-cuenca-del-maipo-se-realiza-con-mas-de-100-asistentes-migrado\/\" \/>\n<meta property=\"og:site_name\" content=\"C+\" \/>\n<meta property=\"article:modified_time\" content=\"2025-07-02T00:08:35+00:00\" \/>\n<meta property=\"og:image\" content=\"https:\/\/cmas.udd.cl\/wp-content\/uploads\/2025\/05\/WhatsApp-Image-2025-05-22-at-14.47.32-2.jpeg\" \/>\n\t<meta property=\"og:image:width\" content=\"1600\" \/>\n\t<meta property=\"og:image:height\" content=\"1064\" \/>\n\t<meta property=\"og:image:type\" content=\"image\/jpeg\" \/>\n<meta name=\"twitter:card\" content=\"summary_large_image\" \/>\n<meta name=\"twitter:label1\" content=\"Est. reading time\" \/>\n\t<meta name=\"twitter:data1\" content=\"2 minutes\" \/>\n<script type=\"application\/ld+json\" class=\"yoast-schema-graph\">{\"@context\":\"https:\\\/\\\/schema.org\",\"@graph\":[{\"@type\":\"WebPage\",\"@id\":\"https:\\\/\\\/cmas.udd.cl\\\/noticia\\\/3er-encuentro-cientifico-por-la-cuenca-del-maipo-se-realiza-con-mas-de-100-asistentes-migrado\\\/\",\"url\":\"https:\\\/\\\/cmas.udd.cl\\\/noticia\\\/3er-encuentro-cientifico-por-la-cuenca-del-maipo-se-realiza-con-mas-de-100-asistentes-migrado\\\/\",\"name\":\"3er Encuentro Cient\u00edfico por la Cuenca del Maipo se realiza con m\u00e1s de 100 asistentes\u00a0\u00a0 - C+\",\"isPartOf\":{\"@id\":\"https:\\\/\\\/cmas.udd.cl\\\/#website\"},\"primaryImageOfPage\":{\"@id\":\"https:\\\/\\\/cmas.udd.cl\\\/noticia\\\/3er-encuentro-cientifico-por-la-cuenca-del-maipo-se-realiza-con-mas-de-100-asistentes-migrado\\\/#primaryimage\"},\"image\":{\"@id\":\"https:\\\/\\\/cmas.udd.cl\\\/noticia\\\/3er-encuentro-cientifico-por-la-cuenca-del-maipo-se-realiza-con-mas-de-100-asistentes-migrado\\\/#primaryimage\"},\"thumbnailUrl\":\"https:\\\/\\\/cmas.udd.cl\\\/wp-content\\\/uploads\\\/2025\\\/05\\\/WhatsApp-Image-2025-05-22-at-14.47.32-2.jpeg\",\"datePublished\":\"2025-05-23T15:01:55+00:00\",\"dateModified\":\"2025-07-02T00:08:35+00:00\",\"breadcrumb\":{\"@id\":\"https:\\\/\\\/cmas.udd.cl\\\/noticia\\\/3er-encuentro-cientifico-por-la-cuenca-del-maipo-se-realiza-con-mas-de-100-asistentes-migrado\\\/#breadcrumb\"},\"inLanguage\":\"en-US\",\"potentialAction\":[{\"@type\":\"ReadAction\",\"target\":[\"https:\\\/\\\/cmas.udd.cl\\\/noticia\\\/3er-encuentro-cientifico-por-la-cuenca-del-maipo-se-realiza-con-mas-de-100-asistentes-migrado\\\/\"]}]},{\"@type\":\"ImageObject\",\"inLanguage\":\"en-US\",\"@id\":\"https:\\\/\\\/cmas.udd.cl\\\/noticia\\\/3er-encuentro-cientifico-por-la-cuenca-del-maipo-se-realiza-con-mas-de-100-asistentes-migrado\\\/#primaryimage\",\"url\":\"https:\\\/\\\/cmas.udd.cl\\\/wp-content\\\/uploads\\\/2025\\\/05\\\/WhatsApp-Image-2025-05-22-at-14.47.32-2.jpeg\",\"contentUrl\":\"https:\\\/\\\/cmas.udd.cl\\\/wp-content\\\/uploads\\\/2025\\\/05\\\/WhatsApp-Image-2025-05-22-at-14.47.32-2.jpeg\",\"width\":1600,\"height\":1064},{\"@type\":\"BreadcrumbList\",\"@id\":\"https:\\\/\\\/cmas.udd.cl\\\/noticia\\\/3er-encuentro-cientifico-por-la-cuenca-del-maipo-se-realiza-con-mas-de-100-asistentes-migrado\\\/#breadcrumb\",\"itemListElement\":[{\"@type\":\"ListItem\",\"position\":1,\"name\":\"Home\",\"item\":\"https:\\\/\\\/cmas.udd.cl\\\/\"},{\"@type\":\"ListItem\",\"position\":2,\"name\":\"Noticias\",\"item\":\"https:\\\/\\\/cmas.udd.cl\\\/Noticias\\\/\"},{\"@type\":\"ListItem\",\"position\":3,\"name\":\"3er Encuentro Cient\u00edfico por la Cuenca del Maipo se realiza con m\u00e1s de 100 asistentes\u00a0\u00a0\"}]},{\"@type\":\"WebSite\",\"@id\":\"https:\\\/\\\/cmas.udd.cl\\\/#website\",\"url\":\"https:\\\/\\\/cmas.udd.cl\\\/\",\"name\":\"C+\",\"description\":\"Centro Investigaci\u00f3n enTecnolog\u00edas para la Sociedad\",\"publisher\":{\"@id\":\"https:\\\/\\\/cmas.udd.cl\\\/#organization\"},\"potentialAction\":[{\"@type\":\"SearchAction\",\"target\":{\"@type\":\"EntryPoint\",\"urlTemplate\":\"https:\\\/\\\/cmas.udd.cl\\\/?s={search_term_string}\"},\"query-input\":{\"@type\":\"PropertyValueSpecification\",\"valueRequired\":true,\"valueName\":\"search_term_string\"}}],\"inLanguage\":\"en-US\"},{\"@type\":\"Organization\",\"@id\":\"https:\\\/\\\/cmas.udd.cl\\\/#organization\",\"name\":\"C+\",\"url\":\"https:\\\/\\\/cmas.udd.cl\\\/\",\"logo\":{\"@type\":\"ImageObject\",\"inLanguage\":\"en-US\",\"@id\":\"https:\\\/\\\/cmas.udd.cl\\\/#\\\/schema\\\/logo\\\/image\\\/\",\"url\":\"https:\\\/\\\/cmas.udd.cl\\\/wp-content\\\/uploads\\\/2023\\\/05\\\/Logo-compuesto-UDD-Cmas.png\",\"contentUrl\":\"https:\\\/\\\/cmas.udd.cl\\\/wp-content\\\/uploads\\\/2023\\\/05\\\/Logo-compuesto-UDD-Cmas.png\",\"width\":695,\"height\":72,\"caption\":\"C+\"},\"image\":{\"@id\":\"https:\\\/\\\/cmas.udd.cl\\\/#\\\/schema\\\/logo\\\/image\\\/\"}}]}<\/script>\n<!-- \/ Yoast SEO plugin. -->","yoast_head_json":{"title":"3er Encuentro Cient\u00edfico por la Cuenca del Maipo se realiza con m\u00e1s de 100 asistentes\u00a0\u00a0 - C+","robots":{"index":"index","follow":"follow","max-snippet":"max-snippet:-1","max-image-preview":"max-image-preview:large","max-video-preview":"max-video-preview:-1"},"canonical":"https:\/\/cmas.udd.cl\/en\/noticia\/3er-encuentro-cientifico-por-la-cuenca-del-maipo-se-realiza-con-mas-de-100-asistentes-migrado\/","og_locale":"en_US","og_type":"article","og_title":"3er Encuentro Cient\u00edfico por la Cuenca del Maipo se realiza con m\u00e1s de 100 asistentes\u00a0\u00a0 - C+","og_description":"Con m\u00e1s de 100 asistentes se llev\u00f3 a cabo el 3er Encuentro Cient\u00edfico por la Cuenca del Maipo, la cual se realiz\u00f3 en la comuna de Talagante. \u00a0 \u00a0La actividad se realiz\u00f3 con el objetivo de ser un encuentro para instituciones, organizaciones e investigadores relacionados al estudio y situaci\u00f3n medioambiental en las cercan\u00edas del R\u00edo [&hellip;]","og_url":"https:\/\/cmas.udd.cl\/en\/noticia\/3er-encuentro-cientifico-por-la-cuenca-del-maipo-se-realiza-con-mas-de-100-asistentes-migrado\/","og_site_name":"C+","article_modified_time":"2025-07-02T00:08:35+00:00","og_image":[{"width":1600,"height":1064,"url":"https:\/\/cmas.udd.cl\/wp-content\/uploads\/2025\/05\/WhatsApp-Image-2025-05-22-at-14.47.32-2.jpeg","type":"image\/jpeg"}],"twitter_card":"summary_large_image","twitter_misc":{"Est. reading time":"2 minutes"},"schema":{"@context":"https:\/\/schema.org","@graph":[{"@type":"WebPage","@id":"https:\/\/cmas.udd.cl\/noticia\/3er-encuentro-cientifico-por-la-cuenca-del-maipo-se-realiza-con-mas-de-100-asistentes-migrado\/","url":"https:\/\/cmas.udd.cl\/noticia\/3er-encuentro-cientifico-por-la-cuenca-del-maipo-se-realiza-con-mas-de-100-asistentes-migrado\/","name":"3er Encuentro Cient\u00edfico por la Cuenca del Maipo se realiza con m\u00e1s de 100 asistentes\u00a0\u00a0 - C+","isPartOf":{"@id":"https:\/\/cmas.udd.cl\/#website"},"primaryImageOfPage":{"@id":"https:\/\/cmas.udd.cl\/noticia\/3er-encuentro-cientifico-por-la-cuenca-del-maipo-se-realiza-con-mas-de-100-asistentes-migrado\/#primaryimage"},"image":{"@id":"https:\/\/cmas.udd.cl\/noticia\/3er-encuentro-cientifico-por-la-cuenca-del-maipo-se-realiza-con-mas-de-100-asistentes-migrado\/#primaryimage"},"thumbnailUrl":"https:\/\/cmas.udd.cl\/wp-content\/uploads\/2025\/05\/WhatsApp-Image-2025-05-22-at-14.47.32-2.jpeg","datePublished":"2025-05-23T15:01:55+00:00","dateModified":"2025-07-02T00:08:35+00:00","breadcrumb":{"@id":"https:\/\/cmas.udd.cl\/noticia\/3er-encuentro-cientifico-por-la-cuenca-del-maipo-se-realiza-con-mas-de-100-asistentes-migrado\/#breadcrumb"},"inLanguage":"en-US","potentialAction":[{"@type":"ReadAction","target":["https:\/\/cmas.udd.cl\/noticia\/3er-encuentro-cientifico-por-la-cuenca-del-maipo-se-realiza-con-mas-de-100-asistentes-migrado\/"]}]},{"@type":"ImageObject","inLanguage":"en-US","@id":"https:\/\/cmas.udd.cl\/noticia\/3er-encuentro-cientifico-por-la-cuenca-del-maipo-se-realiza-con-mas-de-100-asistentes-migrado\/#primaryimage","url":"https:\/\/cmas.udd.cl\/wp-content\/uploads\/2025\/05\/WhatsApp-Image-2025-05-22-at-14.47.32-2.jpeg","contentUrl":"https:\/\/cmas.udd.cl\/wp-content\/uploads\/2025\/05\/WhatsApp-Image-2025-05-22-at-14.47.32-2.jpeg","width":1600,"height":1064},{"@type":"BreadcrumbList","@id":"https:\/\/cmas.udd.cl\/noticia\/3er-encuentro-cientifico-por-la-cuenca-del-maipo-se-realiza-con-mas-de-100-asistentes-migrado\/#breadcrumb","itemListElement":[{"@type":"ListItem","position":1,"name":"Home","item":"https:\/\/cmas.udd.cl\/"},{"@type":"ListItem","position":2,"name":"Noticias","item":"https:\/\/cmas.udd.cl\/Noticias\/"},{"@type":"ListItem","position":3,"name":"3er Encuentro Cient\u00edfico por la Cuenca del Maipo se realiza con m\u00e1s de 100 asistentes\u00a0\u00a0"}]},{"@type":"WebSite","@id":"https:\/\/cmas.udd.cl\/#website","url":"https:\/\/cmas.udd.cl\/","name":"C+","description":"Centro Investigaci\u00f3n enTecnolog\u00edas para la Sociedad","publisher":{"@id":"https:\/\/cmas.udd.cl\/#organization"},"potentialAction":[{"@type":"SearchAction","target":{"@type":"EntryPoint","urlTemplate":"https:\/\/cmas.udd.cl\/?s={search_term_string}"},"query-input":{"@type":"PropertyValueSpecification","valueRequired":true,"valueName":"search_term_string"}}],"inLanguage":"en-US"},{"@type":"Organization","@id":"https:\/\/cmas.udd.cl\/#organization","name":"C+","url":"https:\/\/cmas.udd.cl\/","logo":{"@type":"ImageObject","inLanguage":"en-US","@id":"https:\/\/cmas.udd.cl\/#\/schema\/logo\/image\/","url":"https:\/\/cmas.udd.cl\/wp-content\/uploads\/2023\/05\/Logo-compuesto-UDD-Cmas.png","contentUrl":"https:\/\/cmas.udd.cl\/wp-content\/uploads\/2023\/05\/Logo-compuesto-UDD-Cmas.png","width":695,"height":72,"caption":"C+"},"image":{"@id":"https:\/\/cmas.udd.cl\/#\/schema\/logo\/image\/"}}]}},"_links":{"self":[{"href":"https:\/\/cmas.udd.cl\/en\/wp-json\/wp\/v2\/noticia\/5913","targetHints":{"allow":["GET"]}}],"collection":[{"href":"https:\/\/cmas.udd.cl\/en\/wp-json\/wp\/v2\/noticia"}],"about":[{"href":"https:\/\/cmas.udd.cl\/en\/wp-json\/wp\/v2\/types\/noticia"}],"version-history":[{"count":0,"href":"https:\/\/cmas.udd.cl\/en\/wp-json\/wp\/v2\/noticia\/5913\/revisions"}],"wp:featuredmedia":[{"embeddable":true,"href":"https:\/\/cmas.udd.cl\/en\/wp-json\/wp\/v2\/media\/5567"}],"wp:attachment":[{"href":"https:\/\/cmas.udd.cl\/en\/wp-json\/wp\/v2\/media?parent=5913"}],"wp:term":[{"taxonomy":"filtro-de-portada","embeddable":true,"href":"https:\/\/cmas.udd.cl\/en\/wp-json\/wp\/v2\/filtro-de-portada?post=5913"},{"taxonomy":"grupo-de-investigacion","embeddable":true,"href":"https:\/\/cmas.udd.cl\/en\/wp-json\/wp\/v2\/grupo-de-investigacion?post=5913"},{"taxonomy":"tipo-de-contenido","embeddable":true,"href":"https:\/\/cmas.udd.cl\/en\/wp-json\/wp\/v2\/tipo-de-contenido?post=5913"}],"curies":[{"name":"wp","href":"https:\/\/api.w.org\/{rel}","templated":true}]}}