{"id":5912,"date":"2025-05-22T16:27:13","date_gmt":"2025-05-22T16:27:13","guid":{"rendered":"https:\/\/cmas.udd.cl\/?post_type=noticia&#038;p=5549"},"modified":"2025-07-02T00:08:35","modified_gmt":"2025-07-02T00:08:35","slug":"investigador-del-c-presenta-simulador-de-realidad-virtual-en-congreso-internacional-de-cirugia-migrado","status":"publish","type":"noticia","link":"https:\/\/cmas.udd.cl\/en\/noticia\/investigador-del-c-presenta-simulador-de-realidad-virtual-en-congreso-internacional-de-cirugia-migrado\/","title":{"rendered":"Investigador del C+ presenta simulador de realidad virtual en Congreso Internacional de Cirug\u00eda\u00a0\u00a0"},"content":{"rendered":"<p>Jos\u00e9 Ignacio Guzm\u00e1n, investigador del Grupo de Realidades Extendidas del Centro de Investigaci\u00f3n en Tecnolog\u00edas para la Sociedad (C+) de la Facultad de Ingenier\u00eda UDD, particip\u00f3 junto a su equipo en la Exposici\u00f3n Comercial del 5\u00b0 Curso Internacional &#8220;Nuevas Fronteras para la Cirug\u00eda de M\u00ednimo Acceso&#8221;.\u00a0<\/p>\n<p>\u00a0<\/p>\n\n<figure><img decoding=\"async\" src=\"https:\/\/cmas.udd.cl\/wp-content\/uploads\/2025\/05\/WhatsApp-Image-2025-05-22-at-12.25.13-1024x577.jpeg\" alt=\"\" \/><\/figure>\n\n<p>\u00a0<\/p>\n<p>El congreso reuni\u00f3 a especialistas nacionales e internacionales relacionados a la cirug\u00eda m\u00ednimamente invasiva, constituy\u00e9ndose como un espacio clave para el intercambio de conocimientos, tecnolog\u00edas y avances en este tipo de procedimientos quir\u00fargicos. En esta instancia, se present\u00f3 el proyecto &#8220;Simulador Virtual de Cirug\u00eda M\u00ednimamente Invasiva&#8221;, una plataforma port\u00e1til de simulaci\u00f3n inmersiva orientada a la formaci\u00f3n de estudiantes de la especialidad de cirug\u00eda\u00a0en t\u00e9cnicas de acceso m\u00ednimo.<\/p>\n<p>\u00a0\u00a0<\/p>\n\n\n<p>Durante la feria, se present\u00f3 el ejercicio de navegaci\u00f3n con c\u00e1mara laparosc\u00f3pica de 30 grados, que fue explorado por estudiantes y especialistas en cirug\u00eda, generando una respuesta muy positiva entre los asistentes.\u00a0<\/p>\n<p>\u00a0<\/p>\n\n<p>\u201cHubo un marcado inter\u00e9s por interactuar con el simulador y un claro reconocimiento de su valor como herramienta para aprender t\u00e9cnicas clave en cirug\u00eda de m\u00ednimo acceso\u201d, se\u00f1al\u00f3 el investigador Guzm\u00e1n.\u00a0<\/p>\n<p>\u00a0<\/p>\n\n<p>Cabe destacar que el Centro C+ asisti\u00f3 al evento gracias a la invitaci\u00f3n de SkillTraining, empresa l\u00edder en soluciones de alto impacto en simulaci\u00f3n, con la cual ha venido colaborando estrechamente en el desarrollo de esta iniciativa.\u00a0<\/p>\n\n<figure class=\"wp-block-gallery-1 is-layout-flex wp-block-gallery-is-layout-flex\">\n<figure><img decoding=\"async\" data-id=\"5553\" src=\"https:\/\/cmas.udd.cl\/wp-content\/uploads\/2025\/05\/WhatsApp-Image-2025-05-22-at-12.19.58-3-1024x681.jpeg\" alt=\"\" \/><\/figure>\n\n<figure><img decoding=\"async\" data-id=\"5551\" src=\"https:\/\/cmas.udd.cl\/wp-content\/uploads\/2025\/05\/WhatsApp-Image-2025-05-22-at-12.19.58-2-1024x681.jpeg\" alt=\"\" \/><\/figure>\n\n<figure><img decoding=\"async\" data-id=\"5554\" src=\"https:\/\/cmas.udd.cl\/wp-content\/uploads\/2025\/05\/WhatsApp-Image-2025-05-22-at-12.19.58-1-1024x681.jpeg\" alt=\"\" \/><\/figure>\n\n<figure><img decoding=\"async\" data-id=\"5555\" src=\"https:\/\/cmas.udd.cl\/wp-content\/uploads\/2025\/05\/WhatsApp-Image-2025-05-22-at-12.19.58-1024x681.jpeg\" alt=\"\" \/><\/figure>\n<\/figure>","protected":false},"excerpt":{"rendered":"<p>Jos\u00e9 Ignacio Guzm\u00e1n, investigador del Grupo de Realidades Extendidas del Centro de Investigaci\u00f3n en Tecnolog\u00edas para la Sociedad (C+) de la Facultad de Ingenier\u00eda UDD, particip\u00f3 junto a su equipo en la Exposici\u00f3n Comercial del 5\u00b0 Curso Internacional &#8220;Nuevas Fronteras para la Cirug\u00eda de M\u00ednimo Acceso&#8221;.\u00a0 \u00a0 \u00a0 El congreso reuni\u00f3 a especialistas nacionales e [&hellip;]<\/p>\n","protected":false},"featured_media":5555,"template":"","meta":{"_acf_changed":false},"filtro-de-portada":[],"grupo-de-investigacion":[104],"tipo-de-contenido":[],"class_list":["post-5912","noticia","type-noticia","status-publish","has-post-thumbnail","hentry","grupo-de-investigacion-extended_realities"],"acf":[],"yoast_head":"<!-- This site is optimized with the Yoast SEO plugin v27.3 - https:\/\/yoast.com\/product\/yoast-seo-wordpress\/ -->\n<title>Investigador del C+ presenta simulador de realidad virtual en Congreso Internacional de Cirug\u00eda\u00a0\u00a0 - C+<\/title>\n<meta name=\"robots\" content=\"index, follow, max-snippet:-1, max-image-preview:large, max-video-preview:-1\" \/>\n<link rel=\"canonical\" href=\"https:\/\/cmas.udd.cl\/en\/noticia\/investigador-del-c-presenta-simulador-de-realidad-virtual-en-congreso-internacional-de-cirugia-migrado\/\" \/>\n<meta property=\"og:locale\" content=\"en_US\" \/>\n<meta property=\"og:type\" content=\"article\" \/>\n<meta property=\"og:title\" content=\"Investigador del C+ presenta simulador de realidad virtual en Congreso Internacional de Cirug\u00eda\u00a0\u00a0 - C+\" \/>\n<meta property=\"og:description\" content=\"Jos\u00e9 Ignacio Guzm\u00e1n, investigador del Grupo de Realidades Extendidas del Centro de Investigaci\u00f3n en Tecnolog\u00edas para la Sociedad (C+) de la Facultad de Ingenier\u00eda UDD, particip\u00f3 junto a su equipo en la Exposici\u00f3n Comercial del 5\u00b0 Curso Internacional &#8220;Nuevas Fronteras para la Cirug\u00eda de M\u00ednimo Acceso&#8221;.\u00a0 \u00a0 \u00a0 El congreso reuni\u00f3 a especialistas nacionales e [&hellip;]\" \/>\n<meta property=\"og:url\" content=\"https:\/\/cmas.udd.cl\/en\/noticia\/investigador-del-c-presenta-simulador-de-realidad-virtual-en-congreso-internacional-de-cirugia-migrado\/\" \/>\n<meta property=\"og:site_name\" content=\"C+\" \/>\n<meta property=\"article:modified_time\" content=\"2025-07-02T00:08:35+00:00\" \/>\n<meta property=\"og:image\" content=\"https:\/\/cmas.udd.cl\/wp-content\/uploads\/2025\/05\/WhatsApp-Image-2025-05-22-at-12.19.58.jpeg\" \/>\n\t<meta property=\"og:image:width\" content=\"1600\" \/>\n\t<meta property=\"og:image:height\" content=\"1064\" \/>\n\t<meta property=\"og:image:type\" content=\"image\/jpeg\" \/>\n<meta name=\"twitter:card\" content=\"summary_large_image\" \/>\n<meta name=\"twitter:label1\" content=\"Est. reading time\" \/>\n\t<meta name=\"twitter:data1\" content=\"1 minute\" \/>\n<script type=\"application\/ld+json\" class=\"yoast-schema-graph\">{\"@context\":\"https:\\\/\\\/schema.org\",\"@graph\":[{\"@type\":\"WebPage\",\"@id\":\"https:\\\/\\\/cmas.udd.cl\\\/noticia\\\/investigador-del-c-presenta-simulador-de-realidad-virtual-en-congreso-internacional-de-cirugia-migrado\\\/\",\"url\":\"https:\\\/\\\/cmas.udd.cl\\\/noticia\\\/investigador-del-c-presenta-simulador-de-realidad-virtual-en-congreso-internacional-de-cirugia-migrado\\\/\",\"name\":\"Investigador del C+ presenta simulador de realidad virtual en Congreso Internacional de Cirug\u00eda\u00a0\u00a0 - C+\",\"isPartOf\":{\"@id\":\"https:\\\/\\\/cmas.udd.cl\\\/#website\"},\"primaryImageOfPage\":{\"@id\":\"https:\\\/\\\/cmas.udd.cl\\\/noticia\\\/investigador-del-c-presenta-simulador-de-realidad-virtual-en-congreso-internacional-de-cirugia-migrado\\\/#primaryimage\"},\"image\":{\"@id\":\"https:\\\/\\\/cmas.udd.cl\\\/noticia\\\/investigador-del-c-presenta-simulador-de-realidad-virtual-en-congreso-internacional-de-cirugia-migrado\\\/#primaryimage\"},\"thumbnailUrl\":\"https:\\\/\\\/cmas.udd.cl\\\/wp-content\\\/uploads\\\/2025\\\/05\\\/WhatsApp-Image-2025-05-22-at-12.19.58.jpeg\",\"datePublished\":\"2025-05-22T16:27:13+00:00\",\"dateModified\":\"2025-07-02T00:08:35+00:00\",\"breadcrumb\":{\"@id\":\"https:\\\/\\\/cmas.udd.cl\\\/noticia\\\/investigador-del-c-presenta-simulador-de-realidad-virtual-en-congreso-internacional-de-cirugia-migrado\\\/#breadcrumb\"},\"inLanguage\":\"en-US\",\"potentialAction\":[{\"@type\":\"ReadAction\",\"target\":[\"https:\\\/\\\/cmas.udd.cl\\\/noticia\\\/investigador-del-c-presenta-simulador-de-realidad-virtual-en-congreso-internacional-de-cirugia-migrado\\\/\"]}]},{\"@type\":\"ImageObject\",\"inLanguage\":\"en-US\",\"@id\":\"https:\\\/\\\/cmas.udd.cl\\\/noticia\\\/investigador-del-c-presenta-simulador-de-realidad-virtual-en-congreso-internacional-de-cirugia-migrado\\\/#primaryimage\",\"url\":\"https:\\\/\\\/cmas.udd.cl\\\/wp-content\\\/uploads\\\/2025\\\/05\\\/WhatsApp-Image-2025-05-22-at-12.19.58.jpeg\",\"contentUrl\":\"https:\\\/\\\/cmas.udd.cl\\\/wp-content\\\/uploads\\\/2025\\\/05\\\/WhatsApp-Image-2025-05-22-at-12.19.58.jpeg\",\"width\":1600,\"height\":1064},{\"@type\":\"BreadcrumbList\",\"@id\":\"https:\\\/\\\/cmas.udd.cl\\\/noticia\\\/investigador-del-c-presenta-simulador-de-realidad-virtual-en-congreso-internacional-de-cirugia-migrado\\\/#breadcrumb\",\"itemListElement\":[{\"@type\":\"ListItem\",\"position\":1,\"name\":\"Home\",\"item\":\"https:\\\/\\\/cmas.udd.cl\\\/\"},{\"@type\":\"ListItem\",\"position\":2,\"name\":\"Noticias\",\"item\":\"https:\\\/\\\/cmas.udd.cl\\\/Noticias\\\/\"},{\"@type\":\"ListItem\",\"position\":3,\"name\":\"Investigador del C+ presenta simulador de realidad virtual en Congreso Internacional de Cirug\u00eda\u00a0\u00a0\"}]},{\"@type\":\"WebSite\",\"@id\":\"https:\\\/\\\/cmas.udd.cl\\\/#website\",\"url\":\"https:\\\/\\\/cmas.udd.cl\\\/\",\"name\":\"C+\",\"description\":\"Centro Investigaci\u00f3n enTecnolog\u00edas para la Sociedad\",\"publisher\":{\"@id\":\"https:\\\/\\\/cmas.udd.cl\\\/#organization\"},\"potentialAction\":[{\"@type\":\"SearchAction\",\"target\":{\"@type\":\"EntryPoint\",\"urlTemplate\":\"https:\\\/\\\/cmas.udd.cl\\\/?s={search_term_string}\"},\"query-input\":{\"@type\":\"PropertyValueSpecification\",\"valueRequired\":true,\"valueName\":\"search_term_string\"}}],\"inLanguage\":\"en-US\"},{\"@type\":\"Organization\",\"@id\":\"https:\\\/\\\/cmas.udd.cl\\\/#organization\",\"name\":\"C+\",\"url\":\"https:\\\/\\\/cmas.udd.cl\\\/\",\"logo\":{\"@type\":\"ImageObject\",\"inLanguage\":\"en-US\",\"@id\":\"https:\\\/\\\/cmas.udd.cl\\\/#\\\/schema\\\/logo\\\/image\\\/\",\"url\":\"https:\\\/\\\/cmas.udd.cl\\\/wp-content\\\/uploads\\\/2023\\\/05\\\/Logo-compuesto-UDD-Cmas.png\",\"contentUrl\":\"https:\\\/\\\/cmas.udd.cl\\\/wp-content\\\/uploads\\\/2023\\\/05\\\/Logo-compuesto-UDD-Cmas.png\",\"width\":695,\"height\":72,\"caption\":\"C+\"},\"image\":{\"@id\":\"https:\\\/\\\/cmas.udd.cl\\\/#\\\/schema\\\/logo\\\/image\\\/\"}}]}<\/script>\n<!-- \/ Yoast SEO plugin. -->","yoast_head_json":{"title":"Investigador del C+ presenta simulador de realidad virtual en Congreso Internacional de Cirug\u00eda\u00a0\u00a0 - C+","robots":{"index":"index","follow":"follow","max-snippet":"max-snippet:-1","max-image-preview":"max-image-preview:large","max-video-preview":"max-video-preview:-1"},"canonical":"https:\/\/cmas.udd.cl\/en\/noticia\/investigador-del-c-presenta-simulador-de-realidad-virtual-en-congreso-internacional-de-cirugia-migrado\/","og_locale":"en_US","og_type":"article","og_title":"Investigador del C+ presenta simulador de realidad virtual en Congreso Internacional de Cirug\u00eda\u00a0\u00a0 - C+","og_description":"Jos\u00e9 Ignacio Guzm\u00e1n, investigador del Grupo de Realidades Extendidas del Centro de Investigaci\u00f3n en Tecnolog\u00edas para la Sociedad (C+) de la Facultad de Ingenier\u00eda UDD, particip\u00f3 junto a su equipo en la Exposici\u00f3n Comercial del 5\u00b0 Curso Internacional &#8220;Nuevas Fronteras para la Cirug\u00eda de M\u00ednimo Acceso&#8221;.\u00a0 \u00a0 \u00a0 El congreso reuni\u00f3 a especialistas nacionales e [&hellip;]","og_url":"https:\/\/cmas.udd.cl\/en\/noticia\/investigador-del-c-presenta-simulador-de-realidad-virtual-en-congreso-internacional-de-cirugia-migrado\/","og_site_name":"C+","article_modified_time":"2025-07-02T00:08:35+00:00","og_image":[{"width":1600,"height":1064,"url":"https:\/\/cmas.udd.cl\/wp-content\/uploads\/2025\/05\/WhatsApp-Image-2025-05-22-at-12.19.58.jpeg","type":"image\/jpeg"}],"twitter_card":"summary_large_image","twitter_misc":{"Est. reading time":"1 minute"},"schema":{"@context":"https:\/\/schema.org","@graph":[{"@type":"WebPage","@id":"https:\/\/cmas.udd.cl\/noticia\/investigador-del-c-presenta-simulador-de-realidad-virtual-en-congreso-internacional-de-cirugia-migrado\/","url":"https:\/\/cmas.udd.cl\/noticia\/investigador-del-c-presenta-simulador-de-realidad-virtual-en-congreso-internacional-de-cirugia-migrado\/","name":"Investigador del C+ presenta simulador de realidad virtual en Congreso Internacional de Cirug\u00eda\u00a0\u00a0 - C+","isPartOf":{"@id":"https:\/\/cmas.udd.cl\/#website"},"primaryImageOfPage":{"@id":"https:\/\/cmas.udd.cl\/noticia\/investigador-del-c-presenta-simulador-de-realidad-virtual-en-congreso-internacional-de-cirugia-migrado\/#primaryimage"},"image":{"@id":"https:\/\/cmas.udd.cl\/noticia\/investigador-del-c-presenta-simulador-de-realidad-virtual-en-congreso-internacional-de-cirugia-migrado\/#primaryimage"},"thumbnailUrl":"https:\/\/cmas.udd.cl\/wp-content\/uploads\/2025\/05\/WhatsApp-Image-2025-05-22-at-12.19.58.jpeg","datePublished":"2025-05-22T16:27:13+00:00","dateModified":"2025-07-02T00:08:35+00:00","breadcrumb":{"@id":"https:\/\/cmas.udd.cl\/noticia\/investigador-del-c-presenta-simulador-de-realidad-virtual-en-congreso-internacional-de-cirugia-migrado\/#breadcrumb"},"inLanguage":"en-US","potentialAction":[{"@type":"ReadAction","target":["https:\/\/cmas.udd.cl\/noticia\/investigador-del-c-presenta-simulador-de-realidad-virtual-en-congreso-internacional-de-cirugia-migrado\/"]}]},{"@type":"ImageObject","inLanguage":"en-US","@id":"https:\/\/cmas.udd.cl\/noticia\/investigador-del-c-presenta-simulador-de-realidad-virtual-en-congreso-internacional-de-cirugia-migrado\/#primaryimage","url":"https:\/\/cmas.udd.cl\/wp-content\/uploads\/2025\/05\/WhatsApp-Image-2025-05-22-at-12.19.58.jpeg","contentUrl":"https:\/\/cmas.udd.cl\/wp-content\/uploads\/2025\/05\/WhatsApp-Image-2025-05-22-at-12.19.58.jpeg","width":1600,"height":1064},{"@type":"BreadcrumbList","@id":"https:\/\/cmas.udd.cl\/noticia\/investigador-del-c-presenta-simulador-de-realidad-virtual-en-congreso-internacional-de-cirugia-migrado\/#breadcrumb","itemListElement":[{"@type":"ListItem","position":1,"name":"Home","item":"https:\/\/cmas.udd.cl\/"},{"@type":"ListItem","position":2,"name":"Noticias","item":"https:\/\/cmas.udd.cl\/Noticias\/"},{"@type":"ListItem","position":3,"name":"Investigador del C+ presenta simulador de realidad virtual en Congreso Internacional de Cirug\u00eda\u00a0\u00a0"}]},{"@type":"WebSite","@id":"https:\/\/cmas.udd.cl\/#website","url":"https:\/\/cmas.udd.cl\/","name":"C+","description":"Centro Investigaci\u00f3n enTecnolog\u00edas para la Sociedad","publisher":{"@id":"https:\/\/cmas.udd.cl\/#organization"},"potentialAction":[{"@type":"SearchAction","target":{"@type":"EntryPoint","urlTemplate":"https:\/\/cmas.udd.cl\/?s={search_term_string}"},"query-input":{"@type":"PropertyValueSpecification","valueRequired":true,"valueName":"search_term_string"}}],"inLanguage":"en-US"},{"@type":"Organization","@id":"https:\/\/cmas.udd.cl\/#organization","name":"C+","url":"https:\/\/cmas.udd.cl\/","logo":{"@type":"ImageObject","inLanguage":"en-US","@id":"https:\/\/cmas.udd.cl\/#\/schema\/logo\/image\/","url":"https:\/\/cmas.udd.cl\/wp-content\/uploads\/2023\/05\/Logo-compuesto-UDD-Cmas.png","contentUrl":"https:\/\/cmas.udd.cl\/wp-content\/uploads\/2023\/05\/Logo-compuesto-UDD-Cmas.png","width":695,"height":72,"caption":"C+"},"image":{"@id":"https:\/\/cmas.udd.cl\/#\/schema\/logo\/image\/"}}]}},"_links":{"self":[{"href":"https:\/\/cmas.udd.cl\/en\/wp-json\/wp\/v2\/noticia\/5912","targetHints":{"allow":["GET"]}}],"collection":[{"href":"https:\/\/cmas.udd.cl\/en\/wp-json\/wp\/v2\/noticia"}],"about":[{"href":"https:\/\/cmas.udd.cl\/en\/wp-json\/wp\/v2\/types\/noticia"}],"version-history":[{"count":0,"href":"https:\/\/cmas.udd.cl\/en\/wp-json\/wp\/v2\/noticia\/5912\/revisions"}],"wp:featuredmedia":[{"embeddable":true,"href":"https:\/\/cmas.udd.cl\/en\/wp-json\/wp\/v2\/media\/5555"}],"wp:attachment":[{"href":"https:\/\/cmas.udd.cl\/en\/wp-json\/wp\/v2\/media?parent=5912"}],"wp:term":[{"taxonomy":"filtro-de-portada","embeddable":true,"href":"https:\/\/cmas.udd.cl\/en\/wp-json\/wp\/v2\/filtro-de-portada?post=5912"},{"taxonomy":"grupo-de-investigacion","embeddable":true,"href":"https:\/\/cmas.udd.cl\/en\/wp-json\/wp\/v2\/grupo-de-investigacion?post=5912"},{"taxonomy":"tipo-de-contenido","embeddable":true,"href":"https:\/\/cmas.udd.cl\/en\/wp-json\/wp\/v2\/tipo-de-contenido?post=5912"}],"curies":[{"name":"wp","href":"https:\/\/api.w.org\/{rel}","templated":true}]}}