{"id":5910,"date":"2025-04-28T18:44:29","date_gmt":"2025-04-28T18:44:29","guid":{"rendered":"https:\/\/cmas.udd.cl\/?post_type=noticia&#038;p=5081"},"modified":"2025-07-02T00:08:35","modified_gmt":"2025-07-02T00:08:35","slug":"lanzamiento-net-futuro-programa-interdisciplinario-con-enfoque-en-tecnologia-migrado","status":"publish","type":"noticia","link":"https:\/\/cmas.udd.cl\/en\/noticia\/lanzamiento-net-futuro-programa-interdisciplinario-con-enfoque-en-tecnologia-migrado\/","title":{"rendered":"Lanzamiento Net Futuro: Programa interdisciplinario con enfoque en tecnolog\u00eda\u00a0"},"content":{"rendered":"<p>El Centro de Investigaci\u00f3n en Tecnolog\u00edas para la Sociedad (C+) de la Facultad de Ingenier\u00eda UDD en conjunto con el Instituto de Ciencias e Innovaci\u00f3n en Medicina de la Facultad de Medicina UDD, realizaron el <strong>lanzamiento de \u201cNet Futuro\u201d<\/strong>, iniciativa que tiene como objetivo potenciar la interdisciplina y reflexionar el impacto de las tecnolog\u00edas a nivel local. \u00a0<\/p>\n<p>\u00a0<\/p>\n\n<p>Net Futuro busca ser un espacio de convergencia entre estudiantes, acad\u00e9micos e investigadores que, desde diferentes \u00e1reas del conocimiento analizar\u00e1n y proyectar\u00e1n la influencia de la tecnolog\u00eda en diferentes \u00e1mbitos de la vida cotidiana. \u00a0<\/p>\n<p>\u00a0<\/p>\n\n<p>La actividad cont\u00f3 con la participaci\u00f3n del pro rector de la Universidad del Desarrollo, Ernesto Silva, la decana de la Facultad de Medicina, Marcela Castillo, el director del centro C+, Camilo Rodr\u00edguez, el director del director del\u00a0Observatorio de Bio\u00e9tica y Derecho\u00a0del\u00a0Instituto de Ciencias e Innovaci\u00f3n en Medicina (ICIM), Juan Alberto Lecaros y diversas autoridades, docentes e investigadores de la Universidad.<\/p>\n<p>\u00a0<\/p>\n\n<p>&#8220;En la Universidad creemos que la mejor manera de construir el futuro es entenderlo desde m\u00faltiples perspectivas. Por eso creamos este espacio interdisciplinario donde exploramos temas como la sustentabilidad, el bienestar y uso de la informaci\u00f3n\u201d, se\u00f1al\u00f3 Camilo Rodr\u00edguez.\u00a0\u00a0<\/p>\n<p>\u00a0<\/p>\n\n<p>\u201cEn Net Futuro convergen los proyectos e investigaciones desde diferentes expertos que, a partir de m\u00faltiples disciplinas, reflexionamos desde perspectivas epistemol\u00f3gicas, antropol\u00f3gicas, \u00e9ticas y sociales, con el fin de evaluar los desaf\u00edos y oportunidades que el desarrollo tecnol\u00f3gico nos presenta\u201d, sostuvo Juan Alberto Lecaros en relaci\u00f3n a las diferentes \u00e1reas que abarcar\u00e1 el programa.<\/p>\n<p>\u00a0<\/p>\n\n<p>Por \u00faltimo, la actividad cerr\u00f3 su ceremonia con la charla <strong>\u201cEl habitar en el contexto de la sociedad tecnol\u00f3gica\u201d, presentada por Marta Bertolaso<\/strong>, profesora investigadora encargada de la Unidad de investigaci\u00f3n Philosophy of Science and Human Development, Universidad Campus Bio-Medico Roma, quien convers\u00f3 sobre una visi\u00f3n centrada en el ser humano para repensar nuestro presente y futuro desde la integraci\u00f3n entre la ciencia y la \u00e9tica.<\/p>\n<p>\u00a0<\/p>\n\n<p>\u00a0<\/p>\n\n<figure class=\"wp-block-gallery-1 is-layout-flex wp-block-gallery-is-layout-flex\">\n<figure><img decoding=\"async\" data-id=\"5082\" src=\"https:\/\/cmas.udd.cl\/wp-content\/uploads\/2025\/04\/WhatsApp-Image-2025-04-28-at-14.40.50-6-1024x681.jpeg\" alt=\"\" \/><\/figure>\n\n<figure><img decoding=\"async\" data-id=\"5085\" src=\"https:\/\/cmas.udd.cl\/wp-content\/uploads\/2025\/04\/WhatsApp-Image-2025-04-28-at-14.40.50-5-1024x681.jpeg\" alt=\"\" \/><\/figure>\n\n<figure><img decoding=\"async\" data-id=\"5083\" src=\"https:\/\/cmas.udd.cl\/wp-content\/uploads\/2025\/04\/WhatsApp-Image-2025-04-28-at-14.40.50-4-1024x681.jpeg\" alt=\"\" \/><\/figure>\n\n<figure><img decoding=\"async\" data-id=\"5087\" src=\"https:\/\/cmas.udd.cl\/wp-content\/uploads\/2025\/04\/WhatsApp-Image-2025-04-28-at-14.40.50-3-1024x681.jpeg\" alt=\"\" \/><\/figure>\n\n<figure><img decoding=\"async\" data-id=\"5086\" src=\"https:\/\/cmas.udd.cl\/wp-content\/uploads\/2025\/04\/WhatsApp-Image-2025-04-28-at-14.40.50-2-1024x681.jpeg\" alt=\"\" \/><\/figure>\n\n<figure><img decoding=\"async\" data-id=\"5088\" src=\"https:\/\/cmas.udd.cl\/wp-content\/uploads\/2025\/04\/WhatsApp-Image-2025-04-28-at-14.40.50-1-1024x681.jpeg\" alt=\"\" \/><\/figure>\n<\/figure>\n\n<p>\u00a0<\/p>\nhttps:\/\/www.youtube.com\/watch?v=gY4yadpF9k0","protected":false},"excerpt":{"rendered":"<p>El Centro de Investigaci\u00f3n en Tecnolog\u00edas para la Sociedad (C+) de la Facultad de Ingenier\u00eda UDD en conjunto con el Instituto de Ciencias e Innovaci\u00f3n en Medicina de la Facultad de Medicina UDD, realizaron el lanzamiento de \u201cNet Futuro\u201d, iniciativa que tiene como objetivo potenciar la interdisciplina y reflexionar el impacto de las tecnolog\u00edas a [&hellip;]<\/p>\n","protected":false},"featured_media":5088,"template":"","meta":{"_acf_changed":false},"filtro-de-portada":[],"grupo-de-investigacion":[103,104,105,106,107,108,109,110,111,112],"tipo-de-contenido":[],"class_list":["post-5910","noticia","type-noticia","status-publish","has-post-thumbnail","hentry","grupo-de-investigacion-enviro_health","grupo-de-investigacion-extended_realities","grupo-de-investigacion-extreme_access","grupo-de-investigacion-extreme_environments","grupo-de-investigacion-future_elements","grupo-de-investigacion-mindful_making","grupo-de-investigacion-modular_diagnostics","grupo-de-investigacion-new_materials","grupo-de-investigacion-tech_policy","grupo-de-investigacion-transforming_future"],"acf":[],"yoast_head":"<!-- This site is optimized with the Yoast SEO plugin v27.3 - https:\/\/yoast.com\/product\/yoast-seo-wordpress\/ -->\n<title>Lanzamiento Net Futuro: Programa interdisciplinario con enfoque en tecnolog\u00eda\u00a0 - C+<\/title>\n<meta name=\"robots\" content=\"index, follow, max-snippet:-1, max-image-preview:large, max-video-preview:-1\" \/>\n<link rel=\"canonical\" href=\"https:\/\/cmas.udd.cl\/en\/noticia\/lanzamiento-net-futuro-programa-interdisciplinario-con-enfoque-en-tecnologia-migrado\/\" \/>\n<meta property=\"og:locale\" content=\"en_US\" \/>\n<meta property=\"og:type\" content=\"article\" \/>\n<meta property=\"og:title\" content=\"Lanzamiento Net Futuro: Programa interdisciplinario con enfoque en tecnolog\u00eda\u00a0 - C+\" \/>\n<meta property=\"og:description\" content=\"El Centro de Investigaci\u00f3n en Tecnolog\u00edas para la Sociedad (C+) de la Facultad de Ingenier\u00eda UDD en conjunto con el Instituto de Ciencias e Innovaci\u00f3n en Medicina de la Facultad de Medicina UDD, realizaron el lanzamiento de \u201cNet Futuro\u201d, iniciativa que tiene como objetivo potenciar la interdisciplina y reflexionar el impacto de las tecnolog\u00edas a [&hellip;]\" \/>\n<meta property=\"og:url\" content=\"https:\/\/cmas.udd.cl\/en\/noticia\/lanzamiento-net-futuro-programa-interdisciplinario-con-enfoque-en-tecnologia-migrado\/\" \/>\n<meta property=\"og:site_name\" content=\"C+\" \/>\n<meta property=\"article:modified_time\" content=\"2025-07-02T00:08:35+00:00\" \/>\n<meta property=\"og:image\" content=\"https:\/\/cmas.udd.cl\/wp-content\/uploads\/2025\/04\/WhatsApp-Image-2025-04-28-at-14.40.50-1.jpeg\" \/>\n\t<meta property=\"og:image:width\" content=\"1600\" \/>\n\t<meta property=\"og:image:height\" content=\"1064\" \/>\n\t<meta property=\"og:image:type\" content=\"image\/jpeg\" \/>\n<meta name=\"twitter:card\" content=\"summary_large_image\" \/>\n<meta name=\"twitter:label1\" content=\"Est. reading time\" \/>\n\t<meta name=\"twitter:data1\" content=\"2 minutes\" \/>\n<script type=\"application\/ld+json\" class=\"yoast-schema-graph\">{\"@context\":\"https:\\\/\\\/schema.org\",\"@graph\":[{\"@type\":\"WebPage\",\"@id\":\"https:\\\/\\\/cmas.udd.cl\\\/noticia\\\/lanzamiento-net-futuro-programa-interdisciplinario-con-enfoque-en-tecnologia-migrado\\\/\",\"url\":\"https:\\\/\\\/cmas.udd.cl\\\/noticia\\\/lanzamiento-net-futuro-programa-interdisciplinario-con-enfoque-en-tecnologia-migrado\\\/\",\"name\":\"Lanzamiento Net Futuro: Programa interdisciplinario con enfoque en tecnolog\u00eda\u00a0 - C+\",\"isPartOf\":{\"@id\":\"https:\\\/\\\/cmas.udd.cl\\\/#website\"},\"primaryImageOfPage\":{\"@id\":\"https:\\\/\\\/cmas.udd.cl\\\/noticia\\\/lanzamiento-net-futuro-programa-interdisciplinario-con-enfoque-en-tecnologia-migrado\\\/#primaryimage\"},\"image\":{\"@id\":\"https:\\\/\\\/cmas.udd.cl\\\/noticia\\\/lanzamiento-net-futuro-programa-interdisciplinario-con-enfoque-en-tecnologia-migrado\\\/#primaryimage\"},\"thumbnailUrl\":\"https:\\\/\\\/cmas.udd.cl\\\/wp-content\\\/uploads\\\/2025\\\/04\\\/WhatsApp-Image-2025-04-28-at-14.40.50-1.jpeg\",\"datePublished\":\"2025-04-28T18:44:29+00:00\",\"dateModified\":\"2025-07-02T00:08:35+00:00\",\"breadcrumb\":{\"@id\":\"https:\\\/\\\/cmas.udd.cl\\\/noticia\\\/lanzamiento-net-futuro-programa-interdisciplinario-con-enfoque-en-tecnologia-migrado\\\/#breadcrumb\"},\"inLanguage\":\"en-US\",\"potentialAction\":[{\"@type\":\"ReadAction\",\"target\":[\"https:\\\/\\\/cmas.udd.cl\\\/noticia\\\/lanzamiento-net-futuro-programa-interdisciplinario-con-enfoque-en-tecnologia-migrado\\\/\"]}]},{\"@type\":\"ImageObject\",\"inLanguage\":\"en-US\",\"@id\":\"https:\\\/\\\/cmas.udd.cl\\\/noticia\\\/lanzamiento-net-futuro-programa-interdisciplinario-con-enfoque-en-tecnologia-migrado\\\/#primaryimage\",\"url\":\"https:\\\/\\\/cmas.udd.cl\\\/wp-content\\\/uploads\\\/2025\\\/04\\\/WhatsApp-Image-2025-04-28-at-14.40.50-1.jpeg\",\"contentUrl\":\"https:\\\/\\\/cmas.udd.cl\\\/wp-content\\\/uploads\\\/2025\\\/04\\\/WhatsApp-Image-2025-04-28-at-14.40.50-1.jpeg\",\"width\":1600,\"height\":1064,\"caption\":\"Net Futuro\"},{\"@type\":\"BreadcrumbList\",\"@id\":\"https:\\\/\\\/cmas.udd.cl\\\/noticia\\\/lanzamiento-net-futuro-programa-interdisciplinario-con-enfoque-en-tecnologia-migrado\\\/#breadcrumb\",\"itemListElement\":[{\"@type\":\"ListItem\",\"position\":1,\"name\":\"Home\",\"item\":\"https:\\\/\\\/cmas.udd.cl\\\/\"},{\"@type\":\"ListItem\",\"position\":2,\"name\":\"Noticias\",\"item\":\"https:\\\/\\\/cmas.udd.cl\\\/Noticias\\\/\"},{\"@type\":\"ListItem\",\"position\":3,\"name\":\"Lanzamiento Net Futuro: Programa interdisciplinario con enfoque en tecnolog\u00eda\u00a0\"}]},{\"@type\":\"WebSite\",\"@id\":\"https:\\\/\\\/cmas.udd.cl\\\/#website\",\"url\":\"https:\\\/\\\/cmas.udd.cl\\\/\",\"name\":\"C+\",\"description\":\"Centro Investigaci\u00f3n enTecnolog\u00edas para la Sociedad\",\"publisher\":{\"@id\":\"https:\\\/\\\/cmas.udd.cl\\\/#organization\"},\"potentialAction\":[{\"@type\":\"SearchAction\",\"target\":{\"@type\":\"EntryPoint\",\"urlTemplate\":\"https:\\\/\\\/cmas.udd.cl\\\/?s={search_term_string}\"},\"query-input\":{\"@type\":\"PropertyValueSpecification\",\"valueRequired\":true,\"valueName\":\"search_term_string\"}}],\"inLanguage\":\"en-US\"},{\"@type\":\"Organization\",\"@id\":\"https:\\\/\\\/cmas.udd.cl\\\/#organization\",\"name\":\"C+\",\"url\":\"https:\\\/\\\/cmas.udd.cl\\\/\",\"logo\":{\"@type\":\"ImageObject\",\"inLanguage\":\"en-US\",\"@id\":\"https:\\\/\\\/cmas.udd.cl\\\/#\\\/schema\\\/logo\\\/image\\\/\",\"url\":\"https:\\\/\\\/cmas.udd.cl\\\/wp-content\\\/uploads\\\/2023\\\/05\\\/Logo-compuesto-UDD-Cmas.png\",\"contentUrl\":\"https:\\\/\\\/cmas.udd.cl\\\/wp-content\\\/uploads\\\/2023\\\/05\\\/Logo-compuesto-UDD-Cmas.png\",\"width\":695,\"height\":72,\"caption\":\"C+\"},\"image\":{\"@id\":\"https:\\\/\\\/cmas.udd.cl\\\/#\\\/schema\\\/logo\\\/image\\\/\"}}]}<\/script>\n<!-- \/ Yoast SEO plugin. -->","yoast_head_json":{"title":"Lanzamiento Net Futuro: Programa interdisciplinario con enfoque en tecnolog\u00eda\u00a0 - C+","robots":{"index":"index","follow":"follow","max-snippet":"max-snippet:-1","max-image-preview":"max-image-preview:large","max-video-preview":"max-video-preview:-1"},"canonical":"https:\/\/cmas.udd.cl\/en\/noticia\/lanzamiento-net-futuro-programa-interdisciplinario-con-enfoque-en-tecnologia-migrado\/","og_locale":"en_US","og_type":"article","og_title":"Lanzamiento Net Futuro: Programa interdisciplinario con enfoque en tecnolog\u00eda\u00a0 - C+","og_description":"El Centro de Investigaci\u00f3n en Tecnolog\u00edas para la Sociedad (C+) de la Facultad de Ingenier\u00eda UDD en conjunto con el Instituto de Ciencias e Innovaci\u00f3n en Medicina de la Facultad de Medicina UDD, realizaron el lanzamiento de \u201cNet Futuro\u201d, iniciativa que tiene como objetivo potenciar la interdisciplina y reflexionar el impacto de las tecnolog\u00edas a [&hellip;]","og_url":"https:\/\/cmas.udd.cl\/en\/noticia\/lanzamiento-net-futuro-programa-interdisciplinario-con-enfoque-en-tecnologia-migrado\/","og_site_name":"C+","article_modified_time":"2025-07-02T00:08:35+00:00","og_image":[{"width":1600,"height":1064,"url":"https:\/\/cmas.udd.cl\/wp-content\/uploads\/2025\/04\/WhatsApp-Image-2025-04-28-at-14.40.50-1.jpeg","type":"image\/jpeg"}],"twitter_card":"summary_large_image","twitter_misc":{"Est. reading time":"2 minutes"},"schema":{"@context":"https:\/\/schema.org","@graph":[{"@type":"WebPage","@id":"https:\/\/cmas.udd.cl\/noticia\/lanzamiento-net-futuro-programa-interdisciplinario-con-enfoque-en-tecnologia-migrado\/","url":"https:\/\/cmas.udd.cl\/noticia\/lanzamiento-net-futuro-programa-interdisciplinario-con-enfoque-en-tecnologia-migrado\/","name":"Lanzamiento Net Futuro: Programa interdisciplinario con enfoque en tecnolog\u00eda\u00a0 - C+","isPartOf":{"@id":"https:\/\/cmas.udd.cl\/#website"},"primaryImageOfPage":{"@id":"https:\/\/cmas.udd.cl\/noticia\/lanzamiento-net-futuro-programa-interdisciplinario-con-enfoque-en-tecnologia-migrado\/#primaryimage"},"image":{"@id":"https:\/\/cmas.udd.cl\/noticia\/lanzamiento-net-futuro-programa-interdisciplinario-con-enfoque-en-tecnologia-migrado\/#primaryimage"},"thumbnailUrl":"https:\/\/cmas.udd.cl\/wp-content\/uploads\/2025\/04\/WhatsApp-Image-2025-04-28-at-14.40.50-1.jpeg","datePublished":"2025-04-28T18:44:29+00:00","dateModified":"2025-07-02T00:08:35+00:00","breadcrumb":{"@id":"https:\/\/cmas.udd.cl\/noticia\/lanzamiento-net-futuro-programa-interdisciplinario-con-enfoque-en-tecnologia-migrado\/#breadcrumb"},"inLanguage":"en-US","potentialAction":[{"@type":"ReadAction","target":["https:\/\/cmas.udd.cl\/noticia\/lanzamiento-net-futuro-programa-interdisciplinario-con-enfoque-en-tecnologia-migrado\/"]}]},{"@type":"ImageObject","inLanguage":"en-US","@id":"https:\/\/cmas.udd.cl\/noticia\/lanzamiento-net-futuro-programa-interdisciplinario-con-enfoque-en-tecnologia-migrado\/#primaryimage","url":"https:\/\/cmas.udd.cl\/wp-content\/uploads\/2025\/04\/WhatsApp-Image-2025-04-28-at-14.40.50-1.jpeg","contentUrl":"https:\/\/cmas.udd.cl\/wp-content\/uploads\/2025\/04\/WhatsApp-Image-2025-04-28-at-14.40.50-1.jpeg","width":1600,"height":1064,"caption":"Net Futuro"},{"@type":"BreadcrumbList","@id":"https:\/\/cmas.udd.cl\/noticia\/lanzamiento-net-futuro-programa-interdisciplinario-con-enfoque-en-tecnologia-migrado\/#breadcrumb","itemListElement":[{"@type":"ListItem","position":1,"name":"Home","item":"https:\/\/cmas.udd.cl\/"},{"@type":"ListItem","position":2,"name":"Noticias","item":"https:\/\/cmas.udd.cl\/Noticias\/"},{"@type":"ListItem","position":3,"name":"Lanzamiento Net Futuro: Programa interdisciplinario con enfoque en tecnolog\u00eda\u00a0"}]},{"@type":"WebSite","@id":"https:\/\/cmas.udd.cl\/#website","url":"https:\/\/cmas.udd.cl\/","name":"C+","description":"Centro Investigaci\u00f3n enTecnolog\u00edas para la Sociedad","publisher":{"@id":"https:\/\/cmas.udd.cl\/#organization"},"potentialAction":[{"@type":"SearchAction","target":{"@type":"EntryPoint","urlTemplate":"https:\/\/cmas.udd.cl\/?s={search_term_string}"},"query-input":{"@type":"PropertyValueSpecification","valueRequired":true,"valueName":"search_term_string"}}],"inLanguage":"en-US"},{"@type":"Organization","@id":"https:\/\/cmas.udd.cl\/#organization","name":"C+","url":"https:\/\/cmas.udd.cl\/","logo":{"@type":"ImageObject","inLanguage":"en-US","@id":"https:\/\/cmas.udd.cl\/#\/schema\/logo\/image\/","url":"https:\/\/cmas.udd.cl\/wp-content\/uploads\/2023\/05\/Logo-compuesto-UDD-Cmas.png","contentUrl":"https:\/\/cmas.udd.cl\/wp-content\/uploads\/2023\/05\/Logo-compuesto-UDD-Cmas.png","width":695,"height":72,"caption":"C+"},"image":{"@id":"https:\/\/cmas.udd.cl\/#\/schema\/logo\/image\/"}}]}},"_links":{"self":[{"href":"https:\/\/cmas.udd.cl\/en\/wp-json\/wp\/v2\/noticia\/5910","targetHints":{"allow":["GET"]}}],"collection":[{"href":"https:\/\/cmas.udd.cl\/en\/wp-json\/wp\/v2\/noticia"}],"about":[{"href":"https:\/\/cmas.udd.cl\/en\/wp-json\/wp\/v2\/types\/noticia"}],"version-history":[{"count":0,"href":"https:\/\/cmas.udd.cl\/en\/wp-json\/wp\/v2\/noticia\/5910\/revisions"}],"wp:featuredmedia":[{"embeddable":true,"href":"https:\/\/cmas.udd.cl\/en\/wp-json\/wp\/v2\/media\/5088"}],"wp:attachment":[{"href":"https:\/\/cmas.udd.cl\/en\/wp-json\/wp\/v2\/media?parent=5910"}],"wp:term":[{"taxonomy":"filtro-de-portada","embeddable":true,"href":"https:\/\/cmas.udd.cl\/en\/wp-json\/wp\/v2\/filtro-de-portada?post=5910"},{"taxonomy":"grupo-de-investigacion","embeddable":true,"href":"https:\/\/cmas.udd.cl\/en\/wp-json\/wp\/v2\/grupo-de-investigacion?post=5910"},{"taxonomy":"tipo-de-contenido","embeddable":true,"href":"https:\/\/cmas.udd.cl\/en\/wp-json\/wp\/v2\/tipo-de-contenido?post=5910"}],"curies":[{"name":"wp","href":"https:\/\/api.w.org\/{rel}","templated":true}]}}