{"id":5905,"date":"2025-03-07T12:52:19","date_gmt":"2025-03-07T12:52:19","guid":{"rendered":"https:\/\/cmas.udd.cl\/?post_type=noticia&#038;p=4149"},"modified":"2025-07-02T00:08:35","modified_gmt":"2025-07-02T00:08:35","slug":"opinion-la-diversidad-de-perspectivas-y-participacion-de-la-mujer-en-la-ingenieria-e-innovacion-migrado","status":"publish","type":"noticia","link":"https:\/\/cmas.udd.cl\/en\/noticia\/opinion-la-diversidad-de-perspectivas-y-participacion-de-la-mujer-en-la-ingenieria-e-innovacion-migrado\/","title":{"rendered":"Opini\u00f3n | La diversidad de perspectivas y participaci\u00f3n de la mujer en la Ingenier\u00eda e innovaci\u00f3n \u00a0"},"content":{"rendered":"<p><em>Por Karin Petra Wallem, investigadora Grupo Ambientes Extremos del Centro de Investigaci\u00f3n en Tecnolog\u00edas para la Sociedad (C+), Ingenier\u00eda UDD. <\/em>&nbsp;<\/p>\n\n\n\n<p>Hist\u00f3ricamente, las mujeres han estado subrepresentadas en las ciencias y la ingenier\u00eda, a pesar de sus contribuciones significativas a lo largo de la historia. Marie Curie, la primera mujer en recibir un Premio Nobel, o Elinor Ostrom, la primera mujer galardonada con el Premio Nobel de Econom\u00eda, son ejemplo del aporte que una mirada diferente puede entregar a las ciencias. No obstante, para muchas mujeres en lo cotidiano a\u00fan les es desafiante poder entrar en el trabajo altamente competitivo y regido por c\u00e1nones masculinos, donde valoraciones cuantitativas siguen teniendo m\u00e1s peso que las cualitativas.&nbsp;&nbsp;<\/p>\n\n\n\n<div class=\"wp-block-media-text is-stacked-on-mobile\"><figure class=\"wp-block-media-text__media\"><img fetchpriority=\"high\" decoding=\"async\" width=\"750\" height=\"926\" src=\"https:\/\/cmas.udd.cl\/wp-content\/uploads\/2025\/03\/petra-1.png\" alt=\"\" class=\"wp-image-4152 size-full\" srcset=\"https:\/\/cmas.udd.cl\/wp-content\/uploads\/2025\/03\/petra-1.png 750w, https:\/\/cmas.udd.cl\/wp-content\/uploads\/2025\/03\/petra-1-243x300.png 243w\" sizes=\"(max-width: 750px) 100vw, 750px\" \/><\/figure><div class=\"wp-block-media-text__content\">\n<p>Promover la presencia de mujeres en ciencias e ingenier\u00eda es crucial por varias razones. En primer lugar, la diversidad de perspectivas es fundamental para la innovaci\u00f3n. Equipos compuestos por personas de diferentes g\u00e9neros, or\u00edgenes y experiencias tienden a abordar problemas desde \u00e1ngulos distintos, lo que puede resultar en soluciones integrales y efectivas.\u00a0\u00a0<\/p>\n<\/div><\/div>\n\n\n\n<p>Mi experiencia en terreno en el altiplano, trabajando con un grupo de mujeres de diferentes \u00e1mbitos de las ciencias, desde la microbiolog\u00eda, bot\u00e1nica, ecolog\u00eda, hasta la perspectiva comunitaria; me ha permitido ver como el cuidado, la entrega y pasi\u00f3n de estas mujeres ha ido transformando el entorno cultural y ambiental en el que nos desenvolvemos. Estamos moviendo nuevas fronteras que quiz\u00e1s no se pueden medir en n\u00fameros, pero s\u00ed en transformaciones cualitativas de la vida de las comunidades y ecosistemas en los que trabajamos.&nbsp;<\/p>\n\n\n\n<p><\/p>","protected":false},"excerpt":{"rendered":"<p>Por Karin Petra Wallem, investigadora Grupo Ambientes Extremos del Centro de Investigaci\u00f3n en Tecnolog\u00edas para la Sociedad (C+), Ingenier\u00eda UDD. &nbsp; Hist\u00f3ricamente, las mujeres han estado subrepresentadas en las ciencias y la ingenier\u00eda, a pesar de sus contribuciones significativas a lo largo de la historia. Marie Curie, la primera mujer en recibir un Premio Nobel, [&hellip;]<\/p>\n","protected":false},"featured_media":4150,"template":"","meta":{"_acf_changed":false},"filtro-de-portada":[],"grupo-de-investigacion":[106],"tipo-de-contenido":[],"class_list":["post-5905","noticia","type-noticia","status-publish","has-post-thumbnail","hentry","grupo-de-investigacion-extreme_environments"],"acf":[],"yoast_head":"<!-- This site is optimized with the Yoast SEO plugin v27.3 - https:\/\/yoast.com\/product\/yoast-seo-wordpress\/ -->\n<title>Opini\u00f3n | La diversidad de perspectivas y participaci\u00f3n de la mujer en la Ingenier\u00eda e innovaci\u00f3n \u00a0 - C+<\/title>\n<meta name=\"robots\" content=\"index, follow, max-snippet:-1, max-image-preview:large, max-video-preview:-1\" \/>\n<link rel=\"canonical\" href=\"https:\/\/cmas.udd.cl\/en\/noticia\/opinion-la-diversidad-de-perspectivas-y-participacion-de-la-mujer-en-la-ingenieria-e-innovacion-migrado\/\" \/>\n<meta property=\"og:locale\" content=\"en_US\" \/>\n<meta property=\"og:type\" content=\"article\" \/>\n<meta property=\"og:title\" content=\"Opini\u00f3n | La diversidad de perspectivas y participaci\u00f3n de la mujer en la Ingenier\u00eda e innovaci\u00f3n \u00a0 - C+\" \/>\n<meta property=\"og:description\" content=\"Por Karin Petra Wallem, investigadora Grupo Ambientes Extremos del Centro de Investigaci\u00f3n en Tecnolog\u00edas para la Sociedad (C+), Ingenier\u00eda UDD. &nbsp; Hist\u00f3ricamente, las mujeres han estado subrepresentadas en las ciencias y la ingenier\u00eda, a pesar de sus contribuciones significativas a lo largo de la historia. Marie Curie, la primera mujer en recibir un Premio Nobel, [&hellip;]\" \/>\n<meta property=\"og:url\" content=\"https:\/\/cmas.udd.cl\/en\/noticia\/opinion-la-diversidad-de-perspectivas-y-participacion-de-la-mujer-en-la-ingenieria-e-innovacion-migrado\/\" \/>\n<meta property=\"og:site_name\" content=\"C+\" \/>\n<meta property=\"article:modified_time\" content=\"2025-07-02T00:08:35+00:00\" \/>\n<meta property=\"og:image\" content=\"https:\/\/cmas.udd.cl\/wp-content\/uploads\/2025\/03\/petra.png\" \/>\n\t<meta property=\"og:image:width\" content=\"750\" \/>\n\t<meta property=\"og:image:height\" content=\"926\" \/>\n\t<meta property=\"og:image:type\" content=\"image\/png\" \/>\n<meta name=\"twitter:card\" content=\"summary_large_image\" \/>\n<meta name=\"twitter:label1\" content=\"Est. reading time\" \/>\n\t<meta name=\"twitter:data1\" content=\"1 minute\" \/>\n<script type=\"application\/ld+json\" class=\"yoast-schema-graph\">{\"@context\":\"https:\\\/\\\/schema.org\",\"@graph\":[{\"@type\":\"WebPage\",\"@id\":\"https:\\\/\\\/cmas.udd.cl\\\/noticia\\\/opinion-la-diversidad-de-perspectivas-y-participacion-de-la-mujer-en-la-ingenieria-e-innovacion-migrado\\\/\",\"url\":\"https:\\\/\\\/cmas.udd.cl\\\/noticia\\\/opinion-la-diversidad-de-perspectivas-y-participacion-de-la-mujer-en-la-ingenieria-e-innovacion-migrado\\\/\",\"name\":\"Opini\u00f3n | La diversidad de perspectivas y participaci\u00f3n de la mujer en la Ingenier\u00eda e innovaci\u00f3n \u00a0 - C+\",\"isPartOf\":{\"@id\":\"https:\\\/\\\/cmas.udd.cl\\\/#website\"},\"primaryImageOfPage\":{\"@id\":\"https:\\\/\\\/cmas.udd.cl\\\/noticia\\\/opinion-la-diversidad-de-perspectivas-y-participacion-de-la-mujer-en-la-ingenieria-e-innovacion-migrado\\\/#primaryimage\"},\"image\":{\"@id\":\"https:\\\/\\\/cmas.udd.cl\\\/noticia\\\/opinion-la-diversidad-de-perspectivas-y-participacion-de-la-mujer-en-la-ingenieria-e-innovacion-migrado\\\/#primaryimage\"},\"thumbnailUrl\":\"https:\\\/\\\/cmas.udd.cl\\\/wp-content\\\/uploads\\\/2025\\\/03\\\/petra.png\",\"datePublished\":\"2025-03-07T12:52:19+00:00\",\"dateModified\":\"2025-07-02T00:08:35+00:00\",\"breadcrumb\":{\"@id\":\"https:\\\/\\\/cmas.udd.cl\\\/noticia\\\/opinion-la-diversidad-de-perspectivas-y-participacion-de-la-mujer-en-la-ingenieria-e-innovacion-migrado\\\/#breadcrumb\"},\"inLanguage\":\"en-US\",\"potentialAction\":[{\"@type\":\"ReadAction\",\"target\":[\"https:\\\/\\\/cmas.udd.cl\\\/noticia\\\/opinion-la-diversidad-de-perspectivas-y-participacion-de-la-mujer-en-la-ingenieria-e-innovacion-migrado\\\/\"]}]},{\"@type\":\"ImageObject\",\"inLanguage\":\"en-US\",\"@id\":\"https:\\\/\\\/cmas.udd.cl\\\/noticia\\\/opinion-la-diversidad-de-perspectivas-y-participacion-de-la-mujer-en-la-ingenieria-e-innovacion-migrado\\\/#primaryimage\",\"url\":\"https:\\\/\\\/cmas.udd.cl\\\/wp-content\\\/uploads\\\/2025\\\/03\\\/petra.png\",\"contentUrl\":\"https:\\\/\\\/cmas.udd.cl\\\/wp-content\\\/uploads\\\/2025\\\/03\\\/petra.png\",\"width\":750,\"height\":926},{\"@type\":\"BreadcrumbList\",\"@id\":\"https:\\\/\\\/cmas.udd.cl\\\/noticia\\\/opinion-la-diversidad-de-perspectivas-y-participacion-de-la-mujer-en-la-ingenieria-e-innovacion-migrado\\\/#breadcrumb\",\"itemListElement\":[{\"@type\":\"ListItem\",\"position\":1,\"name\":\"Home\",\"item\":\"https:\\\/\\\/cmas.udd.cl\\\/\"},{\"@type\":\"ListItem\",\"position\":2,\"name\":\"Noticias\",\"item\":\"https:\\\/\\\/cmas.udd.cl\\\/Noticias\\\/\"},{\"@type\":\"ListItem\",\"position\":3,\"name\":\"Opini\u00f3n | La diversidad de perspectivas y participaci\u00f3n de la mujer en la Ingenier\u00eda e innovaci\u00f3n \u00a0\"}]},{\"@type\":\"WebSite\",\"@id\":\"https:\\\/\\\/cmas.udd.cl\\\/#website\",\"url\":\"https:\\\/\\\/cmas.udd.cl\\\/\",\"name\":\"C+\",\"description\":\"Centro Investigaci\u00f3n enTecnolog\u00edas para la Sociedad\",\"publisher\":{\"@id\":\"https:\\\/\\\/cmas.udd.cl\\\/#organization\"},\"potentialAction\":[{\"@type\":\"SearchAction\",\"target\":{\"@type\":\"EntryPoint\",\"urlTemplate\":\"https:\\\/\\\/cmas.udd.cl\\\/?s={search_term_string}\"},\"query-input\":{\"@type\":\"PropertyValueSpecification\",\"valueRequired\":true,\"valueName\":\"search_term_string\"}}],\"inLanguage\":\"en-US\"},{\"@type\":\"Organization\",\"@id\":\"https:\\\/\\\/cmas.udd.cl\\\/#organization\",\"name\":\"C+\",\"url\":\"https:\\\/\\\/cmas.udd.cl\\\/\",\"logo\":{\"@type\":\"ImageObject\",\"inLanguage\":\"en-US\",\"@id\":\"https:\\\/\\\/cmas.udd.cl\\\/#\\\/schema\\\/logo\\\/image\\\/\",\"url\":\"https:\\\/\\\/cmas.udd.cl\\\/wp-content\\\/uploads\\\/2023\\\/05\\\/Logo-compuesto-UDD-Cmas.png\",\"contentUrl\":\"https:\\\/\\\/cmas.udd.cl\\\/wp-content\\\/uploads\\\/2023\\\/05\\\/Logo-compuesto-UDD-Cmas.png\",\"width\":695,\"height\":72,\"caption\":\"C+\"},\"image\":{\"@id\":\"https:\\\/\\\/cmas.udd.cl\\\/#\\\/schema\\\/logo\\\/image\\\/\"}}]}<\/script>\n<!-- \/ Yoast SEO plugin. -->","yoast_head_json":{"title":"Opini\u00f3n | La diversidad de perspectivas y participaci\u00f3n de la mujer en la Ingenier\u00eda e innovaci\u00f3n \u00a0 - C+","robots":{"index":"index","follow":"follow","max-snippet":"max-snippet:-1","max-image-preview":"max-image-preview:large","max-video-preview":"max-video-preview:-1"},"canonical":"https:\/\/cmas.udd.cl\/en\/noticia\/opinion-la-diversidad-de-perspectivas-y-participacion-de-la-mujer-en-la-ingenieria-e-innovacion-migrado\/","og_locale":"en_US","og_type":"article","og_title":"Opini\u00f3n | La diversidad de perspectivas y participaci\u00f3n de la mujer en la Ingenier\u00eda e innovaci\u00f3n \u00a0 - C+","og_description":"Por Karin Petra Wallem, investigadora Grupo Ambientes Extremos del Centro de Investigaci\u00f3n en Tecnolog\u00edas para la Sociedad (C+), Ingenier\u00eda UDD. &nbsp; Hist\u00f3ricamente, las mujeres han estado subrepresentadas en las ciencias y la ingenier\u00eda, a pesar de sus contribuciones significativas a lo largo de la historia. Marie Curie, la primera mujer en recibir un Premio Nobel, [&hellip;]","og_url":"https:\/\/cmas.udd.cl\/en\/noticia\/opinion-la-diversidad-de-perspectivas-y-participacion-de-la-mujer-en-la-ingenieria-e-innovacion-migrado\/","og_site_name":"C+","article_modified_time":"2025-07-02T00:08:35+00:00","og_image":[{"width":750,"height":926,"url":"https:\/\/cmas.udd.cl\/wp-content\/uploads\/2025\/03\/petra.png","type":"image\/png"}],"twitter_card":"summary_large_image","twitter_misc":{"Est. reading time":"1 minute"},"schema":{"@context":"https:\/\/schema.org","@graph":[{"@type":"WebPage","@id":"https:\/\/cmas.udd.cl\/noticia\/opinion-la-diversidad-de-perspectivas-y-participacion-de-la-mujer-en-la-ingenieria-e-innovacion-migrado\/","url":"https:\/\/cmas.udd.cl\/noticia\/opinion-la-diversidad-de-perspectivas-y-participacion-de-la-mujer-en-la-ingenieria-e-innovacion-migrado\/","name":"Opini\u00f3n | La diversidad de perspectivas y participaci\u00f3n de la mujer en la Ingenier\u00eda e innovaci\u00f3n \u00a0 - C+","isPartOf":{"@id":"https:\/\/cmas.udd.cl\/#website"},"primaryImageOfPage":{"@id":"https:\/\/cmas.udd.cl\/noticia\/opinion-la-diversidad-de-perspectivas-y-participacion-de-la-mujer-en-la-ingenieria-e-innovacion-migrado\/#primaryimage"},"image":{"@id":"https:\/\/cmas.udd.cl\/noticia\/opinion-la-diversidad-de-perspectivas-y-participacion-de-la-mujer-en-la-ingenieria-e-innovacion-migrado\/#primaryimage"},"thumbnailUrl":"https:\/\/cmas.udd.cl\/wp-content\/uploads\/2025\/03\/petra.png","datePublished":"2025-03-07T12:52:19+00:00","dateModified":"2025-07-02T00:08:35+00:00","breadcrumb":{"@id":"https:\/\/cmas.udd.cl\/noticia\/opinion-la-diversidad-de-perspectivas-y-participacion-de-la-mujer-en-la-ingenieria-e-innovacion-migrado\/#breadcrumb"},"inLanguage":"en-US","potentialAction":[{"@type":"ReadAction","target":["https:\/\/cmas.udd.cl\/noticia\/opinion-la-diversidad-de-perspectivas-y-participacion-de-la-mujer-en-la-ingenieria-e-innovacion-migrado\/"]}]},{"@type":"ImageObject","inLanguage":"en-US","@id":"https:\/\/cmas.udd.cl\/noticia\/opinion-la-diversidad-de-perspectivas-y-participacion-de-la-mujer-en-la-ingenieria-e-innovacion-migrado\/#primaryimage","url":"https:\/\/cmas.udd.cl\/wp-content\/uploads\/2025\/03\/petra.png","contentUrl":"https:\/\/cmas.udd.cl\/wp-content\/uploads\/2025\/03\/petra.png","width":750,"height":926},{"@type":"BreadcrumbList","@id":"https:\/\/cmas.udd.cl\/noticia\/opinion-la-diversidad-de-perspectivas-y-participacion-de-la-mujer-en-la-ingenieria-e-innovacion-migrado\/#breadcrumb","itemListElement":[{"@type":"ListItem","position":1,"name":"Home","item":"https:\/\/cmas.udd.cl\/"},{"@type":"ListItem","position":2,"name":"Noticias","item":"https:\/\/cmas.udd.cl\/Noticias\/"},{"@type":"ListItem","position":3,"name":"Opini\u00f3n | La diversidad de perspectivas y participaci\u00f3n de la mujer en la Ingenier\u00eda e innovaci\u00f3n \u00a0"}]},{"@type":"WebSite","@id":"https:\/\/cmas.udd.cl\/#website","url":"https:\/\/cmas.udd.cl\/","name":"C+","description":"Centro Investigaci\u00f3n enTecnolog\u00edas para la Sociedad","publisher":{"@id":"https:\/\/cmas.udd.cl\/#organization"},"potentialAction":[{"@type":"SearchAction","target":{"@type":"EntryPoint","urlTemplate":"https:\/\/cmas.udd.cl\/?s={search_term_string}"},"query-input":{"@type":"PropertyValueSpecification","valueRequired":true,"valueName":"search_term_string"}}],"inLanguage":"en-US"},{"@type":"Organization","@id":"https:\/\/cmas.udd.cl\/#organization","name":"C+","url":"https:\/\/cmas.udd.cl\/","logo":{"@type":"ImageObject","inLanguage":"en-US","@id":"https:\/\/cmas.udd.cl\/#\/schema\/logo\/image\/","url":"https:\/\/cmas.udd.cl\/wp-content\/uploads\/2023\/05\/Logo-compuesto-UDD-Cmas.png","contentUrl":"https:\/\/cmas.udd.cl\/wp-content\/uploads\/2023\/05\/Logo-compuesto-UDD-Cmas.png","width":695,"height":72,"caption":"C+"},"image":{"@id":"https:\/\/cmas.udd.cl\/#\/schema\/logo\/image\/"}}]}},"_links":{"self":[{"href":"https:\/\/cmas.udd.cl\/en\/wp-json\/wp\/v2\/noticia\/5905","targetHints":{"allow":["GET"]}}],"collection":[{"href":"https:\/\/cmas.udd.cl\/en\/wp-json\/wp\/v2\/noticia"}],"about":[{"href":"https:\/\/cmas.udd.cl\/en\/wp-json\/wp\/v2\/types\/noticia"}],"version-history":[{"count":0,"href":"https:\/\/cmas.udd.cl\/en\/wp-json\/wp\/v2\/noticia\/5905\/revisions"}],"wp:featuredmedia":[{"embeddable":true,"href":"https:\/\/cmas.udd.cl\/en\/wp-json\/wp\/v2\/media\/4150"}],"wp:attachment":[{"href":"https:\/\/cmas.udd.cl\/en\/wp-json\/wp\/v2\/media?parent=5905"}],"wp:term":[{"taxonomy":"filtro-de-portada","embeddable":true,"href":"https:\/\/cmas.udd.cl\/en\/wp-json\/wp\/v2\/filtro-de-portada?post=5905"},{"taxonomy":"grupo-de-investigacion","embeddable":true,"href":"https:\/\/cmas.udd.cl\/en\/wp-json\/wp\/v2\/grupo-de-investigacion?post=5905"},{"taxonomy":"tipo-de-contenido","embeddable":true,"href":"https:\/\/cmas.udd.cl\/en\/wp-json\/wp\/v2\/tipo-de-contenido?post=5905"}],"curies":[{"name":"wp","href":"https:\/\/api.w.org\/{rel}","templated":true}]}}