{"id":5893,"date":"2024-12-19T15:10:03","date_gmt":"2024-12-19T15:10:03","guid":{"rendered":"https:\/\/cmas.udd.cl\/?post_type=noticia&#038;p=4017"},"modified":"2025-07-02T00:08:35","modified_gmt":"2025-07-02T00:08:35","slug":"investigadoras-del-centro-c-participan-en-encuentro-cientifico-de-ciencias-ambientales-en-washington-migrado","status":"publish","type":"noticia","link":"https:\/\/cmas.udd.cl\/en\/noticia\/investigadoras-del-centro-c-participan-en-encuentro-cientifico-de-ciencias-ambientales-en-washington-migrado\/","title":{"rendered":"Investigadoras del Centro C+ participan en encuentro cient\u00edfico de ciencias ambientales en Washington\u00a0\u00a0"},"content":{"rendered":"<p>Dos investigadoras del Centro de Investigaci\u00f3n en Tecnolog\u00edas para la Sociedad (C+) de Ingenier\u00eda UDD participaron en una nueva versi\u00f3n del \u201cAmerican Geophysical Union (AGU) Fall Meeting\u201d, encuentro internacional, realizado en Washington DC, que reuni\u00f3 a m\u00e1s de 25.000 expertos y cient\u00edficos para exponer y presentar sobre ciencias ambientales.&nbsp;&nbsp;<\/p>\n\n\n\n<p>Zo\u0451 Fleming y Macarena Troncoso, ambas investigadoras del grupo EnviroHealth Dynamics del Centro C+, presentaron en el seminario sobre temas relacionados a la calidad del aire, mediciones comunitarias de agua y la medici\u00f3n de gases de efecto invernadero, adem\u00e1s de participar de las charlas y exposiciones que se realizaron en el lugar.&nbsp;&nbsp;<\/p>\n\n\n\n<p>Zo\u0451 Fleming estuvo a cargo de presentar sobre la investigaci\u00f3n FONDECYT en calidad del aire con el poster \u201cThe Air quality monitoring network in Chile: a map of contrasting climatic and social situations\u201d y tambi\u00e9n sobre el proyecto de ciencia ciudadana \u201cVoluntarios por el Agua\u201d.&nbsp;&nbsp;<\/p>\n\n\n\n<p>\u201cHab\u00eda muchos proyectos, presentaciones e ideas que podr\u00edan ayudar como insumos para el nuevo <a href=\"https:\/\/mileniocitec.cl\/2024\/12\/16\/articulo-1-copy\/\"><strong>N\u00facleo Milenio CITEC<\/strong><\/a>\u201d, se\u00f1al\u00f3 Zoe Fleming en relaci\u00f3n al proyecto sobre ciencia ciudadana en donde est\u00e1 participando como investigadora principal y sobre el cual tambi\u00e9n present\u00f3 en el congreso. \u00a0<\/p>\n\n\n\n<p>Por otra parte, Macarena Troncoso present\u00f3 en la sesi\u00f3n \u201cAdvances in measurements, synthesis, analysis and modeling ofgreenhouse gas fluxes from natural ecosystems\u201d, donde expuso sobre mediciones de gases de efecto invernadero (CH4 y CO2) en el Salar Huasco en el norte de Chile y sobre mediciones en el humedal Mantagua, en la V regi\u00f3n.&nbsp;<\/p>\n\n\n\n<p>\u201cEste tipo de experiencias fomentan el inter\u00e9s sobre profundizar nuestras l\u00edneas de investigaci\u00f3n, adem\u00e1s de ofrecer oportunidades de adoptar conocimientos de otras disciplinas, lo que conlleva a establecer contactos que pueden transformarse en redes de colaboraci\u00f3n entre investigadores de diversas partes del mundo\u201d, se\u00f1al\u00f3 Macarena Troncoso en relaci\u00f3n a su participaci\u00f3n en el congreso.&nbsp;&nbsp;&nbsp;<\/p>\n\n\n\n<p>Por \u00faltimo, ambas investigadoras tambi\u00e9n comentaron que el seminario cont\u00f3 con talleres sobre pol\u00edticas p\u00fablicas, comunicaci\u00f3n de la ciencia y justicia ambiental, adem\u00e1s de diferentes stands de empresas y organizaciones ambientales, lo que les sirvi\u00f3 tambi\u00e9n para aprender sobre diferentes tem\u00e1ticas de la ciencia.&nbsp;&nbsp;<\/p>\n\n\n\n<figure class=\"wp-block-gallery has-nested-images columns-default is-cropped wp-block-gallery-1 is-layout-flex wp-block-gallery-is-layout-flex\">\n<figure class=\"wp-block-image size-large\"><img fetchpriority=\"high\" decoding=\"async\" width=\"1024\" height=\"768\" data-id=\"4019\" src=\"https:\/\/cmas.udd.cl\/wp-content\/uploads\/2024\/12\/maca-1024x768.jpg\" alt=\"\" class=\"wp-image-4019\" srcset=\"https:\/\/cmas.udd.cl\/wp-content\/uploads\/2024\/12\/maca-1024x768.jpg 1024w, https:\/\/cmas.udd.cl\/wp-content\/uploads\/2024\/12\/maca-300x225.jpg 300w, https:\/\/cmas.udd.cl\/wp-content\/uploads\/2024\/12\/maca-768x576.jpg 768w, https:\/\/cmas.udd.cl\/wp-content\/uploads\/2024\/12\/maca-1536x1152.jpg 1536w, https:\/\/cmas.udd.cl\/wp-content\/uploads\/2024\/12\/maca.jpg 1600w\" sizes=\"(max-width: 1024px) 100vw, 1024px\" \/><\/figure>\n\n\n\n<figure class=\"wp-block-image size-large\"><img decoding=\"async\" width=\"768\" height=\"1024\" data-id=\"4022\" src=\"https:\/\/cmas.udd.cl\/wp-content\/uploads\/2024\/12\/Next-768x1024.jpg\" alt=\"\" class=\"wp-image-4022\" srcset=\"https:\/\/cmas.udd.cl\/wp-content\/uploads\/2024\/12\/Next-768x1024.jpg 768w, https:\/\/cmas.udd.cl\/wp-content\/uploads\/2024\/12\/Next-225x300.jpg 225w, https:\/\/cmas.udd.cl\/wp-content\/uploads\/2024\/12\/Next-1152x1536.jpg 1152w, https:\/\/cmas.udd.cl\/wp-content\/uploads\/2024\/12\/Next.jpg 1200w\" sizes=\"(max-width: 768px) 100vw, 768px\" \/><\/figure>\n\n\n\n<figure class=\"wp-block-image size-large\"><img decoding=\"async\" width=\"1024\" height=\"768\" data-id=\"4021\" src=\"https:\/\/cmas.udd.cl\/wp-content\/uploads\/2024\/12\/room-1024x768.jpg\" alt=\"\" class=\"wp-image-4021\" srcset=\"https:\/\/cmas.udd.cl\/wp-content\/uploads\/2024\/12\/room-1024x768.jpg 1024w, https:\/\/cmas.udd.cl\/wp-content\/uploads\/2024\/12\/room-300x225.jpg 300w, https:\/\/cmas.udd.cl\/wp-content\/uploads\/2024\/12\/room-768x576.jpg 768w, https:\/\/cmas.udd.cl\/wp-content\/uploads\/2024\/12\/room-1536x1152.jpg 1536w, https:\/\/cmas.udd.cl\/wp-content\/uploads\/2024\/12\/room.jpg 1600w\" sizes=\"(max-width: 1024px) 100vw, 1024px\" \/><\/figure>\n\n\n\n<figure class=\"wp-block-image size-large\"><img loading=\"lazy\" decoding=\"async\" width=\"1024\" height=\"768\" data-id=\"4020\" src=\"https:\/\/cmas.udd.cl\/wp-content\/uploads\/2024\/12\/Maca-charla-1024x768.jpg\" alt=\"\" class=\"wp-image-4020\" srcset=\"https:\/\/cmas.udd.cl\/wp-content\/uploads\/2024\/12\/Maca-charla-1024x768.jpg 1024w, https:\/\/cmas.udd.cl\/wp-content\/uploads\/2024\/12\/Maca-charla-300x225.jpg 300w, https:\/\/cmas.udd.cl\/wp-content\/uploads\/2024\/12\/Maca-charla-768x576.jpg 768w, https:\/\/cmas.udd.cl\/wp-content\/uploads\/2024\/12\/Maca-charla-1536x1152.jpg 1536w, https:\/\/cmas.udd.cl\/wp-content\/uploads\/2024\/12\/Maca-charla.jpg 1600w\" sizes=\"(max-width: 1024px) 100vw, 1024px\" \/><\/figure>\n\n\n\n<figure class=\"wp-block-image size-large\"><img loading=\"lazy\" decoding=\"async\" width=\"1024\" height=\"768\" data-id=\"4023\" src=\"https:\/\/cmas.udd.cl\/wp-content\/uploads\/2024\/12\/Imagen-de-WhatsApp-2024-12-09-a-las-18.50.10_605682ff-1024x768.jpg\" alt=\"\" class=\"wp-image-4023\" srcset=\"https:\/\/cmas.udd.cl\/wp-content\/uploads\/2024\/12\/Imagen-de-WhatsApp-2024-12-09-a-las-18.50.10_605682ff-1024x768.jpg 1024w, https:\/\/cmas.udd.cl\/wp-content\/uploads\/2024\/12\/Imagen-de-WhatsApp-2024-12-09-a-las-18.50.10_605682ff-300x225.jpg 300w, https:\/\/cmas.udd.cl\/wp-content\/uploads\/2024\/12\/Imagen-de-WhatsApp-2024-12-09-a-las-18.50.10_605682ff-768x576.jpg 768w, https:\/\/cmas.udd.cl\/wp-content\/uploads\/2024\/12\/Imagen-de-WhatsApp-2024-12-09-a-las-18.50.10_605682ff.jpg 1280w\" sizes=\"(max-width: 1024px) 100vw, 1024px\" \/><\/figure>\n\n\n\n<figure class=\"wp-block-image size-large\"><img loading=\"lazy\" decoding=\"async\" width=\"768\" height=\"1024\" data-id=\"4025\" src=\"https:\/\/cmas.udd.cl\/wp-content\/uploads\/2024\/12\/eposter2-768x1024.jpg\" alt=\"\" class=\"wp-image-4025\" srcset=\"https:\/\/cmas.udd.cl\/wp-content\/uploads\/2024\/12\/eposter2-768x1024.jpg 768w, https:\/\/cmas.udd.cl\/wp-content\/uploads\/2024\/12\/eposter2-225x300.jpg 225w, https:\/\/cmas.udd.cl\/wp-content\/uploads\/2024\/12\/eposter2-1152x1536.jpg 1152w, https:\/\/cmas.udd.cl\/wp-content\/uploads\/2024\/12\/eposter2.jpg 1200w\" sizes=\"(max-width: 768px) 100vw, 768px\" \/><\/figure>\n\n\n\n<figure class=\"wp-block-image size-large\"><img loading=\"lazy\" decoding=\"async\" width=\"1024\" height=\"768\" data-id=\"4026\" src=\"https:\/\/cmas.udd.cl\/wp-content\/uploads\/2024\/12\/AGU-1-1024x768.jpg\" alt=\"\" class=\"wp-image-4026\" srcset=\"https:\/\/cmas.udd.cl\/wp-content\/uploads\/2024\/12\/AGU-1-1024x768.jpg 1024w, https:\/\/cmas.udd.cl\/wp-content\/uploads\/2024\/12\/AGU-1-300x225.jpg 300w, https:\/\/cmas.udd.cl\/wp-content\/uploads\/2024\/12\/AGU-1-768x576.jpg 768w, https:\/\/cmas.udd.cl\/wp-content\/uploads\/2024\/12\/AGU-1-1536x1152.jpg 1536w, https:\/\/cmas.udd.cl\/wp-content\/uploads\/2024\/12\/AGU-1.jpg 1600w\" sizes=\"(max-width: 1024px) 100vw, 1024px\" \/><\/figure>\n<\/figure>","protected":false},"excerpt":{"rendered":"<p>Dos investigadoras del Centro de Investigaci\u00f3n en Tecnolog\u00edas para la Sociedad (C+) de Ingenier\u00eda UDD participaron en una nueva versi\u00f3n del \u201cAmerican Geophysical Union (AGU) Fall Meeting\u201d, encuentro internacional, realizado en Washington DC, que reuni\u00f3 a m\u00e1s de 25.000 expertos y cient\u00edficos para exponer y presentar sobre ciencias ambientales.&nbsp;&nbsp; Zo\u0451 Fleming y Macarena Troncoso, ambas [&hellip;]<\/p>\n","protected":false},"featured_media":4018,"template":"","meta":{"_acf_changed":false},"filtro-de-portada":[],"grupo-de-investigacion":[103],"tipo-de-contenido":[],"class_list":["post-5893","noticia","type-noticia","status-publish","has-post-thumbnail","hentry","grupo-de-investigacion-enviro_health"],"acf":[],"yoast_head":"<!-- This site is optimized with the Yoast SEO plugin v27.3 - https:\/\/yoast.com\/product\/yoast-seo-wordpress\/ -->\n<title>Investigadoras del Centro C+ participan en encuentro cient\u00edfico de ciencias ambientales en Washington\u00a0\u00a0 - C+<\/title>\n<meta name=\"robots\" content=\"index, follow, max-snippet:-1, max-image-preview:large, max-video-preview:-1\" \/>\n<link rel=\"canonical\" href=\"https:\/\/cmas.udd.cl\/en\/noticia\/investigadoras-del-centro-c-participan-en-encuentro-cientifico-de-ciencias-ambientales-en-washington-migrado\/\" \/>\n<meta property=\"og:locale\" content=\"en_US\" \/>\n<meta property=\"og:type\" content=\"article\" \/>\n<meta property=\"og:title\" content=\"Investigadoras del Centro C+ participan en encuentro cient\u00edfico de ciencias ambientales en Washington\u00a0\u00a0 - C+\" \/>\n<meta property=\"og:description\" content=\"Dos investigadoras del Centro de Investigaci\u00f3n en Tecnolog\u00edas para la Sociedad (C+) de Ingenier\u00eda UDD participaron en una nueva versi\u00f3n del \u201cAmerican Geophysical Union (AGU) Fall Meeting\u201d, encuentro internacional, realizado en Washington DC, que reuni\u00f3 a m\u00e1s de 25.000 expertos y cient\u00edficos para exponer y presentar sobre ciencias ambientales.&nbsp;&nbsp; Zo\u0451 Fleming y Macarena Troncoso, ambas [&hellip;]\" \/>\n<meta property=\"og:url\" content=\"https:\/\/cmas.udd.cl\/en\/noticia\/investigadoras-del-centro-c-participan-en-encuentro-cientifico-de-ciencias-ambientales-en-washington-migrado\/\" \/>\n<meta property=\"og:site_name\" content=\"C+\" \/>\n<meta property=\"article:modified_time\" content=\"2025-07-02T00:08:35+00:00\" \/>\n<meta property=\"og:image\" content=\"https:\/\/cmas.udd.cl\/wp-content\/uploads\/2024\/12\/AGU.jpg\" \/>\n\t<meta property=\"og:image:width\" content=\"1600\" \/>\n\t<meta property=\"og:image:height\" content=\"1200\" \/>\n\t<meta property=\"og:image:type\" content=\"image\/jpeg\" \/>\n<meta name=\"twitter:card\" content=\"summary_large_image\" \/>\n<meta name=\"twitter:label1\" content=\"Est. reading time\" \/>\n\t<meta name=\"twitter:data1\" content=\"2 minutes\" \/>\n<script type=\"application\/ld+json\" class=\"yoast-schema-graph\">{\"@context\":\"https:\\\/\\\/schema.org\",\"@graph\":[{\"@type\":\"WebPage\",\"@id\":\"https:\\\/\\\/cmas.udd.cl\\\/noticia\\\/investigadoras-del-centro-c-participan-en-encuentro-cientifico-de-ciencias-ambientales-en-washington-migrado\\\/\",\"url\":\"https:\\\/\\\/cmas.udd.cl\\\/noticia\\\/investigadoras-del-centro-c-participan-en-encuentro-cientifico-de-ciencias-ambientales-en-washington-migrado\\\/\",\"name\":\"Investigadoras del Centro C+ participan en encuentro cient\u00edfico de ciencias ambientales en Washington\u00a0\u00a0 - C+\",\"isPartOf\":{\"@id\":\"https:\\\/\\\/cmas.udd.cl\\\/#website\"},\"primaryImageOfPage\":{\"@id\":\"https:\\\/\\\/cmas.udd.cl\\\/noticia\\\/investigadoras-del-centro-c-participan-en-encuentro-cientifico-de-ciencias-ambientales-en-washington-migrado\\\/#primaryimage\"},\"image\":{\"@id\":\"https:\\\/\\\/cmas.udd.cl\\\/noticia\\\/investigadoras-del-centro-c-participan-en-encuentro-cientifico-de-ciencias-ambientales-en-washington-migrado\\\/#primaryimage\"},\"thumbnailUrl\":\"https:\\\/\\\/cmas.udd.cl\\\/wp-content\\\/uploads\\\/2024\\\/12\\\/AGU.jpg\",\"datePublished\":\"2024-12-19T15:10:03+00:00\",\"dateModified\":\"2025-07-02T00:08:35+00:00\",\"breadcrumb\":{\"@id\":\"https:\\\/\\\/cmas.udd.cl\\\/noticia\\\/investigadoras-del-centro-c-participan-en-encuentro-cientifico-de-ciencias-ambientales-en-washington-migrado\\\/#breadcrumb\"},\"inLanguage\":\"en-US\",\"potentialAction\":[{\"@type\":\"ReadAction\",\"target\":[\"https:\\\/\\\/cmas.udd.cl\\\/noticia\\\/investigadoras-del-centro-c-participan-en-encuentro-cientifico-de-ciencias-ambientales-en-washington-migrado\\\/\"]}]},{\"@type\":\"ImageObject\",\"inLanguage\":\"en-US\",\"@id\":\"https:\\\/\\\/cmas.udd.cl\\\/noticia\\\/investigadoras-del-centro-c-participan-en-encuentro-cientifico-de-ciencias-ambientales-en-washington-migrado\\\/#primaryimage\",\"url\":\"https:\\\/\\\/cmas.udd.cl\\\/wp-content\\\/uploads\\\/2024\\\/12\\\/AGU.jpg\",\"contentUrl\":\"https:\\\/\\\/cmas.udd.cl\\\/wp-content\\\/uploads\\\/2024\\\/12\\\/AGU.jpg\",\"width\":1600,\"height\":1200},{\"@type\":\"BreadcrumbList\",\"@id\":\"https:\\\/\\\/cmas.udd.cl\\\/noticia\\\/investigadoras-del-centro-c-participan-en-encuentro-cientifico-de-ciencias-ambientales-en-washington-migrado\\\/#breadcrumb\",\"itemListElement\":[{\"@type\":\"ListItem\",\"position\":1,\"name\":\"Home\",\"item\":\"https:\\\/\\\/cmas.udd.cl\\\/\"},{\"@type\":\"ListItem\",\"position\":2,\"name\":\"Noticias\",\"item\":\"https:\\\/\\\/cmas.udd.cl\\\/Noticias\\\/\"},{\"@type\":\"ListItem\",\"position\":3,\"name\":\"Investigadoras del Centro C+ participan en encuentro cient\u00edfico de ciencias ambientales en Washington\u00a0\u00a0\"}]},{\"@type\":\"WebSite\",\"@id\":\"https:\\\/\\\/cmas.udd.cl\\\/#website\",\"url\":\"https:\\\/\\\/cmas.udd.cl\\\/\",\"name\":\"C+\",\"description\":\"Centro Investigaci\u00f3n enTecnolog\u00edas para la Sociedad\",\"publisher\":{\"@id\":\"https:\\\/\\\/cmas.udd.cl\\\/#organization\"},\"potentialAction\":[{\"@type\":\"SearchAction\",\"target\":{\"@type\":\"EntryPoint\",\"urlTemplate\":\"https:\\\/\\\/cmas.udd.cl\\\/?s={search_term_string}\"},\"query-input\":{\"@type\":\"PropertyValueSpecification\",\"valueRequired\":true,\"valueName\":\"search_term_string\"}}],\"inLanguage\":\"en-US\"},{\"@type\":\"Organization\",\"@id\":\"https:\\\/\\\/cmas.udd.cl\\\/#organization\",\"name\":\"C+\",\"url\":\"https:\\\/\\\/cmas.udd.cl\\\/\",\"logo\":{\"@type\":\"ImageObject\",\"inLanguage\":\"en-US\",\"@id\":\"https:\\\/\\\/cmas.udd.cl\\\/#\\\/schema\\\/logo\\\/image\\\/\",\"url\":\"https:\\\/\\\/cmas.udd.cl\\\/wp-content\\\/uploads\\\/2023\\\/05\\\/Logo-compuesto-UDD-Cmas.png\",\"contentUrl\":\"https:\\\/\\\/cmas.udd.cl\\\/wp-content\\\/uploads\\\/2023\\\/05\\\/Logo-compuesto-UDD-Cmas.png\",\"width\":695,\"height\":72,\"caption\":\"C+\"},\"image\":{\"@id\":\"https:\\\/\\\/cmas.udd.cl\\\/#\\\/schema\\\/logo\\\/image\\\/\"}}]}<\/script>\n<!-- \/ Yoast SEO plugin. -->","yoast_head_json":{"title":"Investigadoras del Centro C+ participan en encuentro cient\u00edfico de ciencias ambientales en Washington\u00a0\u00a0 - C+","robots":{"index":"index","follow":"follow","max-snippet":"max-snippet:-1","max-image-preview":"max-image-preview:large","max-video-preview":"max-video-preview:-1"},"canonical":"https:\/\/cmas.udd.cl\/en\/noticia\/investigadoras-del-centro-c-participan-en-encuentro-cientifico-de-ciencias-ambientales-en-washington-migrado\/","og_locale":"en_US","og_type":"article","og_title":"Investigadoras del Centro C+ participan en encuentro cient\u00edfico de ciencias ambientales en Washington\u00a0\u00a0 - C+","og_description":"Dos investigadoras del Centro de Investigaci\u00f3n en Tecnolog\u00edas para la Sociedad (C+) de Ingenier\u00eda UDD participaron en una nueva versi\u00f3n del \u201cAmerican Geophysical Union (AGU) Fall Meeting\u201d, encuentro internacional, realizado en Washington DC, que reuni\u00f3 a m\u00e1s de 25.000 expertos y cient\u00edficos para exponer y presentar sobre ciencias ambientales.&nbsp;&nbsp; Zo\u0451 Fleming y Macarena Troncoso, ambas [&hellip;]","og_url":"https:\/\/cmas.udd.cl\/en\/noticia\/investigadoras-del-centro-c-participan-en-encuentro-cientifico-de-ciencias-ambientales-en-washington-migrado\/","og_site_name":"C+","article_modified_time":"2025-07-02T00:08:35+00:00","og_image":[{"width":1600,"height":1200,"url":"https:\/\/cmas.udd.cl\/wp-content\/uploads\/2024\/12\/AGU.jpg","type":"image\/jpeg"}],"twitter_card":"summary_large_image","twitter_misc":{"Est. reading time":"2 minutes"},"schema":{"@context":"https:\/\/schema.org","@graph":[{"@type":"WebPage","@id":"https:\/\/cmas.udd.cl\/noticia\/investigadoras-del-centro-c-participan-en-encuentro-cientifico-de-ciencias-ambientales-en-washington-migrado\/","url":"https:\/\/cmas.udd.cl\/noticia\/investigadoras-del-centro-c-participan-en-encuentro-cientifico-de-ciencias-ambientales-en-washington-migrado\/","name":"Investigadoras del Centro C+ participan en encuentro cient\u00edfico de ciencias ambientales en Washington\u00a0\u00a0 - C+","isPartOf":{"@id":"https:\/\/cmas.udd.cl\/#website"},"primaryImageOfPage":{"@id":"https:\/\/cmas.udd.cl\/noticia\/investigadoras-del-centro-c-participan-en-encuentro-cientifico-de-ciencias-ambientales-en-washington-migrado\/#primaryimage"},"image":{"@id":"https:\/\/cmas.udd.cl\/noticia\/investigadoras-del-centro-c-participan-en-encuentro-cientifico-de-ciencias-ambientales-en-washington-migrado\/#primaryimage"},"thumbnailUrl":"https:\/\/cmas.udd.cl\/wp-content\/uploads\/2024\/12\/AGU.jpg","datePublished":"2024-12-19T15:10:03+00:00","dateModified":"2025-07-02T00:08:35+00:00","breadcrumb":{"@id":"https:\/\/cmas.udd.cl\/noticia\/investigadoras-del-centro-c-participan-en-encuentro-cientifico-de-ciencias-ambientales-en-washington-migrado\/#breadcrumb"},"inLanguage":"en-US","potentialAction":[{"@type":"ReadAction","target":["https:\/\/cmas.udd.cl\/noticia\/investigadoras-del-centro-c-participan-en-encuentro-cientifico-de-ciencias-ambientales-en-washington-migrado\/"]}]},{"@type":"ImageObject","inLanguage":"en-US","@id":"https:\/\/cmas.udd.cl\/noticia\/investigadoras-del-centro-c-participan-en-encuentro-cientifico-de-ciencias-ambientales-en-washington-migrado\/#primaryimage","url":"https:\/\/cmas.udd.cl\/wp-content\/uploads\/2024\/12\/AGU.jpg","contentUrl":"https:\/\/cmas.udd.cl\/wp-content\/uploads\/2024\/12\/AGU.jpg","width":1600,"height":1200},{"@type":"BreadcrumbList","@id":"https:\/\/cmas.udd.cl\/noticia\/investigadoras-del-centro-c-participan-en-encuentro-cientifico-de-ciencias-ambientales-en-washington-migrado\/#breadcrumb","itemListElement":[{"@type":"ListItem","position":1,"name":"Home","item":"https:\/\/cmas.udd.cl\/"},{"@type":"ListItem","position":2,"name":"Noticias","item":"https:\/\/cmas.udd.cl\/Noticias\/"},{"@type":"ListItem","position":3,"name":"Investigadoras del Centro C+ participan en encuentro cient\u00edfico de ciencias ambientales en Washington\u00a0\u00a0"}]},{"@type":"WebSite","@id":"https:\/\/cmas.udd.cl\/#website","url":"https:\/\/cmas.udd.cl\/","name":"C+","description":"Centro Investigaci\u00f3n enTecnolog\u00edas para la Sociedad","publisher":{"@id":"https:\/\/cmas.udd.cl\/#organization"},"potentialAction":[{"@type":"SearchAction","target":{"@type":"EntryPoint","urlTemplate":"https:\/\/cmas.udd.cl\/?s={search_term_string}"},"query-input":{"@type":"PropertyValueSpecification","valueRequired":true,"valueName":"search_term_string"}}],"inLanguage":"en-US"},{"@type":"Organization","@id":"https:\/\/cmas.udd.cl\/#organization","name":"C+","url":"https:\/\/cmas.udd.cl\/","logo":{"@type":"ImageObject","inLanguage":"en-US","@id":"https:\/\/cmas.udd.cl\/#\/schema\/logo\/image\/","url":"https:\/\/cmas.udd.cl\/wp-content\/uploads\/2023\/05\/Logo-compuesto-UDD-Cmas.png","contentUrl":"https:\/\/cmas.udd.cl\/wp-content\/uploads\/2023\/05\/Logo-compuesto-UDD-Cmas.png","width":695,"height":72,"caption":"C+"},"image":{"@id":"https:\/\/cmas.udd.cl\/#\/schema\/logo\/image\/"}}]}},"_links":{"self":[{"href":"https:\/\/cmas.udd.cl\/en\/wp-json\/wp\/v2\/noticia\/5893","targetHints":{"allow":["GET"]}}],"collection":[{"href":"https:\/\/cmas.udd.cl\/en\/wp-json\/wp\/v2\/noticia"}],"about":[{"href":"https:\/\/cmas.udd.cl\/en\/wp-json\/wp\/v2\/types\/noticia"}],"version-history":[{"count":0,"href":"https:\/\/cmas.udd.cl\/en\/wp-json\/wp\/v2\/noticia\/5893\/revisions"}],"wp:featuredmedia":[{"embeddable":true,"href":"https:\/\/cmas.udd.cl\/en\/wp-json\/wp\/v2\/media\/4018"}],"wp:attachment":[{"href":"https:\/\/cmas.udd.cl\/en\/wp-json\/wp\/v2\/media?parent=5893"}],"wp:term":[{"taxonomy":"filtro-de-portada","embeddable":true,"href":"https:\/\/cmas.udd.cl\/en\/wp-json\/wp\/v2\/filtro-de-portada?post=5893"},{"taxonomy":"grupo-de-investigacion","embeddable":true,"href":"https:\/\/cmas.udd.cl\/en\/wp-json\/wp\/v2\/grupo-de-investigacion?post=5893"},{"taxonomy":"tipo-de-contenido","embeddable":true,"href":"https:\/\/cmas.udd.cl\/en\/wp-json\/wp\/v2\/tipo-de-contenido?post=5893"}],"curies":[{"name":"wp","href":"https:\/\/api.w.org\/{rel}","templated":true}]}}