{"id":5891,"date":"2024-12-11T19:19:25","date_gmt":"2024-12-11T19:19:25","guid":{"rendered":"https:\/\/cmas.udd.cl\/?post_type=noticia&#038;p=3961"},"modified":"2025-07-02T00:08:35","modified_gmt":"2025-07-02T00:08:35","slug":"estaciones-de-monitoreo-mediran-calidad-del-agua-en-el-rio-biobio-migrado","status":"publish","type":"noticia","link":"https:\/\/cmas.udd.cl\/en\/noticia\/estaciones-de-monitoreo-mediran-calidad-del-agua-en-el-rio-biobio-migrado\/","title":{"rendered":"Estaciones de monitoreo medir\u00e1n calidad del agua en el r\u00edo Biob\u00edo\u00a0\u00a0"},"content":{"rendered":"<figure class=\"wp-block-embed is-type-video is-provider-youtube wp-block-embed-youtube wp-embed-aspect-16-9 wp-has-aspect-ratio\"><div class=\"wp-block-embed__wrapper\">\n<iframe title=\"Estaciones de monitoreo medir\u00e1n calidad del agua en el r\u00edo Biob\u00edo\" width=\"800\" height=\"450\" src=\"https:\/\/www.youtube.com\/embed\/BL54bPtB2x8?feature=oembed\" frameborder=\"0\" allow=\"accelerometer; autoplay; clipboard-write; encrypted-media; gyroscope; picture-in-picture; web-share\" referrerpolicy=\"strict-origin-when-cross-origin\" allowfullscreen><\/iframe>\n<\/div><\/figure>\n\n\n\n<p>Con el objetivo de monitorear los par\u00e1metros f\u00edsicos y qu\u00edmicos del agua en el R\u00edo Biob\u00edo, el Centro de Investigaci\u00f3n en Tecnolog\u00edas para la Sociedad (C+) de Ingenier\u00eda UDD instal\u00f3 diferentes estaciones de monitoreo en las comunas de Nacimiento, Laja y Negrete.&nbsp;&nbsp;<\/p>\n\n\n\n<p>El proyecto se est\u00e1 desarrollando a ra\u00edz de la solicitud que hizo la empresa papelera CMPC, ubicados en la misma regi\u00f3n, con el fin de conocer el estado del agua del r\u00edo, espec\u00edficamente PH, conductividad y temperatura y c\u00f3mo \u00e9stos afectan en su calidad.&nbsp;&nbsp;<\/p>\n\n\n\n<div class=\"wp-block-media-text is-stacked-on-mobile\"><figure class=\"wp-block-media-text__media\"><img fetchpriority=\"high\" decoding=\"async\" width=\"1024\" height=\"681\" src=\"https:\/\/cmas.udd.cl\/wp-content\/uploads\/2024\/12\/WhatsApp-Image-2024-12-11-at-16.17.49-1024x681.jpeg\" alt=\"\" class=\"wp-image-3962 size-full\" srcset=\"https:\/\/cmas.udd.cl\/wp-content\/uploads\/2024\/12\/WhatsApp-Image-2024-12-11-at-16.17.49-1024x681.jpeg 1024w, https:\/\/cmas.udd.cl\/wp-content\/uploads\/2024\/12\/WhatsApp-Image-2024-12-11-at-16.17.49-300x200.jpeg 300w, https:\/\/cmas.udd.cl\/wp-content\/uploads\/2024\/12\/WhatsApp-Image-2024-12-11-at-16.17.49-768x511.jpeg 768w, https:\/\/cmas.udd.cl\/wp-content\/uploads\/2024\/12\/WhatsApp-Image-2024-12-11-at-16.17.49-1536x1021.jpeg 1536w, https:\/\/cmas.udd.cl\/wp-content\/uploads\/2024\/12\/WhatsApp-Image-2024-12-11-at-16.17.49.jpeg 1600w\" sizes=\"(max-width: 1024px) 100vw, 1024px\" \/><\/figure><div class=\"wp-block-media-text__content\">\n<p>\u201cDeber\u00edamos poder conocer la calidad del agua y los componentes que la conforman, ya que es agua que se usa en varias comunas de la regi\u00f3n y, adem\u00e1s, para asegurar que \u00e9sta est\u00e9 en condiciones \u00f3ptimas para ser usada\u201d, se\u00f1al\u00f3 Rodrigo Ortega, investigador del C+ y parte del equipo a cargo de la iniciativa.<\/p>\n\n\n\n<p><\/p>\n<\/div><\/div>\n\n\n\n<p><\/p>\n\n\n\n<p>En relaci\u00f3n al tipo de medici\u00f3n que se est\u00e1 llevando a cabo y sus diferentes componentes, Konstanza Vergara, investigadora del C+ en Concepci\u00f3n, sostuvo que \u201cla conductividad mide la capacidad que tiene el agua para poder conducir electricidad mediante sus part\u00edculas y,&nbsp;el pH, por otra parte, mide la acidez o alcalinidad en soluci\u00f3n; por lo que conocer los cambios de dichos par\u00e1metros, nos permite comprender los diferentes procesos que podr\u00edan estar afectando al cuerpo de agua\u201d.&nbsp;<\/p>\n\n\n\n<p>Para cada punto de monitoreo, los investigadores instalaron diferentes dispositivos a orillas del r\u00edo, compuestos por una estaci\u00f3n que contiene la plataforma encargada de recolectar, procesar y enviar la informaci\u00f3n a una base de datos online y sensores ubicados en una boya dentro del agua, los cuales se conectan mediante un cableado bajo tierra. &nbsp;<\/p>\n\n\n\n<p>\u201cHicimos el trabajo de recopilar todos los proyectos que se han hecho en el C+ con estas mismas caracter\u00edsticas para rescatar las mejores pr\u00e1cticas y hacer algo m\u00e1s universal. De hecho, esta estaci\u00f3n es modular y se puede adaptar a diferentes tipos de sensores\u201d, sostuvo Sebasti\u00e1n Adonay, investigador del C+, quien adem\u00e1s a\u00f1adi\u00f3 que a trav\u00e9s de la plataforma web se pueden visualizar&nbsp;todos los datos para analizar de manera m\u00e1s profunda los resultados.&nbsp;&nbsp;<\/p>\n\n\n\n<p>Por \u00faltimo, los investigadores se\u00f1alaron que las estaciones de monitoreo se van a ir revisando de forma mensual y, al mismo tiempo, analizando los datos y resultados para una posterior conclusi\u00f3n.&nbsp;<\/p>\n\n\n\n<figure class=\"wp-block-gallery has-nested-images columns-default is-cropped wp-block-gallery-1 is-layout-flex wp-block-gallery-is-layout-flex\">\n<figure class=\"wp-block-image size-large\"><img decoding=\"async\" width=\"1024\" height=\"681\" data-id=\"3963\" src=\"https:\/\/cmas.udd.cl\/wp-content\/uploads\/2024\/12\/WhatsApp-Image-2024-12-11-at-16.17.49-6-1024x681.jpeg\" alt=\"\" class=\"wp-image-3963\" srcset=\"https:\/\/cmas.udd.cl\/wp-content\/uploads\/2024\/12\/WhatsApp-Image-2024-12-11-at-16.17.49-6-1024x681.jpeg 1024w, https:\/\/cmas.udd.cl\/wp-content\/uploads\/2024\/12\/WhatsApp-Image-2024-12-11-at-16.17.49-6-300x200.jpeg 300w, https:\/\/cmas.udd.cl\/wp-content\/uploads\/2024\/12\/WhatsApp-Image-2024-12-11-at-16.17.49-6-768x511.jpeg 768w, https:\/\/cmas.udd.cl\/wp-content\/uploads\/2024\/12\/WhatsApp-Image-2024-12-11-at-16.17.49-6-1536x1021.jpeg 1536w, https:\/\/cmas.udd.cl\/wp-content\/uploads\/2024\/12\/WhatsApp-Image-2024-12-11-at-16.17.49-6.jpeg 1600w\" sizes=\"(max-width: 1024px) 100vw, 1024px\" \/><\/figure>\n\n\n\n<figure class=\"wp-block-image size-large\"><img decoding=\"async\" width=\"1024\" height=\"681\" data-id=\"3968\" src=\"https:\/\/cmas.udd.cl\/wp-content\/uploads\/2024\/12\/WhatsApp-Image-2024-12-11-at-16.17.49-5-1024x681.jpeg\" alt=\"\" class=\"wp-image-3968\" srcset=\"https:\/\/cmas.udd.cl\/wp-content\/uploads\/2024\/12\/WhatsApp-Image-2024-12-11-at-16.17.49-5-1024x681.jpeg 1024w, https:\/\/cmas.udd.cl\/wp-content\/uploads\/2024\/12\/WhatsApp-Image-2024-12-11-at-16.17.49-5-300x200.jpeg 300w, https:\/\/cmas.udd.cl\/wp-content\/uploads\/2024\/12\/WhatsApp-Image-2024-12-11-at-16.17.49-5-768x511.jpeg 768w, https:\/\/cmas.udd.cl\/wp-content\/uploads\/2024\/12\/WhatsApp-Image-2024-12-11-at-16.17.49-5-1536x1021.jpeg 1536w, https:\/\/cmas.udd.cl\/wp-content\/uploads\/2024\/12\/WhatsApp-Image-2024-12-11-at-16.17.49-5.jpeg 1600w\" sizes=\"(max-width: 1024px) 100vw, 1024px\" \/><\/figure>\n\n\n\n<figure class=\"wp-block-image size-large\"><img loading=\"lazy\" decoding=\"async\" width=\"1024\" height=\"681\" data-id=\"3969\" src=\"https:\/\/cmas.udd.cl\/wp-content\/uploads\/2024\/12\/WhatsApp-Image-2024-12-11-at-16.17.49-4-1-1024x681.jpeg\" alt=\"\" class=\"wp-image-3969\" srcset=\"https:\/\/cmas.udd.cl\/wp-content\/uploads\/2024\/12\/WhatsApp-Image-2024-12-11-at-16.17.49-4-1-1024x681.jpeg 1024w, https:\/\/cmas.udd.cl\/wp-content\/uploads\/2024\/12\/WhatsApp-Image-2024-12-11-at-16.17.49-4-1-300x200.jpeg 300w, https:\/\/cmas.udd.cl\/wp-content\/uploads\/2024\/12\/WhatsApp-Image-2024-12-11-at-16.17.49-4-1-768x511.jpeg 768w, https:\/\/cmas.udd.cl\/wp-content\/uploads\/2024\/12\/WhatsApp-Image-2024-12-11-at-16.17.49-4-1-1536x1021.jpeg 1536w, https:\/\/cmas.udd.cl\/wp-content\/uploads\/2024\/12\/WhatsApp-Image-2024-12-11-at-16.17.49-4-1.jpeg 1600w\" sizes=\"(max-width: 1024px) 100vw, 1024px\" \/><\/figure>\n\n\n\n<figure class=\"wp-block-image size-large\"><img loading=\"lazy\" decoding=\"async\" width=\"1024\" height=\"681\" data-id=\"3965\" src=\"https:\/\/cmas.udd.cl\/wp-content\/uploads\/2024\/12\/WhatsApp-Image-2024-12-11-at-16.17.49-3-1024x681.jpeg\" alt=\"\" class=\"wp-image-3965\" srcset=\"https:\/\/cmas.udd.cl\/wp-content\/uploads\/2024\/12\/WhatsApp-Image-2024-12-11-at-16.17.49-3-1024x681.jpeg 1024w, https:\/\/cmas.udd.cl\/wp-content\/uploads\/2024\/12\/WhatsApp-Image-2024-12-11-at-16.17.49-3-300x200.jpeg 300w, https:\/\/cmas.udd.cl\/wp-content\/uploads\/2024\/12\/WhatsApp-Image-2024-12-11-at-16.17.49-3-768x511.jpeg 768w, https:\/\/cmas.udd.cl\/wp-content\/uploads\/2024\/12\/WhatsApp-Image-2024-12-11-at-16.17.49-3-1536x1021.jpeg 1536w, https:\/\/cmas.udd.cl\/wp-content\/uploads\/2024\/12\/WhatsApp-Image-2024-12-11-at-16.17.49-3.jpeg 1600w\" sizes=\"(max-width: 1024px) 100vw, 1024px\" \/><\/figure>\n\n\n\n<figure class=\"wp-block-image size-large\"><img loading=\"lazy\" decoding=\"async\" width=\"1024\" height=\"681\" data-id=\"3964\" src=\"https:\/\/cmas.udd.cl\/wp-content\/uploads\/2024\/12\/WhatsApp-Image-2024-12-11-at-16.17.49-2-1024x681.jpeg\" alt=\"\" class=\"wp-image-3964\" srcset=\"https:\/\/cmas.udd.cl\/wp-content\/uploads\/2024\/12\/WhatsApp-Image-2024-12-11-at-16.17.49-2-1024x681.jpeg 1024w, https:\/\/cmas.udd.cl\/wp-content\/uploads\/2024\/12\/WhatsApp-Image-2024-12-11-at-16.17.49-2-300x200.jpeg 300w, https:\/\/cmas.udd.cl\/wp-content\/uploads\/2024\/12\/WhatsApp-Image-2024-12-11-at-16.17.49-2-768x511.jpeg 768w, https:\/\/cmas.udd.cl\/wp-content\/uploads\/2024\/12\/WhatsApp-Image-2024-12-11-at-16.17.49-2-1536x1021.jpeg 1536w, https:\/\/cmas.udd.cl\/wp-content\/uploads\/2024\/12\/WhatsApp-Image-2024-12-11-at-16.17.49-2.jpeg 1600w\" sizes=\"(max-width: 1024px) 100vw, 1024px\" \/><\/figure>\n\n\n\n<figure class=\"wp-block-image size-large\"><img loading=\"lazy\" decoding=\"async\" width=\"1024\" height=\"681\" data-id=\"3966\" src=\"https:\/\/cmas.udd.cl\/wp-content\/uploads\/2024\/12\/WhatsApp-Image-2024-12-11-at-16.17.49-1-1024x681.jpeg\" alt=\"\" class=\"wp-image-3966\" srcset=\"https:\/\/cmas.udd.cl\/wp-content\/uploads\/2024\/12\/WhatsApp-Image-2024-12-11-at-16.17.49-1-1024x681.jpeg 1024w, https:\/\/cmas.udd.cl\/wp-content\/uploads\/2024\/12\/WhatsApp-Image-2024-12-11-at-16.17.49-1-300x200.jpeg 300w, https:\/\/cmas.udd.cl\/wp-content\/uploads\/2024\/12\/WhatsApp-Image-2024-12-11-at-16.17.49-1-768x511.jpeg 768w, https:\/\/cmas.udd.cl\/wp-content\/uploads\/2024\/12\/WhatsApp-Image-2024-12-11-at-16.17.49-1-1536x1021.jpeg 1536w, https:\/\/cmas.udd.cl\/wp-content\/uploads\/2024\/12\/WhatsApp-Image-2024-12-11-at-16.17.49-1.jpeg 1600w\" sizes=\"(max-width: 1024px) 100vw, 1024px\" \/><\/figure>\n\n\n\n<figure class=\"wp-block-image size-large\"><img loading=\"lazy\" decoding=\"async\" width=\"1024\" height=\"681\" data-id=\"3967\" src=\"https:\/\/cmas.udd.cl\/wp-content\/uploads\/2024\/12\/WhatsApp-Image-2024-12-11-at-16.17.49-4-1024x681.jpeg\" alt=\"\" class=\"wp-image-3967\" srcset=\"https:\/\/cmas.udd.cl\/wp-content\/uploads\/2024\/12\/WhatsApp-Image-2024-12-11-at-16.17.49-4-1024x681.jpeg 1024w, https:\/\/cmas.udd.cl\/wp-content\/uploads\/2024\/12\/WhatsApp-Image-2024-12-11-at-16.17.49-4-300x200.jpeg 300w, https:\/\/cmas.udd.cl\/wp-content\/uploads\/2024\/12\/WhatsApp-Image-2024-12-11-at-16.17.49-4-768x511.jpeg 768w, https:\/\/cmas.udd.cl\/wp-content\/uploads\/2024\/12\/WhatsApp-Image-2024-12-11-at-16.17.49-4-1536x1021.jpeg 1536w, https:\/\/cmas.udd.cl\/wp-content\/uploads\/2024\/12\/WhatsApp-Image-2024-12-11-at-16.17.49-4.jpeg 1600w\" sizes=\"(max-width: 1024px) 100vw, 1024px\" \/><\/figure>\n<\/figure>","protected":false},"excerpt":{"rendered":"<p>Con el objetivo de monitorear los par\u00e1metros f\u00edsicos y qu\u00edmicos del agua en el R\u00edo Biob\u00edo, el Centro de Investigaci\u00f3n en Tecnolog\u00edas para la Sociedad (C+) de Ingenier\u00eda UDD instal\u00f3 diferentes estaciones de monitoreo en las comunas de Nacimiento, Laja y Negrete.&nbsp;&nbsp; El proyecto se est\u00e1 desarrollando a ra\u00edz de la solicitud que hizo la [&hellip;]<\/p>\n","protected":false},"featured_media":3968,"template":"","meta":{"_acf_changed":false},"filtro-de-portada":[],"grupo-de-investigacion":[103],"tipo-de-contenido":[],"class_list":["post-5891","noticia","type-noticia","status-publish","has-post-thumbnail","hentry","grupo-de-investigacion-enviro_health"],"acf":[],"yoast_head":"<!-- This site is optimized with the Yoast SEO plugin v27.3 - https:\/\/yoast.com\/product\/yoast-seo-wordpress\/ -->\n<title>Estaciones de monitoreo medir\u00e1n calidad del agua en el r\u00edo Biob\u00edo\u00a0\u00a0 - C+<\/title>\n<meta name=\"robots\" content=\"index, follow, max-snippet:-1, max-image-preview:large, max-video-preview:-1\" \/>\n<link rel=\"canonical\" href=\"https:\/\/cmas.udd.cl\/en\/noticia\/estaciones-de-monitoreo-mediran-calidad-del-agua-en-el-rio-biobio-migrado\/\" \/>\n<meta property=\"og:locale\" content=\"en_US\" \/>\n<meta property=\"og:type\" content=\"article\" \/>\n<meta property=\"og:title\" content=\"Estaciones de monitoreo medir\u00e1n calidad del agua en el r\u00edo Biob\u00edo\u00a0\u00a0 - C+\" \/>\n<meta property=\"og:description\" content=\"Con el objetivo de monitorear los par\u00e1metros f\u00edsicos y qu\u00edmicos del agua en el R\u00edo Biob\u00edo, el Centro de Investigaci\u00f3n en Tecnolog\u00edas para la Sociedad (C+) de Ingenier\u00eda UDD instal\u00f3 diferentes estaciones de monitoreo en las comunas de Nacimiento, Laja y Negrete.&nbsp;&nbsp; El proyecto se est\u00e1 desarrollando a ra\u00edz de la solicitud que hizo la [&hellip;]\" \/>\n<meta property=\"og:url\" content=\"https:\/\/cmas.udd.cl\/en\/noticia\/estaciones-de-monitoreo-mediran-calidad-del-agua-en-el-rio-biobio-migrado\/\" \/>\n<meta property=\"og:site_name\" content=\"C+\" \/>\n<meta property=\"article:modified_time\" content=\"2025-07-02T00:08:35+00:00\" \/>\n<meta property=\"og:image\" content=\"https:\/\/cmas.udd.cl\/wp-content\/uploads\/2024\/12\/WhatsApp-Image-2024-12-11-at-16.17.49-5.jpeg\" \/>\n\t<meta property=\"og:image:width\" content=\"1600\" \/>\n\t<meta property=\"og:image:height\" content=\"1064\" \/>\n\t<meta property=\"og:image:type\" content=\"image\/jpeg\" \/>\n<meta name=\"twitter:card\" content=\"summary_large_image\" \/>\n<meta name=\"twitter:label1\" content=\"Est. reading time\" \/>\n\t<meta name=\"twitter:data1\" content=\"2 minutes\" \/>\n<script type=\"application\/ld+json\" class=\"yoast-schema-graph\">{\"@context\":\"https:\\\/\\\/schema.org\",\"@graph\":[{\"@type\":\"WebPage\",\"@id\":\"https:\\\/\\\/cmas.udd.cl\\\/noticia\\\/estaciones-de-monitoreo-mediran-calidad-del-agua-en-el-rio-biobio-migrado\\\/\",\"url\":\"https:\\\/\\\/cmas.udd.cl\\\/noticia\\\/estaciones-de-monitoreo-mediran-calidad-del-agua-en-el-rio-biobio-migrado\\\/\",\"name\":\"Estaciones de monitoreo medir\u00e1n calidad del agua en el r\u00edo Biob\u00edo\u00a0\u00a0 - C+\",\"isPartOf\":{\"@id\":\"https:\\\/\\\/cmas.udd.cl\\\/#website\"},\"primaryImageOfPage\":{\"@id\":\"https:\\\/\\\/cmas.udd.cl\\\/noticia\\\/estaciones-de-monitoreo-mediran-calidad-del-agua-en-el-rio-biobio-migrado\\\/#primaryimage\"},\"image\":{\"@id\":\"https:\\\/\\\/cmas.udd.cl\\\/noticia\\\/estaciones-de-monitoreo-mediran-calidad-del-agua-en-el-rio-biobio-migrado\\\/#primaryimage\"},\"thumbnailUrl\":\"https:\\\/\\\/cmas.udd.cl\\\/wp-content\\\/uploads\\\/2024\\\/12\\\/WhatsApp-Image-2024-12-11-at-16.17.49-5.jpeg\",\"datePublished\":\"2024-12-11T19:19:25+00:00\",\"dateModified\":\"2025-07-02T00:08:35+00:00\",\"breadcrumb\":{\"@id\":\"https:\\\/\\\/cmas.udd.cl\\\/noticia\\\/estaciones-de-monitoreo-mediran-calidad-del-agua-en-el-rio-biobio-migrado\\\/#breadcrumb\"},\"inLanguage\":\"en-US\",\"potentialAction\":[{\"@type\":\"ReadAction\",\"target\":[\"https:\\\/\\\/cmas.udd.cl\\\/noticia\\\/estaciones-de-monitoreo-mediran-calidad-del-agua-en-el-rio-biobio-migrado\\\/\"]}]},{\"@type\":\"ImageObject\",\"inLanguage\":\"en-US\",\"@id\":\"https:\\\/\\\/cmas.udd.cl\\\/noticia\\\/estaciones-de-monitoreo-mediran-calidad-del-agua-en-el-rio-biobio-migrado\\\/#primaryimage\",\"url\":\"https:\\\/\\\/cmas.udd.cl\\\/wp-content\\\/uploads\\\/2024\\\/12\\\/WhatsApp-Image-2024-12-11-at-16.17.49-5.jpeg\",\"contentUrl\":\"https:\\\/\\\/cmas.udd.cl\\\/wp-content\\\/uploads\\\/2024\\\/12\\\/WhatsApp-Image-2024-12-11-at-16.17.49-5.jpeg\",\"width\":1600,\"height\":1064},{\"@type\":\"BreadcrumbList\",\"@id\":\"https:\\\/\\\/cmas.udd.cl\\\/noticia\\\/estaciones-de-monitoreo-mediran-calidad-del-agua-en-el-rio-biobio-migrado\\\/#breadcrumb\",\"itemListElement\":[{\"@type\":\"ListItem\",\"position\":1,\"name\":\"Home\",\"item\":\"https:\\\/\\\/cmas.udd.cl\\\/\"},{\"@type\":\"ListItem\",\"position\":2,\"name\":\"Noticias\",\"item\":\"https:\\\/\\\/cmas.udd.cl\\\/Noticias\\\/\"},{\"@type\":\"ListItem\",\"position\":3,\"name\":\"Estaciones de monitoreo medir\u00e1n calidad del agua en el r\u00edo Biob\u00edo\u00a0\u00a0\"}]},{\"@type\":\"WebSite\",\"@id\":\"https:\\\/\\\/cmas.udd.cl\\\/#website\",\"url\":\"https:\\\/\\\/cmas.udd.cl\\\/\",\"name\":\"C+\",\"description\":\"Centro Investigaci\u00f3n enTecnolog\u00edas para la Sociedad\",\"publisher\":{\"@id\":\"https:\\\/\\\/cmas.udd.cl\\\/#organization\"},\"potentialAction\":[{\"@type\":\"SearchAction\",\"target\":{\"@type\":\"EntryPoint\",\"urlTemplate\":\"https:\\\/\\\/cmas.udd.cl\\\/?s={search_term_string}\"},\"query-input\":{\"@type\":\"PropertyValueSpecification\",\"valueRequired\":true,\"valueName\":\"search_term_string\"}}],\"inLanguage\":\"en-US\"},{\"@type\":\"Organization\",\"@id\":\"https:\\\/\\\/cmas.udd.cl\\\/#organization\",\"name\":\"C+\",\"url\":\"https:\\\/\\\/cmas.udd.cl\\\/\",\"logo\":{\"@type\":\"ImageObject\",\"inLanguage\":\"en-US\",\"@id\":\"https:\\\/\\\/cmas.udd.cl\\\/#\\\/schema\\\/logo\\\/image\\\/\",\"url\":\"https:\\\/\\\/cmas.udd.cl\\\/wp-content\\\/uploads\\\/2023\\\/05\\\/Logo-compuesto-UDD-Cmas.png\",\"contentUrl\":\"https:\\\/\\\/cmas.udd.cl\\\/wp-content\\\/uploads\\\/2023\\\/05\\\/Logo-compuesto-UDD-Cmas.png\",\"width\":695,\"height\":72,\"caption\":\"C+\"},\"image\":{\"@id\":\"https:\\\/\\\/cmas.udd.cl\\\/#\\\/schema\\\/logo\\\/image\\\/\"}}]}<\/script>\n<!-- \/ Yoast SEO plugin. -->","yoast_head_json":{"title":"Estaciones de monitoreo medir\u00e1n calidad del agua en el r\u00edo Biob\u00edo\u00a0\u00a0 - C+","robots":{"index":"index","follow":"follow","max-snippet":"max-snippet:-1","max-image-preview":"max-image-preview:large","max-video-preview":"max-video-preview:-1"},"canonical":"https:\/\/cmas.udd.cl\/en\/noticia\/estaciones-de-monitoreo-mediran-calidad-del-agua-en-el-rio-biobio-migrado\/","og_locale":"en_US","og_type":"article","og_title":"Estaciones de monitoreo medir\u00e1n calidad del agua en el r\u00edo Biob\u00edo\u00a0\u00a0 - C+","og_description":"Con el objetivo de monitorear los par\u00e1metros f\u00edsicos y qu\u00edmicos del agua en el R\u00edo Biob\u00edo, el Centro de Investigaci\u00f3n en Tecnolog\u00edas para la Sociedad (C+) de Ingenier\u00eda UDD instal\u00f3 diferentes estaciones de monitoreo en las comunas de Nacimiento, Laja y Negrete.&nbsp;&nbsp; El proyecto se est\u00e1 desarrollando a ra\u00edz de la solicitud que hizo la [&hellip;]","og_url":"https:\/\/cmas.udd.cl\/en\/noticia\/estaciones-de-monitoreo-mediran-calidad-del-agua-en-el-rio-biobio-migrado\/","og_site_name":"C+","article_modified_time":"2025-07-02T00:08:35+00:00","og_image":[{"width":1600,"height":1064,"url":"https:\/\/cmas.udd.cl\/wp-content\/uploads\/2024\/12\/WhatsApp-Image-2024-12-11-at-16.17.49-5.jpeg","type":"image\/jpeg"}],"twitter_card":"summary_large_image","twitter_misc":{"Est. reading time":"2 minutes"},"schema":{"@context":"https:\/\/schema.org","@graph":[{"@type":"WebPage","@id":"https:\/\/cmas.udd.cl\/noticia\/estaciones-de-monitoreo-mediran-calidad-del-agua-en-el-rio-biobio-migrado\/","url":"https:\/\/cmas.udd.cl\/noticia\/estaciones-de-monitoreo-mediran-calidad-del-agua-en-el-rio-biobio-migrado\/","name":"Estaciones de monitoreo medir\u00e1n calidad del agua en el r\u00edo Biob\u00edo\u00a0\u00a0 - C+","isPartOf":{"@id":"https:\/\/cmas.udd.cl\/#website"},"primaryImageOfPage":{"@id":"https:\/\/cmas.udd.cl\/noticia\/estaciones-de-monitoreo-mediran-calidad-del-agua-en-el-rio-biobio-migrado\/#primaryimage"},"image":{"@id":"https:\/\/cmas.udd.cl\/noticia\/estaciones-de-monitoreo-mediran-calidad-del-agua-en-el-rio-biobio-migrado\/#primaryimage"},"thumbnailUrl":"https:\/\/cmas.udd.cl\/wp-content\/uploads\/2024\/12\/WhatsApp-Image-2024-12-11-at-16.17.49-5.jpeg","datePublished":"2024-12-11T19:19:25+00:00","dateModified":"2025-07-02T00:08:35+00:00","breadcrumb":{"@id":"https:\/\/cmas.udd.cl\/noticia\/estaciones-de-monitoreo-mediran-calidad-del-agua-en-el-rio-biobio-migrado\/#breadcrumb"},"inLanguage":"en-US","potentialAction":[{"@type":"ReadAction","target":["https:\/\/cmas.udd.cl\/noticia\/estaciones-de-monitoreo-mediran-calidad-del-agua-en-el-rio-biobio-migrado\/"]}]},{"@type":"ImageObject","inLanguage":"en-US","@id":"https:\/\/cmas.udd.cl\/noticia\/estaciones-de-monitoreo-mediran-calidad-del-agua-en-el-rio-biobio-migrado\/#primaryimage","url":"https:\/\/cmas.udd.cl\/wp-content\/uploads\/2024\/12\/WhatsApp-Image-2024-12-11-at-16.17.49-5.jpeg","contentUrl":"https:\/\/cmas.udd.cl\/wp-content\/uploads\/2024\/12\/WhatsApp-Image-2024-12-11-at-16.17.49-5.jpeg","width":1600,"height":1064},{"@type":"BreadcrumbList","@id":"https:\/\/cmas.udd.cl\/noticia\/estaciones-de-monitoreo-mediran-calidad-del-agua-en-el-rio-biobio-migrado\/#breadcrumb","itemListElement":[{"@type":"ListItem","position":1,"name":"Home","item":"https:\/\/cmas.udd.cl\/"},{"@type":"ListItem","position":2,"name":"Noticias","item":"https:\/\/cmas.udd.cl\/Noticias\/"},{"@type":"ListItem","position":3,"name":"Estaciones de monitoreo medir\u00e1n calidad del agua en el r\u00edo Biob\u00edo\u00a0\u00a0"}]},{"@type":"WebSite","@id":"https:\/\/cmas.udd.cl\/#website","url":"https:\/\/cmas.udd.cl\/","name":"C+","description":"Centro Investigaci\u00f3n enTecnolog\u00edas para la Sociedad","publisher":{"@id":"https:\/\/cmas.udd.cl\/#organization"},"potentialAction":[{"@type":"SearchAction","target":{"@type":"EntryPoint","urlTemplate":"https:\/\/cmas.udd.cl\/?s={search_term_string}"},"query-input":{"@type":"PropertyValueSpecification","valueRequired":true,"valueName":"search_term_string"}}],"inLanguage":"en-US"},{"@type":"Organization","@id":"https:\/\/cmas.udd.cl\/#organization","name":"C+","url":"https:\/\/cmas.udd.cl\/","logo":{"@type":"ImageObject","inLanguage":"en-US","@id":"https:\/\/cmas.udd.cl\/#\/schema\/logo\/image\/","url":"https:\/\/cmas.udd.cl\/wp-content\/uploads\/2023\/05\/Logo-compuesto-UDD-Cmas.png","contentUrl":"https:\/\/cmas.udd.cl\/wp-content\/uploads\/2023\/05\/Logo-compuesto-UDD-Cmas.png","width":695,"height":72,"caption":"C+"},"image":{"@id":"https:\/\/cmas.udd.cl\/#\/schema\/logo\/image\/"}}]}},"_links":{"self":[{"href":"https:\/\/cmas.udd.cl\/en\/wp-json\/wp\/v2\/noticia\/5891","targetHints":{"allow":["GET"]}}],"collection":[{"href":"https:\/\/cmas.udd.cl\/en\/wp-json\/wp\/v2\/noticia"}],"about":[{"href":"https:\/\/cmas.udd.cl\/en\/wp-json\/wp\/v2\/types\/noticia"}],"version-history":[{"count":0,"href":"https:\/\/cmas.udd.cl\/en\/wp-json\/wp\/v2\/noticia\/5891\/revisions"}],"wp:featuredmedia":[{"embeddable":true,"href":"https:\/\/cmas.udd.cl\/en\/wp-json\/wp\/v2\/media\/3968"}],"wp:attachment":[{"href":"https:\/\/cmas.udd.cl\/en\/wp-json\/wp\/v2\/media?parent=5891"}],"wp:term":[{"taxonomy":"filtro-de-portada","embeddable":true,"href":"https:\/\/cmas.udd.cl\/en\/wp-json\/wp\/v2\/filtro-de-portada?post=5891"},{"taxonomy":"grupo-de-investigacion","embeddable":true,"href":"https:\/\/cmas.udd.cl\/en\/wp-json\/wp\/v2\/grupo-de-investigacion?post=5891"},{"taxonomy":"tipo-de-contenido","embeddable":true,"href":"https:\/\/cmas.udd.cl\/en\/wp-json\/wp\/v2\/tipo-de-contenido?post=5891"}],"curies":[{"name":"wp","href":"https:\/\/api.w.org\/{rel}","templated":true}]}}