{"id":5887,"date":"2024-11-21T18:53:13","date_gmt":"2024-11-21T18:53:13","guid":{"rendered":"https:\/\/cmas.udd.cl\/?post_type=noticia&#038;p=3840"},"modified":"2025-07-02T00:08:35","modified_gmt":"2025-07-02T00:08:35","slug":"desnaturalizando-lo-naturalizado-como-la-mineria-redefine-la-contaminacion-en-el-norte-de-chile-migrado","status":"publish","type":"noticia","link":"https:\/\/cmas.udd.cl\/en\/noticia\/desnaturalizando-lo-naturalizado-como-la-mineria-redefine-la-contaminacion-en-el-norte-de-chile-migrado\/","title":{"rendered":"Desnaturalizando lo \u2018naturalizado\u2019: C\u00f3mo la miner\u00eda redefine la contaminaci\u00f3n en el norte de Chile\u00a0"},"content":{"rendered":"<p><em>Un nuevo estudio revela que el polvo contaminado con metales t\u00f3xicos provenientes de la miner\u00eda de cobre se desplaza por largas distancias, alcanzando comunidades rurales y afectando la salud p\u00fablica en zonas no monitoreadas.<\/em>&nbsp;<\/p>\n\n\n\n<p>Un&nbsp;<a href=\"https:\/\/agupubs.onlinelibrary.wiley.com\/doi\/10.1029\/2024GH001078\"><strong>estudio<\/strong><\/a>&nbsp;reciente advierte que el polvo cargado de metales t\u00f3xicos, emitido por la actividad minera de cobre en el norte de Chile, puede recorrer hasta 70 kil\u00f3metros impulsado por los vientos, deposit\u00e1ndose en comunidades rurales alejadas de los centros mineros y fuera de los programas de monitoreo ambiental. Esta dispersi\u00f3n de part\u00edculas t\u00f3xicas, ricas en cobre, molibdeno, azufre y ars\u00e9nico, plantea un desaf\u00edo significativo para la salud p\u00fablica y el medioambiente en zonas donde la exposici\u00f3n a estos contaminantes ha sido hist\u00f3ricamente ignorada.&nbsp;<\/p>\n\n\n\n<p>El estudio, liderado por Nicol\u00e1s Zanetta Colombo, investigador de la Universidad de Heidelberg, en colaboraci\u00f3n con Zoe Fleming, investigadora del Centro de Investigaci\u00f3n en Tecnolog\u00edas para la Sociedad (C+) de la Facultad de Ingenier\u00eda UDD y acad\u00e9micos de la Universidad de Chile, la Universidad de Tarapac\u00e1, la Universidad de Antofagasta y el Sustainable Minerals Institute (SMI) de la Universidad de Queensland, pone en duda la percepci\u00f3n de \u201ccontaminaci\u00f3n natural\u201d en el desierto de Atacama.&nbsp;<\/p>\n\n\n\n<p>En particular, se sostiene que, aunque el norte de Chile presenta concentraciones elevadas de ars\u00e9nico por su riqueza geol\u00f3gica, los niveles hallados en las \u00e1reas mineras son hasta once veces m\u00e1s altos que los niveles naturales estimados. Los investigadores afirman que es la actividad minera, y no el entorno natural, la principal responsable de la distribuci\u00f3n de este t\u00f3xico en la superficie del Atacama.&nbsp;<\/p>\n\n\n\n<div class=\"wp-block-media-text is-stacked-on-mobile\"><figure class=\"wp-block-media-text__media\"><img fetchpriority=\"high\" decoding=\"async\" width=\"1024\" height=\"682\" src=\"https:\/\/cmas.udd.cl\/wp-content\/uploads\/2024\/11\/WhatsApp-Image-2024-11-20-at-11.26.25-1024x682.jpeg\" alt=\"\" class=\"wp-image-3841 size-full\" srcset=\"https:\/\/cmas.udd.cl\/wp-content\/uploads\/2024\/11\/WhatsApp-Image-2024-11-20-at-11.26.25-1024x682.jpeg 1024w, https:\/\/cmas.udd.cl\/wp-content\/uploads\/2024\/11\/WhatsApp-Image-2024-11-20-at-11.26.25-300x200.jpeg 300w, https:\/\/cmas.udd.cl\/wp-content\/uploads\/2024\/11\/WhatsApp-Image-2024-11-20-at-11.26.25-768x512.jpeg 768w, https:\/\/cmas.udd.cl\/wp-content\/uploads\/2024\/11\/WhatsApp-Image-2024-11-20-at-11.26.25-1536x1023.jpeg 1536w, https:\/\/cmas.udd.cl\/wp-content\/uploads\/2024\/11\/WhatsApp-Image-2024-11-20-at-11.26.25.jpeg 1600w\" sizes=\"(max-width: 1024px) 100vw, 1024px\" \/><\/figure><div class=\"wp-block-media-text__content\">\n<p>\u201cSi bien el ars\u00e9nico es naturalmente abundante en la regi\u00f3n, nuestros hallazgos muestran que la actividad minera est\u00e1 reconfigurando su distribuci\u00f3n en el territorio de manera significativa. Este no es un fen\u00f3meno puramente geol\u00f3gico, sino una manifestaci\u00f3n directa de c\u00f3mo las din\u00e1micas de la extracci\u00f3n minera alteran el equilibrio ecol\u00f3gico y la dispersi\u00f3n de estos contaminantes,\u201d indica Nicol\u00e1s Zanetta Colombo.\u00a0<\/p>\n<\/div><\/div>\n\n\n\n<p>Por otra parte, el&nbsp;<a href=\"https:\/\/agupubs.onlinelibrary.wiley.com\/doi\/10.1029\/2024GH001078\"><strong>estudio<\/strong><\/a>&nbsp;se\u00f1ala que las pol\u00edticas actuales y las pr\u00e1cticas mineras se centran en monitorear y remediar solo las zonas cercanas a los sitios de extracci\u00f3n, ignorando las \u00e1reas m\u00e1s alejadas. Lo anterior, ha dejado desprotegidas a comunidades rurales donde la exposici\u00f3n a metales pesados podr\u00eda estar aumentando sin control ni medidas de mitigaci\u00f3n.&nbsp;&nbsp;<\/p>\n\n\n\n<p>Finalmente, los investigadores hacen un llamado a ampliar los protocolos de monitoreo, de modo que reflejen la verdadera extensi\u00f3n del impacto de la miner\u00eda y protejan a estas comunidades vulnerables.&nbsp;<\/p>\n\n\n\n<p>\u201cLo que hemos encontrado en este estudio es que la concepci\u00f3n de los impactos ambientales sigue siendo demasiado reduccionista. Las pol\u00edticas p\u00fablicas actuales siguen limit\u00e1ndose a las inmediaciones de las minas, obviando el efecto de largo alcance que tienen las emisiones mineras sobre el territorio. Esta brecha no solo es pol\u00edtica, sino profundamente cient\u00edfica.\u201d, agrega Zanetta Colombo.&nbsp;&nbsp;<\/p>\n\n\n\n<p>Con base en estos hallazgos, Zanetta Colombo subraya la urgencia de un cambio en las pol\u00edticas p\u00fablicas que regulan la miner\u00eda en Chile, destacando la necesidad de integrar la ciencia en la toma de decisiones:&nbsp;<\/p>\n\n\n\n<p><em>\u201cEs crucial que las decisiones pol\u00edticas sobre la miner\u00eda en Chile integren de manera m\u00e1s profunda los conocimientos cient\u00edficos. Solo con un enfoque basado en la evidencia podremos implementar medidas eficaces para mitigar los efectos adversos de una industria que, si bien es vital para el pa\u00eds, ha operado durante a\u00f1os sin la debida consideraci\u00f3n de sus impactos a largo plazo. Necesitamos pol\u00edticas p\u00fablicas que no solo respondan a la presi\u00f3n econ\u00f3mica, sino que tambi\u00e9n protejan el bienestar de las comunidades y el medioambiente.\u201d<\/em>&nbsp;Finaliza<strong>&nbsp;<\/strong>Zanetta Colombo<strong>.&nbsp;<\/strong>&nbsp;<\/p>\n\n\n\n<p>Puedes leer el estudio completo aqu\u00ed:&nbsp;<a href=\"https:\/\/agupubs.onlinelibrary.wiley.com\/doi\/10.1029\/2024GH001078\"><strong>\u00abBlowin\u2019 in the Wind: Mapping the Dispersion of Metal(loid)s From Atacama Mining\u00bb<\/strong><\/a><\/p>\n\n\n\n<figure class=\"wp-block-gallery has-nested-images columns-default is-cropped wp-block-gallery-1 is-layout-flex wp-block-gallery-is-layout-flex\">\n<figure class=\"wp-block-image size-large\"><img decoding=\"async\" width=\"1024\" height=\"682\" data-id=\"3843\" src=\"https:\/\/cmas.udd.cl\/wp-content\/uploads\/2024\/11\/WhatsApp-Image-2024-11-20-at-11.26.25-2-1024x682.jpeg\" alt=\"\" class=\"wp-image-3843\" srcset=\"https:\/\/cmas.udd.cl\/wp-content\/uploads\/2024\/11\/WhatsApp-Image-2024-11-20-at-11.26.25-2-1024x682.jpeg 1024w, https:\/\/cmas.udd.cl\/wp-content\/uploads\/2024\/11\/WhatsApp-Image-2024-11-20-at-11.26.25-2-300x200.jpeg 300w, https:\/\/cmas.udd.cl\/wp-content\/uploads\/2024\/11\/WhatsApp-Image-2024-11-20-at-11.26.25-2-768x512.jpeg 768w, https:\/\/cmas.udd.cl\/wp-content\/uploads\/2024\/11\/WhatsApp-Image-2024-11-20-at-11.26.25-2-1536x1023.jpeg 1536w, https:\/\/cmas.udd.cl\/wp-content\/uploads\/2024\/11\/WhatsApp-Image-2024-11-20-at-11.26.25-2.jpeg 1600w\" sizes=\"(max-width: 1024px) 100vw, 1024px\" \/><\/figure>\n\n\n\n<figure class=\"wp-block-image size-large\"><img decoding=\"async\" width=\"1024\" height=\"682\" data-id=\"3844\" src=\"https:\/\/cmas.udd.cl\/wp-content\/uploads\/2024\/11\/WhatsApp-Image-2024-11-20-at-11.26.25-1-1-1024x682.jpeg\" alt=\"\" class=\"wp-image-3844\" srcset=\"https:\/\/cmas.udd.cl\/wp-content\/uploads\/2024\/11\/WhatsApp-Image-2024-11-20-at-11.26.25-1-1-1024x682.jpeg 1024w, https:\/\/cmas.udd.cl\/wp-content\/uploads\/2024\/11\/WhatsApp-Image-2024-11-20-at-11.26.25-1-1-300x200.jpeg 300w, https:\/\/cmas.udd.cl\/wp-content\/uploads\/2024\/11\/WhatsApp-Image-2024-11-20-at-11.26.25-1-1-768x512.jpeg 768w, https:\/\/cmas.udd.cl\/wp-content\/uploads\/2024\/11\/WhatsApp-Image-2024-11-20-at-11.26.25-1-1-1536x1023.jpeg 1536w, https:\/\/cmas.udd.cl\/wp-content\/uploads\/2024\/11\/WhatsApp-Image-2024-11-20-at-11.26.25-1-1.jpeg 1600w\" sizes=\"(max-width: 1024px) 100vw, 1024px\" \/><\/figure>\n\n\n\n<figure class=\"wp-block-image size-large\"><img loading=\"lazy\" decoding=\"async\" width=\"1024\" height=\"682\" data-id=\"3842\" src=\"https:\/\/cmas.udd.cl\/wp-content\/uploads\/2024\/11\/WhatsApp-Image-2024-11-20-at-11.26.25-1-1024x682.jpeg\" alt=\"\" class=\"wp-image-3842\" srcset=\"https:\/\/cmas.udd.cl\/wp-content\/uploads\/2024\/11\/WhatsApp-Image-2024-11-20-at-11.26.25-1-1024x682.jpeg 1024w, https:\/\/cmas.udd.cl\/wp-content\/uploads\/2024\/11\/WhatsApp-Image-2024-11-20-at-11.26.25-1-300x200.jpeg 300w, https:\/\/cmas.udd.cl\/wp-content\/uploads\/2024\/11\/WhatsApp-Image-2024-11-20-at-11.26.25-1-768x512.jpeg 768w, https:\/\/cmas.udd.cl\/wp-content\/uploads\/2024\/11\/WhatsApp-Image-2024-11-20-at-11.26.25-1-1536x1023.jpeg 1536w, https:\/\/cmas.udd.cl\/wp-content\/uploads\/2024\/11\/WhatsApp-Image-2024-11-20-at-11.26.25-1.jpeg 1600w\" sizes=\"(max-width: 1024px) 100vw, 1024px\" \/><\/figure>\n<\/figure>\n\n\n\n<p><\/p>","protected":false},"excerpt":{"rendered":"<p>Un nuevo estudio revela que el polvo contaminado con metales t\u00f3xicos provenientes de la miner\u00eda de cobre se desplaza por largas distancias, alcanzando comunidades rurales y afectando la salud p\u00fablica en zonas no monitoreadas.&nbsp; Un&nbsp;estudio&nbsp;reciente advierte que el polvo cargado de metales t\u00f3xicos, emitido por la actividad minera de cobre en el norte de Chile, [&hellip;]<\/p>\n","protected":false},"featured_media":3841,"template":"","meta":{"_acf_changed":false},"filtro-de-portada":[],"grupo-de-investigacion":[103],"tipo-de-contenido":[],"class_list":["post-5887","noticia","type-noticia","status-publish","has-post-thumbnail","hentry","grupo-de-investigacion-enviro_health"],"acf":[],"yoast_head":"<!-- This site is optimized with the Yoast SEO plugin v27.3 - https:\/\/yoast.com\/product\/yoast-seo-wordpress\/ -->\n<title>Desnaturalizando lo \u2018naturalizado\u2019: C\u00f3mo la miner\u00eda redefine la contaminaci\u00f3n en el norte de Chile\u00a0 - C+<\/title>\n<meta name=\"robots\" content=\"index, follow, max-snippet:-1, max-image-preview:large, max-video-preview:-1\" \/>\n<link rel=\"canonical\" href=\"https:\/\/cmas.udd.cl\/en\/noticia\/desnaturalizando-lo-naturalizado-como-la-mineria-redefine-la-contaminacion-en-el-norte-de-chile-migrado\/\" \/>\n<meta property=\"og:locale\" content=\"en_US\" \/>\n<meta property=\"og:type\" content=\"article\" \/>\n<meta property=\"og:title\" content=\"Desnaturalizando lo \u2018naturalizado\u2019: C\u00f3mo la miner\u00eda redefine la contaminaci\u00f3n en el norte de Chile\u00a0 - C+\" \/>\n<meta property=\"og:description\" content=\"Un nuevo estudio revela que el polvo contaminado con metales t\u00f3xicos provenientes de la miner\u00eda de cobre se desplaza por largas distancias, alcanzando comunidades rurales y afectando la salud p\u00fablica en zonas no monitoreadas.&nbsp; Un&nbsp;estudio&nbsp;reciente advierte que el polvo cargado de metales t\u00f3xicos, emitido por la actividad minera de cobre en el norte de Chile, [&hellip;]\" \/>\n<meta property=\"og:url\" content=\"https:\/\/cmas.udd.cl\/en\/noticia\/desnaturalizando-lo-naturalizado-como-la-mineria-redefine-la-contaminacion-en-el-norte-de-chile-migrado\/\" \/>\n<meta property=\"og:site_name\" content=\"C+\" \/>\n<meta property=\"article:modified_time\" content=\"2025-07-02T00:08:35+00:00\" \/>\n<meta property=\"og:image\" content=\"https:\/\/cmas.udd.cl\/wp-content\/uploads\/2024\/11\/WhatsApp-Image-2024-11-20-at-11.26.25.jpeg\" \/>\n\t<meta property=\"og:image:width\" content=\"1600\" \/>\n\t<meta property=\"og:image:height\" content=\"1066\" \/>\n\t<meta property=\"og:image:type\" content=\"image\/jpeg\" \/>\n<meta name=\"twitter:card\" content=\"summary_large_image\" \/>\n<meta name=\"twitter:label1\" content=\"Est. reading time\" \/>\n\t<meta name=\"twitter:data1\" content=\"3 minutes\" \/>\n<script type=\"application\/ld+json\" class=\"yoast-schema-graph\">{\"@context\":\"https:\\\/\\\/schema.org\",\"@graph\":[{\"@type\":\"WebPage\",\"@id\":\"https:\\\/\\\/cmas.udd.cl\\\/noticia\\\/desnaturalizando-lo-naturalizado-como-la-mineria-redefine-la-contaminacion-en-el-norte-de-chile-migrado\\\/\",\"url\":\"https:\\\/\\\/cmas.udd.cl\\\/noticia\\\/desnaturalizando-lo-naturalizado-como-la-mineria-redefine-la-contaminacion-en-el-norte-de-chile-migrado\\\/\",\"name\":\"Desnaturalizando lo \u2018naturalizado\u2019: C\u00f3mo la miner\u00eda redefine la contaminaci\u00f3n en el norte de Chile\u00a0 - C+\",\"isPartOf\":{\"@id\":\"https:\\\/\\\/cmas.udd.cl\\\/#website\"},\"primaryImageOfPage\":{\"@id\":\"https:\\\/\\\/cmas.udd.cl\\\/noticia\\\/desnaturalizando-lo-naturalizado-como-la-mineria-redefine-la-contaminacion-en-el-norte-de-chile-migrado\\\/#primaryimage\"},\"image\":{\"@id\":\"https:\\\/\\\/cmas.udd.cl\\\/noticia\\\/desnaturalizando-lo-naturalizado-como-la-mineria-redefine-la-contaminacion-en-el-norte-de-chile-migrado\\\/#primaryimage\"},\"thumbnailUrl\":\"https:\\\/\\\/cmas.udd.cl\\\/wp-content\\\/uploads\\\/2024\\\/11\\\/WhatsApp-Image-2024-11-20-at-11.26.25.jpeg\",\"datePublished\":\"2024-11-21T18:53:13+00:00\",\"dateModified\":\"2025-07-02T00:08:35+00:00\",\"breadcrumb\":{\"@id\":\"https:\\\/\\\/cmas.udd.cl\\\/noticia\\\/desnaturalizando-lo-naturalizado-como-la-mineria-redefine-la-contaminacion-en-el-norte-de-chile-migrado\\\/#breadcrumb\"},\"inLanguage\":\"en-US\",\"potentialAction\":[{\"@type\":\"ReadAction\",\"target\":[\"https:\\\/\\\/cmas.udd.cl\\\/noticia\\\/desnaturalizando-lo-naturalizado-como-la-mineria-redefine-la-contaminacion-en-el-norte-de-chile-migrado\\\/\"]}]},{\"@type\":\"ImageObject\",\"inLanguage\":\"en-US\",\"@id\":\"https:\\\/\\\/cmas.udd.cl\\\/noticia\\\/desnaturalizando-lo-naturalizado-como-la-mineria-redefine-la-contaminacion-en-el-norte-de-chile-migrado\\\/#primaryimage\",\"url\":\"https:\\\/\\\/cmas.udd.cl\\\/wp-content\\\/uploads\\\/2024\\\/11\\\/WhatsApp-Image-2024-11-20-at-11.26.25.jpeg\",\"contentUrl\":\"https:\\\/\\\/cmas.udd.cl\\\/wp-content\\\/uploads\\\/2024\\\/11\\\/WhatsApp-Image-2024-11-20-at-11.26.25.jpeg\",\"width\":1600,\"height\":1066},{\"@type\":\"BreadcrumbList\",\"@id\":\"https:\\\/\\\/cmas.udd.cl\\\/noticia\\\/desnaturalizando-lo-naturalizado-como-la-mineria-redefine-la-contaminacion-en-el-norte-de-chile-migrado\\\/#breadcrumb\",\"itemListElement\":[{\"@type\":\"ListItem\",\"position\":1,\"name\":\"Home\",\"item\":\"https:\\\/\\\/cmas.udd.cl\\\/\"},{\"@type\":\"ListItem\",\"position\":2,\"name\":\"Noticias\",\"item\":\"https:\\\/\\\/cmas.udd.cl\\\/Noticias\\\/\"},{\"@type\":\"ListItem\",\"position\":3,\"name\":\"Desnaturalizando lo \u2018naturalizado\u2019: C\u00f3mo la miner\u00eda redefine la contaminaci\u00f3n en el norte de Chile\u00a0\"}]},{\"@type\":\"WebSite\",\"@id\":\"https:\\\/\\\/cmas.udd.cl\\\/#website\",\"url\":\"https:\\\/\\\/cmas.udd.cl\\\/\",\"name\":\"C+\",\"description\":\"Centro Investigaci\u00f3n enTecnolog\u00edas para la Sociedad\",\"publisher\":{\"@id\":\"https:\\\/\\\/cmas.udd.cl\\\/#organization\"},\"potentialAction\":[{\"@type\":\"SearchAction\",\"target\":{\"@type\":\"EntryPoint\",\"urlTemplate\":\"https:\\\/\\\/cmas.udd.cl\\\/?s={search_term_string}\"},\"query-input\":{\"@type\":\"PropertyValueSpecification\",\"valueRequired\":true,\"valueName\":\"search_term_string\"}}],\"inLanguage\":\"en-US\"},{\"@type\":\"Organization\",\"@id\":\"https:\\\/\\\/cmas.udd.cl\\\/#organization\",\"name\":\"C+\",\"url\":\"https:\\\/\\\/cmas.udd.cl\\\/\",\"logo\":{\"@type\":\"ImageObject\",\"inLanguage\":\"en-US\",\"@id\":\"https:\\\/\\\/cmas.udd.cl\\\/#\\\/schema\\\/logo\\\/image\\\/\",\"url\":\"https:\\\/\\\/cmas.udd.cl\\\/wp-content\\\/uploads\\\/2023\\\/05\\\/Logo-compuesto-UDD-Cmas.png\",\"contentUrl\":\"https:\\\/\\\/cmas.udd.cl\\\/wp-content\\\/uploads\\\/2023\\\/05\\\/Logo-compuesto-UDD-Cmas.png\",\"width\":695,\"height\":72,\"caption\":\"C+\"},\"image\":{\"@id\":\"https:\\\/\\\/cmas.udd.cl\\\/#\\\/schema\\\/logo\\\/image\\\/\"}}]}<\/script>\n<!-- \/ Yoast SEO plugin. -->","yoast_head_json":{"title":"Desnaturalizando lo \u2018naturalizado\u2019: C\u00f3mo la miner\u00eda redefine la contaminaci\u00f3n en el norte de Chile\u00a0 - C+","robots":{"index":"index","follow":"follow","max-snippet":"max-snippet:-1","max-image-preview":"max-image-preview:large","max-video-preview":"max-video-preview:-1"},"canonical":"https:\/\/cmas.udd.cl\/en\/noticia\/desnaturalizando-lo-naturalizado-como-la-mineria-redefine-la-contaminacion-en-el-norte-de-chile-migrado\/","og_locale":"en_US","og_type":"article","og_title":"Desnaturalizando lo \u2018naturalizado\u2019: C\u00f3mo la miner\u00eda redefine la contaminaci\u00f3n en el norte de Chile\u00a0 - C+","og_description":"Un nuevo estudio revela que el polvo contaminado con metales t\u00f3xicos provenientes de la miner\u00eda de cobre se desplaza por largas distancias, alcanzando comunidades rurales y afectando la salud p\u00fablica en zonas no monitoreadas.&nbsp; Un&nbsp;estudio&nbsp;reciente advierte que el polvo cargado de metales t\u00f3xicos, emitido por la actividad minera de cobre en el norte de Chile, [&hellip;]","og_url":"https:\/\/cmas.udd.cl\/en\/noticia\/desnaturalizando-lo-naturalizado-como-la-mineria-redefine-la-contaminacion-en-el-norte-de-chile-migrado\/","og_site_name":"C+","article_modified_time":"2025-07-02T00:08:35+00:00","og_image":[{"width":1600,"height":1066,"url":"https:\/\/cmas.udd.cl\/wp-content\/uploads\/2024\/11\/WhatsApp-Image-2024-11-20-at-11.26.25.jpeg","type":"image\/jpeg"}],"twitter_card":"summary_large_image","twitter_misc":{"Est. reading time":"3 minutes"},"schema":{"@context":"https:\/\/schema.org","@graph":[{"@type":"WebPage","@id":"https:\/\/cmas.udd.cl\/noticia\/desnaturalizando-lo-naturalizado-como-la-mineria-redefine-la-contaminacion-en-el-norte-de-chile-migrado\/","url":"https:\/\/cmas.udd.cl\/noticia\/desnaturalizando-lo-naturalizado-como-la-mineria-redefine-la-contaminacion-en-el-norte-de-chile-migrado\/","name":"Desnaturalizando lo \u2018naturalizado\u2019: C\u00f3mo la miner\u00eda redefine la contaminaci\u00f3n en el norte de Chile\u00a0 - C+","isPartOf":{"@id":"https:\/\/cmas.udd.cl\/#website"},"primaryImageOfPage":{"@id":"https:\/\/cmas.udd.cl\/noticia\/desnaturalizando-lo-naturalizado-como-la-mineria-redefine-la-contaminacion-en-el-norte-de-chile-migrado\/#primaryimage"},"image":{"@id":"https:\/\/cmas.udd.cl\/noticia\/desnaturalizando-lo-naturalizado-como-la-mineria-redefine-la-contaminacion-en-el-norte-de-chile-migrado\/#primaryimage"},"thumbnailUrl":"https:\/\/cmas.udd.cl\/wp-content\/uploads\/2024\/11\/WhatsApp-Image-2024-11-20-at-11.26.25.jpeg","datePublished":"2024-11-21T18:53:13+00:00","dateModified":"2025-07-02T00:08:35+00:00","breadcrumb":{"@id":"https:\/\/cmas.udd.cl\/noticia\/desnaturalizando-lo-naturalizado-como-la-mineria-redefine-la-contaminacion-en-el-norte-de-chile-migrado\/#breadcrumb"},"inLanguage":"en-US","potentialAction":[{"@type":"ReadAction","target":["https:\/\/cmas.udd.cl\/noticia\/desnaturalizando-lo-naturalizado-como-la-mineria-redefine-la-contaminacion-en-el-norte-de-chile-migrado\/"]}]},{"@type":"ImageObject","inLanguage":"en-US","@id":"https:\/\/cmas.udd.cl\/noticia\/desnaturalizando-lo-naturalizado-como-la-mineria-redefine-la-contaminacion-en-el-norte-de-chile-migrado\/#primaryimage","url":"https:\/\/cmas.udd.cl\/wp-content\/uploads\/2024\/11\/WhatsApp-Image-2024-11-20-at-11.26.25.jpeg","contentUrl":"https:\/\/cmas.udd.cl\/wp-content\/uploads\/2024\/11\/WhatsApp-Image-2024-11-20-at-11.26.25.jpeg","width":1600,"height":1066},{"@type":"BreadcrumbList","@id":"https:\/\/cmas.udd.cl\/noticia\/desnaturalizando-lo-naturalizado-como-la-mineria-redefine-la-contaminacion-en-el-norte-de-chile-migrado\/#breadcrumb","itemListElement":[{"@type":"ListItem","position":1,"name":"Home","item":"https:\/\/cmas.udd.cl\/"},{"@type":"ListItem","position":2,"name":"Noticias","item":"https:\/\/cmas.udd.cl\/Noticias\/"},{"@type":"ListItem","position":3,"name":"Desnaturalizando lo \u2018naturalizado\u2019: C\u00f3mo la miner\u00eda redefine la contaminaci\u00f3n en el norte de Chile\u00a0"}]},{"@type":"WebSite","@id":"https:\/\/cmas.udd.cl\/#website","url":"https:\/\/cmas.udd.cl\/","name":"C+","description":"Centro Investigaci\u00f3n enTecnolog\u00edas para la Sociedad","publisher":{"@id":"https:\/\/cmas.udd.cl\/#organization"},"potentialAction":[{"@type":"SearchAction","target":{"@type":"EntryPoint","urlTemplate":"https:\/\/cmas.udd.cl\/?s={search_term_string}"},"query-input":{"@type":"PropertyValueSpecification","valueRequired":true,"valueName":"search_term_string"}}],"inLanguage":"en-US"},{"@type":"Organization","@id":"https:\/\/cmas.udd.cl\/#organization","name":"C+","url":"https:\/\/cmas.udd.cl\/","logo":{"@type":"ImageObject","inLanguage":"en-US","@id":"https:\/\/cmas.udd.cl\/#\/schema\/logo\/image\/","url":"https:\/\/cmas.udd.cl\/wp-content\/uploads\/2023\/05\/Logo-compuesto-UDD-Cmas.png","contentUrl":"https:\/\/cmas.udd.cl\/wp-content\/uploads\/2023\/05\/Logo-compuesto-UDD-Cmas.png","width":695,"height":72,"caption":"C+"},"image":{"@id":"https:\/\/cmas.udd.cl\/#\/schema\/logo\/image\/"}}]}},"_links":{"self":[{"href":"https:\/\/cmas.udd.cl\/en\/wp-json\/wp\/v2\/noticia\/5887","targetHints":{"allow":["GET"]}}],"collection":[{"href":"https:\/\/cmas.udd.cl\/en\/wp-json\/wp\/v2\/noticia"}],"about":[{"href":"https:\/\/cmas.udd.cl\/en\/wp-json\/wp\/v2\/types\/noticia"}],"version-history":[{"count":0,"href":"https:\/\/cmas.udd.cl\/en\/wp-json\/wp\/v2\/noticia\/5887\/revisions"}],"wp:featuredmedia":[{"embeddable":true,"href":"https:\/\/cmas.udd.cl\/en\/wp-json\/wp\/v2\/media\/3841"}],"wp:attachment":[{"href":"https:\/\/cmas.udd.cl\/en\/wp-json\/wp\/v2\/media?parent=5887"}],"wp:term":[{"taxonomy":"filtro-de-portada","embeddable":true,"href":"https:\/\/cmas.udd.cl\/en\/wp-json\/wp\/v2\/filtro-de-portada?post=5887"},{"taxonomy":"grupo-de-investigacion","embeddable":true,"href":"https:\/\/cmas.udd.cl\/en\/wp-json\/wp\/v2\/grupo-de-investigacion?post=5887"},{"taxonomy":"tipo-de-contenido","embeddable":true,"href":"https:\/\/cmas.udd.cl\/en\/wp-json\/wp\/v2\/tipo-de-contenido?post=5887"}],"curies":[{"name":"wp","href":"https:\/\/api.w.org\/{rel}","templated":true}]}}