{"id":5885,"date":"2024-11-21T18:42:24","date_gmt":"2024-11-21T18:42:24","guid":{"rendered":"https:\/\/cmas.udd.cl\/?post_type=noticia&#038;p=3823"},"modified":"2025-07-02T00:08:35","modified_gmt":"2025-07-02T00:08:35","slug":"expertos-y-cientificos-en-monitoreo-ambiental-y-sensores-se-reunieron-en-seminario-de-la-udd-migrado","status":"publish","type":"noticia","link":"https:\/\/cmas.udd.cl\/en\/noticia\/expertos-y-cientificos-en-monitoreo-ambiental-y-sensores-se-reunieron-en-seminario-de-la-udd-migrado\/","title":{"rendered":"Expertos y cient\u00edficos en monitoreo ambiental y sensores se reunieron en seminario de la UDD\u00a0"},"content":{"rendered":"<figure class=\"wp-block-embed is-type-video is-provider-youtube wp-block-embed-youtube wp-embed-aspect-16-9 wp-has-aspect-ratio\"><div class=\"wp-block-embed__wrapper\">\n<iframe title=\"Encuentro Nacional de Sensores y Monitoreo Ambiental\" width=\"800\" height=\"450\" src=\"https:\/\/www.youtube.com\/embed\/WYfP7C1tFVA?feature=oembed\" frameborder=\"0\" allow=\"accelerometer; autoplay; clipboard-write; encrypted-media; gyroscope; picture-in-picture; web-share\" referrerpolicy=\"strict-origin-when-cross-origin\" allowfullscreen><\/iframe>\n<\/div><\/figure>\n\n\n\n<p>Con el fin de congregar a la comunidad cient\u00edfica, p\u00fablica y privada, interesada en calidad de data y nuevos acercamientos de monitoreo ambiental, se realiz\u00f3 la 3ra versi\u00f3n del Encuentro Nacional de Monitoreo y Sensores para Salud Ambiental, organizado por el Centro de Investigaci\u00f3n en Tecnolog\u00edas para la Sociedad (C+) de la Facultad de Ingenier\u00eda UDD. &nbsp;<\/p>\n\n\n\n<p>La actividad cont\u00f3 con la presencia de diferentes expositores y expertos que participaron de charlas y presentaciones, donde expusieron los proyectos en los que han estado trabajando y desarrollando durante el \u00faltimo tiempo.&nbsp;&nbsp;<\/p>\n\n\n\n<p>Entre los expositores, cabe mencionar a Antonio Mamani, representante de la Comunidad Ind\u00edgena Aymara de Cancosa, quien habl\u00f3 sobre el proyecto de Monitoreo Ambiental Comunitario en el Bodefal Pampa Lagunillas del altiplano de Tarapac\u00e1.&nbsp;&nbsp;<\/p>\n\n\n\n<p>A lo largo de la presentaci\u00f3n, Mamani destac\u00f3 la importancia de \u201cla incorporaci\u00f3n de la gobernanza ambiental como una herramienta clave para la sostenibilidad, es decir, que esto perdure en el tiempo, dejando una institucionalidad ambiental en los territorios y las capacidades instaladas en la comunidad\u201d.&nbsp;&nbsp;<\/p>\n\n\n\n<p>Otra de las expositoras fue Lucie Le Goff, investigadora postdoctoral del nuevo Nucleo Milenio en TecnoCiencia Ciudadana (CITEC) de la Pontificia Universidad Cat\u00f3lica de Chile, quien expuso sobre mediciones, cartograf\u00eda cognitiva y percepci\u00f3n de contaminaci\u00f3n en la Provincia de Chacabuco y destac\u00f3 la actividad se\u00f1alando que \u201ces interesante ver que hay muchas iniciativas que convergen hacia el mismo objetivo, que es generar un monitoreo de la calidad ambiental y la salud\u201d.&nbsp;&nbsp;<\/p>\n\n\n\n<p>De la misma manera, los invitados tambi\u00e9n participaron de mesas de conversaci\u00f3n, donde se tocaron temas relacionados a monitoreo social y comunitario, intersecciones de salud humana y ambiental e inteligencia ambiental.&nbsp;&nbsp;<\/p>\n\n\n\n<p>Carlos Manzano, profesor asistente del departamento de Qu\u00edmica de la Facultad de Ciencias de la Universidad de Chile y quien estuvo a cargo de uno de los paneles, sostuvo que una de las conclusiones que se pueden rescatar de esta actividad fueron \u201clas aproximaciones que hay para el an\u00e1lisis de los factores de riesgo f\u00edsicos, qu\u00edmicos o sociales, que pueden afectar la salud humana, es decir, las diferentes formas que tenemos de estudiar eso y los diversos grupos que est\u00e1n colaborando en este esfuerzo\u201d.&nbsp;&nbsp;<\/p>\n\n\n\n<p>Por \u00faltimo, Camilo Rodr\u00edguez, director del Centro C+ de Ingenier\u00eda UDD, resalt\u00f3 al final del evento los desaf\u00edos que se vienen a futuro, destacando \u201campliar estas \u00e1reas tem\u00e1ticas y pensar c\u00f3mo acercarnos al \u00e1rea de la salud a partir de la generaci\u00f3n de nuevos lenguajes, tambi\u00e9n c\u00f3mo acercamos a las comunidades y, finalmente, c\u00f3mo empezar a hacer sentido de las preguntas alrededor del uso de los datos\u201d.&nbsp;&nbsp;<\/p>\n\n\n\n<figure class=\"wp-block-gallery has-nested-images columns-default is-cropped wp-block-gallery-1 is-layout-flex wp-block-gallery-is-layout-flex\">\n<figure class=\"wp-block-image size-large\"><img fetchpriority=\"high\" decoding=\"async\" width=\"1024\" height=\"681\" data-id=\"3824\" src=\"https:\/\/cmas.udd.cl\/wp-content\/uploads\/2024\/11\/WhatsApp-Image-2024-11-21-at-15.39.47-6-1024x681.jpeg\" alt=\"\" class=\"wp-image-3824\" srcset=\"https:\/\/cmas.udd.cl\/wp-content\/uploads\/2024\/11\/WhatsApp-Image-2024-11-21-at-15.39.47-6-1024x681.jpeg 1024w, https:\/\/cmas.udd.cl\/wp-content\/uploads\/2024\/11\/WhatsApp-Image-2024-11-21-at-15.39.47-6-300x200.jpeg 300w, https:\/\/cmas.udd.cl\/wp-content\/uploads\/2024\/11\/WhatsApp-Image-2024-11-21-at-15.39.47-6-768x511.jpeg 768w, https:\/\/cmas.udd.cl\/wp-content\/uploads\/2024\/11\/WhatsApp-Image-2024-11-21-at-15.39.47-6-1536x1021.jpeg 1536w, https:\/\/cmas.udd.cl\/wp-content\/uploads\/2024\/11\/WhatsApp-Image-2024-11-21-at-15.39.47-6.jpeg 1600w\" sizes=\"(max-width: 1024px) 100vw, 1024px\" \/><\/figure>\n\n\n\n<figure class=\"wp-block-image size-large\"><img decoding=\"async\" width=\"1024\" height=\"681\" data-id=\"3827\" src=\"https:\/\/cmas.udd.cl\/wp-content\/uploads\/2024\/11\/WhatsApp-Image-2024-11-21-at-15.39.47-5-1024x681.jpeg\" alt=\"\" class=\"wp-image-3827\" srcset=\"https:\/\/cmas.udd.cl\/wp-content\/uploads\/2024\/11\/WhatsApp-Image-2024-11-21-at-15.39.47-5-1024x681.jpeg 1024w, https:\/\/cmas.udd.cl\/wp-content\/uploads\/2024\/11\/WhatsApp-Image-2024-11-21-at-15.39.47-5-300x200.jpeg 300w, https:\/\/cmas.udd.cl\/wp-content\/uploads\/2024\/11\/WhatsApp-Image-2024-11-21-at-15.39.47-5-768x511.jpeg 768w, https:\/\/cmas.udd.cl\/wp-content\/uploads\/2024\/11\/WhatsApp-Image-2024-11-21-at-15.39.47-5-1536x1021.jpeg 1536w, https:\/\/cmas.udd.cl\/wp-content\/uploads\/2024\/11\/WhatsApp-Image-2024-11-21-at-15.39.47-5.jpeg 1600w\" sizes=\"(max-width: 1024px) 100vw, 1024px\" \/><\/figure>\n\n\n\n<figure class=\"wp-block-image size-large\"><img decoding=\"async\" width=\"1024\" height=\"681\" data-id=\"3826\" src=\"https:\/\/cmas.udd.cl\/wp-content\/uploads\/2024\/11\/WhatsApp-Image-2024-11-21-at-15.39.47-4-1024x681.jpeg\" alt=\"\" class=\"wp-image-3826\" srcset=\"https:\/\/cmas.udd.cl\/wp-content\/uploads\/2024\/11\/WhatsApp-Image-2024-11-21-at-15.39.47-4-1024x681.jpeg 1024w, https:\/\/cmas.udd.cl\/wp-content\/uploads\/2024\/11\/WhatsApp-Image-2024-11-21-at-15.39.47-4-300x200.jpeg 300w, https:\/\/cmas.udd.cl\/wp-content\/uploads\/2024\/11\/WhatsApp-Image-2024-11-21-at-15.39.47-4-768x511.jpeg 768w, https:\/\/cmas.udd.cl\/wp-content\/uploads\/2024\/11\/WhatsApp-Image-2024-11-21-at-15.39.47-4-1536x1021.jpeg 1536w, https:\/\/cmas.udd.cl\/wp-content\/uploads\/2024\/11\/WhatsApp-Image-2024-11-21-at-15.39.47-4.jpeg 1600w\" sizes=\"(max-width: 1024px) 100vw, 1024px\" \/><\/figure>\n\n\n\n<figure class=\"wp-block-image size-large\"><img loading=\"lazy\" decoding=\"async\" width=\"1024\" height=\"681\" data-id=\"3829\" src=\"https:\/\/cmas.udd.cl\/wp-content\/uploads\/2024\/11\/WhatsApp-Image-2024-11-21-at-15.39.47-3-1024x681.jpeg\" alt=\"\" class=\"wp-image-3829\" srcset=\"https:\/\/cmas.udd.cl\/wp-content\/uploads\/2024\/11\/WhatsApp-Image-2024-11-21-at-15.39.47-3-1024x681.jpeg 1024w, https:\/\/cmas.udd.cl\/wp-content\/uploads\/2024\/11\/WhatsApp-Image-2024-11-21-at-15.39.47-3-300x200.jpeg 300w, https:\/\/cmas.udd.cl\/wp-content\/uploads\/2024\/11\/WhatsApp-Image-2024-11-21-at-15.39.47-3-768x511.jpeg 768w, https:\/\/cmas.udd.cl\/wp-content\/uploads\/2024\/11\/WhatsApp-Image-2024-11-21-at-15.39.47-3-1536x1021.jpeg 1536w, https:\/\/cmas.udd.cl\/wp-content\/uploads\/2024\/11\/WhatsApp-Image-2024-11-21-at-15.39.47-3.jpeg 1600w\" sizes=\"(max-width: 1024px) 100vw, 1024px\" \/><\/figure>\n\n\n\n<figure class=\"wp-block-image size-large\"><img loading=\"lazy\" decoding=\"async\" width=\"1024\" height=\"681\" data-id=\"3825\" src=\"https:\/\/cmas.udd.cl\/wp-content\/uploads\/2024\/11\/WhatsApp-Image-2024-11-21-at-15.39.47-2-1024x681.jpeg\" alt=\"\" class=\"wp-image-3825\" srcset=\"https:\/\/cmas.udd.cl\/wp-content\/uploads\/2024\/11\/WhatsApp-Image-2024-11-21-at-15.39.47-2-1024x681.jpeg 1024w, https:\/\/cmas.udd.cl\/wp-content\/uploads\/2024\/11\/WhatsApp-Image-2024-11-21-at-15.39.47-2-300x200.jpeg 300w, https:\/\/cmas.udd.cl\/wp-content\/uploads\/2024\/11\/WhatsApp-Image-2024-11-21-at-15.39.47-2-768x511.jpeg 768w, https:\/\/cmas.udd.cl\/wp-content\/uploads\/2024\/11\/WhatsApp-Image-2024-11-21-at-15.39.47-2-1536x1021.jpeg 1536w, https:\/\/cmas.udd.cl\/wp-content\/uploads\/2024\/11\/WhatsApp-Image-2024-11-21-at-15.39.47-2.jpeg 1600w\" sizes=\"(max-width: 1024px) 100vw, 1024px\" \/><\/figure>\n\n\n\n<figure class=\"wp-block-image size-large\"><img loading=\"lazy\" decoding=\"async\" width=\"1024\" height=\"681\" data-id=\"3828\" src=\"https:\/\/cmas.udd.cl\/wp-content\/uploads\/2024\/11\/WhatsApp-Image-2024-11-21-at-15.39.47-1-1024x681.jpeg\" alt=\"\" class=\"wp-image-3828\" srcset=\"https:\/\/cmas.udd.cl\/wp-content\/uploads\/2024\/11\/WhatsApp-Image-2024-11-21-at-15.39.47-1-1024x681.jpeg 1024w, https:\/\/cmas.udd.cl\/wp-content\/uploads\/2024\/11\/WhatsApp-Image-2024-11-21-at-15.39.47-1-300x200.jpeg 300w, https:\/\/cmas.udd.cl\/wp-content\/uploads\/2024\/11\/WhatsApp-Image-2024-11-21-at-15.39.47-1-768x511.jpeg 768w, https:\/\/cmas.udd.cl\/wp-content\/uploads\/2024\/11\/WhatsApp-Image-2024-11-21-at-15.39.47-1-1536x1021.jpeg 1536w, https:\/\/cmas.udd.cl\/wp-content\/uploads\/2024\/11\/WhatsApp-Image-2024-11-21-at-15.39.47-1.jpeg 1600w\" sizes=\"(max-width: 1024px) 100vw, 1024px\" \/><\/figure>\n\n\n\n<figure class=\"wp-block-image size-large\"><img loading=\"lazy\" decoding=\"async\" width=\"1024\" height=\"681\" data-id=\"3830\" src=\"https:\/\/cmas.udd.cl\/wp-content\/uploads\/2024\/11\/WhatsApp-Image-2024-11-21-at-15.39.47-1024x681.jpeg\" alt=\"\" class=\"wp-image-3830\" srcset=\"https:\/\/cmas.udd.cl\/wp-content\/uploads\/2024\/11\/WhatsApp-Image-2024-11-21-at-15.39.47-1024x681.jpeg 1024w, https:\/\/cmas.udd.cl\/wp-content\/uploads\/2024\/11\/WhatsApp-Image-2024-11-21-at-15.39.47-300x200.jpeg 300w, https:\/\/cmas.udd.cl\/wp-content\/uploads\/2024\/11\/WhatsApp-Image-2024-11-21-at-15.39.47-768x511.jpeg 768w, https:\/\/cmas.udd.cl\/wp-content\/uploads\/2024\/11\/WhatsApp-Image-2024-11-21-at-15.39.47-1536x1021.jpeg 1536w, https:\/\/cmas.udd.cl\/wp-content\/uploads\/2024\/11\/WhatsApp-Image-2024-11-21-at-15.39.47.jpeg 1600w\" sizes=\"(max-width: 1024px) 100vw, 1024px\" \/><\/figure>\n\n\n\n<figure class=\"wp-block-image size-large\"><img loading=\"lazy\" decoding=\"async\" width=\"1024\" height=\"681\" data-id=\"3831\" src=\"https:\/\/cmas.udd.cl\/wp-content\/uploads\/2024\/11\/WhatsApp-Image-2024-11-21-at-15.40.01-1024x681.jpeg\" alt=\"\" class=\"wp-image-3831\" srcset=\"https:\/\/cmas.udd.cl\/wp-content\/uploads\/2024\/11\/WhatsApp-Image-2024-11-21-at-15.40.01-1024x681.jpeg 1024w, https:\/\/cmas.udd.cl\/wp-content\/uploads\/2024\/11\/WhatsApp-Image-2024-11-21-at-15.40.01-300x200.jpeg 300w, https:\/\/cmas.udd.cl\/wp-content\/uploads\/2024\/11\/WhatsApp-Image-2024-11-21-at-15.40.01-768x511.jpeg 768w, https:\/\/cmas.udd.cl\/wp-content\/uploads\/2024\/11\/WhatsApp-Image-2024-11-21-at-15.40.01-1536x1021.jpeg 1536w, https:\/\/cmas.udd.cl\/wp-content\/uploads\/2024\/11\/WhatsApp-Image-2024-11-21-at-15.40.01.jpeg 1600w\" sizes=\"(max-width: 1024px) 100vw, 1024px\" \/><\/figure>\n<\/figure>","protected":false},"excerpt":{"rendered":"<p>Con el fin de congregar a la comunidad cient\u00edfica, p\u00fablica y privada, interesada en calidad de data y nuevos acercamientos de monitoreo ambiental, se realiz\u00f3 la 3ra versi\u00f3n del Encuentro Nacional de Monitoreo y Sensores para Salud Ambiental, organizado por el Centro de Investigaci\u00f3n en Tecnolog\u00edas para la Sociedad (C+) de la Facultad de Ingenier\u00eda [&hellip;]<\/p>\n","protected":false},"featured_media":3827,"template":"","meta":{"_acf_changed":false},"filtro-de-portada":[],"grupo-de-investigacion":[103],"tipo-de-contenido":[],"class_list":["post-5885","noticia","type-noticia","status-publish","has-post-thumbnail","hentry","grupo-de-investigacion-enviro_health"],"acf":[],"yoast_head":"<!-- This site is optimized with the Yoast SEO plugin v27.3 - https:\/\/yoast.com\/product\/yoast-seo-wordpress\/ -->\n<title>Expertos y cient\u00edficos en monitoreo ambiental y sensores se reunieron en seminario de la UDD\u00a0 - C+<\/title>\n<meta name=\"robots\" content=\"index, follow, max-snippet:-1, max-image-preview:large, max-video-preview:-1\" \/>\n<link rel=\"canonical\" href=\"https:\/\/cmas.udd.cl\/en\/noticia\/expertos-y-cientificos-en-monitoreo-ambiental-y-sensores-se-reunieron-en-seminario-de-la-udd-migrado\/\" \/>\n<meta property=\"og:locale\" content=\"en_US\" \/>\n<meta property=\"og:type\" content=\"article\" \/>\n<meta property=\"og:title\" content=\"Expertos y cient\u00edficos en monitoreo ambiental y sensores se reunieron en seminario de la UDD\u00a0 - C+\" \/>\n<meta property=\"og:description\" content=\"Con el fin de congregar a la comunidad cient\u00edfica, p\u00fablica y privada, interesada en calidad de data y nuevos acercamientos de monitoreo ambiental, se realiz\u00f3 la 3ra versi\u00f3n del Encuentro Nacional de Monitoreo y Sensores para Salud Ambiental, organizado por el Centro de Investigaci\u00f3n en Tecnolog\u00edas para la Sociedad (C+) de la Facultad de Ingenier\u00eda [&hellip;]\" \/>\n<meta property=\"og:url\" content=\"https:\/\/cmas.udd.cl\/en\/noticia\/expertos-y-cientificos-en-monitoreo-ambiental-y-sensores-se-reunieron-en-seminario-de-la-udd-migrado\/\" \/>\n<meta property=\"og:site_name\" content=\"C+\" \/>\n<meta property=\"article:modified_time\" content=\"2025-07-02T00:08:35+00:00\" \/>\n<meta property=\"og:image\" content=\"https:\/\/cmas.udd.cl\/wp-content\/uploads\/2024\/11\/WhatsApp-Image-2024-11-21-at-15.39.47-5.jpeg\" \/>\n\t<meta property=\"og:image:width\" content=\"1600\" \/>\n\t<meta property=\"og:image:height\" content=\"1064\" \/>\n\t<meta property=\"og:image:type\" content=\"image\/jpeg\" \/>\n<meta name=\"twitter:card\" content=\"summary_large_image\" \/>\n<meta name=\"twitter:label1\" content=\"Est. reading time\" \/>\n\t<meta name=\"twitter:data1\" content=\"2 minutes\" \/>\n<script type=\"application\/ld+json\" class=\"yoast-schema-graph\">{\"@context\":\"https:\\\/\\\/schema.org\",\"@graph\":[{\"@type\":\"WebPage\",\"@id\":\"https:\\\/\\\/cmas.udd.cl\\\/noticia\\\/expertos-y-cientificos-en-monitoreo-ambiental-y-sensores-se-reunieron-en-seminario-de-la-udd-migrado\\\/\",\"url\":\"https:\\\/\\\/cmas.udd.cl\\\/noticia\\\/expertos-y-cientificos-en-monitoreo-ambiental-y-sensores-se-reunieron-en-seminario-de-la-udd-migrado\\\/\",\"name\":\"Expertos y cient\u00edficos en monitoreo ambiental y sensores se reunieron en seminario de la UDD\u00a0 - C+\",\"isPartOf\":{\"@id\":\"https:\\\/\\\/cmas.udd.cl\\\/#website\"},\"primaryImageOfPage\":{\"@id\":\"https:\\\/\\\/cmas.udd.cl\\\/noticia\\\/expertos-y-cientificos-en-monitoreo-ambiental-y-sensores-se-reunieron-en-seminario-de-la-udd-migrado\\\/#primaryimage\"},\"image\":{\"@id\":\"https:\\\/\\\/cmas.udd.cl\\\/noticia\\\/expertos-y-cientificos-en-monitoreo-ambiental-y-sensores-se-reunieron-en-seminario-de-la-udd-migrado\\\/#primaryimage\"},\"thumbnailUrl\":\"https:\\\/\\\/cmas.udd.cl\\\/wp-content\\\/uploads\\\/2024\\\/11\\\/WhatsApp-Image-2024-11-21-at-15.39.47-5.jpeg\",\"datePublished\":\"2024-11-21T18:42:24+00:00\",\"dateModified\":\"2025-07-02T00:08:35+00:00\",\"breadcrumb\":{\"@id\":\"https:\\\/\\\/cmas.udd.cl\\\/noticia\\\/expertos-y-cientificos-en-monitoreo-ambiental-y-sensores-se-reunieron-en-seminario-de-la-udd-migrado\\\/#breadcrumb\"},\"inLanguage\":\"en-US\",\"potentialAction\":[{\"@type\":\"ReadAction\",\"target\":[\"https:\\\/\\\/cmas.udd.cl\\\/noticia\\\/expertos-y-cientificos-en-monitoreo-ambiental-y-sensores-se-reunieron-en-seminario-de-la-udd-migrado\\\/\"]}]},{\"@type\":\"ImageObject\",\"inLanguage\":\"en-US\",\"@id\":\"https:\\\/\\\/cmas.udd.cl\\\/noticia\\\/expertos-y-cientificos-en-monitoreo-ambiental-y-sensores-se-reunieron-en-seminario-de-la-udd-migrado\\\/#primaryimage\",\"url\":\"https:\\\/\\\/cmas.udd.cl\\\/wp-content\\\/uploads\\\/2024\\\/11\\\/WhatsApp-Image-2024-11-21-at-15.39.47-5.jpeg\",\"contentUrl\":\"https:\\\/\\\/cmas.udd.cl\\\/wp-content\\\/uploads\\\/2024\\\/11\\\/WhatsApp-Image-2024-11-21-at-15.39.47-5.jpeg\",\"width\":1600,\"height\":1064},{\"@type\":\"BreadcrumbList\",\"@id\":\"https:\\\/\\\/cmas.udd.cl\\\/noticia\\\/expertos-y-cientificos-en-monitoreo-ambiental-y-sensores-se-reunieron-en-seminario-de-la-udd-migrado\\\/#breadcrumb\",\"itemListElement\":[{\"@type\":\"ListItem\",\"position\":1,\"name\":\"Home\",\"item\":\"https:\\\/\\\/cmas.udd.cl\\\/\"},{\"@type\":\"ListItem\",\"position\":2,\"name\":\"Noticias\",\"item\":\"https:\\\/\\\/cmas.udd.cl\\\/Noticias\\\/\"},{\"@type\":\"ListItem\",\"position\":3,\"name\":\"Expertos y cient\u00edficos en monitoreo ambiental y sensores se reunieron en seminario de la UDD\u00a0\"}]},{\"@type\":\"WebSite\",\"@id\":\"https:\\\/\\\/cmas.udd.cl\\\/#website\",\"url\":\"https:\\\/\\\/cmas.udd.cl\\\/\",\"name\":\"C+\",\"description\":\"Centro Investigaci\u00f3n enTecnolog\u00edas para la Sociedad\",\"publisher\":{\"@id\":\"https:\\\/\\\/cmas.udd.cl\\\/#organization\"},\"potentialAction\":[{\"@type\":\"SearchAction\",\"target\":{\"@type\":\"EntryPoint\",\"urlTemplate\":\"https:\\\/\\\/cmas.udd.cl\\\/?s={search_term_string}\"},\"query-input\":{\"@type\":\"PropertyValueSpecification\",\"valueRequired\":true,\"valueName\":\"search_term_string\"}}],\"inLanguage\":\"en-US\"},{\"@type\":\"Organization\",\"@id\":\"https:\\\/\\\/cmas.udd.cl\\\/#organization\",\"name\":\"C+\",\"url\":\"https:\\\/\\\/cmas.udd.cl\\\/\",\"logo\":{\"@type\":\"ImageObject\",\"inLanguage\":\"en-US\",\"@id\":\"https:\\\/\\\/cmas.udd.cl\\\/#\\\/schema\\\/logo\\\/image\\\/\",\"url\":\"https:\\\/\\\/cmas.udd.cl\\\/wp-content\\\/uploads\\\/2023\\\/05\\\/Logo-compuesto-UDD-Cmas.png\",\"contentUrl\":\"https:\\\/\\\/cmas.udd.cl\\\/wp-content\\\/uploads\\\/2023\\\/05\\\/Logo-compuesto-UDD-Cmas.png\",\"width\":695,\"height\":72,\"caption\":\"C+\"},\"image\":{\"@id\":\"https:\\\/\\\/cmas.udd.cl\\\/#\\\/schema\\\/logo\\\/image\\\/\"}}]}<\/script>\n<!-- \/ Yoast SEO plugin. -->","yoast_head_json":{"title":"Expertos y cient\u00edficos en monitoreo ambiental y sensores se reunieron en seminario de la UDD\u00a0 - C+","robots":{"index":"index","follow":"follow","max-snippet":"max-snippet:-1","max-image-preview":"max-image-preview:large","max-video-preview":"max-video-preview:-1"},"canonical":"https:\/\/cmas.udd.cl\/en\/noticia\/expertos-y-cientificos-en-monitoreo-ambiental-y-sensores-se-reunieron-en-seminario-de-la-udd-migrado\/","og_locale":"en_US","og_type":"article","og_title":"Expertos y cient\u00edficos en monitoreo ambiental y sensores se reunieron en seminario de la UDD\u00a0 - C+","og_description":"Con el fin de congregar a la comunidad cient\u00edfica, p\u00fablica y privada, interesada en calidad de data y nuevos acercamientos de monitoreo ambiental, se realiz\u00f3 la 3ra versi\u00f3n del Encuentro Nacional de Monitoreo y Sensores para Salud Ambiental, organizado por el Centro de Investigaci\u00f3n en Tecnolog\u00edas para la Sociedad (C+) de la Facultad de Ingenier\u00eda [&hellip;]","og_url":"https:\/\/cmas.udd.cl\/en\/noticia\/expertos-y-cientificos-en-monitoreo-ambiental-y-sensores-se-reunieron-en-seminario-de-la-udd-migrado\/","og_site_name":"C+","article_modified_time":"2025-07-02T00:08:35+00:00","og_image":[{"width":1600,"height":1064,"url":"https:\/\/cmas.udd.cl\/wp-content\/uploads\/2024\/11\/WhatsApp-Image-2024-11-21-at-15.39.47-5.jpeg","type":"image\/jpeg"}],"twitter_card":"summary_large_image","twitter_misc":{"Est. reading time":"2 minutes"},"schema":{"@context":"https:\/\/schema.org","@graph":[{"@type":"WebPage","@id":"https:\/\/cmas.udd.cl\/noticia\/expertos-y-cientificos-en-monitoreo-ambiental-y-sensores-se-reunieron-en-seminario-de-la-udd-migrado\/","url":"https:\/\/cmas.udd.cl\/noticia\/expertos-y-cientificos-en-monitoreo-ambiental-y-sensores-se-reunieron-en-seminario-de-la-udd-migrado\/","name":"Expertos y cient\u00edficos en monitoreo ambiental y sensores se reunieron en seminario de la UDD\u00a0 - C+","isPartOf":{"@id":"https:\/\/cmas.udd.cl\/#website"},"primaryImageOfPage":{"@id":"https:\/\/cmas.udd.cl\/noticia\/expertos-y-cientificos-en-monitoreo-ambiental-y-sensores-se-reunieron-en-seminario-de-la-udd-migrado\/#primaryimage"},"image":{"@id":"https:\/\/cmas.udd.cl\/noticia\/expertos-y-cientificos-en-monitoreo-ambiental-y-sensores-se-reunieron-en-seminario-de-la-udd-migrado\/#primaryimage"},"thumbnailUrl":"https:\/\/cmas.udd.cl\/wp-content\/uploads\/2024\/11\/WhatsApp-Image-2024-11-21-at-15.39.47-5.jpeg","datePublished":"2024-11-21T18:42:24+00:00","dateModified":"2025-07-02T00:08:35+00:00","breadcrumb":{"@id":"https:\/\/cmas.udd.cl\/noticia\/expertos-y-cientificos-en-monitoreo-ambiental-y-sensores-se-reunieron-en-seminario-de-la-udd-migrado\/#breadcrumb"},"inLanguage":"en-US","potentialAction":[{"@type":"ReadAction","target":["https:\/\/cmas.udd.cl\/noticia\/expertos-y-cientificos-en-monitoreo-ambiental-y-sensores-se-reunieron-en-seminario-de-la-udd-migrado\/"]}]},{"@type":"ImageObject","inLanguage":"en-US","@id":"https:\/\/cmas.udd.cl\/noticia\/expertos-y-cientificos-en-monitoreo-ambiental-y-sensores-se-reunieron-en-seminario-de-la-udd-migrado\/#primaryimage","url":"https:\/\/cmas.udd.cl\/wp-content\/uploads\/2024\/11\/WhatsApp-Image-2024-11-21-at-15.39.47-5.jpeg","contentUrl":"https:\/\/cmas.udd.cl\/wp-content\/uploads\/2024\/11\/WhatsApp-Image-2024-11-21-at-15.39.47-5.jpeg","width":1600,"height":1064},{"@type":"BreadcrumbList","@id":"https:\/\/cmas.udd.cl\/noticia\/expertos-y-cientificos-en-monitoreo-ambiental-y-sensores-se-reunieron-en-seminario-de-la-udd-migrado\/#breadcrumb","itemListElement":[{"@type":"ListItem","position":1,"name":"Home","item":"https:\/\/cmas.udd.cl\/"},{"@type":"ListItem","position":2,"name":"Noticias","item":"https:\/\/cmas.udd.cl\/Noticias\/"},{"@type":"ListItem","position":3,"name":"Expertos y cient\u00edficos en monitoreo ambiental y sensores se reunieron en seminario de la UDD\u00a0"}]},{"@type":"WebSite","@id":"https:\/\/cmas.udd.cl\/#website","url":"https:\/\/cmas.udd.cl\/","name":"C+","description":"Centro Investigaci\u00f3n enTecnolog\u00edas para la Sociedad","publisher":{"@id":"https:\/\/cmas.udd.cl\/#organization"},"potentialAction":[{"@type":"SearchAction","target":{"@type":"EntryPoint","urlTemplate":"https:\/\/cmas.udd.cl\/?s={search_term_string}"},"query-input":{"@type":"PropertyValueSpecification","valueRequired":true,"valueName":"search_term_string"}}],"inLanguage":"en-US"},{"@type":"Organization","@id":"https:\/\/cmas.udd.cl\/#organization","name":"C+","url":"https:\/\/cmas.udd.cl\/","logo":{"@type":"ImageObject","inLanguage":"en-US","@id":"https:\/\/cmas.udd.cl\/#\/schema\/logo\/image\/","url":"https:\/\/cmas.udd.cl\/wp-content\/uploads\/2023\/05\/Logo-compuesto-UDD-Cmas.png","contentUrl":"https:\/\/cmas.udd.cl\/wp-content\/uploads\/2023\/05\/Logo-compuesto-UDD-Cmas.png","width":695,"height":72,"caption":"C+"},"image":{"@id":"https:\/\/cmas.udd.cl\/#\/schema\/logo\/image\/"}}]}},"_links":{"self":[{"href":"https:\/\/cmas.udd.cl\/en\/wp-json\/wp\/v2\/noticia\/5885","targetHints":{"allow":["GET"]}}],"collection":[{"href":"https:\/\/cmas.udd.cl\/en\/wp-json\/wp\/v2\/noticia"}],"about":[{"href":"https:\/\/cmas.udd.cl\/en\/wp-json\/wp\/v2\/types\/noticia"}],"version-history":[{"count":0,"href":"https:\/\/cmas.udd.cl\/en\/wp-json\/wp\/v2\/noticia\/5885\/revisions"}],"wp:featuredmedia":[{"embeddable":true,"href":"https:\/\/cmas.udd.cl\/en\/wp-json\/wp\/v2\/media\/3827"}],"wp:attachment":[{"href":"https:\/\/cmas.udd.cl\/en\/wp-json\/wp\/v2\/media?parent=5885"}],"wp:term":[{"taxonomy":"filtro-de-portada","embeddable":true,"href":"https:\/\/cmas.udd.cl\/en\/wp-json\/wp\/v2\/filtro-de-portada?post=5885"},{"taxonomy":"grupo-de-investigacion","embeddable":true,"href":"https:\/\/cmas.udd.cl\/en\/wp-json\/wp\/v2\/grupo-de-investigacion?post=5885"},{"taxonomy":"tipo-de-contenido","embeddable":true,"href":"https:\/\/cmas.udd.cl\/en\/wp-json\/wp\/v2\/tipo-de-contenido?post=5885"}],"curies":[{"name":"wp","href":"https:\/\/api.w.org\/{rel}","templated":true}]}}