{"id":5884,"date":"2024-10-25T16:03:43","date_gmt":"2024-10-25T16:03:43","guid":{"rendered":"https:\/\/cmas.udd.cl\/?post_type=noticia&#038;p=3782"},"modified":"2025-07-02T00:08:35","modified_gmt":"2025-07-02T00:08:35","slug":"encuentro-redbiolac-expertos-nacionales-e-internacionales-se-reunen-para-conversar-sobre-biodigestion-migrado","status":"publish","type":"noticia","link":"https:\/\/cmas.udd.cl\/en\/noticia\/encuentro-redbiolac-expertos-nacionales-e-internacionales-se-reunen-para-conversar-sobre-biodigestion-migrado\/","title":{"rendered":"Encuentro RedBiolac: Expertos nacionales e internacionales se re\u00fanen para conversar sobre biodigesti\u00f3n\u00a0"},"content":{"rendered":"<p>Con el fin de reunir a expertos en biodigesti\u00f3n e intercambiar informaci\u00f3n relevante sobre el tema, el Centro de Investigaci\u00f3n en Tecnolog\u00edas para la Sociedad (C+) de la Facultad de Ingenier\u00eda UDD junto con la colaboraci\u00f3n de Mecha SPA y la Organizaci\u00f3n RedBiolac realizaron la 16\u00aa versi\u00f3n del encuentro de la RedBioLAC, asociaci\u00f3n latinoamericana dedicada al estudio de la degradaci\u00f3n de residuos org\u00e1nicos para producir biog\u00e1s y fertilizantes.&nbsp;<\/p>\n\n\n\n<p>El encuentro, que se desarroll\u00f3 entre el 21 y 25 de octubre, cont\u00f3 con diferentes espacios de conversaci\u00f3n, charlas de expertos, visitas a terreno y la presentaci\u00f3n de trabajos seleccionados de investigadores y expositores tanto nacionales como internacionales. &nbsp;<\/p>\n\n\n\n<p>\u201cLo principal de haber reunido a todos los actores de este gran ecosistema, es que se puedan dar a conocer los principales avances que hay tanto en Am\u00e9rica Latina como el Caribe sobre lo que tiene que ver con la biodigesti\u00f3n\u201d, se\u00f1al\u00f3 Francisca Rodr\u00edguez, investigadora del grupo Diagn\u00f3sticos Modulares del Centro C+ y una de las organizadoras del evento. &nbsp;<\/p>\n\n\n\n<p>Por su parte, Yuta Acu\u00f1a, miembro de la coordinaci\u00f3n general de Redbiolac en Colombia, sostuvo que \u201clo que usualmente lo que buscamos en estos encuentros es acercar esta tecnolog\u00eda a los productores, mirar qu\u00e9 avances hay dentro de la tecnolog\u00eda y de esta forma,&nbsp;interactuar acercar la tecnolog\u00eda de la biodigesti\u00f3n a los usuarios\u201d.&nbsp;<\/p>\n\n\n\n<p>Entre los expositores estuvieron Amaya Arias-Garc\u00eda, consultora de gases renovables y representante de la Asociaci\u00f3n Mundial de Biog\u00e1s (WBA); Nicol\u00e1s Mart\u00edn, docente de la Facultad de Ciencias Agrarias de UNCuyo (Argentina); y los investigadores del Instituto Nacional de Tecnolog\u00eda Agropecuaria de Argentina, Patricia Bres y Mariano Butti.&nbsp;<\/p>\n\n\n\n<p>\u201cEl objetivo de la presentaci\u00f3n&nbsp;fue hacer part\u00edcipe a la audicencia de las experiencias que hay en diferentes zonas del mundo donde existen plantas de este tipo y dar a conocer las lecciones aprendidas dada la complejidad de estas plantas\u201d, agreg\u00f3 Amaya Arias-Garc\u00eda, representante de la Asociaci\u00f3n Mundial de Biog\u00e1s en relaci\u00f3n con su presentaci\u00f3n de co-digesti\u00f3n industrial. &nbsp;<\/p>\n\n\n\n<p>El evento tambi\u00e9n cont\u00f3 con una salida a terreno donde los asistentes del evento&nbsp;conocieron diferentes experiencias o casos sobre el uso de los biodigestores, a peque\u00f1a y gran escala industrial y una feria comercial, donde participaron empresas que ofrecen servicios relacionados con la biodigesti\u00f3n. &nbsp;<\/p>\n\n\n\n<p>Eric Hermosilla, encargado del \u00e1rea de negocios de la empresa Volta, dedicada a la gesti\u00f3n integral de residuos y lugar en el cual se realiz\u00f3 una de las salidas a terreno, explic\u00f3 su participaci\u00f3n en la feria se\u00f1alando que \u201cestamos demostrando los diferentes productos que surgen a ra\u00edz de la biodigesti\u00f3n, ya que existe un desconocimiento en torno a las cualidades que \u00e9ste trae y es importante darlo a conocer como pioneros en la co-digesti\u00f3n\u201d. Hermosilla agreg\u00f3 adem\u00e1s que la visita a terreno fue \u201cmuy importante para que los asistentes pudieran presenciar y entender el proceso completo\u201d. &nbsp;<\/p>\n\n\n\n<p>Por \u00faltimo, y en relaci\u00f3n a las conclusiones que dej\u00f3 el evento, Sebasti\u00e1n Guzm\u00e1n, investigador del C+ y director de Mecha spa, ambas entidades organizadoras del evento, se\u00f1al\u00f3 que \u201cluego de las diferentes charlas, actividades y salidas a terreno podemos notar que existen diferentes brechas y quedan varios aspectos por mejorar y seguir aprendiendo de la tecnolog\u00eda, pero seguimos trabajando para que la gesti\u00f3n de residuos vaya tomando cada vez m\u00e1s fuerza en Chile\u201d.&nbsp;<\/p>\n\n\n\n<p>Por \u00faltimo, cabe destacar que la Red de Biodigestores para Latinoam\u00e9rica y el Caribe (RedBioLAC) tiene como objetivo vincular a diversas personas que contribuyen a la generaci\u00f3n e intercambio de conocimientos sobre biodigesti\u00f3n, un proceso que permite valorizar los residuos org\u00e1nicos para producir biog\u00e1s y un fertilizante llamado digestato.&nbsp;<\/p>\n\n\n\n<figure class=\"wp-block-gallery has-nested-images columns-default is-cropped wp-block-gallery-1 is-layout-flex wp-block-gallery-is-layout-flex\">\n<figure class=\"wp-block-image size-large\"><img fetchpriority=\"high\" decoding=\"async\" width=\"1024\" height=\"683\" data-id=\"3791\" src=\"https:\/\/cmas.udd.cl\/wp-content\/uploads\/2024\/10\/DSC_5298-1-1024x683.jpg\" alt=\"\" class=\"wp-image-3791\" srcset=\"https:\/\/cmas.udd.cl\/wp-content\/uploads\/2024\/10\/DSC_5298-1-1024x683.jpg 1024w, https:\/\/cmas.udd.cl\/wp-content\/uploads\/2024\/10\/DSC_5298-1-300x200.jpg 300w, https:\/\/cmas.udd.cl\/wp-content\/uploads\/2024\/10\/DSC_5298-1-768x512.jpg 768w, https:\/\/cmas.udd.cl\/wp-content\/uploads\/2024\/10\/DSC_5298-1-1536x1024.jpg 1536w, https:\/\/cmas.udd.cl\/wp-content\/uploads\/2024\/10\/DSC_5298-1.jpg 1620w\" sizes=\"(max-width: 1024px) 100vw, 1024px\" \/><\/figure>\n\n\n\n<figure class=\"wp-block-image size-large\"><img decoding=\"async\" width=\"1024\" height=\"683\" data-id=\"3795\" src=\"https:\/\/cmas.udd.cl\/wp-content\/uploads\/2024\/10\/DSC_5232-1-1024x683.jpg\" alt=\"\" class=\"wp-image-3795\" srcset=\"https:\/\/cmas.udd.cl\/wp-content\/uploads\/2024\/10\/DSC_5232-1-1024x683.jpg 1024w, https:\/\/cmas.udd.cl\/wp-content\/uploads\/2024\/10\/DSC_5232-1-300x200.jpg 300w, https:\/\/cmas.udd.cl\/wp-content\/uploads\/2024\/10\/DSC_5232-1-768x512.jpg 768w, https:\/\/cmas.udd.cl\/wp-content\/uploads\/2024\/10\/DSC_5232-1-1536x1024.jpg 1536w, https:\/\/cmas.udd.cl\/wp-content\/uploads\/2024\/10\/DSC_5232-1.jpg 1620w\" sizes=\"(max-width: 1024px) 100vw, 1024px\" \/><\/figure>\n\n\n\n<figure class=\"wp-block-image size-large\"><img decoding=\"async\" width=\"1024\" height=\"683\" data-id=\"3793\" src=\"https:\/\/cmas.udd.cl\/wp-content\/uploads\/2024\/10\/DSC_5326-1-1024x683.jpg\" alt=\"\" class=\"wp-image-3793\" srcset=\"https:\/\/cmas.udd.cl\/wp-content\/uploads\/2024\/10\/DSC_5326-1-1024x683.jpg 1024w, https:\/\/cmas.udd.cl\/wp-content\/uploads\/2024\/10\/DSC_5326-1-300x200.jpg 300w, https:\/\/cmas.udd.cl\/wp-content\/uploads\/2024\/10\/DSC_5326-1-768x512.jpg 768w, https:\/\/cmas.udd.cl\/wp-content\/uploads\/2024\/10\/DSC_5326-1-1536x1024.jpg 1536w, https:\/\/cmas.udd.cl\/wp-content\/uploads\/2024\/10\/DSC_5326-1.jpg 1620w\" sizes=\"(max-width: 1024px) 100vw, 1024px\" \/><\/figure>\n\n\n\n<figure class=\"wp-block-image size-large\"><img loading=\"lazy\" decoding=\"async\" width=\"1024\" height=\"683\" data-id=\"3792\" src=\"https:\/\/cmas.udd.cl\/wp-content\/uploads\/2024\/10\/DSC_5746-1-1024x683.jpg\" alt=\"\" class=\"wp-image-3792\" srcset=\"https:\/\/cmas.udd.cl\/wp-content\/uploads\/2024\/10\/DSC_5746-1-1024x683.jpg 1024w, https:\/\/cmas.udd.cl\/wp-content\/uploads\/2024\/10\/DSC_5746-1-300x200.jpg 300w, https:\/\/cmas.udd.cl\/wp-content\/uploads\/2024\/10\/DSC_5746-1-768x512.jpg 768w, https:\/\/cmas.udd.cl\/wp-content\/uploads\/2024\/10\/DSC_5746-1-1536x1024.jpg 1536w, https:\/\/cmas.udd.cl\/wp-content\/uploads\/2024\/10\/DSC_5746-1.jpg 1620w\" sizes=\"(max-width: 1024px) 100vw, 1024px\" \/><\/figure>\n\n\n\n<figure class=\"wp-block-image size-large\"><img loading=\"lazy\" decoding=\"async\" width=\"1024\" height=\"683\" data-id=\"3794\" src=\"https:\/\/cmas.udd.cl\/wp-content\/uploads\/2024\/10\/DSC_5358-1-1024x683.jpg\" alt=\"\" class=\"wp-image-3794\" srcset=\"https:\/\/cmas.udd.cl\/wp-content\/uploads\/2024\/10\/DSC_5358-1-1024x683.jpg 1024w, https:\/\/cmas.udd.cl\/wp-content\/uploads\/2024\/10\/DSC_5358-1-300x200.jpg 300w, https:\/\/cmas.udd.cl\/wp-content\/uploads\/2024\/10\/DSC_5358-1-768x512.jpg 768w, https:\/\/cmas.udd.cl\/wp-content\/uploads\/2024\/10\/DSC_5358-1-1536x1024.jpg 1536w, https:\/\/cmas.udd.cl\/wp-content\/uploads\/2024\/10\/DSC_5358-1.jpg 1620w\" sizes=\"(max-width: 1024px) 100vw, 1024px\" \/><\/figure>\n\n\n\n<figure class=\"wp-block-image size-large\"><img loading=\"lazy\" decoding=\"async\" width=\"1024\" height=\"640\" data-id=\"3796\" src=\"https:\/\/cmas.udd.cl\/wp-content\/uploads\/2024\/10\/DSC_5680-1-1024x640.jpg\" alt=\"\" class=\"wp-image-3796\" srcset=\"https:\/\/cmas.udd.cl\/wp-content\/uploads\/2024\/10\/DSC_5680-1-1024x640.jpg 1024w, https:\/\/cmas.udd.cl\/wp-content\/uploads\/2024\/10\/DSC_5680-1-300x187.jpg 300w, https:\/\/cmas.udd.cl\/wp-content\/uploads\/2024\/10\/DSC_5680-1-768x480.jpg 768w, https:\/\/cmas.udd.cl\/wp-content\/uploads\/2024\/10\/DSC_5680-1.jpg 1497w\" sizes=\"(max-width: 1024px) 100vw, 1024px\" \/><\/figure>\n\n\n\n<figure class=\"wp-block-image size-large\"><img loading=\"lazy\" decoding=\"async\" width=\"1024\" height=\"768\" data-id=\"3797\" src=\"https:\/\/cmas.udd.cl\/wp-content\/uploads\/2024\/10\/4e785776-cbb8-4a75-a40f-37010ea922f8-1-1024x768.jpg\" alt=\"\" class=\"wp-image-3797\" srcset=\"https:\/\/cmas.udd.cl\/wp-content\/uploads\/2024\/10\/4e785776-cbb8-4a75-a40f-37010ea922f8-1-1024x768.jpg 1024w, https:\/\/cmas.udd.cl\/wp-content\/uploads\/2024\/10\/4e785776-cbb8-4a75-a40f-37010ea922f8-1-300x225.jpg 300w, https:\/\/cmas.udd.cl\/wp-content\/uploads\/2024\/10\/4e785776-cbb8-4a75-a40f-37010ea922f8-1-768x576.jpg 768w, https:\/\/cmas.udd.cl\/wp-content\/uploads\/2024\/10\/4e785776-cbb8-4a75-a40f-37010ea922f8-1-1536x1152.jpg 1536w, https:\/\/cmas.udd.cl\/wp-content\/uploads\/2024\/10\/4e785776-cbb8-4a75-a40f-37010ea922f8-1-2048x1536.jpg 2048w\" sizes=\"(max-width: 1024px) 100vw, 1024px\" \/><\/figure>\n\n\n\n<figure class=\"wp-block-image size-large\"><img loading=\"lazy\" decoding=\"async\" width=\"1024\" height=\"768\" data-id=\"3798\" src=\"https:\/\/cmas.udd.cl\/wp-content\/uploads\/2024\/10\/551cba1e-d3e7-4972-8ad2-b90ab2db0d3c-1024x768.jpg\" alt=\"\" class=\"wp-image-3798\" srcset=\"https:\/\/cmas.udd.cl\/wp-content\/uploads\/2024\/10\/551cba1e-d3e7-4972-8ad2-b90ab2db0d3c-1024x768.jpg 1024w, https:\/\/cmas.udd.cl\/wp-content\/uploads\/2024\/10\/551cba1e-d3e7-4972-8ad2-b90ab2db0d3c-300x225.jpg 300w, https:\/\/cmas.udd.cl\/wp-content\/uploads\/2024\/10\/551cba1e-d3e7-4972-8ad2-b90ab2db0d3c-768x576.jpg 768w, https:\/\/cmas.udd.cl\/wp-content\/uploads\/2024\/10\/551cba1e-d3e7-4972-8ad2-b90ab2db0d3c-1536x1152.jpg 1536w, https:\/\/cmas.udd.cl\/wp-content\/uploads\/2024\/10\/551cba1e-d3e7-4972-8ad2-b90ab2db0d3c-2048x1536.jpg 2048w\" sizes=\"(max-width: 1024px) 100vw, 1024px\" \/><\/figure>\n\n\n\n<figure class=\"wp-block-image size-large\"><img loading=\"lazy\" decoding=\"async\" width=\"1024\" height=\"682\" data-id=\"3801\" src=\"https:\/\/cmas.udd.cl\/wp-content\/uploads\/2024\/10\/DSC_5619-1024x682.jpg\" alt=\"\" class=\"wp-image-3801\" srcset=\"https:\/\/cmas.udd.cl\/wp-content\/uploads\/2024\/10\/DSC_5619-1024x682.jpg 1024w, https:\/\/cmas.udd.cl\/wp-content\/uploads\/2024\/10\/DSC_5619-300x200.jpg 300w, https:\/\/cmas.udd.cl\/wp-content\/uploads\/2024\/10\/DSC_5619-768x511.jpg 768w, https:\/\/cmas.udd.cl\/wp-content\/uploads\/2024\/10\/DSC_5619-1536x1022.jpg 1536w, https:\/\/cmas.udd.cl\/wp-content\/uploads\/2024\/10\/DSC_5619.jpg 2048w\" sizes=\"(max-width: 1024px) 100vw, 1024px\" \/><\/figure>\n\n\n\n<figure class=\"wp-block-image size-large\"><img loading=\"lazy\" decoding=\"async\" width=\"1024\" height=\"683\" data-id=\"3800\" src=\"https:\/\/cmas.udd.cl\/wp-content\/uploads\/2024\/10\/DSC_5628-1024x683.jpg\" alt=\"\" class=\"wp-image-3800\" srcset=\"https:\/\/cmas.udd.cl\/wp-content\/uploads\/2024\/10\/DSC_5628-1024x683.jpg 1024w, https:\/\/cmas.udd.cl\/wp-content\/uploads\/2024\/10\/DSC_5628-300x200.jpg 300w, https:\/\/cmas.udd.cl\/wp-content\/uploads\/2024\/10\/DSC_5628-768x512.jpg 768w, https:\/\/cmas.udd.cl\/wp-content\/uploads\/2024\/10\/DSC_5628-1536x1025.jpg 1536w, https:\/\/cmas.udd.cl\/wp-content\/uploads\/2024\/10\/DSC_5628.jpg 2048w\" sizes=\"(max-width: 1024px) 100vw, 1024px\" \/><\/figure>\n\n\n\n<figure class=\"wp-block-image size-large\"><img loading=\"lazy\" decoding=\"async\" width=\"1024\" height=\"683\" data-id=\"3799\" src=\"https:\/\/cmas.udd.cl\/wp-content\/uploads\/2024\/10\/DSC_5610-1024x683.jpg\" alt=\"\" class=\"wp-image-3799\" srcset=\"https:\/\/cmas.udd.cl\/wp-content\/uploads\/2024\/10\/DSC_5610-1024x683.jpg 1024w, https:\/\/cmas.udd.cl\/wp-content\/uploads\/2024\/10\/DSC_5610-300x200.jpg 300w, https:\/\/cmas.udd.cl\/wp-content\/uploads\/2024\/10\/DSC_5610-768x512.jpg 768w, https:\/\/cmas.udd.cl\/wp-content\/uploads\/2024\/10\/DSC_5610-1536x1024.jpg 1536w, https:\/\/cmas.udd.cl\/wp-content\/uploads\/2024\/10\/DSC_5610.jpg 2048w\" sizes=\"(max-width: 1024px) 100vw, 1024px\" \/><\/figure>\n\n\n\n<figure class=\"wp-block-image size-large\"><img loading=\"lazy\" decoding=\"async\" width=\"1024\" height=\"683\" data-id=\"3809\" src=\"https:\/\/cmas.udd.cl\/wp-content\/uploads\/2024\/10\/DSC_5280-1024x683.jpg\" alt=\"\" class=\"wp-image-3809\" srcset=\"https:\/\/cmas.udd.cl\/wp-content\/uploads\/2024\/10\/DSC_5280-1024x683.jpg 1024w, https:\/\/cmas.udd.cl\/wp-content\/uploads\/2024\/10\/DSC_5280-300x200.jpg 300w, https:\/\/cmas.udd.cl\/wp-content\/uploads\/2024\/10\/DSC_5280-768x512.jpg 768w, https:\/\/cmas.udd.cl\/wp-content\/uploads\/2024\/10\/DSC_5280-1536x1024.jpg 1536w, https:\/\/cmas.udd.cl\/wp-content\/uploads\/2024\/10\/DSC_5280.jpg 1620w\" sizes=\"(max-width: 1024px) 100vw, 1024px\" \/><\/figure>\n\n\n\n<figure class=\"wp-block-image size-large\"><img loading=\"lazy\" decoding=\"async\" width=\"1024\" height=\"683\" data-id=\"3813\" src=\"https:\/\/cmas.udd.cl\/wp-content\/uploads\/2024\/10\/DSC_5660-1024x683.jpg\" alt=\"\" class=\"wp-image-3813\" srcset=\"https:\/\/cmas.udd.cl\/wp-content\/uploads\/2024\/10\/DSC_5660-1024x683.jpg 1024w, https:\/\/cmas.udd.cl\/wp-content\/uploads\/2024\/10\/DSC_5660-300x200.jpg 300w, https:\/\/cmas.udd.cl\/wp-content\/uploads\/2024\/10\/DSC_5660-768x512.jpg 768w, https:\/\/cmas.udd.cl\/wp-content\/uploads\/2024\/10\/DSC_5660-1536x1024.jpg 1536w, https:\/\/cmas.udd.cl\/wp-content\/uploads\/2024\/10\/DSC_5660.jpg 1620w\" sizes=\"(max-width: 1024px) 100vw, 1024px\" \/><\/figure>\n\n\n\n<figure class=\"wp-block-image size-large\"><img loading=\"lazy\" decoding=\"async\" width=\"1024\" height=\"683\" data-id=\"3810\" src=\"https:\/\/cmas.udd.cl\/wp-content\/uploads\/2024\/10\/DSC_5559-1024x683.jpg\" alt=\"\" class=\"wp-image-3810\" srcset=\"https:\/\/cmas.udd.cl\/wp-content\/uploads\/2024\/10\/DSC_5559-1024x683.jpg 1024w, https:\/\/cmas.udd.cl\/wp-content\/uploads\/2024\/10\/DSC_5559-300x200.jpg 300w, https:\/\/cmas.udd.cl\/wp-content\/uploads\/2024\/10\/DSC_5559-768x512.jpg 768w, https:\/\/cmas.udd.cl\/wp-content\/uploads\/2024\/10\/DSC_5559-1536x1024.jpg 1536w, https:\/\/cmas.udd.cl\/wp-content\/uploads\/2024\/10\/DSC_5559.jpg 1620w\" sizes=\"(max-width: 1024px) 100vw, 1024px\" \/><\/figure>\n\n\n\n<figure class=\"wp-block-image size-large\"><img loading=\"lazy\" decoding=\"async\" width=\"1024\" height=\"683\" data-id=\"3811\" src=\"https:\/\/cmas.udd.cl\/wp-content\/uploads\/2024\/10\/DSC_5478-1024x683.jpg\" alt=\"\" class=\"wp-image-3811\" srcset=\"https:\/\/cmas.udd.cl\/wp-content\/uploads\/2024\/10\/DSC_5478-1024x683.jpg 1024w, https:\/\/cmas.udd.cl\/wp-content\/uploads\/2024\/10\/DSC_5478-300x200.jpg 300w, https:\/\/cmas.udd.cl\/wp-content\/uploads\/2024\/10\/DSC_5478-768x512.jpg 768w, https:\/\/cmas.udd.cl\/wp-content\/uploads\/2024\/10\/DSC_5478-1536x1024.jpg 1536w, https:\/\/cmas.udd.cl\/wp-content\/uploads\/2024\/10\/DSC_5478.jpg 1620w\" sizes=\"(max-width: 1024px) 100vw, 1024px\" \/><\/figure>\n\n\n\n<figure class=\"wp-block-image size-large\"><img loading=\"lazy\" decoding=\"async\" width=\"1024\" height=\"683\" data-id=\"3812\" src=\"https:\/\/cmas.udd.cl\/wp-content\/uploads\/2024\/10\/DSC_5529-1024x683.jpg\" alt=\"\" class=\"wp-image-3812\" srcset=\"https:\/\/cmas.udd.cl\/wp-content\/uploads\/2024\/10\/DSC_5529-1024x683.jpg 1024w, https:\/\/cmas.udd.cl\/wp-content\/uploads\/2024\/10\/DSC_5529-300x200.jpg 300w, https:\/\/cmas.udd.cl\/wp-content\/uploads\/2024\/10\/DSC_5529-768x512.jpg 768w, https:\/\/cmas.udd.cl\/wp-content\/uploads\/2024\/10\/DSC_5529-1536x1024.jpg 1536w, https:\/\/cmas.udd.cl\/wp-content\/uploads\/2024\/10\/DSC_5529.jpg 1620w\" sizes=\"(max-width: 1024px) 100vw, 1024px\" \/><\/figure>\n\n\n\n<figure class=\"wp-block-image size-large\"><img loading=\"lazy\" decoding=\"async\" width=\"1024\" height=\"683\" data-id=\"3815\" src=\"https:\/\/cmas.udd.cl\/wp-content\/uploads\/2024\/10\/DSC_5608-1024x683.jpg\" alt=\"\" class=\"wp-image-3815\" srcset=\"https:\/\/cmas.udd.cl\/wp-content\/uploads\/2024\/10\/DSC_5608-1024x683.jpg 1024w, https:\/\/cmas.udd.cl\/wp-content\/uploads\/2024\/10\/DSC_5608-300x200.jpg 300w, https:\/\/cmas.udd.cl\/wp-content\/uploads\/2024\/10\/DSC_5608-768x512.jpg 768w, https:\/\/cmas.udd.cl\/wp-content\/uploads\/2024\/10\/DSC_5608-1536x1025.jpg 1536w, https:\/\/cmas.udd.cl\/wp-content\/uploads\/2024\/10\/DSC_5608.jpg 2048w\" sizes=\"(max-width: 1024px) 100vw, 1024px\" \/><\/figure>\n\n\n\n<figure class=\"wp-block-image size-large\"><img loading=\"lazy\" decoding=\"async\" width=\"1024\" height=\"683\" data-id=\"3814\" src=\"https:\/\/cmas.udd.cl\/wp-content\/uploads\/2024\/10\/DSC_5610-1-1024x683.jpg\" alt=\"\" class=\"wp-image-3814\" srcset=\"https:\/\/cmas.udd.cl\/wp-content\/uploads\/2024\/10\/DSC_5610-1-1024x683.jpg 1024w, https:\/\/cmas.udd.cl\/wp-content\/uploads\/2024\/10\/DSC_5610-1-300x200.jpg 300w, https:\/\/cmas.udd.cl\/wp-content\/uploads\/2024\/10\/DSC_5610-1-768x512.jpg 768w, https:\/\/cmas.udd.cl\/wp-content\/uploads\/2024\/10\/DSC_5610-1-1536x1024.jpg 1536w, https:\/\/cmas.udd.cl\/wp-content\/uploads\/2024\/10\/DSC_5610-1.jpg 2048w\" sizes=\"(max-width: 1024px) 100vw, 1024px\" \/><\/figure>\n<\/figure>","protected":false},"excerpt":{"rendered":"<p>Con el fin de reunir a expertos en biodigesti\u00f3n e intercambiar informaci\u00f3n relevante sobre el tema, el Centro de Investigaci\u00f3n en Tecnolog\u00edas para la Sociedad (C+) de la Facultad de Ingenier\u00eda UDD junto con la colaboraci\u00f3n de Mecha SPA y la Organizaci\u00f3n RedBiolac realizaron la 16\u00aa versi\u00f3n del encuentro de la RedBioLAC, asociaci\u00f3n latinoamericana dedicada [&hellip;]<\/p>\n","protected":false},"featured_media":3788,"template":"","meta":{"_acf_changed":false},"filtro-de-portada":[],"grupo-de-investigacion":[109],"tipo-de-contenido":[],"class_list":["post-5884","noticia","type-noticia","status-publish","has-post-thumbnail","hentry","grupo-de-investigacion-modular_diagnostics"],"acf":[],"yoast_head":"<!-- This site is optimized with the Yoast SEO plugin v27.3 - https:\/\/yoast.com\/product\/yoast-seo-wordpress\/ -->\n<title>Encuentro RedBiolac: Expertos nacionales e internacionales se re\u00fanen para conversar sobre biodigesti\u00f3n\u00a0 - C+<\/title>\n<meta name=\"robots\" content=\"index, follow, max-snippet:-1, max-image-preview:large, max-video-preview:-1\" \/>\n<link rel=\"canonical\" href=\"https:\/\/cmas.udd.cl\/en\/noticia\/encuentro-redbiolac-expertos-nacionales-e-internacionales-se-reunen-para-conversar-sobre-biodigestion-migrado\/\" \/>\n<meta property=\"og:locale\" content=\"en_US\" \/>\n<meta property=\"og:type\" content=\"article\" \/>\n<meta property=\"og:title\" content=\"Encuentro RedBiolac: Expertos nacionales e internacionales se re\u00fanen para conversar sobre biodigesti\u00f3n\u00a0 - C+\" \/>\n<meta property=\"og:description\" content=\"Con el fin de reunir a expertos en biodigesti\u00f3n e intercambiar informaci\u00f3n relevante sobre el tema, el Centro de Investigaci\u00f3n en Tecnolog\u00edas para la Sociedad (C+) de la Facultad de Ingenier\u00eda UDD junto con la colaboraci\u00f3n de Mecha SPA y la Organizaci\u00f3n RedBiolac realizaron la 16\u00aa versi\u00f3n del encuentro de la RedBioLAC, asociaci\u00f3n latinoamericana dedicada [&hellip;]\" \/>\n<meta property=\"og:url\" content=\"https:\/\/cmas.udd.cl\/en\/noticia\/encuentro-redbiolac-expertos-nacionales-e-internacionales-se-reunen-para-conversar-sobre-biodigestion-migrado\/\" \/>\n<meta property=\"og:site_name\" content=\"C+\" \/>\n<meta property=\"article:modified_time\" content=\"2025-07-02T00:08:35+00:00\" \/>\n<meta property=\"og:image\" content=\"https:\/\/cmas.udd.cl\/wp-content\/uploads\/2024\/10\/DSC_5680.jpg\" \/>\n\t<meta property=\"og:image:width\" content=\"1497\" \/>\n\t<meta property=\"og:image:height\" content=\"935\" \/>\n\t<meta property=\"og:image:type\" content=\"image\/jpeg\" \/>\n<meta name=\"twitter:card\" content=\"summary_large_image\" \/>\n<meta name=\"twitter:label1\" content=\"Est. reading time\" \/>\n\t<meta name=\"twitter:data1\" content=\"3 minutes\" \/>\n<script type=\"application\/ld+json\" class=\"yoast-schema-graph\">{\"@context\":\"https:\\\/\\\/schema.org\",\"@graph\":[{\"@type\":\"WebPage\",\"@id\":\"https:\\\/\\\/cmas.udd.cl\\\/noticia\\\/encuentro-redbiolac-expertos-nacionales-e-internacionales-se-reunen-para-conversar-sobre-biodigestion-migrado\\\/\",\"url\":\"https:\\\/\\\/cmas.udd.cl\\\/noticia\\\/encuentro-redbiolac-expertos-nacionales-e-internacionales-se-reunen-para-conversar-sobre-biodigestion-migrado\\\/\",\"name\":\"Encuentro RedBiolac: Expertos nacionales e internacionales se re\u00fanen para conversar sobre biodigesti\u00f3n\u00a0 - C+\",\"isPartOf\":{\"@id\":\"https:\\\/\\\/cmas.udd.cl\\\/#website\"},\"primaryImageOfPage\":{\"@id\":\"https:\\\/\\\/cmas.udd.cl\\\/noticia\\\/encuentro-redbiolac-expertos-nacionales-e-internacionales-se-reunen-para-conversar-sobre-biodigestion-migrado\\\/#primaryimage\"},\"image\":{\"@id\":\"https:\\\/\\\/cmas.udd.cl\\\/noticia\\\/encuentro-redbiolac-expertos-nacionales-e-internacionales-se-reunen-para-conversar-sobre-biodigestion-migrado\\\/#primaryimage\"},\"thumbnailUrl\":\"https:\\\/\\\/cmas.udd.cl\\\/wp-content\\\/uploads\\\/2024\\\/10\\\/DSC_5680.jpg\",\"datePublished\":\"2024-10-25T16:03:43+00:00\",\"dateModified\":\"2025-07-02T00:08:35+00:00\",\"breadcrumb\":{\"@id\":\"https:\\\/\\\/cmas.udd.cl\\\/noticia\\\/encuentro-redbiolac-expertos-nacionales-e-internacionales-se-reunen-para-conversar-sobre-biodigestion-migrado\\\/#breadcrumb\"},\"inLanguage\":\"en-US\",\"potentialAction\":[{\"@type\":\"ReadAction\",\"target\":[\"https:\\\/\\\/cmas.udd.cl\\\/noticia\\\/encuentro-redbiolac-expertos-nacionales-e-internacionales-se-reunen-para-conversar-sobre-biodigestion-migrado\\\/\"]}]},{\"@type\":\"ImageObject\",\"inLanguage\":\"en-US\",\"@id\":\"https:\\\/\\\/cmas.udd.cl\\\/noticia\\\/encuentro-redbiolac-expertos-nacionales-e-internacionales-se-reunen-para-conversar-sobre-biodigestion-migrado\\\/#primaryimage\",\"url\":\"https:\\\/\\\/cmas.udd.cl\\\/wp-content\\\/uploads\\\/2024\\\/10\\\/DSC_5680.jpg\",\"contentUrl\":\"https:\\\/\\\/cmas.udd.cl\\\/wp-content\\\/uploads\\\/2024\\\/10\\\/DSC_5680.jpg\",\"width\":1497,\"height\":935},{\"@type\":\"BreadcrumbList\",\"@id\":\"https:\\\/\\\/cmas.udd.cl\\\/noticia\\\/encuentro-redbiolac-expertos-nacionales-e-internacionales-se-reunen-para-conversar-sobre-biodigestion-migrado\\\/#breadcrumb\",\"itemListElement\":[{\"@type\":\"ListItem\",\"position\":1,\"name\":\"Home\",\"item\":\"https:\\\/\\\/cmas.udd.cl\\\/\"},{\"@type\":\"ListItem\",\"position\":2,\"name\":\"Noticias\",\"item\":\"https:\\\/\\\/cmas.udd.cl\\\/Noticias\\\/\"},{\"@type\":\"ListItem\",\"position\":3,\"name\":\"Encuentro RedBiolac: Expertos nacionales e internacionales se re\u00fanen para conversar sobre biodigesti\u00f3n\u00a0\"}]},{\"@type\":\"WebSite\",\"@id\":\"https:\\\/\\\/cmas.udd.cl\\\/#website\",\"url\":\"https:\\\/\\\/cmas.udd.cl\\\/\",\"name\":\"C+\",\"description\":\"Centro Investigaci\u00f3n enTecnolog\u00edas para la Sociedad\",\"publisher\":{\"@id\":\"https:\\\/\\\/cmas.udd.cl\\\/#organization\"},\"potentialAction\":[{\"@type\":\"SearchAction\",\"target\":{\"@type\":\"EntryPoint\",\"urlTemplate\":\"https:\\\/\\\/cmas.udd.cl\\\/?s={search_term_string}\"},\"query-input\":{\"@type\":\"PropertyValueSpecification\",\"valueRequired\":true,\"valueName\":\"search_term_string\"}}],\"inLanguage\":\"en-US\"},{\"@type\":\"Organization\",\"@id\":\"https:\\\/\\\/cmas.udd.cl\\\/#organization\",\"name\":\"C+\",\"url\":\"https:\\\/\\\/cmas.udd.cl\\\/\",\"logo\":{\"@type\":\"ImageObject\",\"inLanguage\":\"en-US\",\"@id\":\"https:\\\/\\\/cmas.udd.cl\\\/#\\\/schema\\\/logo\\\/image\\\/\",\"url\":\"https:\\\/\\\/cmas.udd.cl\\\/wp-content\\\/uploads\\\/2023\\\/05\\\/Logo-compuesto-UDD-Cmas.png\",\"contentUrl\":\"https:\\\/\\\/cmas.udd.cl\\\/wp-content\\\/uploads\\\/2023\\\/05\\\/Logo-compuesto-UDD-Cmas.png\",\"width\":695,\"height\":72,\"caption\":\"C+\"},\"image\":{\"@id\":\"https:\\\/\\\/cmas.udd.cl\\\/#\\\/schema\\\/logo\\\/image\\\/\"}}]}<\/script>\n<!-- \/ Yoast SEO plugin. -->","yoast_head_json":{"title":"Encuentro RedBiolac: Expertos nacionales e internacionales se re\u00fanen para conversar sobre biodigesti\u00f3n\u00a0 - C+","robots":{"index":"index","follow":"follow","max-snippet":"max-snippet:-1","max-image-preview":"max-image-preview:large","max-video-preview":"max-video-preview:-1"},"canonical":"https:\/\/cmas.udd.cl\/en\/noticia\/encuentro-redbiolac-expertos-nacionales-e-internacionales-se-reunen-para-conversar-sobre-biodigestion-migrado\/","og_locale":"en_US","og_type":"article","og_title":"Encuentro RedBiolac: Expertos nacionales e internacionales se re\u00fanen para conversar sobre biodigesti\u00f3n\u00a0 - C+","og_description":"Con el fin de reunir a expertos en biodigesti\u00f3n e intercambiar informaci\u00f3n relevante sobre el tema, el Centro de Investigaci\u00f3n en Tecnolog\u00edas para la Sociedad (C+) de la Facultad de Ingenier\u00eda UDD junto con la colaboraci\u00f3n de Mecha SPA y la Organizaci\u00f3n RedBiolac realizaron la 16\u00aa versi\u00f3n del encuentro de la RedBioLAC, asociaci\u00f3n latinoamericana dedicada [&hellip;]","og_url":"https:\/\/cmas.udd.cl\/en\/noticia\/encuentro-redbiolac-expertos-nacionales-e-internacionales-se-reunen-para-conversar-sobre-biodigestion-migrado\/","og_site_name":"C+","article_modified_time":"2025-07-02T00:08:35+00:00","og_image":[{"width":1497,"height":935,"url":"https:\/\/cmas.udd.cl\/wp-content\/uploads\/2024\/10\/DSC_5680.jpg","type":"image\/jpeg"}],"twitter_card":"summary_large_image","twitter_misc":{"Est. reading time":"3 minutes"},"schema":{"@context":"https:\/\/schema.org","@graph":[{"@type":"WebPage","@id":"https:\/\/cmas.udd.cl\/noticia\/encuentro-redbiolac-expertos-nacionales-e-internacionales-se-reunen-para-conversar-sobre-biodigestion-migrado\/","url":"https:\/\/cmas.udd.cl\/noticia\/encuentro-redbiolac-expertos-nacionales-e-internacionales-se-reunen-para-conversar-sobre-biodigestion-migrado\/","name":"Encuentro RedBiolac: Expertos nacionales e internacionales se re\u00fanen para conversar sobre biodigesti\u00f3n\u00a0 - C+","isPartOf":{"@id":"https:\/\/cmas.udd.cl\/#website"},"primaryImageOfPage":{"@id":"https:\/\/cmas.udd.cl\/noticia\/encuentro-redbiolac-expertos-nacionales-e-internacionales-se-reunen-para-conversar-sobre-biodigestion-migrado\/#primaryimage"},"image":{"@id":"https:\/\/cmas.udd.cl\/noticia\/encuentro-redbiolac-expertos-nacionales-e-internacionales-se-reunen-para-conversar-sobre-biodigestion-migrado\/#primaryimage"},"thumbnailUrl":"https:\/\/cmas.udd.cl\/wp-content\/uploads\/2024\/10\/DSC_5680.jpg","datePublished":"2024-10-25T16:03:43+00:00","dateModified":"2025-07-02T00:08:35+00:00","breadcrumb":{"@id":"https:\/\/cmas.udd.cl\/noticia\/encuentro-redbiolac-expertos-nacionales-e-internacionales-se-reunen-para-conversar-sobre-biodigestion-migrado\/#breadcrumb"},"inLanguage":"en-US","potentialAction":[{"@type":"ReadAction","target":["https:\/\/cmas.udd.cl\/noticia\/encuentro-redbiolac-expertos-nacionales-e-internacionales-se-reunen-para-conversar-sobre-biodigestion-migrado\/"]}]},{"@type":"ImageObject","inLanguage":"en-US","@id":"https:\/\/cmas.udd.cl\/noticia\/encuentro-redbiolac-expertos-nacionales-e-internacionales-se-reunen-para-conversar-sobre-biodigestion-migrado\/#primaryimage","url":"https:\/\/cmas.udd.cl\/wp-content\/uploads\/2024\/10\/DSC_5680.jpg","contentUrl":"https:\/\/cmas.udd.cl\/wp-content\/uploads\/2024\/10\/DSC_5680.jpg","width":1497,"height":935},{"@type":"BreadcrumbList","@id":"https:\/\/cmas.udd.cl\/noticia\/encuentro-redbiolac-expertos-nacionales-e-internacionales-se-reunen-para-conversar-sobre-biodigestion-migrado\/#breadcrumb","itemListElement":[{"@type":"ListItem","position":1,"name":"Home","item":"https:\/\/cmas.udd.cl\/"},{"@type":"ListItem","position":2,"name":"Noticias","item":"https:\/\/cmas.udd.cl\/Noticias\/"},{"@type":"ListItem","position":3,"name":"Encuentro RedBiolac: Expertos nacionales e internacionales se re\u00fanen para conversar sobre biodigesti\u00f3n\u00a0"}]},{"@type":"WebSite","@id":"https:\/\/cmas.udd.cl\/#website","url":"https:\/\/cmas.udd.cl\/","name":"C+","description":"Centro Investigaci\u00f3n enTecnolog\u00edas para la Sociedad","publisher":{"@id":"https:\/\/cmas.udd.cl\/#organization"},"potentialAction":[{"@type":"SearchAction","target":{"@type":"EntryPoint","urlTemplate":"https:\/\/cmas.udd.cl\/?s={search_term_string}"},"query-input":{"@type":"PropertyValueSpecification","valueRequired":true,"valueName":"search_term_string"}}],"inLanguage":"en-US"},{"@type":"Organization","@id":"https:\/\/cmas.udd.cl\/#organization","name":"C+","url":"https:\/\/cmas.udd.cl\/","logo":{"@type":"ImageObject","inLanguage":"en-US","@id":"https:\/\/cmas.udd.cl\/#\/schema\/logo\/image\/","url":"https:\/\/cmas.udd.cl\/wp-content\/uploads\/2023\/05\/Logo-compuesto-UDD-Cmas.png","contentUrl":"https:\/\/cmas.udd.cl\/wp-content\/uploads\/2023\/05\/Logo-compuesto-UDD-Cmas.png","width":695,"height":72,"caption":"C+"},"image":{"@id":"https:\/\/cmas.udd.cl\/#\/schema\/logo\/image\/"}}]}},"_links":{"self":[{"href":"https:\/\/cmas.udd.cl\/en\/wp-json\/wp\/v2\/noticia\/5884","targetHints":{"allow":["GET"]}}],"collection":[{"href":"https:\/\/cmas.udd.cl\/en\/wp-json\/wp\/v2\/noticia"}],"about":[{"href":"https:\/\/cmas.udd.cl\/en\/wp-json\/wp\/v2\/types\/noticia"}],"version-history":[{"count":0,"href":"https:\/\/cmas.udd.cl\/en\/wp-json\/wp\/v2\/noticia\/5884\/revisions"}],"wp:featuredmedia":[{"embeddable":true,"href":"https:\/\/cmas.udd.cl\/en\/wp-json\/wp\/v2\/media\/3788"}],"wp:attachment":[{"href":"https:\/\/cmas.udd.cl\/en\/wp-json\/wp\/v2\/media?parent=5884"}],"wp:term":[{"taxonomy":"filtro-de-portada","embeddable":true,"href":"https:\/\/cmas.udd.cl\/en\/wp-json\/wp\/v2\/filtro-de-portada?post=5884"},{"taxonomy":"grupo-de-investigacion","embeddable":true,"href":"https:\/\/cmas.udd.cl\/en\/wp-json\/wp\/v2\/grupo-de-investigacion?post=5884"},{"taxonomy":"tipo-de-contenido","embeddable":true,"href":"https:\/\/cmas.udd.cl\/en\/wp-json\/wp\/v2\/tipo-de-contenido?post=5884"}],"curies":[{"name":"wp","href":"https:\/\/api.w.org\/{rel}","templated":true}]}}