{"id":5882,"date":"2024-10-03T12:55:58","date_gmt":"2024-10-03T12:55:58","guid":{"rendered":"https:\/\/cmas.udd.cl\/?post_type=noticia&#038;p=3729"},"modified":"2025-07-02T00:08:35","modified_gmt":"2025-07-02T00:08:35","slug":"viii-conferencia-foro-del-litio-abordo-los-desafios-en-sustentabilidad-y-la-relacion-con-las-comunidades-indigenas-migrado","status":"publish","type":"noticia","link":"https:\/\/cmas.udd.cl\/en\/noticia\/viii-conferencia-foro-del-litio-abordo-los-desafios-en-sustentabilidad-y-la-relacion-con-las-comunidades-indigenas-migrado\/","title":{"rendered":"VIII Conferencia Foro del Litio abord\u00f3 los desaf\u00edos en sustentabilidad y la relaci\u00f3n con las comunidades ind\u00edgenas\u00a0"},"content":{"rendered":"<figure class=\"wp-block-embed is-type-video is-provider-youtube wp-block-embed-youtube wp-embed-aspect-16-9 wp-has-aspect-ratio\"><div class=\"wp-block-embed__wrapper\">\n<iframe title=\"Foro del Litio abord\u00f3 los desaf\u00edos en sustentabilidad y la relaci\u00f3n con las comunidades ind\u00edgenas\" width=\"800\" height=\"450\" src=\"https:\/\/www.youtube.com\/embed\/nkE-p28lfWk?feature=oembed\" frameborder=\"0\" allow=\"accelerometer; autoplay; clipboard-write; encrypted-media; gyroscope; picture-in-picture; web-share\" referrerpolicy=\"strict-origin-when-cross-origin\" allowfullscreen><\/iframe>\n<\/div><\/figure>\n\n\n\n<p>Con el fin de analizar el papel que juega el Litio en la econom\u00eda chilena y las estrategias de exportaci\u00f3n de este mineral,&nbsp;se llev\u00f3 a cabo la VIII Conferencia Foro del Litio \u201cPasos clave para intensificar la explotaci\u00f3n de Litio en Chile\u201d, organizado por el Centro de Investigaci\u00f3n en Tecnolog\u00edas para la Sociedad (C+) de Ingenier\u00eda UDD y B2B Media Group con Miner\u00eda Chilena.&nbsp;&nbsp;<\/p>\n\n\n\n<p>El evento, que cont\u00f3 con la participaci\u00f3n de acad\u00e9micos y expertos de la industria, se dividi\u00f3 en cinco m\u00f3dulos y charlas para abordar distintos enfoques, integrados por expertos y paneles de conversaci\u00f3n. Las tem\u00e1ticas que se abordaron fueron Gobernanza; Hidrogeolog\u00eda y Reinyecci\u00f3n; Comercializaci\u00f3n para la nueva era del litio; Desarrollo tecnol\u00f3gico para la nueva era del litio; y Proyectos del litio.&nbsp;<\/p>\n\n\n\n<p>Julietta Zamora, docente de Geolog\u00eda UDD e investigadora del Centro de Investigaci\u00f3n C+ de Ingenier\u00eda UDD, se refiri\u00f3 a la importancia de este tipo de eventos para la universidad se\u00f1alando que \u201cnos seguimos posicionando con que la Ingenier\u00eda y Geolog\u00eda no es solo para cobre, fierro y oro, sin que tambi\u00e9n para educar desde la academia sobre litio, lo que es una gran oportunidad\u201d.&nbsp;&nbsp;<\/p>\n\n\n\n<p>Por su parte, Cristi\u00e1n Sol\u00eds, gerente general de B2B Media Group, sostuvo que \u201cla tem\u00e1tica en la que concentramos el programa fue interesante para apoyar el desarrollo de los proyectos que se est\u00e1n desarrollando en el acta nacional por eso hay un aspecto tecnol\u00f3gico, comunitario, hidrolog\u00eda, entre otros\u201d.&nbsp;&nbsp;<\/p>\n\n\n\n<p><strong>M\u00f3dulos y conversatorios a lo largo del seminario:<\/strong>&nbsp;&nbsp;<\/p>\n\n\n\n<p>Dentro de los temas que se tocaron, se habl\u00f3 sobre la gobernanza y relaci\u00f3n con las comunidades ind\u00edgenas del norte de Chile, en donde Claudio Bustamante, jefe de Divisi\u00f3n Desarrollo Sostenible en el Ministerio de Miner\u00eda, se\u00f1al\u00f3 que \u201cnosotros estamos llevando a cabo consultas ind\u00edgenas, las que son sumamente importantes porque nos permiten iniciar un di\u00e1logo temprano con las comunidades en los distintos territorios,(&#8230;) Nuestro inter\u00e9s es construir gobernanza en los territorios para que las distintas comunidades puedan estar debidamente representadas\u201d.&nbsp;&nbsp;<\/p>\n\n\n\n<p>Por su parte, Jer\u00f3nimo Verdugo, superintendente Desarrollo Litio en Empresa Nacional de Miner\u00eda (Enami), se\u00f1al\u00f3 que \u201cesperamos que se vaya avanzando en los proyectos, en el desarrollo tecnol\u00f3gico, que haya un acuerdo nacional en que esto es algo importante, que se entregue la visi\u00f3n del pueblo Atacame\u00f1o por ejemplo, que habitan en el entorno de los saleros, porque para que esto sea viable tiene que ser amigable con el medioambiente, socialmente aceptado y, adem\u00e1s, t\u00e9cnica y econ\u00f3micamente atractivo\u201d, en relaci\u00f3n a las posibles conclusiones que se formaron a ra\u00edz del evento.&nbsp;&nbsp;<\/p>\n\n\n\n<p><strong>Participaci\u00f3n del sector p\u00fablico y privado:&nbsp;<\/strong>&nbsp;<\/p>\n\n\n\n<p>A lo largo del encuentro, diversos actores, tanto del sector privado como p\u00fablico, formaron parte de la discusi\u00f3n sobre el mercado, normativas y desarrollo del litio en el norte de nuestro pa\u00eds.&nbsp;&nbsp;<\/p>\n\n\n\n<p>En relaci\u00f3n con lo anterior, Francisco Donoso, analista de la Direcci\u00f3n de Estudios y Pol\u00edticas P\u00fablicas en Comisi\u00f3n Chilena del Cobre (Cochilco) sostuvo que \u201ces relevante poder conocer c\u00f3mo est\u00e1 funcionando el mercado, ya que, por ejemplo, durante el 2022 hubo un alza de precios muy pronunciado, pero ahora los precios han ca\u00eddo fuertemente. Entonces, es necesario saber c\u00f3mo van evolucionando los precios, la venta de autom\u00f3viles el\u00e9ctricos a nivel mundial y la importancia de China en este mercado\u201d.&nbsp;&nbsp;<\/p>\n\n\n\n<p>Por su parte, Javier Silva, gerente de Sostenibilidad y Relacionamiento Comunitario Salar SQM, sostuvo que \u201ccada uno tiene una acci\u00f3n y tiene que complementarse para poder desarrollar esta industria, desarrollar proyectos, que sea lo m\u00e1s arm\u00f3nico posible y aprovechar la oportunidad que tenemos como pa\u00eds (&#8230;) El principal lineamiento es que hay que escuchar a todos los actores, tener un di\u00e1logo con las comunidades ind\u00edgenas, por ejemplo, ya que no se puede avanzar en un proyecto si es que no est\u00e1 la licencia social para operar\u201d.&nbsp;<\/p>\n\n\n\n<p>Por \u00faltimo, cabe destacar que la actividad cont\u00f3 con diferentes charlas y ponencias que se expusieron, la que comenz\u00f3 con la tem\u00e1tica \u201cPor el derecho de los pueblos a saber y decidir\u201d, presentada por Alexis Romero, presidente en Asociaci\u00f3n Ind\u00edgena Cosnejo Pueblos Atacame\u00f1os y Comunidad Solor y las ponencias el \u201cMercado del Litio\u201d, dictada por Francisco Donoso, analista de la Direcci\u00f3n de Estudios y Pol\u00edticas P\u00fablicas en la Comisi\u00f3n Chilena del Cobre (Cochilco); \u201cComparaci\u00f3n Argentina y Chile\u201d, a cargo de Juan Esteban Fuentes, director asociado en Benchmark Minerals Intelligence, y \u201cUna introducci\u00f3n a la Asociaci\u00f3n Internacional del Litio\u201d, presentada por Jorge Mora, gerente de Operaciones y representante para Sudam\u00e9rica en International Lithium Association.&nbsp;&nbsp;<\/p>\n\n\n\n<figure class=\"wp-block-gallery has-nested-images columns-default is-cropped wp-block-gallery-1 is-layout-flex wp-block-gallery-is-layout-flex\">\n<figure class=\"wp-block-image size-large\"><img fetchpriority=\"high\" decoding=\"async\" width=\"1024\" height=\"683\" data-id=\"3730\" src=\"https:\/\/cmas.udd.cl\/wp-content\/uploads\/2024\/10\/1000027616-1024x683.jpg\" alt=\"\" class=\"wp-image-3730\" srcset=\"https:\/\/cmas.udd.cl\/wp-content\/uploads\/2024\/10\/1000027616-1024x683.jpg 1024w, https:\/\/cmas.udd.cl\/wp-content\/uploads\/2024\/10\/1000027616-300x200.jpg 300w, https:\/\/cmas.udd.cl\/wp-content\/uploads\/2024\/10\/1000027616-768x512.jpg 768w, https:\/\/cmas.udd.cl\/wp-content\/uploads\/2024\/10\/1000027616-1536x1024.jpg 1536w, https:\/\/cmas.udd.cl\/wp-content\/uploads\/2024\/10\/1000027616.jpg 1620w\" sizes=\"(max-width: 1024px) 100vw, 1024px\" \/><\/figure>\n\n\n\n<figure class=\"wp-block-image size-large\"><img decoding=\"async\" width=\"1024\" height=\"683\" data-id=\"3736\" src=\"https:\/\/cmas.udd.cl\/wp-content\/uploads\/2024\/10\/1000027637-1024x683.jpg\" alt=\"\" class=\"wp-image-3736\" srcset=\"https:\/\/cmas.udd.cl\/wp-content\/uploads\/2024\/10\/1000027637-1024x683.jpg 1024w, https:\/\/cmas.udd.cl\/wp-content\/uploads\/2024\/10\/1000027637-300x200.jpg 300w, https:\/\/cmas.udd.cl\/wp-content\/uploads\/2024\/10\/1000027637-768x512.jpg 768w, https:\/\/cmas.udd.cl\/wp-content\/uploads\/2024\/10\/1000027637-1536x1024.jpg 1536w, https:\/\/cmas.udd.cl\/wp-content\/uploads\/2024\/10\/1000027637.jpg 1620w\" sizes=\"(max-width: 1024px) 100vw, 1024px\" \/><\/figure>\n\n\n\n<figure class=\"wp-block-image size-large\"><img decoding=\"async\" width=\"1024\" height=\"683\" data-id=\"3731\" src=\"https:\/\/cmas.udd.cl\/wp-content\/uploads\/2024\/10\/1000027614-1024x683.jpg\" alt=\"\" class=\"wp-image-3731\" srcset=\"https:\/\/cmas.udd.cl\/wp-content\/uploads\/2024\/10\/1000027614-1024x683.jpg 1024w, https:\/\/cmas.udd.cl\/wp-content\/uploads\/2024\/10\/1000027614-300x200.jpg 300w, https:\/\/cmas.udd.cl\/wp-content\/uploads\/2024\/10\/1000027614-768x512.jpg 768w, https:\/\/cmas.udd.cl\/wp-content\/uploads\/2024\/10\/1000027614-1536x1024.jpg 1536w, https:\/\/cmas.udd.cl\/wp-content\/uploads\/2024\/10\/1000027614.jpg 1620w\" sizes=\"(max-width: 1024px) 100vw, 1024px\" \/><\/figure>\n\n\n\n<figure class=\"wp-block-image size-large\"><img loading=\"lazy\" decoding=\"async\" width=\"1024\" height=\"683\" data-id=\"3735\" src=\"https:\/\/cmas.udd.cl\/wp-content\/uploads\/2024\/10\/1000027649-1024x683.jpg\" alt=\"\" class=\"wp-image-3735\" srcset=\"https:\/\/cmas.udd.cl\/wp-content\/uploads\/2024\/10\/1000027649-1024x683.jpg 1024w, https:\/\/cmas.udd.cl\/wp-content\/uploads\/2024\/10\/1000027649-300x200.jpg 300w, https:\/\/cmas.udd.cl\/wp-content\/uploads\/2024\/10\/1000027649-768x512.jpg 768w, https:\/\/cmas.udd.cl\/wp-content\/uploads\/2024\/10\/1000027649-1536x1024.jpg 1536w, https:\/\/cmas.udd.cl\/wp-content\/uploads\/2024\/10\/1000027649.jpg 1620w\" sizes=\"(max-width: 1024px) 100vw, 1024px\" \/><\/figure>\n\n\n\n<figure class=\"wp-block-image size-large\"><img loading=\"lazy\" decoding=\"async\" width=\"1024\" height=\"683\" data-id=\"3737\" src=\"https:\/\/cmas.udd.cl\/wp-content\/uploads\/2024\/10\/1000027629-1024x683.jpg\" alt=\"\" class=\"wp-image-3737\" srcset=\"https:\/\/cmas.udd.cl\/wp-content\/uploads\/2024\/10\/1000027629-1024x683.jpg 1024w, https:\/\/cmas.udd.cl\/wp-content\/uploads\/2024\/10\/1000027629-300x200.jpg 300w, https:\/\/cmas.udd.cl\/wp-content\/uploads\/2024\/10\/1000027629-768x512.jpg 768w, https:\/\/cmas.udd.cl\/wp-content\/uploads\/2024\/10\/1000027629-1536x1024.jpg 1536w, https:\/\/cmas.udd.cl\/wp-content\/uploads\/2024\/10\/1000027629.jpg 1620w\" sizes=\"(max-width: 1024px) 100vw, 1024px\" \/><\/figure>\n\n\n\n<figure class=\"wp-block-image size-large\"><img loading=\"lazy\" decoding=\"async\" width=\"1024\" height=\"683\" data-id=\"3732\" src=\"https:\/\/cmas.udd.cl\/wp-content\/uploads\/2024\/10\/1000027646-1024x683.jpg\" alt=\"\" class=\"wp-image-3732\" srcset=\"https:\/\/cmas.udd.cl\/wp-content\/uploads\/2024\/10\/1000027646-1024x683.jpg 1024w, https:\/\/cmas.udd.cl\/wp-content\/uploads\/2024\/10\/1000027646-300x200.jpg 300w, https:\/\/cmas.udd.cl\/wp-content\/uploads\/2024\/10\/1000027646-768x512.jpg 768w, https:\/\/cmas.udd.cl\/wp-content\/uploads\/2024\/10\/1000027646-1536x1024.jpg 1536w, https:\/\/cmas.udd.cl\/wp-content\/uploads\/2024\/10\/1000027646.jpg 1620w\" sizes=\"(max-width: 1024px) 100vw, 1024px\" \/><\/figure>\n\n\n\n<figure class=\"wp-block-image size-large\"><img loading=\"lazy\" decoding=\"async\" width=\"1024\" height=\"576\" data-id=\"3740\" src=\"https:\/\/cmas.udd.cl\/wp-content\/uploads\/2024\/10\/WhatsApp-Image-2024-10-03-at-09.55.10-1-1024x576.jpeg\" alt=\"\" class=\"wp-image-3740\" srcset=\"https:\/\/cmas.udd.cl\/wp-content\/uploads\/2024\/10\/WhatsApp-Image-2024-10-03-at-09.55.10-1-1024x576.jpeg 1024w, https:\/\/cmas.udd.cl\/wp-content\/uploads\/2024\/10\/WhatsApp-Image-2024-10-03-at-09.55.10-1-300x169.jpeg 300w, https:\/\/cmas.udd.cl\/wp-content\/uploads\/2024\/10\/WhatsApp-Image-2024-10-03-at-09.55.10-1-768x432.jpeg 768w, https:\/\/cmas.udd.cl\/wp-content\/uploads\/2024\/10\/WhatsApp-Image-2024-10-03-at-09.55.10-1-1536x864.jpeg 1536w, https:\/\/cmas.udd.cl\/wp-content\/uploads\/2024\/10\/WhatsApp-Image-2024-10-03-at-09.55.10-1.jpeg 1600w\" sizes=\"(max-width: 1024px) 100vw, 1024px\" \/><\/figure>\n\n\n\n<figure class=\"wp-block-image size-large\"><img loading=\"lazy\" decoding=\"async\" width=\"1024\" height=\"683\" data-id=\"3733\" src=\"https:\/\/cmas.udd.cl\/wp-content\/uploads\/2024\/10\/1000027631-1024x683.jpg\" alt=\"\" class=\"wp-image-3733\" srcset=\"https:\/\/cmas.udd.cl\/wp-content\/uploads\/2024\/10\/1000027631-1024x683.jpg 1024w, https:\/\/cmas.udd.cl\/wp-content\/uploads\/2024\/10\/1000027631-300x200.jpg 300w, https:\/\/cmas.udd.cl\/wp-content\/uploads\/2024\/10\/1000027631-768x512.jpg 768w, https:\/\/cmas.udd.cl\/wp-content\/uploads\/2024\/10\/1000027631-1536x1024.jpg 1536w, https:\/\/cmas.udd.cl\/wp-content\/uploads\/2024\/10\/1000027631.jpg 1620w\" sizes=\"(max-width: 1024px) 100vw, 1024px\" \/><\/figure>\n\n\n\n<figure class=\"wp-block-image size-large\"><img loading=\"lazy\" decoding=\"async\" width=\"1024\" height=\"683\" data-id=\"3734\" src=\"https:\/\/cmas.udd.cl\/wp-content\/uploads\/2024\/10\/1000027650-1024x683.jpg\" alt=\"\" class=\"wp-image-3734\" srcset=\"https:\/\/cmas.udd.cl\/wp-content\/uploads\/2024\/10\/1000027650-1024x683.jpg 1024w, https:\/\/cmas.udd.cl\/wp-content\/uploads\/2024\/10\/1000027650-300x200.jpg 300w, https:\/\/cmas.udd.cl\/wp-content\/uploads\/2024\/10\/1000027650-768x512.jpg 768w, https:\/\/cmas.udd.cl\/wp-content\/uploads\/2024\/10\/1000027650-1536x1024.jpg 1536w, https:\/\/cmas.udd.cl\/wp-content\/uploads\/2024\/10\/1000027650.jpg 1620w\" sizes=\"(max-width: 1024px) 100vw, 1024px\" \/><\/figure>\n\n\n\n<figure class=\"wp-block-image size-large\"><img loading=\"lazy\" decoding=\"async\" width=\"1024\" height=\"683\" data-id=\"3738\" src=\"https:\/\/cmas.udd.cl\/wp-content\/uploads\/2024\/10\/1000027630-1024x683.jpg\" alt=\"\" class=\"wp-image-3738\" srcset=\"https:\/\/cmas.udd.cl\/wp-content\/uploads\/2024\/10\/1000027630-1024x683.jpg 1024w, https:\/\/cmas.udd.cl\/wp-content\/uploads\/2024\/10\/1000027630-300x200.jpg 300w, https:\/\/cmas.udd.cl\/wp-content\/uploads\/2024\/10\/1000027630-768x512.jpg 768w, https:\/\/cmas.udd.cl\/wp-content\/uploads\/2024\/10\/1000027630-1536x1024.jpg 1536w, https:\/\/cmas.udd.cl\/wp-content\/uploads\/2024\/10\/1000027630.jpg 1620w\" sizes=\"(max-width: 1024px) 100vw, 1024px\" \/><\/figure>\n<\/figure>","protected":false},"excerpt":{"rendered":"<p>Con el fin de analizar el papel que juega el Litio en la econom\u00eda chilena y las estrategias de exportaci\u00f3n de este mineral,&nbsp;se llev\u00f3 a cabo la VIII Conferencia Foro del Litio \u201cPasos clave para intensificar la explotaci\u00f3n de Litio en Chile\u201d, organizado por el Centro de Investigaci\u00f3n en Tecnolog\u00edas para la Sociedad (C+) de [&hellip;]<\/p>\n","protected":false},"featured_media":3739,"template":"","meta":{"_acf_changed":false},"filtro-de-portada":[],"grupo-de-investigacion":[107],"tipo-de-contenido":[],"class_list":["post-5882","noticia","type-noticia","status-publish","has-post-thumbnail","hentry","grupo-de-investigacion-future_elements"],"acf":[],"yoast_head":"<!-- This site is optimized with the Yoast SEO plugin v27.3 - https:\/\/yoast.com\/product\/yoast-seo-wordpress\/ -->\n<title>VIII Conferencia Foro del Litio abord\u00f3 los desaf\u00edos en sustentabilidad y la relaci\u00f3n con las comunidades ind\u00edgenas\u00a0 - C+<\/title>\n<meta name=\"robots\" content=\"index, follow, max-snippet:-1, max-image-preview:large, max-video-preview:-1\" \/>\n<link rel=\"canonical\" href=\"https:\/\/cmas.udd.cl\/en\/noticia\/viii-conferencia-foro-del-litio-abordo-los-desafios-en-sustentabilidad-y-la-relacion-con-las-comunidades-indigenas-migrado\/\" \/>\n<meta property=\"og:locale\" content=\"en_US\" \/>\n<meta property=\"og:type\" content=\"article\" \/>\n<meta property=\"og:title\" content=\"VIII Conferencia Foro del Litio abord\u00f3 los desaf\u00edos en sustentabilidad y la relaci\u00f3n con las comunidades ind\u00edgenas\u00a0 - C+\" \/>\n<meta property=\"og:description\" content=\"Con el fin de analizar el papel que juega el Litio en la econom\u00eda chilena y las estrategias de exportaci\u00f3n de este mineral,&nbsp;se llev\u00f3 a cabo la VIII Conferencia Foro del Litio \u201cPasos clave para intensificar la explotaci\u00f3n de Litio en Chile\u201d, organizado por el Centro de Investigaci\u00f3n en Tecnolog\u00edas para la Sociedad (C+) de [&hellip;]\" \/>\n<meta property=\"og:url\" content=\"https:\/\/cmas.udd.cl\/en\/noticia\/viii-conferencia-foro-del-litio-abordo-los-desafios-en-sustentabilidad-y-la-relacion-con-las-comunidades-indigenas-migrado\/\" \/>\n<meta property=\"og:site_name\" content=\"C+\" \/>\n<meta property=\"article:modified_time\" content=\"2025-07-02T00:08:35+00:00\" \/>\n<meta property=\"og:image\" content=\"https:\/\/cmas.udd.cl\/wp-content\/uploads\/2024\/10\/WhatsApp-Image-2024-10-03-at-09.55.10.jpeg\" \/>\n\t<meta property=\"og:image:width\" content=\"1600\" \/>\n\t<meta property=\"og:image:height\" content=\"900\" \/>\n\t<meta property=\"og:image:type\" content=\"image\/jpeg\" \/>\n<meta name=\"twitter:card\" content=\"summary_large_image\" \/>\n<meta name=\"twitter:label1\" content=\"Est. reading time\" \/>\n\t<meta name=\"twitter:data1\" content=\"4 minutes\" \/>\n<script type=\"application\/ld+json\" class=\"yoast-schema-graph\">{\"@context\":\"https:\\\/\\\/schema.org\",\"@graph\":[{\"@type\":\"WebPage\",\"@id\":\"https:\\\/\\\/cmas.udd.cl\\\/noticia\\\/viii-conferencia-foro-del-litio-abordo-los-desafios-en-sustentabilidad-y-la-relacion-con-las-comunidades-indigenas-migrado\\\/\",\"url\":\"https:\\\/\\\/cmas.udd.cl\\\/noticia\\\/viii-conferencia-foro-del-litio-abordo-los-desafios-en-sustentabilidad-y-la-relacion-con-las-comunidades-indigenas-migrado\\\/\",\"name\":\"VIII Conferencia Foro del Litio abord\u00f3 los desaf\u00edos en sustentabilidad y la relaci\u00f3n con las comunidades ind\u00edgenas\u00a0 - C+\",\"isPartOf\":{\"@id\":\"https:\\\/\\\/cmas.udd.cl\\\/#website\"},\"primaryImageOfPage\":{\"@id\":\"https:\\\/\\\/cmas.udd.cl\\\/noticia\\\/viii-conferencia-foro-del-litio-abordo-los-desafios-en-sustentabilidad-y-la-relacion-con-las-comunidades-indigenas-migrado\\\/#primaryimage\"},\"image\":{\"@id\":\"https:\\\/\\\/cmas.udd.cl\\\/noticia\\\/viii-conferencia-foro-del-litio-abordo-los-desafios-en-sustentabilidad-y-la-relacion-con-las-comunidades-indigenas-migrado\\\/#primaryimage\"},\"thumbnailUrl\":\"https:\\\/\\\/cmas.udd.cl\\\/wp-content\\\/uploads\\\/2024\\\/10\\\/WhatsApp-Image-2024-10-03-at-09.55.10.jpeg\",\"datePublished\":\"2024-10-03T12:55:58+00:00\",\"dateModified\":\"2025-07-02T00:08:35+00:00\",\"breadcrumb\":{\"@id\":\"https:\\\/\\\/cmas.udd.cl\\\/noticia\\\/viii-conferencia-foro-del-litio-abordo-los-desafios-en-sustentabilidad-y-la-relacion-con-las-comunidades-indigenas-migrado\\\/#breadcrumb\"},\"inLanguage\":\"en-US\",\"potentialAction\":[{\"@type\":\"ReadAction\",\"target\":[\"https:\\\/\\\/cmas.udd.cl\\\/noticia\\\/viii-conferencia-foro-del-litio-abordo-los-desafios-en-sustentabilidad-y-la-relacion-con-las-comunidades-indigenas-migrado\\\/\"]}]},{\"@type\":\"ImageObject\",\"inLanguage\":\"en-US\",\"@id\":\"https:\\\/\\\/cmas.udd.cl\\\/noticia\\\/viii-conferencia-foro-del-litio-abordo-los-desafios-en-sustentabilidad-y-la-relacion-con-las-comunidades-indigenas-migrado\\\/#primaryimage\",\"url\":\"https:\\\/\\\/cmas.udd.cl\\\/wp-content\\\/uploads\\\/2024\\\/10\\\/WhatsApp-Image-2024-10-03-at-09.55.10.jpeg\",\"contentUrl\":\"https:\\\/\\\/cmas.udd.cl\\\/wp-content\\\/uploads\\\/2024\\\/10\\\/WhatsApp-Image-2024-10-03-at-09.55.10.jpeg\",\"width\":1600,\"height\":900},{\"@type\":\"BreadcrumbList\",\"@id\":\"https:\\\/\\\/cmas.udd.cl\\\/noticia\\\/viii-conferencia-foro-del-litio-abordo-los-desafios-en-sustentabilidad-y-la-relacion-con-las-comunidades-indigenas-migrado\\\/#breadcrumb\",\"itemListElement\":[{\"@type\":\"ListItem\",\"position\":1,\"name\":\"Home\",\"item\":\"https:\\\/\\\/cmas.udd.cl\\\/\"},{\"@type\":\"ListItem\",\"position\":2,\"name\":\"Noticias\",\"item\":\"https:\\\/\\\/cmas.udd.cl\\\/Noticias\\\/\"},{\"@type\":\"ListItem\",\"position\":3,\"name\":\"VIII Conferencia Foro del Litio abord\u00f3 los desaf\u00edos en sustentabilidad y la relaci\u00f3n con las comunidades ind\u00edgenas\u00a0\"}]},{\"@type\":\"WebSite\",\"@id\":\"https:\\\/\\\/cmas.udd.cl\\\/#website\",\"url\":\"https:\\\/\\\/cmas.udd.cl\\\/\",\"name\":\"C+\",\"description\":\"Centro Investigaci\u00f3n enTecnolog\u00edas para la Sociedad\",\"publisher\":{\"@id\":\"https:\\\/\\\/cmas.udd.cl\\\/#organization\"},\"potentialAction\":[{\"@type\":\"SearchAction\",\"target\":{\"@type\":\"EntryPoint\",\"urlTemplate\":\"https:\\\/\\\/cmas.udd.cl\\\/?s={search_term_string}\"},\"query-input\":{\"@type\":\"PropertyValueSpecification\",\"valueRequired\":true,\"valueName\":\"search_term_string\"}}],\"inLanguage\":\"en-US\"},{\"@type\":\"Organization\",\"@id\":\"https:\\\/\\\/cmas.udd.cl\\\/#organization\",\"name\":\"C+\",\"url\":\"https:\\\/\\\/cmas.udd.cl\\\/\",\"logo\":{\"@type\":\"ImageObject\",\"inLanguage\":\"en-US\",\"@id\":\"https:\\\/\\\/cmas.udd.cl\\\/#\\\/schema\\\/logo\\\/image\\\/\",\"url\":\"https:\\\/\\\/cmas.udd.cl\\\/wp-content\\\/uploads\\\/2023\\\/05\\\/Logo-compuesto-UDD-Cmas.png\",\"contentUrl\":\"https:\\\/\\\/cmas.udd.cl\\\/wp-content\\\/uploads\\\/2023\\\/05\\\/Logo-compuesto-UDD-Cmas.png\",\"width\":695,\"height\":72,\"caption\":\"C+\"},\"image\":{\"@id\":\"https:\\\/\\\/cmas.udd.cl\\\/#\\\/schema\\\/logo\\\/image\\\/\"}}]}<\/script>\n<!-- \/ Yoast SEO plugin. -->","yoast_head_json":{"title":"VIII Conferencia Foro del Litio abord\u00f3 los desaf\u00edos en sustentabilidad y la relaci\u00f3n con las comunidades ind\u00edgenas\u00a0 - C+","robots":{"index":"index","follow":"follow","max-snippet":"max-snippet:-1","max-image-preview":"max-image-preview:large","max-video-preview":"max-video-preview:-1"},"canonical":"https:\/\/cmas.udd.cl\/en\/noticia\/viii-conferencia-foro-del-litio-abordo-los-desafios-en-sustentabilidad-y-la-relacion-con-las-comunidades-indigenas-migrado\/","og_locale":"en_US","og_type":"article","og_title":"VIII Conferencia Foro del Litio abord\u00f3 los desaf\u00edos en sustentabilidad y la relaci\u00f3n con las comunidades ind\u00edgenas\u00a0 - C+","og_description":"Con el fin de analizar el papel que juega el Litio en la econom\u00eda chilena y las estrategias de exportaci\u00f3n de este mineral,&nbsp;se llev\u00f3 a cabo la VIII Conferencia Foro del Litio \u201cPasos clave para intensificar la explotaci\u00f3n de Litio en Chile\u201d, organizado por el Centro de Investigaci\u00f3n en Tecnolog\u00edas para la Sociedad (C+) de [&hellip;]","og_url":"https:\/\/cmas.udd.cl\/en\/noticia\/viii-conferencia-foro-del-litio-abordo-los-desafios-en-sustentabilidad-y-la-relacion-con-las-comunidades-indigenas-migrado\/","og_site_name":"C+","article_modified_time":"2025-07-02T00:08:35+00:00","og_image":[{"width":1600,"height":900,"url":"https:\/\/cmas.udd.cl\/wp-content\/uploads\/2024\/10\/WhatsApp-Image-2024-10-03-at-09.55.10.jpeg","type":"image\/jpeg"}],"twitter_card":"summary_large_image","twitter_misc":{"Est. reading time":"4 minutes"},"schema":{"@context":"https:\/\/schema.org","@graph":[{"@type":"WebPage","@id":"https:\/\/cmas.udd.cl\/noticia\/viii-conferencia-foro-del-litio-abordo-los-desafios-en-sustentabilidad-y-la-relacion-con-las-comunidades-indigenas-migrado\/","url":"https:\/\/cmas.udd.cl\/noticia\/viii-conferencia-foro-del-litio-abordo-los-desafios-en-sustentabilidad-y-la-relacion-con-las-comunidades-indigenas-migrado\/","name":"VIII Conferencia Foro del Litio abord\u00f3 los desaf\u00edos en sustentabilidad y la relaci\u00f3n con las comunidades ind\u00edgenas\u00a0 - C+","isPartOf":{"@id":"https:\/\/cmas.udd.cl\/#website"},"primaryImageOfPage":{"@id":"https:\/\/cmas.udd.cl\/noticia\/viii-conferencia-foro-del-litio-abordo-los-desafios-en-sustentabilidad-y-la-relacion-con-las-comunidades-indigenas-migrado\/#primaryimage"},"image":{"@id":"https:\/\/cmas.udd.cl\/noticia\/viii-conferencia-foro-del-litio-abordo-los-desafios-en-sustentabilidad-y-la-relacion-con-las-comunidades-indigenas-migrado\/#primaryimage"},"thumbnailUrl":"https:\/\/cmas.udd.cl\/wp-content\/uploads\/2024\/10\/WhatsApp-Image-2024-10-03-at-09.55.10.jpeg","datePublished":"2024-10-03T12:55:58+00:00","dateModified":"2025-07-02T00:08:35+00:00","breadcrumb":{"@id":"https:\/\/cmas.udd.cl\/noticia\/viii-conferencia-foro-del-litio-abordo-los-desafios-en-sustentabilidad-y-la-relacion-con-las-comunidades-indigenas-migrado\/#breadcrumb"},"inLanguage":"en-US","potentialAction":[{"@type":"ReadAction","target":["https:\/\/cmas.udd.cl\/noticia\/viii-conferencia-foro-del-litio-abordo-los-desafios-en-sustentabilidad-y-la-relacion-con-las-comunidades-indigenas-migrado\/"]}]},{"@type":"ImageObject","inLanguage":"en-US","@id":"https:\/\/cmas.udd.cl\/noticia\/viii-conferencia-foro-del-litio-abordo-los-desafios-en-sustentabilidad-y-la-relacion-con-las-comunidades-indigenas-migrado\/#primaryimage","url":"https:\/\/cmas.udd.cl\/wp-content\/uploads\/2024\/10\/WhatsApp-Image-2024-10-03-at-09.55.10.jpeg","contentUrl":"https:\/\/cmas.udd.cl\/wp-content\/uploads\/2024\/10\/WhatsApp-Image-2024-10-03-at-09.55.10.jpeg","width":1600,"height":900},{"@type":"BreadcrumbList","@id":"https:\/\/cmas.udd.cl\/noticia\/viii-conferencia-foro-del-litio-abordo-los-desafios-en-sustentabilidad-y-la-relacion-con-las-comunidades-indigenas-migrado\/#breadcrumb","itemListElement":[{"@type":"ListItem","position":1,"name":"Home","item":"https:\/\/cmas.udd.cl\/"},{"@type":"ListItem","position":2,"name":"Noticias","item":"https:\/\/cmas.udd.cl\/Noticias\/"},{"@type":"ListItem","position":3,"name":"VIII Conferencia Foro del Litio abord\u00f3 los desaf\u00edos en sustentabilidad y la relaci\u00f3n con las comunidades ind\u00edgenas\u00a0"}]},{"@type":"WebSite","@id":"https:\/\/cmas.udd.cl\/#website","url":"https:\/\/cmas.udd.cl\/","name":"C+","description":"Centro Investigaci\u00f3n enTecnolog\u00edas para la Sociedad","publisher":{"@id":"https:\/\/cmas.udd.cl\/#organization"},"potentialAction":[{"@type":"SearchAction","target":{"@type":"EntryPoint","urlTemplate":"https:\/\/cmas.udd.cl\/?s={search_term_string}"},"query-input":{"@type":"PropertyValueSpecification","valueRequired":true,"valueName":"search_term_string"}}],"inLanguage":"en-US"},{"@type":"Organization","@id":"https:\/\/cmas.udd.cl\/#organization","name":"C+","url":"https:\/\/cmas.udd.cl\/","logo":{"@type":"ImageObject","inLanguage":"en-US","@id":"https:\/\/cmas.udd.cl\/#\/schema\/logo\/image\/","url":"https:\/\/cmas.udd.cl\/wp-content\/uploads\/2023\/05\/Logo-compuesto-UDD-Cmas.png","contentUrl":"https:\/\/cmas.udd.cl\/wp-content\/uploads\/2023\/05\/Logo-compuesto-UDD-Cmas.png","width":695,"height":72,"caption":"C+"},"image":{"@id":"https:\/\/cmas.udd.cl\/#\/schema\/logo\/image\/"}}]}},"_links":{"self":[{"href":"https:\/\/cmas.udd.cl\/en\/wp-json\/wp\/v2\/noticia\/5882","targetHints":{"allow":["GET"]}}],"collection":[{"href":"https:\/\/cmas.udd.cl\/en\/wp-json\/wp\/v2\/noticia"}],"about":[{"href":"https:\/\/cmas.udd.cl\/en\/wp-json\/wp\/v2\/types\/noticia"}],"version-history":[{"count":0,"href":"https:\/\/cmas.udd.cl\/en\/wp-json\/wp\/v2\/noticia\/5882\/revisions"}],"wp:featuredmedia":[{"embeddable":true,"href":"https:\/\/cmas.udd.cl\/en\/wp-json\/wp\/v2\/media\/3739"}],"wp:attachment":[{"href":"https:\/\/cmas.udd.cl\/en\/wp-json\/wp\/v2\/media?parent=5882"}],"wp:term":[{"taxonomy":"filtro-de-portada","embeddable":true,"href":"https:\/\/cmas.udd.cl\/en\/wp-json\/wp\/v2\/filtro-de-portada?post=5882"},{"taxonomy":"grupo-de-investigacion","embeddable":true,"href":"https:\/\/cmas.udd.cl\/en\/wp-json\/wp\/v2\/grupo-de-investigacion?post=5882"},{"taxonomy":"tipo-de-contenido","embeddable":true,"href":"https:\/\/cmas.udd.cl\/en\/wp-json\/wp\/v2\/tipo-de-contenido?post=5882"}],"curies":[{"name":"wp","href":"https:\/\/api.w.org\/{rel}","templated":true}]}}