{"id":5877,"date":"2024-08-30T17:56:04","date_gmt":"2024-08-30T17:56:04","guid":{"rendered":"https:\/\/centrodeinvestigacioningenieria.udd.cl\/?post_type=noticia&#038;p=3569"},"modified":"2025-07-02T00:08:35","modified_gmt":"2025-07-02T00:08:35","slug":"investigadora-del-c-de-ingenieria-udd-participara-en-nucleo-milenio-sobre-tecnociencia-ciudadana-migrado","status":"publish","type":"noticia","link":"https:\/\/cmas.udd.cl\/en\/noticia\/investigadora-del-c-de-ingenieria-udd-participara-en-nucleo-milenio-sobre-tecnociencia-ciudadana-migrado\/","title":{"rendered":"Investigadora del C+ de Ingenier\u00eda UDD participar\u00e1 en N\u00facleo Milenio sobre tecnociencia ciudadana"},"content":{"rendered":"<p>La investigadora del Centro de Investigaci\u00f3n en Tecnolog\u00edas para la Sociedad (C+) de la Facultad de Ingenier\u00eda UDD, Zo\u00eb Fleming, participar\u00e1 en un proyecto relacionado a los estudios de tecnociencia ciudadana que busca transformarse en un centro de referencia internacional para el estudio y co-creaci\u00f3n de estos temas en Chile y Am\u00e9rica Latina.&nbsp;&nbsp;<\/p>\n\n\n\n<p>La iniciativa, que lleva el nombre de \u201cN\u00facleo Milenio en Tecnociencia Ciudadana para la Transformaci\u00f3n Socioambiental\u201d, CITEC, recientemente se adjudic\u00f3 uno de los fondos \u201cN\u00facleos Milenio en Ciencias Sociales\u201d, otorgados por la Agencia Nacional de Investigaci\u00f3n y Desarrollo (ANID).&nbsp;&nbsp;<\/p>\n\n\n\n<p>La investigaci\u00f3n es liderada por el acad\u00e9mico de la Pontifica Universidad Cat\u00f3lica de Chile, Sebasti\u00e1n Ureta, Francisco Araos de la Universidad de Chile, los investigadores Consuelo Biskupovic de la Universidad Cat\u00f3lica de Temuco, Tom\u00e1s Arizt\u00eda de la Universidad Diego Portales y la investigadora del C+, Zo\u00eb Fleming, adem\u00e1s de la colaboraci\u00f3n de investigadores y acad\u00e9micos de diversas universidades tanto nacionales como internacionales.&nbsp;&nbsp;&nbsp;<\/p>\n\n\n\n<div class=\"wp-block-media-text is-stacked-on-mobile\"><figure class=\"wp-block-media-text__media\"><img fetchpriority=\"high\" decoding=\"async\" width=\"1024\" height=\"681\" src=\"https:\/\/cmas.udd.cl\/wp-content\/uploads\/2024\/08\/DSC_2830-1024x681.jpg\" alt=\"\" class=\"wp-image-3570 size-full\" srcset=\"https:\/\/cmas.udd.cl\/wp-content\/uploads\/2024\/08\/DSC_2830-1024x681.jpg 1024w, https:\/\/cmas.udd.cl\/wp-content\/uploads\/2024\/08\/DSC_2830-300x200.jpg 300w, https:\/\/cmas.udd.cl\/wp-content\/uploads\/2024\/08\/DSC_2830-768x511.jpg 768w, https:\/\/cmas.udd.cl\/wp-content\/uploads\/2024\/08\/DSC_2830-1536x1022.jpg 1536w, https:\/\/cmas.udd.cl\/wp-content\/uploads\/2024\/08\/DSC_2830-2048x1363.jpg 2048w\" sizes=\"(max-width: 1024px) 100vw, 1024px\" \/><\/figure><div class=\"wp-block-media-text__content\">\n<p>\u201cEs muy emocionante ser parte de este N\u00facleo Milenio que va a estar recompilando y analizando casos de estudios chilenos de ciencia y tecnolog\u00eda ciudadana que abordan temas medio ambientales con m\u00e9todos de ciencia social. Podremos ver cu\u00e1les son los casos m\u00e1s exitosos en hacer llegar datos a pol\u00edticas p\u00fablicas, en hacer educaci\u00f3n medio ambiental y cu\u00e1les caracter\u00edsticas pueden ser transversales para su \u00e9xito\u201d, se\u00f1al\u00f3 Zoe Fleming en relaci\u00f3n a su colaboraci\u00f3n en el proyecto.\u00a0\u00a0<\/p>\n<\/div><\/div>\n\n\n\n<p>Cabe destacar, que un N\u00facleo Milenio busca fomentar el fortalecimiento de las capacidades cient\u00edficas y tecnol\u00f3gicas de excelencia a nivel nacional, \u201cjunto con la difusi\u00f3n y transferencia del conocimiento a otros sectores de la sociedad\u201d por una duraci\u00f3n de tres a\u00f1os.&nbsp;<\/p>","protected":false},"excerpt":{"rendered":"<p>La investigadora del Centro de Investigaci\u00f3n en Tecnolog\u00edas para la Sociedad (C+) de la Facultad de Ingenier\u00eda UDD, Zo\u00eb Fleming, participar\u00e1 en un proyecto relacionado a los estudios de tecnociencia ciudadana que busca transformarse en un centro de referencia internacional para el estudio y co-creaci\u00f3n de estos temas en Chile y Am\u00e9rica Latina.&nbsp;&nbsp; La iniciativa, [&hellip;]<\/p>\n","protected":false},"featured_media":3570,"template":"","meta":{"_acf_changed":false},"filtro-de-portada":[],"grupo-de-investigacion":[103],"tipo-de-contenido":[],"class_list":["post-5877","noticia","type-noticia","status-publish","has-post-thumbnail","hentry","grupo-de-investigacion-enviro_health"],"acf":[],"yoast_head":"<!-- This site is optimized with the Yoast SEO plugin v27.3 - https:\/\/yoast.com\/product\/yoast-seo-wordpress\/ -->\n<title>Investigadora del C+ de Ingenier\u00eda UDD participar\u00e1 en N\u00facleo Milenio sobre tecnociencia ciudadana - C+<\/title>\n<meta name=\"robots\" content=\"index, follow, max-snippet:-1, max-image-preview:large, max-video-preview:-1\" \/>\n<link rel=\"canonical\" href=\"https:\/\/cmas.udd.cl\/en\/noticia\/investigadora-del-c-de-ingenieria-udd-participara-en-nucleo-milenio-sobre-tecnociencia-ciudadana-migrado\/\" \/>\n<meta property=\"og:locale\" content=\"en_US\" \/>\n<meta property=\"og:type\" content=\"article\" \/>\n<meta property=\"og:title\" content=\"Investigadora del C+ de Ingenier\u00eda UDD participar\u00e1 en N\u00facleo Milenio sobre tecnociencia ciudadana - C+\" \/>\n<meta property=\"og:description\" content=\"La investigadora del Centro de Investigaci\u00f3n en Tecnolog\u00edas para la Sociedad (C+) de la Facultad de Ingenier\u00eda UDD, Zo\u00eb Fleming, participar\u00e1 en un proyecto relacionado a los estudios de tecnociencia ciudadana que busca transformarse en un centro de referencia internacional para el estudio y co-creaci\u00f3n de estos temas en Chile y Am\u00e9rica Latina.&nbsp;&nbsp; La iniciativa, [&hellip;]\" \/>\n<meta property=\"og:url\" content=\"https:\/\/cmas.udd.cl\/en\/noticia\/investigadora-del-c-de-ingenieria-udd-participara-en-nucleo-milenio-sobre-tecnociencia-ciudadana-migrado\/\" \/>\n<meta property=\"og:site_name\" content=\"C+\" \/>\n<meta property=\"article:modified_time\" content=\"2025-07-02T00:08:35+00:00\" \/>\n<meta property=\"og:image\" content=\"https:\/\/cmas.udd.cl\/wp-content\/uploads\/2024\/08\/DSC_2830-scaled.jpg\" \/>\n\t<meta property=\"og:image:width\" content=\"2560\" \/>\n\t<meta property=\"og:image:height\" content=\"1703\" \/>\n\t<meta property=\"og:image:type\" content=\"image\/jpeg\" \/>\n<meta name=\"twitter:card\" content=\"summary_large_image\" \/>\n<meta name=\"twitter:label1\" content=\"Est. reading time\" \/>\n\t<meta name=\"twitter:data1\" content=\"2 minutes\" \/>\n<script type=\"application\/ld+json\" class=\"yoast-schema-graph\">{\"@context\":\"https:\\\/\\\/schema.org\",\"@graph\":[{\"@type\":\"WebPage\",\"@id\":\"https:\\\/\\\/cmas.udd.cl\\\/noticia\\\/investigadora-del-c-de-ingenieria-udd-participara-en-nucleo-milenio-sobre-tecnociencia-ciudadana-migrado\\\/\",\"url\":\"https:\\\/\\\/cmas.udd.cl\\\/noticia\\\/investigadora-del-c-de-ingenieria-udd-participara-en-nucleo-milenio-sobre-tecnociencia-ciudadana-migrado\\\/\",\"name\":\"Investigadora del C+ de Ingenier\u00eda UDD participar\u00e1 en N\u00facleo Milenio sobre tecnociencia ciudadana - C+\",\"isPartOf\":{\"@id\":\"https:\\\/\\\/cmas.udd.cl\\\/#website\"},\"primaryImageOfPage\":{\"@id\":\"https:\\\/\\\/cmas.udd.cl\\\/noticia\\\/investigadora-del-c-de-ingenieria-udd-participara-en-nucleo-milenio-sobre-tecnociencia-ciudadana-migrado\\\/#primaryimage\"},\"image\":{\"@id\":\"https:\\\/\\\/cmas.udd.cl\\\/noticia\\\/investigadora-del-c-de-ingenieria-udd-participara-en-nucleo-milenio-sobre-tecnociencia-ciudadana-migrado\\\/#primaryimage\"},\"thumbnailUrl\":\"https:\\\/\\\/cmas.udd.cl\\\/wp-content\\\/uploads\\\/2024\\\/08\\\/DSC_2830-scaled.jpg\",\"datePublished\":\"2024-08-30T17:56:04+00:00\",\"dateModified\":\"2025-07-02T00:08:35+00:00\",\"breadcrumb\":{\"@id\":\"https:\\\/\\\/cmas.udd.cl\\\/noticia\\\/investigadora-del-c-de-ingenieria-udd-participara-en-nucleo-milenio-sobre-tecnociencia-ciudadana-migrado\\\/#breadcrumb\"},\"inLanguage\":\"en-US\",\"potentialAction\":[{\"@type\":\"ReadAction\",\"target\":[\"https:\\\/\\\/cmas.udd.cl\\\/noticia\\\/investigadora-del-c-de-ingenieria-udd-participara-en-nucleo-milenio-sobre-tecnociencia-ciudadana-migrado\\\/\"]}]},{\"@type\":\"ImageObject\",\"inLanguage\":\"en-US\",\"@id\":\"https:\\\/\\\/cmas.udd.cl\\\/noticia\\\/investigadora-del-c-de-ingenieria-udd-participara-en-nucleo-milenio-sobre-tecnociencia-ciudadana-migrado\\\/#primaryimage\",\"url\":\"https:\\\/\\\/cmas.udd.cl\\\/wp-content\\\/uploads\\\/2024\\\/08\\\/DSC_2830-scaled.jpg\",\"contentUrl\":\"https:\\\/\\\/cmas.udd.cl\\\/wp-content\\\/uploads\\\/2024\\\/08\\\/DSC_2830-scaled.jpg\",\"width\":2560,\"height\":1703},{\"@type\":\"BreadcrumbList\",\"@id\":\"https:\\\/\\\/cmas.udd.cl\\\/noticia\\\/investigadora-del-c-de-ingenieria-udd-participara-en-nucleo-milenio-sobre-tecnociencia-ciudadana-migrado\\\/#breadcrumb\",\"itemListElement\":[{\"@type\":\"ListItem\",\"position\":1,\"name\":\"Home\",\"item\":\"https:\\\/\\\/cmas.udd.cl\\\/\"},{\"@type\":\"ListItem\",\"position\":2,\"name\":\"Noticias\",\"item\":\"https:\\\/\\\/cmas.udd.cl\\\/Noticias\\\/\"},{\"@type\":\"ListItem\",\"position\":3,\"name\":\"Investigadora del C+ de Ingenier\u00eda UDD participar\u00e1 en N\u00facleo Milenio sobre tecnociencia ciudadana\"}]},{\"@type\":\"WebSite\",\"@id\":\"https:\\\/\\\/cmas.udd.cl\\\/#website\",\"url\":\"https:\\\/\\\/cmas.udd.cl\\\/\",\"name\":\"C+\",\"description\":\"Centro Investigaci\u00f3n enTecnolog\u00edas para la Sociedad\",\"publisher\":{\"@id\":\"https:\\\/\\\/cmas.udd.cl\\\/#organization\"},\"potentialAction\":[{\"@type\":\"SearchAction\",\"target\":{\"@type\":\"EntryPoint\",\"urlTemplate\":\"https:\\\/\\\/cmas.udd.cl\\\/?s={search_term_string}\"},\"query-input\":{\"@type\":\"PropertyValueSpecification\",\"valueRequired\":true,\"valueName\":\"search_term_string\"}}],\"inLanguage\":\"en-US\"},{\"@type\":\"Organization\",\"@id\":\"https:\\\/\\\/cmas.udd.cl\\\/#organization\",\"name\":\"C+\",\"url\":\"https:\\\/\\\/cmas.udd.cl\\\/\",\"logo\":{\"@type\":\"ImageObject\",\"inLanguage\":\"en-US\",\"@id\":\"https:\\\/\\\/cmas.udd.cl\\\/#\\\/schema\\\/logo\\\/image\\\/\",\"url\":\"https:\\\/\\\/cmas.udd.cl\\\/wp-content\\\/uploads\\\/2023\\\/05\\\/Logo-compuesto-UDD-Cmas.png\",\"contentUrl\":\"https:\\\/\\\/cmas.udd.cl\\\/wp-content\\\/uploads\\\/2023\\\/05\\\/Logo-compuesto-UDD-Cmas.png\",\"width\":695,\"height\":72,\"caption\":\"C+\"},\"image\":{\"@id\":\"https:\\\/\\\/cmas.udd.cl\\\/#\\\/schema\\\/logo\\\/image\\\/\"}}]}<\/script>\n<!-- \/ Yoast SEO plugin. -->","yoast_head_json":{"title":"Investigadora del C+ de Ingenier\u00eda UDD participar\u00e1 en N\u00facleo Milenio sobre tecnociencia ciudadana - C+","robots":{"index":"index","follow":"follow","max-snippet":"max-snippet:-1","max-image-preview":"max-image-preview:large","max-video-preview":"max-video-preview:-1"},"canonical":"https:\/\/cmas.udd.cl\/en\/noticia\/investigadora-del-c-de-ingenieria-udd-participara-en-nucleo-milenio-sobre-tecnociencia-ciudadana-migrado\/","og_locale":"en_US","og_type":"article","og_title":"Investigadora del C+ de Ingenier\u00eda UDD participar\u00e1 en N\u00facleo Milenio sobre tecnociencia ciudadana - C+","og_description":"La investigadora del Centro de Investigaci\u00f3n en Tecnolog\u00edas para la Sociedad (C+) de la Facultad de Ingenier\u00eda UDD, Zo\u00eb Fleming, participar\u00e1 en un proyecto relacionado a los estudios de tecnociencia ciudadana que busca transformarse en un centro de referencia internacional para el estudio y co-creaci\u00f3n de estos temas en Chile y Am\u00e9rica Latina.&nbsp;&nbsp; La iniciativa, [&hellip;]","og_url":"https:\/\/cmas.udd.cl\/en\/noticia\/investigadora-del-c-de-ingenieria-udd-participara-en-nucleo-milenio-sobre-tecnociencia-ciudadana-migrado\/","og_site_name":"C+","article_modified_time":"2025-07-02T00:08:35+00:00","og_image":[{"width":2560,"height":1703,"url":"https:\/\/cmas.udd.cl\/wp-content\/uploads\/2024\/08\/DSC_2830-scaled.jpg","type":"image\/jpeg"}],"twitter_card":"summary_large_image","twitter_misc":{"Est. reading time":"2 minutes"},"schema":{"@context":"https:\/\/schema.org","@graph":[{"@type":"WebPage","@id":"https:\/\/cmas.udd.cl\/noticia\/investigadora-del-c-de-ingenieria-udd-participara-en-nucleo-milenio-sobre-tecnociencia-ciudadana-migrado\/","url":"https:\/\/cmas.udd.cl\/noticia\/investigadora-del-c-de-ingenieria-udd-participara-en-nucleo-milenio-sobre-tecnociencia-ciudadana-migrado\/","name":"Investigadora del C+ de Ingenier\u00eda UDD participar\u00e1 en N\u00facleo Milenio sobre tecnociencia ciudadana - C+","isPartOf":{"@id":"https:\/\/cmas.udd.cl\/#website"},"primaryImageOfPage":{"@id":"https:\/\/cmas.udd.cl\/noticia\/investigadora-del-c-de-ingenieria-udd-participara-en-nucleo-milenio-sobre-tecnociencia-ciudadana-migrado\/#primaryimage"},"image":{"@id":"https:\/\/cmas.udd.cl\/noticia\/investigadora-del-c-de-ingenieria-udd-participara-en-nucleo-milenio-sobre-tecnociencia-ciudadana-migrado\/#primaryimage"},"thumbnailUrl":"https:\/\/cmas.udd.cl\/wp-content\/uploads\/2024\/08\/DSC_2830-scaled.jpg","datePublished":"2024-08-30T17:56:04+00:00","dateModified":"2025-07-02T00:08:35+00:00","breadcrumb":{"@id":"https:\/\/cmas.udd.cl\/noticia\/investigadora-del-c-de-ingenieria-udd-participara-en-nucleo-milenio-sobre-tecnociencia-ciudadana-migrado\/#breadcrumb"},"inLanguage":"en-US","potentialAction":[{"@type":"ReadAction","target":["https:\/\/cmas.udd.cl\/noticia\/investigadora-del-c-de-ingenieria-udd-participara-en-nucleo-milenio-sobre-tecnociencia-ciudadana-migrado\/"]}]},{"@type":"ImageObject","inLanguage":"en-US","@id":"https:\/\/cmas.udd.cl\/noticia\/investigadora-del-c-de-ingenieria-udd-participara-en-nucleo-milenio-sobre-tecnociencia-ciudadana-migrado\/#primaryimage","url":"https:\/\/cmas.udd.cl\/wp-content\/uploads\/2024\/08\/DSC_2830-scaled.jpg","contentUrl":"https:\/\/cmas.udd.cl\/wp-content\/uploads\/2024\/08\/DSC_2830-scaled.jpg","width":2560,"height":1703},{"@type":"BreadcrumbList","@id":"https:\/\/cmas.udd.cl\/noticia\/investigadora-del-c-de-ingenieria-udd-participara-en-nucleo-milenio-sobre-tecnociencia-ciudadana-migrado\/#breadcrumb","itemListElement":[{"@type":"ListItem","position":1,"name":"Home","item":"https:\/\/cmas.udd.cl\/"},{"@type":"ListItem","position":2,"name":"Noticias","item":"https:\/\/cmas.udd.cl\/Noticias\/"},{"@type":"ListItem","position":3,"name":"Investigadora del C+ de Ingenier\u00eda UDD participar\u00e1 en N\u00facleo Milenio sobre tecnociencia ciudadana"}]},{"@type":"WebSite","@id":"https:\/\/cmas.udd.cl\/#website","url":"https:\/\/cmas.udd.cl\/","name":"C+","description":"Centro Investigaci\u00f3n enTecnolog\u00edas para la Sociedad","publisher":{"@id":"https:\/\/cmas.udd.cl\/#organization"},"potentialAction":[{"@type":"SearchAction","target":{"@type":"EntryPoint","urlTemplate":"https:\/\/cmas.udd.cl\/?s={search_term_string}"},"query-input":{"@type":"PropertyValueSpecification","valueRequired":true,"valueName":"search_term_string"}}],"inLanguage":"en-US"},{"@type":"Organization","@id":"https:\/\/cmas.udd.cl\/#organization","name":"C+","url":"https:\/\/cmas.udd.cl\/","logo":{"@type":"ImageObject","inLanguage":"en-US","@id":"https:\/\/cmas.udd.cl\/#\/schema\/logo\/image\/","url":"https:\/\/cmas.udd.cl\/wp-content\/uploads\/2023\/05\/Logo-compuesto-UDD-Cmas.png","contentUrl":"https:\/\/cmas.udd.cl\/wp-content\/uploads\/2023\/05\/Logo-compuesto-UDD-Cmas.png","width":695,"height":72,"caption":"C+"},"image":{"@id":"https:\/\/cmas.udd.cl\/#\/schema\/logo\/image\/"}}]}},"_links":{"self":[{"href":"https:\/\/cmas.udd.cl\/en\/wp-json\/wp\/v2\/noticia\/5877","targetHints":{"allow":["GET"]}}],"collection":[{"href":"https:\/\/cmas.udd.cl\/en\/wp-json\/wp\/v2\/noticia"}],"about":[{"href":"https:\/\/cmas.udd.cl\/en\/wp-json\/wp\/v2\/types\/noticia"}],"version-history":[{"count":0,"href":"https:\/\/cmas.udd.cl\/en\/wp-json\/wp\/v2\/noticia\/5877\/revisions"}],"wp:featuredmedia":[{"embeddable":true,"href":"https:\/\/cmas.udd.cl\/en\/wp-json\/wp\/v2\/media\/3570"}],"wp:attachment":[{"href":"https:\/\/cmas.udd.cl\/en\/wp-json\/wp\/v2\/media?parent=5877"}],"wp:term":[{"taxonomy":"filtro-de-portada","embeddable":true,"href":"https:\/\/cmas.udd.cl\/en\/wp-json\/wp\/v2\/filtro-de-portada?post=5877"},{"taxonomy":"grupo-de-investigacion","embeddable":true,"href":"https:\/\/cmas.udd.cl\/en\/wp-json\/wp\/v2\/grupo-de-investigacion?post=5877"},{"taxonomy":"tipo-de-contenido","embeddable":true,"href":"https:\/\/cmas.udd.cl\/en\/wp-json\/wp\/v2\/tipo-de-contenido?post=5877"}],"curies":[{"name":"wp","href":"https:\/\/api.w.org\/{rel}","templated":true}]}}