{"id":5869,"date":"2024-07-17T19:27:14","date_gmt":"2024-07-17T19:27:14","guid":{"rendered":"https:\/\/centrodeinvestigacioningenieria.udd.cl\/?post_type=noticia&#038;p=3468"},"modified":"2025-07-02T00:08:35","modified_gmt":"2025-07-02T00:08:35","slug":"investigador-del-centro-c-participo-en-informe-de-la-organizacion-mundial-de-meteorologia-sobre-sensores-de-bajo-costo-migrado","status":"publish","type":"noticia","link":"https:\/\/cmas.udd.cl\/en\/noticia\/investigador-del-centro-c-participo-en-informe-de-la-organizacion-mundial-de-meteorologia-sobre-sensores-de-bajo-costo-migrado\/","title":{"rendered":"Investigador del Centro C+ particip\u00f3 en informe de la Organizaci\u00f3n Mundial de Meteorolog\u00eda sobre sensores de bajo costo\u00a0"},"content":{"rendered":"<p>El investigador del Centro de Investigaci\u00f3n en Tecnolog\u00edas para la Sociedad (C+) de la Facultad de Ingenier\u00eda UDD, Sebasti\u00e1n Diez, colabor\u00f3 recientemente en el \u00faltimo reporte de<strong> <a href=\"https:\/\/wmo.int\/publication-series\/integrating-low-cost-sensor-systems-and-networks-enhance-air-quality-applications\">&#8220;Integraci\u00f3n de redes y sistemas de sensores de bajo costo para mejorar las aplicaciones de calidad del aire&#8221;<\/a>,<\/strong> de la Organizaci\u00f3n Mundial de Meteorolog\u00eda sobre la utilizaci\u00f3n de sensores de bajo costo que miden los niveles de contaminaci\u00f3n a nivel mundial.\u00a0<\/p>\n\n\n\n<div class=\"wp-block-media-text is-stacked-on-mobile\"><figure class=\"wp-block-media-text__media\"><img fetchpriority=\"high\" decoding=\"async\" width=\"1024\" height=\"768\" src=\"https:\/\/cmas.udd.cl\/wp-content\/uploads\/2024\/07\/Hiri_coyhaique-4-1-1024x768-1.jpg\" alt=\"\" class=\"wp-image-3469 size-full\" srcset=\"https:\/\/cmas.udd.cl\/wp-content\/uploads\/2024\/07\/Hiri_coyhaique-4-1-1024x768-1.jpg 1024w, https:\/\/cmas.udd.cl\/wp-content\/uploads\/2024\/07\/Hiri_coyhaique-4-1-1024x768-1-300x225.jpg 300w, https:\/\/cmas.udd.cl\/wp-content\/uploads\/2024\/07\/Hiri_coyhaique-4-1-1024x768-1-768x576.jpg 768w\" sizes=\"(max-width: 1024px) 100vw, 1024px\" \/><\/figure><div class=\"wp-block-media-text__content\">\n<p>El reporte profundiza en c\u00f3mo los sensores de bajo costo pueden integrarse en redes de monitoreo (como, por ejemplo, con nuestra red nacional de monitoreo <a href=\"https:\/\/sinca.mma.gob.cl\/\"><strong>SINCA<\/strong><\/a>) y con otras fuentes de informaci\u00f3n, como sat\u00e9lites y modelos de transporte de contaminantes en el aire para proporcionar una visi\u00f3n m\u00e1s completa y detallada de la calidad del aire.\u00a0\u00a0<\/p>\n<\/div><\/div>\n\n\n\n<p>El informe enfatiza en que, unque es necesario ser cautos y muy rigurosos con los datos que estos sistemas proveen, estas tecnolog\u00edas prometen transformar nuestra capacidad para evaluar la contaminaci\u00f3n atmosf\u00e9rica, identificar sus fuentes y predecir sus variaciones con una cobertura sin precedentes.&nbsp;&nbsp;<\/p>\n\n\n\n<p>El documento tambi\u00e9n resalta&nbsp;la importancia de asegurar la calidad de los datos a trav\u00e9s de m\u00e9todos rigurosos. Adem\u00e1s, se analizan las estrategias y consideraciones log\u00edsticas necesarias para distribuir y mantener estos sensores en una red de monitoreo eficiente.&nbsp;<\/p>\n\n\n\n<p>El co-autor de este reporte, Sebasti\u00e1n Diez, tambi\u00e9n l\u00edder del proyecto<a href=\"https:\/\/igacproject.org\/\"><strong> IGAC<\/strong><\/a> denominado<strong> <a href=\"https:\/\/igacproject.org\/activities\/allin-wayra-small-sensors-atmospheric-science\">Allin-Wayra<\/a><\/strong> sobre el uso de sensores en ciencias atmosf\u00e9ricas destaca \u201ceste tipo de reportes es muy relevante ya que sirve no solo para comunicar aspectos t\u00e9cnicos y buenas pr\u00e1cticas alrededor del uso de sensores, sino que adem\u00e1s genera mayor confianza en los tomadores de decisiones, en los cient\u00edficos, y la comunidad en general en el uso de esta tecnolog\u00eda\u201d.\u00a0<\/p>\n\n\n\n<p>El reporte t\u00e9cnico subraya el potencial impacto global de los sensores. Diez resalta que \u201cde implementarse adecuadamente \u2014y aqu\u00ed la rigurosidad es fundamental\u2014, estas tecnolog\u00edas tienen el potencial de democratizar la informaci\u00f3n sobre la calidad del aire, ofreciendo datos accesibles en lugares y a personas que anteriormente estaban excluidos.&#8221;&nbsp;<\/p>\n\n\n\n<p>Por \u00faltimo, el informe invita a los gobiernos, organizaciones no gubernamentales, investigadores y financiadores a colaborar y proporcionar el soporte necesario para mantener y desarrollar estas redes de monitoreo de bajo costo.\u00a0<\/p>\n\n\n\n<figure class=\"wp-block-gallery has-nested-images columns-default is-cropped wp-block-gallery-1 is-layout-flex wp-block-gallery-is-layout-flex\">\n<figure class=\"wp-block-image size-large is-style-default\"><img decoding=\"async\" width=\"1024\" height=\"768\" data-id=\"3470\" src=\"https:\/\/cmas.udd.cl\/wp-content\/uploads\/2024\/07\/WhatsApp-Image-2022-08-05-at-1.16.48-PM-1-1024x768-1.jpeg\" alt=\"\" class=\"wp-image-3470\" srcset=\"https:\/\/cmas.udd.cl\/wp-content\/uploads\/2024\/07\/WhatsApp-Image-2022-08-05-at-1.16.48-PM-1-1024x768-1.jpeg 1024w, https:\/\/cmas.udd.cl\/wp-content\/uploads\/2024\/07\/WhatsApp-Image-2022-08-05-at-1.16.48-PM-1-1024x768-1-300x225.jpeg 300w, https:\/\/cmas.udd.cl\/wp-content\/uploads\/2024\/07\/WhatsApp-Image-2022-08-05-at-1.16.48-PM-1-1024x768-1-768x576.jpeg 768w\" sizes=\"(max-width: 1024px) 100vw, 1024px\" \/><\/figure>\n\n\n\n<figure class=\"wp-block-image size-large\"><img decoding=\"async\" width=\"1024\" height=\"768\" data-id=\"3472\" src=\"https:\/\/cmas.udd.cl\/wp-content\/uploads\/2024\/07\/WhatsApp-Image-2024-05-28-at-15.34.47-1024x768.jpeg\" alt=\"\" class=\"wp-image-3472\" srcset=\"https:\/\/cmas.udd.cl\/wp-content\/uploads\/2024\/07\/WhatsApp-Image-2024-05-28-at-15.34.47-1024x768.jpeg 1024w, https:\/\/cmas.udd.cl\/wp-content\/uploads\/2024\/07\/WhatsApp-Image-2024-05-28-at-15.34.47-300x225.jpeg 300w, https:\/\/cmas.udd.cl\/wp-content\/uploads\/2024\/07\/WhatsApp-Image-2024-05-28-at-15.34.47-768x576.jpeg 768w, https:\/\/cmas.udd.cl\/wp-content\/uploads\/2024\/07\/WhatsApp-Image-2024-05-28-at-15.34.47.jpeg 1280w\" sizes=\"(max-width: 1024px) 100vw, 1024px\" \/><\/figure>\n\n\n\n<figure class=\"wp-block-image size-large\"><img loading=\"lazy\" decoding=\"async\" width=\"960\" height=\"506\" data-id=\"3471\" src=\"https:\/\/cmas.udd.cl\/wp-content\/uploads\/2024\/07\/captura-de-pantalla-2022-06-16-a-las-15.56.50-960x506-1.png\" alt=\"\" class=\"wp-image-3471\" srcset=\"https:\/\/cmas.udd.cl\/wp-content\/uploads\/2024\/07\/captura-de-pantalla-2022-06-16-a-las-15.56.50-960x506-1.png 960w, https:\/\/cmas.udd.cl\/wp-content\/uploads\/2024\/07\/captura-de-pantalla-2022-06-16-a-las-15.56.50-960x506-1-300x158.png 300w, https:\/\/cmas.udd.cl\/wp-content\/uploads\/2024\/07\/captura-de-pantalla-2022-06-16-a-las-15.56.50-960x506-1-768x405.png 768w\" sizes=\"(max-width: 960px) 100vw, 960px\" \/><\/figure>\n\n\n\n<figure class=\"wp-block-image size-large\"><img loading=\"lazy\" decoding=\"async\" width=\"1024\" height=\"768\" data-id=\"3473\" src=\"https:\/\/cmas.udd.cl\/wp-content\/uploads\/2024\/07\/Hiri_coyhaique-4-1-1024x768-2.jpg\" alt=\"\" class=\"wp-image-3473\" srcset=\"https:\/\/cmas.udd.cl\/wp-content\/uploads\/2024\/07\/Hiri_coyhaique-4-1-1024x768-2.jpg 1024w, https:\/\/cmas.udd.cl\/wp-content\/uploads\/2024\/07\/Hiri_coyhaique-4-1-1024x768-2-300x225.jpg 300w, https:\/\/cmas.udd.cl\/wp-content\/uploads\/2024\/07\/Hiri_coyhaique-4-1-1024x768-2-768x576.jpg 768w\" sizes=\"(max-width: 1024px) 100vw, 1024px\" \/><\/figure>\n<\/figure>","protected":false},"excerpt":{"rendered":"<p>El investigador del Centro de Investigaci\u00f3n en Tecnolog\u00edas para la Sociedad (C+) de la Facultad de Ingenier\u00eda UDD, Sebasti\u00e1n Diez, colabor\u00f3 recientemente en el \u00faltimo reporte de &#8220;Integraci\u00f3n de redes y sistemas de sensores de bajo costo para mejorar las aplicaciones de calidad del aire&#8221;, de la Organizaci\u00f3n Mundial de Meteorolog\u00eda sobre la utilizaci\u00f3n de [&hellip;]<\/p>\n","protected":false},"featured_media":3469,"template":"","meta":{"_acf_changed":false},"filtro-de-portada":[],"grupo-de-investigacion":[103],"tipo-de-contenido":[],"class_list":["post-5869","noticia","type-noticia","status-publish","has-post-thumbnail","hentry","grupo-de-investigacion-enviro_health"],"acf":[],"yoast_head":"<!-- This site is optimized with the Yoast SEO plugin v27.3 - https:\/\/yoast.com\/product\/yoast-seo-wordpress\/ -->\n<title>Investigador del Centro C+ particip\u00f3 en informe de la Organizaci\u00f3n Mundial de Meteorolog\u00eda sobre sensores de bajo costo\u00a0 - C+<\/title>\n<meta name=\"robots\" content=\"index, follow, max-snippet:-1, max-image-preview:large, max-video-preview:-1\" \/>\n<link rel=\"canonical\" href=\"https:\/\/cmas.udd.cl\/en\/noticia\/investigador-del-centro-c-participo-en-informe-de-la-organizacion-mundial-de-meteorologia-sobre-sensores-de-bajo-costo-migrado\/\" \/>\n<meta property=\"og:locale\" content=\"en_US\" \/>\n<meta property=\"og:type\" content=\"article\" \/>\n<meta property=\"og:title\" content=\"Investigador del Centro C+ particip\u00f3 en informe de la Organizaci\u00f3n Mundial de Meteorolog\u00eda sobre sensores de bajo costo\u00a0 - C+\" \/>\n<meta property=\"og:description\" content=\"El investigador del Centro de Investigaci\u00f3n en Tecnolog\u00edas para la Sociedad (C+) de la Facultad de Ingenier\u00eda UDD, Sebasti\u00e1n Diez, colabor\u00f3 recientemente en el \u00faltimo reporte de &#8220;Integraci\u00f3n de redes y sistemas de sensores de bajo costo para mejorar las aplicaciones de calidad del aire&#8221;, de la Organizaci\u00f3n Mundial de Meteorolog\u00eda sobre la utilizaci\u00f3n de [&hellip;]\" \/>\n<meta property=\"og:url\" content=\"https:\/\/cmas.udd.cl\/en\/noticia\/investigador-del-centro-c-participo-en-informe-de-la-organizacion-mundial-de-meteorologia-sobre-sensores-de-bajo-costo-migrado\/\" \/>\n<meta property=\"og:site_name\" content=\"C+\" \/>\n<meta property=\"article:modified_time\" content=\"2025-07-02T00:08:35+00:00\" \/>\n<meta property=\"og:image\" content=\"https:\/\/cmas.udd.cl\/wp-content\/uploads\/2024\/07\/Hiri_coyhaique-4-1-1024x768-1.jpg\" \/>\n\t<meta property=\"og:image:width\" content=\"1024\" \/>\n\t<meta property=\"og:image:height\" content=\"768\" \/>\n\t<meta property=\"og:image:type\" content=\"image\/jpeg\" \/>\n<meta name=\"twitter:card\" content=\"summary_large_image\" \/>\n<meta name=\"twitter:label1\" content=\"Est. reading time\" \/>\n\t<meta name=\"twitter:data1\" content=\"2 minutes\" \/>\n<script type=\"application\/ld+json\" class=\"yoast-schema-graph\">{\"@context\":\"https:\\\/\\\/schema.org\",\"@graph\":[{\"@type\":\"WebPage\",\"@id\":\"https:\\\/\\\/cmas.udd.cl\\\/noticia\\\/investigador-del-centro-c-participo-en-informe-de-la-organizacion-mundial-de-meteorologia-sobre-sensores-de-bajo-costo-migrado\\\/\",\"url\":\"https:\\\/\\\/cmas.udd.cl\\\/noticia\\\/investigador-del-centro-c-participo-en-informe-de-la-organizacion-mundial-de-meteorologia-sobre-sensores-de-bajo-costo-migrado\\\/\",\"name\":\"Investigador del Centro C+ particip\u00f3 en informe de la Organizaci\u00f3n Mundial de Meteorolog\u00eda sobre sensores de bajo costo\u00a0 - C+\",\"isPartOf\":{\"@id\":\"https:\\\/\\\/cmas.udd.cl\\\/#website\"},\"primaryImageOfPage\":{\"@id\":\"https:\\\/\\\/cmas.udd.cl\\\/noticia\\\/investigador-del-centro-c-participo-en-informe-de-la-organizacion-mundial-de-meteorologia-sobre-sensores-de-bajo-costo-migrado\\\/#primaryimage\"},\"image\":{\"@id\":\"https:\\\/\\\/cmas.udd.cl\\\/noticia\\\/investigador-del-centro-c-participo-en-informe-de-la-organizacion-mundial-de-meteorologia-sobre-sensores-de-bajo-costo-migrado\\\/#primaryimage\"},\"thumbnailUrl\":\"https:\\\/\\\/cmas.udd.cl\\\/wp-content\\\/uploads\\\/2024\\\/07\\\/Hiri_coyhaique-4-1-1024x768-1.jpg\",\"datePublished\":\"2024-07-17T19:27:14+00:00\",\"dateModified\":\"2025-07-02T00:08:35+00:00\",\"breadcrumb\":{\"@id\":\"https:\\\/\\\/cmas.udd.cl\\\/noticia\\\/investigador-del-centro-c-participo-en-informe-de-la-organizacion-mundial-de-meteorologia-sobre-sensores-de-bajo-costo-migrado\\\/#breadcrumb\"},\"inLanguage\":\"en-US\",\"potentialAction\":[{\"@type\":\"ReadAction\",\"target\":[\"https:\\\/\\\/cmas.udd.cl\\\/noticia\\\/investigador-del-centro-c-participo-en-informe-de-la-organizacion-mundial-de-meteorologia-sobre-sensores-de-bajo-costo-migrado\\\/\"]}]},{\"@type\":\"ImageObject\",\"inLanguage\":\"en-US\",\"@id\":\"https:\\\/\\\/cmas.udd.cl\\\/noticia\\\/investigador-del-centro-c-participo-en-informe-de-la-organizacion-mundial-de-meteorologia-sobre-sensores-de-bajo-costo-migrado\\\/#primaryimage\",\"url\":\"https:\\\/\\\/cmas.udd.cl\\\/wp-content\\\/uploads\\\/2024\\\/07\\\/Hiri_coyhaique-4-1-1024x768-1.jpg\",\"contentUrl\":\"https:\\\/\\\/cmas.udd.cl\\\/wp-content\\\/uploads\\\/2024\\\/07\\\/Hiri_coyhaique-4-1-1024x768-1.jpg\",\"width\":1024,\"height\":768},{\"@type\":\"BreadcrumbList\",\"@id\":\"https:\\\/\\\/cmas.udd.cl\\\/noticia\\\/investigador-del-centro-c-participo-en-informe-de-la-organizacion-mundial-de-meteorologia-sobre-sensores-de-bajo-costo-migrado\\\/#breadcrumb\",\"itemListElement\":[{\"@type\":\"ListItem\",\"position\":1,\"name\":\"Home\",\"item\":\"https:\\\/\\\/cmas.udd.cl\\\/\"},{\"@type\":\"ListItem\",\"position\":2,\"name\":\"Noticias\",\"item\":\"https:\\\/\\\/cmas.udd.cl\\\/Noticias\\\/\"},{\"@type\":\"ListItem\",\"position\":3,\"name\":\"Investigador del Centro C+ particip\u00f3 en informe de la Organizaci\u00f3n Mundial de Meteorolog\u00eda sobre sensores de bajo costo\u00a0\"}]},{\"@type\":\"WebSite\",\"@id\":\"https:\\\/\\\/cmas.udd.cl\\\/#website\",\"url\":\"https:\\\/\\\/cmas.udd.cl\\\/\",\"name\":\"C+\",\"description\":\"Centro Investigaci\u00f3n enTecnolog\u00edas para la Sociedad\",\"publisher\":{\"@id\":\"https:\\\/\\\/cmas.udd.cl\\\/#organization\"},\"potentialAction\":[{\"@type\":\"SearchAction\",\"target\":{\"@type\":\"EntryPoint\",\"urlTemplate\":\"https:\\\/\\\/cmas.udd.cl\\\/?s={search_term_string}\"},\"query-input\":{\"@type\":\"PropertyValueSpecification\",\"valueRequired\":true,\"valueName\":\"search_term_string\"}}],\"inLanguage\":\"en-US\"},{\"@type\":\"Organization\",\"@id\":\"https:\\\/\\\/cmas.udd.cl\\\/#organization\",\"name\":\"C+\",\"url\":\"https:\\\/\\\/cmas.udd.cl\\\/\",\"logo\":{\"@type\":\"ImageObject\",\"inLanguage\":\"en-US\",\"@id\":\"https:\\\/\\\/cmas.udd.cl\\\/#\\\/schema\\\/logo\\\/image\\\/\",\"url\":\"https:\\\/\\\/cmas.udd.cl\\\/wp-content\\\/uploads\\\/2023\\\/05\\\/Logo-compuesto-UDD-Cmas.png\",\"contentUrl\":\"https:\\\/\\\/cmas.udd.cl\\\/wp-content\\\/uploads\\\/2023\\\/05\\\/Logo-compuesto-UDD-Cmas.png\",\"width\":695,\"height\":72,\"caption\":\"C+\"},\"image\":{\"@id\":\"https:\\\/\\\/cmas.udd.cl\\\/#\\\/schema\\\/logo\\\/image\\\/\"}}]}<\/script>\n<!-- \/ Yoast SEO plugin. -->","yoast_head_json":{"title":"Investigador del Centro C+ particip\u00f3 en informe de la Organizaci\u00f3n Mundial de Meteorolog\u00eda sobre sensores de bajo costo\u00a0 - C+","robots":{"index":"index","follow":"follow","max-snippet":"max-snippet:-1","max-image-preview":"max-image-preview:large","max-video-preview":"max-video-preview:-1"},"canonical":"https:\/\/cmas.udd.cl\/en\/noticia\/investigador-del-centro-c-participo-en-informe-de-la-organizacion-mundial-de-meteorologia-sobre-sensores-de-bajo-costo-migrado\/","og_locale":"en_US","og_type":"article","og_title":"Investigador del Centro C+ particip\u00f3 en informe de la Organizaci\u00f3n Mundial de Meteorolog\u00eda sobre sensores de bajo costo\u00a0 - C+","og_description":"El investigador del Centro de Investigaci\u00f3n en Tecnolog\u00edas para la Sociedad (C+) de la Facultad de Ingenier\u00eda UDD, Sebasti\u00e1n Diez, colabor\u00f3 recientemente en el \u00faltimo reporte de &#8220;Integraci\u00f3n de redes y sistemas de sensores de bajo costo para mejorar las aplicaciones de calidad del aire&#8221;, de la Organizaci\u00f3n Mundial de Meteorolog\u00eda sobre la utilizaci\u00f3n de [&hellip;]","og_url":"https:\/\/cmas.udd.cl\/en\/noticia\/investigador-del-centro-c-participo-en-informe-de-la-organizacion-mundial-de-meteorologia-sobre-sensores-de-bajo-costo-migrado\/","og_site_name":"C+","article_modified_time":"2025-07-02T00:08:35+00:00","og_image":[{"width":1024,"height":768,"url":"https:\/\/cmas.udd.cl\/wp-content\/uploads\/2024\/07\/Hiri_coyhaique-4-1-1024x768-1.jpg","type":"image\/jpeg"}],"twitter_card":"summary_large_image","twitter_misc":{"Est. reading time":"2 minutes"},"schema":{"@context":"https:\/\/schema.org","@graph":[{"@type":"WebPage","@id":"https:\/\/cmas.udd.cl\/noticia\/investigador-del-centro-c-participo-en-informe-de-la-organizacion-mundial-de-meteorologia-sobre-sensores-de-bajo-costo-migrado\/","url":"https:\/\/cmas.udd.cl\/noticia\/investigador-del-centro-c-participo-en-informe-de-la-organizacion-mundial-de-meteorologia-sobre-sensores-de-bajo-costo-migrado\/","name":"Investigador del Centro C+ particip\u00f3 en informe de la Organizaci\u00f3n Mundial de Meteorolog\u00eda sobre sensores de bajo costo\u00a0 - C+","isPartOf":{"@id":"https:\/\/cmas.udd.cl\/#website"},"primaryImageOfPage":{"@id":"https:\/\/cmas.udd.cl\/noticia\/investigador-del-centro-c-participo-en-informe-de-la-organizacion-mundial-de-meteorologia-sobre-sensores-de-bajo-costo-migrado\/#primaryimage"},"image":{"@id":"https:\/\/cmas.udd.cl\/noticia\/investigador-del-centro-c-participo-en-informe-de-la-organizacion-mundial-de-meteorologia-sobre-sensores-de-bajo-costo-migrado\/#primaryimage"},"thumbnailUrl":"https:\/\/cmas.udd.cl\/wp-content\/uploads\/2024\/07\/Hiri_coyhaique-4-1-1024x768-1.jpg","datePublished":"2024-07-17T19:27:14+00:00","dateModified":"2025-07-02T00:08:35+00:00","breadcrumb":{"@id":"https:\/\/cmas.udd.cl\/noticia\/investigador-del-centro-c-participo-en-informe-de-la-organizacion-mundial-de-meteorologia-sobre-sensores-de-bajo-costo-migrado\/#breadcrumb"},"inLanguage":"en-US","potentialAction":[{"@type":"ReadAction","target":["https:\/\/cmas.udd.cl\/noticia\/investigador-del-centro-c-participo-en-informe-de-la-organizacion-mundial-de-meteorologia-sobre-sensores-de-bajo-costo-migrado\/"]}]},{"@type":"ImageObject","inLanguage":"en-US","@id":"https:\/\/cmas.udd.cl\/noticia\/investigador-del-centro-c-participo-en-informe-de-la-organizacion-mundial-de-meteorologia-sobre-sensores-de-bajo-costo-migrado\/#primaryimage","url":"https:\/\/cmas.udd.cl\/wp-content\/uploads\/2024\/07\/Hiri_coyhaique-4-1-1024x768-1.jpg","contentUrl":"https:\/\/cmas.udd.cl\/wp-content\/uploads\/2024\/07\/Hiri_coyhaique-4-1-1024x768-1.jpg","width":1024,"height":768},{"@type":"BreadcrumbList","@id":"https:\/\/cmas.udd.cl\/noticia\/investigador-del-centro-c-participo-en-informe-de-la-organizacion-mundial-de-meteorologia-sobre-sensores-de-bajo-costo-migrado\/#breadcrumb","itemListElement":[{"@type":"ListItem","position":1,"name":"Home","item":"https:\/\/cmas.udd.cl\/"},{"@type":"ListItem","position":2,"name":"Noticias","item":"https:\/\/cmas.udd.cl\/Noticias\/"},{"@type":"ListItem","position":3,"name":"Investigador del Centro C+ particip\u00f3 en informe de la Organizaci\u00f3n Mundial de Meteorolog\u00eda sobre sensores de bajo costo\u00a0"}]},{"@type":"WebSite","@id":"https:\/\/cmas.udd.cl\/#website","url":"https:\/\/cmas.udd.cl\/","name":"C+","description":"Centro Investigaci\u00f3n enTecnolog\u00edas para la Sociedad","publisher":{"@id":"https:\/\/cmas.udd.cl\/#organization"},"potentialAction":[{"@type":"SearchAction","target":{"@type":"EntryPoint","urlTemplate":"https:\/\/cmas.udd.cl\/?s={search_term_string}"},"query-input":{"@type":"PropertyValueSpecification","valueRequired":true,"valueName":"search_term_string"}}],"inLanguage":"en-US"},{"@type":"Organization","@id":"https:\/\/cmas.udd.cl\/#organization","name":"C+","url":"https:\/\/cmas.udd.cl\/","logo":{"@type":"ImageObject","inLanguage":"en-US","@id":"https:\/\/cmas.udd.cl\/#\/schema\/logo\/image\/","url":"https:\/\/cmas.udd.cl\/wp-content\/uploads\/2023\/05\/Logo-compuesto-UDD-Cmas.png","contentUrl":"https:\/\/cmas.udd.cl\/wp-content\/uploads\/2023\/05\/Logo-compuesto-UDD-Cmas.png","width":695,"height":72,"caption":"C+"},"image":{"@id":"https:\/\/cmas.udd.cl\/#\/schema\/logo\/image\/"}}]}},"_links":{"self":[{"href":"https:\/\/cmas.udd.cl\/en\/wp-json\/wp\/v2\/noticia\/5869","targetHints":{"allow":["GET"]}}],"collection":[{"href":"https:\/\/cmas.udd.cl\/en\/wp-json\/wp\/v2\/noticia"}],"about":[{"href":"https:\/\/cmas.udd.cl\/en\/wp-json\/wp\/v2\/types\/noticia"}],"version-history":[{"count":0,"href":"https:\/\/cmas.udd.cl\/en\/wp-json\/wp\/v2\/noticia\/5869\/revisions"}],"wp:featuredmedia":[{"embeddable":true,"href":"https:\/\/cmas.udd.cl\/en\/wp-json\/wp\/v2\/media\/3469"}],"wp:attachment":[{"href":"https:\/\/cmas.udd.cl\/en\/wp-json\/wp\/v2\/media?parent=5869"}],"wp:term":[{"taxonomy":"filtro-de-portada","embeddable":true,"href":"https:\/\/cmas.udd.cl\/en\/wp-json\/wp\/v2\/filtro-de-portada?post=5869"},{"taxonomy":"grupo-de-investigacion","embeddable":true,"href":"https:\/\/cmas.udd.cl\/en\/wp-json\/wp\/v2\/grupo-de-investigacion?post=5869"},{"taxonomy":"tipo-de-contenido","embeddable":true,"href":"https:\/\/cmas.udd.cl\/en\/wp-json\/wp\/v2\/tipo-de-contenido?post=5869"}],"curies":[{"name":"wp","href":"https:\/\/api.w.org\/{rel}","templated":true}]}}