{"id":5856,"date":"2024-05-09T19:04:20","date_gmt":"2024-05-09T19:04:20","guid":{"rendered":"https:\/\/centrodeinvestigacioningenieria.udd.cl\/?post_type=noticia&#038;p=3183"},"modified":"2025-07-02T00:08:35","modified_gmt":"2025-07-02T00:08:35","slug":"centro-c-participa-en-2do-encuentro-cientifico-para-el-estudio-del-rio-maipo-migrado","status":"publish","type":"noticia","link":"https:\/\/cmas.udd.cl\/en\/noticia\/centro-c-participa-en-2do-encuentro-cientifico-para-el-estudio-del-rio-maipo-migrado\/","title":{"rendered":"Centro C+ participa en 2do Encuentro Cient\u00edfico para el estudio del R\u00edo Maipo\u00a0\u00a0"},"content":{"rendered":"<p>Con alrededor de 60 asistentes, hace algunos d\u00edas se llev\u00f3 a cabo el 2do Encuentro Cient\u00edfico de la Cuenca del Maipo, en el Museo de Historia Natural e Hist\u00f3rico en San Antonio.&nbsp;&nbsp;<\/p>\n\n\n\n<p>La actividad se realiz\u00f3 con el objetivo de ser un encuentro para p\u00fablico general, instituciones, organizaciones e investigadores relacionados en el estudio de la calidad del agua, la situaci\u00f3n medioambiental y la restauraci\u00f3n y mecanismo de protecci\u00f3n del R\u00edo Maipo.&nbsp;<\/p>\n\n\n\n<p>Durante la jornada, los asistentes pudieron conversar y compartir experiencias, adem\u00e1s de escuchar las charlas&nbsp;y hablar con las personas de los diferentes&nbsp;stands que mostraban los trabajos realizados en la cuenca del Maipo.&nbsp;&nbsp;<\/p>\n\n\n\n<p>En esta misma l\u00ednea, el Centro de Investigaci\u00f3n en Tecnolog\u00edas para la Sociedad (C+) de Ingenier\u00eda UDD junto a algunos investigadores, ha estado trabajando y colaborando con diferentes organizaciones de ciencia ciudadana relacionados con la cuenca del Maipo. Uno de ellos es \u201cVoluntarios por el Agua\u201d, que busca dar cuenta de la calidad del agua del r\u00edo, sus componentes y contaminaci\u00f3n. Asimismo, se realizan mediciones con sensores de bajo costo, para posteriormente analizar los datos y, de esta manera, dar a conocer los resultados y ayudar en la toma de decisiones respecto al lugar.&nbsp;&nbsp;<\/p>\n\n\n\n<p>En relaci\u00f3n con esto, Zo\u00eb Fleming, investigadora principal del grupo EnviroHealth Dynamics del C+ y tambi\u00e9n miembro de diferentes organizaciones relacionados con el R\u00edo Maipo, se\u00f1al\u00f3 que \u201cesta jornada permiti\u00f3 tanto a los cient\u00edficos como a las organizaciones conversar y compartir experiencias, resumir las necesidades y definir los siguientes desaf\u00edos para trabajar en conjunto, en relaci\u00f3n a los proyectos desarrollados\u201d.&nbsp;&nbsp;<\/p>\n\n\n\n<p>Por \u00faltimo, la organizaci\u00f3n lanz\u00f3 un <a href=\"https:\/\/cmas.udd.cl\/wp-content\/uploads\/2024\/06\/LIBRITO-2do-Encuentro-cientifico-Maipo-2024_FINAL_compressed_compressed-2_compressed.pdf\">libro de resumen descargable<\/a> sobre el evento que da cuenta de las diferentes investigaciones y actividades comunitarias que se han llevado a cabo hasta ahora y los temas presentados durante la jornada.\u00a0<\/p>\n\n\n\n<p>Revisa el texto completo <a href=\"https:\/\/cmas.udd.cl\/wp-content\/uploads\/2024\/06\/LIBRITO-2do-Encuentro-cientifico-Maipo-2024_FINAL_compressed_compressed-2_compressed.pdf\">aqu\u00ed<\/a>.<\/p>\n\n\n\n<figure class=\"wp-block-gallery has-nested-images columns-default is-cropped wp-block-gallery-1 is-layout-flex wp-block-gallery-is-layout-flex\">\n<figure class=\"wp-block-image size-large\"><img fetchpriority=\"high\" decoding=\"async\" width=\"1024\" height=\"768\" data-id=\"3184\" src=\"https:\/\/cmas.udd.cl\/wp-content\/uploads\/2024\/05\/WhatsApp-Image-2024-05-09-at-15.02.48-3-1024x768.jpeg\" alt=\"\" class=\"wp-image-3184\" srcset=\"https:\/\/cmas.udd.cl\/wp-content\/uploads\/2024\/05\/WhatsApp-Image-2024-05-09-at-15.02.48-3-1024x768.jpeg 1024w, https:\/\/cmas.udd.cl\/wp-content\/uploads\/2024\/05\/WhatsApp-Image-2024-05-09-at-15.02.48-3-300x225.jpeg 300w, https:\/\/cmas.udd.cl\/wp-content\/uploads\/2024\/05\/WhatsApp-Image-2024-05-09-at-15.02.48-3-768x576.jpeg 768w, https:\/\/cmas.udd.cl\/wp-content\/uploads\/2024\/05\/WhatsApp-Image-2024-05-09-at-15.02.48-3-1536x1152.jpeg 1536w, https:\/\/cmas.udd.cl\/wp-content\/uploads\/2024\/05\/WhatsApp-Image-2024-05-09-at-15.02.48-3.jpeg 1600w\" sizes=\"(max-width: 1024px) 100vw, 1024px\" \/><\/figure>\n\n\n\n<figure class=\"wp-block-image size-large\"><img decoding=\"async\" width=\"1024\" height=\"768\" data-id=\"3187\" src=\"https:\/\/cmas.udd.cl\/wp-content\/uploads\/2024\/05\/WhatsApp-Image-2024-05-09-at-15.02.48-2-1024x768.jpeg\" alt=\"\" class=\"wp-image-3187\" srcset=\"https:\/\/cmas.udd.cl\/wp-content\/uploads\/2024\/05\/WhatsApp-Image-2024-05-09-at-15.02.48-2-1024x768.jpeg 1024w, https:\/\/cmas.udd.cl\/wp-content\/uploads\/2024\/05\/WhatsApp-Image-2024-05-09-at-15.02.48-2-300x225.jpeg 300w, https:\/\/cmas.udd.cl\/wp-content\/uploads\/2024\/05\/WhatsApp-Image-2024-05-09-at-15.02.48-2-768x576.jpeg 768w, https:\/\/cmas.udd.cl\/wp-content\/uploads\/2024\/05\/WhatsApp-Image-2024-05-09-at-15.02.48-2-1536x1152.jpeg 1536w, https:\/\/cmas.udd.cl\/wp-content\/uploads\/2024\/05\/WhatsApp-Image-2024-05-09-at-15.02.48-2.jpeg 1600w\" sizes=\"(max-width: 1024px) 100vw, 1024px\" \/><\/figure>\n\n\n\n<figure class=\"wp-block-image size-large\"><img decoding=\"async\" width=\"1024\" height=\"768\" data-id=\"3186\" src=\"https:\/\/cmas.udd.cl\/wp-content\/uploads\/2024\/05\/WhatsApp-Image-2024-05-09-at-15.02.48-1-1024x768.jpeg\" alt=\"\" class=\"wp-image-3186\" srcset=\"https:\/\/cmas.udd.cl\/wp-content\/uploads\/2024\/05\/WhatsApp-Image-2024-05-09-at-15.02.48-1-1024x768.jpeg 1024w, https:\/\/cmas.udd.cl\/wp-content\/uploads\/2024\/05\/WhatsApp-Image-2024-05-09-at-15.02.48-1-300x225.jpeg 300w, https:\/\/cmas.udd.cl\/wp-content\/uploads\/2024\/05\/WhatsApp-Image-2024-05-09-at-15.02.48-1-768x576.jpeg 768w, https:\/\/cmas.udd.cl\/wp-content\/uploads\/2024\/05\/WhatsApp-Image-2024-05-09-at-15.02.48-1-1536x1152.jpeg 1536w, https:\/\/cmas.udd.cl\/wp-content\/uploads\/2024\/05\/WhatsApp-Image-2024-05-09-at-15.02.48-1.jpeg 1600w\" sizes=\"(max-width: 1024px) 100vw, 1024px\" \/><\/figure>\n\n\n\n<figure class=\"wp-block-image size-large\"><img loading=\"lazy\" decoding=\"async\" width=\"769\" height=\"1024\" data-id=\"3185\" src=\"https:\/\/cmas.udd.cl\/wp-content\/uploads\/2024\/05\/WhatsApp-Image-2024-05-09-at-15.02.48-769x1024.jpeg\" alt=\"\" class=\"wp-image-3185\" srcset=\"https:\/\/cmas.udd.cl\/wp-content\/uploads\/2024\/05\/WhatsApp-Image-2024-05-09-at-15.02.48-769x1024.jpeg 769w, https:\/\/cmas.udd.cl\/wp-content\/uploads\/2024\/05\/WhatsApp-Image-2024-05-09-at-15.02.48-225x300.jpeg 225w, https:\/\/cmas.udd.cl\/wp-content\/uploads\/2024\/05\/WhatsApp-Image-2024-05-09-at-15.02.48-768x1023.jpeg 768w, https:\/\/cmas.udd.cl\/wp-content\/uploads\/2024\/05\/WhatsApp-Image-2024-05-09-at-15.02.48-1153x1536.jpeg 1153w, https:\/\/cmas.udd.cl\/wp-content\/uploads\/2024\/05\/WhatsApp-Image-2024-05-09-at-15.02.48.jpeg 1201w\" sizes=\"(max-width: 769px) 100vw, 769px\" \/><\/figure>\n<\/figure>","protected":false},"excerpt":{"rendered":"<p>Con alrededor de 60 asistentes, hace algunos d\u00edas se llev\u00f3 a cabo el 2do Encuentro Cient\u00edfico de la Cuenca del Maipo, en el Museo de Historia Natural e Hist\u00f3rico en San Antonio.&nbsp;&nbsp; La actividad se realiz\u00f3 con el objetivo de ser un encuentro para p\u00fablico general, instituciones, organizaciones e investigadores relacionados en el estudio de [&hellip;]<\/p>\n","protected":false},"featured_media":3187,"template":"","meta":{"_acf_changed":false},"filtro-de-portada":[],"grupo-de-investigacion":[103],"tipo-de-contenido":[],"class_list":["post-5856","noticia","type-noticia","status-publish","has-post-thumbnail","hentry","grupo-de-investigacion-enviro_health"],"acf":[],"yoast_head":"<!-- This site is optimized with the Yoast SEO plugin v27.3 - https:\/\/yoast.com\/product\/yoast-seo-wordpress\/ -->\n<title>Centro C+ participa en 2do Encuentro Cient\u00edfico para el estudio del R\u00edo Maipo\u00a0\u00a0 - C+<\/title>\n<meta name=\"robots\" content=\"index, follow, max-snippet:-1, max-image-preview:large, max-video-preview:-1\" \/>\n<link rel=\"canonical\" href=\"https:\/\/cmas.udd.cl\/en\/noticia\/centro-c-participa-en-2do-encuentro-cientifico-para-el-estudio-del-rio-maipo-migrado\/\" \/>\n<meta property=\"og:locale\" content=\"en_US\" \/>\n<meta property=\"og:type\" content=\"article\" \/>\n<meta property=\"og:title\" content=\"Centro C+ participa en 2do Encuentro Cient\u00edfico para el estudio del R\u00edo Maipo\u00a0\u00a0 - C+\" \/>\n<meta property=\"og:description\" content=\"Con alrededor de 60 asistentes, hace algunos d\u00edas se llev\u00f3 a cabo el 2do Encuentro Cient\u00edfico de la Cuenca del Maipo, en el Museo de Historia Natural e Hist\u00f3rico en San Antonio.&nbsp;&nbsp; La actividad se realiz\u00f3 con el objetivo de ser un encuentro para p\u00fablico general, instituciones, organizaciones e investigadores relacionados en el estudio de [&hellip;]\" \/>\n<meta property=\"og:url\" content=\"https:\/\/cmas.udd.cl\/en\/noticia\/centro-c-participa-en-2do-encuentro-cientifico-para-el-estudio-del-rio-maipo-migrado\/\" \/>\n<meta property=\"og:site_name\" content=\"C+\" \/>\n<meta property=\"article:modified_time\" content=\"2025-07-02T00:08:35+00:00\" \/>\n<meta property=\"og:image\" content=\"https:\/\/cmas.udd.cl\/wp-content\/uploads\/2024\/05\/WhatsApp-Image-2024-05-09-at-15.02.48-2.jpeg\" \/>\n\t<meta property=\"og:image:width\" content=\"1600\" \/>\n\t<meta property=\"og:image:height\" content=\"1200\" \/>\n\t<meta property=\"og:image:type\" content=\"image\/jpeg\" \/>\n<meta name=\"twitter:card\" content=\"summary_large_image\" \/>\n<meta name=\"twitter:label1\" content=\"Est. reading time\" \/>\n\t<meta name=\"twitter:data1\" content=\"2 minutes\" \/>\n<script type=\"application\/ld+json\" class=\"yoast-schema-graph\">{\"@context\":\"https:\\\/\\\/schema.org\",\"@graph\":[{\"@type\":\"WebPage\",\"@id\":\"https:\\\/\\\/cmas.udd.cl\\\/noticia\\\/centro-c-participa-en-2do-encuentro-cientifico-para-el-estudio-del-rio-maipo-migrado\\\/\",\"url\":\"https:\\\/\\\/cmas.udd.cl\\\/noticia\\\/centro-c-participa-en-2do-encuentro-cientifico-para-el-estudio-del-rio-maipo-migrado\\\/\",\"name\":\"Centro C+ participa en 2do Encuentro Cient\u00edfico para el estudio del R\u00edo Maipo\u00a0\u00a0 - C+\",\"isPartOf\":{\"@id\":\"https:\\\/\\\/cmas.udd.cl\\\/#website\"},\"primaryImageOfPage\":{\"@id\":\"https:\\\/\\\/cmas.udd.cl\\\/noticia\\\/centro-c-participa-en-2do-encuentro-cientifico-para-el-estudio-del-rio-maipo-migrado\\\/#primaryimage\"},\"image\":{\"@id\":\"https:\\\/\\\/cmas.udd.cl\\\/noticia\\\/centro-c-participa-en-2do-encuentro-cientifico-para-el-estudio-del-rio-maipo-migrado\\\/#primaryimage\"},\"thumbnailUrl\":\"https:\\\/\\\/cmas.udd.cl\\\/wp-content\\\/uploads\\\/2024\\\/05\\\/WhatsApp-Image-2024-05-09-at-15.02.48-2.jpeg\",\"datePublished\":\"2024-05-09T19:04:20+00:00\",\"dateModified\":\"2025-07-02T00:08:35+00:00\",\"breadcrumb\":{\"@id\":\"https:\\\/\\\/cmas.udd.cl\\\/noticia\\\/centro-c-participa-en-2do-encuentro-cientifico-para-el-estudio-del-rio-maipo-migrado\\\/#breadcrumb\"},\"inLanguage\":\"en-US\",\"potentialAction\":[{\"@type\":\"ReadAction\",\"target\":[\"https:\\\/\\\/cmas.udd.cl\\\/noticia\\\/centro-c-participa-en-2do-encuentro-cientifico-para-el-estudio-del-rio-maipo-migrado\\\/\"]}]},{\"@type\":\"ImageObject\",\"inLanguage\":\"en-US\",\"@id\":\"https:\\\/\\\/cmas.udd.cl\\\/noticia\\\/centro-c-participa-en-2do-encuentro-cientifico-para-el-estudio-del-rio-maipo-migrado\\\/#primaryimage\",\"url\":\"https:\\\/\\\/cmas.udd.cl\\\/wp-content\\\/uploads\\\/2024\\\/05\\\/WhatsApp-Image-2024-05-09-at-15.02.48-2.jpeg\",\"contentUrl\":\"https:\\\/\\\/cmas.udd.cl\\\/wp-content\\\/uploads\\\/2024\\\/05\\\/WhatsApp-Image-2024-05-09-at-15.02.48-2.jpeg\",\"width\":1600,\"height\":1200},{\"@type\":\"BreadcrumbList\",\"@id\":\"https:\\\/\\\/cmas.udd.cl\\\/noticia\\\/centro-c-participa-en-2do-encuentro-cientifico-para-el-estudio-del-rio-maipo-migrado\\\/#breadcrumb\",\"itemListElement\":[{\"@type\":\"ListItem\",\"position\":1,\"name\":\"Home\",\"item\":\"https:\\\/\\\/cmas.udd.cl\\\/\"},{\"@type\":\"ListItem\",\"position\":2,\"name\":\"Noticias\",\"item\":\"https:\\\/\\\/cmas.udd.cl\\\/Noticias\\\/\"},{\"@type\":\"ListItem\",\"position\":3,\"name\":\"Centro C+ participa en 2do Encuentro Cient\u00edfico para el estudio del R\u00edo Maipo\u00a0\u00a0\"}]},{\"@type\":\"WebSite\",\"@id\":\"https:\\\/\\\/cmas.udd.cl\\\/#website\",\"url\":\"https:\\\/\\\/cmas.udd.cl\\\/\",\"name\":\"C+\",\"description\":\"Centro Investigaci\u00f3n enTecnolog\u00edas para la Sociedad\",\"publisher\":{\"@id\":\"https:\\\/\\\/cmas.udd.cl\\\/#organization\"},\"potentialAction\":[{\"@type\":\"SearchAction\",\"target\":{\"@type\":\"EntryPoint\",\"urlTemplate\":\"https:\\\/\\\/cmas.udd.cl\\\/?s={search_term_string}\"},\"query-input\":{\"@type\":\"PropertyValueSpecification\",\"valueRequired\":true,\"valueName\":\"search_term_string\"}}],\"inLanguage\":\"en-US\"},{\"@type\":\"Organization\",\"@id\":\"https:\\\/\\\/cmas.udd.cl\\\/#organization\",\"name\":\"C+\",\"url\":\"https:\\\/\\\/cmas.udd.cl\\\/\",\"logo\":{\"@type\":\"ImageObject\",\"inLanguage\":\"en-US\",\"@id\":\"https:\\\/\\\/cmas.udd.cl\\\/#\\\/schema\\\/logo\\\/image\\\/\",\"url\":\"https:\\\/\\\/cmas.udd.cl\\\/wp-content\\\/uploads\\\/2023\\\/05\\\/Logo-compuesto-UDD-Cmas.png\",\"contentUrl\":\"https:\\\/\\\/cmas.udd.cl\\\/wp-content\\\/uploads\\\/2023\\\/05\\\/Logo-compuesto-UDD-Cmas.png\",\"width\":695,\"height\":72,\"caption\":\"C+\"},\"image\":{\"@id\":\"https:\\\/\\\/cmas.udd.cl\\\/#\\\/schema\\\/logo\\\/image\\\/\"}}]}<\/script>\n<!-- \/ Yoast SEO plugin. -->","yoast_head_json":{"title":"Centro C+ participa en 2do Encuentro Cient\u00edfico para el estudio del R\u00edo Maipo\u00a0\u00a0 - C+","robots":{"index":"index","follow":"follow","max-snippet":"max-snippet:-1","max-image-preview":"max-image-preview:large","max-video-preview":"max-video-preview:-1"},"canonical":"https:\/\/cmas.udd.cl\/en\/noticia\/centro-c-participa-en-2do-encuentro-cientifico-para-el-estudio-del-rio-maipo-migrado\/","og_locale":"en_US","og_type":"article","og_title":"Centro C+ participa en 2do Encuentro Cient\u00edfico para el estudio del R\u00edo Maipo\u00a0\u00a0 - C+","og_description":"Con alrededor de 60 asistentes, hace algunos d\u00edas se llev\u00f3 a cabo el 2do Encuentro Cient\u00edfico de la Cuenca del Maipo, en el Museo de Historia Natural e Hist\u00f3rico en San Antonio.&nbsp;&nbsp; La actividad se realiz\u00f3 con el objetivo de ser un encuentro para p\u00fablico general, instituciones, organizaciones e investigadores relacionados en el estudio de [&hellip;]","og_url":"https:\/\/cmas.udd.cl\/en\/noticia\/centro-c-participa-en-2do-encuentro-cientifico-para-el-estudio-del-rio-maipo-migrado\/","og_site_name":"C+","article_modified_time":"2025-07-02T00:08:35+00:00","og_image":[{"width":1600,"height":1200,"url":"https:\/\/cmas.udd.cl\/wp-content\/uploads\/2024\/05\/WhatsApp-Image-2024-05-09-at-15.02.48-2.jpeg","type":"image\/jpeg"}],"twitter_card":"summary_large_image","twitter_misc":{"Est. reading time":"2 minutes"},"schema":{"@context":"https:\/\/schema.org","@graph":[{"@type":"WebPage","@id":"https:\/\/cmas.udd.cl\/noticia\/centro-c-participa-en-2do-encuentro-cientifico-para-el-estudio-del-rio-maipo-migrado\/","url":"https:\/\/cmas.udd.cl\/noticia\/centro-c-participa-en-2do-encuentro-cientifico-para-el-estudio-del-rio-maipo-migrado\/","name":"Centro C+ participa en 2do Encuentro Cient\u00edfico para el estudio del R\u00edo Maipo\u00a0\u00a0 - C+","isPartOf":{"@id":"https:\/\/cmas.udd.cl\/#website"},"primaryImageOfPage":{"@id":"https:\/\/cmas.udd.cl\/noticia\/centro-c-participa-en-2do-encuentro-cientifico-para-el-estudio-del-rio-maipo-migrado\/#primaryimage"},"image":{"@id":"https:\/\/cmas.udd.cl\/noticia\/centro-c-participa-en-2do-encuentro-cientifico-para-el-estudio-del-rio-maipo-migrado\/#primaryimage"},"thumbnailUrl":"https:\/\/cmas.udd.cl\/wp-content\/uploads\/2024\/05\/WhatsApp-Image-2024-05-09-at-15.02.48-2.jpeg","datePublished":"2024-05-09T19:04:20+00:00","dateModified":"2025-07-02T00:08:35+00:00","breadcrumb":{"@id":"https:\/\/cmas.udd.cl\/noticia\/centro-c-participa-en-2do-encuentro-cientifico-para-el-estudio-del-rio-maipo-migrado\/#breadcrumb"},"inLanguage":"en-US","potentialAction":[{"@type":"ReadAction","target":["https:\/\/cmas.udd.cl\/noticia\/centro-c-participa-en-2do-encuentro-cientifico-para-el-estudio-del-rio-maipo-migrado\/"]}]},{"@type":"ImageObject","inLanguage":"en-US","@id":"https:\/\/cmas.udd.cl\/noticia\/centro-c-participa-en-2do-encuentro-cientifico-para-el-estudio-del-rio-maipo-migrado\/#primaryimage","url":"https:\/\/cmas.udd.cl\/wp-content\/uploads\/2024\/05\/WhatsApp-Image-2024-05-09-at-15.02.48-2.jpeg","contentUrl":"https:\/\/cmas.udd.cl\/wp-content\/uploads\/2024\/05\/WhatsApp-Image-2024-05-09-at-15.02.48-2.jpeg","width":1600,"height":1200},{"@type":"BreadcrumbList","@id":"https:\/\/cmas.udd.cl\/noticia\/centro-c-participa-en-2do-encuentro-cientifico-para-el-estudio-del-rio-maipo-migrado\/#breadcrumb","itemListElement":[{"@type":"ListItem","position":1,"name":"Home","item":"https:\/\/cmas.udd.cl\/"},{"@type":"ListItem","position":2,"name":"Noticias","item":"https:\/\/cmas.udd.cl\/Noticias\/"},{"@type":"ListItem","position":3,"name":"Centro C+ participa en 2do Encuentro Cient\u00edfico para el estudio del R\u00edo Maipo\u00a0\u00a0"}]},{"@type":"WebSite","@id":"https:\/\/cmas.udd.cl\/#website","url":"https:\/\/cmas.udd.cl\/","name":"C+","description":"Centro Investigaci\u00f3n enTecnolog\u00edas para la Sociedad","publisher":{"@id":"https:\/\/cmas.udd.cl\/#organization"},"potentialAction":[{"@type":"SearchAction","target":{"@type":"EntryPoint","urlTemplate":"https:\/\/cmas.udd.cl\/?s={search_term_string}"},"query-input":{"@type":"PropertyValueSpecification","valueRequired":true,"valueName":"search_term_string"}}],"inLanguage":"en-US"},{"@type":"Organization","@id":"https:\/\/cmas.udd.cl\/#organization","name":"C+","url":"https:\/\/cmas.udd.cl\/","logo":{"@type":"ImageObject","inLanguage":"en-US","@id":"https:\/\/cmas.udd.cl\/#\/schema\/logo\/image\/","url":"https:\/\/cmas.udd.cl\/wp-content\/uploads\/2023\/05\/Logo-compuesto-UDD-Cmas.png","contentUrl":"https:\/\/cmas.udd.cl\/wp-content\/uploads\/2023\/05\/Logo-compuesto-UDD-Cmas.png","width":695,"height":72,"caption":"C+"},"image":{"@id":"https:\/\/cmas.udd.cl\/#\/schema\/logo\/image\/"}}]}},"_links":{"self":[{"href":"https:\/\/cmas.udd.cl\/en\/wp-json\/wp\/v2\/noticia\/5856","targetHints":{"allow":["GET"]}}],"collection":[{"href":"https:\/\/cmas.udd.cl\/en\/wp-json\/wp\/v2\/noticia"}],"about":[{"href":"https:\/\/cmas.udd.cl\/en\/wp-json\/wp\/v2\/types\/noticia"}],"version-history":[{"count":0,"href":"https:\/\/cmas.udd.cl\/en\/wp-json\/wp\/v2\/noticia\/5856\/revisions"}],"wp:featuredmedia":[{"embeddable":true,"href":"https:\/\/cmas.udd.cl\/en\/wp-json\/wp\/v2\/media\/3187"}],"wp:attachment":[{"href":"https:\/\/cmas.udd.cl\/en\/wp-json\/wp\/v2\/media?parent=5856"}],"wp:term":[{"taxonomy":"filtro-de-portada","embeddable":true,"href":"https:\/\/cmas.udd.cl\/en\/wp-json\/wp\/v2\/filtro-de-portada?post=5856"},{"taxonomy":"grupo-de-investigacion","embeddable":true,"href":"https:\/\/cmas.udd.cl\/en\/wp-json\/wp\/v2\/grupo-de-investigacion?post=5856"},{"taxonomy":"tipo-de-contenido","embeddable":true,"href":"https:\/\/cmas.udd.cl\/en\/wp-json\/wp\/v2\/tipo-de-contenido?post=5856"}],"curies":[{"name":"wp","href":"https:\/\/api.w.org\/{rel}","templated":true}]}}