{"id":5854,"date":"2024-05-07T20:14:23","date_gmt":"2024-05-07T20:14:23","guid":{"rendered":"https:\/\/centrodeinvestigacioningenieria.udd.cl\/?post_type=noticia&#038;p=3173"},"modified":"2025-07-02T00:08:35","modified_gmt":"2025-07-02T00:08:35","slug":"centro-c-es-aceptado-para-ser-parte-de-red-latinoamericana-de-futuros-migrado","status":"publish","type":"noticia","link":"https:\/\/cmas.udd.cl\/en\/noticia\/centro-c-es-aceptado-para-ser-parte-de-red-latinoamericana-de-futuros-migrado\/","title":{"rendered":"Centro C+ es aceptado para ser parte de Red Latinoamericana de Futuros"},"content":{"rendered":"<p>Desde hace algunas semanas, el Centro de Investigaci\u00f3n en Tecnolog\u00edas para la Sociedad (C+) de Ingenier\u00eda UDD, es parte de la Red Latinoamericana de Futuros del Consejo Nacional del CTCI, un espacio de colaboraci\u00f3n y aprendizaje permanente entre instituciones y actores p\u00fablicos y privados, nacionales e internacionales, dedicados a promover el conocimiento sobre el futuro.&nbsp;&nbsp;<\/p>\n\n\n\n<p>La invitaci\u00f3n a ser parte de esta red se hizo con el objetivo de agrupar a todas aquellas instituciones y actores latinoamericanos que realizan proyectos e investigaciones con prospectiva estrat\u00e9gica para el futuro.&nbsp;&nbsp;<\/p>\n\n\n\n<p>En esta misma l\u00ednea, el Centro de Investigaci\u00f3n en Tecnolog\u00edas para la Sociedad (C+) se encuentra trabajando y desarrollando diferentes proyectos relacionados al estudio del futuro, que buscan anteponerse y crear metodolog\u00edas que sirvan como respuesta a los cambios globales que est\u00e1n por venir.&nbsp;&nbsp;<\/p>\n\n\n\n<p>Uno de ellos es el proyecto del C+ \u201cChile Territorio Futuro\u201d, desarrollado con la colaboraci\u00f3n de Fundaci\u00f3n Enel, busca fomentar la reflexi\u00f3n y el di\u00e1logo transversal e interdisciplinario, con el fin de abordar los retos que pante el Siglo XXI.&nbsp;&nbsp;<\/p>\n\n\n\n<div class=\"wp-block-media-text is-stacked-on-mobile\"><figure class=\"wp-block-media-text__media\"><img fetchpriority=\"high\" decoding=\"async\" width=\"1024\" height=\"1024\" src=\"https:\/\/cmas.udd.cl\/wp-content\/uploads\/2024\/05\/WhatsApp-Image-2024-05-08-at-16.15.47-1024x1024.jpeg\" alt=\"\" class=\"wp-image-3176 size-full\" srcset=\"https:\/\/cmas.udd.cl\/wp-content\/uploads\/2024\/05\/WhatsApp-Image-2024-05-08-at-16.15.47-1024x1024.jpeg 1024w, https:\/\/cmas.udd.cl\/wp-content\/uploads\/2024\/05\/WhatsApp-Image-2024-05-08-at-16.15.47-300x300.jpeg 300w, https:\/\/cmas.udd.cl\/wp-content\/uploads\/2024\/05\/WhatsApp-Image-2024-05-08-at-16.15.47-150x150.jpeg 150w, https:\/\/cmas.udd.cl\/wp-content\/uploads\/2024\/05\/WhatsApp-Image-2024-05-08-at-16.15.47-768x768.jpeg 768w, https:\/\/cmas.udd.cl\/wp-content\/uploads\/2024\/05\/WhatsApp-Image-2024-05-08-at-16.15.47-1536x1536.jpeg 1536w, https:\/\/cmas.udd.cl\/wp-content\/uploads\/2024\/05\/WhatsApp-Image-2024-05-08-at-16.15.47.jpeg 1600w\" sizes=\"(max-width: 1024px) 100vw, 1024px\" \/><\/figure><div class=\"wp-block-media-text__content\">\n<p>Seg\u00fan Francisco Fuentes, investigador del C+ y persona a cargo de la iniciativa, \u201cel proyecto est\u00e1 enfocado en la anticipaci\u00f3n, invitando a imaginar y construir posibles escenarios futuros para el pa\u00eds, a trav\u00e9s de la tecnolog\u00eda e innovaci\u00f3n\u201d.\u00a0\u00a0<\/p>\n<\/div><\/div>\n\n\n\n<p>Para esto, se cre\u00f3 el Grupo \u201cTransforming Future\u201d del C+, que agrupar\u00e1 los proyectos relacionados con esta tem\u00e1tica y se dedicar\u00e1 la identificaci\u00f3n, imaginaci\u00f3n y construcci\u00f3n de alternativas de escenarios futuros.&nbsp;&nbsp;<\/p>\n\n\n\n<p>Por \u00faltimo, cabe destacar que la Red Latinoamericana de Futuros cuenta con 54 nuevas instituciones y profesionales que se unir\u00e1n a los ya 17 miembros que impulsan proyectos relacionados con esta iniciativa.&nbsp;&nbsp;<\/p>\n\n\n\n<figure class=\"wp-block-gallery has-nested-images columns-default is-cropped wp-block-gallery-1 is-layout-flex wp-block-gallery-is-layout-flex\">\n<figure class=\"wp-block-image size-large\"><img decoding=\"async\" width=\"700\" height=\"467\" data-id=\"3174\" src=\"https:\/\/cmas.udd.cl\/wp-content\/uploads\/2024\/05\/MG_6697-1.webp\" alt=\"\" class=\"wp-image-3174\"\/><\/figure>\n\n\n\n<figure class=\"wp-block-image size-large\"><img decoding=\"async\" width=\"1024\" height=\"445\" data-id=\"3175\" src=\"https:\/\/cmas.udd.cl\/wp-content\/uploads\/2024\/05\/1649781140392-1-1024x445.jpg\" alt=\"\" class=\"wp-image-3175\" srcset=\"https:\/\/cmas.udd.cl\/wp-content\/uploads\/2024\/05\/1649781140392-1-1024x445.jpg 1024w, https:\/\/cmas.udd.cl\/wp-content\/uploads\/2024\/05\/1649781140392-1-300x130.jpg 300w, https:\/\/cmas.udd.cl\/wp-content\/uploads\/2024\/05\/1649781140392-1-768x334.jpg 768w, https:\/\/cmas.udd.cl\/wp-content\/uploads\/2024\/05\/1649781140392-1.jpg 1280w\" sizes=\"(max-width: 1024px) 100vw, 1024px\" \/><\/figure>\n<\/figure>","protected":false},"excerpt":{"rendered":"<p>Desde hace algunas semanas, el Centro de Investigaci\u00f3n en Tecnolog\u00edas para la Sociedad (C+) de Ingenier\u00eda UDD, es parte de la Red Latinoamericana de Futuros del Consejo Nacional del CTCI, un espacio de colaboraci\u00f3n y aprendizaje permanente entre instituciones y actores p\u00fablicos y privados, nacionales e internacionales, dedicados a promover el conocimiento sobre el futuro.&nbsp;&nbsp; [&hellip;]<\/p>\n","protected":false},"featured_media":3175,"template":"","meta":{"_acf_changed":false},"filtro-de-portada":[],"grupo-de-investigacion":[112],"tipo-de-contenido":[],"class_list":["post-5854","noticia","type-noticia","status-publish","has-post-thumbnail","hentry","grupo-de-investigacion-transforming_future"],"acf":[],"yoast_head":"<!-- This site is optimized with the Yoast SEO plugin v27.3 - https:\/\/yoast.com\/product\/yoast-seo-wordpress\/ -->\n<title>Centro C+ es aceptado para ser parte de Red Latinoamericana de Futuros - C+<\/title>\n<meta name=\"robots\" content=\"index, follow, max-snippet:-1, max-image-preview:large, max-video-preview:-1\" \/>\n<link rel=\"canonical\" href=\"https:\/\/cmas.udd.cl\/en\/noticia\/centro-c-es-aceptado-para-ser-parte-de-red-latinoamericana-de-futuros-migrado\/\" \/>\n<meta property=\"og:locale\" content=\"en_US\" \/>\n<meta property=\"og:type\" content=\"article\" \/>\n<meta property=\"og:title\" content=\"Centro C+ es aceptado para ser parte de Red Latinoamericana de Futuros - C+\" \/>\n<meta property=\"og:description\" content=\"Desde hace algunas semanas, el Centro de Investigaci\u00f3n en Tecnolog\u00edas para la Sociedad (C+) de Ingenier\u00eda UDD, es parte de la Red Latinoamericana de Futuros del Consejo Nacional del CTCI, un espacio de colaboraci\u00f3n y aprendizaje permanente entre instituciones y actores p\u00fablicos y privados, nacionales e internacionales, dedicados a promover el conocimiento sobre el futuro.&nbsp;&nbsp; [&hellip;]\" \/>\n<meta property=\"og:url\" content=\"https:\/\/cmas.udd.cl\/en\/noticia\/centro-c-es-aceptado-para-ser-parte-de-red-latinoamericana-de-futuros-migrado\/\" \/>\n<meta property=\"og:site_name\" content=\"C+\" \/>\n<meta property=\"article:modified_time\" content=\"2025-07-02T00:08:35+00:00\" \/>\n<meta property=\"og:image\" content=\"https:\/\/cmas.udd.cl\/wp-content\/uploads\/2024\/05\/1649781140392-1.jpg\" \/>\n\t<meta property=\"og:image:width\" content=\"1280\" \/>\n\t<meta property=\"og:image:height\" content=\"556\" \/>\n\t<meta property=\"og:image:type\" content=\"image\/jpeg\" \/>\n<meta name=\"twitter:card\" content=\"summary_large_image\" \/>\n<meta name=\"twitter:label1\" content=\"Est. reading time\" \/>\n\t<meta name=\"twitter:data1\" content=\"2 minutes\" \/>\n<script type=\"application\/ld+json\" class=\"yoast-schema-graph\">{\"@context\":\"https:\\\/\\\/schema.org\",\"@graph\":[{\"@type\":\"WebPage\",\"@id\":\"https:\\\/\\\/cmas.udd.cl\\\/noticia\\\/centro-c-es-aceptado-para-ser-parte-de-red-latinoamericana-de-futuros-migrado\\\/\",\"url\":\"https:\\\/\\\/cmas.udd.cl\\\/noticia\\\/centro-c-es-aceptado-para-ser-parte-de-red-latinoamericana-de-futuros-migrado\\\/\",\"name\":\"Centro C+ es aceptado para ser parte de Red Latinoamericana de Futuros - C+\",\"isPartOf\":{\"@id\":\"https:\\\/\\\/cmas.udd.cl\\\/#website\"},\"primaryImageOfPage\":{\"@id\":\"https:\\\/\\\/cmas.udd.cl\\\/noticia\\\/centro-c-es-aceptado-para-ser-parte-de-red-latinoamericana-de-futuros-migrado\\\/#primaryimage\"},\"image\":{\"@id\":\"https:\\\/\\\/cmas.udd.cl\\\/noticia\\\/centro-c-es-aceptado-para-ser-parte-de-red-latinoamericana-de-futuros-migrado\\\/#primaryimage\"},\"thumbnailUrl\":\"https:\\\/\\\/cmas.udd.cl\\\/wp-content\\\/uploads\\\/2024\\\/05\\\/1649781140392-1.jpg\",\"datePublished\":\"2024-05-07T20:14:23+00:00\",\"dateModified\":\"2025-07-02T00:08:35+00:00\",\"breadcrumb\":{\"@id\":\"https:\\\/\\\/cmas.udd.cl\\\/noticia\\\/centro-c-es-aceptado-para-ser-parte-de-red-latinoamericana-de-futuros-migrado\\\/#breadcrumb\"},\"inLanguage\":\"en-US\",\"potentialAction\":[{\"@type\":\"ReadAction\",\"target\":[\"https:\\\/\\\/cmas.udd.cl\\\/noticia\\\/centro-c-es-aceptado-para-ser-parte-de-red-latinoamericana-de-futuros-migrado\\\/\"]}]},{\"@type\":\"ImageObject\",\"inLanguage\":\"en-US\",\"@id\":\"https:\\\/\\\/cmas.udd.cl\\\/noticia\\\/centro-c-es-aceptado-para-ser-parte-de-red-latinoamericana-de-futuros-migrado\\\/#primaryimage\",\"url\":\"https:\\\/\\\/cmas.udd.cl\\\/wp-content\\\/uploads\\\/2024\\\/05\\\/1649781140392-1.jpg\",\"contentUrl\":\"https:\\\/\\\/cmas.udd.cl\\\/wp-content\\\/uploads\\\/2024\\\/05\\\/1649781140392-1.jpg\",\"width\":1280,\"height\":556},{\"@type\":\"BreadcrumbList\",\"@id\":\"https:\\\/\\\/cmas.udd.cl\\\/noticia\\\/centro-c-es-aceptado-para-ser-parte-de-red-latinoamericana-de-futuros-migrado\\\/#breadcrumb\",\"itemListElement\":[{\"@type\":\"ListItem\",\"position\":1,\"name\":\"Home\",\"item\":\"https:\\\/\\\/cmas.udd.cl\\\/\"},{\"@type\":\"ListItem\",\"position\":2,\"name\":\"Noticias\",\"item\":\"https:\\\/\\\/cmas.udd.cl\\\/Noticias\\\/\"},{\"@type\":\"ListItem\",\"position\":3,\"name\":\"Centro C+ es aceptado para ser parte de Red Latinoamericana de Futuros\"}]},{\"@type\":\"WebSite\",\"@id\":\"https:\\\/\\\/cmas.udd.cl\\\/#website\",\"url\":\"https:\\\/\\\/cmas.udd.cl\\\/\",\"name\":\"C+\",\"description\":\"Centro Investigaci\u00f3n enTecnolog\u00edas para la Sociedad\",\"publisher\":{\"@id\":\"https:\\\/\\\/cmas.udd.cl\\\/#organization\"},\"potentialAction\":[{\"@type\":\"SearchAction\",\"target\":{\"@type\":\"EntryPoint\",\"urlTemplate\":\"https:\\\/\\\/cmas.udd.cl\\\/?s={search_term_string}\"},\"query-input\":{\"@type\":\"PropertyValueSpecification\",\"valueRequired\":true,\"valueName\":\"search_term_string\"}}],\"inLanguage\":\"en-US\"},{\"@type\":\"Organization\",\"@id\":\"https:\\\/\\\/cmas.udd.cl\\\/#organization\",\"name\":\"C+\",\"url\":\"https:\\\/\\\/cmas.udd.cl\\\/\",\"logo\":{\"@type\":\"ImageObject\",\"inLanguage\":\"en-US\",\"@id\":\"https:\\\/\\\/cmas.udd.cl\\\/#\\\/schema\\\/logo\\\/image\\\/\",\"url\":\"https:\\\/\\\/cmas.udd.cl\\\/wp-content\\\/uploads\\\/2023\\\/05\\\/Logo-compuesto-UDD-Cmas.png\",\"contentUrl\":\"https:\\\/\\\/cmas.udd.cl\\\/wp-content\\\/uploads\\\/2023\\\/05\\\/Logo-compuesto-UDD-Cmas.png\",\"width\":695,\"height\":72,\"caption\":\"C+\"},\"image\":{\"@id\":\"https:\\\/\\\/cmas.udd.cl\\\/#\\\/schema\\\/logo\\\/image\\\/\"}}]}<\/script>\n<!-- \/ Yoast SEO plugin. -->","yoast_head_json":{"title":"Centro C+ es aceptado para ser parte de Red Latinoamericana de Futuros - C+","robots":{"index":"index","follow":"follow","max-snippet":"max-snippet:-1","max-image-preview":"max-image-preview:large","max-video-preview":"max-video-preview:-1"},"canonical":"https:\/\/cmas.udd.cl\/en\/noticia\/centro-c-es-aceptado-para-ser-parte-de-red-latinoamericana-de-futuros-migrado\/","og_locale":"en_US","og_type":"article","og_title":"Centro C+ es aceptado para ser parte de Red Latinoamericana de Futuros - C+","og_description":"Desde hace algunas semanas, el Centro de Investigaci\u00f3n en Tecnolog\u00edas para la Sociedad (C+) de Ingenier\u00eda UDD, es parte de la Red Latinoamericana de Futuros del Consejo Nacional del CTCI, un espacio de colaboraci\u00f3n y aprendizaje permanente entre instituciones y actores p\u00fablicos y privados, nacionales e internacionales, dedicados a promover el conocimiento sobre el futuro.&nbsp;&nbsp; [&hellip;]","og_url":"https:\/\/cmas.udd.cl\/en\/noticia\/centro-c-es-aceptado-para-ser-parte-de-red-latinoamericana-de-futuros-migrado\/","og_site_name":"C+","article_modified_time":"2025-07-02T00:08:35+00:00","og_image":[{"width":1280,"height":556,"url":"https:\/\/cmas.udd.cl\/wp-content\/uploads\/2024\/05\/1649781140392-1.jpg","type":"image\/jpeg"}],"twitter_card":"summary_large_image","twitter_misc":{"Est. reading time":"2 minutes"},"schema":{"@context":"https:\/\/schema.org","@graph":[{"@type":"WebPage","@id":"https:\/\/cmas.udd.cl\/noticia\/centro-c-es-aceptado-para-ser-parte-de-red-latinoamericana-de-futuros-migrado\/","url":"https:\/\/cmas.udd.cl\/noticia\/centro-c-es-aceptado-para-ser-parte-de-red-latinoamericana-de-futuros-migrado\/","name":"Centro C+ es aceptado para ser parte de Red Latinoamericana de Futuros - C+","isPartOf":{"@id":"https:\/\/cmas.udd.cl\/#website"},"primaryImageOfPage":{"@id":"https:\/\/cmas.udd.cl\/noticia\/centro-c-es-aceptado-para-ser-parte-de-red-latinoamericana-de-futuros-migrado\/#primaryimage"},"image":{"@id":"https:\/\/cmas.udd.cl\/noticia\/centro-c-es-aceptado-para-ser-parte-de-red-latinoamericana-de-futuros-migrado\/#primaryimage"},"thumbnailUrl":"https:\/\/cmas.udd.cl\/wp-content\/uploads\/2024\/05\/1649781140392-1.jpg","datePublished":"2024-05-07T20:14:23+00:00","dateModified":"2025-07-02T00:08:35+00:00","breadcrumb":{"@id":"https:\/\/cmas.udd.cl\/noticia\/centro-c-es-aceptado-para-ser-parte-de-red-latinoamericana-de-futuros-migrado\/#breadcrumb"},"inLanguage":"en-US","potentialAction":[{"@type":"ReadAction","target":["https:\/\/cmas.udd.cl\/noticia\/centro-c-es-aceptado-para-ser-parte-de-red-latinoamericana-de-futuros-migrado\/"]}]},{"@type":"ImageObject","inLanguage":"en-US","@id":"https:\/\/cmas.udd.cl\/noticia\/centro-c-es-aceptado-para-ser-parte-de-red-latinoamericana-de-futuros-migrado\/#primaryimage","url":"https:\/\/cmas.udd.cl\/wp-content\/uploads\/2024\/05\/1649781140392-1.jpg","contentUrl":"https:\/\/cmas.udd.cl\/wp-content\/uploads\/2024\/05\/1649781140392-1.jpg","width":1280,"height":556},{"@type":"BreadcrumbList","@id":"https:\/\/cmas.udd.cl\/noticia\/centro-c-es-aceptado-para-ser-parte-de-red-latinoamericana-de-futuros-migrado\/#breadcrumb","itemListElement":[{"@type":"ListItem","position":1,"name":"Home","item":"https:\/\/cmas.udd.cl\/"},{"@type":"ListItem","position":2,"name":"Noticias","item":"https:\/\/cmas.udd.cl\/Noticias\/"},{"@type":"ListItem","position":3,"name":"Centro C+ es aceptado para ser parte de Red Latinoamericana de Futuros"}]},{"@type":"WebSite","@id":"https:\/\/cmas.udd.cl\/#website","url":"https:\/\/cmas.udd.cl\/","name":"C+","description":"Centro Investigaci\u00f3n enTecnolog\u00edas para la Sociedad","publisher":{"@id":"https:\/\/cmas.udd.cl\/#organization"},"potentialAction":[{"@type":"SearchAction","target":{"@type":"EntryPoint","urlTemplate":"https:\/\/cmas.udd.cl\/?s={search_term_string}"},"query-input":{"@type":"PropertyValueSpecification","valueRequired":true,"valueName":"search_term_string"}}],"inLanguage":"en-US"},{"@type":"Organization","@id":"https:\/\/cmas.udd.cl\/#organization","name":"C+","url":"https:\/\/cmas.udd.cl\/","logo":{"@type":"ImageObject","inLanguage":"en-US","@id":"https:\/\/cmas.udd.cl\/#\/schema\/logo\/image\/","url":"https:\/\/cmas.udd.cl\/wp-content\/uploads\/2023\/05\/Logo-compuesto-UDD-Cmas.png","contentUrl":"https:\/\/cmas.udd.cl\/wp-content\/uploads\/2023\/05\/Logo-compuesto-UDD-Cmas.png","width":695,"height":72,"caption":"C+"},"image":{"@id":"https:\/\/cmas.udd.cl\/#\/schema\/logo\/image\/"}}]}},"_links":{"self":[{"href":"https:\/\/cmas.udd.cl\/en\/wp-json\/wp\/v2\/noticia\/5854","targetHints":{"allow":["GET"]}}],"collection":[{"href":"https:\/\/cmas.udd.cl\/en\/wp-json\/wp\/v2\/noticia"}],"about":[{"href":"https:\/\/cmas.udd.cl\/en\/wp-json\/wp\/v2\/types\/noticia"}],"version-history":[{"count":0,"href":"https:\/\/cmas.udd.cl\/en\/wp-json\/wp\/v2\/noticia\/5854\/revisions"}],"wp:featuredmedia":[{"embeddable":true,"href":"https:\/\/cmas.udd.cl\/en\/wp-json\/wp\/v2\/media\/3175"}],"wp:attachment":[{"href":"https:\/\/cmas.udd.cl\/en\/wp-json\/wp\/v2\/media?parent=5854"}],"wp:term":[{"taxonomy":"filtro-de-portada","embeddable":true,"href":"https:\/\/cmas.udd.cl\/en\/wp-json\/wp\/v2\/filtro-de-portada?post=5854"},{"taxonomy":"grupo-de-investigacion","embeddable":true,"href":"https:\/\/cmas.udd.cl\/en\/wp-json\/wp\/v2\/grupo-de-investigacion?post=5854"},{"taxonomy":"tipo-de-contenido","embeddable":true,"href":"https:\/\/cmas.udd.cl\/en\/wp-json\/wp\/v2\/tipo-de-contenido?post=5854"}],"curies":[{"name":"wp","href":"https:\/\/api.w.org\/{rel}","templated":true}]}}