{"id":5853,"date":"2024-05-06T19:56:59","date_gmt":"2024-05-06T19:56:59","guid":{"rendered":"https:\/\/centrodeinvestigacioningenieria.udd.cl\/?post_type=noticia&#038;p=3163"},"modified":"2025-07-02T00:08:35","modified_gmt":"2025-07-02T00:08:35","slug":"directora-de-programa-de-medio-ambiente-de-la-onu-realizo-charla-sobre-medio-ambiente-a-estudiantes-de-la-udd-migrado","status":"publish","type":"noticia","link":"https:\/\/cmas.udd.cl\/en\/noticia\/directora-de-programa-de-medio-ambiente-de-la-onu-realizo-charla-sobre-medio-ambiente-a-estudiantes-de-la-udd-migrado\/","title":{"rendered":"\u00a0Directora de programa de Medio Ambiente de la ONU realiz\u00f3 charla sobre medio ambiente a estudiantes de la UDD\u00a0\u00a0"},"content":{"rendered":"<figure class=\"wp-block-embed is-type-video is-provider-youtube wp-block-embed-youtube wp-embed-aspect-16-9 wp-has-aspect-ratio\"><div class=\"wp-block-embed__wrapper\">\n<iframe title=\"Programa de Medio Ambiente de la ONU realiz\u00f3 charla sobre medio ambiente a estudiantes de la UDD\" width=\"800\" height=\"450\" src=\"https:\/\/www.youtube.com\/embed\/VTcg-ePu7KY?feature=oembed\" frameborder=\"0\" allow=\"accelerometer; autoplay; clipboard-write; encrypted-media; gyroscope; picture-in-picture; web-share\" referrerpolicy=\"strict-origin-when-cross-origin\" allowfullscreen><\/iframe>\n<\/div><\/figure>\n\n\n\n<p>Con m\u00e1s de 100 asistentes, hace algunos d\u00edas, se llev\u00f3 a cabo la charla \u201c\u00danete al cambio: Explorando oportunidades para combatir la triple crisis planetaria\u201d, organizada por el Programa de las Naciones Unidas para el Medio Ambiente y la colaboraci\u00f3n del Centro de Investigaci\u00f3n en Tecnolog\u00edas para la Sociedad (C+) de Ingenier\u00eda UDD, con el objetivo de dar a conocer y conversar cara a cara con los asistentes sobre la situaci\u00f3n medioambiental, cambio clim\u00e1tico y exponer las oportunidades que existen para contribuir a la acci\u00f3n clim\u00e1tica, en favor de la naturaleza y la biodiversidad, y la acci\u00f3n contra la contaminaci\u00f3n y los residuos.&nbsp;<\/p>\n\n\n\n<p>Este encuentro, cont\u00f3 con la participaci\u00f3n de la Secretaria General Adjunta de las Naciones Unidas y directora ejecutiva del Programa para el Medio Ambienta (PNUMA), Inger Andersen, y con el director de Recursos Humanos del programa PNUMA, Carlos Barrag\u00e1n Serrano, quienes pudieron conversar en persona con los estudiantes, profesores e investigadores presentes sobre la triple crisis planetaria y el papel que desempe\u00f1a el PNUMA en la diplomacia ambiental mundial; destacando el liderazgo que j\u00f3venes profesionales ambientales pueden asumir en estos \u00e1mbitos.&nbsp;&nbsp;&nbsp;<\/p>\n\n\n\n<p>Sobre los objetivos del programa PNUMA, Andersen se\u00f1al\u00f3 que \u201ctrabajamos esencialmente con los defensores globales del medio ambiente, incorporando la ciencia a las bases legislativas y marcos comunes sobre c\u00f3mo podemos tener una gesti\u00f3n ambiental en diferentes pa\u00edses del mundo\u201d.&nbsp;&nbsp;<\/p>\n\n\n\n<p>Otra de las tem\u00e1ticas que se abordaron y que present\u00f3 Carlos Barrag\u00e1n, fueron las opciones que entrega el PNUMA respecto a oportunidades de desarrollo para los j\u00f3venes, con el fin de que los estudiantes contribuyan en el cambio clim\u00e1tico y marquen la diferencia con el planeta. &nbsp;<\/p>\n\n\n\n<p>Juan Mu\u00f1oz, estudiante de Geolog\u00eda de la UDD, sostuvo que \u201cadem\u00e1s de ser estudiante, tambi\u00e9n soy activista, participo de diferentes organizaciones relacionados al medio ambiente. Adem\u00e1s, estoy muy interesado en crear instancias en donde los estudiantes podamos crea y participar de programas ambientales que puedan ayudar al planeta, por eso este tipo de encuentros son importantes\u201d.&nbsp;&nbsp;<\/p>\n\n\n\n<p>Cabe destacar, que el evento estuvo guiado por el Decano de la Facultad de Ingenier\u00eda, Fernando Rojas, la investigadora del C+, Patricia Breuer, el director del C+, Camilo Rodr\u00edguez y cont\u00f3 con la presencia de Juan Bello, director regional de PNUMA para Am\u00e9rica Latina, Alberto Pacheco, director sub regional Cono Sur y representante de PNUMA en Chile, Marco Bravo, coordinador nacional de programas PNUMA Chile.&nbsp;&nbsp;<\/p>\n\n\n\n<figure class=\"wp-block-gallery has-nested-images columns-default is-cropped wp-block-gallery-1 is-layout-flex wp-block-gallery-is-layout-flex\">\n<figure class=\"wp-block-image size-large\"><img fetchpriority=\"high\" decoding=\"async\" width=\"1024\" height=\"681\" data-id=\"3169\" src=\"https:\/\/cmas.udd.cl\/wp-content\/uploads\/2024\/05\/WhatsApp-Image-2024-05-06-at-13.14.39-6-1024x681.jpeg\" alt=\"\" class=\"wp-image-3169\" srcset=\"https:\/\/cmas.udd.cl\/wp-content\/uploads\/2024\/05\/WhatsApp-Image-2024-05-06-at-13.14.39-6-1024x681.jpeg 1024w, https:\/\/cmas.udd.cl\/wp-content\/uploads\/2024\/05\/WhatsApp-Image-2024-05-06-at-13.14.39-6-300x200.jpeg 300w, https:\/\/cmas.udd.cl\/wp-content\/uploads\/2024\/05\/WhatsApp-Image-2024-05-06-at-13.14.39-6-768x511.jpeg 768w, https:\/\/cmas.udd.cl\/wp-content\/uploads\/2024\/05\/WhatsApp-Image-2024-05-06-at-13.14.39-6-1536x1021.jpeg 1536w, https:\/\/cmas.udd.cl\/wp-content\/uploads\/2024\/05\/WhatsApp-Image-2024-05-06-at-13.14.39-6.jpeg 1600w\" sizes=\"(max-width: 1024px) 100vw, 1024px\" \/><\/figure>\n\n\n\n<figure class=\"wp-block-image size-large\"><img decoding=\"async\" width=\"1024\" height=\"681\" data-id=\"3166\" src=\"https:\/\/cmas.udd.cl\/wp-content\/uploads\/2024\/05\/WhatsApp-Image-2024-05-06-at-13.14.39-5-1024x681.jpeg\" alt=\"\" class=\"wp-image-3166\" srcset=\"https:\/\/cmas.udd.cl\/wp-content\/uploads\/2024\/05\/WhatsApp-Image-2024-05-06-at-13.14.39-5-1024x681.jpeg 1024w, https:\/\/cmas.udd.cl\/wp-content\/uploads\/2024\/05\/WhatsApp-Image-2024-05-06-at-13.14.39-5-300x200.jpeg 300w, https:\/\/cmas.udd.cl\/wp-content\/uploads\/2024\/05\/WhatsApp-Image-2024-05-06-at-13.14.39-5-768x511.jpeg 768w, https:\/\/cmas.udd.cl\/wp-content\/uploads\/2024\/05\/WhatsApp-Image-2024-05-06-at-13.14.39-5-1536x1021.jpeg 1536w, https:\/\/cmas.udd.cl\/wp-content\/uploads\/2024\/05\/WhatsApp-Image-2024-05-06-at-13.14.39-5.jpeg 1600w\" sizes=\"(max-width: 1024px) 100vw, 1024px\" \/><\/figure>\n\n\n\n<figure class=\"wp-block-image size-large\"><img decoding=\"async\" width=\"1024\" height=\"681\" data-id=\"3168\" src=\"https:\/\/cmas.udd.cl\/wp-content\/uploads\/2024\/05\/WhatsApp-Image-2024-05-06-at-13.14.39-4-1024x681.jpeg\" alt=\"\" class=\"wp-image-3168\" srcset=\"https:\/\/cmas.udd.cl\/wp-content\/uploads\/2024\/05\/WhatsApp-Image-2024-05-06-at-13.14.39-4-1024x681.jpeg 1024w, https:\/\/cmas.udd.cl\/wp-content\/uploads\/2024\/05\/WhatsApp-Image-2024-05-06-at-13.14.39-4-300x200.jpeg 300w, https:\/\/cmas.udd.cl\/wp-content\/uploads\/2024\/05\/WhatsApp-Image-2024-05-06-at-13.14.39-4-768x511.jpeg 768w, https:\/\/cmas.udd.cl\/wp-content\/uploads\/2024\/05\/WhatsApp-Image-2024-05-06-at-13.14.39-4-1536x1021.jpeg 1536w, https:\/\/cmas.udd.cl\/wp-content\/uploads\/2024\/05\/WhatsApp-Image-2024-05-06-at-13.14.39-4.jpeg 1600w\" sizes=\"(max-width: 1024px) 100vw, 1024px\" \/><\/figure>\n\n\n\n<figure class=\"wp-block-image size-large\"><img loading=\"lazy\" decoding=\"async\" width=\"1024\" height=\"681\" data-id=\"3165\" src=\"https:\/\/cmas.udd.cl\/wp-content\/uploads\/2024\/05\/WhatsApp-Image-2024-05-06-at-13.14.39-3-1024x681.jpeg\" alt=\"\" class=\"wp-image-3165\" srcset=\"https:\/\/cmas.udd.cl\/wp-content\/uploads\/2024\/05\/WhatsApp-Image-2024-05-06-at-13.14.39-3-1024x681.jpeg 1024w, https:\/\/cmas.udd.cl\/wp-content\/uploads\/2024\/05\/WhatsApp-Image-2024-05-06-at-13.14.39-3-300x200.jpeg 300w, https:\/\/cmas.udd.cl\/wp-content\/uploads\/2024\/05\/WhatsApp-Image-2024-05-06-at-13.14.39-3-768x511.jpeg 768w, https:\/\/cmas.udd.cl\/wp-content\/uploads\/2024\/05\/WhatsApp-Image-2024-05-06-at-13.14.39-3-1536x1021.jpeg 1536w, https:\/\/cmas.udd.cl\/wp-content\/uploads\/2024\/05\/WhatsApp-Image-2024-05-06-at-13.14.39-3.jpeg 1600w\" sizes=\"(max-width: 1024px) 100vw, 1024px\" \/><\/figure>\n\n\n\n<figure class=\"wp-block-image size-large\"><img loading=\"lazy\" decoding=\"async\" width=\"1024\" height=\"681\" data-id=\"3171\" src=\"https:\/\/cmas.udd.cl\/wp-content\/uploads\/2024\/05\/WhatsApp-Image-2024-05-06-at-13.14.39-2-1024x681.jpeg\" alt=\"\" class=\"wp-image-3171\" srcset=\"https:\/\/cmas.udd.cl\/wp-content\/uploads\/2024\/05\/WhatsApp-Image-2024-05-06-at-13.14.39-2-1024x681.jpeg 1024w, https:\/\/cmas.udd.cl\/wp-content\/uploads\/2024\/05\/WhatsApp-Image-2024-05-06-at-13.14.39-2-300x200.jpeg 300w, https:\/\/cmas.udd.cl\/wp-content\/uploads\/2024\/05\/WhatsApp-Image-2024-05-06-at-13.14.39-2-768x511.jpeg 768w, https:\/\/cmas.udd.cl\/wp-content\/uploads\/2024\/05\/WhatsApp-Image-2024-05-06-at-13.14.39-2-1536x1021.jpeg 1536w, https:\/\/cmas.udd.cl\/wp-content\/uploads\/2024\/05\/WhatsApp-Image-2024-05-06-at-13.14.39-2.jpeg 1600w\" sizes=\"(max-width: 1024px) 100vw, 1024px\" \/><\/figure>\n\n\n\n<figure class=\"wp-block-image size-large\"><img loading=\"lazy\" decoding=\"async\" width=\"1024\" height=\"681\" data-id=\"3172\" src=\"https:\/\/cmas.udd.cl\/wp-content\/uploads\/2024\/05\/WhatsApp-Image-2024-05-06-at-13.14.39-1-1024x681.jpeg\" alt=\"\" class=\"wp-image-3172\" srcset=\"https:\/\/cmas.udd.cl\/wp-content\/uploads\/2024\/05\/WhatsApp-Image-2024-05-06-at-13.14.39-1-1024x681.jpeg 1024w, https:\/\/cmas.udd.cl\/wp-content\/uploads\/2024\/05\/WhatsApp-Image-2024-05-06-at-13.14.39-1-300x200.jpeg 300w, https:\/\/cmas.udd.cl\/wp-content\/uploads\/2024\/05\/WhatsApp-Image-2024-05-06-at-13.14.39-1-768x511.jpeg 768w, https:\/\/cmas.udd.cl\/wp-content\/uploads\/2024\/05\/WhatsApp-Image-2024-05-06-at-13.14.39-1-1536x1021.jpeg 1536w, https:\/\/cmas.udd.cl\/wp-content\/uploads\/2024\/05\/WhatsApp-Image-2024-05-06-at-13.14.39-1.jpeg 1600w\" sizes=\"(max-width: 1024px) 100vw, 1024px\" \/><\/figure>\n\n\n\n<figure class=\"wp-block-image size-large\"><img loading=\"lazy\" decoding=\"async\" width=\"1024\" height=\"681\" data-id=\"3170\" src=\"https:\/\/cmas.udd.cl\/wp-content\/uploads\/2024\/05\/WhatsApp-Image-2024-05-06-at-13.14.39-1024x681.jpeg\" alt=\"\" class=\"wp-image-3170\" srcset=\"https:\/\/cmas.udd.cl\/wp-content\/uploads\/2024\/05\/WhatsApp-Image-2024-05-06-at-13.14.39-1024x681.jpeg 1024w, https:\/\/cmas.udd.cl\/wp-content\/uploads\/2024\/05\/WhatsApp-Image-2024-05-06-at-13.14.39-300x200.jpeg 300w, https:\/\/cmas.udd.cl\/wp-content\/uploads\/2024\/05\/WhatsApp-Image-2024-05-06-at-13.14.39-768x511.jpeg 768w, https:\/\/cmas.udd.cl\/wp-content\/uploads\/2024\/05\/WhatsApp-Image-2024-05-06-at-13.14.39-1536x1021.jpeg 1536w, https:\/\/cmas.udd.cl\/wp-content\/uploads\/2024\/05\/WhatsApp-Image-2024-05-06-at-13.14.39.jpeg 1600w\" sizes=\"(max-width: 1024px) 100vw, 1024px\" \/><\/figure>\n<\/figure>","protected":false},"excerpt":{"rendered":"<p>Con m\u00e1s de 100 asistentes, hace algunos d\u00edas, se llev\u00f3 a cabo la charla \u201c\u00danete al cambio: Explorando oportunidades para combatir la triple crisis planetaria\u201d, organizada por el Programa de las Naciones Unidas para el Medio Ambiente y la colaboraci\u00f3n del Centro de Investigaci\u00f3n en Tecnolog\u00edas para la Sociedad (C+) de Ingenier\u00eda UDD, con el [&hellip;]<\/p>\n","protected":false},"featured_media":3169,"template":"","meta":{"_acf_changed":false},"filtro-de-portada":[],"grupo-de-investigacion":[],"tipo-de-contenido":[],"class_list":["post-5853","noticia","type-noticia","status-publish","has-post-thumbnail","hentry"],"acf":[],"yoast_head":"<!-- This site is optimized with the Yoast SEO plugin v27.3 - https:\/\/yoast.com\/product\/yoast-seo-wordpress\/ -->\n<title>\u00a0Directora de programa de Medio Ambiente de la ONU realiz\u00f3 charla sobre medio ambiente a estudiantes de la UDD\u00a0\u00a0 - C+<\/title>\n<meta name=\"robots\" content=\"index, follow, max-snippet:-1, max-image-preview:large, max-video-preview:-1\" \/>\n<link rel=\"canonical\" href=\"https:\/\/cmas.udd.cl\/en\/noticia\/directora-de-programa-de-medio-ambiente-de-la-onu-realizo-charla-sobre-medio-ambiente-a-estudiantes-de-la-udd-migrado\/\" \/>\n<meta property=\"og:locale\" content=\"en_US\" \/>\n<meta property=\"og:type\" content=\"article\" \/>\n<meta property=\"og:title\" content=\"\u00a0Directora de programa de Medio Ambiente de la ONU realiz\u00f3 charla sobre medio ambiente a estudiantes de la UDD\u00a0\u00a0 - C+\" \/>\n<meta property=\"og:description\" content=\"Con m\u00e1s de 100 asistentes, hace algunos d\u00edas, se llev\u00f3 a cabo la charla \u201c\u00danete al cambio: Explorando oportunidades para combatir la triple crisis planetaria\u201d, organizada por el Programa de las Naciones Unidas para el Medio Ambiente y la colaboraci\u00f3n del Centro de Investigaci\u00f3n en Tecnolog\u00edas para la Sociedad (C+) de Ingenier\u00eda UDD, con el [&hellip;]\" \/>\n<meta property=\"og:url\" content=\"https:\/\/cmas.udd.cl\/en\/noticia\/directora-de-programa-de-medio-ambiente-de-la-onu-realizo-charla-sobre-medio-ambiente-a-estudiantes-de-la-udd-migrado\/\" \/>\n<meta property=\"og:site_name\" content=\"C+\" \/>\n<meta property=\"article:modified_time\" content=\"2025-07-02T00:08:35+00:00\" \/>\n<meta property=\"og:image\" content=\"https:\/\/cmas.udd.cl\/wp-content\/uploads\/2024\/05\/WhatsApp-Image-2024-05-06-at-13.14.39-6.jpeg\" \/>\n\t<meta property=\"og:image:width\" content=\"1600\" \/>\n\t<meta property=\"og:image:height\" content=\"1064\" \/>\n\t<meta property=\"og:image:type\" content=\"image\/jpeg\" \/>\n<meta name=\"twitter:card\" content=\"summary_large_image\" \/>\n<meta name=\"twitter:label1\" content=\"Est. reading time\" \/>\n\t<meta name=\"twitter:data1\" content=\"2 minutes\" \/>\n<script type=\"application\/ld+json\" class=\"yoast-schema-graph\">{\"@context\":\"https:\\\/\\\/schema.org\",\"@graph\":[{\"@type\":\"WebPage\",\"@id\":\"https:\\\/\\\/cmas.udd.cl\\\/noticia\\\/directora-de-programa-de-medio-ambiente-de-la-onu-realizo-charla-sobre-medio-ambiente-a-estudiantes-de-la-udd-migrado\\\/\",\"url\":\"https:\\\/\\\/cmas.udd.cl\\\/noticia\\\/directora-de-programa-de-medio-ambiente-de-la-onu-realizo-charla-sobre-medio-ambiente-a-estudiantes-de-la-udd-migrado\\\/\",\"name\":\"\u00a0Directora de programa de Medio Ambiente de la ONU realiz\u00f3 charla sobre medio ambiente a estudiantes de la UDD\u00a0\u00a0 - C+\",\"isPartOf\":{\"@id\":\"https:\\\/\\\/cmas.udd.cl\\\/#website\"},\"primaryImageOfPage\":{\"@id\":\"https:\\\/\\\/cmas.udd.cl\\\/noticia\\\/directora-de-programa-de-medio-ambiente-de-la-onu-realizo-charla-sobre-medio-ambiente-a-estudiantes-de-la-udd-migrado\\\/#primaryimage\"},\"image\":{\"@id\":\"https:\\\/\\\/cmas.udd.cl\\\/noticia\\\/directora-de-programa-de-medio-ambiente-de-la-onu-realizo-charla-sobre-medio-ambiente-a-estudiantes-de-la-udd-migrado\\\/#primaryimage\"},\"thumbnailUrl\":\"https:\\\/\\\/cmas.udd.cl\\\/wp-content\\\/uploads\\\/2024\\\/05\\\/WhatsApp-Image-2024-05-06-at-13.14.39-6.jpeg\",\"datePublished\":\"2024-05-06T19:56:59+00:00\",\"dateModified\":\"2025-07-02T00:08:35+00:00\",\"breadcrumb\":{\"@id\":\"https:\\\/\\\/cmas.udd.cl\\\/noticia\\\/directora-de-programa-de-medio-ambiente-de-la-onu-realizo-charla-sobre-medio-ambiente-a-estudiantes-de-la-udd-migrado\\\/#breadcrumb\"},\"inLanguage\":\"en-US\",\"potentialAction\":[{\"@type\":\"ReadAction\",\"target\":[\"https:\\\/\\\/cmas.udd.cl\\\/noticia\\\/directora-de-programa-de-medio-ambiente-de-la-onu-realizo-charla-sobre-medio-ambiente-a-estudiantes-de-la-udd-migrado\\\/\"]}]},{\"@type\":\"ImageObject\",\"inLanguage\":\"en-US\",\"@id\":\"https:\\\/\\\/cmas.udd.cl\\\/noticia\\\/directora-de-programa-de-medio-ambiente-de-la-onu-realizo-charla-sobre-medio-ambiente-a-estudiantes-de-la-udd-migrado\\\/#primaryimage\",\"url\":\"https:\\\/\\\/cmas.udd.cl\\\/wp-content\\\/uploads\\\/2024\\\/05\\\/WhatsApp-Image-2024-05-06-at-13.14.39-6.jpeg\",\"contentUrl\":\"https:\\\/\\\/cmas.udd.cl\\\/wp-content\\\/uploads\\\/2024\\\/05\\\/WhatsApp-Image-2024-05-06-at-13.14.39-6.jpeg\",\"width\":1600,\"height\":1064},{\"@type\":\"BreadcrumbList\",\"@id\":\"https:\\\/\\\/cmas.udd.cl\\\/noticia\\\/directora-de-programa-de-medio-ambiente-de-la-onu-realizo-charla-sobre-medio-ambiente-a-estudiantes-de-la-udd-migrado\\\/#breadcrumb\",\"itemListElement\":[{\"@type\":\"ListItem\",\"position\":1,\"name\":\"Home\",\"item\":\"https:\\\/\\\/cmas.udd.cl\\\/\"},{\"@type\":\"ListItem\",\"position\":2,\"name\":\"Noticias\",\"item\":\"https:\\\/\\\/cmas.udd.cl\\\/Noticias\\\/\"},{\"@type\":\"ListItem\",\"position\":3,\"name\":\"\u00a0Directora de programa de Medio Ambiente de la ONU realiz\u00f3 charla sobre medio ambiente a estudiantes de la UDD\u00a0\u00a0\"}]},{\"@type\":\"WebSite\",\"@id\":\"https:\\\/\\\/cmas.udd.cl\\\/#website\",\"url\":\"https:\\\/\\\/cmas.udd.cl\\\/\",\"name\":\"C+\",\"description\":\"Centro Investigaci\u00f3n enTecnolog\u00edas para la Sociedad\",\"publisher\":{\"@id\":\"https:\\\/\\\/cmas.udd.cl\\\/#organization\"},\"potentialAction\":[{\"@type\":\"SearchAction\",\"target\":{\"@type\":\"EntryPoint\",\"urlTemplate\":\"https:\\\/\\\/cmas.udd.cl\\\/?s={search_term_string}\"},\"query-input\":{\"@type\":\"PropertyValueSpecification\",\"valueRequired\":true,\"valueName\":\"search_term_string\"}}],\"inLanguage\":\"en-US\"},{\"@type\":\"Organization\",\"@id\":\"https:\\\/\\\/cmas.udd.cl\\\/#organization\",\"name\":\"C+\",\"url\":\"https:\\\/\\\/cmas.udd.cl\\\/\",\"logo\":{\"@type\":\"ImageObject\",\"inLanguage\":\"en-US\",\"@id\":\"https:\\\/\\\/cmas.udd.cl\\\/#\\\/schema\\\/logo\\\/image\\\/\",\"url\":\"https:\\\/\\\/cmas.udd.cl\\\/wp-content\\\/uploads\\\/2023\\\/05\\\/Logo-compuesto-UDD-Cmas.png\",\"contentUrl\":\"https:\\\/\\\/cmas.udd.cl\\\/wp-content\\\/uploads\\\/2023\\\/05\\\/Logo-compuesto-UDD-Cmas.png\",\"width\":695,\"height\":72,\"caption\":\"C+\"},\"image\":{\"@id\":\"https:\\\/\\\/cmas.udd.cl\\\/#\\\/schema\\\/logo\\\/image\\\/\"}}]}<\/script>\n<!-- \/ Yoast SEO plugin. -->","yoast_head_json":{"title":"\u00a0Directora de programa de Medio Ambiente de la ONU realiz\u00f3 charla sobre medio ambiente a estudiantes de la UDD\u00a0\u00a0 - C+","robots":{"index":"index","follow":"follow","max-snippet":"max-snippet:-1","max-image-preview":"max-image-preview:large","max-video-preview":"max-video-preview:-1"},"canonical":"https:\/\/cmas.udd.cl\/en\/noticia\/directora-de-programa-de-medio-ambiente-de-la-onu-realizo-charla-sobre-medio-ambiente-a-estudiantes-de-la-udd-migrado\/","og_locale":"en_US","og_type":"article","og_title":"\u00a0Directora de programa de Medio Ambiente de la ONU realiz\u00f3 charla sobre medio ambiente a estudiantes de la UDD\u00a0\u00a0 - C+","og_description":"Con m\u00e1s de 100 asistentes, hace algunos d\u00edas, se llev\u00f3 a cabo la charla \u201c\u00danete al cambio: Explorando oportunidades para combatir la triple crisis planetaria\u201d, organizada por el Programa de las Naciones Unidas para el Medio Ambiente y la colaboraci\u00f3n del Centro de Investigaci\u00f3n en Tecnolog\u00edas para la Sociedad (C+) de Ingenier\u00eda UDD, con el [&hellip;]","og_url":"https:\/\/cmas.udd.cl\/en\/noticia\/directora-de-programa-de-medio-ambiente-de-la-onu-realizo-charla-sobre-medio-ambiente-a-estudiantes-de-la-udd-migrado\/","og_site_name":"C+","article_modified_time":"2025-07-02T00:08:35+00:00","og_image":[{"width":1600,"height":1064,"url":"https:\/\/cmas.udd.cl\/wp-content\/uploads\/2024\/05\/WhatsApp-Image-2024-05-06-at-13.14.39-6.jpeg","type":"image\/jpeg"}],"twitter_card":"summary_large_image","twitter_misc":{"Est. reading time":"2 minutes"},"schema":{"@context":"https:\/\/schema.org","@graph":[{"@type":"WebPage","@id":"https:\/\/cmas.udd.cl\/noticia\/directora-de-programa-de-medio-ambiente-de-la-onu-realizo-charla-sobre-medio-ambiente-a-estudiantes-de-la-udd-migrado\/","url":"https:\/\/cmas.udd.cl\/noticia\/directora-de-programa-de-medio-ambiente-de-la-onu-realizo-charla-sobre-medio-ambiente-a-estudiantes-de-la-udd-migrado\/","name":"\u00a0Directora de programa de Medio Ambiente de la ONU realiz\u00f3 charla sobre medio ambiente a estudiantes de la UDD\u00a0\u00a0 - C+","isPartOf":{"@id":"https:\/\/cmas.udd.cl\/#website"},"primaryImageOfPage":{"@id":"https:\/\/cmas.udd.cl\/noticia\/directora-de-programa-de-medio-ambiente-de-la-onu-realizo-charla-sobre-medio-ambiente-a-estudiantes-de-la-udd-migrado\/#primaryimage"},"image":{"@id":"https:\/\/cmas.udd.cl\/noticia\/directora-de-programa-de-medio-ambiente-de-la-onu-realizo-charla-sobre-medio-ambiente-a-estudiantes-de-la-udd-migrado\/#primaryimage"},"thumbnailUrl":"https:\/\/cmas.udd.cl\/wp-content\/uploads\/2024\/05\/WhatsApp-Image-2024-05-06-at-13.14.39-6.jpeg","datePublished":"2024-05-06T19:56:59+00:00","dateModified":"2025-07-02T00:08:35+00:00","breadcrumb":{"@id":"https:\/\/cmas.udd.cl\/noticia\/directora-de-programa-de-medio-ambiente-de-la-onu-realizo-charla-sobre-medio-ambiente-a-estudiantes-de-la-udd-migrado\/#breadcrumb"},"inLanguage":"en-US","potentialAction":[{"@type":"ReadAction","target":["https:\/\/cmas.udd.cl\/noticia\/directora-de-programa-de-medio-ambiente-de-la-onu-realizo-charla-sobre-medio-ambiente-a-estudiantes-de-la-udd-migrado\/"]}]},{"@type":"ImageObject","inLanguage":"en-US","@id":"https:\/\/cmas.udd.cl\/noticia\/directora-de-programa-de-medio-ambiente-de-la-onu-realizo-charla-sobre-medio-ambiente-a-estudiantes-de-la-udd-migrado\/#primaryimage","url":"https:\/\/cmas.udd.cl\/wp-content\/uploads\/2024\/05\/WhatsApp-Image-2024-05-06-at-13.14.39-6.jpeg","contentUrl":"https:\/\/cmas.udd.cl\/wp-content\/uploads\/2024\/05\/WhatsApp-Image-2024-05-06-at-13.14.39-6.jpeg","width":1600,"height":1064},{"@type":"BreadcrumbList","@id":"https:\/\/cmas.udd.cl\/noticia\/directora-de-programa-de-medio-ambiente-de-la-onu-realizo-charla-sobre-medio-ambiente-a-estudiantes-de-la-udd-migrado\/#breadcrumb","itemListElement":[{"@type":"ListItem","position":1,"name":"Home","item":"https:\/\/cmas.udd.cl\/"},{"@type":"ListItem","position":2,"name":"Noticias","item":"https:\/\/cmas.udd.cl\/Noticias\/"},{"@type":"ListItem","position":3,"name":"\u00a0Directora de programa de Medio Ambiente de la ONU realiz\u00f3 charla sobre medio ambiente a estudiantes de la UDD\u00a0\u00a0"}]},{"@type":"WebSite","@id":"https:\/\/cmas.udd.cl\/#website","url":"https:\/\/cmas.udd.cl\/","name":"C+","description":"Centro Investigaci\u00f3n enTecnolog\u00edas para la Sociedad","publisher":{"@id":"https:\/\/cmas.udd.cl\/#organization"},"potentialAction":[{"@type":"SearchAction","target":{"@type":"EntryPoint","urlTemplate":"https:\/\/cmas.udd.cl\/?s={search_term_string}"},"query-input":{"@type":"PropertyValueSpecification","valueRequired":true,"valueName":"search_term_string"}}],"inLanguage":"en-US"},{"@type":"Organization","@id":"https:\/\/cmas.udd.cl\/#organization","name":"C+","url":"https:\/\/cmas.udd.cl\/","logo":{"@type":"ImageObject","inLanguage":"en-US","@id":"https:\/\/cmas.udd.cl\/#\/schema\/logo\/image\/","url":"https:\/\/cmas.udd.cl\/wp-content\/uploads\/2023\/05\/Logo-compuesto-UDD-Cmas.png","contentUrl":"https:\/\/cmas.udd.cl\/wp-content\/uploads\/2023\/05\/Logo-compuesto-UDD-Cmas.png","width":695,"height":72,"caption":"C+"},"image":{"@id":"https:\/\/cmas.udd.cl\/#\/schema\/logo\/image\/"}}]}},"_links":{"self":[{"href":"https:\/\/cmas.udd.cl\/en\/wp-json\/wp\/v2\/noticia\/5853","targetHints":{"allow":["GET"]}}],"collection":[{"href":"https:\/\/cmas.udd.cl\/en\/wp-json\/wp\/v2\/noticia"}],"about":[{"href":"https:\/\/cmas.udd.cl\/en\/wp-json\/wp\/v2\/types\/noticia"}],"version-history":[{"count":0,"href":"https:\/\/cmas.udd.cl\/en\/wp-json\/wp\/v2\/noticia\/5853\/revisions"}],"wp:featuredmedia":[{"embeddable":true,"href":"https:\/\/cmas.udd.cl\/en\/wp-json\/wp\/v2\/media\/3169"}],"wp:attachment":[{"href":"https:\/\/cmas.udd.cl\/en\/wp-json\/wp\/v2\/media?parent=5853"}],"wp:term":[{"taxonomy":"filtro-de-portada","embeddable":true,"href":"https:\/\/cmas.udd.cl\/en\/wp-json\/wp\/v2\/filtro-de-portada?post=5853"},{"taxonomy":"grupo-de-investigacion","embeddable":true,"href":"https:\/\/cmas.udd.cl\/en\/wp-json\/wp\/v2\/grupo-de-investigacion?post=5853"},{"taxonomy":"tipo-de-contenido","embeddable":true,"href":"https:\/\/cmas.udd.cl\/en\/wp-json\/wp\/v2\/tipo-de-contenido?post=5853"}],"curies":[{"name":"wp","href":"https:\/\/api.w.org\/{rel}","templated":true}]}}