{"id":5848,"date":"2024-04-11T16:05:31","date_gmt":"2024-04-11T16:05:31","guid":{"rendered":"https:\/\/centrodeinvestigacioningenieria.udd.cl\/?post_type=noticia&#038;p=3054"},"modified":"2025-07-02T00:08:35","modified_gmt":"2025-07-02T00:08:35","slug":"estudio-revela-impacto-ambiental-de-mineras-en-comunidades-en-el-norte-de-chile-migrado","status":"publish","type":"noticia","link":"https:\/\/cmas.udd.cl\/en\/noticia\/estudio-revela-impacto-ambiental-de-mineras-en-comunidades-en-el-norte-de-chile-migrado\/","title":{"rendered":"Estudio revela impacto ambiental de mineras en comunidades en el norte de Chile\u00a0\u00a0"},"content":{"rendered":"<p>\u00a0Antimonio y Cadmio son algunos de los metales t\u00f3xicos descubiertos en un estudio realizado por investigadores de la Universidad de Heidelberg en Alemania, Universidad de Chile, Universidad Austral y el Centro C+ de la Facultad de Ingenier\u00eda de la Universidad del Desarrollo.\u00a0\u00a0<\/p>\n\n\n\n<p>La investigaci\u00f3n \u201cWhen another one bites the dust: Environmental impact of global copper demand on local communities in the Atacama mining hotspot as registered by tree rings\u201d, publicada en la Revista Cient\u00edfica Science of The Total Environment, da a conocer un aumento de la presencia de elementos t\u00f3xicos, como ars\u00e9nico, antimonio, cadmio, molibdeno, plata, plomo y azufre, en una comunidad ind\u00edgena ubicada en Alto el Loa, parte de la zona norte de Chile.&nbsp;&nbsp;<\/p>\n\n\n\n<p>Seg\u00fan el estudio, que utiliz\u00f3 como metodolog\u00eda la medici\u00f3n y an\u00e1lisis de anillos de los \u00e1rboles y el polvo sedimentado en las viviendas; el incremento de estos metales tiene relaci\u00f3n con el desarrollo de la actividad minera que se realiza hace d\u00e9cadas en ese territorio. Espec\u00edficamente, se detalla que al menos hasta a 70 kil\u00f3metros llegar\u00eda el impacto de contaminaci\u00f3n a ra\u00edz de los trabajos mineros en diferentes localidades de la regi\u00f3n de Antofagasta. &nbsp;<\/p>\n\n\n\n<p>\u201cLas correlaciones entre producci\u00f3n y presencia de metales en el ambiente son preocupantes. Nos encontramos en el umbral de una nueva revoluci\u00f3n por metales para la descarbonizaci\u00f3n, pero nuestros resultados sugieren que el incremento proyectado (350% para el cobre) podr\u00eda agravar el impacto: m\u00e1s emisiones de polvo rico en metales y mayor exposici\u00f3n para las comunidades\u201d, se\u00f1al\u00f3 Nicol\u00e1s Zanetta-Colombo en una entrevista para la Universidad de Chile, investigador de la Universidad de Heidelberg y del Grupo Envirohealth Dynamics del C+ y principal investigador del estudio. &nbsp;<\/p>\n\n\n\n<p>Por su parte, la investigadora principal del Grupo Envirohealth Dynamics del C+, Zoe Fleming, se\u00f1al\u00f3 que \u201ceste estudio nos permite volver en el tiempo para ver en qu\u00e9 a\u00f1os o d\u00e9cadas subieron los niveles de metales en la comunidad del Alto El Loa. De esta manera, podemos mostrar el brusco aumento que hubo en los a\u00f1os 90\u00b4, que corresponde tambi\u00e9n a una intensificaci\u00f3n de la miner\u00eda en la regi\u00f3n\u201d.&nbsp;<\/p>\n\n\n\n<p>Otro de los puntos que se plantea dentro de la investigaci\u00f3n, es que las altas concentraciones de metales potencialmente t\u00f3xicos evaluados en la zona podr\u00eda estar generando repercusiones adversas en la salud de los habitantes, por lo que se requieren de manera urgente estudios abordando este aspecto.&nbsp;<\/p>\n\n\n\n<p>Con mirada hacia el futuro, el grupo de investigadores plantea la necesidad de implementar pol\u00edticas p\u00fablicas que ayuden a mejorar la calidad de vida de las comunidades que rodean las mineras, as\u00ed como tambi\u00e9n el medio ambiente.&nbsp;&nbsp;<\/p>\n\n\n\n<p>Respecto a lo anterior, Zanetta sostiene que \u201cse necesitan medidas urgentes para evitar una profundizaci\u00f3n del conflicto y reevaluar pr\u00e1cticas como o el secado de relaves para la recuperaci\u00f3n de agua\u201d.&nbsp;&nbsp;<\/p>\n\n\n\n<p>Por \u00faltimo, cabe destacar que gran parte de la investigaci\u00f3n se llev\u00f3 a cabo en conjunto con la ayuda de las mismas comunidades del lugar, quienes estuvieron presentes para el estudio y compartieron sus puntos de vista u testimonios sobre el tema.\u00a0\u00a0<\/p>\n\n\n\n<p>Lee el estudio completo <a href=\"https:\/\/www.sciencedirect.com\/science\/article\/pii\/S0048969724010933?via%3Dihub\">aqu\u00ed<\/a><\/p>\n\n\n\n<figure class=\"wp-block-gallery has-nested-images columns-default is-cropped wp-block-gallery-1 is-layout-flex wp-block-gallery-is-layout-flex\">\n<figure class=\"wp-block-image size-large\"><img fetchpriority=\"high\" decoding=\"async\" width=\"1024\" height=\"681\" data-id=\"3055\" src=\"https:\/\/cmas.udd.cl\/wp-content\/uploads\/2024\/04\/loa-5.jpg\" alt=\"\" class=\"wp-image-3055\" srcset=\"https:\/\/cmas.udd.cl\/wp-content\/uploads\/2024\/04\/loa-5.jpg 1024w, https:\/\/cmas.udd.cl\/wp-content\/uploads\/2024\/04\/loa-5-300x200.jpg 300w, https:\/\/cmas.udd.cl\/wp-content\/uploads\/2024\/04\/loa-5-768x511.jpg 768w\" sizes=\"(max-width: 1024px) 100vw, 1024px\" \/><\/figure>\n\n\n\n<figure class=\"wp-block-image size-large\"><img decoding=\"async\" width=\"1024\" height=\"681\" data-id=\"3058\" src=\"https:\/\/cmas.udd.cl\/wp-content\/uploads\/2024\/04\/loa-4.jpg\" alt=\"\" class=\"wp-image-3058\" srcset=\"https:\/\/cmas.udd.cl\/wp-content\/uploads\/2024\/04\/loa-4.jpg 1024w, https:\/\/cmas.udd.cl\/wp-content\/uploads\/2024\/04\/loa-4-300x200.jpg 300w, https:\/\/cmas.udd.cl\/wp-content\/uploads\/2024\/04\/loa-4-768x511.jpg 768w\" sizes=\"(max-width: 1024px) 100vw, 1024px\" \/><\/figure>\n\n\n\n<figure class=\"wp-block-image size-large\"><img decoding=\"async\" width=\"1024\" height=\"681\" data-id=\"3057\" src=\"https:\/\/cmas.udd.cl\/wp-content\/uploads\/2024\/04\/loa-3.jpg\" alt=\"\" class=\"wp-image-3057\" srcset=\"https:\/\/cmas.udd.cl\/wp-content\/uploads\/2024\/04\/loa-3.jpg 1024w, https:\/\/cmas.udd.cl\/wp-content\/uploads\/2024\/04\/loa-3-300x200.jpg 300w, https:\/\/cmas.udd.cl\/wp-content\/uploads\/2024\/04\/loa-3-768x511.jpg 768w\" sizes=\"(max-width: 1024px) 100vw, 1024px\" \/><\/figure>\n\n\n\n<figure class=\"wp-block-image size-large\"><img loading=\"lazy\" decoding=\"async\" width=\"1024\" height=\"681\" data-id=\"3056\" src=\"https:\/\/cmas.udd.cl\/wp-content\/uploads\/2024\/04\/loa-2.jpg\" alt=\"\" class=\"wp-image-3056\" srcset=\"https:\/\/cmas.udd.cl\/wp-content\/uploads\/2024\/04\/loa-2.jpg 1024w, https:\/\/cmas.udd.cl\/wp-content\/uploads\/2024\/04\/loa-2-300x200.jpg 300w, https:\/\/cmas.udd.cl\/wp-content\/uploads\/2024\/04\/loa-2-768x511.jpg 768w\" sizes=\"(max-width: 1024px) 100vw, 1024px\" \/><\/figure>\n\n\n\n<figure class=\"wp-block-image size-large\"><img loading=\"lazy\" decoding=\"async\" width=\"1024\" height=\"681\" data-id=\"3059\" src=\"https:\/\/cmas.udd.cl\/wp-content\/uploads\/2024\/04\/loa-1.jpg\" alt=\"\" class=\"wp-image-3059\" srcset=\"https:\/\/cmas.udd.cl\/wp-content\/uploads\/2024\/04\/loa-1.jpg 1024w, https:\/\/cmas.udd.cl\/wp-content\/uploads\/2024\/04\/loa-1-300x200.jpg 300w, https:\/\/cmas.udd.cl\/wp-content\/uploads\/2024\/04\/loa-1-768x511.jpg 768w\" sizes=\"(max-width: 1024px) 100vw, 1024px\" \/><\/figure>\n<\/figure>","protected":false},"excerpt":{"rendered":"<p>\u00a0Antimonio y Cadmio son algunos de los metales t\u00f3xicos descubiertos en un estudio realizado por investigadores de la Universidad de Heidelberg en Alemania, Universidad de Chile, Universidad Austral y el Centro C+ de la Facultad de Ingenier\u00eda de la Universidad del Desarrollo.\u00a0\u00a0 La investigaci\u00f3n \u201cWhen another one bites the dust: Environmental impact of global copper [&hellip;]<\/p>\n","protected":false},"featured_media":3058,"template":"","meta":{"_acf_changed":false},"filtro-de-portada":[],"grupo-de-investigacion":[103],"tipo-de-contenido":[],"class_list":["post-5848","noticia","type-noticia","status-publish","has-post-thumbnail","hentry","grupo-de-investigacion-enviro_health"],"acf":[],"yoast_head":"<!-- This site is optimized with the Yoast SEO plugin v27.3 - https:\/\/yoast.com\/product\/yoast-seo-wordpress\/ -->\n<title>Estudio revela impacto ambiental de mineras en comunidades en el norte de Chile\u00a0\u00a0 - C+<\/title>\n<meta name=\"robots\" content=\"index, follow, max-snippet:-1, max-image-preview:large, max-video-preview:-1\" \/>\n<link rel=\"canonical\" href=\"https:\/\/cmas.udd.cl\/en\/noticia\/estudio-revela-impacto-ambiental-de-mineras-en-comunidades-en-el-norte-de-chile-migrado\/\" \/>\n<meta property=\"og:locale\" content=\"en_US\" \/>\n<meta property=\"og:type\" content=\"article\" \/>\n<meta property=\"og:title\" content=\"Estudio revela impacto ambiental de mineras en comunidades en el norte de Chile\u00a0\u00a0 - C+\" \/>\n<meta property=\"og:description\" content=\"\u00a0Antimonio y Cadmio son algunos de los metales t\u00f3xicos descubiertos en un estudio realizado por investigadores de la Universidad de Heidelberg en Alemania, Universidad de Chile, Universidad Austral y el Centro C+ de la Facultad de Ingenier\u00eda de la Universidad del Desarrollo.\u00a0\u00a0 La investigaci\u00f3n \u201cWhen another one bites the dust: Environmental impact of global copper [&hellip;]\" \/>\n<meta property=\"og:url\" content=\"https:\/\/cmas.udd.cl\/en\/noticia\/estudio-revela-impacto-ambiental-de-mineras-en-comunidades-en-el-norte-de-chile-migrado\/\" \/>\n<meta property=\"og:site_name\" content=\"C+\" \/>\n<meta property=\"article:modified_time\" content=\"2025-07-02T00:08:35+00:00\" \/>\n<meta property=\"og:image\" content=\"https:\/\/cmas.udd.cl\/wp-content\/uploads\/2024\/04\/loa-4.jpg\" \/>\n\t<meta property=\"og:image:width\" content=\"1024\" \/>\n\t<meta property=\"og:image:height\" content=\"681\" \/>\n\t<meta property=\"og:image:type\" content=\"image\/jpeg\" \/>\n<meta name=\"twitter:card\" content=\"summary_large_image\" \/>\n<meta name=\"twitter:label1\" content=\"Est. reading time\" \/>\n\t<meta name=\"twitter:data1\" content=\"3 minutes\" \/>\n<script type=\"application\/ld+json\" class=\"yoast-schema-graph\">{\"@context\":\"https:\\\/\\\/schema.org\",\"@graph\":[{\"@type\":\"WebPage\",\"@id\":\"https:\\\/\\\/cmas.udd.cl\\\/noticia\\\/estudio-revela-impacto-ambiental-de-mineras-en-comunidades-en-el-norte-de-chile-migrado\\\/\",\"url\":\"https:\\\/\\\/cmas.udd.cl\\\/noticia\\\/estudio-revela-impacto-ambiental-de-mineras-en-comunidades-en-el-norte-de-chile-migrado\\\/\",\"name\":\"Estudio revela impacto ambiental de mineras en comunidades en el norte de Chile\u00a0\u00a0 - C+\",\"isPartOf\":{\"@id\":\"https:\\\/\\\/cmas.udd.cl\\\/#website\"},\"primaryImageOfPage\":{\"@id\":\"https:\\\/\\\/cmas.udd.cl\\\/noticia\\\/estudio-revela-impacto-ambiental-de-mineras-en-comunidades-en-el-norte-de-chile-migrado\\\/#primaryimage\"},\"image\":{\"@id\":\"https:\\\/\\\/cmas.udd.cl\\\/noticia\\\/estudio-revela-impacto-ambiental-de-mineras-en-comunidades-en-el-norte-de-chile-migrado\\\/#primaryimage\"},\"thumbnailUrl\":\"https:\\\/\\\/cmas.udd.cl\\\/wp-content\\\/uploads\\\/2024\\\/04\\\/loa-4.jpg\",\"datePublished\":\"2024-04-11T16:05:31+00:00\",\"dateModified\":\"2025-07-02T00:08:35+00:00\",\"breadcrumb\":{\"@id\":\"https:\\\/\\\/cmas.udd.cl\\\/noticia\\\/estudio-revela-impacto-ambiental-de-mineras-en-comunidades-en-el-norte-de-chile-migrado\\\/#breadcrumb\"},\"inLanguage\":\"en-US\",\"potentialAction\":[{\"@type\":\"ReadAction\",\"target\":[\"https:\\\/\\\/cmas.udd.cl\\\/noticia\\\/estudio-revela-impacto-ambiental-de-mineras-en-comunidades-en-el-norte-de-chile-migrado\\\/\"]}]},{\"@type\":\"ImageObject\",\"inLanguage\":\"en-US\",\"@id\":\"https:\\\/\\\/cmas.udd.cl\\\/noticia\\\/estudio-revela-impacto-ambiental-de-mineras-en-comunidades-en-el-norte-de-chile-migrado\\\/#primaryimage\",\"url\":\"https:\\\/\\\/cmas.udd.cl\\\/wp-content\\\/uploads\\\/2024\\\/04\\\/loa-4.jpg\",\"contentUrl\":\"https:\\\/\\\/cmas.udd.cl\\\/wp-content\\\/uploads\\\/2024\\\/04\\\/loa-4.jpg\",\"width\":1024,\"height\":681},{\"@type\":\"BreadcrumbList\",\"@id\":\"https:\\\/\\\/cmas.udd.cl\\\/noticia\\\/estudio-revela-impacto-ambiental-de-mineras-en-comunidades-en-el-norte-de-chile-migrado\\\/#breadcrumb\",\"itemListElement\":[{\"@type\":\"ListItem\",\"position\":1,\"name\":\"Home\",\"item\":\"https:\\\/\\\/cmas.udd.cl\\\/\"},{\"@type\":\"ListItem\",\"position\":2,\"name\":\"Noticias\",\"item\":\"https:\\\/\\\/cmas.udd.cl\\\/Noticias\\\/\"},{\"@type\":\"ListItem\",\"position\":3,\"name\":\"Estudio revela impacto ambiental de mineras en comunidades en el norte de Chile\u00a0\u00a0\"}]},{\"@type\":\"WebSite\",\"@id\":\"https:\\\/\\\/cmas.udd.cl\\\/#website\",\"url\":\"https:\\\/\\\/cmas.udd.cl\\\/\",\"name\":\"C+\",\"description\":\"Centro Investigaci\u00f3n enTecnolog\u00edas para la Sociedad\",\"publisher\":{\"@id\":\"https:\\\/\\\/cmas.udd.cl\\\/#organization\"},\"potentialAction\":[{\"@type\":\"SearchAction\",\"target\":{\"@type\":\"EntryPoint\",\"urlTemplate\":\"https:\\\/\\\/cmas.udd.cl\\\/?s={search_term_string}\"},\"query-input\":{\"@type\":\"PropertyValueSpecification\",\"valueRequired\":true,\"valueName\":\"search_term_string\"}}],\"inLanguage\":\"en-US\"},{\"@type\":\"Organization\",\"@id\":\"https:\\\/\\\/cmas.udd.cl\\\/#organization\",\"name\":\"C+\",\"url\":\"https:\\\/\\\/cmas.udd.cl\\\/\",\"logo\":{\"@type\":\"ImageObject\",\"inLanguage\":\"en-US\",\"@id\":\"https:\\\/\\\/cmas.udd.cl\\\/#\\\/schema\\\/logo\\\/image\\\/\",\"url\":\"https:\\\/\\\/cmas.udd.cl\\\/wp-content\\\/uploads\\\/2023\\\/05\\\/Logo-compuesto-UDD-Cmas.png\",\"contentUrl\":\"https:\\\/\\\/cmas.udd.cl\\\/wp-content\\\/uploads\\\/2023\\\/05\\\/Logo-compuesto-UDD-Cmas.png\",\"width\":695,\"height\":72,\"caption\":\"C+\"},\"image\":{\"@id\":\"https:\\\/\\\/cmas.udd.cl\\\/#\\\/schema\\\/logo\\\/image\\\/\"}}]}<\/script>\n<!-- \/ Yoast SEO plugin. -->","yoast_head_json":{"title":"Estudio revela impacto ambiental de mineras en comunidades en el norte de Chile\u00a0\u00a0 - C+","robots":{"index":"index","follow":"follow","max-snippet":"max-snippet:-1","max-image-preview":"max-image-preview:large","max-video-preview":"max-video-preview:-1"},"canonical":"https:\/\/cmas.udd.cl\/en\/noticia\/estudio-revela-impacto-ambiental-de-mineras-en-comunidades-en-el-norte-de-chile-migrado\/","og_locale":"en_US","og_type":"article","og_title":"Estudio revela impacto ambiental de mineras en comunidades en el norte de Chile\u00a0\u00a0 - C+","og_description":"\u00a0Antimonio y Cadmio son algunos de los metales t\u00f3xicos descubiertos en un estudio realizado por investigadores de la Universidad de Heidelberg en Alemania, Universidad de Chile, Universidad Austral y el Centro C+ de la Facultad de Ingenier\u00eda de la Universidad del Desarrollo.\u00a0\u00a0 La investigaci\u00f3n \u201cWhen another one bites the dust: Environmental impact of global copper [&hellip;]","og_url":"https:\/\/cmas.udd.cl\/en\/noticia\/estudio-revela-impacto-ambiental-de-mineras-en-comunidades-en-el-norte-de-chile-migrado\/","og_site_name":"C+","article_modified_time":"2025-07-02T00:08:35+00:00","og_image":[{"width":1024,"height":681,"url":"https:\/\/cmas.udd.cl\/wp-content\/uploads\/2024\/04\/loa-4.jpg","type":"image\/jpeg"}],"twitter_card":"summary_large_image","twitter_misc":{"Est. reading time":"3 minutes"},"schema":{"@context":"https:\/\/schema.org","@graph":[{"@type":"WebPage","@id":"https:\/\/cmas.udd.cl\/noticia\/estudio-revela-impacto-ambiental-de-mineras-en-comunidades-en-el-norte-de-chile-migrado\/","url":"https:\/\/cmas.udd.cl\/noticia\/estudio-revela-impacto-ambiental-de-mineras-en-comunidades-en-el-norte-de-chile-migrado\/","name":"Estudio revela impacto ambiental de mineras en comunidades en el norte de Chile\u00a0\u00a0 - C+","isPartOf":{"@id":"https:\/\/cmas.udd.cl\/#website"},"primaryImageOfPage":{"@id":"https:\/\/cmas.udd.cl\/noticia\/estudio-revela-impacto-ambiental-de-mineras-en-comunidades-en-el-norte-de-chile-migrado\/#primaryimage"},"image":{"@id":"https:\/\/cmas.udd.cl\/noticia\/estudio-revela-impacto-ambiental-de-mineras-en-comunidades-en-el-norte-de-chile-migrado\/#primaryimage"},"thumbnailUrl":"https:\/\/cmas.udd.cl\/wp-content\/uploads\/2024\/04\/loa-4.jpg","datePublished":"2024-04-11T16:05:31+00:00","dateModified":"2025-07-02T00:08:35+00:00","breadcrumb":{"@id":"https:\/\/cmas.udd.cl\/noticia\/estudio-revela-impacto-ambiental-de-mineras-en-comunidades-en-el-norte-de-chile-migrado\/#breadcrumb"},"inLanguage":"en-US","potentialAction":[{"@type":"ReadAction","target":["https:\/\/cmas.udd.cl\/noticia\/estudio-revela-impacto-ambiental-de-mineras-en-comunidades-en-el-norte-de-chile-migrado\/"]}]},{"@type":"ImageObject","inLanguage":"en-US","@id":"https:\/\/cmas.udd.cl\/noticia\/estudio-revela-impacto-ambiental-de-mineras-en-comunidades-en-el-norte-de-chile-migrado\/#primaryimage","url":"https:\/\/cmas.udd.cl\/wp-content\/uploads\/2024\/04\/loa-4.jpg","contentUrl":"https:\/\/cmas.udd.cl\/wp-content\/uploads\/2024\/04\/loa-4.jpg","width":1024,"height":681},{"@type":"BreadcrumbList","@id":"https:\/\/cmas.udd.cl\/noticia\/estudio-revela-impacto-ambiental-de-mineras-en-comunidades-en-el-norte-de-chile-migrado\/#breadcrumb","itemListElement":[{"@type":"ListItem","position":1,"name":"Home","item":"https:\/\/cmas.udd.cl\/"},{"@type":"ListItem","position":2,"name":"Noticias","item":"https:\/\/cmas.udd.cl\/Noticias\/"},{"@type":"ListItem","position":3,"name":"Estudio revela impacto ambiental de mineras en comunidades en el norte de Chile\u00a0\u00a0"}]},{"@type":"WebSite","@id":"https:\/\/cmas.udd.cl\/#website","url":"https:\/\/cmas.udd.cl\/","name":"C+","description":"Centro Investigaci\u00f3n enTecnolog\u00edas para la Sociedad","publisher":{"@id":"https:\/\/cmas.udd.cl\/#organization"},"potentialAction":[{"@type":"SearchAction","target":{"@type":"EntryPoint","urlTemplate":"https:\/\/cmas.udd.cl\/?s={search_term_string}"},"query-input":{"@type":"PropertyValueSpecification","valueRequired":true,"valueName":"search_term_string"}}],"inLanguage":"en-US"},{"@type":"Organization","@id":"https:\/\/cmas.udd.cl\/#organization","name":"C+","url":"https:\/\/cmas.udd.cl\/","logo":{"@type":"ImageObject","inLanguage":"en-US","@id":"https:\/\/cmas.udd.cl\/#\/schema\/logo\/image\/","url":"https:\/\/cmas.udd.cl\/wp-content\/uploads\/2023\/05\/Logo-compuesto-UDD-Cmas.png","contentUrl":"https:\/\/cmas.udd.cl\/wp-content\/uploads\/2023\/05\/Logo-compuesto-UDD-Cmas.png","width":695,"height":72,"caption":"C+"},"image":{"@id":"https:\/\/cmas.udd.cl\/#\/schema\/logo\/image\/"}}]}},"_links":{"self":[{"href":"https:\/\/cmas.udd.cl\/en\/wp-json\/wp\/v2\/noticia\/5848","targetHints":{"allow":["GET"]}}],"collection":[{"href":"https:\/\/cmas.udd.cl\/en\/wp-json\/wp\/v2\/noticia"}],"about":[{"href":"https:\/\/cmas.udd.cl\/en\/wp-json\/wp\/v2\/types\/noticia"}],"version-history":[{"count":0,"href":"https:\/\/cmas.udd.cl\/en\/wp-json\/wp\/v2\/noticia\/5848\/revisions"}],"wp:featuredmedia":[{"embeddable":true,"href":"https:\/\/cmas.udd.cl\/en\/wp-json\/wp\/v2\/media\/3058"}],"wp:attachment":[{"href":"https:\/\/cmas.udd.cl\/en\/wp-json\/wp\/v2\/media?parent=5848"}],"wp:term":[{"taxonomy":"filtro-de-portada","embeddable":true,"href":"https:\/\/cmas.udd.cl\/en\/wp-json\/wp\/v2\/filtro-de-portada?post=5848"},{"taxonomy":"grupo-de-investigacion","embeddable":true,"href":"https:\/\/cmas.udd.cl\/en\/wp-json\/wp\/v2\/grupo-de-investigacion?post=5848"},{"taxonomy":"tipo-de-contenido","embeddable":true,"href":"https:\/\/cmas.udd.cl\/en\/wp-json\/wp\/v2\/tipo-de-contenido?post=5848"}],"curies":[{"name":"wp","href":"https:\/\/api.w.org\/{rel}","templated":true}]}}