{"id":5844,"date":"2024-03-18T14:52:11","date_gmt":"2024-03-18T14:52:11","guid":{"rendered":"https:\/\/centrodeinvestigacioningenieria.udd.cl\/?post_type=noticia&#038;p=3126"},"modified":"2025-07-02T00:08:35","modified_gmt":"2025-07-02T00:08:35","slug":"investigadoras-del-centro-c-impulsan-y-participan-de-jornadas-de-liderazgo-y-gestion-sostenible-de-la-alta-montana-en-argentina-migrado","status":"publish","type":"noticia","link":"https:\/\/cmas.udd.cl\/en\/noticia\/investigadoras-del-centro-c-impulsan-y-participan-de-jornadas-de-liderazgo-y-gestion-sostenible-de-la-alta-montana-en-argentina-migrado\/","title":{"rendered":"Investigadoras del Centro C+ impulsan y participan de jornadas de liderazgo y gesti\u00f3n sostenible de la alta monta\u00f1a en Argentina \u00a0"},"content":{"rendered":"<p>Alrededor de 60 participantes asistieron a las \u201cJornadas de Liderazgo y Gesti\u00f3n Sostenible de la Monta\u00f1a\u201d, realizadas el pasado 9 y 10 de marzo en la ciudad de Mendoza, Argentina. La actividad se realiz\u00f3 en el marco del proyecto \u201cGrant Patagonia\u201d, adjudicado por Sum\u00e1 Nativas, R\u00fastica Vivero de Monta\u00f1a y Mujeres a la Cumbre, organizaci\u00f3n liderada por Patricia Breuer, coordinadora del Grupo de Ambientes Extremos del Centro C+ de la Facultad de Ingenier\u00eda UDD. &nbsp;<\/p>\n\n\n\n<p>El proyecto de los \u201cGrant Patagonia\u201d tiene como objetivo fortalecer el desarrollo sostenible de la comunidad de monta\u00f1a, por medio de actividades en terreno y capacitaciones sobre liderazgo y gesti\u00f3n de la conservaci\u00f3n. &nbsp;<\/p>\n\n\n\n<p>Para esta actividad en particular, se cont\u00f3 con la participaci\u00f3n de diversos profesionales, guardaparques, arque\u00f3logos e investigadores, quienes llevaron a cabo diferentes charlas y talleres sobre temas relacionados a los ambientes extremos y la monta\u00f1a. &nbsp;<\/p>\n\n\n\n<p>A lo largo del evento, los asistentes pudieron conversar y compartir experiencias respecto a la ecolog\u00eda de monta\u00f1a, geolog\u00eda de la Cordillera de Los Andes, arqueolog\u00eda, la importancia de la conservaci\u00f3n, restauraci\u00f3n ecol\u00f3gica y la educaci\u00f3n medioambiental, junto con conocer sobre la flora y fauna del lugar. Adem\u00e1s, el domingo se llev\u00f3 a cabo de un trekking guiado por Mujeres a la Cumbre en el Cerro Mailhos y en el sitio arqueol\u00f3gico de los Morteritos. &nbsp;<\/p>\n\n\n\n<p>\u00abImpulsar esta jornada junto a las agrupaciones de Sum\u00e1 Nativas y R\u00fastica Vivero de Monta\u00f1a ha sido transformador, ya que nos permiti\u00f3 integrar diferentes actividades e investigaciones interdisciplinarias que se vienen desarrollando en Potrerillos junto a comunidades de monta\u00f1a, adem\u00e1s de&nbsp;poner en valor estos paisajes&nbsp;mirando hacia su preservaci\u00f3n y restauraci\u00f3n desde esfuerzos complementarios. Hemos podido conversar sobre c\u00f3mo dejar un bajo impacto en nuestro tr\u00e1nsito en estos entornos y tambi\u00e9n de la&nbsp;responsabilidad que tenemos como monta\u00f1istas y senderistas. Entre las charlas, tambi\u00e9n abordamos una introducci\u00f3n muy inspiradora al trekking adaptado. Todo ello, desde una perspectiva que permita fortalecer el desarrollo sostenible de la comunidad de monta\u00f1a en general\u201d, se\u00f1al\u00f3 Patricia Breuer respecto a la actividad en general. &nbsp;<\/p>\n\n\n\n<p>Por otra parte, cabe destacar que, una de las charlas realizadas estuvo a cargo de Zoe Fleming, investigadora del Centro C+ de la Facultad de Ingenier\u00eda UDD, quien expuso sobre el proyecto \u201cVoluntarios Por el Agua\u201d y&nbsp;\u201cDespertar del R\u00edo\u201d, iniciativa liderada por voluntarios y vecinos que buscan medir el nivel de contaminaci\u00f3n de la cuenca del R\u00edo Maipo, contando con la ayuda e instrumentos de medici\u00f3n de la Universidad del Desarrollo. &nbsp;<\/p>\n\n\n\n<p>Respecto a los pasos a seguir, desde la organizaci\u00f3n se\u00f1alaron que se crear\u00e1 un manual digital con cap\u00edtulos de cada uno de los temas abordados en las charlas, y los puntos importantes para poder crear pol\u00edticas p\u00fablicas a futuro, adem\u00e1s de seguir fomentando el desarrollo y habilidades de liderazgo de monta\u00f1a y generar conciencia ciudadana respecto a los medioambientes de alta monta\u00f1a. \u00a0<\/p>\n\n\n\n<figure class=\"wp-block-gallery has-nested-images columns-default is-cropped wp-block-gallery-1 is-layout-flex wp-block-gallery-is-layout-flex\">\n<figure class=\"wp-block-image size-large\"><img fetchpriority=\"high\" decoding=\"async\" width=\"1024\" height=\"768\" data-id=\"3128\" src=\"https:\/\/cmas.udd.cl\/wp-content\/uploads\/2024\/04\/pxl_20240310_130326534-1024x768-1.jpg\" alt=\"\" class=\"wp-image-3128\" srcset=\"https:\/\/cmas.udd.cl\/wp-content\/uploads\/2024\/04\/pxl_20240310_130326534-1024x768-1.jpg 1024w, https:\/\/cmas.udd.cl\/wp-content\/uploads\/2024\/04\/pxl_20240310_130326534-1024x768-1-300x225.jpg 300w, https:\/\/cmas.udd.cl\/wp-content\/uploads\/2024\/04\/pxl_20240310_130326534-1024x768-1-768x576.jpg 768w\" sizes=\"(max-width: 1024px) 100vw, 1024px\" \/><\/figure>\n\n\n\n<figure class=\"wp-block-image size-large\"><img decoding=\"async\" width=\"1024\" height=\"768\" data-id=\"3127\" src=\"https:\/\/cmas.udd.cl\/wp-content\/uploads\/2024\/04\/pxl_20240310_130627472-1-1024x768-1.jpg\" alt=\"\" class=\"wp-image-3127\" srcset=\"https:\/\/cmas.udd.cl\/wp-content\/uploads\/2024\/04\/pxl_20240310_130627472-1-1024x768-1.jpg 1024w, https:\/\/cmas.udd.cl\/wp-content\/uploads\/2024\/04\/pxl_20240310_130627472-1-1024x768-1-300x225.jpg 300w, https:\/\/cmas.udd.cl\/wp-content\/uploads\/2024\/04\/pxl_20240310_130627472-1-1024x768-1-768x576.jpg 768w\" sizes=\"(max-width: 1024px) 100vw, 1024px\" \/><\/figure>\n\n\n\n<figure class=\"wp-block-image size-large\"><img decoding=\"async\" width=\"1024\" height=\"768\" data-id=\"3130\" src=\"https:\/\/cmas.udd.cl\/wp-content\/uploads\/2024\/04\/pxl_20240310_141525999-1024x768-1.jpg\" alt=\"\" class=\"wp-image-3130\" srcset=\"https:\/\/cmas.udd.cl\/wp-content\/uploads\/2024\/04\/pxl_20240310_141525999-1024x768-1.jpg 1024w, https:\/\/cmas.udd.cl\/wp-content\/uploads\/2024\/04\/pxl_20240310_141525999-1024x768-1-300x225.jpg 300w, https:\/\/cmas.udd.cl\/wp-content\/uploads\/2024\/04\/pxl_20240310_141525999-1024x768-1-768x576.jpg 768w\" sizes=\"(max-width: 1024px) 100vw, 1024px\" \/><\/figure>\n\n\n\n<figure class=\"wp-block-image size-large\"><img loading=\"lazy\" decoding=\"async\" width=\"768\" height=\"1024\" data-id=\"3129\" src=\"https:\/\/cmas.udd.cl\/wp-content\/uploads\/2024\/04\/pxl_20240310_001244176-768x1024-1.jpg\" alt=\"\" class=\"wp-image-3129\" srcset=\"https:\/\/cmas.udd.cl\/wp-content\/uploads\/2024\/04\/pxl_20240310_001244176-768x1024-1.jpg 768w, https:\/\/cmas.udd.cl\/wp-content\/uploads\/2024\/04\/pxl_20240310_001244176-768x1024-1-225x300.jpg 225w\" sizes=\"(max-width: 768px) 100vw, 768px\" \/><\/figure>\n<\/figure>","protected":false},"excerpt":{"rendered":"<p>Alrededor de 60 participantes asistieron a las \u201cJornadas de Liderazgo y Gesti\u00f3n Sostenible de la Monta\u00f1a\u201d, realizadas el pasado 9 y 10 de marzo en la ciudad de Mendoza, Argentina. La actividad se realiz\u00f3 en el marco del proyecto \u201cGrant Patagonia\u201d, adjudicado por Sum\u00e1 Nativas, R\u00fastica Vivero de Monta\u00f1a y Mujeres a la Cumbre, organizaci\u00f3n [&hellip;]<\/p>\n","protected":false},"featured_media":3127,"template":"","meta":{"_acf_changed":false},"filtro-de-portada":[],"grupo-de-investigacion":[106],"tipo-de-contenido":[],"class_list":["post-5844","noticia","type-noticia","status-publish","has-post-thumbnail","hentry","grupo-de-investigacion-extreme_environments"],"acf":[],"yoast_head":"<!-- This site is optimized with the Yoast SEO plugin v27.3 - https:\/\/yoast.com\/product\/yoast-seo-wordpress\/ -->\n<title>Investigadoras del Centro C+ impulsan y participan de jornadas de liderazgo y gesti\u00f3n sostenible de la alta monta\u00f1a en Argentina \u00a0 - C+<\/title>\n<meta name=\"robots\" content=\"index, follow, max-snippet:-1, max-image-preview:large, max-video-preview:-1\" \/>\n<link rel=\"canonical\" href=\"https:\/\/cmas.udd.cl\/en\/noticia\/investigadoras-del-centro-c-impulsan-y-participan-de-jornadas-de-liderazgo-y-gestion-sostenible-de-la-alta-montana-en-argentina-migrado\/\" \/>\n<meta property=\"og:locale\" content=\"en_US\" \/>\n<meta property=\"og:type\" content=\"article\" \/>\n<meta property=\"og:title\" content=\"Investigadoras del Centro C+ impulsan y participan de jornadas de liderazgo y gesti\u00f3n sostenible de la alta monta\u00f1a en Argentina \u00a0 - C+\" \/>\n<meta property=\"og:description\" content=\"Alrededor de 60 participantes asistieron a las \u201cJornadas de Liderazgo y Gesti\u00f3n Sostenible de la Monta\u00f1a\u201d, realizadas el pasado 9 y 10 de marzo en la ciudad de Mendoza, Argentina. La actividad se realiz\u00f3 en el marco del proyecto \u201cGrant Patagonia\u201d, adjudicado por Sum\u00e1 Nativas, R\u00fastica Vivero de Monta\u00f1a y Mujeres a la Cumbre, organizaci\u00f3n [&hellip;]\" \/>\n<meta property=\"og:url\" content=\"https:\/\/cmas.udd.cl\/en\/noticia\/investigadoras-del-centro-c-impulsan-y-participan-de-jornadas-de-liderazgo-y-gestion-sostenible-de-la-alta-montana-en-argentina-migrado\/\" \/>\n<meta property=\"og:site_name\" content=\"C+\" \/>\n<meta property=\"article:modified_time\" content=\"2025-07-02T00:08:35+00:00\" \/>\n<meta property=\"og:image\" content=\"https:\/\/cmas.udd.cl\/wp-content\/uploads\/2024\/04\/pxl_20240310_130627472-1-1024x768-1.jpg\" \/>\n\t<meta property=\"og:image:width\" content=\"1024\" \/>\n\t<meta property=\"og:image:height\" content=\"768\" \/>\n\t<meta property=\"og:image:type\" content=\"image\/jpeg\" \/>\n<meta name=\"twitter:card\" content=\"summary_large_image\" \/>\n<meta name=\"twitter:label1\" content=\"Est. reading time\" \/>\n\t<meta name=\"twitter:data1\" content=\"3 minutes\" \/>\n<script type=\"application\/ld+json\" class=\"yoast-schema-graph\">{\"@context\":\"https:\\\/\\\/schema.org\",\"@graph\":[{\"@type\":\"WebPage\",\"@id\":\"https:\\\/\\\/cmas.udd.cl\\\/noticia\\\/investigadoras-del-centro-c-impulsan-y-participan-de-jornadas-de-liderazgo-y-gestion-sostenible-de-la-alta-montana-en-argentina-migrado\\\/\",\"url\":\"https:\\\/\\\/cmas.udd.cl\\\/noticia\\\/investigadoras-del-centro-c-impulsan-y-participan-de-jornadas-de-liderazgo-y-gestion-sostenible-de-la-alta-montana-en-argentina-migrado\\\/\",\"name\":\"Investigadoras del Centro C+ impulsan y participan de jornadas de liderazgo y gesti\u00f3n sostenible de la alta monta\u00f1a en Argentina \u00a0 - C+\",\"isPartOf\":{\"@id\":\"https:\\\/\\\/cmas.udd.cl\\\/#website\"},\"primaryImageOfPage\":{\"@id\":\"https:\\\/\\\/cmas.udd.cl\\\/noticia\\\/investigadoras-del-centro-c-impulsan-y-participan-de-jornadas-de-liderazgo-y-gestion-sostenible-de-la-alta-montana-en-argentina-migrado\\\/#primaryimage\"},\"image\":{\"@id\":\"https:\\\/\\\/cmas.udd.cl\\\/noticia\\\/investigadoras-del-centro-c-impulsan-y-participan-de-jornadas-de-liderazgo-y-gestion-sostenible-de-la-alta-montana-en-argentina-migrado\\\/#primaryimage\"},\"thumbnailUrl\":\"https:\\\/\\\/cmas.udd.cl\\\/wp-content\\\/uploads\\\/2024\\\/04\\\/pxl_20240310_130627472-1-1024x768-1.jpg\",\"datePublished\":\"2024-03-18T14:52:11+00:00\",\"dateModified\":\"2025-07-02T00:08:35+00:00\",\"breadcrumb\":{\"@id\":\"https:\\\/\\\/cmas.udd.cl\\\/noticia\\\/investigadoras-del-centro-c-impulsan-y-participan-de-jornadas-de-liderazgo-y-gestion-sostenible-de-la-alta-montana-en-argentina-migrado\\\/#breadcrumb\"},\"inLanguage\":\"en-US\",\"potentialAction\":[{\"@type\":\"ReadAction\",\"target\":[\"https:\\\/\\\/cmas.udd.cl\\\/noticia\\\/investigadoras-del-centro-c-impulsan-y-participan-de-jornadas-de-liderazgo-y-gestion-sostenible-de-la-alta-montana-en-argentina-migrado\\\/\"]}]},{\"@type\":\"ImageObject\",\"inLanguage\":\"en-US\",\"@id\":\"https:\\\/\\\/cmas.udd.cl\\\/noticia\\\/investigadoras-del-centro-c-impulsan-y-participan-de-jornadas-de-liderazgo-y-gestion-sostenible-de-la-alta-montana-en-argentina-migrado\\\/#primaryimage\",\"url\":\"https:\\\/\\\/cmas.udd.cl\\\/wp-content\\\/uploads\\\/2024\\\/04\\\/pxl_20240310_130627472-1-1024x768-1.jpg\",\"contentUrl\":\"https:\\\/\\\/cmas.udd.cl\\\/wp-content\\\/uploads\\\/2024\\\/04\\\/pxl_20240310_130627472-1-1024x768-1.jpg\",\"width\":1024,\"height\":768},{\"@type\":\"BreadcrumbList\",\"@id\":\"https:\\\/\\\/cmas.udd.cl\\\/noticia\\\/investigadoras-del-centro-c-impulsan-y-participan-de-jornadas-de-liderazgo-y-gestion-sostenible-de-la-alta-montana-en-argentina-migrado\\\/#breadcrumb\",\"itemListElement\":[{\"@type\":\"ListItem\",\"position\":1,\"name\":\"Home\",\"item\":\"https:\\\/\\\/cmas.udd.cl\\\/\"},{\"@type\":\"ListItem\",\"position\":2,\"name\":\"Noticias\",\"item\":\"https:\\\/\\\/cmas.udd.cl\\\/Noticias\\\/\"},{\"@type\":\"ListItem\",\"position\":3,\"name\":\"Investigadoras del Centro C+ impulsan y participan de jornadas de liderazgo y gesti\u00f3n sostenible de la alta monta\u00f1a en Argentina \u00a0\"}]},{\"@type\":\"WebSite\",\"@id\":\"https:\\\/\\\/cmas.udd.cl\\\/#website\",\"url\":\"https:\\\/\\\/cmas.udd.cl\\\/\",\"name\":\"C+\",\"description\":\"Centro Investigaci\u00f3n enTecnolog\u00edas para la Sociedad\",\"publisher\":{\"@id\":\"https:\\\/\\\/cmas.udd.cl\\\/#organization\"},\"potentialAction\":[{\"@type\":\"SearchAction\",\"target\":{\"@type\":\"EntryPoint\",\"urlTemplate\":\"https:\\\/\\\/cmas.udd.cl\\\/?s={search_term_string}\"},\"query-input\":{\"@type\":\"PropertyValueSpecification\",\"valueRequired\":true,\"valueName\":\"search_term_string\"}}],\"inLanguage\":\"en-US\"},{\"@type\":\"Organization\",\"@id\":\"https:\\\/\\\/cmas.udd.cl\\\/#organization\",\"name\":\"C+\",\"url\":\"https:\\\/\\\/cmas.udd.cl\\\/\",\"logo\":{\"@type\":\"ImageObject\",\"inLanguage\":\"en-US\",\"@id\":\"https:\\\/\\\/cmas.udd.cl\\\/#\\\/schema\\\/logo\\\/image\\\/\",\"url\":\"https:\\\/\\\/cmas.udd.cl\\\/wp-content\\\/uploads\\\/2023\\\/05\\\/Logo-compuesto-UDD-Cmas.png\",\"contentUrl\":\"https:\\\/\\\/cmas.udd.cl\\\/wp-content\\\/uploads\\\/2023\\\/05\\\/Logo-compuesto-UDD-Cmas.png\",\"width\":695,\"height\":72,\"caption\":\"C+\"},\"image\":{\"@id\":\"https:\\\/\\\/cmas.udd.cl\\\/#\\\/schema\\\/logo\\\/image\\\/\"}}]}<\/script>\n<!-- \/ Yoast SEO plugin. -->","yoast_head_json":{"title":"Investigadoras del Centro C+ impulsan y participan de jornadas de liderazgo y gesti\u00f3n sostenible de la alta monta\u00f1a en Argentina \u00a0 - C+","robots":{"index":"index","follow":"follow","max-snippet":"max-snippet:-1","max-image-preview":"max-image-preview:large","max-video-preview":"max-video-preview:-1"},"canonical":"https:\/\/cmas.udd.cl\/en\/noticia\/investigadoras-del-centro-c-impulsan-y-participan-de-jornadas-de-liderazgo-y-gestion-sostenible-de-la-alta-montana-en-argentina-migrado\/","og_locale":"en_US","og_type":"article","og_title":"Investigadoras del Centro C+ impulsan y participan de jornadas de liderazgo y gesti\u00f3n sostenible de la alta monta\u00f1a en Argentina \u00a0 - C+","og_description":"Alrededor de 60 participantes asistieron a las \u201cJornadas de Liderazgo y Gesti\u00f3n Sostenible de la Monta\u00f1a\u201d, realizadas el pasado 9 y 10 de marzo en la ciudad de Mendoza, Argentina. La actividad se realiz\u00f3 en el marco del proyecto \u201cGrant Patagonia\u201d, adjudicado por Sum\u00e1 Nativas, R\u00fastica Vivero de Monta\u00f1a y Mujeres a la Cumbre, organizaci\u00f3n [&hellip;]","og_url":"https:\/\/cmas.udd.cl\/en\/noticia\/investigadoras-del-centro-c-impulsan-y-participan-de-jornadas-de-liderazgo-y-gestion-sostenible-de-la-alta-montana-en-argentina-migrado\/","og_site_name":"C+","article_modified_time":"2025-07-02T00:08:35+00:00","og_image":[{"width":1024,"height":768,"url":"https:\/\/cmas.udd.cl\/wp-content\/uploads\/2024\/04\/pxl_20240310_130627472-1-1024x768-1.jpg","type":"image\/jpeg"}],"twitter_card":"summary_large_image","twitter_misc":{"Est. reading time":"3 minutes"},"schema":{"@context":"https:\/\/schema.org","@graph":[{"@type":"WebPage","@id":"https:\/\/cmas.udd.cl\/noticia\/investigadoras-del-centro-c-impulsan-y-participan-de-jornadas-de-liderazgo-y-gestion-sostenible-de-la-alta-montana-en-argentina-migrado\/","url":"https:\/\/cmas.udd.cl\/noticia\/investigadoras-del-centro-c-impulsan-y-participan-de-jornadas-de-liderazgo-y-gestion-sostenible-de-la-alta-montana-en-argentina-migrado\/","name":"Investigadoras del Centro C+ impulsan y participan de jornadas de liderazgo y gesti\u00f3n sostenible de la alta monta\u00f1a en Argentina \u00a0 - C+","isPartOf":{"@id":"https:\/\/cmas.udd.cl\/#website"},"primaryImageOfPage":{"@id":"https:\/\/cmas.udd.cl\/noticia\/investigadoras-del-centro-c-impulsan-y-participan-de-jornadas-de-liderazgo-y-gestion-sostenible-de-la-alta-montana-en-argentina-migrado\/#primaryimage"},"image":{"@id":"https:\/\/cmas.udd.cl\/noticia\/investigadoras-del-centro-c-impulsan-y-participan-de-jornadas-de-liderazgo-y-gestion-sostenible-de-la-alta-montana-en-argentina-migrado\/#primaryimage"},"thumbnailUrl":"https:\/\/cmas.udd.cl\/wp-content\/uploads\/2024\/04\/pxl_20240310_130627472-1-1024x768-1.jpg","datePublished":"2024-03-18T14:52:11+00:00","dateModified":"2025-07-02T00:08:35+00:00","breadcrumb":{"@id":"https:\/\/cmas.udd.cl\/noticia\/investigadoras-del-centro-c-impulsan-y-participan-de-jornadas-de-liderazgo-y-gestion-sostenible-de-la-alta-montana-en-argentina-migrado\/#breadcrumb"},"inLanguage":"en-US","potentialAction":[{"@type":"ReadAction","target":["https:\/\/cmas.udd.cl\/noticia\/investigadoras-del-centro-c-impulsan-y-participan-de-jornadas-de-liderazgo-y-gestion-sostenible-de-la-alta-montana-en-argentina-migrado\/"]}]},{"@type":"ImageObject","inLanguage":"en-US","@id":"https:\/\/cmas.udd.cl\/noticia\/investigadoras-del-centro-c-impulsan-y-participan-de-jornadas-de-liderazgo-y-gestion-sostenible-de-la-alta-montana-en-argentina-migrado\/#primaryimage","url":"https:\/\/cmas.udd.cl\/wp-content\/uploads\/2024\/04\/pxl_20240310_130627472-1-1024x768-1.jpg","contentUrl":"https:\/\/cmas.udd.cl\/wp-content\/uploads\/2024\/04\/pxl_20240310_130627472-1-1024x768-1.jpg","width":1024,"height":768},{"@type":"BreadcrumbList","@id":"https:\/\/cmas.udd.cl\/noticia\/investigadoras-del-centro-c-impulsan-y-participan-de-jornadas-de-liderazgo-y-gestion-sostenible-de-la-alta-montana-en-argentina-migrado\/#breadcrumb","itemListElement":[{"@type":"ListItem","position":1,"name":"Home","item":"https:\/\/cmas.udd.cl\/"},{"@type":"ListItem","position":2,"name":"Noticias","item":"https:\/\/cmas.udd.cl\/Noticias\/"},{"@type":"ListItem","position":3,"name":"Investigadoras del Centro C+ impulsan y participan de jornadas de liderazgo y gesti\u00f3n sostenible de la alta monta\u00f1a en Argentina \u00a0"}]},{"@type":"WebSite","@id":"https:\/\/cmas.udd.cl\/#website","url":"https:\/\/cmas.udd.cl\/","name":"C+","description":"Centro Investigaci\u00f3n enTecnolog\u00edas para la Sociedad","publisher":{"@id":"https:\/\/cmas.udd.cl\/#organization"},"potentialAction":[{"@type":"SearchAction","target":{"@type":"EntryPoint","urlTemplate":"https:\/\/cmas.udd.cl\/?s={search_term_string}"},"query-input":{"@type":"PropertyValueSpecification","valueRequired":true,"valueName":"search_term_string"}}],"inLanguage":"en-US"},{"@type":"Organization","@id":"https:\/\/cmas.udd.cl\/#organization","name":"C+","url":"https:\/\/cmas.udd.cl\/","logo":{"@type":"ImageObject","inLanguage":"en-US","@id":"https:\/\/cmas.udd.cl\/#\/schema\/logo\/image\/","url":"https:\/\/cmas.udd.cl\/wp-content\/uploads\/2023\/05\/Logo-compuesto-UDD-Cmas.png","contentUrl":"https:\/\/cmas.udd.cl\/wp-content\/uploads\/2023\/05\/Logo-compuesto-UDD-Cmas.png","width":695,"height":72,"caption":"C+"},"image":{"@id":"https:\/\/cmas.udd.cl\/#\/schema\/logo\/image\/"}}]}},"_links":{"self":[{"href":"https:\/\/cmas.udd.cl\/en\/wp-json\/wp\/v2\/noticia\/5844","targetHints":{"allow":["GET"]}}],"collection":[{"href":"https:\/\/cmas.udd.cl\/en\/wp-json\/wp\/v2\/noticia"}],"about":[{"href":"https:\/\/cmas.udd.cl\/en\/wp-json\/wp\/v2\/types\/noticia"}],"version-history":[{"count":0,"href":"https:\/\/cmas.udd.cl\/en\/wp-json\/wp\/v2\/noticia\/5844\/revisions"}],"wp:featuredmedia":[{"embeddable":true,"href":"https:\/\/cmas.udd.cl\/en\/wp-json\/wp\/v2\/media\/3127"}],"wp:attachment":[{"href":"https:\/\/cmas.udd.cl\/en\/wp-json\/wp\/v2\/media?parent=5844"}],"wp:term":[{"taxonomy":"filtro-de-portada","embeddable":true,"href":"https:\/\/cmas.udd.cl\/en\/wp-json\/wp\/v2\/filtro-de-portada?post=5844"},{"taxonomy":"grupo-de-investigacion","embeddable":true,"href":"https:\/\/cmas.udd.cl\/en\/wp-json\/wp\/v2\/grupo-de-investigacion?post=5844"},{"taxonomy":"tipo-de-contenido","embeddable":true,"href":"https:\/\/cmas.udd.cl\/en\/wp-json\/wp\/v2\/tipo-de-contenido?post=5844"}],"curies":[{"name":"wp","href":"https:\/\/api.w.org\/{rel}","templated":true}]}}