{"id":5838,"date":"2023-12-18T18:49:00","date_gmt":"2023-12-18T18:49:00","guid":{"rendered":"https:\/\/centrodeinvestigacioningenieria.udd.cl\/?post_type=noticia&#038;p=2723"},"modified":"2025-07-02T00:08:35","modified_gmt":"2025-07-02T00:08:35","slug":"c-y-fundacion-vi-da-revelan-alarmantes-cifras-tras-encuesta-sobre-la-percepcion-del-cancer-en-chile-migrado","status":"publish","type":"noticia","link":"https:\/\/cmas.udd.cl\/en\/noticia\/c-y-fundacion-vi-da-revelan-alarmantes-cifras-tras-encuesta-sobre-la-percepcion-del-cancer-en-chile-migrado\/","title":{"rendered":"C+ y Fundaci\u00f3n Vi-Da revelan alarmantes cifras tras encuesta sobre la percepci\u00f3n del c\u00e1ncer en chile"},"content":{"rendered":"<p>Este mes se llev\u00f3 a cabo el panel ciudadano \u00abChile Unido Frente al C\u00e1ncer. Primer Encuentro Ciudadano, Pacientes al Centro\u00bb, donde el Centro de Investigaci\u00f3n en Tecnolog\u00edas para la Sociedad de la Universidad del Desarrollo&nbsp;(C+) y la Fundaci\u00f3n Vi-Da presentaron los resultados de la \u00abPrimera Encuesta de Percepci\u00f3n sobre el C\u00e1ncer\u00bb. &nbsp;<\/p>\n\n\n\n<p>Este evento, llevado a cabo en la Universidad del Desarrollo, reuni\u00f3 a diversas voces, incluyendo a la directora ejecutiva del Centro para la Prevenci\u00f3n y Control del C\u00e1ncer (CECAN), Carolina Goic, y representantes de entidades clave como el Ministerio de Salud, Sernam, Segegob, entre otros.&nbsp;<\/p>\n\n\n\n<p>El estudio surgi\u00f3 ante la necesidad expresada por asociaciones de pacientes y fue canalizado por la Fundaci\u00f3n de Ayuda a Personas con C\u00e1ncer Vi-Da. La encuesta revel\u00f3 datos alarmantes, destacando que el 76% de los pacientes y sus allegados sienten que no son escuchados ni considerados por el Estado al definir pol\u00edticas p\u00fablicas.&nbsp;<\/p>\n\n\n\n<p>Felipe Schiaffino, Fundador de Monkey Lab y docente de la Facultad de Ingenier\u00eda UDD coment\u00f3 el objetivo del evento \u201cdialogar de los resultados de esa encuesta de percepci\u00f3n, ya que, el resultado de esto es un informe sistematizado con las distintas voces, las distintas opiniones las distintas conversaciones que surgieron en esta mesa\u201d.<\/p>\n\n\n\n<p>Jorge Fern\u00e1ndez, presidente de Fundaci\u00f3n Vi-Da y miembro de ACHAGO y la Comisi\u00f3n Nacional del C\u00e1ncer, enfatiz\u00f3 la importancia del apoyo de la Universidad del Desarrollo en la realizaci\u00f3n de la encuesta. Destac\u00f3 que contar con datos objetivos provenientes de pacientes y familiares es fundamental para contribuir en la toma de decisiones en pol\u00edticas p\u00fablicas de salud.&nbsp;<\/p>\n\n\n\n<p>Carolina Goic, exsenadora y directora ejecutiva de CECAN, resalt\u00f3 la relevancia de tener datos objetivos sobre la experiencia de los pacientes. Estos datos, provenientes del \u00e1mbito cl\u00ednico y acad\u00e9mico, son esenciales para entender las necesidades reales de quienes viven el c\u00e1ncer y mejorar la toma de decisiones en el sector de la salud.&nbsp;<\/p>\n\n\n\n<p>La encuesta, dirigida tanto a pacientes como a sus familiares, proporcion\u00f3 una perspectiva integral, revelando que el 76% de los pacientes se siente marginado por el Estado al tomar decisiones. Adem\u00e1s, el 84.3% considera que las actuales pol\u00edticas p\u00fablicas no est\u00e1n dise\u00f1adas teniendo en cuenta la base socioecon\u00f3mica de los pacientes, y un abrumador 91.3% sostiene que dichas pol\u00edticas no se ajustan ni responden a sus necesidades.\u00a0<\/p>\n\n\n\n<figure class=\"wp-block-gallery has-nested-images columns-default is-cropped wp-block-gallery-1 is-layout-flex wp-block-gallery-is-layout-flex\">\n<figure class=\"wp-block-image size-large\"><img fetchpriority=\"high\" decoding=\"async\" width=\"1024\" height=\"576\" data-id=\"2728\" src=\"https:\/\/cmas.udd.cl\/wp-content\/uploads\/2024\/01\/chileunidofrentealcancer_-10-1366x768-1-1024x576.jpg\" alt=\"\" class=\"wp-image-2728\" srcset=\"https:\/\/cmas.udd.cl\/wp-content\/uploads\/2024\/01\/chileunidofrentealcancer_-10-1366x768-1-1024x576.jpg 1024w, https:\/\/cmas.udd.cl\/wp-content\/uploads\/2024\/01\/chileunidofrentealcancer_-10-1366x768-1-300x169.jpg 300w, https:\/\/cmas.udd.cl\/wp-content\/uploads\/2024\/01\/chileunidofrentealcancer_-10-1366x768-1-768x432.jpg 768w, https:\/\/cmas.udd.cl\/wp-content\/uploads\/2024\/01\/chileunidofrentealcancer_-10-1366x768-1.jpg 1366w\" sizes=\"(max-width: 1024px) 100vw, 1024px\" \/><\/figure>\n\n\n\n<figure class=\"wp-block-image size-large\"><img decoding=\"async\" width=\"1024\" height=\"576\" data-id=\"2725\" src=\"https:\/\/cmas.udd.cl\/wp-content\/uploads\/2024\/01\/chileunidofrentealcancer_-16-1366x768-1-1024x576.jpg\" alt=\"\" class=\"wp-image-2725\" srcset=\"https:\/\/cmas.udd.cl\/wp-content\/uploads\/2024\/01\/chileunidofrentealcancer_-16-1366x768-1-1024x576.jpg 1024w, https:\/\/cmas.udd.cl\/wp-content\/uploads\/2024\/01\/chileunidofrentealcancer_-16-1366x768-1-300x169.jpg 300w, https:\/\/cmas.udd.cl\/wp-content\/uploads\/2024\/01\/chileunidofrentealcancer_-16-1366x768-1-768x432.jpg 768w, https:\/\/cmas.udd.cl\/wp-content\/uploads\/2024\/01\/chileunidofrentealcancer_-16-1366x768-1.jpg 1366w\" sizes=\"(max-width: 1024px) 100vw, 1024px\" \/><\/figure>\n\n\n\n<figure class=\"wp-block-image size-large\"><img decoding=\"async\" width=\"1024\" height=\"576\" data-id=\"2726\" src=\"https:\/\/cmas.udd.cl\/wp-content\/uploads\/2024\/01\/chileunidofrentealcancer_-18-1366x768-1-1024x576.jpg\" alt=\"\" class=\"wp-image-2726\" srcset=\"https:\/\/cmas.udd.cl\/wp-content\/uploads\/2024\/01\/chileunidofrentealcancer_-18-1366x768-1-1024x576.jpg 1024w, https:\/\/cmas.udd.cl\/wp-content\/uploads\/2024\/01\/chileunidofrentealcancer_-18-1366x768-1-300x169.jpg 300w, https:\/\/cmas.udd.cl\/wp-content\/uploads\/2024\/01\/chileunidofrentealcancer_-18-1366x768-1-768x432.jpg 768w, https:\/\/cmas.udd.cl\/wp-content\/uploads\/2024\/01\/chileunidofrentealcancer_-18-1366x768-1.jpg 1366w\" sizes=\"(max-width: 1024px) 100vw, 1024px\" \/><\/figure>\n\n\n\n<figure class=\"wp-block-image size-large\"><img loading=\"lazy\" decoding=\"async\" width=\"1024\" height=\"576\" data-id=\"2724\" src=\"https:\/\/cmas.udd.cl\/wp-content\/uploads\/2024\/01\/chileunidofrentealcancer_-19-1366x768-1-1024x576.jpg\" alt=\"\" class=\"wp-image-2724\" srcset=\"https:\/\/cmas.udd.cl\/wp-content\/uploads\/2024\/01\/chileunidofrentealcancer_-19-1366x768-1-1024x576.jpg 1024w, https:\/\/cmas.udd.cl\/wp-content\/uploads\/2024\/01\/chileunidofrentealcancer_-19-1366x768-1-300x169.jpg 300w, https:\/\/cmas.udd.cl\/wp-content\/uploads\/2024\/01\/chileunidofrentealcancer_-19-1366x768-1-768x432.jpg 768w, https:\/\/cmas.udd.cl\/wp-content\/uploads\/2024\/01\/chileunidofrentealcancer_-19-1366x768-1.jpg 1366w\" sizes=\"(max-width: 1024px) 100vw, 1024px\" \/><\/figure>\n\n\n\n<figure class=\"wp-block-image size-large\"><img loading=\"lazy\" decoding=\"async\" width=\"1024\" height=\"576\" data-id=\"2727\" src=\"https:\/\/cmas.udd.cl\/wp-content\/uploads\/2024\/01\/chileunidofrentealcancer_-2-1366x768-1-1024x576.jpg\" alt=\"\" class=\"wp-image-2727\" srcset=\"https:\/\/cmas.udd.cl\/wp-content\/uploads\/2024\/01\/chileunidofrentealcancer_-2-1366x768-1-1024x576.jpg 1024w, https:\/\/cmas.udd.cl\/wp-content\/uploads\/2024\/01\/chileunidofrentealcancer_-2-1366x768-1-300x169.jpg 300w, https:\/\/cmas.udd.cl\/wp-content\/uploads\/2024\/01\/chileunidofrentealcancer_-2-1366x768-1-768x432.jpg 768w, https:\/\/cmas.udd.cl\/wp-content\/uploads\/2024\/01\/chileunidofrentealcancer_-2-1366x768-1.jpg 1366w\" sizes=\"(max-width: 1024px) 100vw, 1024px\" \/><\/figure>\n\n\n\n<figure class=\"wp-block-image size-large\"><img loading=\"lazy\" decoding=\"async\" width=\"1024\" height=\"576\" data-id=\"2729\" src=\"https:\/\/cmas.udd.cl\/wp-content\/uploads\/2024\/01\/chileunidofrentealcancer_-20-1366x768-1-1024x576.jpg\" alt=\"\" class=\"wp-image-2729\" srcset=\"https:\/\/cmas.udd.cl\/wp-content\/uploads\/2024\/01\/chileunidofrentealcancer_-20-1366x768-1-1024x576.jpg 1024w, https:\/\/cmas.udd.cl\/wp-content\/uploads\/2024\/01\/chileunidofrentealcancer_-20-1366x768-1-300x169.jpg 300w, https:\/\/cmas.udd.cl\/wp-content\/uploads\/2024\/01\/chileunidofrentealcancer_-20-1366x768-1-768x432.jpg 768w, https:\/\/cmas.udd.cl\/wp-content\/uploads\/2024\/01\/chileunidofrentealcancer_-20-1366x768-1.jpg 1366w\" sizes=\"(max-width: 1024px) 100vw, 1024px\" \/><\/figure>\n\n\n\n<figure class=\"wp-block-image size-large\"><img loading=\"lazy\" decoding=\"async\" width=\"1024\" height=\"576\" data-id=\"2730\" src=\"https:\/\/cmas.udd.cl\/wp-content\/uploads\/2024\/01\/chileunidofrentealcancer_-21-1366x768-1-1024x576.jpg\" alt=\"\" class=\"wp-image-2730\" srcset=\"https:\/\/cmas.udd.cl\/wp-content\/uploads\/2024\/01\/chileunidofrentealcancer_-21-1366x768-1-1024x576.jpg 1024w, https:\/\/cmas.udd.cl\/wp-content\/uploads\/2024\/01\/chileunidofrentealcancer_-21-1366x768-1-300x169.jpg 300w, https:\/\/cmas.udd.cl\/wp-content\/uploads\/2024\/01\/chileunidofrentealcancer_-21-1366x768-1-768x432.jpg 768w, https:\/\/cmas.udd.cl\/wp-content\/uploads\/2024\/01\/chileunidofrentealcancer_-21-1366x768-1.jpg 1366w\" sizes=\"(max-width: 1024px) 100vw, 1024px\" \/><\/figure>\n\n\n\n<figure class=\"wp-block-image size-large\"><img loading=\"lazy\" decoding=\"async\" width=\"1024\" height=\"576\" data-id=\"2731\" src=\"https:\/\/cmas.udd.cl\/wp-content\/uploads\/2024\/01\/chileunidofrentealcancer_-4-1366x768-1-1024x576.jpg\" alt=\"\" class=\"wp-image-2731\" srcset=\"https:\/\/cmas.udd.cl\/wp-content\/uploads\/2024\/01\/chileunidofrentealcancer_-4-1366x768-1-1024x576.jpg 1024w, https:\/\/cmas.udd.cl\/wp-content\/uploads\/2024\/01\/chileunidofrentealcancer_-4-1366x768-1-300x169.jpg 300w, https:\/\/cmas.udd.cl\/wp-content\/uploads\/2024\/01\/chileunidofrentealcancer_-4-1366x768-1-768x432.jpg 768w, https:\/\/cmas.udd.cl\/wp-content\/uploads\/2024\/01\/chileunidofrentealcancer_-4-1366x768-1.jpg 1366w\" sizes=\"(max-width: 1024px) 100vw, 1024px\" \/><\/figure>\n<\/figure>","protected":false},"excerpt":{"rendered":"<p>Este mes se llev\u00f3 a cabo el panel ciudadano \u00abChile Unido Frente al C\u00e1ncer. Primer Encuentro Ciudadano, Pacientes al Centro\u00bb, donde el Centro de Investigaci\u00f3n en Tecnolog\u00edas para la Sociedad de la Universidad del Desarrollo&nbsp;(C+) y la Fundaci\u00f3n Vi-Da presentaron los resultados de la \u00abPrimera Encuesta de Percepci\u00f3n sobre el C\u00e1ncer\u00bb. &nbsp; Este evento, llevado [&hellip;]<\/p>\n","protected":false},"featured_media":2732,"template":"","meta":{"_acf_changed":false},"filtro-de-portada":[],"grupo-de-investigacion":[112],"tipo-de-contenido":[],"class_list":["post-5838","noticia","type-noticia","status-publish","has-post-thumbnail","hentry","grupo-de-investigacion-transforming_future"],"acf":[],"yoast_head":"<!-- This site is optimized with the Yoast SEO plugin v27.3 - https:\/\/yoast.com\/product\/yoast-seo-wordpress\/ -->\n<title>C+ y Fundaci\u00f3n Vi-Da revelan alarmantes cifras tras encuesta sobre la percepci\u00f3n del c\u00e1ncer en chile - C+<\/title>\n<meta name=\"robots\" content=\"index, follow, max-snippet:-1, max-image-preview:large, max-video-preview:-1\" \/>\n<link rel=\"canonical\" href=\"https:\/\/cmas.udd.cl\/en\/noticia\/c-y-fundacion-vi-da-revelan-alarmantes-cifras-tras-encuesta-sobre-la-percepcion-del-cancer-en-chile-migrado\/\" \/>\n<meta property=\"og:locale\" content=\"en_US\" \/>\n<meta property=\"og:type\" content=\"article\" \/>\n<meta property=\"og:title\" content=\"C+ y Fundaci\u00f3n Vi-Da revelan alarmantes cifras tras encuesta sobre la percepci\u00f3n del c\u00e1ncer en chile - C+\" \/>\n<meta property=\"og:description\" content=\"Este mes se llev\u00f3 a cabo el panel ciudadano \u00abChile Unido Frente al C\u00e1ncer. Primer Encuentro Ciudadano, Pacientes al Centro\u00bb, donde el Centro de Investigaci\u00f3n en Tecnolog\u00edas para la Sociedad de la Universidad del Desarrollo&nbsp;(C+) y la Fundaci\u00f3n Vi-Da presentaron los resultados de la \u00abPrimera Encuesta de Percepci\u00f3n sobre el C\u00e1ncer\u00bb. &nbsp; Este evento, llevado [&hellip;]\" \/>\n<meta property=\"og:url\" content=\"https:\/\/cmas.udd.cl\/en\/noticia\/c-y-fundacion-vi-da-revelan-alarmantes-cifras-tras-encuesta-sobre-la-percepcion-del-cancer-en-chile-migrado\/\" \/>\n<meta property=\"og:site_name\" content=\"C+\" \/>\n<meta property=\"article:modified_time\" content=\"2025-07-02T00:08:35+00:00\" \/>\n<meta property=\"og:image\" content=\"https:\/\/cmas.udd.cl\/wp-content\/uploads\/2024\/01\/chileunidofrentealcancer_-2-1366x768-2.jpg\" \/>\n\t<meta property=\"og:image:width\" content=\"1366\" \/>\n\t<meta property=\"og:image:height\" content=\"768\" \/>\n\t<meta property=\"og:image:type\" content=\"image\/jpeg\" \/>\n<meta name=\"twitter:card\" content=\"summary_large_image\" \/>\n<meta name=\"twitter:label1\" content=\"Est. reading time\" \/>\n\t<meta name=\"twitter:data1\" content=\"2 minutes\" \/>\n<script type=\"application\/ld+json\" class=\"yoast-schema-graph\">{\"@context\":\"https:\\\/\\\/schema.org\",\"@graph\":[{\"@type\":\"WebPage\",\"@id\":\"https:\\\/\\\/cmas.udd.cl\\\/noticia\\\/c-y-fundacion-vi-da-revelan-alarmantes-cifras-tras-encuesta-sobre-la-percepcion-del-cancer-en-chile-migrado\\\/\",\"url\":\"https:\\\/\\\/cmas.udd.cl\\\/noticia\\\/c-y-fundacion-vi-da-revelan-alarmantes-cifras-tras-encuesta-sobre-la-percepcion-del-cancer-en-chile-migrado\\\/\",\"name\":\"C+ y Fundaci\u00f3n Vi-Da revelan alarmantes cifras tras encuesta sobre la percepci\u00f3n del c\u00e1ncer en chile - C+\",\"isPartOf\":{\"@id\":\"https:\\\/\\\/cmas.udd.cl\\\/#website\"},\"primaryImageOfPage\":{\"@id\":\"https:\\\/\\\/cmas.udd.cl\\\/noticia\\\/c-y-fundacion-vi-da-revelan-alarmantes-cifras-tras-encuesta-sobre-la-percepcion-del-cancer-en-chile-migrado\\\/#primaryimage\"},\"image\":{\"@id\":\"https:\\\/\\\/cmas.udd.cl\\\/noticia\\\/c-y-fundacion-vi-da-revelan-alarmantes-cifras-tras-encuesta-sobre-la-percepcion-del-cancer-en-chile-migrado\\\/#primaryimage\"},\"thumbnailUrl\":\"https:\\\/\\\/cmas.udd.cl\\\/wp-content\\\/uploads\\\/2024\\\/01\\\/chileunidofrentealcancer_-2-1366x768-2.jpg\",\"datePublished\":\"2023-12-18T18:49:00+00:00\",\"dateModified\":\"2025-07-02T00:08:35+00:00\",\"breadcrumb\":{\"@id\":\"https:\\\/\\\/cmas.udd.cl\\\/noticia\\\/c-y-fundacion-vi-da-revelan-alarmantes-cifras-tras-encuesta-sobre-la-percepcion-del-cancer-en-chile-migrado\\\/#breadcrumb\"},\"inLanguage\":\"en-US\",\"potentialAction\":[{\"@type\":\"ReadAction\",\"target\":[\"https:\\\/\\\/cmas.udd.cl\\\/noticia\\\/c-y-fundacion-vi-da-revelan-alarmantes-cifras-tras-encuesta-sobre-la-percepcion-del-cancer-en-chile-migrado\\\/\"]}]},{\"@type\":\"ImageObject\",\"inLanguage\":\"en-US\",\"@id\":\"https:\\\/\\\/cmas.udd.cl\\\/noticia\\\/c-y-fundacion-vi-da-revelan-alarmantes-cifras-tras-encuesta-sobre-la-percepcion-del-cancer-en-chile-migrado\\\/#primaryimage\",\"url\":\"https:\\\/\\\/cmas.udd.cl\\\/wp-content\\\/uploads\\\/2024\\\/01\\\/chileunidofrentealcancer_-2-1366x768-2.jpg\",\"contentUrl\":\"https:\\\/\\\/cmas.udd.cl\\\/wp-content\\\/uploads\\\/2024\\\/01\\\/chileunidofrentealcancer_-2-1366x768-2.jpg\",\"width\":1366,\"height\":768,\"caption\":\"P1\"},{\"@type\":\"BreadcrumbList\",\"@id\":\"https:\\\/\\\/cmas.udd.cl\\\/noticia\\\/c-y-fundacion-vi-da-revelan-alarmantes-cifras-tras-encuesta-sobre-la-percepcion-del-cancer-en-chile-migrado\\\/#breadcrumb\",\"itemListElement\":[{\"@type\":\"ListItem\",\"position\":1,\"name\":\"Home\",\"item\":\"https:\\\/\\\/cmas.udd.cl\\\/\"},{\"@type\":\"ListItem\",\"position\":2,\"name\":\"Noticias\",\"item\":\"https:\\\/\\\/cmas.udd.cl\\\/Noticias\\\/\"},{\"@type\":\"ListItem\",\"position\":3,\"name\":\"C+ y Fundaci\u00f3n Vi-Da revelan alarmantes cifras tras encuesta sobre la percepci\u00f3n del c\u00e1ncer en chile\"}]},{\"@type\":\"WebSite\",\"@id\":\"https:\\\/\\\/cmas.udd.cl\\\/#website\",\"url\":\"https:\\\/\\\/cmas.udd.cl\\\/\",\"name\":\"C+\",\"description\":\"Centro Investigaci\u00f3n enTecnolog\u00edas para la Sociedad\",\"publisher\":{\"@id\":\"https:\\\/\\\/cmas.udd.cl\\\/#organization\"},\"potentialAction\":[{\"@type\":\"SearchAction\",\"target\":{\"@type\":\"EntryPoint\",\"urlTemplate\":\"https:\\\/\\\/cmas.udd.cl\\\/?s={search_term_string}\"},\"query-input\":{\"@type\":\"PropertyValueSpecification\",\"valueRequired\":true,\"valueName\":\"search_term_string\"}}],\"inLanguage\":\"en-US\"},{\"@type\":\"Organization\",\"@id\":\"https:\\\/\\\/cmas.udd.cl\\\/#organization\",\"name\":\"C+\",\"url\":\"https:\\\/\\\/cmas.udd.cl\\\/\",\"logo\":{\"@type\":\"ImageObject\",\"inLanguage\":\"en-US\",\"@id\":\"https:\\\/\\\/cmas.udd.cl\\\/#\\\/schema\\\/logo\\\/image\\\/\",\"url\":\"https:\\\/\\\/cmas.udd.cl\\\/wp-content\\\/uploads\\\/2023\\\/05\\\/Logo-compuesto-UDD-Cmas.png\",\"contentUrl\":\"https:\\\/\\\/cmas.udd.cl\\\/wp-content\\\/uploads\\\/2023\\\/05\\\/Logo-compuesto-UDD-Cmas.png\",\"width\":695,\"height\":72,\"caption\":\"C+\"},\"image\":{\"@id\":\"https:\\\/\\\/cmas.udd.cl\\\/#\\\/schema\\\/logo\\\/image\\\/\"}}]}<\/script>\n<!-- \/ Yoast SEO plugin. -->","yoast_head_json":{"title":"C+ y Fundaci\u00f3n Vi-Da revelan alarmantes cifras tras encuesta sobre la percepci\u00f3n del c\u00e1ncer en chile - C+","robots":{"index":"index","follow":"follow","max-snippet":"max-snippet:-1","max-image-preview":"max-image-preview:large","max-video-preview":"max-video-preview:-1"},"canonical":"https:\/\/cmas.udd.cl\/en\/noticia\/c-y-fundacion-vi-da-revelan-alarmantes-cifras-tras-encuesta-sobre-la-percepcion-del-cancer-en-chile-migrado\/","og_locale":"en_US","og_type":"article","og_title":"C+ y Fundaci\u00f3n Vi-Da revelan alarmantes cifras tras encuesta sobre la percepci\u00f3n del c\u00e1ncer en chile - C+","og_description":"Este mes se llev\u00f3 a cabo el panel ciudadano \u00abChile Unido Frente al C\u00e1ncer. Primer Encuentro Ciudadano, Pacientes al Centro\u00bb, donde el Centro de Investigaci\u00f3n en Tecnolog\u00edas para la Sociedad de la Universidad del Desarrollo&nbsp;(C+) y la Fundaci\u00f3n Vi-Da presentaron los resultados de la \u00abPrimera Encuesta de Percepci\u00f3n sobre el C\u00e1ncer\u00bb. &nbsp; Este evento, llevado [&hellip;]","og_url":"https:\/\/cmas.udd.cl\/en\/noticia\/c-y-fundacion-vi-da-revelan-alarmantes-cifras-tras-encuesta-sobre-la-percepcion-del-cancer-en-chile-migrado\/","og_site_name":"C+","article_modified_time":"2025-07-02T00:08:35+00:00","og_image":[{"width":1366,"height":768,"url":"https:\/\/cmas.udd.cl\/wp-content\/uploads\/2024\/01\/chileunidofrentealcancer_-2-1366x768-2.jpg","type":"image\/jpeg"}],"twitter_card":"summary_large_image","twitter_misc":{"Est. reading time":"2 minutes"},"schema":{"@context":"https:\/\/schema.org","@graph":[{"@type":"WebPage","@id":"https:\/\/cmas.udd.cl\/noticia\/c-y-fundacion-vi-da-revelan-alarmantes-cifras-tras-encuesta-sobre-la-percepcion-del-cancer-en-chile-migrado\/","url":"https:\/\/cmas.udd.cl\/noticia\/c-y-fundacion-vi-da-revelan-alarmantes-cifras-tras-encuesta-sobre-la-percepcion-del-cancer-en-chile-migrado\/","name":"C+ y Fundaci\u00f3n Vi-Da revelan alarmantes cifras tras encuesta sobre la percepci\u00f3n del c\u00e1ncer en chile - C+","isPartOf":{"@id":"https:\/\/cmas.udd.cl\/#website"},"primaryImageOfPage":{"@id":"https:\/\/cmas.udd.cl\/noticia\/c-y-fundacion-vi-da-revelan-alarmantes-cifras-tras-encuesta-sobre-la-percepcion-del-cancer-en-chile-migrado\/#primaryimage"},"image":{"@id":"https:\/\/cmas.udd.cl\/noticia\/c-y-fundacion-vi-da-revelan-alarmantes-cifras-tras-encuesta-sobre-la-percepcion-del-cancer-en-chile-migrado\/#primaryimage"},"thumbnailUrl":"https:\/\/cmas.udd.cl\/wp-content\/uploads\/2024\/01\/chileunidofrentealcancer_-2-1366x768-2.jpg","datePublished":"2023-12-18T18:49:00+00:00","dateModified":"2025-07-02T00:08:35+00:00","breadcrumb":{"@id":"https:\/\/cmas.udd.cl\/noticia\/c-y-fundacion-vi-da-revelan-alarmantes-cifras-tras-encuesta-sobre-la-percepcion-del-cancer-en-chile-migrado\/#breadcrumb"},"inLanguage":"en-US","potentialAction":[{"@type":"ReadAction","target":["https:\/\/cmas.udd.cl\/noticia\/c-y-fundacion-vi-da-revelan-alarmantes-cifras-tras-encuesta-sobre-la-percepcion-del-cancer-en-chile-migrado\/"]}]},{"@type":"ImageObject","inLanguage":"en-US","@id":"https:\/\/cmas.udd.cl\/noticia\/c-y-fundacion-vi-da-revelan-alarmantes-cifras-tras-encuesta-sobre-la-percepcion-del-cancer-en-chile-migrado\/#primaryimage","url":"https:\/\/cmas.udd.cl\/wp-content\/uploads\/2024\/01\/chileunidofrentealcancer_-2-1366x768-2.jpg","contentUrl":"https:\/\/cmas.udd.cl\/wp-content\/uploads\/2024\/01\/chileunidofrentealcancer_-2-1366x768-2.jpg","width":1366,"height":768,"caption":"P1"},{"@type":"BreadcrumbList","@id":"https:\/\/cmas.udd.cl\/noticia\/c-y-fundacion-vi-da-revelan-alarmantes-cifras-tras-encuesta-sobre-la-percepcion-del-cancer-en-chile-migrado\/#breadcrumb","itemListElement":[{"@type":"ListItem","position":1,"name":"Home","item":"https:\/\/cmas.udd.cl\/"},{"@type":"ListItem","position":2,"name":"Noticias","item":"https:\/\/cmas.udd.cl\/Noticias\/"},{"@type":"ListItem","position":3,"name":"C+ y Fundaci\u00f3n Vi-Da revelan alarmantes cifras tras encuesta sobre la percepci\u00f3n del c\u00e1ncer en chile"}]},{"@type":"WebSite","@id":"https:\/\/cmas.udd.cl\/#website","url":"https:\/\/cmas.udd.cl\/","name":"C+","description":"Centro Investigaci\u00f3n enTecnolog\u00edas para la Sociedad","publisher":{"@id":"https:\/\/cmas.udd.cl\/#organization"},"potentialAction":[{"@type":"SearchAction","target":{"@type":"EntryPoint","urlTemplate":"https:\/\/cmas.udd.cl\/?s={search_term_string}"},"query-input":{"@type":"PropertyValueSpecification","valueRequired":true,"valueName":"search_term_string"}}],"inLanguage":"en-US"},{"@type":"Organization","@id":"https:\/\/cmas.udd.cl\/#organization","name":"C+","url":"https:\/\/cmas.udd.cl\/","logo":{"@type":"ImageObject","inLanguage":"en-US","@id":"https:\/\/cmas.udd.cl\/#\/schema\/logo\/image\/","url":"https:\/\/cmas.udd.cl\/wp-content\/uploads\/2023\/05\/Logo-compuesto-UDD-Cmas.png","contentUrl":"https:\/\/cmas.udd.cl\/wp-content\/uploads\/2023\/05\/Logo-compuesto-UDD-Cmas.png","width":695,"height":72,"caption":"C+"},"image":{"@id":"https:\/\/cmas.udd.cl\/#\/schema\/logo\/image\/"}}]}},"_links":{"self":[{"href":"https:\/\/cmas.udd.cl\/en\/wp-json\/wp\/v2\/noticia\/5838","targetHints":{"allow":["GET"]}}],"collection":[{"href":"https:\/\/cmas.udd.cl\/en\/wp-json\/wp\/v2\/noticia"}],"about":[{"href":"https:\/\/cmas.udd.cl\/en\/wp-json\/wp\/v2\/types\/noticia"}],"version-history":[{"count":0,"href":"https:\/\/cmas.udd.cl\/en\/wp-json\/wp\/v2\/noticia\/5838\/revisions"}],"wp:featuredmedia":[{"embeddable":true,"href":"https:\/\/cmas.udd.cl\/en\/wp-json\/wp\/v2\/media\/2732"}],"wp:attachment":[{"href":"https:\/\/cmas.udd.cl\/en\/wp-json\/wp\/v2\/media?parent=5838"}],"wp:term":[{"taxonomy":"filtro-de-portada","embeddable":true,"href":"https:\/\/cmas.udd.cl\/en\/wp-json\/wp\/v2\/filtro-de-portada?post=5838"},{"taxonomy":"grupo-de-investigacion","embeddable":true,"href":"https:\/\/cmas.udd.cl\/en\/wp-json\/wp\/v2\/grupo-de-investigacion?post=5838"},{"taxonomy":"tipo-de-contenido","embeddable":true,"href":"https:\/\/cmas.udd.cl\/en\/wp-json\/wp\/v2\/tipo-de-contenido?post=5838"}],"curies":[{"name":"wp","href":"https:\/\/api.w.org\/{rel}","templated":true}]}}