{"id":5828,"date":"2023-02-17T02:07:00","date_gmt":"2023-02-17T02:07:00","guid":{"rendered":"https:\/\/centrodeinvestigacioningenieria.udd.cl\/?post_type=noticia&#038;p=2137"},"modified":"2025-07-02T00:08:35","modified_gmt":"2025-07-02T00:08:35","slug":"c-instalo-nuevo-biodigestor-para-tratamiento-de-residuos-organicos-en-puerto-natales-migrado","status":"publish","type":"noticia","link":"https:\/\/cmas.udd.cl\/en\/noticia\/c-instalo-nuevo-biodigestor-para-tratamiento-de-residuos-organicos-en-puerto-natales-migrado\/","title":{"rendered":"C+ instal\u00f3 nuevo biodigestor para tratamiento de residuos org\u00e1nicos en Puerto Natales"},"content":{"rendered":"<p>Con el objetivo de conocer a diferentes actores y conversar sobre posibles soluciones para facilitar y fomentar los tratamientos de gesti\u00f3n de residuos en Puerto Natales, un equipo del Centro de Investigaci\u00f3n en Tecnolog\u00edas para la Sociedad (C+) de la Facultad de Ingenier\u00eda UDD realiz\u00f3 una visita a terreno a dicha comuna durante algunas semanas de enero y febrero.&nbsp;<\/p>\n\n\n\n<p>La visita estuvo enfocada en implementar y activar un sistema de micro-biodigesti\u00f3n en la planta de producci\u00f3n de alimentos \u201cFrigor\u00edfico MacLean\u201d, que servir\u00e1 para ayudar a mejorar el tratamiento de residuos org\u00e1nicos, en este caso de esti\u00e9rcol de ovejas, y darles un segundo valor a los desechos.&nbsp;<\/p>\n\n\n\n<p>Mientras se llev\u00f3 a cabo el proceso de implementaci\u00f3n del biodigestor, el equipo del C+ realiz\u00f3 diferentes capacitaciones al personal de la empresa, como a la Jefa de \u00c1rea y los trabajadores de mantenci\u00f3n para ense\u00f1arles sobre su funcionamiento, cuidado, usos de productos generados y mantenci\u00f3n.&nbsp;<\/p>\n\n\n\n<p>Por otra parte, Sebasti\u00e1n Guzm\u00e1n, investigador del Grupo de Investigaci\u00f3n de Diagn\u00f3sticos Modulares del C+, realiz\u00f3 una charla en el Galp\u00f3n Lab ubicado en Puerto Natales sobre la \u201cValorizaci\u00f3n de Residuos\u201d, que estuvo enfocada en dar a conocer las tecnolog\u00edas que se est\u00e1n desarrollando en el Centro de Investigaci\u00f3n en relaci\u00f3n con estos temas, adem\u00e1s de compartir experiencias con los participantes.&nbsp;<\/p>\n\n\n\n<p>\u201cLos participantes se mostraron con mucho inter\u00e9s en escuchar la charla. Una vez que termin\u00f3, se arm\u00f3 un buen espacio de di\u00e1logo y reflexiones sobre la gesti\u00f3n de residuos a nivel comunal, identificando posibles soluciones y revelando las brechas de las mismas\u201d sostuvo Sebasti\u00e1n Guzm\u00e1n sobre su participaci\u00f3n como expositor.&nbsp;<\/p>\n\n\n\n<p>Como pasos a seguir, desde el Grupo de Investigaci\u00f3n de Diagn\u00f3sticos Modulares se\u00f1alaron que se busca que este piloto pueda implementarse de forma p\u00fablica y demuestre a las autoridades locales y ciudadanos que s\u00ed es posible valorizar residuos in situ, dentro de la misma comuna.<\/p>","protected":false},"excerpt":{"rendered":"<p>Con el objetivo de conocer a diferentes actores y conversar sobre posibles soluciones para facilitar y fomentar los tratamientos de gesti\u00f3n de residuos en Puerto Natales, un equipo del Centro de Investigaci\u00f3n en Tecnolog\u00edas para la Sociedad (C+) de la Facultad de Ingenier\u00eda UDD realiz\u00f3 una visita a terreno a dicha comuna durante algunas semanas [&hellip;]<\/p>\n","protected":false},"featured_media":2139,"template":"","meta":{"_acf_changed":false},"filtro-de-portada":[],"grupo-de-investigacion":[109],"tipo-de-contenido":[],"class_list":["post-5828","noticia","type-noticia","status-publish","has-post-thumbnail","hentry","grupo-de-investigacion-modular_diagnostics"],"acf":[],"yoast_head":"<!-- This site is optimized with the Yoast SEO plugin v27.3 - https:\/\/yoast.com\/product\/yoast-seo-wordpress\/ -->\n<title>C+ instal\u00f3 nuevo biodigestor para tratamiento de residuos org\u00e1nicos en Puerto Natales - C+<\/title>\n<meta name=\"robots\" content=\"index, follow, max-snippet:-1, max-image-preview:large, max-video-preview:-1\" \/>\n<link rel=\"canonical\" href=\"https:\/\/cmas.udd.cl\/en\/noticia\/c-instalo-nuevo-biodigestor-para-tratamiento-de-residuos-organicos-en-puerto-natales-migrado\/\" \/>\n<meta property=\"og:locale\" content=\"en_US\" \/>\n<meta property=\"og:type\" content=\"article\" \/>\n<meta property=\"og:title\" content=\"C+ instal\u00f3 nuevo biodigestor para tratamiento de residuos org\u00e1nicos en Puerto Natales - C+\" \/>\n<meta property=\"og:description\" content=\"Con el objetivo de conocer a diferentes actores y conversar sobre posibles soluciones para facilitar y fomentar los tratamientos de gesti\u00f3n de residuos en Puerto Natales, un equipo del Centro de Investigaci\u00f3n en Tecnolog\u00edas para la Sociedad (C+) de la Facultad de Ingenier\u00eda UDD realiz\u00f3 una visita a terreno a dicha comuna durante algunas semanas [&hellip;]\" \/>\n<meta property=\"og:url\" content=\"https:\/\/cmas.udd.cl\/en\/noticia\/c-instalo-nuevo-biodigestor-para-tratamiento-de-residuos-organicos-en-puerto-natales-migrado\/\" \/>\n<meta property=\"og:site_name\" content=\"C+\" \/>\n<meta property=\"article:modified_time\" content=\"2025-07-02T00:08:35+00:00\" \/>\n<meta property=\"og:image\" content=\"https:\/\/cmas.udd.cl\/wp-content\/uploads\/2023\/02\/WhatsApp-Image-2023-01-26-at-10.08.17-AM-3.jpeg\" \/>\n\t<meta property=\"og:image:width\" content=\"1600\" \/>\n\t<meta property=\"og:image:height\" content=\"902\" \/>\n\t<meta property=\"og:image:type\" content=\"image\/jpeg\" \/>\n<meta name=\"twitter:card\" content=\"summary_large_image\" \/>\n<meta name=\"twitter:label1\" content=\"Est. reading time\" \/>\n\t<meta name=\"twitter:data1\" content=\"2 minutes\" \/>\n<script type=\"application\/ld+json\" class=\"yoast-schema-graph\">{\"@context\":\"https:\\\/\\\/schema.org\",\"@graph\":[{\"@type\":\"WebPage\",\"@id\":\"https:\\\/\\\/cmas.udd.cl\\\/noticia\\\/c-instalo-nuevo-biodigestor-para-tratamiento-de-residuos-organicos-en-puerto-natales-migrado\\\/\",\"url\":\"https:\\\/\\\/cmas.udd.cl\\\/noticia\\\/c-instalo-nuevo-biodigestor-para-tratamiento-de-residuos-organicos-en-puerto-natales-migrado\\\/\",\"name\":\"C+ instal\u00f3 nuevo biodigestor para tratamiento de residuos org\u00e1nicos en Puerto Natales - C+\",\"isPartOf\":{\"@id\":\"https:\\\/\\\/cmas.udd.cl\\\/#website\"},\"primaryImageOfPage\":{\"@id\":\"https:\\\/\\\/cmas.udd.cl\\\/noticia\\\/c-instalo-nuevo-biodigestor-para-tratamiento-de-residuos-organicos-en-puerto-natales-migrado\\\/#primaryimage\"},\"image\":{\"@id\":\"https:\\\/\\\/cmas.udd.cl\\\/noticia\\\/c-instalo-nuevo-biodigestor-para-tratamiento-de-residuos-organicos-en-puerto-natales-migrado\\\/#primaryimage\"},\"thumbnailUrl\":\"https:\\\/\\\/cmas.udd.cl\\\/wp-content\\\/uploads\\\/2023\\\/02\\\/WhatsApp-Image-2023-01-26-at-10.08.17-AM-3.jpeg\",\"datePublished\":\"2023-02-17T02:07:00+00:00\",\"dateModified\":\"2025-07-02T00:08:35+00:00\",\"breadcrumb\":{\"@id\":\"https:\\\/\\\/cmas.udd.cl\\\/noticia\\\/c-instalo-nuevo-biodigestor-para-tratamiento-de-residuos-organicos-en-puerto-natales-migrado\\\/#breadcrumb\"},\"inLanguage\":\"en-US\",\"potentialAction\":[{\"@type\":\"ReadAction\",\"target\":[\"https:\\\/\\\/cmas.udd.cl\\\/noticia\\\/c-instalo-nuevo-biodigestor-para-tratamiento-de-residuos-organicos-en-puerto-natales-migrado\\\/\"]}]},{\"@type\":\"ImageObject\",\"inLanguage\":\"en-US\",\"@id\":\"https:\\\/\\\/cmas.udd.cl\\\/noticia\\\/c-instalo-nuevo-biodigestor-para-tratamiento-de-residuos-organicos-en-puerto-natales-migrado\\\/#primaryimage\",\"url\":\"https:\\\/\\\/cmas.udd.cl\\\/wp-content\\\/uploads\\\/2023\\\/02\\\/WhatsApp-Image-2023-01-26-at-10.08.17-AM-3.jpeg\",\"contentUrl\":\"https:\\\/\\\/cmas.udd.cl\\\/wp-content\\\/uploads\\\/2023\\\/02\\\/WhatsApp-Image-2023-01-26-at-10.08.17-AM-3.jpeg\",\"width\":1600,\"height\":902},{\"@type\":\"BreadcrumbList\",\"@id\":\"https:\\\/\\\/cmas.udd.cl\\\/noticia\\\/c-instalo-nuevo-biodigestor-para-tratamiento-de-residuos-organicos-en-puerto-natales-migrado\\\/#breadcrumb\",\"itemListElement\":[{\"@type\":\"ListItem\",\"position\":1,\"name\":\"Home\",\"item\":\"https:\\\/\\\/cmas.udd.cl\\\/\"},{\"@type\":\"ListItem\",\"position\":2,\"name\":\"Noticias\",\"item\":\"https:\\\/\\\/cmas.udd.cl\\\/Noticias\\\/\"},{\"@type\":\"ListItem\",\"position\":3,\"name\":\"C+ instal\u00f3 nuevo biodigestor para tratamiento de residuos org\u00e1nicos en Puerto Natales\"}]},{\"@type\":\"WebSite\",\"@id\":\"https:\\\/\\\/cmas.udd.cl\\\/#website\",\"url\":\"https:\\\/\\\/cmas.udd.cl\\\/\",\"name\":\"C+\",\"description\":\"Centro Investigaci\u00f3n enTecnolog\u00edas para la Sociedad\",\"publisher\":{\"@id\":\"https:\\\/\\\/cmas.udd.cl\\\/#organization\"},\"potentialAction\":[{\"@type\":\"SearchAction\",\"target\":{\"@type\":\"EntryPoint\",\"urlTemplate\":\"https:\\\/\\\/cmas.udd.cl\\\/?s={search_term_string}\"},\"query-input\":{\"@type\":\"PropertyValueSpecification\",\"valueRequired\":true,\"valueName\":\"search_term_string\"}}],\"inLanguage\":\"en-US\"},{\"@type\":\"Organization\",\"@id\":\"https:\\\/\\\/cmas.udd.cl\\\/#organization\",\"name\":\"C+\",\"url\":\"https:\\\/\\\/cmas.udd.cl\\\/\",\"logo\":{\"@type\":\"ImageObject\",\"inLanguage\":\"en-US\",\"@id\":\"https:\\\/\\\/cmas.udd.cl\\\/#\\\/schema\\\/logo\\\/image\\\/\",\"url\":\"https:\\\/\\\/cmas.udd.cl\\\/wp-content\\\/uploads\\\/2023\\\/05\\\/Logo-compuesto-UDD-Cmas.png\",\"contentUrl\":\"https:\\\/\\\/cmas.udd.cl\\\/wp-content\\\/uploads\\\/2023\\\/05\\\/Logo-compuesto-UDD-Cmas.png\",\"width\":695,\"height\":72,\"caption\":\"C+\"},\"image\":{\"@id\":\"https:\\\/\\\/cmas.udd.cl\\\/#\\\/schema\\\/logo\\\/image\\\/\"}}]}<\/script>\n<!-- \/ Yoast SEO plugin. -->","yoast_head_json":{"title":"C+ instal\u00f3 nuevo biodigestor para tratamiento de residuos org\u00e1nicos en Puerto Natales - C+","robots":{"index":"index","follow":"follow","max-snippet":"max-snippet:-1","max-image-preview":"max-image-preview:large","max-video-preview":"max-video-preview:-1"},"canonical":"https:\/\/cmas.udd.cl\/en\/noticia\/c-instalo-nuevo-biodigestor-para-tratamiento-de-residuos-organicos-en-puerto-natales-migrado\/","og_locale":"en_US","og_type":"article","og_title":"C+ instal\u00f3 nuevo biodigestor para tratamiento de residuos org\u00e1nicos en Puerto Natales - C+","og_description":"Con el objetivo de conocer a diferentes actores y conversar sobre posibles soluciones para facilitar y fomentar los tratamientos de gesti\u00f3n de residuos en Puerto Natales, un equipo del Centro de Investigaci\u00f3n en Tecnolog\u00edas para la Sociedad (C+) de la Facultad de Ingenier\u00eda UDD realiz\u00f3 una visita a terreno a dicha comuna durante algunas semanas [&hellip;]","og_url":"https:\/\/cmas.udd.cl\/en\/noticia\/c-instalo-nuevo-biodigestor-para-tratamiento-de-residuos-organicos-en-puerto-natales-migrado\/","og_site_name":"C+","article_modified_time":"2025-07-02T00:08:35+00:00","og_image":[{"width":1600,"height":902,"url":"https:\/\/cmas.udd.cl\/wp-content\/uploads\/2023\/02\/WhatsApp-Image-2023-01-26-at-10.08.17-AM-3.jpeg","type":"image\/jpeg"}],"twitter_card":"summary_large_image","twitter_misc":{"Est. reading time":"2 minutes"},"schema":{"@context":"https:\/\/schema.org","@graph":[{"@type":"WebPage","@id":"https:\/\/cmas.udd.cl\/noticia\/c-instalo-nuevo-biodigestor-para-tratamiento-de-residuos-organicos-en-puerto-natales-migrado\/","url":"https:\/\/cmas.udd.cl\/noticia\/c-instalo-nuevo-biodigestor-para-tratamiento-de-residuos-organicos-en-puerto-natales-migrado\/","name":"C+ instal\u00f3 nuevo biodigestor para tratamiento de residuos org\u00e1nicos en Puerto Natales - C+","isPartOf":{"@id":"https:\/\/cmas.udd.cl\/#website"},"primaryImageOfPage":{"@id":"https:\/\/cmas.udd.cl\/noticia\/c-instalo-nuevo-biodigestor-para-tratamiento-de-residuos-organicos-en-puerto-natales-migrado\/#primaryimage"},"image":{"@id":"https:\/\/cmas.udd.cl\/noticia\/c-instalo-nuevo-biodigestor-para-tratamiento-de-residuos-organicos-en-puerto-natales-migrado\/#primaryimage"},"thumbnailUrl":"https:\/\/cmas.udd.cl\/wp-content\/uploads\/2023\/02\/WhatsApp-Image-2023-01-26-at-10.08.17-AM-3.jpeg","datePublished":"2023-02-17T02:07:00+00:00","dateModified":"2025-07-02T00:08:35+00:00","breadcrumb":{"@id":"https:\/\/cmas.udd.cl\/noticia\/c-instalo-nuevo-biodigestor-para-tratamiento-de-residuos-organicos-en-puerto-natales-migrado\/#breadcrumb"},"inLanguage":"en-US","potentialAction":[{"@type":"ReadAction","target":["https:\/\/cmas.udd.cl\/noticia\/c-instalo-nuevo-biodigestor-para-tratamiento-de-residuos-organicos-en-puerto-natales-migrado\/"]}]},{"@type":"ImageObject","inLanguage":"en-US","@id":"https:\/\/cmas.udd.cl\/noticia\/c-instalo-nuevo-biodigestor-para-tratamiento-de-residuos-organicos-en-puerto-natales-migrado\/#primaryimage","url":"https:\/\/cmas.udd.cl\/wp-content\/uploads\/2023\/02\/WhatsApp-Image-2023-01-26-at-10.08.17-AM-3.jpeg","contentUrl":"https:\/\/cmas.udd.cl\/wp-content\/uploads\/2023\/02\/WhatsApp-Image-2023-01-26-at-10.08.17-AM-3.jpeg","width":1600,"height":902},{"@type":"BreadcrumbList","@id":"https:\/\/cmas.udd.cl\/noticia\/c-instalo-nuevo-biodigestor-para-tratamiento-de-residuos-organicos-en-puerto-natales-migrado\/#breadcrumb","itemListElement":[{"@type":"ListItem","position":1,"name":"Home","item":"https:\/\/cmas.udd.cl\/"},{"@type":"ListItem","position":2,"name":"Noticias","item":"https:\/\/cmas.udd.cl\/Noticias\/"},{"@type":"ListItem","position":3,"name":"C+ instal\u00f3 nuevo biodigestor para tratamiento de residuos org\u00e1nicos en Puerto Natales"}]},{"@type":"WebSite","@id":"https:\/\/cmas.udd.cl\/#website","url":"https:\/\/cmas.udd.cl\/","name":"C+","description":"Centro Investigaci\u00f3n enTecnolog\u00edas para la Sociedad","publisher":{"@id":"https:\/\/cmas.udd.cl\/#organization"},"potentialAction":[{"@type":"SearchAction","target":{"@type":"EntryPoint","urlTemplate":"https:\/\/cmas.udd.cl\/?s={search_term_string}"},"query-input":{"@type":"PropertyValueSpecification","valueRequired":true,"valueName":"search_term_string"}}],"inLanguage":"en-US"},{"@type":"Organization","@id":"https:\/\/cmas.udd.cl\/#organization","name":"C+","url":"https:\/\/cmas.udd.cl\/","logo":{"@type":"ImageObject","inLanguage":"en-US","@id":"https:\/\/cmas.udd.cl\/#\/schema\/logo\/image\/","url":"https:\/\/cmas.udd.cl\/wp-content\/uploads\/2023\/05\/Logo-compuesto-UDD-Cmas.png","contentUrl":"https:\/\/cmas.udd.cl\/wp-content\/uploads\/2023\/05\/Logo-compuesto-UDD-Cmas.png","width":695,"height":72,"caption":"C+"},"image":{"@id":"https:\/\/cmas.udd.cl\/#\/schema\/logo\/image\/"}}]}},"_links":{"self":[{"href":"https:\/\/cmas.udd.cl\/en\/wp-json\/wp\/v2\/noticia\/5828","targetHints":{"allow":["GET"]}}],"collection":[{"href":"https:\/\/cmas.udd.cl\/en\/wp-json\/wp\/v2\/noticia"}],"about":[{"href":"https:\/\/cmas.udd.cl\/en\/wp-json\/wp\/v2\/types\/noticia"}],"version-history":[{"count":0,"href":"https:\/\/cmas.udd.cl\/en\/wp-json\/wp\/v2\/noticia\/5828\/revisions"}],"wp:featuredmedia":[{"embeddable":true,"href":"https:\/\/cmas.udd.cl\/en\/wp-json\/wp\/v2\/media\/2139"}],"wp:attachment":[{"href":"https:\/\/cmas.udd.cl\/en\/wp-json\/wp\/v2\/media?parent=5828"}],"wp:term":[{"taxonomy":"filtro-de-portada","embeddable":true,"href":"https:\/\/cmas.udd.cl\/en\/wp-json\/wp\/v2\/filtro-de-portada?post=5828"},{"taxonomy":"grupo-de-investigacion","embeddable":true,"href":"https:\/\/cmas.udd.cl\/en\/wp-json\/wp\/v2\/grupo-de-investigacion?post=5828"},{"taxonomy":"tipo-de-contenido","embeddable":true,"href":"https:\/\/cmas.udd.cl\/en\/wp-json\/wp\/v2\/tipo-de-contenido?post=5828"}],"curies":[{"name":"wp","href":"https:\/\/api.w.org\/{rel}","templated":true}]}}