{"id":5826,"date":"2023-01-27T18:57:00","date_gmt":"2023-01-27T18:57:00","guid":{"rendered":"https:\/\/centrodeinvestigacioningenieria.udd.cl\/?post_type=noticia&#038;p=2078"},"modified":"2025-07-02T00:08:35","modified_gmt":"2025-07-02T00:08:35","slug":"investigador-del-c-es-invitado-por-la-uc-davis-de-california-a-encuentro-de-emprendedores-migrado","status":"publish","type":"noticia","link":"https:\/\/cmas.udd.cl\/en\/noticia\/investigador-del-c-es-invitado-por-la-uc-davis-de-california-a-encuentro-de-emprendedores-migrado\/","title":{"rendered":"Investigador del C+ es invitado por la UC Davis de California a encuentro de emprendedores"},"content":{"rendered":"<p>El investigador del Grupo de Investigaci\u00f3n \u201cRealidades Extendidas\u201d del Centro de Investigaci\u00f3n en Tecnolog\u00edas para la Sociedad (C+) de Ingenier\u00eda UDD, Jos\u00e9 Ignacio Guzm\u00e1n, fue invitado a participar en el \u201cUC Entrepreneurship Academy\u201d de la UC Davis en California, siendo el \u00fanico representante de la Universidad del Desarrollo.&nbsp;<\/p>\n\n\n\n<p>El objetivo de la invitaci\u00f3n es agrupar a investigadores, docentes y emprendedores a exponer sobre sus proyectos y conocer las experiencias desde diferentes puntos de vista, a trav\u00e9s de debates, tutor\u00edas y paneles de discusi\u00f3n que servir\u00e1n como base para ayudar y brindar ideas sobre c\u00f3mo comercializar cada investigaci\u00f3n.&nbsp;<\/p>\n\n\n\n<p>Para esta ocasi\u00f3n, el investigador del C + hablar\u00e1 sobre el proyecto \u201cRealidad Virtual Inmersiva para el entrenamiento de la cirug\u00eda de m\u00ednimo acceso\u201d, que se centra en la presentaci\u00f3n de ejercicios t\u00edpicos para lograr habilidades b\u00e1sicas de coordinaci\u00f3n psicomotora en los estudiantes de cirug\u00eda. Este simulador, por sus caracter\u00edsticas de portabilidad, captura de datos y autonom\u00eda, por lo que se convierte en una alternativa novedosa y atractiva para el mercado.&nbsp;<\/p>\n\n\n\n<p>En el a\u00f1o 2022, se realiz\u00f3 una solicitud de patente de invenci\u00f3n (202201356)&nbsp; ante el Instituto Nacional de Propiedad Intelectual (INAPI).&nbsp;<\/p>\n\n\n\n<p>Sobre su participaci\u00f3n, Jos\u00e9 Ignacio Guzm\u00e1n sostuvo que \u201ces importante que se realicen este tipo de actividades y reuniones relacionados con la investigaci\u00f3n e innovaci\u00f3n. Estas nos permiten intercambiar sobre nuevas tecnolog\u00edas e ideas que aporten soluciones a problem\u00e1ticas de la sociedad, ponerse en contacto con investigadores internacionales y otros grupos de trabajo o empresas tecnol\u00f3gicas.\u201d<\/p>\n\n\n\n<p>Cabe destacar que este a\u00f1o, el encuentro tendr\u00e1 alrededor de 60 participantes que expondr\u00e1n sobre diferentes ideas relacionadas a la innovaci\u00f3n, 14 expositores y alrededor de 30 sesiones con talleres interactivos y paneles de discusi\u00f3n.<\/p>","protected":false},"excerpt":{"rendered":"<p>El investigador del Grupo de Investigaci\u00f3n \u201cRealidades Extendidas\u201d del Centro de Investigaci\u00f3n en Tecnolog\u00edas para la Sociedad (C+) de Ingenier\u00eda UDD, Jos\u00e9 Ignacio Guzm\u00e1n, fue invitado a participar en el \u201cUC Entrepreneurship Academy\u201d de la UC Davis en California, siendo el \u00fanico representante de la Universidad del Desarrollo.&nbsp; El objetivo de la invitaci\u00f3n es agrupar [&hellip;]<\/p>\n","protected":false},"featured_media":2079,"template":"","meta":{"_acf_changed":false},"filtro-de-portada":[],"grupo-de-investigacion":[104],"tipo-de-contenido":[],"class_list":["post-5826","noticia","type-noticia","status-publish","has-post-thumbnail","hentry","grupo-de-investigacion-extended_realities"],"acf":[],"yoast_head":"<!-- This site is optimized with the Yoast SEO plugin v27.3 - https:\/\/yoast.com\/product\/yoast-seo-wordpress\/ -->\n<title>Investigador del C+ es invitado por la UC Davis de California a encuentro de emprendedores - C+<\/title>\n<meta name=\"robots\" content=\"index, follow, max-snippet:-1, max-image-preview:large, max-video-preview:-1\" \/>\n<link rel=\"canonical\" href=\"https:\/\/cmas.udd.cl\/en\/noticia\/investigador-del-c-es-invitado-por-la-uc-davis-de-california-a-encuentro-de-emprendedores-migrado\/\" \/>\n<meta property=\"og:locale\" content=\"en_US\" \/>\n<meta property=\"og:type\" content=\"article\" \/>\n<meta property=\"og:title\" content=\"Investigador del C+ es invitado por la UC Davis de California a encuentro de emprendedores - C+\" \/>\n<meta property=\"og:description\" content=\"El investigador del Grupo de Investigaci\u00f3n \u201cRealidades Extendidas\u201d del Centro de Investigaci\u00f3n en Tecnolog\u00edas para la Sociedad (C+) de Ingenier\u00eda UDD, Jos\u00e9 Ignacio Guzm\u00e1n, fue invitado a participar en el \u201cUC Entrepreneurship Academy\u201d de la UC Davis en California, siendo el \u00fanico representante de la Universidad del Desarrollo.&nbsp; El objetivo de la invitaci\u00f3n es agrupar [&hellip;]\" \/>\n<meta property=\"og:url\" content=\"https:\/\/cmas.udd.cl\/en\/noticia\/investigador-del-c-es-invitado-por-la-uc-davis-de-california-a-encuentro-de-emprendedores-migrado\/\" \/>\n<meta property=\"og:site_name\" content=\"C+\" \/>\n<meta property=\"article:modified_time\" content=\"2025-07-02T00:08:35+00:00\" \/>\n<meta property=\"og:image\" content=\"https:\/\/cmas.udd.cl\/wp-content\/uploads\/2023\/02\/photo.jpg\" \/>\n\t<meta property=\"og:image:width\" content=\"680\" \/>\n\t<meta property=\"og:image:height\" content=\"382\" \/>\n\t<meta property=\"og:image:type\" content=\"image\/jpeg\" \/>\n<meta name=\"twitter:card\" content=\"summary_large_image\" \/>\n<meta name=\"twitter:label1\" content=\"Est. reading time\" \/>\n\t<meta name=\"twitter:data1\" content=\"2 minutes\" \/>\n<script type=\"application\/ld+json\" class=\"yoast-schema-graph\">{\"@context\":\"https:\\\/\\\/schema.org\",\"@graph\":[{\"@type\":\"WebPage\",\"@id\":\"https:\\\/\\\/cmas.udd.cl\\\/noticia\\\/investigador-del-c-es-invitado-por-la-uc-davis-de-california-a-encuentro-de-emprendedores-migrado\\\/\",\"url\":\"https:\\\/\\\/cmas.udd.cl\\\/noticia\\\/investigador-del-c-es-invitado-por-la-uc-davis-de-california-a-encuentro-de-emprendedores-migrado\\\/\",\"name\":\"Investigador del C+ es invitado por la UC Davis de California a encuentro de emprendedores - C+\",\"isPartOf\":{\"@id\":\"https:\\\/\\\/cmas.udd.cl\\\/#website\"},\"primaryImageOfPage\":{\"@id\":\"https:\\\/\\\/cmas.udd.cl\\\/noticia\\\/investigador-del-c-es-invitado-por-la-uc-davis-de-california-a-encuentro-de-emprendedores-migrado\\\/#primaryimage\"},\"image\":{\"@id\":\"https:\\\/\\\/cmas.udd.cl\\\/noticia\\\/investigador-del-c-es-invitado-por-la-uc-davis-de-california-a-encuentro-de-emprendedores-migrado\\\/#primaryimage\"},\"thumbnailUrl\":\"https:\\\/\\\/cmas.udd.cl\\\/wp-content\\\/uploads\\\/2023\\\/02\\\/photo.jpg\",\"datePublished\":\"2023-01-27T18:57:00+00:00\",\"dateModified\":\"2025-07-02T00:08:35+00:00\",\"breadcrumb\":{\"@id\":\"https:\\\/\\\/cmas.udd.cl\\\/noticia\\\/investigador-del-c-es-invitado-por-la-uc-davis-de-california-a-encuentro-de-emprendedores-migrado\\\/#breadcrumb\"},\"inLanguage\":\"en-US\",\"potentialAction\":[{\"@type\":\"ReadAction\",\"target\":[\"https:\\\/\\\/cmas.udd.cl\\\/noticia\\\/investigador-del-c-es-invitado-por-la-uc-davis-de-california-a-encuentro-de-emprendedores-migrado\\\/\"]}]},{\"@type\":\"ImageObject\",\"inLanguage\":\"en-US\",\"@id\":\"https:\\\/\\\/cmas.udd.cl\\\/noticia\\\/investigador-del-c-es-invitado-por-la-uc-davis-de-california-a-encuentro-de-emprendedores-migrado\\\/#primaryimage\",\"url\":\"https:\\\/\\\/cmas.udd.cl\\\/wp-content\\\/uploads\\\/2023\\\/02\\\/photo.jpg\",\"contentUrl\":\"https:\\\/\\\/cmas.udd.cl\\\/wp-content\\\/uploads\\\/2023\\\/02\\\/photo.jpg\",\"width\":680,\"height\":382},{\"@type\":\"BreadcrumbList\",\"@id\":\"https:\\\/\\\/cmas.udd.cl\\\/noticia\\\/investigador-del-c-es-invitado-por-la-uc-davis-de-california-a-encuentro-de-emprendedores-migrado\\\/#breadcrumb\",\"itemListElement\":[{\"@type\":\"ListItem\",\"position\":1,\"name\":\"Home\",\"item\":\"https:\\\/\\\/cmas.udd.cl\\\/\"},{\"@type\":\"ListItem\",\"position\":2,\"name\":\"Noticias\",\"item\":\"https:\\\/\\\/cmas.udd.cl\\\/Noticias\\\/\"},{\"@type\":\"ListItem\",\"position\":3,\"name\":\"Investigador del C+ es invitado por la UC Davis de California a encuentro de emprendedores\"}]},{\"@type\":\"WebSite\",\"@id\":\"https:\\\/\\\/cmas.udd.cl\\\/#website\",\"url\":\"https:\\\/\\\/cmas.udd.cl\\\/\",\"name\":\"C+\",\"description\":\"Centro Investigaci\u00f3n enTecnolog\u00edas para la Sociedad\",\"publisher\":{\"@id\":\"https:\\\/\\\/cmas.udd.cl\\\/#organization\"},\"potentialAction\":[{\"@type\":\"SearchAction\",\"target\":{\"@type\":\"EntryPoint\",\"urlTemplate\":\"https:\\\/\\\/cmas.udd.cl\\\/?s={search_term_string}\"},\"query-input\":{\"@type\":\"PropertyValueSpecification\",\"valueRequired\":true,\"valueName\":\"search_term_string\"}}],\"inLanguage\":\"en-US\"},{\"@type\":\"Organization\",\"@id\":\"https:\\\/\\\/cmas.udd.cl\\\/#organization\",\"name\":\"C+\",\"url\":\"https:\\\/\\\/cmas.udd.cl\\\/\",\"logo\":{\"@type\":\"ImageObject\",\"inLanguage\":\"en-US\",\"@id\":\"https:\\\/\\\/cmas.udd.cl\\\/#\\\/schema\\\/logo\\\/image\\\/\",\"url\":\"https:\\\/\\\/cmas.udd.cl\\\/wp-content\\\/uploads\\\/2023\\\/05\\\/Logo-compuesto-UDD-Cmas.png\",\"contentUrl\":\"https:\\\/\\\/cmas.udd.cl\\\/wp-content\\\/uploads\\\/2023\\\/05\\\/Logo-compuesto-UDD-Cmas.png\",\"width\":695,\"height\":72,\"caption\":\"C+\"},\"image\":{\"@id\":\"https:\\\/\\\/cmas.udd.cl\\\/#\\\/schema\\\/logo\\\/image\\\/\"}}]}<\/script>\n<!-- \/ Yoast SEO plugin. -->","yoast_head_json":{"title":"Investigador del C+ es invitado por la UC Davis de California a encuentro de emprendedores - C+","robots":{"index":"index","follow":"follow","max-snippet":"max-snippet:-1","max-image-preview":"max-image-preview:large","max-video-preview":"max-video-preview:-1"},"canonical":"https:\/\/cmas.udd.cl\/en\/noticia\/investigador-del-c-es-invitado-por-la-uc-davis-de-california-a-encuentro-de-emprendedores-migrado\/","og_locale":"en_US","og_type":"article","og_title":"Investigador del C+ es invitado por la UC Davis de California a encuentro de emprendedores - C+","og_description":"El investigador del Grupo de Investigaci\u00f3n \u201cRealidades Extendidas\u201d del Centro de Investigaci\u00f3n en Tecnolog\u00edas para la Sociedad (C+) de Ingenier\u00eda UDD, Jos\u00e9 Ignacio Guzm\u00e1n, fue invitado a participar en el \u201cUC Entrepreneurship Academy\u201d de la UC Davis en California, siendo el \u00fanico representante de la Universidad del Desarrollo.&nbsp; El objetivo de la invitaci\u00f3n es agrupar [&hellip;]","og_url":"https:\/\/cmas.udd.cl\/en\/noticia\/investigador-del-c-es-invitado-por-la-uc-davis-de-california-a-encuentro-de-emprendedores-migrado\/","og_site_name":"C+","article_modified_time":"2025-07-02T00:08:35+00:00","og_image":[{"width":680,"height":382,"url":"https:\/\/cmas.udd.cl\/wp-content\/uploads\/2023\/02\/photo.jpg","type":"image\/jpeg"}],"twitter_card":"summary_large_image","twitter_misc":{"Est. reading time":"2 minutes"},"schema":{"@context":"https:\/\/schema.org","@graph":[{"@type":"WebPage","@id":"https:\/\/cmas.udd.cl\/noticia\/investigador-del-c-es-invitado-por-la-uc-davis-de-california-a-encuentro-de-emprendedores-migrado\/","url":"https:\/\/cmas.udd.cl\/noticia\/investigador-del-c-es-invitado-por-la-uc-davis-de-california-a-encuentro-de-emprendedores-migrado\/","name":"Investigador del C+ es invitado por la UC Davis de California a encuentro de emprendedores - C+","isPartOf":{"@id":"https:\/\/cmas.udd.cl\/#website"},"primaryImageOfPage":{"@id":"https:\/\/cmas.udd.cl\/noticia\/investigador-del-c-es-invitado-por-la-uc-davis-de-california-a-encuentro-de-emprendedores-migrado\/#primaryimage"},"image":{"@id":"https:\/\/cmas.udd.cl\/noticia\/investigador-del-c-es-invitado-por-la-uc-davis-de-california-a-encuentro-de-emprendedores-migrado\/#primaryimage"},"thumbnailUrl":"https:\/\/cmas.udd.cl\/wp-content\/uploads\/2023\/02\/photo.jpg","datePublished":"2023-01-27T18:57:00+00:00","dateModified":"2025-07-02T00:08:35+00:00","breadcrumb":{"@id":"https:\/\/cmas.udd.cl\/noticia\/investigador-del-c-es-invitado-por-la-uc-davis-de-california-a-encuentro-de-emprendedores-migrado\/#breadcrumb"},"inLanguage":"en-US","potentialAction":[{"@type":"ReadAction","target":["https:\/\/cmas.udd.cl\/noticia\/investigador-del-c-es-invitado-por-la-uc-davis-de-california-a-encuentro-de-emprendedores-migrado\/"]}]},{"@type":"ImageObject","inLanguage":"en-US","@id":"https:\/\/cmas.udd.cl\/noticia\/investigador-del-c-es-invitado-por-la-uc-davis-de-california-a-encuentro-de-emprendedores-migrado\/#primaryimage","url":"https:\/\/cmas.udd.cl\/wp-content\/uploads\/2023\/02\/photo.jpg","contentUrl":"https:\/\/cmas.udd.cl\/wp-content\/uploads\/2023\/02\/photo.jpg","width":680,"height":382},{"@type":"BreadcrumbList","@id":"https:\/\/cmas.udd.cl\/noticia\/investigador-del-c-es-invitado-por-la-uc-davis-de-california-a-encuentro-de-emprendedores-migrado\/#breadcrumb","itemListElement":[{"@type":"ListItem","position":1,"name":"Home","item":"https:\/\/cmas.udd.cl\/"},{"@type":"ListItem","position":2,"name":"Noticias","item":"https:\/\/cmas.udd.cl\/Noticias\/"},{"@type":"ListItem","position":3,"name":"Investigador del C+ es invitado por la UC Davis de California a encuentro de emprendedores"}]},{"@type":"WebSite","@id":"https:\/\/cmas.udd.cl\/#website","url":"https:\/\/cmas.udd.cl\/","name":"C+","description":"Centro Investigaci\u00f3n enTecnolog\u00edas para la Sociedad","publisher":{"@id":"https:\/\/cmas.udd.cl\/#organization"},"potentialAction":[{"@type":"SearchAction","target":{"@type":"EntryPoint","urlTemplate":"https:\/\/cmas.udd.cl\/?s={search_term_string}"},"query-input":{"@type":"PropertyValueSpecification","valueRequired":true,"valueName":"search_term_string"}}],"inLanguage":"en-US"},{"@type":"Organization","@id":"https:\/\/cmas.udd.cl\/#organization","name":"C+","url":"https:\/\/cmas.udd.cl\/","logo":{"@type":"ImageObject","inLanguage":"en-US","@id":"https:\/\/cmas.udd.cl\/#\/schema\/logo\/image\/","url":"https:\/\/cmas.udd.cl\/wp-content\/uploads\/2023\/05\/Logo-compuesto-UDD-Cmas.png","contentUrl":"https:\/\/cmas.udd.cl\/wp-content\/uploads\/2023\/05\/Logo-compuesto-UDD-Cmas.png","width":695,"height":72,"caption":"C+"},"image":{"@id":"https:\/\/cmas.udd.cl\/#\/schema\/logo\/image\/"}}]}},"_links":{"self":[{"href":"https:\/\/cmas.udd.cl\/en\/wp-json\/wp\/v2\/noticia\/5826","targetHints":{"allow":["GET"]}}],"collection":[{"href":"https:\/\/cmas.udd.cl\/en\/wp-json\/wp\/v2\/noticia"}],"about":[{"href":"https:\/\/cmas.udd.cl\/en\/wp-json\/wp\/v2\/types\/noticia"}],"version-history":[{"count":0,"href":"https:\/\/cmas.udd.cl\/en\/wp-json\/wp\/v2\/noticia\/5826\/revisions"}],"wp:featuredmedia":[{"embeddable":true,"href":"https:\/\/cmas.udd.cl\/en\/wp-json\/wp\/v2\/media\/2079"}],"wp:attachment":[{"href":"https:\/\/cmas.udd.cl\/en\/wp-json\/wp\/v2\/media?parent=5826"}],"wp:term":[{"taxonomy":"filtro-de-portada","embeddable":true,"href":"https:\/\/cmas.udd.cl\/en\/wp-json\/wp\/v2\/filtro-de-portada?post=5826"},{"taxonomy":"grupo-de-investigacion","embeddable":true,"href":"https:\/\/cmas.udd.cl\/en\/wp-json\/wp\/v2\/grupo-de-investigacion?post=5826"},{"taxonomy":"tipo-de-contenido","embeddable":true,"href":"https:\/\/cmas.udd.cl\/en\/wp-json\/wp\/v2\/tipo-de-contenido?post=5826"}],"curies":[{"name":"wp","href":"https:\/\/api.w.org\/{rel}","templated":true}]}}