{"id":5816,"date":"2022-11-21T22:42:00","date_gmt":"2022-11-21T22:42:00","guid":{"rendered":"https:\/\/centrodeinvestigacioningenieria.udd.cl\/?post_type=noticia&#038;p=1115"},"modified":"2025-07-02T00:08:35","modified_gmt":"2025-07-02T00:08:35","slug":"investigador-adjunto-del-c-nicolas-fierro-particpa-de-gis-day-geographic-information-system-en-chile-migrado","status":"publish","type":"noticia","link":"https:\/\/cmas.udd.cl\/en\/noticia\/investigador-adjunto-del-c-nicolas-fierro-particpa-de-gis-day-geographic-information-system-en-chile-migrado\/","title":{"rendered":"Investigador adjunto del C+, Nicol\u00e1s Fierro, particpa de \u00abGIS Day: Geographic Information System\u00bb en Chile"},"content":{"rendered":"<p>El investigador adjunto del Centro de Investigaci\u00f3n en Tecnolog\u00edas para la Sociedad (C+), Nicol\u00e1s Fierro, particip\u00f3 como expositor en el \u201cGeographic Information System, GIS Day 2022: Geograf\u00eda y Salud; el poder de los GIS en el An\u00e1lisis Territorial\u201d \u201d. La instancia, es un evento cient\u00edfico, celebrado a nivel mundial y que re\u00fane a cientos de personas interesadas en los potenciales de las herramientas GIS, las cuales permiten recopilar, analizar y visualizar datos geogr\u00e1ficos que ayudan a tomar mejores decisiones, entre muchas otras aplicaciones.&nbsp;<\/p>\n\n\n\n<p>En el evento, Nicol\u00e1s expuso sobre el proyecto de Tech Policy Lab \u201cVisibiliza a los invisibles: empatiza con los vulnerables\u201d, plataforma de recolecci\u00f3n de datos georreferenciados en tiempo real de personas en situaci\u00f3n de calle en Chile. El proyecto se llev\u00f3 a cabo a trav\u00e9s de una metodolog\u00eda innovadora para la preparaci\u00f3n y aplicaci\u00f3n de instrumentos de recolecci\u00f3n de informaci\u00f3n, en donde estudiantes de distintas carreras de la Universidad del Desarrollo realizaron una investigaci\u00f3n de car\u00e1cter social.<\/p>\n\n\n\n<p>\u201cPara mi fue un honor haber sido invitado a un evento tan importante en la comunidad GIS, donde pude exponer parte del trabajo que he realizado en conjunto con la Facultad de Ingenier\u00eda. En este tipo de actividades, adem\u00e1s de dar a conocer proyectos que aportan a la sociedad, tambi\u00e9n se fomenta el uso de estas tecnolog\u00edas de formas innovadoras y crea oportunidades para conocer personas que se encuentran trabajando en las mismas problem\u00e1ticas, generando posibles colaboraciones a nivel internacional\u201d, se\u00f1al\u00f3 Nicol\u00e1s en relaci\u00f3n a su participaci\u00f3n en el evento.&nbsp;<\/p>\n\n\n\n<p><strong>Nicol\u00e1s Fierro expone en el Learning Planet Institute en Francia:&nbsp;<\/strong><\/p>\n\n\n\n<p>Por otra parte, el investigador perteneciente al Laboratorio de Tech Policy y Envirohealth Dynamics, expuso a investigadores y estudiantes de su curso en el Learning Planet Institute en Francia sobre los proyectos en los que ha estado colaborando en el C+, que tienen como objetivo medir la contaminaci\u00f3n y calidad del aire, utilizando redes de sensores de bajo costo en diferentes zonas geogr\u00e1ficas de Chile. La presentaci\u00f3n se centr\u00f3 en los nuevos enfoques para aumentar la comprensi\u00f3n espacio \u2013 temporal de la contaminaci\u00f3n.&nbsp;<\/p>\n\n\n\n<p>Adem\u00e1s, el investigador tambi\u00e9n expuso sobre el proyecto del grupo de investigaci\u00f3n Tech Policy del C+ que desarrolla una plataforma de sistema de datos espaciales para la toma de decisiones p\u00fablicas. Esta herramienta permitir\u00e1 a los usuarios, por ejemplo, optimizar la oferta de carreras t\u00e9cnicas y pasant\u00edas en el subsistema de Educaci\u00f3n Media T\u00e9cnica Profesional.<\/p>","protected":false},"excerpt":{"rendered":"<p>El investigador adjunto del Centro de Investigaci\u00f3n en Tecnolog\u00edas para la Sociedad (C+), Nicol\u00e1s Fierro, particip\u00f3 como expositor en el \u201cGeographic Information System, GIS Day 2022: Geograf\u00eda y Salud; el poder de los GIS en el An\u00e1lisis Territorial\u201d \u201d. La instancia, es un evento cient\u00edfico, celebrado a nivel mundial y que re\u00fane a cientos de [&hellip;]<\/p>\n","protected":false},"featured_media":1119,"template":"","meta":{"_acf_changed":false},"filtro-de-portada":[],"grupo-de-investigacion":[111],"tipo-de-contenido":[],"class_list":["post-5816","noticia","type-noticia","status-publish","has-post-thumbnail","hentry","grupo-de-investigacion-tech_policy"],"acf":[],"yoast_head":"<!-- This site is optimized with the Yoast SEO plugin v27.3 - https:\/\/yoast.com\/product\/yoast-seo-wordpress\/ -->\n<title>Investigador adjunto del C+, Nicol\u00e1s Fierro, particpa de \u00abGIS Day: Geographic Information System\u00bb en Chile - C+<\/title>\n<meta name=\"robots\" content=\"index, follow, max-snippet:-1, max-image-preview:large, max-video-preview:-1\" \/>\n<link rel=\"canonical\" href=\"https:\/\/cmas.udd.cl\/en\/noticia\/investigador-adjunto-del-c-nicolas-fierro-particpa-de-gis-day-geographic-information-system-en-chile-migrado\/\" \/>\n<meta property=\"og:locale\" content=\"en_US\" \/>\n<meta property=\"og:type\" content=\"article\" \/>\n<meta property=\"og:title\" content=\"Investigador adjunto del C+, Nicol\u00e1s Fierro, particpa de \u00abGIS Day: Geographic Information System\u00bb en Chile - C+\" \/>\n<meta property=\"og:description\" content=\"El investigador adjunto del Centro de Investigaci\u00f3n en Tecnolog\u00edas para la Sociedad (C+), Nicol\u00e1s Fierro, particip\u00f3 como expositor en el \u201cGeographic Information System, GIS Day 2022: Geograf\u00eda y Salud; el poder de los GIS en el An\u00e1lisis Territorial\u201d \u201d. La instancia, es un evento cient\u00edfico, celebrado a nivel mundial y que re\u00fane a cientos de [&hellip;]\" \/>\n<meta property=\"og:url\" content=\"https:\/\/cmas.udd.cl\/en\/noticia\/investigador-adjunto-del-c-nicolas-fierro-particpa-de-gis-day-geographic-information-system-en-chile-migrado\/\" \/>\n<meta property=\"og:site_name\" content=\"C+\" \/>\n<meta property=\"article:modified_time\" content=\"2025-07-02T00:08:35+00:00\" \/>\n<meta property=\"og:image\" content=\"https:\/\/cmas.udd.cl\/wp-content\/uploads\/2022\/11\/whatsapp-image-2022-11-25-at-1-22-42-pm-1024x768-1.jpeg\" \/>\n\t<meta property=\"og:image:width\" content=\"1024\" \/>\n\t<meta property=\"og:image:height\" content=\"768\" \/>\n\t<meta property=\"og:image:type\" content=\"image\/jpeg\" \/>\n<meta name=\"twitter:card\" content=\"summary_large_image\" \/>\n<meta name=\"twitter:label1\" content=\"Est. reading time\" \/>\n\t<meta name=\"twitter:data1\" content=\"2 minutes\" \/>\n<script type=\"application\/ld+json\" class=\"yoast-schema-graph\">{\"@context\":\"https:\\\/\\\/schema.org\",\"@graph\":[{\"@type\":\"WebPage\",\"@id\":\"https:\\\/\\\/cmas.udd.cl\\\/noticia\\\/investigador-adjunto-del-c-nicolas-fierro-particpa-de-gis-day-geographic-information-system-en-chile-migrado\\\/\",\"url\":\"https:\\\/\\\/cmas.udd.cl\\\/noticia\\\/investigador-adjunto-del-c-nicolas-fierro-particpa-de-gis-day-geographic-information-system-en-chile-migrado\\\/\",\"name\":\"Investigador adjunto del C+, Nicol\u00e1s Fierro, particpa de \u00abGIS Day: Geographic Information System\u00bb en Chile - C+\",\"isPartOf\":{\"@id\":\"https:\\\/\\\/cmas.udd.cl\\\/#website\"},\"primaryImageOfPage\":{\"@id\":\"https:\\\/\\\/cmas.udd.cl\\\/noticia\\\/investigador-adjunto-del-c-nicolas-fierro-particpa-de-gis-day-geographic-information-system-en-chile-migrado\\\/#primaryimage\"},\"image\":{\"@id\":\"https:\\\/\\\/cmas.udd.cl\\\/noticia\\\/investigador-adjunto-del-c-nicolas-fierro-particpa-de-gis-day-geographic-information-system-en-chile-migrado\\\/#primaryimage\"},\"thumbnailUrl\":\"https:\\\/\\\/cmas.udd.cl\\\/wp-content\\\/uploads\\\/2022\\\/11\\\/whatsapp-image-2022-11-25-at-1-22-42-pm-1024x768-1.jpeg\",\"datePublished\":\"2022-11-21T22:42:00+00:00\",\"dateModified\":\"2025-07-02T00:08:35+00:00\",\"breadcrumb\":{\"@id\":\"https:\\\/\\\/cmas.udd.cl\\\/noticia\\\/investigador-adjunto-del-c-nicolas-fierro-particpa-de-gis-day-geographic-information-system-en-chile-migrado\\\/#breadcrumb\"},\"inLanguage\":\"en-US\",\"potentialAction\":[{\"@type\":\"ReadAction\",\"target\":[\"https:\\\/\\\/cmas.udd.cl\\\/noticia\\\/investigador-adjunto-del-c-nicolas-fierro-particpa-de-gis-day-geographic-information-system-en-chile-migrado\\\/\"]}]},{\"@type\":\"ImageObject\",\"inLanguage\":\"en-US\",\"@id\":\"https:\\\/\\\/cmas.udd.cl\\\/noticia\\\/investigador-adjunto-del-c-nicolas-fierro-particpa-de-gis-day-geographic-information-system-en-chile-migrado\\\/#primaryimage\",\"url\":\"https:\\\/\\\/cmas.udd.cl\\\/wp-content\\\/uploads\\\/2022\\\/11\\\/whatsapp-image-2022-11-25-at-1-22-42-pm-1024x768-1.jpeg\",\"contentUrl\":\"https:\\\/\\\/cmas.udd.cl\\\/wp-content\\\/uploads\\\/2022\\\/11\\\/whatsapp-image-2022-11-25-at-1-22-42-pm-1024x768-1.jpeg\",\"width\":1024,\"height\":768},{\"@type\":\"BreadcrumbList\",\"@id\":\"https:\\\/\\\/cmas.udd.cl\\\/noticia\\\/investigador-adjunto-del-c-nicolas-fierro-particpa-de-gis-day-geographic-information-system-en-chile-migrado\\\/#breadcrumb\",\"itemListElement\":[{\"@type\":\"ListItem\",\"position\":1,\"name\":\"Home\",\"item\":\"https:\\\/\\\/cmas.udd.cl\\\/\"},{\"@type\":\"ListItem\",\"position\":2,\"name\":\"Noticias\",\"item\":\"https:\\\/\\\/cmas.udd.cl\\\/Noticias\\\/\"},{\"@type\":\"ListItem\",\"position\":3,\"name\":\"Investigador adjunto del C+, Nicol\u00e1s Fierro, particpa de \u00abGIS Day: Geographic Information System\u00bb en Chile\"}]},{\"@type\":\"WebSite\",\"@id\":\"https:\\\/\\\/cmas.udd.cl\\\/#website\",\"url\":\"https:\\\/\\\/cmas.udd.cl\\\/\",\"name\":\"C+\",\"description\":\"Centro Investigaci\u00f3n enTecnolog\u00edas para la Sociedad\",\"publisher\":{\"@id\":\"https:\\\/\\\/cmas.udd.cl\\\/#organization\"},\"potentialAction\":[{\"@type\":\"SearchAction\",\"target\":{\"@type\":\"EntryPoint\",\"urlTemplate\":\"https:\\\/\\\/cmas.udd.cl\\\/?s={search_term_string}\"},\"query-input\":{\"@type\":\"PropertyValueSpecification\",\"valueRequired\":true,\"valueName\":\"search_term_string\"}}],\"inLanguage\":\"en-US\"},{\"@type\":\"Organization\",\"@id\":\"https:\\\/\\\/cmas.udd.cl\\\/#organization\",\"name\":\"C+\",\"url\":\"https:\\\/\\\/cmas.udd.cl\\\/\",\"logo\":{\"@type\":\"ImageObject\",\"inLanguage\":\"en-US\",\"@id\":\"https:\\\/\\\/cmas.udd.cl\\\/#\\\/schema\\\/logo\\\/image\\\/\",\"url\":\"https:\\\/\\\/cmas.udd.cl\\\/wp-content\\\/uploads\\\/2023\\\/05\\\/Logo-compuesto-UDD-Cmas.png\",\"contentUrl\":\"https:\\\/\\\/cmas.udd.cl\\\/wp-content\\\/uploads\\\/2023\\\/05\\\/Logo-compuesto-UDD-Cmas.png\",\"width\":695,\"height\":72,\"caption\":\"C+\"},\"image\":{\"@id\":\"https:\\\/\\\/cmas.udd.cl\\\/#\\\/schema\\\/logo\\\/image\\\/\"}}]}<\/script>\n<!-- \/ Yoast SEO plugin. -->","yoast_head_json":{"title":"Investigador adjunto del C+, Nicol\u00e1s Fierro, particpa de \u00abGIS Day: Geographic Information System\u00bb en Chile - C+","robots":{"index":"index","follow":"follow","max-snippet":"max-snippet:-1","max-image-preview":"max-image-preview:large","max-video-preview":"max-video-preview:-1"},"canonical":"https:\/\/cmas.udd.cl\/en\/noticia\/investigador-adjunto-del-c-nicolas-fierro-particpa-de-gis-day-geographic-information-system-en-chile-migrado\/","og_locale":"en_US","og_type":"article","og_title":"Investigador adjunto del C+, Nicol\u00e1s Fierro, particpa de \u00abGIS Day: Geographic Information System\u00bb en Chile - C+","og_description":"El investigador adjunto del Centro de Investigaci\u00f3n en Tecnolog\u00edas para la Sociedad (C+), Nicol\u00e1s Fierro, particip\u00f3 como expositor en el \u201cGeographic Information System, GIS Day 2022: Geograf\u00eda y Salud; el poder de los GIS en el An\u00e1lisis Territorial\u201d \u201d. La instancia, es un evento cient\u00edfico, celebrado a nivel mundial y que re\u00fane a cientos de [&hellip;]","og_url":"https:\/\/cmas.udd.cl\/en\/noticia\/investigador-adjunto-del-c-nicolas-fierro-particpa-de-gis-day-geographic-information-system-en-chile-migrado\/","og_site_name":"C+","article_modified_time":"2025-07-02T00:08:35+00:00","og_image":[{"width":1024,"height":768,"url":"https:\/\/cmas.udd.cl\/wp-content\/uploads\/2022\/11\/whatsapp-image-2022-11-25-at-1-22-42-pm-1024x768-1.jpeg","type":"image\/jpeg"}],"twitter_card":"summary_large_image","twitter_misc":{"Est. reading time":"2 minutes"},"schema":{"@context":"https:\/\/schema.org","@graph":[{"@type":"WebPage","@id":"https:\/\/cmas.udd.cl\/noticia\/investigador-adjunto-del-c-nicolas-fierro-particpa-de-gis-day-geographic-information-system-en-chile-migrado\/","url":"https:\/\/cmas.udd.cl\/noticia\/investigador-adjunto-del-c-nicolas-fierro-particpa-de-gis-day-geographic-information-system-en-chile-migrado\/","name":"Investigador adjunto del C+, Nicol\u00e1s Fierro, particpa de \u00abGIS Day: Geographic Information System\u00bb en Chile - C+","isPartOf":{"@id":"https:\/\/cmas.udd.cl\/#website"},"primaryImageOfPage":{"@id":"https:\/\/cmas.udd.cl\/noticia\/investigador-adjunto-del-c-nicolas-fierro-particpa-de-gis-day-geographic-information-system-en-chile-migrado\/#primaryimage"},"image":{"@id":"https:\/\/cmas.udd.cl\/noticia\/investigador-adjunto-del-c-nicolas-fierro-particpa-de-gis-day-geographic-information-system-en-chile-migrado\/#primaryimage"},"thumbnailUrl":"https:\/\/cmas.udd.cl\/wp-content\/uploads\/2022\/11\/whatsapp-image-2022-11-25-at-1-22-42-pm-1024x768-1.jpeg","datePublished":"2022-11-21T22:42:00+00:00","dateModified":"2025-07-02T00:08:35+00:00","breadcrumb":{"@id":"https:\/\/cmas.udd.cl\/noticia\/investigador-adjunto-del-c-nicolas-fierro-particpa-de-gis-day-geographic-information-system-en-chile-migrado\/#breadcrumb"},"inLanguage":"en-US","potentialAction":[{"@type":"ReadAction","target":["https:\/\/cmas.udd.cl\/noticia\/investigador-adjunto-del-c-nicolas-fierro-particpa-de-gis-day-geographic-information-system-en-chile-migrado\/"]}]},{"@type":"ImageObject","inLanguage":"en-US","@id":"https:\/\/cmas.udd.cl\/noticia\/investigador-adjunto-del-c-nicolas-fierro-particpa-de-gis-day-geographic-information-system-en-chile-migrado\/#primaryimage","url":"https:\/\/cmas.udd.cl\/wp-content\/uploads\/2022\/11\/whatsapp-image-2022-11-25-at-1-22-42-pm-1024x768-1.jpeg","contentUrl":"https:\/\/cmas.udd.cl\/wp-content\/uploads\/2022\/11\/whatsapp-image-2022-11-25-at-1-22-42-pm-1024x768-1.jpeg","width":1024,"height":768},{"@type":"BreadcrumbList","@id":"https:\/\/cmas.udd.cl\/noticia\/investigador-adjunto-del-c-nicolas-fierro-particpa-de-gis-day-geographic-information-system-en-chile-migrado\/#breadcrumb","itemListElement":[{"@type":"ListItem","position":1,"name":"Home","item":"https:\/\/cmas.udd.cl\/"},{"@type":"ListItem","position":2,"name":"Noticias","item":"https:\/\/cmas.udd.cl\/Noticias\/"},{"@type":"ListItem","position":3,"name":"Investigador adjunto del C+, Nicol\u00e1s Fierro, particpa de \u00abGIS Day: Geographic Information System\u00bb en Chile"}]},{"@type":"WebSite","@id":"https:\/\/cmas.udd.cl\/#website","url":"https:\/\/cmas.udd.cl\/","name":"C+","description":"Centro Investigaci\u00f3n enTecnolog\u00edas para la Sociedad","publisher":{"@id":"https:\/\/cmas.udd.cl\/#organization"},"potentialAction":[{"@type":"SearchAction","target":{"@type":"EntryPoint","urlTemplate":"https:\/\/cmas.udd.cl\/?s={search_term_string}"},"query-input":{"@type":"PropertyValueSpecification","valueRequired":true,"valueName":"search_term_string"}}],"inLanguage":"en-US"},{"@type":"Organization","@id":"https:\/\/cmas.udd.cl\/#organization","name":"C+","url":"https:\/\/cmas.udd.cl\/","logo":{"@type":"ImageObject","inLanguage":"en-US","@id":"https:\/\/cmas.udd.cl\/#\/schema\/logo\/image\/","url":"https:\/\/cmas.udd.cl\/wp-content\/uploads\/2023\/05\/Logo-compuesto-UDD-Cmas.png","contentUrl":"https:\/\/cmas.udd.cl\/wp-content\/uploads\/2023\/05\/Logo-compuesto-UDD-Cmas.png","width":695,"height":72,"caption":"C+"},"image":{"@id":"https:\/\/cmas.udd.cl\/#\/schema\/logo\/image\/"}}]}},"_links":{"self":[{"href":"https:\/\/cmas.udd.cl\/en\/wp-json\/wp\/v2\/noticia\/5816","targetHints":{"allow":["GET"]}}],"collection":[{"href":"https:\/\/cmas.udd.cl\/en\/wp-json\/wp\/v2\/noticia"}],"about":[{"href":"https:\/\/cmas.udd.cl\/en\/wp-json\/wp\/v2\/types\/noticia"}],"version-history":[{"count":0,"href":"https:\/\/cmas.udd.cl\/en\/wp-json\/wp\/v2\/noticia\/5816\/revisions"}],"wp:featuredmedia":[{"embeddable":true,"href":"https:\/\/cmas.udd.cl\/en\/wp-json\/wp\/v2\/media\/1119"}],"wp:attachment":[{"href":"https:\/\/cmas.udd.cl\/en\/wp-json\/wp\/v2\/media?parent=5816"}],"wp:term":[{"taxonomy":"filtro-de-portada","embeddable":true,"href":"https:\/\/cmas.udd.cl\/en\/wp-json\/wp\/v2\/filtro-de-portada?post=5816"},{"taxonomy":"grupo-de-investigacion","embeddable":true,"href":"https:\/\/cmas.udd.cl\/en\/wp-json\/wp\/v2\/grupo-de-investigacion?post=5816"},{"taxonomy":"tipo-de-contenido","embeddable":true,"href":"https:\/\/cmas.udd.cl\/en\/wp-json\/wp\/v2\/tipo-de-contenido?post=5816"}],"curies":[{"name":"wp","href":"https:\/\/api.w.org\/{rel}","templated":true}]}}