{"id":5815,"date":"2022-11-17T03:25:00","date_gmt":"2022-11-17T03:25:00","guid":{"rendered":"https:\/\/centrodeinvestigacioningenieria.udd.cl\/?post_type=noticia&#038;p=1137"},"modified":"2025-07-02T00:08:35","modified_gmt":"2025-07-02T00:08:35","slug":"doctor-y-experto-en-tecnologia-y-diseno-en-la-educacion-visita-facultad-de-ingenieria-udd-migrado","status":"publish","type":"noticia","link":"https:\/\/cmas.udd.cl\/en\/noticia\/doctor-y-experto-en-tecnologia-y-diseno-en-la-educacion-visita-facultad-de-ingenieria-udd-migrado\/","title":{"rendered":"Doctor y experto en tecnolog\u00eda y dise\u00f1o en la educaci\u00f3n visita Facultad de Ingenier\u00eda UDD"},"content":{"rendered":"<p>La Direcci\u00f3n de Innovaci\u00f3n de la Facultad de Ingenier\u00eda UDD recibi\u00f3 esta semana al PhD y m\u00e1ster en Ciencias de la Comunicaci\u00f3n Media Lab MIT, David Cavallo. \u00c9ste, es adem\u00e1s, experto en temas relacionados a la tecnolog\u00eda en la educaci\u00f3n y ha realizado diversos trabajos en demostrar c\u00f3mo la computaci\u00f3n digital puede mejorar dr\u00e1sticamente el aprendizaje en los centros educacionales.<\/p>\n\n\n\n<p>A lo largo de su carrera, su trabajo se ha enfocado en c\u00f3mo los usos creativos y constructivos de las tecnolog\u00edas computacionales crean potencialmente oportunidades de aprendizaje que ser\u00edan muy dif\u00edciles de obtener a gran escala.&nbsp;<\/p>\n\n\n\n<p>La visita tiene como objetivo fortalecer la relaci\u00f3n con el doctor, adem\u00e1s de profundizar en los diferentes proyectos en los que ha estado colaborando con Maker Campus durante los \u00faltimos a\u00f1os y tambi\u00e9n en la creaci\u00f3n y desarrollo del nuevo Laboratorio de Mindful Making del Centro de Investigaci\u00f3n en Tecnolog\u00edas para la Sociedad (C+), que busca relacionar la tecnolog\u00eda con el quehacer de los colegios.<\/p>\n\n\n\n<p>A lo largo de su estad\u00eda, Cavallo se ha reunido con m\u00e1s de 15 directores, 200 estudiantes y 50 profesores de diversos colegios tanto en Talca como en Santiago, con el fin de conversar sobre el desarrollo tecnol\u00f3gico de los estudiantes y de los profesores, as\u00ed c\u00f3mo la tecnolog\u00eda y la digitalizaci\u00f3n puede afectar en contextos escolares y adem\u00e1s, compartir experiencias con los diferentes coordinadores e investigadores de la Direcci\u00f3n de Innovaci\u00f3n.<\/p>\n\n\n\n<p><strong>Un poco m\u00e1s sobre David Cavallo:&nbsp;<\/strong><\/p>\n\n\n\n<p>David Cavallo es PhD y M\u00e1ster en Ciencias de la Comunicaci\u00f3n Media Lab MIT, que se centra en el aprendizaje y tecnolog\u00eda computacional. Adem\u00e1s, es consultor de aprendizaje para la Fab Foundation y consultor especial del director del South End Technology Center (SETC).&nbsp;<\/p>\n\n\n\n<p>Sus trabajos se han centrado principalmente en el dise\u00f1o de nuevas tecnolog\u00edas para el aprendizaje a trav\u00e9s del dise\u00f1o, la expresi\u00f3n y construcci\u00f3n.&nbsp;<\/p>\n\n\n\n<p>Cavallo trabaj\u00f3 adem\u00e1s como co-fundador de One Laptop Per Child y ha estado colaborando constantemente en la educaci\u00f3n basada en el pensamiento computacional.<\/p>\n\n\n\n<p>Ha asesorado a numerosos jefes de estado y ministerios de educaci\u00f3n sobre la adopci\u00f3n de tecnolog\u00edas avanzadas para el aprendizaje y la reforma de las instituciones educativas.<\/p>\n\n\n\n<p>Actualmente, se encuentra trabajando y colaborando en proyectos relacionados a la reforma educativa a gran escala en Brasil, incluido un proyecto en el que los estudiantes puedan dise\u00f1ar su futuro, adem\u00e1s de colaborar con la iniciativa de Maker Campus y el Laboratorio de Mindful Making de la Direcci\u00f3n de Innovaci\u00f3n de Ingenier\u00eda de la Universidad del Desarrollo.&nbsp;<\/p>","protected":false},"excerpt":{"rendered":"<p>La Direcci\u00f3n de Innovaci\u00f3n de la Facultad de Ingenier\u00eda UDD recibi\u00f3 esta semana al PhD y m\u00e1ster en Ciencias de la Comunicaci\u00f3n Media Lab MIT, David Cavallo. \u00c9ste, es adem\u00e1s, experto en temas relacionados a la tecnolog\u00eda en la educaci\u00f3n y ha realizado diversos trabajos en demostrar c\u00f3mo la computaci\u00f3n digital puede mejorar dr\u00e1sticamente el [&hellip;]<\/p>\n","protected":false},"featured_media":1138,"template":"","meta":{"_acf_changed":false},"filtro-de-portada":[],"grupo-de-investigacion":[108],"tipo-de-contenido":[],"class_list":["post-5815","noticia","type-noticia","status-publish","has-post-thumbnail","hentry","grupo-de-investigacion-mindful_making"],"acf":[],"yoast_head":"<!-- This site is optimized with the Yoast SEO plugin v27.3 - https:\/\/yoast.com\/product\/yoast-seo-wordpress\/ -->\n<title>Doctor y experto en tecnolog\u00eda y dise\u00f1o en la educaci\u00f3n visita Facultad de Ingenier\u00eda UDD - C+<\/title>\n<meta name=\"robots\" content=\"index, follow, max-snippet:-1, max-image-preview:large, max-video-preview:-1\" \/>\n<link rel=\"canonical\" href=\"https:\/\/cmas.udd.cl\/en\/noticia\/doctor-y-experto-en-tecnologia-y-diseno-en-la-educacion-visita-facultad-de-ingenieria-udd-migrado\/\" \/>\n<meta property=\"og:locale\" content=\"en_US\" \/>\n<meta property=\"og:type\" content=\"article\" \/>\n<meta property=\"og:title\" content=\"Doctor y experto en tecnolog\u00eda y dise\u00f1o en la educaci\u00f3n visita Facultad de Ingenier\u00eda UDD - C+\" \/>\n<meta property=\"og:description\" content=\"La Direcci\u00f3n de Innovaci\u00f3n de la Facultad de Ingenier\u00eda UDD recibi\u00f3 esta semana al PhD y m\u00e1ster en Ciencias de la Comunicaci\u00f3n Media Lab MIT, David Cavallo. \u00c9ste, es adem\u00e1s, experto en temas relacionados a la tecnolog\u00eda en la educaci\u00f3n y ha realizado diversos trabajos en demostrar c\u00f3mo la computaci\u00f3n digital puede mejorar dr\u00e1sticamente el [&hellip;]\" \/>\n<meta property=\"og:url\" content=\"https:\/\/cmas.udd.cl\/en\/noticia\/doctor-y-experto-en-tecnologia-y-diseno-en-la-educacion-visita-facultad-de-ingenieria-udd-migrado\/\" \/>\n<meta property=\"og:site_name\" content=\"C+\" \/>\n<meta property=\"article:modified_time\" content=\"2025-07-02T00:08:35+00:00\" \/>\n<meta property=\"og:image\" content=\"https:\/\/cmas.udd.cl\/wp-content\/uploads\/2022\/12\/dsc_7070-1024x683-1.jpg\" \/>\n\t<meta property=\"og:image:width\" content=\"1024\" \/>\n\t<meta property=\"og:image:height\" content=\"683\" \/>\n\t<meta property=\"og:image:type\" content=\"image\/jpeg\" \/>\n<meta name=\"twitter:card\" content=\"summary_large_image\" \/>\n<meta name=\"twitter:label1\" content=\"Est. reading time\" \/>\n\t<meta name=\"twitter:data1\" content=\"2 minutes\" \/>\n<script type=\"application\/ld+json\" class=\"yoast-schema-graph\">{\"@context\":\"https:\\\/\\\/schema.org\",\"@graph\":[{\"@type\":\"WebPage\",\"@id\":\"https:\\\/\\\/cmas.udd.cl\\\/noticia\\\/doctor-y-experto-en-tecnologia-y-diseno-en-la-educacion-visita-facultad-de-ingenieria-udd-migrado\\\/\",\"url\":\"https:\\\/\\\/cmas.udd.cl\\\/noticia\\\/doctor-y-experto-en-tecnologia-y-diseno-en-la-educacion-visita-facultad-de-ingenieria-udd-migrado\\\/\",\"name\":\"Doctor y experto en tecnolog\u00eda y dise\u00f1o en la educaci\u00f3n visita Facultad de Ingenier\u00eda UDD - C+\",\"isPartOf\":{\"@id\":\"https:\\\/\\\/cmas.udd.cl\\\/#website\"},\"primaryImageOfPage\":{\"@id\":\"https:\\\/\\\/cmas.udd.cl\\\/noticia\\\/doctor-y-experto-en-tecnologia-y-diseno-en-la-educacion-visita-facultad-de-ingenieria-udd-migrado\\\/#primaryimage\"},\"image\":{\"@id\":\"https:\\\/\\\/cmas.udd.cl\\\/noticia\\\/doctor-y-experto-en-tecnologia-y-diseno-en-la-educacion-visita-facultad-de-ingenieria-udd-migrado\\\/#primaryimage\"},\"thumbnailUrl\":\"https:\\\/\\\/cmas.udd.cl\\\/wp-content\\\/uploads\\\/2022\\\/12\\\/dsc_7070-1024x683-1.jpg\",\"datePublished\":\"2022-11-17T03:25:00+00:00\",\"dateModified\":\"2025-07-02T00:08:35+00:00\",\"breadcrumb\":{\"@id\":\"https:\\\/\\\/cmas.udd.cl\\\/noticia\\\/doctor-y-experto-en-tecnologia-y-diseno-en-la-educacion-visita-facultad-de-ingenieria-udd-migrado\\\/#breadcrumb\"},\"inLanguage\":\"en-US\",\"potentialAction\":[{\"@type\":\"ReadAction\",\"target\":[\"https:\\\/\\\/cmas.udd.cl\\\/noticia\\\/doctor-y-experto-en-tecnologia-y-diseno-en-la-educacion-visita-facultad-de-ingenieria-udd-migrado\\\/\"]}]},{\"@type\":\"ImageObject\",\"inLanguage\":\"en-US\",\"@id\":\"https:\\\/\\\/cmas.udd.cl\\\/noticia\\\/doctor-y-experto-en-tecnologia-y-diseno-en-la-educacion-visita-facultad-de-ingenieria-udd-migrado\\\/#primaryimage\",\"url\":\"https:\\\/\\\/cmas.udd.cl\\\/wp-content\\\/uploads\\\/2022\\\/12\\\/dsc_7070-1024x683-1.jpg\",\"contentUrl\":\"https:\\\/\\\/cmas.udd.cl\\\/wp-content\\\/uploads\\\/2022\\\/12\\\/dsc_7070-1024x683-1.jpg\",\"width\":1024,\"height\":683},{\"@type\":\"BreadcrumbList\",\"@id\":\"https:\\\/\\\/cmas.udd.cl\\\/noticia\\\/doctor-y-experto-en-tecnologia-y-diseno-en-la-educacion-visita-facultad-de-ingenieria-udd-migrado\\\/#breadcrumb\",\"itemListElement\":[{\"@type\":\"ListItem\",\"position\":1,\"name\":\"Home\",\"item\":\"https:\\\/\\\/cmas.udd.cl\\\/\"},{\"@type\":\"ListItem\",\"position\":2,\"name\":\"Noticias\",\"item\":\"https:\\\/\\\/cmas.udd.cl\\\/Noticias\\\/\"},{\"@type\":\"ListItem\",\"position\":3,\"name\":\"Doctor y experto en tecnolog\u00eda y dise\u00f1o en la educaci\u00f3n visita Facultad de Ingenier\u00eda UDD\"}]},{\"@type\":\"WebSite\",\"@id\":\"https:\\\/\\\/cmas.udd.cl\\\/#website\",\"url\":\"https:\\\/\\\/cmas.udd.cl\\\/\",\"name\":\"C+\",\"description\":\"Centro Investigaci\u00f3n enTecnolog\u00edas para la Sociedad\",\"publisher\":{\"@id\":\"https:\\\/\\\/cmas.udd.cl\\\/#organization\"},\"potentialAction\":[{\"@type\":\"SearchAction\",\"target\":{\"@type\":\"EntryPoint\",\"urlTemplate\":\"https:\\\/\\\/cmas.udd.cl\\\/?s={search_term_string}\"},\"query-input\":{\"@type\":\"PropertyValueSpecification\",\"valueRequired\":true,\"valueName\":\"search_term_string\"}}],\"inLanguage\":\"en-US\"},{\"@type\":\"Organization\",\"@id\":\"https:\\\/\\\/cmas.udd.cl\\\/#organization\",\"name\":\"C+\",\"url\":\"https:\\\/\\\/cmas.udd.cl\\\/\",\"logo\":{\"@type\":\"ImageObject\",\"inLanguage\":\"en-US\",\"@id\":\"https:\\\/\\\/cmas.udd.cl\\\/#\\\/schema\\\/logo\\\/image\\\/\",\"url\":\"https:\\\/\\\/cmas.udd.cl\\\/wp-content\\\/uploads\\\/2023\\\/05\\\/Logo-compuesto-UDD-Cmas.png\",\"contentUrl\":\"https:\\\/\\\/cmas.udd.cl\\\/wp-content\\\/uploads\\\/2023\\\/05\\\/Logo-compuesto-UDD-Cmas.png\",\"width\":695,\"height\":72,\"caption\":\"C+\"},\"image\":{\"@id\":\"https:\\\/\\\/cmas.udd.cl\\\/#\\\/schema\\\/logo\\\/image\\\/\"}}]}<\/script>\n<!-- \/ Yoast SEO plugin. -->","yoast_head_json":{"title":"Doctor y experto en tecnolog\u00eda y dise\u00f1o en la educaci\u00f3n visita Facultad de Ingenier\u00eda UDD - C+","robots":{"index":"index","follow":"follow","max-snippet":"max-snippet:-1","max-image-preview":"max-image-preview:large","max-video-preview":"max-video-preview:-1"},"canonical":"https:\/\/cmas.udd.cl\/en\/noticia\/doctor-y-experto-en-tecnologia-y-diseno-en-la-educacion-visita-facultad-de-ingenieria-udd-migrado\/","og_locale":"en_US","og_type":"article","og_title":"Doctor y experto en tecnolog\u00eda y dise\u00f1o en la educaci\u00f3n visita Facultad de Ingenier\u00eda UDD - C+","og_description":"La Direcci\u00f3n de Innovaci\u00f3n de la Facultad de Ingenier\u00eda UDD recibi\u00f3 esta semana al PhD y m\u00e1ster en Ciencias de la Comunicaci\u00f3n Media Lab MIT, David Cavallo. \u00c9ste, es adem\u00e1s, experto en temas relacionados a la tecnolog\u00eda en la educaci\u00f3n y ha realizado diversos trabajos en demostrar c\u00f3mo la computaci\u00f3n digital puede mejorar dr\u00e1sticamente el [&hellip;]","og_url":"https:\/\/cmas.udd.cl\/en\/noticia\/doctor-y-experto-en-tecnologia-y-diseno-en-la-educacion-visita-facultad-de-ingenieria-udd-migrado\/","og_site_name":"C+","article_modified_time":"2025-07-02T00:08:35+00:00","og_image":[{"width":1024,"height":683,"url":"https:\/\/cmas.udd.cl\/wp-content\/uploads\/2022\/12\/dsc_7070-1024x683-1.jpg","type":"image\/jpeg"}],"twitter_card":"summary_large_image","twitter_misc":{"Est. reading time":"2 minutes"},"schema":{"@context":"https:\/\/schema.org","@graph":[{"@type":"WebPage","@id":"https:\/\/cmas.udd.cl\/noticia\/doctor-y-experto-en-tecnologia-y-diseno-en-la-educacion-visita-facultad-de-ingenieria-udd-migrado\/","url":"https:\/\/cmas.udd.cl\/noticia\/doctor-y-experto-en-tecnologia-y-diseno-en-la-educacion-visita-facultad-de-ingenieria-udd-migrado\/","name":"Doctor y experto en tecnolog\u00eda y dise\u00f1o en la educaci\u00f3n visita Facultad de Ingenier\u00eda UDD - C+","isPartOf":{"@id":"https:\/\/cmas.udd.cl\/#website"},"primaryImageOfPage":{"@id":"https:\/\/cmas.udd.cl\/noticia\/doctor-y-experto-en-tecnologia-y-diseno-en-la-educacion-visita-facultad-de-ingenieria-udd-migrado\/#primaryimage"},"image":{"@id":"https:\/\/cmas.udd.cl\/noticia\/doctor-y-experto-en-tecnologia-y-diseno-en-la-educacion-visita-facultad-de-ingenieria-udd-migrado\/#primaryimage"},"thumbnailUrl":"https:\/\/cmas.udd.cl\/wp-content\/uploads\/2022\/12\/dsc_7070-1024x683-1.jpg","datePublished":"2022-11-17T03:25:00+00:00","dateModified":"2025-07-02T00:08:35+00:00","breadcrumb":{"@id":"https:\/\/cmas.udd.cl\/noticia\/doctor-y-experto-en-tecnologia-y-diseno-en-la-educacion-visita-facultad-de-ingenieria-udd-migrado\/#breadcrumb"},"inLanguage":"en-US","potentialAction":[{"@type":"ReadAction","target":["https:\/\/cmas.udd.cl\/noticia\/doctor-y-experto-en-tecnologia-y-diseno-en-la-educacion-visita-facultad-de-ingenieria-udd-migrado\/"]}]},{"@type":"ImageObject","inLanguage":"en-US","@id":"https:\/\/cmas.udd.cl\/noticia\/doctor-y-experto-en-tecnologia-y-diseno-en-la-educacion-visita-facultad-de-ingenieria-udd-migrado\/#primaryimage","url":"https:\/\/cmas.udd.cl\/wp-content\/uploads\/2022\/12\/dsc_7070-1024x683-1.jpg","contentUrl":"https:\/\/cmas.udd.cl\/wp-content\/uploads\/2022\/12\/dsc_7070-1024x683-1.jpg","width":1024,"height":683},{"@type":"BreadcrumbList","@id":"https:\/\/cmas.udd.cl\/noticia\/doctor-y-experto-en-tecnologia-y-diseno-en-la-educacion-visita-facultad-de-ingenieria-udd-migrado\/#breadcrumb","itemListElement":[{"@type":"ListItem","position":1,"name":"Home","item":"https:\/\/cmas.udd.cl\/"},{"@type":"ListItem","position":2,"name":"Noticias","item":"https:\/\/cmas.udd.cl\/Noticias\/"},{"@type":"ListItem","position":3,"name":"Doctor y experto en tecnolog\u00eda y dise\u00f1o en la educaci\u00f3n visita Facultad de Ingenier\u00eda UDD"}]},{"@type":"WebSite","@id":"https:\/\/cmas.udd.cl\/#website","url":"https:\/\/cmas.udd.cl\/","name":"C+","description":"Centro Investigaci\u00f3n enTecnolog\u00edas para la Sociedad","publisher":{"@id":"https:\/\/cmas.udd.cl\/#organization"},"potentialAction":[{"@type":"SearchAction","target":{"@type":"EntryPoint","urlTemplate":"https:\/\/cmas.udd.cl\/?s={search_term_string}"},"query-input":{"@type":"PropertyValueSpecification","valueRequired":true,"valueName":"search_term_string"}}],"inLanguage":"en-US"},{"@type":"Organization","@id":"https:\/\/cmas.udd.cl\/#organization","name":"C+","url":"https:\/\/cmas.udd.cl\/","logo":{"@type":"ImageObject","inLanguage":"en-US","@id":"https:\/\/cmas.udd.cl\/#\/schema\/logo\/image\/","url":"https:\/\/cmas.udd.cl\/wp-content\/uploads\/2023\/05\/Logo-compuesto-UDD-Cmas.png","contentUrl":"https:\/\/cmas.udd.cl\/wp-content\/uploads\/2023\/05\/Logo-compuesto-UDD-Cmas.png","width":695,"height":72,"caption":"C+"},"image":{"@id":"https:\/\/cmas.udd.cl\/#\/schema\/logo\/image\/"}}]}},"_links":{"self":[{"href":"https:\/\/cmas.udd.cl\/en\/wp-json\/wp\/v2\/noticia\/5815","targetHints":{"allow":["GET"]}}],"collection":[{"href":"https:\/\/cmas.udd.cl\/en\/wp-json\/wp\/v2\/noticia"}],"about":[{"href":"https:\/\/cmas.udd.cl\/en\/wp-json\/wp\/v2\/types\/noticia"}],"version-history":[{"count":0,"href":"https:\/\/cmas.udd.cl\/en\/wp-json\/wp\/v2\/noticia\/5815\/revisions"}],"wp:featuredmedia":[{"embeddable":true,"href":"https:\/\/cmas.udd.cl\/en\/wp-json\/wp\/v2\/media\/1138"}],"wp:attachment":[{"href":"https:\/\/cmas.udd.cl\/en\/wp-json\/wp\/v2\/media?parent=5815"}],"wp:term":[{"taxonomy":"filtro-de-portada","embeddable":true,"href":"https:\/\/cmas.udd.cl\/en\/wp-json\/wp\/v2\/filtro-de-portada?post=5815"},{"taxonomy":"grupo-de-investigacion","embeddable":true,"href":"https:\/\/cmas.udd.cl\/en\/wp-json\/wp\/v2\/grupo-de-investigacion?post=5815"},{"taxonomy":"tipo-de-contenido","embeddable":true,"href":"https:\/\/cmas.udd.cl\/en\/wp-json\/wp\/v2\/tipo-de-contenido?post=5815"}],"curies":[{"name":"wp","href":"https:\/\/api.w.org\/{rel}","templated":true}]}}