{"id":5800,"date":"2022-06-22T20:28:00","date_gmt":"2022-06-22T20:28:00","guid":{"rendered":"https:\/\/centrodeinvestigacioningenieria.udd.cl\/?post_type=noticia&#038;p=1378"},"modified":"2025-07-02T00:08:35","modified_gmt":"2025-07-02T00:08:35","slug":"universidad-del-desarrollo-lanza-laboratorio-tecnologico-para-el-adulto-mayor-en-region-del-biobio-migrado","status":"publish","type":"noticia","link":"https:\/\/cmas.udd.cl\/en\/noticia\/universidad-del-desarrollo-lanza-laboratorio-tecnologico-para-el-adulto-mayor-en-region-del-biobio-migrado\/","title":{"rendered":"Universidad del Desarrollo lanza Laboratorio Tecnol\u00f3gico para el adulto mayor en regi\u00f3n del BioB\u00edo"},"content":{"rendered":"<p>Durante los \u00faltimos a\u00f1os, hemos vivido en un mundo donde el crecimiento tecnol\u00f3gico avanza d\u00eda a d\u00eda, lo que ha tra\u00eddo como consecuencia la creaci\u00f3n de soluciones tecnol\u00f3gicas para diferentes problemas de manera muy r\u00e1pida, transformando as\u00ed a la industria, los gobiernos y la sociedad. Lamentablemente, este desarrollo sigue estando poco masificado en temas de salud regional a lo largo de nuestro pa\u00eds, ya que no est\u00e1 de acuerdo a las condiciones ni problem\u00e1ticas locales de las personas que viven ah\u00ed.&nbsp;<\/p>\n\n\n\n<p>La regi\u00f3n del BioB\u00edo es una de las zonas del pa\u00eds que presenta importantes brechas relacionadas con el acceso a la salud, tanto por causas demogr\u00e1ficas, como econ\u00f3micas y sociales. A ra\u00edz de esto, surgi\u00f3 el Programa Tecnol\u00f3gico para la Salud del Adulto Mayor, elaborado por la Direcci\u00f3n de Innovaci\u00f3n de la Universidad del Desarrollo, perteneciente a la facultad de Ingenier\u00eda, donde se propone el desarrollo de una plataforma para abordar las brechas relacionadas con la accesibilidad a la salud en la regi\u00f3n.<\/p>\n\n\n\n<p>El proyecto se basar\u00e1 en tres pilares fundamentales: Observatorio de salud, Laboratorio Tecnol\u00f3gico y un Comit\u00e9 especializado compuesto por diferentes actores relacionados al \u00e1mbito de la salud regional y adulto mayor. Este programa, ayudar\u00e1 a la regi\u00f3n a levantar las necesidades e identificar los principales problemas de salud de los adultos mayores, adem\u00e1s de entregar soluciones concretas a problem\u00e1ticas de accesibilidad que tiene gran parte de la poblaci\u00f3n.<\/p>\n\n\n\n<p>Al respecto, Camilo Rodr\u00edguez, director de la Direcci\u00f3n de Innovaci\u00f3n UDD se\u00f1al\u00f3 que \u201chemos visto un crecimiento importante de la tecnolog\u00eda pero que no ha ido de la mano con la salud y tampoco en una ayuda a los adultos mayores. Por otra parte, sabemos que la poblaci\u00f3n de adulto mayor ir\u00e1 creciendo cada d\u00eda m\u00e1s, por lo que de ah\u00ed surge este inter\u00e9s de tener un programa integral que observe, diagnostique y ejecute diferentes proyectos tecnol\u00f3gicos que puedan ser aplicados en la salud del adulto mayor\u201d.&nbsp;<\/p>\n\n\n\n<p>Por otra parte, Felipe Baesler, investigador de la Facultad de Ingenier\u00eda de la Universidad del Desarrollo, y director del proyecto, sostuvo que \u201cla idea es desarrollar soluciones y tecnolog\u00edas con el objetivo de mejorar la calidad de vida de las personas. Por lo tanto, si uno puede ayudar a desarrollar herramientas tecnol\u00f3gicas que permitan mantener a los adultos mayores en su casa y as\u00ed disminuir sus visitas a un establecimiento de salud, por ejemplo, estar\u00edamos enfrentando un problema grande de la salud que es descongestionar los hospitales. Entonces, el potencial de este proyecto es muy grande y deber\u00eda traer un gran impacto en la salud p\u00fablica\u201d.<\/p>\n\n\n\n<p>Cabe destacar que este proyecto ya comenz\u00f3 su ejecuci\u00f3n a principios de este a\u00f1o y est\u00e1 financiado por el Gobierno Regional del Biob\u00edo, a trav\u00e9s del Fondo de Innovaci\u00f3n para la Competitividad Regional FIC-R 40036147-0, por lo que se esperan grandes avances en relaci\u00f3n a la tecnolog\u00eda y salud en la regi\u00f3n.<\/p>","protected":false},"excerpt":{"rendered":"<p>Durante los \u00faltimos a\u00f1os, hemos vivido en un mundo donde el crecimiento tecnol\u00f3gico avanza d\u00eda a d\u00eda, lo que ha tra\u00eddo como consecuencia la creaci\u00f3n de soluciones tecnol\u00f3gicas para diferentes problemas de manera muy r\u00e1pida, transformando as\u00ed a la industria, los gobiernos y la sociedad. Lamentablemente, este desarrollo sigue estando poco masificado en temas de [&hellip;]<\/p>\n","protected":false},"featured_media":1379,"template":"","meta":{"_acf_changed":false},"filtro-de-portada":[],"grupo-de-investigacion":[],"tipo-de-contenido":[],"class_list":["post-5800","noticia","type-noticia","status-publish","has-post-thumbnail","hentry"],"acf":[],"yoast_head":"<!-- This site is optimized with the Yoast SEO plugin v27.3 - https:\/\/yoast.com\/product\/yoast-seo-wordpress\/ -->\n<title>Universidad del Desarrollo lanza Laboratorio Tecnol\u00f3gico para el adulto mayor en regi\u00f3n del BioB\u00edo - C+<\/title>\n<meta name=\"robots\" content=\"index, follow, max-snippet:-1, max-image-preview:large, max-video-preview:-1\" \/>\n<link rel=\"canonical\" href=\"https:\/\/cmas.udd.cl\/en\/noticia\/universidad-del-desarrollo-lanza-laboratorio-tecnologico-para-el-adulto-mayor-en-region-del-biobio-migrado\/\" \/>\n<meta property=\"og:locale\" content=\"en_US\" \/>\n<meta property=\"og:type\" content=\"article\" \/>\n<meta property=\"og:title\" content=\"Universidad del Desarrollo lanza Laboratorio Tecnol\u00f3gico para el adulto mayor en regi\u00f3n del BioB\u00edo - C+\" \/>\n<meta property=\"og:description\" content=\"Durante los \u00faltimos a\u00f1os, hemos vivido en un mundo donde el crecimiento tecnol\u00f3gico avanza d\u00eda a d\u00eda, lo que ha tra\u00eddo como consecuencia la creaci\u00f3n de soluciones tecnol\u00f3gicas para diferentes problemas de manera muy r\u00e1pida, transformando as\u00ed a la industria, los gobiernos y la sociedad. Lamentablemente, este desarrollo sigue estando poco masificado en temas de [&hellip;]\" \/>\n<meta property=\"og:url\" content=\"https:\/\/cmas.udd.cl\/en\/noticia\/universidad-del-desarrollo-lanza-laboratorio-tecnologico-para-el-adulto-mayor-en-region-del-biobio-migrado\/\" \/>\n<meta property=\"og:site_name\" content=\"C+\" \/>\n<meta property=\"article:modified_time\" content=\"2025-07-02T00:08:35+00:00\" \/>\n<meta property=\"og:image\" content=\"https:\/\/cmas.udd.cl\/wp-content\/uploads\/2022\/12\/DSC00725-1-680x382-1.jpg\" \/>\n\t<meta property=\"og:image:width\" content=\"680\" \/>\n\t<meta property=\"og:image:height\" content=\"382\" \/>\n\t<meta property=\"og:image:type\" content=\"image\/jpeg\" \/>\n<meta name=\"twitter:card\" content=\"summary_large_image\" \/>\n<meta name=\"twitter:label1\" content=\"Est. reading time\" \/>\n\t<meta name=\"twitter:data1\" content=\"3 minutes\" \/>\n<script type=\"application\/ld+json\" class=\"yoast-schema-graph\">{\"@context\":\"https:\\\/\\\/schema.org\",\"@graph\":[{\"@type\":\"WebPage\",\"@id\":\"https:\\\/\\\/cmas.udd.cl\\\/noticia\\\/universidad-del-desarrollo-lanza-laboratorio-tecnologico-para-el-adulto-mayor-en-region-del-biobio-migrado\\\/\",\"url\":\"https:\\\/\\\/cmas.udd.cl\\\/noticia\\\/universidad-del-desarrollo-lanza-laboratorio-tecnologico-para-el-adulto-mayor-en-region-del-biobio-migrado\\\/\",\"name\":\"Universidad del Desarrollo lanza Laboratorio Tecnol\u00f3gico para el adulto mayor en regi\u00f3n del BioB\u00edo - C+\",\"isPartOf\":{\"@id\":\"https:\\\/\\\/cmas.udd.cl\\\/#website\"},\"primaryImageOfPage\":{\"@id\":\"https:\\\/\\\/cmas.udd.cl\\\/noticia\\\/universidad-del-desarrollo-lanza-laboratorio-tecnologico-para-el-adulto-mayor-en-region-del-biobio-migrado\\\/#primaryimage\"},\"image\":{\"@id\":\"https:\\\/\\\/cmas.udd.cl\\\/noticia\\\/universidad-del-desarrollo-lanza-laboratorio-tecnologico-para-el-adulto-mayor-en-region-del-biobio-migrado\\\/#primaryimage\"},\"thumbnailUrl\":\"https:\\\/\\\/cmas.udd.cl\\\/wp-content\\\/uploads\\\/2022\\\/12\\\/DSC00725-1-680x382-1.jpg\",\"datePublished\":\"2022-06-22T20:28:00+00:00\",\"dateModified\":\"2025-07-02T00:08:35+00:00\",\"breadcrumb\":{\"@id\":\"https:\\\/\\\/cmas.udd.cl\\\/noticia\\\/universidad-del-desarrollo-lanza-laboratorio-tecnologico-para-el-adulto-mayor-en-region-del-biobio-migrado\\\/#breadcrumb\"},\"inLanguage\":\"en-US\",\"potentialAction\":[{\"@type\":\"ReadAction\",\"target\":[\"https:\\\/\\\/cmas.udd.cl\\\/noticia\\\/universidad-del-desarrollo-lanza-laboratorio-tecnologico-para-el-adulto-mayor-en-region-del-biobio-migrado\\\/\"]}]},{\"@type\":\"ImageObject\",\"inLanguage\":\"en-US\",\"@id\":\"https:\\\/\\\/cmas.udd.cl\\\/noticia\\\/universidad-del-desarrollo-lanza-laboratorio-tecnologico-para-el-adulto-mayor-en-region-del-biobio-migrado\\\/#primaryimage\",\"url\":\"https:\\\/\\\/cmas.udd.cl\\\/wp-content\\\/uploads\\\/2022\\\/12\\\/DSC00725-1-680x382-1.jpg\",\"contentUrl\":\"https:\\\/\\\/cmas.udd.cl\\\/wp-content\\\/uploads\\\/2022\\\/12\\\/DSC00725-1-680x382-1.jpg\",\"width\":680,\"height\":382},{\"@type\":\"BreadcrumbList\",\"@id\":\"https:\\\/\\\/cmas.udd.cl\\\/noticia\\\/universidad-del-desarrollo-lanza-laboratorio-tecnologico-para-el-adulto-mayor-en-region-del-biobio-migrado\\\/#breadcrumb\",\"itemListElement\":[{\"@type\":\"ListItem\",\"position\":1,\"name\":\"Home\",\"item\":\"https:\\\/\\\/cmas.udd.cl\\\/\"},{\"@type\":\"ListItem\",\"position\":2,\"name\":\"Noticias\",\"item\":\"https:\\\/\\\/cmas.udd.cl\\\/Noticias\\\/\"},{\"@type\":\"ListItem\",\"position\":3,\"name\":\"Universidad del Desarrollo lanza Laboratorio Tecnol\u00f3gico para el adulto mayor en regi\u00f3n del BioB\u00edo\"}]},{\"@type\":\"WebSite\",\"@id\":\"https:\\\/\\\/cmas.udd.cl\\\/#website\",\"url\":\"https:\\\/\\\/cmas.udd.cl\\\/\",\"name\":\"C+\",\"description\":\"Centro Investigaci\u00f3n enTecnolog\u00edas para la Sociedad\",\"publisher\":{\"@id\":\"https:\\\/\\\/cmas.udd.cl\\\/#organization\"},\"potentialAction\":[{\"@type\":\"SearchAction\",\"target\":{\"@type\":\"EntryPoint\",\"urlTemplate\":\"https:\\\/\\\/cmas.udd.cl\\\/?s={search_term_string}\"},\"query-input\":{\"@type\":\"PropertyValueSpecification\",\"valueRequired\":true,\"valueName\":\"search_term_string\"}}],\"inLanguage\":\"en-US\"},{\"@type\":\"Organization\",\"@id\":\"https:\\\/\\\/cmas.udd.cl\\\/#organization\",\"name\":\"C+\",\"url\":\"https:\\\/\\\/cmas.udd.cl\\\/\",\"logo\":{\"@type\":\"ImageObject\",\"inLanguage\":\"en-US\",\"@id\":\"https:\\\/\\\/cmas.udd.cl\\\/#\\\/schema\\\/logo\\\/image\\\/\",\"url\":\"https:\\\/\\\/cmas.udd.cl\\\/wp-content\\\/uploads\\\/2023\\\/05\\\/Logo-compuesto-UDD-Cmas.png\",\"contentUrl\":\"https:\\\/\\\/cmas.udd.cl\\\/wp-content\\\/uploads\\\/2023\\\/05\\\/Logo-compuesto-UDD-Cmas.png\",\"width\":695,\"height\":72,\"caption\":\"C+\"},\"image\":{\"@id\":\"https:\\\/\\\/cmas.udd.cl\\\/#\\\/schema\\\/logo\\\/image\\\/\"}}]}<\/script>\n<!-- \/ Yoast SEO plugin. -->","yoast_head_json":{"title":"Universidad del Desarrollo lanza Laboratorio Tecnol\u00f3gico para el adulto mayor en regi\u00f3n del BioB\u00edo - C+","robots":{"index":"index","follow":"follow","max-snippet":"max-snippet:-1","max-image-preview":"max-image-preview:large","max-video-preview":"max-video-preview:-1"},"canonical":"https:\/\/cmas.udd.cl\/en\/noticia\/universidad-del-desarrollo-lanza-laboratorio-tecnologico-para-el-adulto-mayor-en-region-del-biobio-migrado\/","og_locale":"en_US","og_type":"article","og_title":"Universidad del Desarrollo lanza Laboratorio Tecnol\u00f3gico para el adulto mayor en regi\u00f3n del BioB\u00edo - C+","og_description":"Durante los \u00faltimos a\u00f1os, hemos vivido en un mundo donde el crecimiento tecnol\u00f3gico avanza d\u00eda a d\u00eda, lo que ha tra\u00eddo como consecuencia la creaci\u00f3n de soluciones tecnol\u00f3gicas para diferentes problemas de manera muy r\u00e1pida, transformando as\u00ed a la industria, los gobiernos y la sociedad. Lamentablemente, este desarrollo sigue estando poco masificado en temas de [&hellip;]","og_url":"https:\/\/cmas.udd.cl\/en\/noticia\/universidad-del-desarrollo-lanza-laboratorio-tecnologico-para-el-adulto-mayor-en-region-del-biobio-migrado\/","og_site_name":"C+","article_modified_time":"2025-07-02T00:08:35+00:00","og_image":[{"width":680,"height":382,"url":"https:\/\/cmas.udd.cl\/wp-content\/uploads\/2022\/12\/DSC00725-1-680x382-1.jpg","type":"image\/jpeg"}],"twitter_card":"summary_large_image","twitter_misc":{"Est. reading time":"3 minutes"},"schema":{"@context":"https:\/\/schema.org","@graph":[{"@type":"WebPage","@id":"https:\/\/cmas.udd.cl\/noticia\/universidad-del-desarrollo-lanza-laboratorio-tecnologico-para-el-adulto-mayor-en-region-del-biobio-migrado\/","url":"https:\/\/cmas.udd.cl\/noticia\/universidad-del-desarrollo-lanza-laboratorio-tecnologico-para-el-adulto-mayor-en-region-del-biobio-migrado\/","name":"Universidad del Desarrollo lanza Laboratorio Tecnol\u00f3gico para el adulto mayor en regi\u00f3n del BioB\u00edo - C+","isPartOf":{"@id":"https:\/\/cmas.udd.cl\/#website"},"primaryImageOfPage":{"@id":"https:\/\/cmas.udd.cl\/noticia\/universidad-del-desarrollo-lanza-laboratorio-tecnologico-para-el-adulto-mayor-en-region-del-biobio-migrado\/#primaryimage"},"image":{"@id":"https:\/\/cmas.udd.cl\/noticia\/universidad-del-desarrollo-lanza-laboratorio-tecnologico-para-el-adulto-mayor-en-region-del-biobio-migrado\/#primaryimage"},"thumbnailUrl":"https:\/\/cmas.udd.cl\/wp-content\/uploads\/2022\/12\/DSC00725-1-680x382-1.jpg","datePublished":"2022-06-22T20:28:00+00:00","dateModified":"2025-07-02T00:08:35+00:00","breadcrumb":{"@id":"https:\/\/cmas.udd.cl\/noticia\/universidad-del-desarrollo-lanza-laboratorio-tecnologico-para-el-adulto-mayor-en-region-del-biobio-migrado\/#breadcrumb"},"inLanguage":"en-US","potentialAction":[{"@type":"ReadAction","target":["https:\/\/cmas.udd.cl\/noticia\/universidad-del-desarrollo-lanza-laboratorio-tecnologico-para-el-adulto-mayor-en-region-del-biobio-migrado\/"]}]},{"@type":"ImageObject","inLanguage":"en-US","@id":"https:\/\/cmas.udd.cl\/noticia\/universidad-del-desarrollo-lanza-laboratorio-tecnologico-para-el-adulto-mayor-en-region-del-biobio-migrado\/#primaryimage","url":"https:\/\/cmas.udd.cl\/wp-content\/uploads\/2022\/12\/DSC00725-1-680x382-1.jpg","contentUrl":"https:\/\/cmas.udd.cl\/wp-content\/uploads\/2022\/12\/DSC00725-1-680x382-1.jpg","width":680,"height":382},{"@type":"BreadcrumbList","@id":"https:\/\/cmas.udd.cl\/noticia\/universidad-del-desarrollo-lanza-laboratorio-tecnologico-para-el-adulto-mayor-en-region-del-biobio-migrado\/#breadcrumb","itemListElement":[{"@type":"ListItem","position":1,"name":"Home","item":"https:\/\/cmas.udd.cl\/"},{"@type":"ListItem","position":2,"name":"Noticias","item":"https:\/\/cmas.udd.cl\/Noticias\/"},{"@type":"ListItem","position":3,"name":"Universidad del Desarrollo lanza Laboratorio Tecnol\u00f3gico para el adulto mayor en regi\u00f3n del BioB\u00edo"}]},{"@type":"WebSite","@id":"https:\/\/cmas.udd.cl\/#website","url":"https:\/\/cmas.udd.cl\/","name":"C+","description":"Centro Investigaci\u00f3n enTecnolog\u00edas para la Sociedad","publisher":{"@id":"https:\/\/cmas.udd.cl\/#organization"},"potentialAction":[{"@type":"SearchAction","target":{"@type":"EntryPoint","urlTemplate":"https:\/\/cmas.udd.cl\/?s={search_term_string}"},"query-input":{"@type":"PropertyValueSpecification","valueRequired":true,"valueName":"search_term_string"}}],"inLanguage":"en-US"},{"@type":"Organization","@id":"https:\/\/cmas.udd.cl\/#organization","name":"C+","url":"https:\/\/cmas.udd.cl\/","logo":{"@type":"ImageObject","inLanguage":"en-US","@id":"https:\/\/cmas.udd.cl\/#\/schema\/logo\/image\/","url":"https:\/\/cmas.udd.cl\/wp-content\/uploads\/2023\/05\/Logo-compuesto-UDD-Cmas.png","contentUrl":"https:\/\/cmas.udd.cl\/wp-content\/uploads\/2023\/05\/Logo-compuesto-UDD-Cmas.png","width":695,"height":72,"caption":"C+"},"image":{"@id":"https:\/\/cmas.udd.cl\/#\/schema\/logo\/image\/"}}]}},"_links":{"self":[{"href":"https:\/\/cmas.udd.cl\/en\/wp-json\/wp\/v2\/noticia\/5800","targetHints":{"allow":["GET"]}}],"collection":[{"href":"https:\/\/cmas.udd.cl\/en\/wp-json\/wp\/v2\/noticia"}],"about":[{"href":"https:\/\/cmas.udd.cl\/en\/wp-json\/wp\/v2\/types\/noticia"}],"version-history":[{"count":0,"href":"https:\/\/cmas.udd.cl\/en\/wp-json\/wp\/v2\/noticia\/5800\/revisions"}],"wp:featuredmedia":[{"embeddable":true,"href":"https:\/\/cmas.udd.cl\/en\/wp-json\/wp\/v2\/media\/1379"}],"wp:attachment":[{"href":"https:\/\/cmas.udd.cl\/en\/wp-json\/wp\/v2\/media?parent=5800"}],"wp:term":[{"taxonomy":"filtro-de-portada","embeddable":true,"href":"https:\/\/cmas.udd.cl\/en\/wp-json\/wp\/v2\/filtro-de-portada?post=5800"},{"taxonomy":"grupo-de-investigacion","embeddable":true,"href":"https:\/\/cmas.udd.cl\/en\/wp-json\/wp\/v2\/grupo-de-investigacion?post=5800"},{"taxonomy":"tipo-de-contenido","embeddable":true,"href":"https:\/\/cmas.udd.cl\/en\/wp-json\/wp\/v2\/tipo-de-contenido?post=5800"}],"curies":[{"name":"wp","href":"https:\/\/api.w.org\/{rel}","templated":true}]}}