{"id":5764,"date":"2021-06-04T03:33:00","date_gmt":"2021-06-04T03:33:00","guid":{"rendered":"https:\/\/centrodeinvestigacioningenieria.udd.cl\/?post_type=noticia&#038;p=2214"},"modified":"2025-07-02T00:08:35","modified_gmt":"2025-07-02T00:08:35","slug":"centro-c-de-la-direccion-de-innovacion-junto-a-dos-instituciones-privadas-se-adjudican-fondos-corfo-migrado","status":"publish","type":"noticia","link":"https:\/\/cmas.udd.cl\/en\/noticia\/centro-c-de-la-direccion-de-innovacion-junto-a-dos-instituciones-privadas-se-adjudican-fondos-corfo-migrado\/","title":{"rendered":"Centro C+ de la Direcci\u00f3n de Innovaci\u00f3n junto a dos instituciones privadas se adjudican fondos CORFO"},"content":{"rendered":"<p><em>La vinculaci\u00f3n con la empresa a trav\u00e9s de fondos concursables representa para el Centro C+ un gran hito considerando el impacto en la sociedad que tendr\u00e1n los proyectos ejecutados junto al sector privado y a las comunidades.<\/em><\/p>\n\n\n\n<p>El Centro C+ de la Direcci\u00f3n de Innovaci\u00f3n de la Facultad de Ingenier\u00eda UDD en su calidad de co ejecutor, junto a dos instituciones privadas se adjudicaron dos fondos del programa de innovaci\u00f3n de CORFO: \u201cCrea y Valida Empresarial R\u00e1pida Implementaci\u00f3n\u201d e \u201cInnova Regi\u00f3n\u201d.<\/p>\n\n\n\n<p>Extended Realities Lab junto a \u201c<em>Texel Simulations<\/em>\u201d, empresa chilena de tecnolog\u00edas de realidad virtual y aumentada, se adjudicaron fondo CORFO \u201cCrea y Valida Empresarial R\u00e1pida Implementaci\u00f3n\u201d el cual tiene como objetivo apoyar el desarrollo de nuevos o mejorados productos, procesos y\/o servicios de base tecnol\u00f3gica, a partir de prototipos, hasta su validaci\u00f3n a escala industrial y comercial. El proyecto, liderado por el investigador adjunto de&nbsp;<em>Extended Realities Lab<\/em>, Jos\u00e9 Ignacio Guzm\u00e1n, denominado \u201cSimulador con realidad virtual para el entrenamiento quir\u00fargico utilizando inteligencia artificial\u201d busca potenciar y brindar una mayor eficiencia en los procesos de entrenamiento de cirujanos y aprovechar los resultados basados en an\u00e1lisis de datos, para extenderlos a otras \u00e1reas de la preparaci\u00f3n de m\u00e9dicos y enfermeros.<\/p>\n\n\n\n<p>En tanto Extreme Environments Lab junto a la la empresa Javiera de la Fuente Educaci\u00f3n EIRL, se adjudicaron el fondo CORFO \u201cInnova Regi\u00f3n\u201d reci\u00e9n en cual tiene como objetivo aportar a la econom\u00eda regional, apoyando el desarrollo de nuevos o mejorados productos, procesos y\/o servicios, a partir de prototipos de baja resoluci\u00f3n hasta su validaci\u00f3n comercial. El proyecto liderado por Javiera de la Fuente desde la Regi\u00f3n de Magallanes denominado \u201cEl\u00fcn: Sistema colaborativo de monitoreo para parques nacionales con inteligencia artificial\u201d lograr\u00e1 crear una herramienta de monitoreo para el levantamiento de datos sobre calidad del paisaje de forma constante, masiva y de bajo costo. De manera de tener entendimiento de los ecosistemas que est\u00e1n en constante cambio, y apoyar as\u00ed, la toma de decisiones en pro de la conservaci\u00f3n de la biodiversidad.&nbsp;&nbsp;<\/p>\n\n\n\n<p>La vinculaci\u00f3n con la empresa a trav\u00e9s de fondos concursables representa para el Centro C+ un gran hito considerando el impacto que tendr\u00e1n los proyectos ejecutados junto al sector privado y a las comunidades.<\/p>","protected":false},"excerpt":{"rendered":"<p>La vinculaci\u00f3n con la empresa a trav\u00e9s de fondos concursables representa para el Centro C+ un gran hito considerando el impacto en la sociedad que tendr\u00e1n los proyectos ejecutados junto al sector privado y a las comunidades. El Centro C+ de la Direcci\u00f3n de Innovaci\u00f3n de la Facultad de Ingenier\u00eda UDD en su calidad de [&hellip;]<\/p>\n","protected":false},"featured_media":2215,"template":"","meta":{"_acf_changed":false},"filtro-de-portada":[],"grupo-de-investigacion":[104,106],"tipo-de-contenido":[],"class_list":["post-5764","noticia","type-noticia","status-publish","has-post-thumbnail","hentry","grupo-de-investigacion-extended_realities","grupo-de-investigacion-extreme_environments"],"acf":[],"yoast_head":"<!-- This site is optimized with the Yoast SEO plugin v27.3 - https:\/\/yoast.com\/product\/yoast-seo-wordpress\/ -->\n<title>Centro C+ de la Direcci\u00f3n de Innovaci\u00f3n junto a dos instituciones privadas se adjudican fondos CORFO - C+<\/title>\n<meta name=\"robots\" content=\"index, follow, max-snippet:-1, max-image-preview:large, max-video-preview:-1\" \/>\n<link rel=\"canonical\" href=\"https:\/\/cmas.udd.cl\/en\/noticia\/centro-c-de-la-direccion-de-innovacion-junto-a-dos-instituciones-privadas-se-adjudican-fondos-corfo-migrado\/\" \/>\n<meta property=\"og:locale\" content=\"en_US\" \/>\n<meta property=\"og:type\" content=\"article\" \/>\n<meta property=\"og:title\" content=\"Centro C+ de la Direcci\u00f3n de Innovaci\u00f3n junto a dos instituciones privadas se adjudican fondos CORFO - C+\" \/>\n<meta property=\"og:description\" content=\"La vinculaci\u00f3n con la empresa a trav\u00e9s de fondos concursables representa para el Centro C+ un gran hito considerando el impacto en la sociedad que tendr\u00e1n los proyectos ejecutados junto al sector privado y a las comunidades. El Centro C+ de la Direcci\u00f3n de Innovaci\u00f3n de la Facultad de Ingenier\u00eda UDD en su calidad de [&hellip;]\" \/>\n<meta property=\"og:url\" content=\"https:\/\/cmas.udd.cl\/en\/noticia\/centro-c-de-la-direccion-de-innovacion-junto-a-dos-instituciones-privadas-se-adjudican-fondos-corfo-migrado\/\" \/>\n<meta property=\"og:site_name\" content=\"C+\" \/>\n<meta property=\"article:modified_time\" content=\"2025-07-02T00:08:35+00:00\" \/>\n<meta property=\"og:image\" content=\"https:\/\/cmas.udd.cl\/wp-content\/uploads\/2023\/02\/Captura-de-Pantalla-2021-06-04-a-las-10.25.40.png\" \/>\n\t<meta property=\"og:image:width\" content=\"325\" \/>\n\t<meta property=\"og:image:height\" content=\"187\" \/>\n\t<meta property=\"og:image:type\" content=\"image\/png\" \/>\n<meta name=\"twitter:card\" content=\"summary_large_image\" \/>\n<meta name=\"twitter:label1\" content=\"Est. reading time\" \/>\n\t<meta name=\"twitter:data1\" content=\"2 minutes\" \/>\n<script type=\"application\/ld+json\" class=\"yoast-schema-graph\">{\"@context\":\"https:\\\/\\\/schema.org\",\"@graph\":[{\"@type\":\"WebPage\",\"@id\":\"https:\\\/\\\/cmas.udd.cl\\\/noticia\\\/centro-c-de-la-direccion-de-innovacion-junto-a-dos-instituciones-privadas-se-adjudican-fondos-corfo-migrado\\\/\",\"url\":\"https:\\\/\\\/cmas.udd.cl\\\/noticia\\\/centro-c-de-la-direccion-de-innovacion-junto-a-dos-instituciones-privadas-se-adjudican-fondos-corfo-migrado\\\/\",\"name\":\"Centro C+ de la Direcci\u00f3n de Innovaci\u00f3n junto a dos instituciones privadas se adjudican fondos CORFO - C+\",\"isPartOf\":{\"@id\":\"https:\\\/\\\/cmas.udd.cl\\\/#website\"},\"primaryImageOfPage\":{\"@id\":\"https:\\\/\\\/cmas.udd.cl\\\/noticia\\\/centro-c-de-la-direccion-de-innovacion-junto-a-dos-instituciones-privadas-se-adjudican-fondos-corfo-migrado\\\/#primaryimage\"},\"image\":{\"@id\":\"https:\\\/\\\/cmas.udd.cl\\\/noticia\\\/centro-c-de-la-direccion-de-innovacion-junto-a-dos-instituciones-privadas-se-adjudican-fondos-corfo-migrado\\\/#primaryimage\"},\"thumbnailUrl\":\"https:\\\/\\\/cmas.udd.cl\\\/wp-content\\\/uploads\\\/2023\\\/02\\\/Captura-de-Pantalla-2021-06-04-a-las-10.25.40.png\",\"datePublished\":\"2021-06-04T03:33:00+00:00\",\"dateModified\":\"2025-07-02T00:08:35+00:00\",\"breadcrumb\":{\"@id\":\"https:\\\/\\\/cmas.udd.cl\\\/noticia\\\/centro-c-de-la-direccion-de-innovacion-junto-a-dos-instituciones-privadas-se-adjudican-fondos-corfo-migrado\\\/#breadcrumb\"},\"inLanguage\":\"en-US\",\"potentialAction\":[{\"@type\":\"ReadAction\",\"target\":[\"https:\\\/\\\/cmas.udd.cl\\\/noticia\\\/centro-c-de-la-direccion-de-innovacion-junto-a-dos-instituciones-privadas-se-adjudican-fondos-corfo-migrado\\\/\"]}]},{\"@type\":\"ImageObject\",\"inLanguage\":\"en-US\",\"@id\":\"https:\\\/\\\/cmas.udd.cl\\\/noticia\\\/centro-c-de-la-direccion-de-innovacion-junto-a-dos-instituciones-privadas-se-adjudican-fondos-corfo-migrado\\\/#primaryimage\",\"url\":\"https:\\\/\\\/cmas.udd.cl\\\/wp-content\\\/uploads\\\/2023\\\/02\\\/Captura-de-Pantalla-2021-06-04-a-las-10.25.40.png\",\"contentUrl\":\"https:\\\/\\\/cmas.udd.cl\\\/wp-content\\\/uploads\\\/2023\\\/02\\\/Captura-de-Pantalla-2021-06-04-a-las-10.25.40.png\",\"width\":325,\"height\":187},{\"@type\":\"BreadcrumbList\",\"@id\":\"https:\\\/\\\/cmas.udd.cl\\\/noticia\\\/centro-c-de-la-direccion-de-innovacion-junto-a-dos-instituciones-privadas-se-adjudican-fondos-corfo-migrado\\\/#breadcrumb\",\"itemListElement\":[{\"@type\":\"ListItem\",\"position\":1,\"name\":\"Home\",\"item\":\"https:\\\/\\\/cmas.udd.cl\\\/\"},{\"@type\":\"ListItem\",\"position\":2,\"name\":\"Noticias\",\"item\":\"https:\\\/\\\/cmas.udd.cl\\\/Noticias\\\/\"},{\"@type\":\"ListItem\",\"position\":3,\"name\":\"Centro C+ de la Direcci\u00f3n de Innovaci\u00f3n junto a dos instituciones privadas se adjudican fondos CORFO\"}]},{\"@type\":\"WebSite\",\"@id\":\"https:\\\/\\\/cmas.udd.cl\\\/#website\",\"url\":\"https:\\\/\\\/cmas.udd.cl\\\/\",\"name\":\"C+\",\"description\":\"Centro Investigaci\u00f3n enTecnolog\u00edas para la Sociedad\",\"publisher\":{\"@id\":\"https:\\\/\\\/cmas.udd.cl\\\/#organization\"},\"potentialAction\":[{\"@type\":\"SearchAction\",\"target\":{\"@type\":\"EntryPoint\",\"urlTemplate\":\"https:\\\/\\\/cmas.udd.cl\\\/?s={search_term_string}\"},\"query-input\":{\"@type\":\"PropertyValueSpecification\",\"valueRequired\":true,\"valueName\":\"search_term_string\"}}],\"inLanguage\":\"en-US\"},{\"@type\":\"Organization\",\"@id\":\"https:\\\/\\\/cmas.udd.cl\\\/#organization\",\"name\":\"C+\",\"url\":\"https:\\\/\\\/cmas.udd.cl\\\/\",\"logo\":{\"@type\":\"ImageObject\",\"inLanguage\":\"en-US\",\"@id\":\"https:\\\/\\\/cmas.udd.cl\\\/#\\\/schema\\\/logo\\\/image\\\/\",\"url\":\"https:\\\/\\\/cmas.udd.cl\\\/wp-content\\\/uploads\\\/2023\\\/05\\\/Logo-compuesto-UDD-Cmas.png\",\"contentUrl\":\"https:\\\/\\\/cmas.udd.cl\\\/wp-content\\\/uploads\\\/2023\\\/05\\\/Logo-compuesto-UDD-Cmas.png\",\"width\":695,\"height\":72,\"caption\":\"C+\"},\"image\":{\"@id\":\"https:\\\/\\\/cmas.udd.cl\\\/#\\\/schema\\\/logo\\\/image\\\/\"}}]}<\/script>\n<!-- \/ Yoast SEO plugin. -->","yoast_head_json":{"title":"Centro C+ de la Direcci\u00f3n de Innovaci\u00f3n junto a dos instituciones privadas se adjudican fondos CORFO - C+","robots":{"index":"index","follow":"follow","max-snippet":"max-snippet:-1","max-image-preview":"max-image-preview:large","max-video-preview":"max-video-preview:-1"},"canonical":"https:\/\/cmas.udd.cl\/en\/noticia\/centro-c-de-la-direccion-de-innovacion-junto-a-dos-instituciones-privadas-se-adjudican-fondos-corfo-migrado\/","og_locale":"en_US","og_type":"article","og_title":"Centro C+ de la Direcci\u00f3n de Innovaci\u00f3n junto a dos instituciones privadas se adjudican fondos CORFO - C+","og_description":"La vinculaci\u00f3n con la empresa a trav\u00e9s de fondos concursables representa para el Centro C+ un gran hito considerando el impacto en la sociedad que tendr\u00e1n los proyectos ejecutados junto al sector privado y a las comunidades. El Centro C+ de la Direcci\u00f3n de Innovaci\u00f3n de la Facultad de Ingenier\u00eda UDD en su calidad de [&hellip;]","og_url":"https:\/\/cmas.udd.cl\/en\/noticia\/centro-c-de-la-direccion-de-innovacion-junto-a-dos-instituciones-privadas-se-adjudican-fondos-corfo-migrado\/","og_site_name":"C+","article_modified_time":"2025-07-02T00:08:35+00:00","og_image":[{"width":325,"height":187,"url":"https:\/\/cmas.udd.cl\/wp-content\/uploads\/2023\/02\/Captura-de-Pantalla-2021-06-04-a-las-10.25.40.png","type":"image\/png"}],"twitter_card":"summary_large_image","twitter_misc":{"Est. reading time":"2 minutes"},"schema":{"@context":"https:\/\/schema.org","@graph":[{"@type":"WebPage","@id":"https:\/\/cmas.udd.cl\/noticia\/centro-c-de-la-direccion-de-innovacion-junto-a-dos-instituciones-privadas-se-adjudican-fondos-corfo-migrado\/","url":"https:\/\/cmas.udd.cl\/noticia\/centro-c-de-la-direccion-de-innovacion-junto-a-dos-instituciones-privadas-se-adjudican-fondos-corfo-migrado\/","name":"Centro C+ de la Direcci\u00f3n de Innovaci\u00f3n junto a dos instituciones privadas se adjudican fondos CORFO - C+","isPartOf":{"@id":"https:\/\/cmas.udd.cl\/#website"},"primaryImageOfPage":{"@id":"https:\/\/cmas.udd.cl\/noticia\/centro-c-de-la-direccion-de-innovacion-junto-a-dos-instituciones-privadas-se-adjudican-fondos-corfo-migrado\/#primaryimage"},"image":{"@id":"https:\/\/cmas.udd.cl\/noticia\/centro-c-de-la-direccion-de-innovacion-junto-a-dos-instituciones-privadas-se-adjudican-fondos-corfo-migrado\/#primaryimage"},"thumbnailUrl":"https:\/\/cmas.udd.cl\/wp-content\/uploads\/2023\/02\/Captura-de-Pantalla-2021-06-04-a-las-10.25.40.png","datePublished":"2021-06-04T03:33:00+00:00","dateModified":"2025-07-02T00:08:35+00:00","breadcrumb":{"@id":"https:\/\/cmas.udd.cl\/noticia\/centro-c-de-la-direccion-de-innovacion-junto-a-dos-instituciones-privadas-se-adjudican-fondos-corfo-migrado\/#breadcrumb"},"inLanguage":"en-US","potentialAction":[{"@type":"ReadAction","target":["https:\/\/cmas.udd.cl\/noticia\/centro-c-de-la-direccion-de-innovacion-junto-a-dos-instituciones-privadas-se-adjudican-fondos-corfo-migrado\/"]}]},{"@type":"ImageObject","inLanguage":"en-US","@id":"https:\/\/cmas.udd.cl\/noticia\/centro-c-de-la-direccion-de-innovacion-junto-a-dos-instituciones-privadas-se-adjudican-fondos-corfo-migrado\/#primaryimage","url":"https:\/\/cmas.udd.cl\/wp-content\/uploads\/2023\/02\/Captura-de-Pantalla-2021-06-04-a-las-10.25.40.png","contentUrl":"https:\/\/cmas.udd.cl\/wp-content\/uploads\/2023\/02\/Captura-de-Pantalla-2021-06-04-a-las-10.25.40.png","width":325,"height":187},{"@type":"BreadcrumbList","@id":"https:\/\/cmas.udd.cl\/noticia\/centro-c-de-la-direccion-de-innovacion-junto-a-dos-instituciones-privadas-se-adjudican-fondos-corfo-migrado\/#breadcrumb","itemListElement":[{"@type":"ListItem","position":1,"name":"Home","item":"https:\/\/cmas.udd.cl\/"},{"@type":"ListItem","position":2,"name":"Noticias","item":"https:\/\/cmas.udd.cl\/Noticias\/"},{"@type":"ListItem","position":3,"name":"Centro C+ de la Direcci\u00f3n de Innovaci\u00f3n junto a dos instituciones privadas se adjudican fondos CORFO"}]},{"@type":"WebSite","@id":"https:\/\/cmas.udd.cl\/#website","url":"https:\/\/cmas.udd.cl\/","name":"C+","description":"Centro Investigaci\u00f3n enTecnolog\u00edas para la Sociedad","publisher":{"@id":"https:\/\/cmas.udd.cl\/#organization"},"potentialAction":[{"@type":"SearchAction","target":{"@type":"EntryPoint","urlTemplate":"https:\/\/cmas.udd.cl\/?s={search_term_string}"},"query-input":{"@type":"PropertyValueSpecification","valueRequired":true,"valueName":"search_term_string"}}],"inLanguage":"en-US"},{"@type":"Organization","@id":"https:\/\/cmas.udd.cl\/#organization","name":"C+","url":"https:\/\/cmas.udd.cl\/","logo":{"@type":"ImageObject","inLanguage":"en-US","@id":"https:\/\/cmas.udd.cl\/#\/schema\/logo\/image\/","url":"https:\/\/cmas.udd.cl\/wp-content\/uploads\/2023\/05\/Logo-compuesto-UDD-Cmas.png","contentUrl":"https:\/\/cmas.udd.cl\/wp-content\/uploads\/2023\/05\/Logo-compuesto-UDD-Cmas.png","width":695,"height":72,"caption":"C+"},"image":{"@id":"https:\/\/cmas.udd.cl\/#\/schema\/logo\/image\/"}}]}},"_links":{"self":[{"href":"https:\/\/cmas.udd.cl\/en\/wp-json\/wp\/v2\/noticia\/5764","targetHints":{"allow":["GET"]}}],"collection":[{"href":"https:\/\/cmas.udd.cl\/en\/wp-json\/wp\/v2\/noticia"}],"about":[{"href":"https:\/\/cmas.udd.cl\/en\/wp-json\/wp\/v2\/types\/noticia"}],"version-history":[{"count":0,"href":"https:\/\/cmas.udd.cl\/en\/wp-json\/wp\/v2\/noticia\/5764\/revisions"}],"wp:featuredmedia":[{"embeddable":true,"href":"https:\/\/cmas.udd.cl\/en\/wp-json\/wp\/v2\/media\/2215"}],"wp:attachment":[{"href":"https:\/\/cmas.udd.cl\/en\/wp-json\/wp\/v2\/media?parent=5764"}],"wp:term":[{"taxonomy":"filtro-de-portada","embeddable":true,"href":"https:\/\/cmas.udd.cl\/en\/wp-json\/wp\/v2\/filtro-de-portada?post=5764"},{"taxonomy":"grupo-de-investigacion","embeddable":true,"href":"https:\/\/cmas.udd.cl\/en\/wp-json\/wp\/v2\/grupo-de-investigacion?post=5764"},{"taxonomy":"tipo-de-contenido","embeddable":true,"href":"https:\/\/cmas.udd.cl\/en\/wp-json\/wp\/v2\/tipo-de-contenido?post=5764"}],"curies":[{"name":"wp","href":"https:\/\/api.w.org\/{rel}","templated":true}]}}