{"id":7584,"date":"2026-09-04T14:32:14","date_gmt":"2026-09-04T14:32:14","guid":{"rendered":"https:\/\/cmas.udd.cl\/?post_type=cplus_noticias&#038;p=7584"},"modified":"2026-09-04T14:38:53","modified_gmt":"2026-09-04T14:38:53","slug":"estudiantes-de-navarra-visitan-la-udd-para-trabajar-en-sus-tesis-de-titulacion","status":"publish","type":"cplus_noticias","link":"https:\/\/cmas.udd.cl\/en\/cplus_noticias\/estudiantes-de-navarra-visitan-la-udd-para-trabajar-en-sus-tesis-de-titulacion\/","title":{"rendered":"Estudiantes de Navarra visitan la UDD para trabajar en sus tesis de titulaci\u00f3n\u00a0"},"content":{"rendered":"<div data-elementor-type=\"wp-post\" data-elementor-id=\"7584\" class=\"elementor elementor-7584\" data-elementor-post-type=\"cplus_noticias\">\n\t\t\t\t<div class=\"elementor-element elementor-element-10c7f4c8 e-flex e-con-boxed e-con e-parent\" data-id=\"10c7f4c8\" data-element_type=\"container\" data-e-type=\"container\">\n\t\t\t\t\t<div class=\"e-con-inner\">\n\t\t\t\t<div class=\"elementor-element elementor-element-3091de6f elementor-widget elementor-widget-text-editor\" data-id=\"3091de6f\" data-element_type=\"widget\" data-e-type=\"widget\" data-widget_type=\"text-editor.default\">\n\t\t\t\t<div class=\"elementor-widget-container\">\n\t\t\t\t\t\t\t\t\t\n<p class=\"wp-block-paragraph\">Dos estudiantes de la Universidad de Navarra, Espa\u00f1a, visitaron la Universidad del Desarrollo para realizar una pasant\u00eda y trabajar en sus respectivas tesis de titulaci\u00f3n de la carrera de Ciencias Ambientales. \u00a0<\/p>\n<p>\u00a0<\/p>\n\n<p class=\"wp-block-paragraph\">Esta visita surgi\u00f3 a partir de una\u00a0primera visita que realizaron con su curso en enero 2026,\u00a0en el marco del Programa de Paisajes impulsado por dicha instituci\u00f3n, donde pudieron conocer de primera mano diferentes proyectos y casos socioambientales en los que estamos trabajando desde el Centro C+. \u00a0<\/p>\n<p>\u00a0<\/p>\n\n<div class=\"wp-block-media-text is-stacked-on-mobile\">\n<figure class=\"wp-block-media-text__media\"><img fetchpriority=\"high\" decoding=\"async\" width=\"1024\" height=\"576\" class=\"wp-image-7585 size-full\" src=\"https:\/\/cmas.udd.cl\/wp-content\/uploads\/2026\/09\/WhatsApp-Image-2026-09-03-at-14.14.35-1024x576.jpeg\" alt=\"\" srcset=\"https:\/\/cmas.udd.cl\/wp-content\/uploads\/2026\/09\/WhatsApp-Image-2026-09-03-at-14.14.35-1024x576.jpeg 1024w, https:\/\/cmas.udd.cl\/wp-content\/uploads\/2026\/09\/WhatsApp-Image-2026-09-03-at-14.14.35-768x432.jpeg 768w, https:\/\/cmas.udd.cl\/wp-content\/uploads\/2026\/09\/WhatsApp-Image-2026-09-03-at-14.14.35-1536x864.jpeg 1536w, https:\/\/cmas.udd.cl\/wp-content\/uploads\/2026\/09\/WhatsApp-Image-2026-09-03-at-14.14.35-300x169.jpeg 300w, https:\/\/cmas.udd.cl\/wp-content\/uploads\/2026\/09\/WhatsApp-Image-2026-09-03-at-14.14.35-18x10.jpeg 18w, https:\/\/cmas.udd.cl\/wp-content\/uploads\/2026\/09\/WhatsApp-Image-2026-09-03-at-14.14.35.jpeg 1600w\" sizes=\"(max-width: 1024px) 100vw, 1024px\" \/><\/figure>\n<div class=\"wp-block-media-text__content\">\n<p class=\"wp-block-paragraph\">\u00a0<\/p>\n<p>Durante su estad\u00eda, el Centro de Investigaci\u00f3n en Tecnolog\u00edas para la Sociedad (C+) de la Facultad de Ingenier\u00eda UDD recibi\u00f3 a Arantza Arrizurieta y El\u00edas Su\u00e1rez en sus laboratorios para guiarlos en las tem\u00e1ticas asignadas para sus proyectos de tesis.<\/p>\n<p>\u00a0<\/p>\n<\/div>\n<\/div>\n\n<p class=\"wp-block-paragraph\">Por su parte, Arantza Arrizurieta desarroll\u00f3 una\u00a0investigaci\u00f3n en torno a la \u201cAdecuaci\u00f3n de indicadores socio-ecol\u00f3gicos para el OS-Santiago de la red ROSA: piloto ACMU R\u00edo Colorado\u201d, que consiste en la identificaci\u00f3n de indicadores de monitoreo a largo plazo para el Observatorio Socio-ecol\u00f3gico de Santiago en el \u00e1rea de conservaci\u00f3n. Para ello, sostuvo reuniones con diferentes escuelas, expertos acad\u00e9micos y autoridades locales, entre ellas, el equipo de \u00e1reas protegidas de la Regi\u00f3n Metropolitana del SBAP y las Municipalidades de Lo Barnechea y San Jos\u00e9 de Maipo.\u00a0<\/p>\n<p>\u00a0<\/p>\n\n<p class=\"wp-block-paragraph\">Por otro lado, El\u00edas Su\u00e1rez se enfoc\u00f3 en la \u201cOptimizaci\u00f3n del flujo de trabajo para el cribado y catalogaci\u00f3n de im\u00e1genes de foto-trampeo integrando IA\u201d, para integrar el proceso de uso de c\u00e1maras trampa y aumentar as\u00ed la rapidez del uso de los datos tomando como caso piloto el Santuario de la Naturaleza San Francisco de Lagunillas y Quillayal.\u00a0<\/p>\n<p>\u00a0<\/p>\n\n<p class=\"wp-block-paragraph\">Adem\u00e1s, particip\u00f3 en otras actividades del monitoreo de carn\u00edvoros, la reintroducci\u00f3n de los guanacos, junto con la realizaci\u00f3n de un portafolio de fotograf\u00edas de naturaleza durante su estad\u00eda para entregar al Santuario.\u00a0\u00a0<\/p>\n<p>\u00a0<\/p>\n\n<p class=\"wp-block-paragraph\">Durante su estad\u00eda en Chile, ambos estudiantes tuvieron la oportunidad de participar en\u00a0actividades vinculadas a otras investigaciones como la medici\u00f3n de la calidad del aire y divulgaci\u00f3n cient\u00edfica, por lo que Arantza coment\u00f3 que \u201ctener otros puntos de vista y perspectivas ayuda a incrementar el conocimiento, lo que es muy \u00fatil tanto para lo acad\u00e9mico como para la vida en general\u201d. El\u00edas defini\u00f3 esta experiencia como \u201cun pack muy completo para conocer m\u00e1s sobre la sociedad chilena\u201d.\u00a0\u00a0<\/p>\n<p>\u00a0<\/p>\n\n<p class=\"wp-block-paragraph\">Su estancia culmin\u00f3 con su participaci\u00f3n en el Encuentro Cient\u00edfico en la macrozona sur de Chile en Puc\u00f3n, invitados por el Laboratorio Natural Andes del Sur de la Universidad Austral de Chile y, posteriormente, en una presentaci\u00f3n junto al equipo de investigadores del Centro C+ sobre los avances obtenidos durante este mes en la Universidad del Desarrollo.<\/p>\n<figure class=\"wp-block-gallery has-nested-images columns-default is-cropped\"><\/figure>\n<!-- \/wp:gallery -->\t\t\t\t\t\t\t\t<\/div>\n\t\t\t\t<\/div>\n\t\t\t\t\t<\/div>\n\t\t\t\t<\/div>\n\t\t<div class=\"elementor-element elementor-element-eefc15d e-flex e-con-boxed e-con e-parent\" data-id=\"eefc15d\" data-element_type=\"container\" data-e-type=\"container\">\n\t\t\t\t\t<div class=\"e-con-inner\">\n\t\t\t\t<div class=\"elementor-element elementor-element-2c6367e elementor-widget elementor-widget-gallery\" data-id=\"2c6367e\" data-element_type=\"widget\" data-e-type=\"widget\" data-settings=\"{&quot;lazyload&quot;:&quot;yes&quot;,&quot;gallery_layout&quot;:&quot;grid&quot;,&quot;columns&quot;:4,&quot;columns_tablet&quot;:2,&quot;columns_mobile&quot;:1,&quot;gap&quot;:{&quot;unit&quot;:&quot;px&quot;,&quot;size&quot;:10,&quot;sizes&quot;:[]},&quot;gap_tablet&quot;:{&quot;unit&quot;:&quot;px&quot;,&quot;size&quot;:10,&quot;sizes&quot;:[]},&quot;gap_mobile&quot;:{&quot;unit&quot;:&quot;px&quot;,&quot;size&quot;:10,&quot;sizes&quot;:[]},&quot;link_to&quot;:&quot;file&quot;,&quot;aspect_ratio&quot;:&quot;3:2&quot;,&quot;overlay_background&quot;:&quot;yes&quot;,&quot;content_hover_animation&quot;:&quot;fade-in&quot;}\" data-widget_type=\"gallery.default\">\n\t\t\t\t<div class=\"elementor-widget-container\">\n\t\t\t\t\t\t\t<div class=\"elementor-gallery__container\">\n\t\t\t\t\t\t\t<a class=\"e-gallery-item elementor-gallery-item elementor-animated-content\" href=\"https:\/\/cmas.udd.cl\/wp-content\/uploads\/2026\/09\/DSC_2260-scaled.jpg\" data-elementor-open-lightbox=\"yes\" data-elementor-lightbox-slideshow=\"2c6367e\" data-elementor-lightbox-title=\"DSC_2260\" data-e-action-hash=\"#elementor-action%3Aaction%3Dlightbox%26settings%3DeyJpZCI6NzU5NiwidXJsIjoiaHR0cHM6XC9cL2NtYXMudWRkLmNsXC93cC1jb250ZW50XC91cGxvYWRzXC8yMDI2XC8wOVwvRFNDXzIyNjAtc2NhbGVkLmpwZyIsInNsaWRlc2hvdyI6IjJjNjM2N2UifQ%3D%3D\">\n\t\t\t\t\t<div class=\"e-gallery-image elementor-gallery-item__image\" data-thumbnail=\"https:\/\/cmas.udd.cl\/wp-content\/uploads\/2026\/09\/DSC_2260-300x200.jpg\" data-width=\"300\" data-height=\"200\" aria-label=\"\" role=\"img\" ><\/div>\n\t\t\t\t\t\t\t\t\t\t\t<div class=\"elementor-gallery-item__overlay\"><\/div>\n\t\t\t\t\t\t\t\t\t\t\t\t\t\t<\/a>\n\t\t\t\t\t\t\t<a class=\"e-gallery-item elementor-gallery-item elementor-animated-content\" href=\"https:\/\/cmas.udd.cl\/wp-content\/uploads\/2026\/09\/WhatsApp-Image-2026-09-03-at-14.10.57.jpeg\" data-elementor-open-lightbox=\"yes\" data-elementor-lightbox-slideshow=\"2c6367e\" data-elementor-lightbox-title=\"WhatsApp Image 2026-09-03 at 14.10.57\" data-e-action-hash=\"#elementor-action%3Aaction%3Dlightbox%26settings%3DeyJpZCI6NzU5MCwidXJsIjoiaHR0cHM6XC9cL2NtYXMudWRkLmNsXC93cC1jb250ZW50XC91cGxvYWRzXC8yMDI2XC8wOVwvV2hhdHNBcHAtSW1hZ2UtMjAyNi0wOS0wMy1hdC0xNC4xMC41Ny5qcGVnIiwic2xpZGVzaG93IjoiMmM2MzY3ZSJ9\">\n\t\t\t\t\t<div class=\"e-gallery-image elementor-gallery-item__image\" data-thumbnail=\"https:\/\/cmas.udd.cl\/wp-content\/uploads\/2026\/09\/WhatsApp-Image-2026-09-03-at-14.10.57-300x169.jpeg\" data-width=\"300\" data-height=\"169\" aria-label=\"\" role=\"img\" ><\/div>\n\t\t\t\t\t\t\t\t\t\t\t<div class=\"elementor-gallery-item__overlay\"><\/div>\n\t\t\t\t\t\t\t\t\t\t\t\t\t\t<\/a>\n\t\t\t\t\t\t\t<a class=\"e-gallery-item elementor-gallery-item elementor-animated-content\" href=\"https:\/\/cmas.udd.cl\/wp-content\/uploads\/2026\/09\/WhatsApp-Image-2026-09-03-at-19.32.55.jpeg\" data-elementor-open-lightbox=\"yes\" data-elementor-lightbox-slideshow=\"2c6367e\" data-elementor-lightbox-title=\"WhatsApp Image 2026-09-03 at 19.32.55\" data-e-action-hash=\"#elementor-action%3Aaction%3Dlightbox%26settings%3DeyJpZCI6NzU4OSwidXJsIjoiaHR0cHM6XC9cL2NtYXMudWRkLmNsXC93cC1jb250ZW50XC91cGxvYWRzXC8yMDI2XC8wOVwvV2hhdHNBcHAtSW1hZ2UtMjAyNi0wOS0wMy1hdC0xOS4zMi41NS5qcGVnIiwic2xpZGVzaG93IjoiMmM2MzY3ZSJ9\">\n\t\t\t\t\t<div class=\"e-gallery-image elementor-gallery-item__image\" data-thumbnail=\"https:\/\/cmas.udd.cl\/wp-content\/uploads\/2026\/09\/WhatsApp-Image-2026-09-03-at-19.32.55-300x169.jpeg\" data-width=\"300\" data-height=\"169\" aria-label=\"\" role=\"img\" ><\/div>\n\t\t\t\t\t\t\t\t\t\t\t<div class=\"elementor-gallery-item__overlay\"><\/div>\n\t\t\t\t\t\t\t\t\t\t\t\t\t\t<\/a>\n\t\t\t\t\t\t\t<a class=\"e-gallery-item elementor-gallery-item elementor-animated-content\" href=\"https:\/\/cmas.udd.cl\/wp-content\/uploads\/2026\/09\/DSC_2332-scaled.jpg\" data-elementor-open-lightbox=\"yes\" data-elementor-lightbox-slideshow=\"2c6367e\" data-elementor-lightbox-title=\"DSC_2332\" data-e-action-hash=\"#elementor-action%3Aaction%3Dlightbox%26settings%3DeyJpZCI6NzU5NSwidXJsIjoiaHR0cHM6XC9cL2NtYXMudWRkLmNsXC93cC1jb250ZW50XC91cGxvYWRzXC8yMDI2XC8wOVwvRFNDXzIzMzItc2NhbGVkLmpwZyIsInNsaWRlc2hvdyI6IjJjNjM2N2UifQ%3D%3D\">\n\t\t\t\t\t<div class=\"e-gallery-image elementor-gallery-item__image\" data-thumbnail=\"https:\/\/cmas.udd.cl\/wp-content\/uploads\/2026\/09\/DSC_2332-300x200.jpg\" data-width=\"300\" data-height=\"200\" aria-label=\"\" role=\"img\" ><\/div>\n\t\t\t\t\t\t\t\t\t\t\t<div class=\"elementor-gallery-item__overlay\"><\/div>\n\t\t\t\t\t\t\t\t\t\t\t\t\t\t<\/a>\n\t\t\t\t\t\t\t<a class=\"e-gallery-item elementor-gallery-item elementor-animated-content\" href=\"https:\/\/cmas.udd.cl\/wp-content\/uploads\/2026\/09\/WhatsApp-Image-2026-09-01-at-17.47.38.jpeg\" data-elementor-open-lightbox=\"yes\" data-elementor-lightbox-slideshow=\"2c6367e\" data-elementor-lightbox-title=\"WhatsApp Image 2026-09-01 at 17.47.38\" data-e-action-hash=\"#elementor-action%3Aaction%3Dlightbox%26settings%3DeyJpZCI6NzU4NywidXJsIjoiaHR0cHM6XC9cL2NtYXMudWRkLmNsXC93cC1jb250ZW50XC91cGxvYWRzXC8yMDI2XC8wOVwvV2hhdHNBcHAtSW1hZ2UtMjAyNi0wOS0wMS1hdC0xNy40Ny4zOC5qcGVnIiwic2xpZGVzaG93IjoiMmM2MzY3ZSJ9\">\n\t\t\t\t\t<div class=\"e-gallery-image elementor-gallery-item__image\" data-thumbnail=\"https:\/\/cmas.udd.cl\/wp-content\/uploads\/2026\/09\/WhatsApp-Image-2026-09-01-at-17.47.38-300x225.jpeg\" data-width=\"300\" data-height=\"225\" aria-label=\"\" role=\"img\" ><\/div>\n\t\t\t\t\t\t\t\t\t\t\t<div class=\"elementor-gallery-item__overlay\"><\/div>\n\t\t\t\t\t\t\t\t\t\t\t\t\t\t<\/a>\n\t\t\t\t\t\t\t<a class=\"e-gallery-item elementor-gallery-item elementor-animated-content\" href=\"https:\/\/cmas.udd.cl\/wp-content\/uploads\/2026\/09\/WhatsApp-Image-2026-09-03-at-14.08.10.jpeg\" data-elementor-open-lightbox=\"yes\" data-elementor-lightbox-slideshow=\"2c6367e\" data-elementor-lightbox-title=\"WhatsApp Image 2026-09-03 at 14.08.10\" data-e-action-hash=\"#elementor-action%3Aaction%3Dlightbox%26settings%3DeyJpZCI6NzU4NiwidXJsIjoiaHR0cHM6XC9cL2NtYXMudWRkLmNsXC93cC1jb250ZW50XC91cGxvYWRzXC8yMDI2XC8wOVwvV2hhdHNBcHAtSW1hZ2UtMjAyNi0wOS0wMy1hdC0xNC4wOC4xMC5qcGVnIiwic2xpZGVzaG93IjoiMmM2MzY3ZSJ9\">\n\t\t\t\t\t<div class=\"e-gallery-image elementor-gallery-item__image\" data-thumbnail=\"https:\/\/cmas.udd.cl\/wp-content\/uploads\/2026\/09\/WhatsApp-Image-2026-09-03-at-14.08.10-300x169.jpeg\" data-width=\"300\" data-height=\"169\" aria-label=\"\" role=\"img\" ><\/div>\n\t\t\t\t\t\t\t\t\t\t\t<div class=\"elementor-gallery-item__overlay\"><\/div>\n\t\t\t\t\t\t\t\t\t\t\t\t\t\t<\/a>\n\t\t\t\t\t<\/div>\n\t\t\t\t\t<\/div>\n\t\t\t\t<\/div>\n\t\t\t\t\t<\/div>\n\t\t\t\t<\/div>\n\t\t\t\t<\/div>","protected":false},"featured_media":7588,"template":"","categories":[],"tags":[],"taxo_noticias":[25],"grupo-de-investigacion":[106],"class_list":["post-7584","cplus_noticias","type-cplus_noticias","status-publish","has-post-thumbnail","hentry","taxo_noticias-extremeenvironments","grupo-de-investigacion-extreme_environments"],"acf":[],"yoast_head":"<!-- This site is optimized with the Yoast SEO plugin v28.0 - https:\/\/yoast.com\/product\/yoast-seo-wordpress\/ -->\n<title>Estudiantes de Navarra visitan la UDD para trabajar en sus tesis de titulaci\u00f3n\u00a0 - C+<\/title>\n<meta name=\"robots\" content=\"index, follow, max-snippet:-1, max-image-preview:large, max-video-preview:-1\" \/>\n<link rel=\"canonical\" href=\"https:\/\/cmas.udd.cl\/en\/cplus_noticias\/estudiantes-de-navarra-visitan-la-udd-para-trabajar-en-sus-tesis-de-titulacion\/\" \/>\n<meta property=\"og:locale\" content=\"en_US\" \/>\n<meta property=\"og:type\" content=\"article\" \/>\n<meta property=\"og:title\" content=\"Estudiantes de Navarra visitan la UDD para trabajar en sus tesis de titulaci\u00f3n\u00a0 - C+\" \/>\n<meta property=\"og:description\" content=\"Dos estudiantes de la Universidad de Navarra, Espa\u00f1a, visitaron la Universidad del Desarrollo para realizar una pasant\u00eda y trabajar en sus respectivas tesis de titulaci\u00f3n de la carrera de Ciencias Ambientales. \u00a0 \u00a0 Esta visita surgi\u00f3 a partir de una\u00a0primera visita que realizaron con su curso en enero 2026,\u00a0en el marco del Programa de Paisajes [&hellip;]\" \/>\n<meta property=\"og:url\" content=\"https:\/\/cmas.udd.cl\/en\/cplus_noticias\/estudiantes-de-navarra-visitan-la-udd-para-trabajar-en-sus-tesis-de-titulacion\/\" \/>\n<meta property=\"og:site_name\" content=\"C+\" \/>\n<meta property=\"article:modified_time\" content=\"2026-09-04T14:38:53+00:00\" \/>\n<meta property=\"og:image\" content=\"https:\/\/cmas.udd.cl\/wp-content\/uploads\/2026\/09\/WhatsApp-Image-2026-09-03-at-14.14.35-1.jpeg\" \/>\n\t<meta property=\"og:image:width\" content=\"1600\" \/>\n\t<meta property=\"og:image:height\" content=\"900\" \/>\n\t<meta property=\"og:image:type\" content=\"image\/jpeg\" \/>\n<meta name=\"twitter:card\" content=\"summary_large_image\" \/>\n<meta name=\"twitter:label1\" content=\"Est. reading time\" \/>\n\t<meta name=\"twitter:data1\" content=\"3 minutes\" \/>\n<script type=\"application\/ld+json\" class=\"yoast-schema-graph\">{\"@context\":\"https:\\\/\\\/schema.org\",\"@graph\":[{\"@type\":\"WebPage\",\"@id\":\"https:\\\/\\\/cmas.udd.cl\\\/cplus_noticias\\\/estudiantes-de-navarra-visitan-la-udd-para-trabajar-en-sus-tesis-de-titulacion\\\/\",\"url\":\"https:\\\/\\\/cmas.udd.cl\\\/cplus_noticias\\\/estudiantes-de-navarra-visitan-la-udd-para-trabajar-en-sus-tesis-de-titulacion\\\/\",\"name\":\"Estudiantes de Navarra visitan la UDD para trabajar en sus tesis de titulaci\u00f3n\u00a0 - C+\",\"isPartOf\":{\"@id\":\"https:\\\/\\\/cmas.udd.cl\\\/#website\"},\"primaryImageOfPage\":{\"@id\":\"https:\\\/\\\/cmas.udd.cl\\\/cplus_noticias\\\/estudiantes-de-navarra-visitan-la-udd-para-trabajar-en-sus-tesis-de-titulacion\\\/#primaryimage\"},\"image\":{\"@id\":\"https:\\\/\\\/cmas.udd.cl\\\/cplus_noticias\\\/estudiantes-de-navarra-visitan-la-udd-para-trabajar-en-sus-tesis-de-titulacion\\\/#primaryimage\"},\"thumbnailUrl\":\"https:\\\/\\\/cmas.udd.cl\\\/wp-content\\\/uploads\\\/2026\\\/09\\\/WhatsApp-Image-2026-09-03-at-14.14.35-1.jpeg\",\"datePublished\":\"2026-09-04T14:32:14+00:00\",\"dateModified\":\"2026-09-04T14:38:53+00:00\",\"breadcrumb\":{\"@id\":\"https:\\\/\\\/cmas.udd.cl\\\/cplus_noticias\\\/estudiantes-de-navarra-visitan-la-udd-para-trabajar-en-sus-tesis-de-titulacion\\\/#breadcrumb\"},\"inLanguage\":\"en-US\",\"potentialAction\":[{\"@type\":\"ReadAction\",\"target\":[\"https:\\\/\\\/cmas.udd.cl\\\/cplus_noticias\\\/estudiantes-de-navarra-visitan-la-udd-para-trabajar-en-sus-tesis-de-titulacion\\\/\"]}]},{\"@type\":\"ImageObject\",\"inLanguage\":\"en-US\",\"@id\":\"https:\\\/\\\/cmas.udd.cl\\\/cplus_noticias\\\/estudiantes-de-navarra-visitan-la-udd-para-trabajar-en-sus-tesis-de-titulacion\\\/#primaryimage\",\"url\":\"https:\\\/\\\/cmas.udd.cl\\\/wp-content\\\/uploads\\\/2026\\\/09\\\/WhatsApp-Image-2026-09-03-at-14.14.35-1.jpeg\",\"contentUrl\":\"https:\\\/\\\/cmas.udd.cl\\\/wp-content\\\/uploads\\\/2026\\\/09\\\/WhatsApp-Image-2026-09-03-at-14.14.35-1.jpeg\",\"width\":1600,\"height\":900},{\"@type\":\"BreadcrumbList\",\"@id\":\"https:\\\/\\\/cmas.udd.cl\\\/cplus_noticias\\\/estudiantes-de-navarra-visitan-la-udd-para-trabajar-en-sus-tesis-de-titulacion\\\/#breadcrumb\",\"itemListElement\":[{\"@type\":\"ListItem\",\"position\":1,\"name\":\"Home\",\"item\":\"https:\\\/\\\/cmas.udd.cl\\\/\"},{\"@type\":\"ListItem\",\"position\":2,\"name\":\"cplus_noticias\",\"item\":\"https:\\\/\\\/cmas.udd.cl\\\/cplus_noticias\\\/\"},{\"@type\":\"ListItem\",\"position\":3,\"name\":\"Estudiantes de Navarra visitan la UDD para trabajar en sus tesis de titulaci\u00f3n\u00a0\"}]},{\"@type\":\"WebSite\",\"@id\":\"https:\\\/\\\/cmas.udd.cl\\\/#website\",\"url\":\"https:\\\/\\\/cmas.udd.cl\\\/\",\"name\":\"C+\",\"description\":\"Centro Investigaci\u00f3n enTecnolog\u00edas para la Sociedad\",\"publisher\":{\"@id\":\"https:\\\/\\\/cmas.udd.cl\\\/#organization\"},\"potentialAction\":[{\"@type\":\"SearchAction\",\"target\":{\"@type\":\"EntryPoint\",\"urlTemplate\":\"https:\\\/\\\/cmas.udd.cl\\\/?s={search_term_string}\"},\"query-input\":{\"@type\":\"PropertyValueSpecification\",\"valueRequired\":true,\"valueName\":\"search_term_string\"}}],\"inLanguage\":\"en-US\"},{\"@type\":\"Organization\",\"@id\":\"https:\\\/\\\/cmas.udd.cl\\\/#organization\",\"name\":\"C+\",\"url\":\"https:\\\/\\\/cmas.udd.cl\\\/\",\"logo\":{\"@type\":\"ImageObject\",\"inLanguage\":\"en-US\",\"@id\":\"https:\\\/\\\/cmas.udd.cl\\\/#\\\/schema\\\/logo\\\/image\\\/\",\"url\":\"https:\\\/\\\/cmas.udd.cl\\\/wp-content\\\/uploads\\\/2023\\\/05\\\/Logo-compuesto-UDD-Cmas.png\",\"contentUrl\":\"https:\\\/\\\/cmas.udd.cl\\\/wp-content\\\/uploads\\\/2023\\\/05\\\/Logo-compuesto-UDD-Cmas.png\",\"width\":695,\"height\":72,\"caption\":\"C+\"},\"image\":{\"@id\":\"https:\\\/\\\/cmas.udd.cl\\\/#\\\/schema\\\/logo\\\/image\\\/\"}}]}<\/script>\n<!-- \/ Yoast SEO plugin. -->","yoast_head_json":{"title":"Estudiantes de Navarra visitan la UDD para trabajar en sus tesis de titulaci\u00f3n\u00a0 - C+","robots":{"index":"index","follow":"follow","max-snippet":"max-snippet:-1","max-image-preview":"max-image-preview:large","max-video-preview":"max-video-preview:-1"},"canonical":"https:\/\/cmas.udd.cl\/en\/cplus_noticias\/estudiantes-de-navarra-visitan-la-udd-para-trabajar-en-sus-tesis-de-titulacion\/","og_locale":"en_US","og_type":"article","og_title":"Estudiantes de Navarra visitan la UDD para trabajar en sus tesis de titulaci\u00f3n\u00a0 - C+","og_description":"Dos estudiantes de la Universidad de Navarra, Espa\u00f1a, visitaron la Universidad del Desarrollo para realizar una pasant\u00eda y trabajar en sus respectivas tesis de titulaci\u00f3n de la carrera de Ciencias Ambientales. \u00a0 \u00a0 Esta visita surgi\u00f3 a partir de una\u00a0primera visita que realizaron con su curso en enero 2026,\u00a0en el marco del Programa de Paisajes [&hellip;]","og_url":"https:\/\/cmas.udd.cl\/en\/cplus_noticias\/estudiantes-de-navarra-visitan-la-udd-para-trabajar-en-sus-tesis-de-titulacion\/","og_site_name":"C+","article_modified_time":"2026-09-04T14:38:53+00:00","og_image":[{"width":1600,"height":900,"url":"https:\/\/cmas.udd.cl\/wp-content\/uploads\/2026\/09\/WhatsApp-Image-2026-09-03-at-14.14.35-1.jpeg","type":"image\/jpeg"}],"twitter_card":"summary_large_image","twitter_misc":{"Est. reading time":"3 minutes"},"schema":{"@context":"https:\/\/schema.org","@graph":[{"@type":"WebPage","@id":"https:\/\/cmas.udd.cl\/cplus_noticias\/estudiantes-de-navarra-visitan-la-udd-para-trabajar-en-sus-tesis-de-titulacion\/","url":"https:\/\/cmas.udd.cl\/cplus_noticias\/estudiantes-de-navarra-visitan-la-udd-para-trabajar-en-sus-tesis-de-titulacion\/","name":"Estudiantes de Navarra visitan la UDD para trabajar en sus tesis de titulaci\u00f3n\u00a0 - C+","isPartOf":{"@id":"https:\/\/cmas.udd.cl\/#website"},"primaryImageOfPage":{"@id":"https:\/\/cmas.udd.cl\/cplus_noticias\/estudiantes-de-navarra-visitan-la-udd-para-trabajar-en-sus-tesis-de-titulacion\/#primaryimage"},"image":{"@id":"https:\/\/cmas.udd.cl\/cplus_noticias\/estudiantes-de-navarra-visitan-la-udd-para-trabajar-en-sus-tesis-de-titulacion\/#primaryimage"},"thumbnailUrl":"https:\/\/cmas.udd.cl\/wp-content\/uploads\/2026\/09\/WhatsApp-Image-2026-09-03-at-14.14.35-1.jpeg","datePublished":"2026-09-04T14:32:14+00:00","dateModified":"2026-09-04T14:38:53+00:00","breadcrumb":{"@id":"https:\/\/cmas.udd.cl\/cplus_noticias\/estudiantes-de-navarra-visitan-la-udd-para-trabajar-en-sus-tesis-de-titulacion\/#breadcrumb"},"inLanguage":"en-US","potentialAction":[{"@type":"ReadAction","target":["https:\/\/cmas.udd.cl\/cplus_noticias\/estudiantes-de-navarra-visitan-la-udd-para-trabajar-en-sus-tesis-de-titulacion\/"]}]},{"@type":"ImageObject","inLanguage":"en-US","@id":"https:\/\/cmas.udd.cl\/cplus_noticias\/estudiantes-de-navarra-visitan-la-udd-para-trabajar-en-sus-tesis-de-titulacion\/#primaryimage","url":"https:\/\/cmas.udd.cl\/wp-content\/uploads\/2026\/09\/WhatsApp-Image-2026-09-03-at-14.14.35-1.jpeg","contentUrl":"https:\/\/cmas.udd.cl\/wp-content\/uploads\/2026\/09\/WhatsApp-Image-2026-09-03-at-14.14.35-1.jpeg","width":1600,"height":900},{"@type":"BreadcrumbList","@id":"https:\/\/cmas.udd.cl\/cplus_noticias\/estudiantes-de-navarra-visitan-la-udd-para-trabajar-en-sus-tesis-de-titulacion\/#breadcrumb","itemListElement":[{"@type":"ListItem","position":1,"name":"Home","item":"https:\/\/cmas.udd.cl\/"},{"@type":"ListItem","position":2,"name":"cplus_noticias","item":"https:\/\/cmas.udd.cl\/cplus_noticias\/"},{"@type":"ListItem","position":3,"name":"Estudiantes de Navarra visitan la UDD para trabajar en sus tesis de titulaci\u00f3n\u00a0"}]},{"@type":"WebSite","@id":"https:\/\/cmas.udd.cl\/#website","url":"https:\/\/cmas.udd.cl\/","name":"C+","description":"Centro Investigaci\u00f3n enTecnolog\u00edas para la Sociedad","publisher":{"@id":"https:\/\/cmas.udd.cl\/#organization"},"potentialAction":[{"@type":"SearchAction","target":{"@type":"EntryPoint","urlTemplate":"https:\/\/cmas.udd.cl\/?s={search_term_string}"},"query-input":{"@type":"PropertyValueSpecification","valueRequired":true,"valueName":"search_term_string"}}],"inLanguage":"en-US"},{"@type":"Organization","@id":"https:\/\/cmas.udd.cl\/#organization","name":"C+","url":"https:\/\/cmas.udd.cl\/","logo":{"@type":"ImageObject","inLanguage":"en-US","@id":"https:\/\/cmas.udd.cl\/#\/schema\/logo\/image\/","url":"https:\/\/cmas.udd.cl\/wp-content\/uploads\/2023\/05\/Logo-compuesto-UDD-Cmas.png","contentUrl":"https:\/\/cmas.udd.cl\/wp-content\/uploads\/2023\/05\/Logo-compuesto-UDD-Cmas.png","width":695,"height":72,"caption":"C+"},"image":{"@id":"https:\/\/cmas.udd.cl\/#\/schema\/logo\/image\/"}}]}},"_links":{"self":[{"href":"https:\/\/cmas.udd.cl\/en\/wp-json\/wp\/v2\/cplus_noticias\/7584","targetHints":{"allow":["GET"]}}],"collection":[{"href":"https:\/\/cmas.udd.cl\/en\/wp-json\/wp\/v2\/cplus_noticias"}],"about":[{"href":"https:\/\/cmas.udd.cl\/en\/wp-json\/wp\/v2\/types\/cplus_noticias"}],"version-history":[{"count":10,"href":"https:\/\/cmas.udd.cl\/en\/wp-json\/wp\/v2\/cplus_noticias\/7584\/revisions"}],"predecessor-version":[{"id":7602,"href":"https:\/\/cmas.udd.cl\/en\/wp-json\/wp\/v2\/cplus_noticias\/7584\/revisions\/7602"}],"wp:featuredmedia":[{"embeddable":true,"href":"https:\/\/cmas.udd.cl\/en\/wp-json\/wp\/v2\/media\/7588"}],"wp:attachment":[{"href":"https:\/\/cmas.udd.cl\/en\/wp-json\/wp\/v2\/media?parent=7584"}],"wp:term":[{"taxonomy":"category","embeddable":true,"href":"https:\/\/cmas.udd.cl\/en\/wp-json\/wp\/v2\/categories?post=7584"},{"taxonomy":"post_tag","embeddable":true,"href":"https:\/\/cmas.udd.cl\/en\/wp-json\/wp\/v2\/tags?post=7584"},{"taxonomy":"taxo_noticias","embeddable":true,"href":"https:\/\/cmas.udd.cl\/en\/wp-json\/wp\/v2\/taxo_noticias?post=7584"},{"taxonomy":"grupo-de-investigacion","embeddable":true,"href":"https:\/\/cmas.udd.cl\/en\/wp-json\/wp\/v2\/grupo-de-investigacion?post=7584"}],"curies":[{"name":"wp","href":"https:\/\/api.w.org\/{rel}","templated":true}]}}