{"id":7561,"date":"2026-05-19T18:32:38","date_gmt":"2026-05-19T18:32:38","guid":{"rendered":"https:\/\/cmas.udd.cl\/?post_type=cplus_noticias&#038;p=7561"},"modified":"2026-08-26T18:51:34","modified_gmt":"2026-08-26T18:51:34","slug":"centro-c-de-ingenieria-udd-participa-en-proyecto-de-ciencia-ciudadana-para-monitorear-la-calidad-del-aire-en-la-region-de-valparaiso","status":"publish","type":"cplus_noticias","link":"https:\/\/cmas.udd.cl\/en\/cplus_noticias\/centro-c-de-ingenieria-udd-participa-en-proyecto-de-ciencia-ciudadana-para-monitorear-la-calidad-del-aire-en-la-region-de-valparaiso\/","title":{"rendered":"Centro C+ de Ingenier\u00eda UDD participa en proyecto de ciencia ciudadana para monitorear la calidad del aire en la Regi\u00f3n de Valpara\u00edso\u00a0"},"content":{"rendered":"<div data-elementor-type=\"wp-post\" data-elementor-id=\"7561\" class=\"elementor elementor-7561\" data-elementor-post-type=\"cplus_noticias\">\n\t\t\t\t<div class=\"elementor-element elementor-element-05202ff e-flex e-con-boxed e-con e-parent\" data-id=\"05202ff\" data-element_type=\"container\" data-e-type=\"container\">\n\t\t\t\t\t<div class=\"e-con-inner\">\n\t\t\t\t<div class=\"elementor-element elementor-element-9af9e22 elementor-widget elementor-widget-video\" data-id=\"9af9e22\" data-element_type=\"widget\" data-e-type=\"widget\" data-settings=\"{&quot;youtube_url&quot;:&quot;https:\\\/\\\/www.youtube.com\\\/watch?v=-ZQIu1MSdOc&quot;,&quot;video_type&quot;:&quot;youtube&quot;,&quot;controls&quot;:&quot;yes&quot;}\" data-widget_type=\"video.default\">\n\t\t\t\t<div class=\"elementor-widget-container\">\n\t\t\t\t\t\t\t<div class=\"elementor-wrapper elementor-open-inline\">\n\t\t\t<div class=\"elementor-video\"><\/div>\t\t<\/div>\n\t\t\t\t\t\t<\/div>\n\t\t\t\t<\/div>\n\t\t\t\t\t<\/div>\n\t\t\t\t<\/div>\n\t\t<div class=\"elementor-element elementor-element-6ce0ae0d e-flex e-con-boxed e-con e-parent\" data-id=\"6ce0ae0d\" data-element_type=\"container\" data-e-type=\"container\">\n\t\t\t\t\t<div class=\"e-con-inner\">\n\t\t\t\t<div class=\"elementor-element elementor-element-61d2480c elementor-widget elementor-widget-text-editor\" data-id=\"61d2480c\" data-element_type=\"widget\" data-e-type=\"widget\" data-widget_type=\"text-editor.default\">\n\t\t\t\t<div class=\"elementor-widget-container\">\n\t\t\t\t\t\t\t\t\t\n<figure class=\"wp-block-embed is-type-video is-provider-youtube wp-block-embed-youtube wp-embed-aspect-16-9 wp-has-aspect-ratio\">\n<div class=\"wp-block-embed__wrapper\">Con el objetivo de fortalecer la capacidad de respuesta social frente a la contaminaci\u00f3n atmosf\u00e9rica, \u2013 y mediante una estrategia participativa e transdisciplinaria que vincule saberes locales y acad\u00e9micos para generar informaci\u00f3n, conciencia y acci\u00f3n colectiva en el Valle de Aconcagua \u2013 naci\u00f3 el proyecto \u201cEl Aire que Respiramos: Ciencia comunitaria para enfrentar la contaminaci\u00f3n atmosf\u00e9rica en la Regi\u00f3n de Valpara\u00edso\u201d, iniciativa liderada por la Corporaci\u00f3n Caudal y desarrollada junto al Centro de Investigaci\u00f3n en Tecnolog\u00edas para la Sociedad (C+) de la Facultad de Ingenier\u00eda de la Universidad del Desarrollo y el Hub Ambiental de la Universidad de Playa Ancha (UPLA).\u00a0<\/div>\n<\/figure>\n<p>\u00a0<\/p>\n\n<p class=\"wp-block-paragraph\">El proyecto es financiado por el Concurso Vinculaci\u00f3n con la Comunidad del Fondo Nacional de Desarrollo Regional (FNDR) 8% del Gobierno Regional de Valpara\u00edso y contempla la instalaci\u00f3n de una red de monitoreo ambiental en 10 establecimientos de las comunas de San Felipe, Putaendo, Catemu, Llay Llay, Panquehue, Quillota y Nogales.\u00a0<\/p>\n<p>\u00a0<\/p>\n\n<p class=\"wp-block-paragraph\">Durante marzo de 2026 se realizaron las primeras charlas informativas en siete escuelas b\u00e1sicas, un liceo agr\u00edcola, un centro cultural y un Servicio Sanitario Rural (SSR).\u00a0Posteriormente, entre\u00a0abril\u00a0y mayo, se efectu\u00f3 la calibraci\u00f3n de instrumentos y\u00a0comenz\u00f3 la instalaci\u00f3n de equipos de monitoreo en las distintas localidades del Valle de Aconcagua\u00a0junto con capacitaci\u00f3n en el uso y funcionamiento de los instrumentos instalado.\u00a0<\/p>\n<p>\u00a0<\/p>\n\n<p class=\"wp-block-paragraph\">La iniciativa surge en un contexto marcado por diversas fuentes potenciales de contaminaci\u00f3n atmosf\u00e9rica en la zona \u2014como fundiciones de cobre, faenas mineras, termoel\u00e9ctricas e industrias\u2014 y tras la\u00a0entrada en vigencia, en octubre de 2025, del Plan de Prevenci\u00f3n y Descontaminaci\u00f3n Atmosf\u00e9rica (PPDA) para la Provincia de Quillota y las comunas de Catemu,\u00a0Llay\u00a0Llay\u00a0y\u00a0Panquehue.<\/p>\n<p>\u00a0<\/p>\n\n<p class=\"wp-block-paragraph\">A trav\u00e9s de esta red de monitoreo independiente y abierta, el proyecto busca que ni\u00f1os, ni\u00f1as y comunidades puedan acceder a informaci\u00f3n sobre la calidad del aire de sus territorios y participar activamente en la conversaci\u00f3n ambiental local.\u00a0<\/p>\n<p>\u00a0<\/p>\n\n<p class=\"wp-block-paragraph\">Los equipos instalados registran datos de Material Particulado fino (MP2,5), Material Particulado respirable (MP10), temperatura y humedad, informaci\u00f3n que es enviada en tiempo real a una plataforma web donde las comunidades pueden visualizar y descargar los datos de cada establecimiento. Adem\u00e1s, se realizar\u00e1n campa\u00f1as de recolecci\u00f3n de muestras de polvo con colectores pasivos que se enviar\u00e1n a laboratorio cada dos meses y se analizar\u00e1n 50 muestras de material particulado capturado en filtros con equipos especializados, que estar\u00e1n en cada escuela por 2 d\u00edas cada vez, en 5 momentos diferentes del a\u00f1o.\u00a0<\/p>\n<p>\u00a0<\/p>\n\n<p class=\"wp-block-paragraph\">Las muestras ser\u00e1n estudiadas por el\u00a0Hub\u00a0Ambiental de la UPLA para identificar presencia de metales y otros compuestos presentes en el aire, incluyendo compuestos org\u00e1nicos vol\u00e1tiles, permitiendo complementar la informaci\u00f3n obtenida por los sensores de monitoreo continuo.\u00a0<\/p>\n<p>\u00a0<\/p>\n\n<p class=\"wp-block-paragraph\">Zo\u0451\u00a0Fleming, investigadora del Centro C+ de Ingenier\u00eda UDD, destac\u00f3 el componente participativo de la iniciativa: \u201cEstamos muy emocionados de ver c\u00f3mo los ni\u00f1os se involucran con los datos y c\u00f3mo ellos mismos nos ayudan con los instrumentos. Queremos hacer ciencia ciudadana y empoderarlos para hablar de lo que est\u00e1 pasando donde viven\u201d.\u00a0<\/p>\n<p>\u00a0<\/p>\n\n<p class=\"wp-block-paragraph\">Por su parte, Ver\u00f3nica Molina, directora del\u00a0Hub\u00a0Ambiental de la UPLA, se\u00f1al\u00f3 que \u201ces interesante combinar instrumentos en terreno con instrumentaci\u00f3n de laboratorio para obtener m\u00e1s informaci\u00f3n sobre componentes del aire que todav\u00eda no est\u00e1n considerados en las normas chilenas, pero que sabemos tienen influencia en la salud humana\u201d.\u00a0<\/p>\n<p>\u00a0<\/p>\n\n<p class=\"wp-block-paragraph\">Desde la Corporaci\u00f3n Caudal, Carolina\u00a0Pavez\u00a0valor\u00f3 el trabajo colaborativo que se desarrollar\u00e1 durante el a\u00f1o: \u201cEstamos preparados para muchas visitas a las escuelas y para\u00a0generar una\u00a0red potente de informaci\u00f3n con las comunidades.\u00a0Uno de los principios que rigen la regulaci\u00f3n ambiental implementada desde 1994 en adelante es el participativo.\u00a0 Como sostienen diversos estudios, la participaci\u00f3n ciudadana efectiva es condici\u00f3n fundamental para dotar de legitimidad y eficacia a los planes de prevenci\u00f3n y descontaminaci\u00f3n\u201d.\u00a0<\/p>\n<p>\u00a0<\/p>\n\n<p class=\"wp-block-paragraph\">A lo largo de 2026, el proyecto continuar\u00e1 desarrollando talleres y conversatorios en las distintas localidades participantes,\u00a0retroalimentando la implementaci\u00f3n del PPDA,\u00a0promoviendo la educaci\u00f3n ambiental y el acceso abierto a informaci\u00f3n cient\u00edfica sobre calidad del aire.\u00a0<\/p>\n<p>\u00a0<\/p>\n\n<figure class=\"wp-block-gallery has-nested-images columns-default is-cropped wp-block-gallery-2 is-layout-flex wp-block-gallery-is-layout-flex\">\n<figure class=\"wp-block-image size-large\"><img fetchpriority=\"high\" decoding=\"async\" width=\"1024\" height=\"682\" data-id=\"7563\" class=\"wp-image-7563\" src=\"https:\/\/cmas.udd.cl\/wp-content\/uploads\/2026\/08\/whatsapp-image-2026-05-19-at-12-39-38-pm-1536x1023-1-1024x682.jpeg\" alt=\"\" srcset=\"https:\/\/cmas.udd.cl\/wp-content\/uploads\/2026\/08\/whatsapp-image-2026-05-19-at-12-39-38-pm-1536x1023-1-1024x682.jpeg 1024w, https:\/\/cmas.udd.cl\/wp-content\/uploads\/2026\/08\/whatsapp-image-2026-05-19-at-12-39-38-pm-1536x1023-1-300x200.jpeg 300w, https:\/\/cmas.udd.cl\/wp-content\/uploads\/2026\/08\/whatsapp-image-2026-05-19-at-12-39-38-pm-1536x1023-1-767x511.jpeg 767w, https:\/\/cmas.udd.cl\/wp-content\/uploads\/2026\/08\/whatsapp-image-2026-05-19-at-12-39-38-pm-1536x1023-1-18x12.jpeg 18w, https:\/\/cmas.udd.cl\/wp-content\/uploads\/2026\/08\/whatsapp-image-2026-05-19-at-12-39-38-pm-1536x1023-1.jpeg 1536w\" sizes=\"(max-width: 1024px) 100vw, 1024px\" \/><\/figure>\n\n<figure class=\"wp-block-image size-full\"><img decoding=\"async\" width=\"768\" height=\"512\" data-id=\"7562\" class=\"wp-image-7562\" src=\"https:\/\/cmas.udd.cl\/wp-content\/uploads\/2026\/08\/whatsapp-image-2026-05-19-at-12-39-38-pm-1-768x512-1.jpeg\" alt=\"\" srcset=\"https:\/\/cmas.udd.cl\/wp-content\/uploads\/2026\/08\/whatsapp-image-2026-05-19-at-12-39-38-pm-1-768x512-1.jpeg 768w, https:\/\/cmas.udd.cl\/wp-content\/uploads\/2026\/08\/whatsapp-image-2026-05-19-at-12-39-38-pm-1-768x512-1-18x12.jpeg 18w, https:\/\/cmas.udd.cl\/wp-content\/uploads\/2026\/08\/whatsapp-image-2026-05-19-at-12-39-38-pm-1-768x512-1-300x200.jpeg 300w\" sizes=\"(max-width: 768px) 100vw, 768px\" \/><\/figure>\n\n<figure class=\"wp-block-image size-large\"><img decoding=\"async\" width=\"1024\" height=\"682\" data-id=\"7565\" class=\"wp-image-7565\" src=\"https:\/\/cmas.udd.cl\/wp-content\/uploads\/2026\/08\/whatsapp-image-2026-05-19-at-12-39-38-pm-2-1536x1023-1-1024x682.jpeg\" alt=\"\" srcset=\"https:\/\/cmas.udd.cl\/wp-content\/uploads\/2026\/08\/whatsapp-image-2026-05-19-at-12-39-38-pm-2-1536x1023-1-1024x682.jpeg 1024w, https:\/\/cmas.udd.cl\/wp-content\/uploads\/2026\/08\/whatsapp-image-2026-05-19-at-12-39-38-pm-2-1536x1023-1-300x200.jpeg 300w, https:\/\/cmas.udd.cl\/wp-content\/uploads\/2026\/08\/whatsapp-image-2026-05-19-at-12-39-38-pm-2-1536x1023-1-767x511.jpeg 767w, https:\/\/cmas.udd.cl\/wp-content\/uploads\/2026\/08\/whatsapp-image-2026-05-19-at-12-39-38-pm-2-1536x1023-1-18x12.jpeg 18w, https:\/\/cmas.udd.cl\/wp-content\/uploads\/2026\/08\/whatsapp-image-2026-05-19-at-12-39-38-pm-2-1536x1023-1.jpeg 1536w\" sizes=\"(max-width: 1024px) 100vw, 1024px\" \/><\/figure>\n\n<figure class=\"wp-block-image size-large\"><img loading=\"lazy\" decoding=\"async\" width=\"1024\" height=\"682\" data-id=\"7564\" class=\"wp-image-7564\" src=\"https:\/\/cmas.udd.cl\/wp-content\/uploads\/2026\/08\/whatsapp-image-2026-05-19-at-12-39-38-pm-3-1536x1023-1-1024x682.jpeg\" alt=\"\" srcset=\"https:\/\/cmas.udd.cl\/wp-content\/uploads\/2026\/08\/whatsapp-image-2026-05-19-at-12-39-38-pm-3-1536x1023-1-1024x682.jpeg 1024w, https:\/\/cmas.udd.cl\/wp-content\/uploads\/2026\/08\/whatsapp-image-2026-05-19-at-12-39-38-pm-3-1536x1023-1-300x200.jpeg 300w, https:\/\/cmas.udd.cl\/wp-content\/uploads\/2026\/08\/whatsapp-image-2026-05-19-at-12-39-38-pm-3-1536x1023-1-767x511.jpeg 767w, https:\/\/cmas.udd.cl\/wp-content\/uploads\/2026\/08\/whatsapp-image-2026-05-19-at-12-39-38-pm-3-1536x1023-1-18x12.jpeg 18w, https:\/\/cmas.udd.cl\/wp-content\/uploads\/2026\/08\/whatsapp-image-2026-05-19-at-12-39-38-pm-3-1536x1023-1.jpeg 1536w\" sizes=\"(max-width: 1024px) 100vw, 1024px\" \/><\/figure>\n<\/figure>\n\t\t\t\t\t\t\t\t<\/div>\n\t\t\t\t<\/div>\n\t\t\t\t\t<\/div>\n\t\t\t\t<\/div>\n\t\t\t\t<\/div>","protected":false},"featured_media":7564,"template":"","categories":[],"tags":[],"taxo_noticias":[26],"grupo-de-investigacion":[103],"class_list":["post-7561","cplus_noticias","type-cplus_noticias","status-publish","has-post-thumbnail","hentry","taxo_noticias-envirohealth","grupo-de-investigacion-enviro_health"],"acf":[],"yoast_head":"<!-- This site is optimized with the Yoast SEO plugin v28.0 - https:\/\/yoast.com\/product\/yoast-seo-wordpress\/ -->\n<title>Centro C+ de Ingenier\u00eda UDD participa en proyecto de ciencia ciudadana para monitorear la calidad del aire en la Regi\u00f3n de Valpara\u00edso\u00a0 - C+<\/title>\n<meta name=\"robots\" content=\"index, follow, max-snippet:-1, max-image-preview:large, max-video-preview:-1\" \/>\n<link rel=\"canonical\" href=\"https:\/\/cmas.udd.cl\/en\/cplus_noticias\/centro-c-de-ingenieria-udd-participa-en-proyecto-de-ciencia-ciudadana-para-monitorear-la-calidad-del-aire-en-la-region-de-valparaiso\/\" \/>\n<meta property=\"og:locale\" content=\"en_US\" \/>\n<meta property=\"og:type\" content=\"article\" \/>\n<meta property=\"og:title\" content=\"Centro C+ de Ingenier\u00eda UDD participa en proyecto de ciencia ciudadana para monitorear la calidad del aire en la Regi\u00f3n de Valpara\u00edso\u00a0 - C+\" \/>\n<meta property=\"og:description\" content=\"El proyecto es financiado por el Concurso Vinculaci\u00f3n con la Comunidad del Fondo Nacional de Desarrollo Regional (FNDR) 8% del Gobierno Regional de Valpara\u00edso y contempla la instalaci\u00f3n de una red de monitoreo ambiental en 10 establecimientos de las comunas de San Felipe, Putaendo, Catemu, Llay Llay, Panquehue, Quillota y Nogales.\u00a0 \u00a0 Durante marzo de [&hellip;]\" \/>\n<meta property=\"og:url\" content=\"https:\/\/cmas.udd.cl\/en\/cplus_noticias\/centro-c-de-ingenieria-udd-participa-en-proyecto-de-ciencia-ciudadana-para-monitorear-la-calidad-del-aire-en-la-region-de-valparaiso\/\" \/>\n<meta property=\"og:site_name\" content=\"C+\" \/>\n<meta property=\"article:modified_time\" content=\"2026-08-26T18:51:34+00:00\" \/>\n<meta property=\"og:image\" content=\"https:\/\/cmas.udd.cl\/wp-content\/uploads\/2026\/08\/whatsapp-image-2026-05-19-at-12-39-38-pm-3-1536x1023-1.jpeg\" \/>\n\t<meta property=\"og:image:width\" content=\"1536\" \/>\n\t<meta property=\"og:image:height\" content=\"1023\" \/>\n\t<meta property=\"og:image:type\" content=\"image\/jpeg\" \/>\n<meta name=\"twitter:card\" content=\"summary_large_image\" \/>\n<meta name=\"twitter:label1\" content=\"Est. reading time\" \/>\n\t<meta name=\"twitter:data1\" content=\"4 minutes\" \/>\n<script type=\"application\/ld+json\" class=\"yoast-schema-graph\">{\"@context\":\"https:\\\/\\\/schema.org\",\"@graph\":[{\"@type\":\"WebPage\",\"@id\":\"https:\\\/\\\/cmas.udd.cl\\\/cplus_noticias\\\/centro-c-de-ingenieria-udd-participa-en-proyecto-de-ciencia-ciudadana-para-monitorear-la-calidad-del-aire-en-la-region-de-valparaiso\\\/\",\"url\":\"https:\\\/\\\/cmas.udd.cl\\\/cplus_noticias\\\/centro-c-de-ingenieria-udd-participa-en-proyecto-de-ciencia-ciudadana-para-monitorear-la-calidad-del-aire-en-la-region-de-valparaiso\\\/\",\"name\":\"Centro C+ de Ingenier\u00eda UDD participa en proyecto de ciencia ciudadana para monitorear la calidad del aire en la Regi\u00f3n de Valpara\u00edso\u00a0 - C+\",\"isPartOf\":{\"@id\":\"https:\\\/\\\/cmas.udd.cl\\\/#website\"},\"primaryImageOfPage\":{\"@id\":\"https:\\\/\\\/cmas.udd.cl\\\/cplus_noticias\\\/centro-c-de-ingenieria-udd-participa-en-proyecto-de-ciencia-ciudadana-para-monitorear-la-calidad-del-aire-en-la-region-de-valparaiso\\\/#primaryimage\"},\"image\":{\"@id\":\"https:\\\/\\\/cmas.udd.cl\\\/cplus_noticias\\\/centro-c-de-ingenieria-udd-participa-en-proyecto-de-ciencia-ciudadana-para-monitorear-la-calidad-del-aire-en-la-region-de-valparaiso\\\/#primaryimage\"},\"thumbnailUrl\":\"https:\\\/\\\/cmas.udd.cl\\\/wp-content\\\/uploads\\\/2026\\\/08\\\/whatsapp-image-2026-05-19-at-12-39-38-pm-3-1536x1023-1.jpeg\",\"datePublished\":\"2026-05-19T18:32:38+00:00\",\"dateModified\":\"2026-08-26T18:51:34+00:00\",\"breadcrumb\":{\"@id\":\"https:\\\/\\\/cmas.udd.cl\\\/cplus_noticias\\\/centro-c-de-ingenieria-udd-participa-en-proyecto-de-ciencia-ciudadana-para-monitorear-la-calidad-del-aire-en-la-region-de-valparaiso\\\/#breadcrumb\"},\"inLanguage\":\"en-US\",\"potentialAction\":[{\"@type\":\"ReadAction\",\"target\":[\"https:\\\/\\\/cmas.udd.cl\\\/cplus_noticias\\\/centro-c-de-ingenieria-udd-participa-en-proyecto-de-ciencia-ciudadana-para-monitorear-la-calidad-del-aire-en-la-region-de-valparaiso\\\/\"]}]},{\"@type\":\"ImageObject\",\"inLanguage\":\"en-US\",\"@id\":\"https:\\\/\\\/cmas.udd.cl\\\/cplus_noticias\\\/centro-c-de-ingenieria-udd-participa-en-proyecto-de-ciencia-ciudadana-para-monitorear-la-calidad-del-aire-en-la-region-de-valparaiso\\\/#primaryimage\",\"url\":\"https:\\\/\\\/cmas.udd.cl\\\/wp-content\\\/uploads\\\/2026\\\/08\\\/whatsapp-image-2026-05-19-at-12-39-38-pm-3-1536x1023-1.jpeg\",\"contentUrl\":\"https:\\\/\\\/cmas.udd.cl\\\/wp-content\\\/uploads\\\/2026\\\/08\\\/whatsapp-image-2026-05-19-at-12-39-38-pm-3-1536x1023-1.jpeg\",\"width\":1536,\"height\":1023},{\"@type\":\"BreadcrumbList\",\"@id\":\"https:\\\/\\\/cmas.udd.cl\\\/cplus_noticias\\\/centro-c-de-ingenieria-udd-participa-en-proyecto-de-ciencia-ciudadana-para-monitorear-la-calidad-del-aire-en-la-region-de-valparaiso\\\/#breadcrumb\",\"itemListElement\":[{\"@type\":\"ListItem\",\"position\":1,\"name\":\"Home\",\"item\":\"https:\\\/\\\/cmas.udd.cl\\\/\"},{\"@type\":\"ListItem\",\"position\":2,\"name\":\"cplus_noticias\",\"item\":\"https:\\\/\\\/cmas.udd.cl\\\/cplus_noticias\\\/\"},{\"@type\":\"ListItem\",\"position\":3,\"name\":\"Centro C+ de Ingenier\u00eda UDD participa en proyecto de ciencia ciudadana para monitorear la calidad del aire en la Regi\u00f3n de Valpara\u00edso\u00a0\"}]},{\"@type\":\"WebSite\",\"@id\":\"https:\\\/\\\/cmas.udd.cl\\\/#website\",\"url\":\"https:\\\/\\\/cmas.udd.cl\\\/\",\"name\":\"C+\",\"description\":\"Centro Investigaci\u00f3n enTecnolog\u00edas para la Sociedad\",\"publisher\":{\"@id\":\"https:\\\/\\\/cmas.udd.cl\\\/#organization\"},\"potentialAction\":[{\"@type\":\"SearchAction\",\"target\":{\"@type\":\"EntryPoint\",\"urlTemplate\":\"https:\\\/\\\/cmas.udd.cl\\\/?s={search_term_string}\"},\"query-input\":{\"@type\":\"PropertyValueSpecification\",\"valueRequired\":true,\"valueName\":\"search_term_string\"}}],\"inLanguage\":\"en-US\"},{\"@type\":\"Organization\",\"@id\":\"https:\\\/\\\/cmas.udd.cl\\\/#organization\",\"name\":\"C+\",\"url\":\"https:\\\/\\\/cmas.udd.cl\\\/\",\"logo\":{\"@type\":\"ImageObject\",\"inLanguage\":\"en-US\",\"@id\":\"https:\\\/\\\/cmas.udd.cl\\\/#\\\/schema\\\/logo\\\/image\\\/\",\"url\":\"https:\\\/\\\/cmas.udd.cl\\\/wp-content\\\/uploads\\\/2023\\\/05\\\/Logo-compuesto-UDD-Cmas.png\",\"contentUrl\":\"https:\\\/\\\/cmas.udd.cl\\\/wp-content\\\/uploads\\\/2023\\\/05\\\/Logo-compuesto-UDD-Cmas.png\",\"width\":695,\"height\":72,\"caption\":\"C+\"},\"image\":{\"@id\":\"https:\\\/\\\/cmas.udd.cl\\\/#\\\/schema\\\/logo\\\/image\\\/\"}}]}<\/script>\n<!-- \/ Yoast SEO plugin. -->","yoast_head_json":{"title":"Centro C+ de Ingenier\u00eda UDD participa en proyecto de ciencia ciudadana para monitorear la calidad del aire en la Regi\u00f3n de Valpara\u00edso\u00a0 - C+","robots":{"index":"index","follow":"follow","max-snippet":"max-snippet:-1","max-image-preview":"max-image-preview:large","max-video-preview":"max-video-preview:-1"},"canonical":"https:\/\/cmas.udd.cl\/en\/cplus_noticias\/centro-c-de-ingenieria-udd-participa-en-proyecto-de-ciencia-ciudadana-para-monitorear-la-calidad-del-aire-en-la-region-de-valparaiso\/","og_locale":"en_US","og_type":"article","og_title":"Centro C+ de Ingenier\u00eda UDD participa en proyecto de ciencia ciudadana para monitorear la calidad del aire en la Regi\u00f3n de Valpara\u00edso\u00a0 - C+","og_description":"El proyecto es financiado por el Concurso Vinculaci\u00f3n con la Comunidad del Fondo Nacional de Desarrollo Regional (FNDR) 8% del Gobierno Regional de Valpara\u00edso y contempla la instalaci\u00f3n de una red de monitoreo ambiental en 10 establecimientos de las comunas de San Felipe, Putaendo, Catemu, Llay Llay, Panquehue, Quillota y Nogales.\u00a0 \u00a0 Durante marzo de [&hellip;]","og_url":"https:\/\/cmas.udd.cl\/en\/cplus_noticias\/centro-c-de-ingenieria-udd-participa-en-proyecto-de-ciencia-ciudadana-para-monitorear-la-calidad-del-aire-en-la-region-de-valparaiso\/","og_site_name":"C+","article_modified_time":"2026-08-26T18:51:34+00:00","og_image":[{"width":1536,"height":1023,"url":"https:\/\/cmas.udd.cl\/wp-content\/uploads\/2026\/08\/whatsapp-image-2026-05-19-at-12-39-38-pm-3-1536x1023-1.jpeg","type":"image\/jpeg"}],"twitter_card":"summary_large_image","twitter_misc":{"Est. reading time":"4 minutes"},"schema":{"@context":"https:\/\/schema.org","@graph":[{"@type":"WebPage","@id":"https:\/\/cmas.udd.cl\/cplus_noticias\/centro-c-de-ingenieria-udd-participa-en-proyecto-de-ciencia-ciudadana-para-monitorear-la-calidad-del-aire-en-la-region-de-valparaiso\/","url":"https:\/\/cmas.udd.cl\/cplus_noticias\/centro-c-de-ingenieria-udd-participa-en-proyecto-de-ciencia-ciudadana-para-monitorear-la-calidad-del-aire-en-la-region-de-valparaiso\/","name":"Centro C+ de Ingenier\u00eda UDD participa en proyecto de ciencia ciudadana para monitorear la calidad del aire en la Regi\u00f3n de Valpara\u00edso\u00a0 - C+","isPartOf":{"@id":"https:\/\/cmas.udd.cl\/#website"},"primaryImageOfPage":{"@id":"https:\/\/cmas.udd.cl\/cplus_noticias\/centro-c-de-ingenieria-udd-participa-en-proyecto-de-ciencia-ciudadana-para-monitorear-la-calidad-del-aire-en-la-region-de-valparaiso\/#primaryimage"},"image":{"@id":"https:\/\/cmas.udd.cl\/cplus_noticias\/centro-c-de-ingenieria-udd-participa-en-proyecto-de-ciencia-ciudadana-para-monitorear-la-calidad-del-aire-en-la-region-de-valparaiso\/#primaryimage"},"thumbnailUrl":"https:\/\/cmas.udd.cl\/wp-content\/uploads\/2026\/08\/whatsapp-image-2026-05-19-at-12-39-38-pm-3-1536x1023-1.jpeg","datePublished":"2026-05-19T18:32:38+00:00","dateModified":"2026-08-26T18:51:34+00:00","breadcrumb":{"@id":"https:\/\/cmas.udd.cl\/cplus_noticias\/centro-c-de-ingenieria-udd-participa-en-proyecto-de-ciencia-ciudadana-para-monitorear-la-calidad-del-aire-en-la-region-de-valparaiso\/#breadcrumb"},"inLanguage":"en-US","potentialAction":[{"@type":"ReadAction","target":["https:\/\/cmas.udd.cl\/cplus_noticias\/centro-c-de-ingenieria-udd-participa-en-proyecto-de-ciencia-ciudadana-para-monitorear-la-calidad-del-aire-en-la-region-de-valparaiso\/"]}]},{"@type":"ImageObject","inLanguage":"en-US","@id":"https:\/\/cmas.udd.cl\/cplus_noticias\/centro-c-de-ingenieria-udd-participa-en-proyecto-de-ciencia-ciudadana-para-monitorear-la-calidad-del-aire-en-la-region-de-valparaiso\/#primaryimage","url":"https:\/\/cmas.udd.cl\/wp-content\/uploads\/2026\/08\/whatsapp-image-2026-05-19-at-12-39-38-pm-3-1536x1023-1.jpeg","contentUrl":"https:\/\/cmas.udd.cl\/wp-content\/uploads\/2026\/08\/whatsapp-image-2026-05-19-at-12-39-38-pm-3-1536x1023-1.jpeg","width":1536,"height":1023},{"@type":"BreadcrumbList","@id":"https:\/\/cmas.udd.cl\/cplus_noticias\/centro-c-de-ingenieria-udd-participa-en-proyecto-de-ciencia-ciudadana-para-monitorear-la-calidad-del-aire-en-la-region-de-valparaiso\/#breadcrumb","itemListElement":[{"@type":"ListItem","position":1,"name":"Home","item":"https:\/\/cmas.udd.cl\/"},{"@type":"ListItem","position":2,"name":"cplus_noticias","item":"https:\/\/cmas.udd.cl\/cplus_noticias\/"},{"@type":"ListItem","position":3,"name":"Centro C+ de Ingenier\u00eda UDD participa en proyecto de ciencia ciudadana para monitorear la calidad del aire en la Regi\u00f3n de Valpara\u00edso\u00a0"}]},{"@type":"WebSite","@id":"https:\/\/cmas.udd.cl\/#website","url":"https:\/\/cmas.udd.cl\/","name":"C+","description":"Centro Investigaci\u00f3n enTecnolog\u00edas para la Sociedad","publisher":{"@id":"https:\/\/cmas.udd.cl\/#organization"},"potentialAction":[{"@type":"SearchAction","target":{"@type":"EntryPoint","urlTemplate":"https:\/\/cmas.udd.cl\/?s={search_term_string}"},"query-input":{"@type":"PropertyValueSpecification","valueRequired":true,"valueName":"search_term_string"}}],"inLanguage":"en-US"},{"@type":"Organization","@id":"https:\/\/cmas.udd.cl\/#organization","name":"C+","url":"https:\/\/cmas.udd.cl\/","logo":{"@type":"ImageObject","inLanguage":"en-US","@id":"https:\/\/cmas.udd.cl\/#\/schema\/logo\/image\/","url":"https:\/\/cmas.udd.cl\/wp-content\/uploads\/2023\/05\/Logo-compuesto-UDD-Cmas.png","contentUrl":"https:\/\/cmas.udd.cl\/wp-content\/uploads\/2023\/05\/Logo-compuesto-UDD-Cmas.png","width":695,"height":72,"caption":"C+"},"image":{"@id":"https:\/\/cmas.udd.cl\/#\/schema\/logo\/image\/"}}]}},"_links":{"self":[{"href":"https:\/\/cmas.udd.cl\/en\/wp-json\/wp\/v2\/cplus_noticias\/7561","targetHints":{"allow":["GET"]}}],"collection":[{"href":"https:\/\/cmas.udd.cl\/en\/wp-json\/wp\/v2\/cplus_noticias"}],"about":[{"href":"https:\/\/cmas.udd.cl\/en\/wp-json\/wp\/v2\/types\/cplus_noticias"}],"version-history":[{"count":10,"href":"https:\/\/cmas.udd.cl\/en\/wp-json\/wp\/v2\/cplus_noticias\/7561\/revisions"}],"predecessor-version":[{"id":7575,"href":"https:\/\/cmas.udd.cl\/en\/wp-json\/wp\/v2\/cplus_noticias\/7561\/revisions\/7575"}],"wp:featuredmedia":[{"embeddable":true,"href":"https:\/\/cmas.udd.cl\/en\/wp-json\/wp\/v2\/media\/7564"}],"wp:attachment":[{"href":"https:\/\/cmas.udd.cl\/en\/wp-json\/wp\/v2\/media?parent=7561"}],"wp:term":[{"taxonomy":"category","embeddable":true,"href":"https:\/\/cmas.udd.cl\/en\/wp-json\/wp\/v2\/categories?post=7561"},{"taxonomy":"post_tag","embeddable":true,"href":"https:\/\/cmas.udd.cl\/en\/wp-json\/wp\/v2\/tags?post=7561"},{"taxonomy":"taxo_noticias","embeddable":true,"href":"https:\/\/cmas.udd.cl\/en\/wp-json\/wp\/v2\/taxo_noticias?post=7561"},{"taxonomy":"grupo-de-investigacion","embeddable":true,"href":"https:\/\/cmas.udd.cl\/en\/wp-json\/wp\/v2\/grupo-de-investigacion?post=7561"}],"curies":[{"name":"wp","href":"https:\/\/api.w.org\/{rel}","templated":true}]}}