{"id":7550,"date":"2026-04-15T18:08:00","date_gmt":"2026-04-15T18:08:00","guid":{"rendered":"https:\/\/cmas.udd.cl\/?post_type=cplus_noticias&#038;p=7550"},"modified":"2026-08-26T18:13:27","modified_gmt":"2026-08-26T18:13:27","slug":"investigadora-del-centro-c-llega-a-la-fao-patricia-breuer-asume-rol-clave-para-la-defensa-de-los-territorios-de-montana","status":"publish","type":"cplus_noticias","link":"https:\/\/cmas.udd.cl\/en\/cplus_noticias\/investigadora-del-centro-c-llega-a-la-fao-patricia-breuer-asume-rol-clave-para-la-defensa-de-los-territorios-de-montana\/","title":{"rendered":"Investigadora del Centro C+ llega a la FAO: Patricia Breuer asume rol clave para la defensa de los territorios de monta\u00f1a"},"content":{"rendered":"<div data-elementor-type=\"wp-post\" data-elementor-id=\"7550\" class=\"elementor elementor-7550\" data-elementor-post-type=\"cplus_noticias\">\n\t\t\t\t<div class=\"elementor-element elementor-element-2ace58c9 e-flex e-con-boxed e-con e-parent\" data-id=\"2ace58c9\" data-element_type=\"container\" data-e-type=\"container\">\n\t\t\t\t\t<div class=\"e-con-inner\">\n\t\t\t\t<div class=\"elementor-element elementor-element-61c1f62b elementor-widget elementor-widget-text-editor\" data-id=\"61c1f62b\" data-element_type=\"widget\" data-e-type=\"widget\" data-widget_type=\"text-editor.default\">\n\t\t\t\t<div class=\"elementor-widget-container\">\n\t\t\t\t\t\t\t\t\t\n<ul class=\"wp-block-list\">\n<li><strong>Su trabajo conecta investigaci\u00f3n aplicada, conservaci\u00f3n, turismo sostenible y liderazgo comunitario para enfrentar algunos de los mayores desaf\u00edos del siglo XXI: crisis h\u00eddrica, cambio clim\u00e1tico y p\u00e9rdida de biodiversidad. Ahora, ese enfoque llega a uno de los principales espacios globales de decisi\u00f3n sobre territorios de monta\u00f1a.<\/strong><\/li>\n<\/ul>\n<p>\u00a0<\/p>\n\n<p class=\"wp-block-paragraph\">La investigadora\u00a0<strong>Patricia Breuer Moreno<\/strong>, del Centro de Investigaci\u00f3n en Tecnolog\u00edas para la Sociedad (C+) de la Facultad de Ingenier\u00eda de la Universidad del Desarrollo, fue elegida para integrar el C<strong>omit\u00e9 Directivo de la Mountain Partnership de la FAO<\/strong>, una de las principales plataformas internacionales dedicadas al desarrollo sostenible de territorios de monta\u00f1a.<\/p>\n<p>El nombramiento representa un reconocimiento a su trayectoria y, al mismo tiempo, posiciona a la UDD en un espacio global donde se articulan decisiones clave en torno a biodiversidad, agua, resiliencia clim\u00e1tica y comunidades de monta\u00f1a.<\/p>\n<p>\u00a0<\/p>\n\n<div class=\"wp-block-media-text is-stacked-on-mobile\">\n<figure class=\"wp-block-media-text__media\"><img fetchpriority=\"high\" decoding=\"async\" width=\"799\" height=\"533\" class=\"wp-image-7551 size-full\" src=\"https:\/\/cmas.udd.cl\/wp-content\/uploads\/2026\/08\/pato-steering-committee-3.jpg\" alt=\"\" srcset=\"https:\/\/cmas.udd.cl\/wp-content\/uploads\/2026\/08\/pato-steering-committee-3.jpg 799w, https:\/\/cmas.udd.cl\/wp-content\/uploads\/2026\/08\/pato-steering-committee-3-300x200.jpg 300w, https:\/\/cmas.udd.cl\/wp-content\/uploads\/2026\/08\/pato-steering-committee-3-18x12.jpg 18w, https:\/\/cmas.udd.cl\/wp-content\/uploads\/2026\/08\/pato-steering-committee-3-768x512.jpg 768w\" sizes=\"(max-width: 799px) 100vw, 799px\" \/><\/figure>\n<div class=\"wp-block-media-text__content\">\n<p class=\"wp-block-paragraph\">\u00a0<\/p>\n<p>La elecci\u00f3n se concret\u00f3 en el marco de la\u00a0<strong>7\u00aa Reuni\u00f3n Global de la Alianza para las Monta\u00f1as<\/strong>, realizada en Andorra, donde Breuer fue seleccionada para representar a Sudam\u00e9rica durante los pr\u00f3ximos cuatro a\u00f1os. Desde ese rol, participar\u00e1 en la definici\u00f3n de prioridades y en el seguimiento de compromisos internacionales orientados a fortalecer la protecci\u00f3n y el desarrollo sostenible de ecosistemas estrat\u00e9gicos para el planeta.<\/p>\n<p>\u00a0<\/p>\n<\/div>\n<\/div>\n\n<p class=\"wp-block-paragraph\">\u00a0<\/p>\n<p>M\u00e1s all\u00e1 del hito institucional, el valor de este nombramiento radica en el impacto de la investigaci\u00f3n que Patricia Breuer ha impulsado desde Chile. Su trabajo propone que la conservaci\u00f3n de la biodiversidad y la gesti\u00f3n sostenible de los territorios de monta\u00f1a solo son posibles cuando se articulan desde el territorio, con comunidades locales, saberes situados y gobernanzas inclusivas. Esa mirada cobra especial relevancia en regiones donde se cruzan desaf\u00edos como el retroceso de glaciares, la escasez h\u00eddrica y la necesidad de fortalecer econom\u00edas locales sostenibles.<\/p>\n<p>\u00a0<\/p>\n\n<p class=\"wp-block-paragraph\">En ese marco, Breuer ha desarrollado una l\u00ednea de investigaci\u00f3n que vincula\u00a0<strong>patrimonio biocultural, turismo sostenible, liderazgo femenino y gobernanza territorial<\/strong>, entendiendo el turismo no solo como una actividad econ\u00f3mica, sino como una herramienta para la regeneraci\u00f3n, la conservaci\u00f3n y la permanencia de las comunidades en sus territorios. Desde esa perspectiva, ha promovido iniciativas que integran ciencia y acci\u00f3n, como el Encuentro por la Biodiversidad (ExB) y el impulso de observatorios socioecol\u00f3gicos andinos y sistemas de monitoreo comunitario.<\/p>\n<p>\u00a0<\/p>\n\n<div class=\"wp-block-media-text is-stacked-on-mobile\">\n<figure class=\"wp-block-media-text__media\"><img decoding=\"async\" width=\"768\" height=\"512\" class=\"wp-image-7552 size-full\" src=\"https:\/\/cmas.udd.cl\/wp-content\/uploads\/2026\/08\/pato-turismo-2-2-768x512-1.jpg\" alt=\"\" srcset=\"https:\/\/cmas.udd.cl\/wp-content\/uploads\/2026\/08\/pato-turismo-2-2-768x512-1.jpg 768w, https:\/\/cmas.udd.cl\/wp-content\/uploads\/2026\/08\/pato-turismo-2-2-768x512-1-18x12.jpg 18w, https:\/\/cmas.udd.cl\/wp-content\/uploads\/2026\/08\/pato-turismo-2-2-768x512-1-300x200.jpg 300w\" sizes=\"(max-width: 768px) 100vw, 768px\" \/><\/figure>\n<div class=\"wp-block-media-text__content\">\n<p class=\"wp-block-paragraph\">Durante el encuentro en Andorra, la acad\u00e9mica UDD particip\u00f3 adem\u00e1s como panelista en la sesi\u00f3n sobre\u00a0<strong>turismo sostenible para futuros de monta\u00f1a resilientes<\/strong>\u00a0y en un espacio de UNESCO sobre la\u00a0<strong>D\u00e9cada de Acci\u00f3n para las Ciencias Criosf\u00e9ricas (2025-2034)<\/strong>, donde abord\u00f3 c\u00f3mo la investigaci\u00f3n aplicada puede contribuir a enfrentar el retroceso de glaciares, la p\u00e9rdida de biodiversidad y los impactos del cambio clim\u00e1tico en comunidades de monta\u00f1a.<\/p>\n<p>\u00a0<\/p>\n<\/div>\n<\/div>\n\n<p class=\"wp-block-paragraph\">El nombramiento tambi\u00e9n refuerza una dimensi\u00f3n distintiva de su trabajo: el rol de las mujeres de monta\u00f1a como agentes de resiliencia clim\u00e1tica, defensoras del agua, la biodiversidad y los paisajes culturales. A trav\u00e9s de iniciativas como\u00a0<strong>Mujeres a la Cumbre y la red internacional<\/strong>\u00a0<strong>Mountain Women of the World,<\/strong>\u00a0Breuer ha impulsado una agenda que conecta conservaci\u00f3n, inclusi\u00f3n y desarrollo territorial con enfoque de g\u00e9nero.<\/p>\n<p>\u00a0<\/p>\n\n<p class=\"wp-block-paragraph\">Con su incorporaci\u00f3n al Comit\u00e9 Directivo de la Mountain Partnership, la acad\u00e9mica llevar\u00e1 esa experiencia a un espacio internacional donde se discuten pol\u00edticas, financiamiento y estrategias para uno de los ecosistemas m\u00e1s decisivos \u2014y vulnerables\u2014 del planeta. Un reconocimiento que proyecta a la UDD y confirma el valor de una investigaci\u00f3n que no solo observa los territorios, sino que contribuye activamente a transformarlos.<\/p>\n<p>\u00a0<\/p>\n\n<figure class=\"wp-block-image size-full\"><img decoding=\"async\" width=\"799\" height=\"533\" class=\"wp-image-7553\" src=\"https:\/\/cmas.udd.cl\/wp-content\/uploads\/2026\/08\/grupo-steering-committee-2.jpg\" alt=\"\" srcset=\"https:\/\/cmas.udd.cl\/wp-content\/uploads\/2026\/08\/grupo-steering-committee-2.jpg 799w, https:\/\/cmas.udd.cl\/wp-content\/uploads\/2026\/08\/grupo-steering-committee-2-300x200.jpg 300w, https:\/\/cmas.udd.cl\/wp-content\/uploads\/2026\/08\/grupo-steering-committee-2-18x12.jpg 18w, https:\/\/cmas.udd.cl\/wp-content\/uploads\/2026\/08\/grupo-steering-committee-2-768x512.jpg 768w\" sizes=\"(max-width: 799px) 100vw, 799px\" \/><\/figure>\n\t\t\t\t\t\t\t\t<\/div>\n\t\t\t\t<\/div>\n\t\t\t\t\t<\/div>\n\t\t\t\t<\/div>\n\t\t\t\t<\/div>","protected":false},"featured_media":7551,"template":"","categories":[],"tags":[],"taxo_noticias":[25],"grupo-de-investigacion":[106],"class_list":["post-7550","cplus_noticias","type-cplus_noticias","status-publish","has-post-thumbnail","hentry","taxo_noticias-extremeenvironments","grupo-de-investigacion-extreme_environments"],"acf":[],"yoast_head":"<!-- This site is optimized with the Yoast SEO plugin v28.0 - https:\/\/yoast.com\/product\/yoast-seo-wordpress\/ -->\n<title>Investigadora del Centro C+ llega a la FAO: Patricia Breuer asume rol clave para la defensa de los territorios de monta\u00f1a - C+<\/title>\n<meta name=\"robots\" content=\"index, follow, max-snippet:-1, max-image-preview:large, max-video-preview:-1\" \/>\n<link rel=\"canonical\" href=\"https:\/\/cmas.udd.cl\/en\/cplus_noticias\/investigadora-del-centro-c-llega-a-la-fao-patricia-breuer-asume-rol-clave-para-la-defensa-de-los-territorios-de-montana\/\" \/>\n<meta property=\"og:locale\" content=\"en_US\" \/>\n<meta property=\"og:type\" content=\"article\" \/>\n<meta property=\"og:title\" content=\"Investigadora del Centro C+ llega a la FAO: Patricia Breuer asume rol clave para la defensa de los territorios de monta\u00f1a - C+\" \/>\n<meta property=\"og:description\" content=\"La investigadora\u00a0Patricia Breuer Moreno, del Centro de Investigaci\u00f3n en Tecnolog\u00edas para la Sociedad (C+) de la Facultad de Ingenier\u00eda de la Universidad del Desarrollo, fue elegida para integrar el Comit\u00e9 Directivo de la Mountain Partnership de la FAO, una de las principales plataformas internacionales dedicadas al desarrollo sostenible de territorios de monta\u00f1a. El nombramiento representa [&hellip;]\" \/>\n<meta property=\"og:url\" content=\"https:\/\/cmas.udd.cl\/en\/cplus_noticias\/investigadora-del-centro-c-llega-a-la-fao-patricia-breuer-asume-rol-clave-para-la-defensa-de-los-territorios-de-montana\/\" \/>\n<meta property=\"og:site_name\" content=\"C+\" \/>\n<meta property=\"article:modified_time\" content=\"2026-08-26T18:13:27+00:00\" \/>\n<meta property=\"og:image\" content=\"https:\/\/cmas.udd.cl\/wp-content\/uploads\/2026\/08\/pato-steering-committee-3.jpg\" \/>\n\t<meta property=\"og:image:width\" content=\"799\" \/>\n\t<meta property=\"og:image:height\" content=\"533\" \/>\n\t<meta property=\"og:image:type\" content=\"image\/jpeg\" \/>\n<meta name=\"twitter:card\" content=\"summary_large_image\" \/>\n<meta name=\"twitter:label1\" content=\"Est. reading time\" \/>\n\t<meta name=\"twitter:data1\" content=\"4 minutes\" \/>\n<script type=\"application\/ld+json\" class=\"yoast-schema-graph\">{\"@context\":\"https:\\\/\\\/schema.org\",\"@graph\":[{\"@type\":\"WebPage\",\"@id\":\"https:\\\/\\\/cmas.udd.cl\\\/cplus_noticias\\\/investigadora-del-centro-c-llega-a-la-fao-patricia-breuer-asume-rol-clave-para-la-defensa-de-los-territorios-de-montana\\\/\",\"url\":\"https:\\\/\\\/cmas.udd.cl\\\/cplus_noticias\\\/investigadora-del-centro-c-llega-a-la-fao-patricia-breuer-asume-rol-clave-para-la-defensa-de-los-territorios-de-montana\\\/\",\"name\":\"Investigadora del Centro C+ llega a la FAO: Patricia Breuer asume rol clave para la defensa de los territorios de monta\u00f1a - C+\",\"isPartOf\":{\"@id\":\"https:\\\/\\\/cmas.udd.cl\\\/#website\"},\"primaryImageOfPage\":{\"@id\":\"https:\\\/\\\/cmas.udd.cl\\\/cplus_noticias\\\/investigadora-del-centro-c-llega-a-la-fao-patricia-breuer-asume-rol-clave-para-la-defensa-de-los-territorios-de-montana\\\/#primaryimage\"},\"image\":{\"@id\":\"https:\\\/\\\/cmas.udd.cl\\\/cplus_noticias\\\/investigadora-del-centro-c-llega-a-la-fao-patricia-breuer-asume-rol-clave-para-la-defensa-de-los-territorios-de-montana\\\/#primaryimage\"},\"thumbnailUrl\":\"https:\\\/\\\/cmas.udd.cl\\\/wp-content\\\/uploads\\\/2026\\\/08\\\/pato-steering-committee-3.jpg\",\"datePublished\":\"2026-04-15T18:08:00+00:00\",\"dateModified\":\"2026-08-26T18:13:27+00:00\",\"breadcrumb\":{\"@id\":\"https:\\\/\\\/cmas.udd.cl\\\/cplus_noticias\\\/investigadora-del-centro-c-llega-a-la-fao-patricia-breuer-asume-rol-clave-para-la-defensa-de-los-territorios-de-montana\\\/#breadcrumb\"},\"inLanguage\":\"en-US\",\"potentialAction\":[{\"@type\":\"ReadAction\",\"target\":[\"https:\\\/\\\/cmas.udd.cl\\\/cplus_noticias\\\/investigadora-del-centro-c-llega-a-la-fao-patricia-breuer-asume-rol-clave-para-la-defensa-de-los-territorios-de-montana\\\/\"]}]},{\"@type\":\"ImageObject\",\"inLanguage\":\"en-US\",\"@id\":\"https:\\\/\\\/cmas.udd.cl\\\/cplus_noticias\\\/investigadora-del-centro-c-llega-a-la-fao-patricia-breuer-asume-rol-clave-para-la-defensa-de-los-territorios-de-montana\\\/#primaryimage\",\"url\":\"https:\\\/\\\/cmas.udd.cl\\\/wp-content\\\/uploads\\\/2026\\\/08\\\/pato-steering-committee-3.jpg\",\"contentUrl\":\"https:\\\/\\\/cmas.udd.cl\\\/wp-content\\\/uploads\\\/2026\\\/08\\\/pato-steering-committee-3.jpg\",\"width\":799,\"height\":533},{\"@type\":\"BreadcrumbList\",\"@id\":\"https:\\\/\\\/cmas.udd.cl\\\/cplus_noticias\\\/investigadora-del-centro-c-llega-a-la-fao-patricia-breuer-asume-rol-clave-para-la-defensa-de-los-territorios-de-montana\\\/#breadcrumb\",\"itemListElement\":[{\"@type\":\"ListItem\",\"position\":1,\"name\":\"Home\",\"item\":\"https:\\\/\\\/cmas.udd.cl\\\/\"},{\"@type\":\"ListItem\",\"position\":2,\"name\":\"cplus_noticias\",\"item\":\"https:\\\/\\\/cmas.udd.cl\\\/cplus_noticias\\\/\"},{\"@type\":\"ListItem\",\"position\":3,\"name\":\"Investigadora del Centro C+ llega a la FAO: Patricia Breuer asume rol clave para la defensa de los territorios de monta\u00f1a\"}]},{\"@type\":\"WebSite\",\"@id\":\"https:\\\/\\\/cmas.udd.cl\\\/#website\",\"url\":\"https:\\\/\\\/cmas.udd.cl\\\/\",\"name\":\"C+\",\"description\":\"Centro Investigaci\u00f3n enTecnolog\u00edas para la Sociedad\",\"publisher\":{\"@id\":\"https:\\\/\\\/cmas.udd.cl\\\/#organization\"},\"potentialAction\":[{\"@type\":\"SearchAction\",\"target\":{\"@type\":\"EntryPoint\",\"urlTemplate\":\"https:\\\/\\\/cmas.udd.cl\\\/?s={search_term_string}\"},\"query-input\":{\"@type\":\"PropertyValueSpecification\",\"valueRequired\":true,\"valueName\":\"search_term_string\"}}],\"inLanguage\":\"en-US\"},{\"@type\":\"Organization\",\"@id\":\"https:\\\/\\\/cmas.udd.cl\\\/#organization\",\"name\":\"C+\",\"url\":\"https:\\\/\\\/cmas.udd.cl\\\/\",\"logo\":{\"@type\":\"ImageObject\",\"inLanguage\":\"en-US\",\"@id\":\"https:\\\/\\\/cmas.udd.cl\\\/#\\\/schema\\\/logo\\\/image\\\/\",\"url\":\"https:\\\/\\\/cmas.udd.cl\\\/wp-content\\\/uploads\\\/2023\\\/05\\\/Logo-compuesto-UDD-Cmas.png\",\"contentUrl\":\"https:\\\/\\\/cmas.udd.cl\\\/wp-content\\\/uploads\\\/2023\\\/05\\\/Logo-compuesto-UDD-Cmas.png\",\"width\":695,\"height\":72,\"caption\":\"C+\"},\"image\":{\"@id\":\"https:\\\/\\\/cmas.udd.cl\\\/#\\\/schema\\\/logo\\\/image\\\/\"}}]}<\/script>\n<!-- \/ Yoast SEO plugin. -->","yoast_head_json":{"title":"Investigadora del Centro C+ llega a la FAO: Patricia Breuer asume rol clave para la defensa de los territorios de monta\u00f1a - C+","robots":{"index":"index","follow":"follow","max-snippet":"max-snippet:-1","max-image-preview":"max-image-preview:large","max-video-preview":"max-video-preview:-1"},"canonical":"https:\/\/cmas.udd.cl\/en\/cplus_noticias\/investigadora-del-centro-c-llega-a-la-fao-patricia-breuer-asume-rol-clave-para-la-defensa-de-los-territorios-de-montana\/","og_locale":"en_US","og_type":"article","og_title":"Investigadora del Centro C+ llega a la FAO: Patricia Breuer asume rol clave para la defensa de los territorios de monta\u00f1a - C+","og_description":"La investigadora\u00a0Patricia Breuer Moreno, del Centro de Investigaci\u00f3n en Tecnolog\u00edas para la Sociedad (C+) de la Facultad de Ingenier\u00eda de la Universidad del Desarrollo, fue elegida para integrar el Comit\u00e9 Directivo de la Mountain Partnership de la FAO, una de las principales plataformas internacionales dedicadas al desarrollo sostenible de territorios de monta\u00f1a. El nombramiento representa [&hellip;]","og_url":"https:\/\/cmas.udd.cl\/en\/cplus_noticias\/investigadora-del-centro-c-llega-a-la-fao-patricia-breuer-asume-rol-clave-para-la-defensa-de-los-territorios-de-montana\/","og_site_name":"C+","article_modified_time":"2026-08-26T18:13:27+00:00","og_image":[{"width":799,"height":533,"url":"https:\/\/cmas.udd.cl\/wp-content\/uploads\/2026\/08\/pato-steering-committee-3.jpg","type":"image\/jpeg"}],"twitter_card":"summary_large_image","twitter_misc":{"Est. reading time":"4 minutes"},"schema":{"@context":"https:\/\/schema.org","@graph":[{"@type":"WebPage","@id":"https:\/\/cmas.udd.cl\/cplus_noticias\/investigadora-del-centro-c-llega-a-la-fao-patricia-breuer-asume-rol-clave-para-la-defensa-de-los-territorios-de-montana\/","url":"https:\/\/cmas.udd.cl\/cplus_noticias\/investigadora-del-centro-c-llega-a-la-fao-patricia-breuer-asume-rol-clave-para-la-defensa-de-los-territorios-de-montana\/","name":"Investigadora del Centro C+ llega a la FAO: Patricia Breuer asume rol clave para la defensa de los territorios de monta\u00f1a - C+","isPartOf":{"@id":"https:\/\/cmas.udd.cl\/#website"},"primaryImageOfPage":{"@id":"https:\/\/cmas.udd.cl\/cplus_noticias\/investigadora-del-centro-c-llega-a-la-fao-patricia-breuer-asume-rol-clave-para-la-defensa-de-los-territorios-de-montana\/#primaryimage"},"image":{"@id":"https:\/\/cmas.udd.cl\/cplus_noticias\/investigadora-del-centro-c-llega-a-la-fao-patricia-breuer-asume-rol-clave-para-la-defensa-de-los-territorios-de-montana\/#primaryimage"},"thumbnailUrl":"https:\/\/cmas.udd.cl\/wp-content\/uploads\/2026\/08\/pato-steering-committee-3.jpg","datePublished":"2026-04-15T18:08:00+00:00","dateModified":"2026-08-26T18:13:27+00:00","breadcrumb":{"@id":"https:\/\/cmas.udd.cl\/cplus_noticias\/investigadora-del-centro-c-llega-a-la-fao-patricia-breuer-asume-rol-clave-para-la-defensa-de-los-territorios-de-montana\/#breadcrumb"},"inLanguage":"en-US","potentialAction":[{"@type":"ReadAction","target":["https:\/\/cmas.udd.cl\/cplus_noticias\/investigadora-del-centro-c-llega-a-la-fao-patricia-breuer-asume-rol-clave-para-la-defensa-de-los-territorios-de-montana\/"]}]},{"@type":"ImageObject","inLanguage":"en-US","@id":"https:\/\/cmas.udd.cl\/cplus_noticias\/investigadora-del-centro-c-llega-a-la-fao-patricia-breuer-asume-rol-clave-para-la-defensa-de-los-territorios-de-montana\/#primaryimage","url":"https:\/\/cmas.udd.cl\/wp-content\/uploads\/2026\/08\/pato-steering-committee-3.jpg","contentUrl":"https:\/\/cmas.udd.cl\/wp-content\/uploads\/2026\/08\/pato-steering-committee-3.jpg","width":799,"height":533},{"@type":"BreadcrumbList","@id":"https:\/\/cmas.udd.cl\/cplus_noticias\/investigadora-del-centro-c-llega-a-la-fao-patricia-breuer-asume-rol-clave-para-la-defensa-de-los-territorios-de-montana\/#breadcrumb","itemListElement":[{"@type":"ListItem","position":1,"name":"Home","item":"https:\/\/cmas.udd.cl\/"},{"@type":"ListItem","position":2,"name":"cplus_noticias","item":"https:\/\/cmas.udd.cl\/cplus_noticias\/"},{"@type":"ListItem","position":3,"name":"Investigadora del Centro C+ llega a la FAO: Patricia Breuer asume rol clave para la defensa de los territorios de monta\u00f1a"}]},{"@type":"WebSite","@id":"https:\/\/cmas.udd.cl\/#website","url":"https:\/\/cmas.udd.cl\/","name":"C+","description":"Centro Investigaci\u00f3n enTecnolog\u00edas para la Sociedad","publisher":{"@id":"https:\/\/cmas.udd.cl\/#organization"},"potentialAction":[{"@type":"SearchAction","target":{"@type":"EntryPoint","urlTemplate":"https:\/\/cmas.udd.cl\/?s={search_term_string}"},"query-input":{"@type":"PropertyValueSpecification","valueRequired":true,"valueName":"search_term_string"}}],"inLanguage":"en-US"},{"@type":"Organization","@id":"https:\/\/cmas.udd.cl\/#organization","name":"C+","url":"https:\/\/cmas.udd.cl\/","logo":{"@type":"ImageObject","inLanguage":"en-US","@id":"https:\/\/cmas.udd.cl\/#\/schema\/logo\/image\/","url":"https:\/\/cmas.udd.cl\/wp-content\/uploads\/2023\/05\/Logo-compuesto-UDD-Cmas.png","contentUrl":"https:\/\/cmas.udd.cl\/wp-content\/uploads\/2023\/05\/Logo-compuesto-UDD-Cmas.png","width":695,"height":72,"caption":"C+"},"image":{"@id":"https:\/\/cmas.udd.cl\/#\/schema\/logo\/image\/"}}]}},"_links":{"self":[{"href":"https:\/\/cmas.udd.cl\/en\/wp-json\/wp\/v2\/cplus_noticias\/7550","targetHints":{"allow":["GET"]}}],"collection":[{"href":"https:\/\/cmas.udd.cl\/en\/wp-json\/wp\/v2\/cplus_noticias"}],"about":[{"href":"https:\/\/cmas.udd.cl\/en\/wp-json\/wp\/v2\/types\/cplus_noticias"}],"version-history":[{"count":7,"href":"https:\/\/cmas.udd.cl\/en\/wp-json\/wp\/v2\/cplus_noticias\/7550\/revisions"}],"predecessor-version":[{"id":7560,"href":"https:\/\/cmas.udd.cl\/en\/wp-json\/wp\/v2\/cplus_noticias\/7550\/revisions\/7560"}],"wp:featuredmedia":[{"embeddable":true,"href":"https:\/\/cmas.udd.cl\/en\/wp-json\/wp\/v2\/media\/7551"}],"wp:attachment":[{"href":"https:\/\/cmas.udd.cl\/en\/wp-json\/wp\/v2\/media?parent=7550"}],"wp:term":[{"taxonomy":"category","embeddable":true,"href":"https:\/\/cmas.udd.cl\/en\/wp-json\/wp\/v2\/categories?post=7550"},{"taxonomy":"post_tag","embeddable":true,"href":"https:\/\/cmas.udd.cl\/en\/wp-json\/wp\/v2\/tags?post=7550"},{"taxonomy":"taxo_noticias","embeddable":true,"href":"https:\/\/cmas.udd.cl\/en\/wp-json\/wp\/v2\/taxo_noticias?post=7550"},{"taxonomy":"grupo-de-investigacion","embeddable":true,"href":"https:\/\/cmas.udd.cl\/en\/wp-json\/wp\/v2\/grupo-de-investigacion?post=7550"}],"curies":[{"name":"wp","href":"https:\/\/api.w.org\/{rel}","templated":true}]}}