{"id":6926,"date":"2025-12-03T15:19:00","date_gmt":"2025-12-03T15:19:00","guid":{"rendered":"https:\/\/cmas.udd.cl\/?post_type=cplus_noticias&#038;p=6926"},"modified":"2025-12-23T20:29:26","modified_gmt":"2025-12-23T20:29:26","slug":"foro-del-litio-360-seminario-congrega-a-expertos-para-debatir-sobre-el-negocio-y-desafios-del-litio","status":"publish","type":"cplus_noticias","link":"https:\/\/cmas.udd.cl\/en\/cplus_noticias\/foro-del-litio-360-seminario-congrega-a-expertos-para-debatir-sobre-el-negocio-y-desafios-del-litio\/","title":{"rendered":"Foro del Litio 360\u00b0: Seminario congrega a expertos para debatir sobre el negocio y desaf\u00edos del litio\u00a0\u00a0"},"content":{"rendered":"<div data-elementor-type=\"wp-post\" data-elementor-id=\"6926\" class=\"elementor elementor-6926\" data-elementor-post-type=\"cplus_noticias\">\n\t\t\t\t<div class=\"elementor-element elementor-element-2f13b16 e-flex e-con-boxed e-con e-parent\" data-id=\"2f13b16\" data-element_type=\"container\" data-e-type=\"container\">\n\t\t\t\t\t<div class=\"e-con-inner\">\n\t\t\t\t<div class=\"elementor-element elementor-element-1898bbc elementor-widget elementor-widget-video\" data-id=\"1898bbc\" data-element_type=\"widget\" data-e-type=\"widget\" data-settings=\"{&quot;youtube_url&quot;:&quot;https:\\\/\\\/www.youtube.com\\\/watch?v=cpUIBwf-Yro&quot;,&quot;video_type&quot;:&quot;youtube&quot;,&quot;controls&quot;:&quot;yes&quot;}\" data-widget_type=\"video.default\">\n\t\t\t\t<div class=\"elementor-widget-container\">\n\t\t\t\t\t\t\t<div class=\"elementor-wrapper elementor-open-inline\">\n\t\t\t<div class=\"elementor-video\"><\/div>\t\t<\/div>\n\t\t\t\t\t\t<\/div>\n\t\t\t\t<\/div>\n\t\t\t\t\t<\/div>\n\t\t\t\t<\/div>\n\t\t<div class=\"elementor-element elementor-element-103fc1f4 e-flex e-con-boxed e-con e-parent\" data-id=\"103fc1f4\" data-element_type=\"container\" data-e-type=\"container\">\n\t\t\t\t\t<div class=\"e-con-inner\">\n\t\t\t\t<div class=\"elementor-element elementor-element-16b905f4 elementor-widget elementor-widget-text-editor\" data-id=\"16b905f4\" data-element_type=\"widget\" data-e-type=\"widget\" data-widget_type=\"text-editor.default\">\n\t\t\t\t<div class=\"elementor-widget-container\">\n\t\t\t\t\t\t\t\t\t\n<p>Alrededor de 250 asistentes se congregaron para analizar los principales desaf\u00edos productivos, regulatorios, comerciales, ambientales y sociales del litio de cara a la transici\u00f3n energ\u00e9tica mundial, en una nueva versi\u00f3n del Foro del Litio 360\u00b0, organizado por el Centro de Investigaci\u00f3n en Tecnolog\u00edas para la Sociedad (C+) de\u00a0la Facultad de\u00a0Ingenier\u00eda UDD y SMI ICE Chile, de la Universidad de Queensland, Australia.\u00a0<\/p>\n<p>\u00a0<\/p>\n\n<p>Abrieron este encuentro, haciendo uso de la palabra las siguientes autoridades: el\u00a0prorrector\u00a0de la UDD, Ernesto Silva; el director ejecutivo de SMI ICE Chile, Doug\u00a0Aitken; el ministro consejero de la Delegaci\u00f3n de la Uni\u00f3n Europea en Chile, Andrea\u00a0Nicolaj, y la vice Embajadora de Australia en Chile, Chung Ling Chau.\u00a0<\/p>\n<p>\u00a0<\/p>\n\n<div class=\"wp-block-media-text is-stacked-on-mobile\">\n<figure class=\"wp-block-media-text__media\"><img fetchpriority=\"high\" decoding=\"async\" width=\"1024\" height=\"682\" class=\"wp-image-6927 size-full\" src=\"https:\/\/cmas.udd.cl\/wp-content\/uploads\/2025\/12\/WhatsApp-Image-2025-12-03-at-12.17.16-1024x682.jpeg\" alt=\"\" srcset=\"https:\/\/cmas.udd.cl\/wp-content\/uploads\/2025\/12\/WhatsApp-Image-2025-12-03-at-12.17.16-1024x682.jpeg 1024w, https:\/\/cmas.udd.cl\/wp-content\/uploads\/2025\/12\/WhatsApp-Image-2025-12-03-at-12.17.16-300x200.jpeg 300w, https:\/\/cmas.udd.cl\/wp-content\/uploads\/2025\/12\/WhatsApp-Image-2025-12-03-at-12.17.16-768x512.jpeg 768w, https:\/\/cmas.udd.cl\/wp-content\/uploads\/2025\/12\/WhatsApp-Image-2025-12-03-at-12.17.16-1536x1023.jpeg 1536w, https:\/\/cmas.udd.cl\/wp-content\/uploads\/2025\/12\/WhatsApp-Image-2025-12-03-at-12.17.16-18x12.jpeg 18w, https:\/\/cmas.udd.cl\/wp-content\/uploads\/2025\/12\/WhatsApp-Image-2025-12-03-at-12.17.16.jpeg 1600w\" sizes=\"(max-width: 1024px) 100vw, 1024px\" \/><\/figure>\n<div class=\"wp-block-media-text__content\">\n<p>\u00a0<\/p>\n<p>El\u00a0prorrector\u00a0de la Universidad del Desarrollo, Ernesto Silva, destac\u00f3 la importancia de que las universidades se acerquen a la industria buscando conocer sus necesidades, para ser un real aporte en el proceso de desarrollo que viene para el pa\u00eds, se\u00f1alando que\u00a0\u201cnos gustar\u00eda que esto no solo sea un espacio de encuentro, sino tambi\u00e9n un espacio de trabajo para resolver los problemas que tenemos hoy y ustedes como empresas con sus desaf\u00edos a futuro\u201d.\u00a0\u00a0<\/p>\n<p>\u00a0<\/p>\n<\/div>\n<\/div>\n\n<p>Por su parte, el director ejecutivo de SMI ICE Chile, Doug\u00a0Aitken, recalc\u00f3 la importancia de la colaboraci\u00f3n entre organizaciones y pa\u00edses para abordar los enormes desaf\u00edos que tiene la miner\u00eda chilena de cara al gran crecimiento de la demanda por minerales cr\u00edticos que exige la transici\u00f3n energ\u00e9tica global. &#8220;Cuando observamos la dificultad que tenemos de producir los actuales vol\u00famenes de cobre y litio, queda claro que no podemos seguir haciendo las cosas como hasta ahora, que debemos repensar c\u00f3mo producimos los minerales, c\u00f3mo interactuamos con los ecosistemas y las comunidades\u201d.\u00a0<\/p>\n<p>\u00a0<\/p>\n\n<p>Las autoridades resaltaron la relevancia de la colaboraci\u00f3n de Chile con otras naciones respecto al desarrollo de esta industria, poniendo \u00e9nfasis en la b\u00fasqueda de acuerdos y soluciones conjuntas para generar transformaciones e innovaci\u00f3n.\u00a0\u00a0<\/p>\n<p>\u00a0<\/p>\n\n<p>\u201cChile juega un papel particular por su compromiso en desarrollar una miner\u00eda sostenible\u201d, dijo Andrea\u00a0Nicolaj, ministro consejero de la Delegaci\u00f3n de la Uni\u00f3n Europea en Chile, agregando que\u00a0\u201cpara nosotros, Chile es un socio fundamental en la configuraci\u00f3n de nuestro futuro energ\u00e9tico y transici\u00f3n verde\u201d.\u00a0<\/p>\n<p>\u00a0<\/p>\n\n<div class=\"wp-block-media-text is-stacked-on-mobile\">\n<figure class=\"wp-block-media-text__media\"><img decoding=\"async\" width=\"1024\" height=\"682\" class=\"wp-image-6928 size-full\" src=\"https:\/\/cmas.udd.cl\/wp-content\/uploads\/2025\/12\/WhatsApp-Image-2025-12-03-at-12.00.45-7-1024x682.jpeg\" alt=\"\" srcset=\"https:\/\/cmas.udd.cl\/wp-content\/uploads\/2025\/12\/WhatsApp-Image-2025-12-03-at-12.00.45-7-1024x682.jpeg 1024w, https:\/\/cmas.udd.cl\/wp-content\/uploads\/2025\/12\/WhatsApp-Image-2025-12-03-at-12.00.45-7-300x200.jpeg 300w, https:\/\/cmas.udd.cl\/wp-content\/uploads\/2025\/12\/WhatsApp-Image-2025-12-03-at-12.00.45-7-768x512.jpeg 768w, https:\/\/cmas.udd.cl\/wp-content\/uploads\/2025\/12\/WhatsApp-Image-2025-12-03-at-12.00.45-7-1536x1023.jpeg 1536w, https:\/\/cmas.udd.cl\/wp-content\/uploads\/2025\/12\/WhatsApp-Image-2025-12-03-at-12.00.45-7-18x12.jpeg 18w, https:\/\/cmas.udd.cl\/wp-content\/uploads\/2025\/12\/WhatsApp-Image-2025-12-03-at-12.00.45-7.jpeg 1600w\" sizes=\"(max-width: 1024px) 100vw, 1024px\" \/><\/figure>\n<div class=\"wp-block-media-text__content\">\n<p>\u00a0<\/p>\n<p>El evento se dividi\u00f3 en cuatro m\u00f3dulos, donde expertos abordaron los aspectos m\u00e1s cruciales que movilizan la discusi\u00f3n de esta industria: proyectos de litio en la regi\u00f3n y los avances de la estrategia nacional; relaciones comunitarias; buenas pr\u00e1cticas y perspectivas para la extracci\u00f3n sustentable de litio desde salmueras; nuevas tecnolog\u00edas y valor agregado.<\/p>\n<p>\u00a0<\/p>\n<\/div>\n<\/div>\n\n<p>\u00a0<\/p>\n\n<p><strong>M\u00f3dulos y conversatorios a lo largo del seminario:<\/strong>\u00a0\u00a0<\/p>\n\n<p>\u00a0<\/p>\n<p>A lo largo del encuentro, diversos actores, tanto del sector privado como p\u00fablico, formaron parte de la discusi\u00f3n sobre el mercado, normativas y desarrollo del litio en nuestro pa\u00eds. \u00a0\u00a0<\/p>\n<p>\u00a0<\/p>\n\n<p>Corrado\u00a0Tore, gerente de\u00a0Hidrogeolog\u00eda\u00a0Salar en SQM, particip\u00f3 en el m\u00f3dulo \u201cProyectos de Litio en la regi\u00f3n: C\u00f3mo avanza la estrategia nacional y Sudam\u00e9rica\u201d, donde sostuvo que \u00a0la estrategia nacional del litio deber\u00eda enfocarse en dos miradas:\u00a0\u201cprimero, con los proyectos ya desarrollados, que cuentan con una base de conocimientos como para enfatizar las nuevas tecnolog\u00edas y oportunidades que ofrecen; y una segunda mirada, \u00a0con proyectos que est\u00e1n reci\u00e9n partiendo, y que buscan integrar la tecnolog\u00eda pero sin conocimiento de base, poni\u00e9ndole mayor perspectiva a la industria\u201d.\u00a0\u00a0<\/p>\n<p>\u00a0<\/p>\n\n<p>Por su parte,\u00a0Humberto Estay, director AMTC Universidad de Chile y moderador del\u00a0\u00faltimo\u00a0m\u00f3dulo \u201cNuevas Tecnolog\u00edas y valor agregado al negocio del Litio\u201d,\u00a0sostuvo\u00a0que \u201chay visiones interesantes y distintas respecto a mantener las tecnolog\u00edas convencionales, versus toda esta\u00a0transici\u00f3n\u00a0tecnol\u00f3gica que est\u00e1 apostando a aumentar la eficiencia\u201d.\u00a0Por \u00faltimo, concluy\u00f3 que es importante generar colaboraci\u00f3n y la posibilidad de generar data p\u00fablica que permita tomar decisiones con informaci\u00f3n relevante.\u00a0\u00a0<\/p>\n<p>\u00a0<\/p>\n\n<figure class=\"wp-block-gallery has-nested-images columns-default is-cropped wp-block-gallery-2 is-layout-flex wp-block-gallery-is-layout-flex\">\n<figure class=\"wp-block-image size-large\"><img decoding=\"async\" width=\"1024\" height=\"682\" data-id=\"6932\" class=\"wp-image-6932\" src=\"https:\/\/cmas.udd.cl\/wp-content\/uploads\/2025\/12\/WhatsApp-Image-2025-12-03-at-12.00.52-1024x682.jpeg\" alt=\"\" srcset=\"https:\/\/cmas.udd.cl\/wp-content\/uploads\/2025\/12\/WhatsApp-Image-2025-12-03-at-12.00.52-1024x682.jpeg 1024w, https:\/\/cmas.udd.cl\/wp-content\/uploads\/2025\/12\/WhatsApp-Image-2025-12-03-at-12.00.52-300x200.jpeg 300w, https:\/\/cmas.udd.cl\/wp-content\/uploads\/2025\/12\/WhatsApp-Image-2025-12-03-at-12.00.52-768x512.jpeg 768w, https:\/\/cmas.udd.cl\/wp-content\/uploads\/2025\/12\/WhatsApp-Image-2025-12-03-at-12.00.52-1536x1023.jpeg 1536w, https:\/\/cmas.udd.cl\/wp-content\/uploads\/2025\/12\/WhatsApp-Image-2025-12-03-at-12.00.52-18x12.jpeg 18w, https:\/\/cmas.udd.cl\/wp-content\/uploads\/2025\/12\/WhatsApp-Image-2025-12-03-at-12.00.52.jpeg 1600w\" sizes=\"(max-width: 1024px) 100vw, 1024px\" \/><\/figure>\n\n<figure class=\"wp-block-image size-large\"><img loading=\"lazy\" decoding=\"async\" width=\"1024\" height=\"682\" data-id=\"6930\" class=\"wp-image-6930\" src=\"https:\/\/cmas.udd.cl\/wp-content\/uploads\/2025\/12\/WhatsApp-Image-2025-12-03-at-12.00.45-6-1024x682.jpeg\" alt=\"\" srcset=\"https:\/\/cmas.udd.cl\/wp-content\/uploads\/2025\/12\/WhatsApp-Image-2025-12-03-at-12.00.45-6-1024x682.jpeg 1024w, https:\/\/cmas.udd.cl\/wp-content\/uploads\/2025\/12\/WhatsApp-Image-2025-12-03-at-12.00.45-6-300x200.jpeg 300w, https:\/\/cmas.udd.cl\/wp-content\/uploads\/2025\/12\/WhatsApp-Image-2025-12-03-at-12.00.45-6-768x512.jpeg 768w, https:\/\/cmas.udd.cl\/wp-content\/uploads\/2025\/12\/WhatsApp-Image-2025-12-03-at-12.00.45-6-1536x1023.jpeg 1536w, https:\/\/cmas.udd.cl\/wp-content\/uploads\/2025\/12\/WhatsApp-Image-2025-12-03-at-12.00.45-6-18x12.jpeg 18w, https:\/\/cmas.udd.cl\/wp-content\/uploads\/2025\/12\/WhatsApp-Image-2025-12-03-at-12.00.45-6.jpeg 1600w\" sizes=\"(max-width: 1024px) 100vw, 1024px\" \/><\/figure>\n\n<figure class=\"wp-block-image size-large\"><img loading=\"lazy\" decoding=\"async\" width=\"1024\" height=\"682\" data-id=\"6937\" class=\"wp-image-6937\" src=\"https:\/\/cmas.udd.cl\/wp-content\/uploads\/2025\/12\/WhatsApp-Image-2025-12-03-at-12.00.45-5-1024x682.jpeg\" alt=\"\" srcset=\"https:\/\/cmas.udd.cl\/wp-content\/uploads\/2025\/12\/WhatsApp-Image-2025-12-03-at-12.00.45-5-1024x682.jpeg 1024w, https:\/\/cmas.udd.cl\/wp-content\/uploads\/2025\/12\/WhatsApp-Image-2025-12-03-at-12.00.45-5-300x200.jpeg 300w, https:\/\/cmas.udd.cl\/wp-content\/uploads\/2025\/12\/WhatsApp-Image-2025-12-03-at-12.00.45-5-768x512.jpeg 768w, https:\/\/cmas.udd.cl\/wp-content\/uploads\/2025\/12\/WhatsApp-Image-2025-12-03-at-12.00.45-5-1536x1023.jpeg 1536w, https:\/\/cmas.udd.cl\/wp-content\/uploads\/2025\/12\/WhatsApp-Image-2025-12-03-at-12.00.45-5-18x12.jpeg 18w, https:\/\/cmas.udd.cl\/wp-content\/uploads\/2025\/12\/WhatsApp-Image-2025-12-03-at-12.00.45-5.jpeg 1600w\" sizes=\"(max-width: 1024px) 100vw, 1024px\" \/><\/figure>\n\n<figure class=\"wp-block-image size-large\"><img loading=\"lazy\" decoding=\"async\" width=\"1024\" height=\"682\" data-id=\"6933\" class=\"wp-image-6933\" src=\"https:\/\/cmas.udd.cl\/wp-content\/uploads\/2025\/12\/WhatsApp-Image-2025-12-03-at-12.00.45-4-1024x682.jpeg\" alt=\"\" srcset=\"https:\/\/cmas.udd.cl\/wp-content\/uploads\/2025\/12\/WhatsApp-Image-2025-12-03-at-12.00.45-4-1024x682.jpeg 1024w, https:\/\/cmas.udd.cl\/wp-content\/uploads\/2025\/12\/WhatsApp-Image-2025-12-03-at-12.00.45-4-300x200.jpeg 300w, https:\/\/cmas.udd.cl\/wp-content\/uploads\/2025\/12\/WhatsApp-Image-2025-12-03-at-12.00.45-4-768x512.jpeg 768w, https:\/\/cmas.udd.cl\/wp-content\/uploads\/2025\/12\/WhatsApp-Image-2025-12-03-at-12.00.45-4-1536x1023.jpeg 1536w, https:\/\/cmas.udd.cl\/wp-content\/uploads\/2025\/12\/WhatsApp-Image-2025-12-03-at-12.00.45-4-18x12.jpeg 18w, https:\/\/cmas.udd.cl\/wp-content\/uploads\/2025\/12\/WhatsApp-Image-2025-12-03-at-12.00.45-4.jpeg 1600w\" sizes=\"(max-width: 1024px) 100vw, 1024px\" \/><\/figure>\n\n<figure class=\"wp-block-image size-large\"><img loading=\"lazy\" decoding=\"async\" width=\"1024\" height=\"682\" data-id=\"6931\" class=\"wp-image-6931\" src=\"https:\/\/cmas.udd.cl\/wp-content\/uploads\/2025\/12\/WhatsApp-Image-2025-12-03-at-12.00.45-3-1024x682.jpeg\" alt=\"\" srcset=\"https:\/\/cmas.udd.cl\/wp-content\/uploads\/2025\/12\/WhatsApp-Image-2025-12-03-at-12.00.45-3-1024x682.jpeg 1024w, https:\/\/cmas.udd.cl\/wp-content\/uploads\/2025\/12\/WhatsApp-Image-2025-12-03-at-12.00.45-3-300x200.jpeg 300w, https:\/\/cmas.udd.cl\/wp-content\/uploads\/2025\/12\/WhatsApp-Image-2025-12-03-at-12.00.45-3-768x512.jpeg 768w, https:\/\/cmas.udd.cl\/wp-content\/uploads\/2025\/12\/WhatsApp-Image-2025-12-03-at-12.00.45-3-1536x1023.jpeg 1536w, https:\/\/cmas.udd.cl\/wp-content\/uploads\/2025\/12\/WhatsApp-Image-2025-12-03-at-12.00.45-3-18x12.jpeg 18w, https:\/\/cmas.udd.cl\/wp-content\/uploads\/2025\/12\/WhatsApp-Image-2025-12-03-at-12.00.45-3.jpeg 1600w\" sizes=\"(max-width: 1024px) 100vw, 1024px\" \/><\/figure>\n\n<figure class=\"wp-block-image size-large\"><img loading=\"lazy\" decoding=\"async\" width=\"1024\" height=\"682\" data-id=\"6935\" class=\"wp-image-6935\" src=\"https:\/\/cmas.udd.cl\/wp-content\/uploads\/2025\/12\/WhatsApp-Image-2025-12-03-at-12.00.45-2-1024x682.jpeg\" alt=\"\" srcset=\"https:\/\/cmas.udd.cl\/wp-content\/uploads\/2025\/12\/WhatsApp-Image-2025-12-03-at-12.00.45-2-1024x682.jpeg 1024w, https:\/\/cmas.udd.cl\/wp-content\/uploads\/2025\/12\/WhatsApp-Image-2025-12-03-at-12.00.45-2-300x200.jpeg 300w, https:\/\/cmas.udd.cl\/wp-content\/uploads\/2025\/12\/WhatsApp-Image-2025-12-03-at-12.00.45-2-768x512.jpeg 768w, https:\/\/cmas.udd.cl\/wp-content\/uploads\/2025\/12\/WhatsApp-Image-2025-12-03-at-12.00.45-2-1536x1023.jpeg 1536w, https:\/\/cmas.udd.cl\/wp-content\/uploads\/2025\/12\/WhatsApp-Image-2025-12-03-at-12.00.45-2-18x12.jpeg 18w, https:\/\/cmas.udd.cl\/wp-content\/uploads\/2025\/12\/WhatsApp-Image-2025-12-03-at-12.00.45-2.jpeg 1600w\" sizes=\"(max-width: 1024px) 100vw, 1024px\" \/><\/figure>\n\n<figure class=\"wp-block-image size-large\"><img loading=\"lazy\" decoding=\"async\" width=\"1024\" height=\"682\" data-id=\"6938\" class=\"wp-image-6938\" src=\"https:\/\/cmas.udd.cl\/wp-content\/uploads\/2025\/12\/WhatsApp-Image-2025-12-03-at-12.00.45-1-1024x682.jpeg\" alt=\"\" srcset=\"https:\/\/cmas.udd.cl\/wp-content\/uploads\/2025\/12\/WhatsApp-Image-2025-12-03-at-12.00.45-1-1024x682.jpeg 1024w, https:\/\/cmas.udd.cl\/wp-content\/uploads\/2025\/12\/WhatsApp-Image-2025-12-03-at-12.00.45-1-300x200.jpeg 300w, https:\/\/cmas.udd.cl\/wp-content\/uploads\/2025\/12\/WhatsApp-Image-2025-12-03-at-12.00.45-1-768x512.jpeg 768w, https:\/\/cmas.udd.cl\/wp-content\/uploads\/2025\/12\/WhatsApp-Image-2025-12-03-at-12.00.45-1-1536x1023.jpeg 1536w, https:\/\/cmas.udd.cl\/wp-content\/uploads\/2025\/12\/WhatsApp-Image-2025-12-03-at-12.00.45-1-18x12.jpeg 18w, https:\/\/cmas.udd.cl\/wp-content\/uploads\/2025\/12\/WhatsApp-Image-2025-12-03-at-12.00.45-1.jpeg 1600w\" sizes=\"(max-width: 1024px) 100vw, 1024px\" \/><\/figure>\n\n<figure class=\"wp-block-image size-large\"><img loading=\"lazy\" decoding=\"async\" width=\"1024\" height=\"682\" data-id=\"6936\" class=\"wp-image-6936\" src=\"https:\/\/cmas.udd.cl\/wp-content\/uploads\/2025\/12\/WhatsApp-Image-2025-12-03-at-12.00.45-1024x682.jpeg\" alt=\"\" srcset=\"https:\/\/cmas.udd.cl\/wp-content\/uploads\/2025\/12\/WhatsApp-Image-2025-12-03-at-12.00.45-1024x682.jpeg 1024w, https:\/\/cmas.udd.cl\/wp-content\/uploads\/2025\/12\/WhatsApp-Image-2025-12-03-at-12.00.45-300x200.jpeg 300w, https:\/\/cmas.udd.cl\/wp-content\/uploads\/2025\/12\/WhatsApp-Image-2025-12-03-at-12.00.45-768x512.jpeg 768w, https:\/\/cmas.udd.cl\/wp-content\/uploads\/2025\/12\/WhatsApp-Image-2025-12-03-at-12.00.45-1536x1023.jpeg 1536w, https:\/\/cmas.udd.cl\/wp-content\/uploads\/2025\/12\/WhatsApp-Image-2025-12-03-at-12.00.45-18x12.jpeg 18w, https:\/\/cmas.udd.cl\/wp-content\/uploads\/2025\/12\/WhatsApp-Image-2025-12-03-at-12.00.45.jpeg 1600w\" sizes=\"(max-width: 1024px) 100vw, 1024px\" \/><\/figure>\n<\/figure>\n\t\t\t\t\t\t\t\t<\/div>\n\t\t\t\t<\/div>\n\t\t\t\t\t<\/div>\n\t\t\t\t<\/div>\n\t\t\t\t<\/div>","protected":false},"featured_media":6936,"template":"","taxo_noticias":[89],"grupo-de-investigacion":[107],"class_list":["post-6926","cplus_noticias","type-cplus_noticias","status-publish","has-post-thumbnail","hentry","taxo_noticias-future-elements","grupo-de-investigacion-future_elements"],"acf":[],"yoast_head":"<!-- This site is optimized with the Yoast SEO plugin v27.3 - https:\/\/yoast.com\/product\/yoast-seo-wordpress\/ -->\n<title>Foro del Litio 360\u00b0: Seminario congrega a expertos para debatir sobre el negocio y desaf\u00edos del litio\u00a0\u00a0 - C+<\/title>\n<meta name=\"robots\" content=\"index, follow, max-snippet:-1, max-image-preview:large, max-video-preview:-1\" \/>\n<link rel=\"canonical\" href=\"https:\/\/cmas.udd.cl\/en\/cplus_noticias\/foro-del-litio-360-seminario-congrega-a-expertos-para-debatir-sobre-el-negocio-y-desafios-del-litio\/\" \/>\n<meta property=\"og:locale\" content=\"en_US\" \/>\n<meta property=\"og:type\" content=\"article\" \/>\n<meta property=\"og:title\" content=\"Foro del Litio 360\u00b0: Seminario congrega a expertos para debatir sobre el negocio y desaf\u00edos del litio\u00a0\u00a0 - C+\" \/>\n<meta property=\"og:description\" content=\"Alrededor de 250 asistentes se congregaron para analizar los principales desaf\u00edos productivos, regulatorios, comerciales, ambientales y sociales del litio de cara a la transici\u00f3n energ\u00e9tica mundial, en una nueva versi\u00f3n del Foro del Litio 360\u00b0, organizado por el Centro de Investigaci\u00f3n en Tecnolog\u00edas para la Sociedad (C+) de\u00a0la Facultad de\u00a0Ingenier\u00eda UDD y SMI ICE Chile, [&hellip;]\" \/>\n<meta property=\"og:url\" content=\"https:\/\/cmas.udd.cl\/en\/cplus_noticias\/foro-del-litio-360-seminario-congrega-a-expertos-para-debatir-sobre-el-negocio-y-desafios-del-litio\/\" \/>\n<meta property=\"og:site_name\" content=\"C+\" \/>\n<meta property=\"article:modified_time\" content=\"2025-12-23T20:29:26+00:00\" \/>\n<meta property=\"og:image\" content=\"https:\/\/cmas.udd.cl\/wp-content\/uploads\/2025\/12\/WhatsApp-Image-2025-12-03-at-12.00.45.jpeg\" \/>\n\t<meta property=\"og:image:width\" content=\"1600\" \/>\n\t<meta property=\"og:image:height\" content=\"1066\" \/>\n\t<meta property=\"og:image:type\" content=\"image\/jpeg\" \/>\n<meta name=\"twitter:card\" content=\"summary_large_image\" \/>\n<meta name=\"twitter:label1\" content=\"Est. reading time\" \/>\n\t<meta name=\"twitter:data1\" content=\"5 minutes\" \/>\n<script type=\"application\/ld+json\" class=\"yoast-schema-graph\">{\"@context\":\"https:\\\/\\\/schema.org\",\"@graph\":[{\"@type\":\"WebPage\",\"@id\":\"https:\\\/\\\/cmas.udd.cl\\\/cplus_noticias\\\/foro-del-litio-360-seminario-congrega-a-expertos-para-debatir-sobre-el-negocio-y-desafios-del-litio\\\/\",\"url\":\"https:\\\/\\\/cmas.udd.cl\\\/cplus_noticias\\\/foro-del-litio-360-seminario-congrega-a-expertos-para-debatir-sobre-el-negocio-y-desafios-del-litio\\\/\",\"name\":\"Foro del Litio 360\u00b0: Seminario congrega a expertos para debatir sobre el negocio y desaf\u00edos del litio\u00a0\u00a0 - C+\",\"isPartOf\":{\"@id\":\"https:\\\/\\\/cmas.udd.cl\\\/#website\"},\"primaryImageOfPage\":{\"@id\":\"https:\\\/\\\/cmas.udd.cl\\\/cplus_noticias\\\/foro-del-litio-360-seminario-congrega-a-expertos-para-debatir-sobre-el-negocio-y-desafios-del-litio\\\/#primaryimage\"},\"image\":{\"@id\":\"https:\\\/\\\/cmas.udd.cl\\\/cplus_noticias\\\/foro-del-litio-360-seminario-congrega-a-expertos-para-debatir-sobre-el-negocio-y-desafios-del-litio\\\/#primaryimage\"},\"thumbnailUrl\":\"https:\\\/\\\/cmas.udd.cl\\\/wp-content\\\/uploads\\\/2025\\\/12\\\/WhatsApp-Image-2025-12-03-at-12.00.45.jpeg\",\"datePublished\":\"2025-12-03T15:19:00+00:00\",\"dateModified\":\"2025-12-23T20:29:26+00:00\",\"breadcrumb\":{\"@id\":\"https:\\\/\\\/cmas.udd.cl\\\/cplus_noticias\\\/foro-del-litio-360-seminario-congrega-a-expertos-para-debatir-sobre-el-negocio-y-desafios-del-litio\\\/#breadcrumb\"},\"inLanguage\":\"en-US\",\"potentialAction\":[{\"@type\":\"ReadAction\",\"target\":[\"https:\\\/\\\/cmas.udd.cl\\\/cplus_noticias\\\/foro-del-litio-360-seminario-congrega-a-expertos-para-debatir-sobre-el-negocio-y-desafios-del-litio\\\/\"]}]},{\"@type\":\"ImageObject\",\"inLanguage\":\"en-US\",\"@id\":\"https:\\\/\\\/cmas.udd.cl\\\/cplus_noticias\\\/foro-del-litio-360-seminario-congrega-a-expertos-para-debatir-sobre-el-negocio-y-desafios-del-litio\\\/#primaryimage\",\"url\":\"https:\\\/\\\/cmas.udd.cl\\\/wp-content\\\/uploads\\\/2025\\\/12\\\/WhatsApp-Image-2025-12-03-at-12.00.45.jpeg\",\"contentUrl\":\"https:\\\/\\\/cmas.udd.cl\\\/wp-content\\\/uploads\\\/2025\\\/12\\\/WhatsApp-Image-2025-12-03-at-12.00.45.jpeg\",\"width\":1600,\"height\":1066},{\"@type\":\"BreadcrumbList\",\"@id\":\"https:\\\/\\\/cmas.udd.cl\\\/cplus_noticias\\\/foro-del-litio-360-seminario-congrega-a-expertos-para-debatir-sobre-el-negocio-y-desafios-del-litio\\\/#breadcrumb\",\"itemListElement\":[{\"@type\":\"ListItem\",\"position\":1,\"name\":\"Home\",\"item\":\"https:\\\/\\\/cmas.udd.cl\\\/\"},{\"@type\":\"ListItem\",\"position\":2,\"name\":\"cplus_noticias\",\"item\":\"https:\\\/\\\/cmas.udd.cl\\\/cplus_noticias\\\/\"},{\"@type\":\"ListItem\",\"position\":3,\"name\":\"Foro del Litio 360\u00b0: Seminario congrega a expertos para debatir sobre el negocio y desaf\u00edos del litio\u00a0\u00a0\"}]},{\"@type\":\"WebSite\",\"@id\":\"https:\\\/\\\/cmas.udd.cl\\\/#website\",\"url\":\"https:\\\/\\\/cmas.udd.cl\\\/\",\"name\":\"C+\",\"description\":\"Centro Investigaci\u00f3n enTecnolog\u00edas para la Sociedad\",\"publisher\":{\"@id\":\"https:\\\/\\\/cmas.udd.cl\\\/#organization\"},\"potentialAction\":[{\"@type\":\"SearchAction\",\"target\":{\"@type\":\"EntryPoint\",\"urlTemplate\":\"https:\\\/\\\/cmas.udd.cl\\\/?s={search_term_string}\"},\"query-input\":{\"@type\":\"PropertyValueSpecification\",\"valueRequired\":true,\"valueName\":\"search_term_string\"}}],\"inLanguage\":\"en-US\"},{\"@type\":\"Organization\",\"@id\":\"https:\\\/\\\/cmas.udd.cl\\\/#organization\",\"name\":\"C+\",\"url\":\"https:\\\/\\\/cmas.udd.cl\\\/\",\"logo\":{\"@type\":\"ImageObject\",\"inLanguage\":\"en-US\",\"@id\":\"https:\\\/\\\/cmas.udd.cl\\\/#\\\/schema\\\/logo\\\/image\\\/\",\"url\":\"https:\\\/\\\/cmas.udd.cl\\\/wp-content\\\/uploads\\\/2023\\\/05\\\/Logo-compuesto-UDD-Cmas.png\",\"contentUrl\":\"https:\\\/\\\/cmas.udd.cl\\\/wp-content\\\/uploads\\\/2023\\\/05\\\/Logo-compuesto-UDD-Cmas.png\",\"width\":695,\"height\":72,\"caption\":\"C+\"},\"image\":{\"@id\":\"https:\\\/\\\/cmas.udd.cl\\\/#\\\/schema\\\/logo\\\/image\\\/\"}}]}<\/script>\n<!-- \/ Yoast SEO plugin. -->","yoast_head_json":{"title":"Foro del Litio 360\u00b0: Seminario congrega a expertos para debatir sobre el negocio y desaf\u00edos del litio\u00a0\u00a0 - C+","robots":{"index":"index","follow":"follow","max-snippet":"max-snippet:-1","max-image-preview":"max-image-preview:large","max-video-preview":"max-video-preview:-1"},"canonical":"https:\/\/cmas.udd.cl\/en\/cplus_noticias\/foro-del-litio-360-seminario-congrega-a-expertos-para-debatir-sobre-el-negocio-y-desafios-del-litio\/","og_locale":"en_US","og_type":"article","og_title":"Foro del Litio 360\u00b0: Seminario congrega a expertos para debatir sobre el negocio y desaf\u00edos del litio\u00a0\u00a0 - C+","og_description":"Alrededor de 250 asistentes se congregaron para analizar los principales desaf\u00edos productivos, regulatorios, comerciales, ambientales y sociales del litio de cara a la transici\u00f3n energ\u00e9tica mundial, en una nueva versi\u00f3n del Foro del Litio 360\u00b0, organizado por el Centro de Investigaci\u00f3n en Tecnolog\u00edas para la Sociedad (C+) de\u00a0la Facultad de\u00a0Ingenier\u00eda UDD y SMI ICE Chile, [&hellip;]","og_url":"https:\/\/cmas.udd.cl\/en\/cplus_noticias\/foro-del-litio-360-seminario-congrega-a-expertos-para-debatir-sobre-el-negocio-y-desafios-del-litio\/","og_site_name":"C+","article_modified_time":"2025-12-23T20:29:26+00:00","og_image":[{"width":1600,"height":1066,"url":"https:\/\/cmas.udd.cl\/wp-content\/uploads\/2025\/12\/WhatsApp-Image-2025-12-03-at-12.00.45.jpeg","type":"image\/jpeg"}],"twitter_card":"summary_large_image","twitter_misc":{"Est. reading time":"5 minutes"},"schema":{"@context":"https:\/\/schema.org","@graph":[{"@type":"WebPage","@id":"https:\/\/cmas.udd.cl\/cplus_noticias\/foro-del-litio-360-seminario-congrega-a-expertos-para-debatir-sobre-el-negocio-y-desafios-del-litio\/","url":"https:\/\/cmas.udd.cl\/cplus_noticias\/foro-del-litio-360-seminario-congrega-a-expertos-para-debatir-sobre-el-negocio-y-desafios-del-litio\/","name":"Foro del Litio 360\u00b0: Seminario congrega a expertos para debatir sobre el negocio y desaf\u00edos del litio\u00a0\u00a0 - C+","isPartOf":{"@id":"https:\/\/cmas.udd.cl\/#website"},"primaryImageOfPage":{"@id":"https:\/\/cmas.udd.cl\/cplus_noticias\/foro-del-litio-360-seminario-congrega-a-expertos-para-debatir-sobre-el-negocio-y-desafios-del-litio\/#primaryimage"},"image":{"@id":"https:\/\/cmas.udd.cl\/cplus_noticias\/foro-del-litio-360-seminario-congrega-a-expertos-para-debatir-sobre-el-negocio-y-desafios-del-litio\/#primaryimage"},"thumbnailUrl":"https:\/\/cmas.udd.cl\/wp-content\/uploads\/2025\/12\/WhatsApp-Image-2025-12-03-at-12.00.45.jpeg","datePublished":"2025-12-03T15:19:00+00:00","dateModified":"2025-12-23T20:29:26+00:00","breadcrumb":{"@id":"https:\/\/cmas.udd.cl\/cplus_noticias\/foro-del-litio-360-seminario-congrega-a-expertos-para-debatir-sobre-el-negocio-y-desafios-del-litio\/#breadcrumb"},"inLanguage":"en-US","potentialAction":[{"@type":"ReadAction","target":["https:\/\/cmas.udd.cl\/cplus_noticias\/foro-del-litio-360-seminario-congrega-a-expertos-para-debatir-sobre-el-negocio-y-desafios-del-litio\/"]}]},{"@type":"ImageObject","inLanguage":"en-US","@id":"https:\/\/cmas.udd.cl\/cplus_noticias\/foro-del-litio-360-seminario-congrega-a-expertos-para-debatir-sobre-el-negocio-y-desafios-del-litio\/#primaryimage","url":"https:\/\/cmas.udd.cl\/wp-content\/uploads\/2025\/12\/WhatsApp-Image-2025-12-03-at-12.00.45.jpeg","contentUrl":"https:\/\/cmas.udd.cl\/wp-content\/uploads\/2025\/12\/WhatsApp-Image-2025-12-03-at-12.00.45.jpeg","width":1600,"height":1066},{"@type":"BreadcrumbList","@id":"https:\/\/cmas.udd.cl\/cplus_noticias\/foro-del-litio-360-seminario-congrega-a-expertos-para-debatir-sobre-el-negocio-y-desafios-del-litio\/#breadcrumb","itemListElement":[{"@type":"ListItem","position":1,"name":"Home","item":"https:\/\/cmas.udd.cl\/"},{"@type":"ListItem","position":2,"name":"cplus_noticias","item":"https:\/\/cmas.udd.cl\/cplus_noticias\/"},{"@type":"ListItem","position":3,"name":"Foro del Litio 360\u00b0: Seminario congrega a expertos para debatir sobre el negocio y desaf\u00edos del litio\u00a0\u00a0"}]},{"@type":"WebSite","@id":"https:\/\/cmas.udd.cl\/#website","url":"https:\/\/cmas.udd.cl\/","name":"C+","description":"Centro Investigaci\u00f3n enTecnolog\u00edas para la Sociedad","publisher":{"@id":"https:\/\/cmas.udd.cl\/#organization"},"potentialAction":[{"@type":"SearchAction","target":{"@type":"EntryPoint","urlTemplate":"https:\/\/cmas.udd.cl\/?s={search_term_string}"},"query-input":{"@type":"PropertyValueSpecification","valueRequired":true,"valueName":"search_term_string"}}],"inLanguage":"en-US"},{"@type":"Organization","@id":"https:\/\/cmas.udd.cl\/#organization","name":"C+","url":"https:\/\/cmas.udd.cl\/","logo":{"@type":"ImageObject","inLanguage":"en-US","@id":"https:\/\/cmas.udd.cl\/#\/schema\/logo\/image\/","url":"https:\/\/cmas.udd.cl\/wp-content\/uploads\/2023\/05\/Logo-compuesto-UDD-Cmas.png","contentUrl":"https:\/\/cmas.udd.cl\/wp-content\/uploads\/2023\/05\/Logo-compuesto-UDD-Cmas.png","width":695,"height":72,"caption":"C+"},"image":{"@id":"https:\/\/cmas.udd.cl\/#\/schema\/logo\/image\/"}}]}},"_links":{"self":[{"href":"https:\/\/cmas.udd.cl\/en\/wp-json\/wp\/v2\/cplus_noticias\/6926","targetHints":{"allow":["GET"]}}],"collection":[{"href":"https:\/\/cmas.udd.cl\/en\/wp-json\/wp\/v2\/cplus_noticias"}],"about":[{"href":"https:\/\/cmas.udd.cl\/en\/wp-json\/wp\/v2\/types\/cplus_noticias"}],"version-history":[{"count":7,"href":"https:\/\/cmas.udd.cl\/en\/wp-json\/wp\/v2\/cplus_noticias\/6926\/revisions"}],"predecessor-version":[{"id":7037,"href":"https:\/\/cmas.udd.cl\/en\/wp-json\/wp\/v2\/cplus_noticias\/6926\/revisions\/7037"}],"wp:featuredmedia":[{"embeddable":true,"href":"https:\/\/cmas.udd.cl\/en\/wp-json\/wp\/v2\/media\/6936"}],"wp:attachment":[{"href":"https:\/\/cmas.udd.cl\/en\/wp-json\/wp\/v2\/media?parent=6926"}],"wp:term":[{"taxonomy":"taxo_noticias","embeddable":true,"href":"https:\/\/cmas.udd.cl\/en\/wp-json\/wp\/v2\/taxo_noticias?post=6926"},{"taxonomy":"grupo-de-investigacion","embeddable":true,"href":"https:\/\/cmas.udd.cl\/en\/wp-json\/wp\/v2\/grupo-de-investigacion?post=6926"}],"curies":[{"name":"wp","href":"https:\/\/api.w.org\/{rel}","templated":true}]}}