{"id":6913,"date":"2025-12-02T14:18:51","date_gmt":"2025-12-02T14:18:51","guid":{"rendered":"https:\/\/cmas.udd.cl\/?post_type=cplus_noticias&#038;p=6913"},"modified":"2025-12-05T12:26:41","modified_gmt":"2025-12-05T12:26:41","slug":"encuentro-nacional-de-monitoreo-y-sensores-congrega-a-la-comunidad-cientifica-a-conversar-sobre-nuevas-tecnologias-en-data-ambiental","status":"publish","type":"cplus_noticias","link":"https:\/\/cmas.udd.cl\/en\/cplus_noticias\/encuentro-nacional-de-monitoreo-y-sensores-congrega-a-la-comunidad-cientifica-a-conversar-sobre-nuevas-tecnologias-en-data-ambiental\/","title":{"rendered":"Encuentro Nacional de Monitoreo y Sensores congrega a la comunidad cient\u00edfica a conversar sobre nuevas tecnolog\u00edas en data ambiental\u00a0\u00a0"},"content":{"rendered":"<div data-elementor-type=\"wp-post\" data-elementor-id=\"6913\" class=\"elementor elementor-6913\" data-elementor-post-type=\"cplus_noticias\">\n\t\t\t\t<div class=\"elementor-element elementor-element-7592aed e-flex e-con-boxed e-con e-parent\" data-id=\"7592aed\" data-element_type=\"container\" data-e-type=\"container\">\n\t\t\t\t\t<div class=\"e-con-inner\">\n\t\t\t\t<div class=\"elementor-element elementor-element-0eeb6d1 elementor-widget elementor-widget-video\" data-id=\"0eeb6d1\" data-element_type=\"widget\" data-e-type=\"widget\" data-settings=\"{&quot;youtube_url&quot;:&quot;https:\\\/\\\/youtu.be\\\/wjOiTz5eGqY&quot;,&quot;video_type&quot;:&quot;youtube&quot;,&quot;controls&quot;:&quot;yes&quot;}\" data-widget_type=\"video.default\">\n\t\t\t\t<div class=\"elementor-widget-container\">\n\t\t\t\t\t\t\t<div class=\"elementor-wrapper elementor-open-inline\">\n\t\t\t<div class=\"elementor-video\"><\/div>\t\t<\/div>\n\t\t\t\t\t\t<\/div>\n\t\t\t\t<\/div>\n\t\t\t\t\t<\/div>\n\t\t\t\t<\/div>\n\t\t<div class=\"elementor-element elementor-element-2e9d8cb9 e-flex e-con-boxed e-con e-parent\" data-id=\"2e9d8cb9\" data-element_type=\"container\" data-e-type=\"container\">\n\t\t\t\t\t<div class=\"e-con-inner\">\n\t\t\t\t<div class=\"elementor-element elementor-element-4ff6d6e2 elementor-widget elementor-widget-text-editor\" data-id=\"4ff6d6e2\" data-element_type=\"widget\" data-e-type=\"widget\" data-widget_type=\"text-editor.default\">\n\t\t\t\t<div class=\"elementor-widget-container\">\n\t\t\t\t\t\t\t\t\t\n<p>Con el objetivo\u00a0de congregar a la comunidad cient\u00edfica, p\u00fablica y privada, interesada en calidad de data y nuevos acercamientos de monitoreo ambiental, se realiz\u00f3 la\u00a04ta\u00a0versi\u00f3n del Encuentro Nacional de Monitoreo y Sensores para Salud Ambiental, organizado por el Centro de Investigaci\u00f3n en Tecnolog\u00edas para la Sociedad (C+) de la Facultad de Ingenier\u00eda UDD\u00a0y la Facultad de Ciencias de la Universidad de Chile.\u00a0\u00a0\u00a0<\/p>\n<p>\u00a0<\/p>\n\n<p>La actividad cont\u00f3 con la presencia de diferentes expositores y expertos que participaron de charlas y presentaciones,\u00a0relacionados a diferentes tem\u00e1ticas como el monitoreo ambiental participativo y humano e inteligencia ambiental.\u00a0\u00a0<\/p>\n<p>\u00a0<\/p>\n\n<div class=\"wp-block-media-text is-stacked-on-mobile\">\n<figure class=\"wp-block-media-text__media\"><img fetchpriority=\"high\" decoding=\"async\" width=\"1024\" height=\"682\" class=\"wp-image-6914 size-full\" src=\"https:\/\/cmas.udd.cl\/wp-content\/uploads\/2025\/12\/WhatsApp-Image-2025-12-02-at-11.17.01-3-1024x682.jpeg\" alt=\"\" srcset=\"https:\/\/cmas.udd.cl\/wp-content\/uploads\/2025\/12\/WhatsApp-Image-2025-12-02-at-11.17.01-3-1024x682.jpeg 1024w, https:\/\/cmas.udd.cl\/wp-content\/uploads\/2025\/12\/WhatsApp-Image-2025-12-02-at-11.17.01-3-300x200.jpeg 300w, https:\/\/cmas.udd.cl\/wp-content\/uploads\/2025\/12\/WhatsApp-Image-2025-12-02-at-11.17.01-3-768x512.jpeg 768w, https:\/\/cmas.udd.cl\/wp-content\/uploads\/2025\/12\/WhatsApp-Image-2025-12-02-at-11.17.01-3-1536x1023.jpeg 1536w, https:\/\/cmas.udd.cl\/wp-content\/uploads\/2025\/12\/WhatsApp-Image-2025-12-02-at-11.17.01-3-18x12.jpeg 18w, https:\/\/cmas.udd.cl\/wp-content\/uploads\/2025\/12\/WhatsApp-Image-2025-12-02-at-11.17.01-3.jpeg 1600w\" sizes=\"(max-width: 1024px) 100vw, 1024px\" \/><\/figure>\n<div class=\"wp-block-media-text__content\">\n<p>La jornada se dividi\u00f3 en dos sesiones, en donde cada expositor present\u00f3 una tem\u00e1tica y diversos casos\u00a0trabajados\u00a0durante el a\u00f1o. Durante la ma\u00f1ana, la sesi\u00f3n fue \u201cMonitoreo Ambiental Participativo y Humano: \u00bfHacia d\u00f3nde vamos?\u201d, la que cont\u00f3 con charlas y una mesa de conversaci\u00f3n.\u00a0\u00a0<\/p>\n<p>\u00a0<\/p>\n<\/div>\n<\/div>\n\n<p>Sobre lo anterior,\u00a0Zo\u00eb\u00a0Fleming, investigadora del Centro de Investigaci\u00f3n C+ agreg\u00f3 que \u201cla primera parte del encuentro se\u00a0enfoc\u00f3 en conversar y exponer sobre tem\u00e1ticas\u00a0socioambientales,\u00a0es decir, en\u00a0c\u00f3mo las comunidades se involucran en las mediciones\u00a0y monitoreo ambiental\u201d.\u00a0\u00a0<\/p>\n<p>\u00a0<\/p>\n\n<p>La segunda sesi\u00f3n se centr\u00f3 en \u201cHacia una Inteligencia Ambiental: Tecnolog\u00eda y Sociedad m\u00e1s all\u00e1 de los Datos\u201d, la que cont\u00f3 con cinco presentaciones,\u00a0charlas y un panel de conversaci\u00f3n sobre nuevos acercamientos tecnol\u00f3gicos en el monitoreo ambiental.\u00a0\u00a0<\/p>\n<p>\u00a0<\/p>\n<p>Para Carlos Manzano, profesor asistente del departamento de Qu\u00edmica de la Facultad de Ciencias de la Universidad de Chile y quien estuvo a cargo de una de las sesiones, sostuvo que \u201ceste a\u00f1o lo nuevo o diferente que conversamos fueron las mediciones satelitales, las que definitivamente aportaron una nueva forma de ver la realidad de los datos, en donde ojal\u00e1 el pr\u00f3ximo a\u00f1o podamos tener resultados ya concretos\u201d.\u00a0<\/p>\n<p>\u00a0<\/p>\n\n<p>Tambi\u00e9n, dentro\u00a0de esta sesi\u00f3n, el director del Centro de Investigaci\u00f3n C+\u00a0dio\u00a0una charla resumen\u00a0sobre el\u00a0FONDEQUIP Mayor <strong>(<a href=\"https:\/\/www.udd.cl\/noticias\/2021\/03\/17\/plataforma-de-estandarizacion-caracterizacion-y-calibracion-de-diagnosticos-ambientales-de-aire-y-agua\/\" target=\"_blank\" rel=\"noreferrer noopener\">Platform\u00a0for\u00a0standardization,\u00a0characterization\u00a0and\u00a0calibration\u00a0of\u00a0environmental\u00a0air and\u00a0water\u00a0diagnoses<\/a>)<\/strong>, investigaci\u00f3n que dio inicio a este tipo de encuentros hace algunos a\u00f1os y en donde se\u00a0present\u00f3\u00a0la plataforma de instrumentos a colaboradores de todo Chile.\u00a0<\/p>\n<p>\u00a0<\/p>\n\n<p>Los invitados, por su parte,\u00a0tambi\u00e9n participaron de mesas de conversaci\u00f3n, donde se tocaron temas relacionados a monitoreo social y comunitario, adem\u00e1s de una feria con stands cient\u00edficos y tecnol\u00f3gicos.\u00a0<\/p>\n<p>\u00a0<\/p>\n\n<figure class=\"wp-block-gallery has-nested-images columns-default is-cropped wp-block-gallery-2 is-layout-flex wp-block-gallery-is-layout-flex\">\n<figure class=\"wp-block-image size-large\"><img decoding=\"async\" width=\"1024\" height=\"682\" data-id=\"6915\" class=\"wp-image-6915\" src=\"https:\/\/cmas.udd.cl\/wp-content\/uploads\/2025\/12\/WhatsApp-Image-2025-12-02-at-11.17.01-2-1024x682.jpeg\" alt=\"\" srcset=\"https:\/\/cmas.udd.cl\/wp-content\/uploads\/2025\/12\/WhatsApp-Image-2025-12-02-at-11.17.01-2-1024x682.jpeg 1024w, https:\/\/cmas.udd.cl\/wp-content\/uploads\/2025\/12\/WhatsApp-Image-2025-12-02-at-11.17.01-2-300x200.jpeg 300w, https:\/\/cmas.udd.cl\/wp-content\/uploads\/2025\/12\/WhatsApp-Image-2025-12-02-at-11.17.01-2-768x512.jpeg 768w, https:\/\/cmas.udd.cl\/wp-content\/uploads\/2025\/12\/WhatsApp-Image-2025-12-02-at-11.17.01-2-1536x1023.jpeg 1536w, https:\/\/cmas.udd.cl\/wp-content\/uploads\/2025\/12\/WhatsApp-Image-2025-12-02-at-11.17.01-2-18x12.jpeg 18w, https:\/\/cmas.udd.cl\/wp-content\/uploads\/2025\/12\/WhatsApp-Image-2025-12-02-at-11.17.01-2.jpeg 1600w\" sizes=\"(max-width: 1024px) 100vw, 1024px\" \/><\/figure>\n\n<figure class=\"wp-block-image size-large\"><img decoding=\"async\" width=\"1024\" height=\"682\" data-id=\"6917\" class=\"wp-image-6917\" src=\"https:\/\/cmas.udd.cl\/wp-content\/uploads\/2025\/12\/WhatsApp-Image-2025-12-02-at-11.17.01-1-1024x682.jpeg\" alt=\"\" srcset=\"https:\/\/cmas.udd.cl\/wp-content\/uploads\/2025\/12\/WhatsApp-Image-2025-12-02-at-11.17.01-1-1024x682.jpeg 1024w, https:\/\/cmas.udd.cl\/wp-content\/uploads\/2025\/12\/WhatsApp-Image-2025-12-02-at-11.17.01-1-300x200.jpeg 300w, https:\/\/cmas.udd.cl\/wp-content\/uploads\/2025\/12\/WhatsApp-Image-2025-12-02-at-11.17.01-1-768x512.jpeg 768w, https:\/\/cmas.udd.cl\/wp-content\/uploads\/2025\/12\/WhatsApp-Image-2025-12-02-at-11.17.01-1-1536x1023.jpeg 1536w, https:\/\/cmas.udd.cl\/wp-content\/uploads\/2025\/12\/WhatsApp-Image-2025-12-02-at-11.17.01-1-18x12.jpeg 18w, https:\/\/cmas.udd.cl\/wp-content\/uploads\/2025\/12\/WhatsApp-Image-2025-12-02-at-11.17.01-1.jpeg 1600w\" sizes=\"(max-width: 1024px) 100vw, 1024px\" \/><\/figure>\n\n<figure class=\"wp-block-image size-large\"><img loading=\"lazy\" decoding=\"async\" width=\"1024\" height=\"682\" data-id=\"6918\" class=\"wp-image-6918\" src=\"https:\/\/cmas.udd.cl\/wp-content\/uploads\/2025\/12\/WhatsApp-Image-2025-12-02-at-11.17.01-1024x682.jpeg\" alt=\"\" srcset=\"https:\/\/cmas.udd.cl\/wp-content\/uploads\/2025\/12\/WhatsApp-Image-2025-12-02-at-11.17.01-1024x682.jpeg 1024w, https:\/\/cmas.udd.cl\/wp-content\/uploads\/2025\/12\/WhatsApp-Image-2025-12-02-at-11.17.01-300x200.jpeg 300w, https:\/\/cmas.udd.cl\/wp-content\/uploads\/2025\/12\/WhatsApp-Image-2025-12-02-at-11.17.01-768x512.jpeg 768w, https:\/\/cmas.udd.cl\/wp-content\/uploads\/2025\/12\/WhatsApp-Image-2025-12-02-at-11.17.01-1536x1023.jpeg 1536w, https:\/\/cmas.udd.cl\/wp-content\/uploads\/2025\/12\/WhatsApp-Image-2025-12-02-at-11.17.01-18x12.jpeg 18w, https:\/\/cmas.udd.cl\/wp-content\/uploads\/2025\/12\/WhatsApp-Image-2025-12-02-at-11.17.01.jpeg 1600w\" sizes=\"(max-width: 1024px) 100vw, 1024px\" \/><\/figure>\n\n<figure class=\"wp-block-image size-large\"><img loading=\"lazy\" decoding=\"async\" width=\"1024\" height=\"768\" data-id=\"6921\" class=\"wp-image-6921\" src=\"https:\/\/cmas.udd.cl\/wp-content\/uploads\/2025\/12\/WhatsApp-Image-2025-11-27-at-11.54.58-1024x768.jpeg\" alt=\"\" srcset=\"https:\/\/cmas.udd.cl\/wp-content\/uploads\/2025\/12\/WhatsApp-Image-2025-11-27-at-11.54.58-1024x768.jpeg 1024w, https:\/\/cmas.udd.cl\/wp-content\/uploads\/2025\/12\/WhatsApp-Image-2025-11-27-at-11.54.58-300x225.jpeg 300w, https:\/\/cmas.udd.cl\/wp-content\/uploads\/2025\/12\/WhatsApp-Image-2025-11-27-at-11.54.58-768x576.jpeg 768w, https:\/\/cmas.udd.cl\/wp-content\/uploads\/2025\/12\/WhatsApp-Image-2025-11-27-at-11.54.58-1536x1152.jpeg 1536w, https:\/\/cmas.udd.cl\/wp-content\/uploads\/2025\/12\/WhatsApp-Image-2025-11-27-at-11.54.58-16x12.jpeg 16w, https:\/\/cmas.udd.cl\/wp-content\/uploads\/2025\/12\/WhatsApp-Image-2025-11-27-at-11.54.58.jpeg 1600w\" sizes=\"(max-width: 1024px) 100vw, 1024px\" \/><\/figure>\n\n<figure class=\"wp-block-image size-large\"><img loading=\"lazy\" decoding=\"async\" width=\"1024\" height=\"576\" data-id=\"6920\" class=\"wp-image-6920\" src=\"https:\/\/cmas.udd.cl\/wp-content\/uploads\/2025\/12\/WhatsApp-Image-2025-11-24-at-16.47.21-1-1024x576.jpeg\" alt=\"\" srcset=\"https:\/\/cmas.udd.cl\/wp-content\/uploads\/2025\/12\/WhatsApp-Image-2025-11-24-at-16.47.21-1-1024x576.jpeg 1024w, https:\/\/cmas.udd.cl\/wp-content\/uploads\/2025\/12\/WhatsApp-Image-2025-11-24-at-16.47.21-1-300x169.jpeg 300w, https:\/\/cmas.udd.cl\/wp-content\/uploads\/2025\/12\/WhatsApp-Image-2025-11-24-at-16.47.21-1-768x432.jpeg 768w, https:\/\/cmas.udd.cl\/wp-content\/uploads\/2025\/12\/WhatsApp-Image-2025-11-24-at-16.47.21-1-18x10.jpeg 18w, https:\/\/cmas.udd.cl\/wp-content\/uploads\/2025\/12\/WhatsApp-Image-2025-11-24-at-16.47.21-1.jpeg 1280w\" sizes=\"(max-width: 1024px) 100vw, 1024px\" \/><\/figure>\n<\/figure>\n\n<p>\u00a0<\/p>\n\t\t\t\t\t\t\t\t<\/div>\n\t\t\t\t<\/div>\n\t\t\t\t\t<\/div>\n\t\t\t\t<\/div>\n\t\t\t\t<\/div>","protected":false},"featured_media":6916,"template":"","taxo_noticias":[26],"grupo-de-investigacion":[103],"class_list":["post-6913","cplus_noticias","type-cplus_noticias","status-publish","has-post-thumbnail","hentry","taxo_noticias-envirohealth","grupo-de-investigacion-enviro_health"],"acf":[],"yoast_head":"<!-- This site is optimized with the Yoast SEO plugin v27.3 - https:\/\/yoast.com\/product\/yoast-seo-wordpress\/ -->\n<title>Encuentro Nacional de Monitoreo y Sensores congrega a la comunidad cient\u00edfica a conversar sobre nuevas tecnolog\u00edas en data ambiental\u00a0\u00a0 - C+<\/title>\n<meta name=\"robots\" content=\"index, follow, max-snippet:-1, max-image-preview:large, max-video-preview:-1\" \/>\n<link rel=\"canonical\" href=\"https:\/\/cmas.udd.cl\/en\/cplus_noticias\/encuentro-nacional-de-monitoreo-y-sensores-congrega-a-la-comunidad-cientifica-a-conversar-sobre-nuevas-tecnologias-en-data-ambiental\/\" \/>\n<meta property=\"og:locale\" content=\"en_US\" \/>\n<meta property=\"og:type\" content=\"article\" \/>\n<meta property=\"og:title\" content=\"Encuentro Nacional de Monitoreo y Sensores congrega a la comunidad cient\u00edfica a conversar sobre nuevas tecnolog\u00edas en data ambiental\u00a0\u00a0 - C+\" \/>\n<meta property=\"og:description\" content=\"Con el objetivo\u00a0de congregar a la comunidad cient\u00edfica, p\u00fablica y privada, interesada en calidad de data y nuevos acercamientos de monitoreo ambiental, se realiz\u00f3 la\u00a04ta\u00a0versi\u00f3n del Encuentro Nacional de Monitoreo y Sensores para Salud Ambiental, organizado por el Centro de Investigaci\u00f3n en Tecnolog\u00edas para la Sociedad (C+) de la Facultad de Ingenier\u00eda UDD\u00a0y la Facultad [&hellip;]\" \/>\n<meta property=\"og:url\" content=\"https:\/\/cmas.udd.cl\/en\/cplus_noticias\/encuentro-nacional-de-monitoreo-y-sensores-congrega-a-la-comunidad-cientifica-a-conversar-sobre-nuevas-tecnologias-en-data-ambiental\/\" \/>\n<meta property=\"og:site_name\" content=\"C+\" \/>\n<meta property=\"article:modified_time\" content=\"2025-12-05T12:26:41+00:00\" \/>\n<meta property=\"og:image\" content=\"https:\/\/cmas.udd.cl\/wp-content\/uploads\/2025\/12\/WhatsApp-Image-2025-12-02-at-11.17.01-3-1.jpeg\" \/>\n\t<meta property=\"og:image:width\" content=\"1600\" \/>\n\t<meta property=\"og:image:height\" content=\"1066\" \/>\n\t<meta property=\"og:image:type\" content=\"image\/jpeg\" \/>\n<meta name=\"twitter:card\" content=\"summary_large_image\" \/>\n<meta name=\"twitter:label1\" content=\"Est. reading time\" \/>\n\t<meta name=\"twitter:data1\" content=\"3 minutes\" \/>\n<script type=\"application\/ld+json\" class=\"yoast-schema-graph\">{\"@context\":\"https:\\\/\\\/schema.org\",\"@graph\":[{\"@type\":\"WebPage\",\"@id\":\"https:\\\/\\\/cmas.udd.cl\\\/cplus_noticias\\\/encuentro-nacional-de-monitoreo-y-sensores-congrega-a-la-comunidad-cientifica-a-conversar-sobre-nuevas-tecnologias-en-data-ambiental\\\/\",\"url\":\"https:\\\/\\\/cmas.udd.cl\\\/cplus_noticias\\\/encuentro-nacional-de-monitoreo-y-sensores-congrega-a-la-comunidad-cientifica-a-conversar-sobre-nuevas-tecnologias-en-data-ambiental\\\/\",\"name\":\"Encuentro Nacional de Monitoreo y Sensores congrega a la comunidad cient\u00edfica a conversar sobre nuevas tecnolog\u00edas en data ambiental\u00a0\u00a0 - C+\",\"isPartOf\":{\"@id\":\"https:\\\/\\\/cmas.udd.cl\\\/#website\"},\"primaryImageOfPage\":{\"@id\":\"https:\\\/\\\/cmas.udd.cl\\\/cplus_noticias\\\/encuentro-nacional-de-monitoreo-y-sensores-congrega-a-la-comunidad-cientifica-a-conversar-sobre-nuevas-tecnologias-en-data-ambiental\\\/#primaryimage\"},\"image\":{\"@id\":\"https:\\\/\\\/cmas.udd.cl\\\/cplus_noticias\\\/encuentro-nacional-de-monitoreo-y-sensores-congrega-a-la-comunidad-cientifica-a-conversar-sobre-nuevas-tecnologias-en-data-ambiental\\\/#primaryimage\"},\"thumbnailUrl\":\"https:\\\/\\\/cmas.udd.cl\\\/wp-content\\\/uploads\\\/2025\\\/12\\\/WhatsApp-Image-2025-12-02-at-11.17.01-3-1.jpeg\",\"datePublished\":\"2025-12-02T14:18:51+00:00\",\"dateModified\":\"2025-12-05T12:26:41+00:00\",\"breadcrumb\":{\"@id\":\"https:\\\/\\\/cmas.udd.cl\\\/cplus_noticias\\\/encuentro-nacional-de-monitoreo-y-sensores-congrega-a-la-comunidad-cientifica-a-conversar-sobre-nuevas-tecnologias-en-data-ambiental\\\/#breadcrumb\"},\"inLanguage\":\"en-US\",\"potentialAction\":[{\"@type\":\"ReadAction\",\"target\":[\"https:\\\/\\\/cmas.udd.cl\\\/cplus_noticias\\\/encuentro-nacional-de-monitoreo-y-sensores-congrega-a-la-comunidad-cientifica-a-conversar-sobre-nuevas-tecnologias-en-data-ambiental\\\/\"]}]},{\"@type\":\"ImageObject\",\"inLanguage\":\"en-US\",\"@id\":\"https:\\\/\\\/cmas.udd.cl\\\/cplus_noticias\\\/encuentro-nacional-de-monitoreo-y-sensores-congrega-a-la-comunidad-cientifica-a-conversar-sobre-nuevas-tecnologias-en-data-ambiental\\\/#primaryimage\",\"url\":\"https:\\\/\\\/cmas.udd.cl\\\/wp-content\\\/uploads\\\/2025\\\/12\\\/WhatsApp-Image-2025-12-02-at-11.17.01-3-1.jpeg\",\"contentUrl\":\"https:\\\/\\\/cmas.udd.cl\\\/wp-content\\\/uploads\\\/2025\\\/12\\\/WhatsApp-Image-2025-12-02-at-11.17.01-3-1.jpeg\",\"width\":1600,\"height\":1066},{\"@type\":\"BreadcrumbList\",\"@id\":\"https:\\\/\\\/cmas.udd.cl\\\/cplus_noticias\\\/encuentro-nacional-de-monitoreo-y-sensores-congrega-a-la-comunidad-cientifica-a-conversar-sobre-nuevas-tecnologias-en-data-ambiental\\\/#breadcrumb\",\"itemListElement\":[{\"@type\":\"ListItem\",\"position\":1,\"name\":\"Home\",\"item\":\"https:\\\/\\\/cmas.udd.cl\\\/\"},{\"@type\":\"ListItem\",\"position\":2,\"name\":\"cplus_noticias\",\"item\":\"https:\\\/\\\/cmas.udd.cl\\\/cplus_noticias\\\/\"},{\"@type\":\"ListItem\",\"position\":3,\"name\":\"Encuentro Nacional de Monitoreo y Sensores congrega a la comunidad cient\u00edfica a conversar sobre nuevas tecnolog\u00edas en data ambiental\u00a0\u00a0\"}]},{\"@type\":\"WebSite\",\"@id\":\"https:\\\/\\\/cmas.udd.cl\\\/#website\",\"url\":\"https:\\\/\\\/cmas.udd.cl\\\/\",\"name\":\"C+\",\"description\":\"Centro Investigaci\u00f3n enTecnolog\u00edas para la Sociedad\",\"publisher\":{\"@id\":\"https:\\\/\\\/cmas.udd.cl\\\/#organization\"},\"potentialAction\":[{\"@type\":\"SearchAction\",\"target\":{\"@type\":\"EntryPoint\",\"urlTemplate\":\"https:\\\/\\\/cmas.udd.cl\\\/?s={search_term_string}\"},\"query-input\":{\"@type\":\"PropertyValueSpecification\",\"valueRequired\":true,\"valueName\":\"search_term_string\"}}],\"inLanguage\":\"en-US\"},{\"@type\":\"Organization\",\"@id\":\"https:\\\/\\\/cmas.udd.cl\\\/#organization\",\"name\":\"C+\",\"url\":\"https:\\\/\\\/cmas.udd.cl\\\/\",\"logo\":{\"@type\":\"ImageObject\",\"inLanguage\":\"en-US\",\"@id\":\"https:\\\/\\\/cmas.udd.cl\\\/#\\\/schema\\\/logo\\\/image\\\/\",\"url\":\"https:\\\/\\\/cmas.udd.cl\\\/wp-content\\\/uploads\\\/2023\\\/05\\\/Logo-compuesto-UDD-Cmas.png\",\"contentUrl\":\"https:\\\/\\\/cmas.udd.cl\\\/wp-content\\\/uploads\\\/2023\\\/05\\\/Logo-compuesto-UDD-Cmas.png\",\"width\":695,\"height\":72,\"caption\":\"C+\"},\"image\":{\"@id\":\"https:\\\/\\\/cmas.udd.cl\\\/#\\\/schema\\\/logo\\\/image\\\/\"}}]}<\/script>\n<!-- \/ Yoast SEO plugin. -->","yoast_head_json":{"title":"Encuentro Nacional de Monitoreo y Sensores congrega a la comunidad cient\u00edfica a conversar sobre nuevas tecnolog\u00edas en data ambiental\u00a0\u00a0 - C+","robots":{"index":"index","follow":"follow","max-snippet":"max-snippet:-1","max-image-preview":"max-image-preview:large","max-video-preview":"max-video-preview:-1"},"canonical":"https:\/\/cmas.udd.cl\/en\/cplus_noticias\/encuentro-nacional-de-monitoreo-y-sensores-congrega-a-la-comunidad-cientifica-a-conversar-sobre-nuevas-tecnologias-en-data-ambiental\/","og_locale":"en_US","og_type":"article","og_title":"Encuentro Nacional de Monitoreo y Sensores congrega a la comunidad cient\u00edfica a conversar sobre nuevas tecnolog\u00edas en data ambiental\u00a0\u00a0 - C+","og_description":"Con el objetivo\u00a0de congregar a la comunidad cient\u00edfica, p\u00fablica y privada, interesada en calidad de data y nuevos acercamientos de monitoreo ambiental, se realiz\u00f3 la\u00a04ta\u00a0versi\u00f3n del Encuentro Nacional de Monitoreo y Sensores para Salud Ambiental, organizado por el Centro de Investigaci\u00f3n en Tecnolog\u00edas para la Sociedad (C+) de la Facultad de Ingenier\u00eda UDD\u00a0y la Facultad [&hellip;]","og_url":"https:\/\/cmas.udd.cl\/en\/cplus_noticias\/encuentro-nacional-de-monitoreo-y-sensores-congrega-a-la-comunidad-cientifica-a-conversar-sobre-nuevas-tecnologias-en-data-ambiental\/","og_site_name":"C+","article_modified_time":"2025-12-05T12:26:41+00:00","og_image":[{"width":1600,"height":1066,"url":"https:\/\/cmas.udd.cl\/wp-content\/uploads\/2025\/12\/WhatsApp-Image-2025-12-02-at-11.17.01-3-1.jpeg","type":"image\/jpeg"}],"twitter_card":"summary_large_image","twitter_misc":{"Est. reading time":"3 minutes"},"schema":{"@context":"https:\/\/schema.org","@graph":[{"@type":"WebPage","@id":"https:\/\/cmas.udd.cl\/cplus_noticias\/encuentro-nacional-de-monitoreo-y-sensores-congrega-a-la-comunidad-cientifica-a-conversar-sobre-nuevas-tecnologias-en-data-ambiental\/","url":"https:\/\/cmas.udd.cl\/cplus_noticias\/encuentro-nacional-de-monitoreo-y-sensores-congrega-a-la-comunidad-cientifica-a-conversar-sobre-nuevas-tecnologias-en-data-ambiental\/","name":"Encuentro Nacional de Monitoreo y Sensores congrega a la comunidad cient\u00edfica a conversar sobre nuevas tecnolog\u00edas en data ambiental\u00a0\u00a0 - C+","isPartOf":{"@id":"https:\/\/cmas.udd.cl\/#website"},"primaryImageOfPage":{"@id":"https:\/\/cmas.udd.cl\/cplus_noticias\/encuentro-nacional-de-monitoreo-y-sensores-congrega-a-la-comunidad-cientifica-a-conversar-sobre-nuevas-tecnologias-en-data-ambiental\/#primaryimage"},"image":{"@id":"https:\/\/cmas.udd.cl\/cplus_noticias\/encuentro-nacional-de-monitoreo-y-sensores-congrega-a-la-comunidad-cientifica-a-conversar-sobre-nuevas-tecnologias-en-data-ambiental\/#primaryimage"},"thumbnailUrl":"https:\/\/cmas.udd.cl\/wp-content\/uploads\/2025\/12\/WhatsApp-Image-2025-12-02-at-11.17.01-3-1.jpeg","datePublished":"2025-12-02T14:18:51+00:00","dateModified":"2025-12-05T12:26:41+00:00","breadcrumb":{"@id":"https:\/\/cmas.udd.cl\/cplus_noticias\/encuentro-nacional-de-monitoreo-y-sensores-congrega-a-la-comunidad-cientifica-a-conversar-sobre-nuevas-tecnologias-en-data-ambiental\/#breadcrumb"},"inLanguage":"en-US","potentialAction":[{"@type":"ReadAction","target":["https:\/\/cmas.udd.cl\/cplus_noticias\/encuentro-nacional-de-monitoreo-y-sensores-congrega-a-la-comunidad-cientifica-a-conversar-sobre-nuevas-tecnologias-en-data-ambiental\/"]}]},{"@type":"ImageObject","inLanguage":"en-US","@id":"https:\/\/cmas.udd.cl\/cplus_noticias\/encuentro-nacional-de-monitoreo-y-sensores-congrega-a-la-comunidad-cientifica-a-conversar-sobre-nuevas-tecnologias-en-data-ambiental\/#primaryimage","url":"https:\/\/cmas.udd.cl\/wp-content\/uploads\/2025\/12\/WhatsApp-Image-2025-12-02-at-11.17.01-3-1.jpeg","contentUrl":"https:\/\/cmas.udd.cl\/wp-content\/uploads\/2025\/12\/WhatsApp-Image-2025-12-02-at-11.17.01-3-1.jpeg","width":1600,"height":1066},{"@type":"BreadcrumbList","@id":"https:\/\/cmas.udd.cl\/cplus_noticias\/encuentro-nacional-de-monitoreo-y-sensores-congrega-a-la-comunidad-cientifica-a-conversar-sobre-nuevas-tecnologias-en-data-ambiental\/#breadcrumb","itemListElement":[{"@type":"ListItem","position":1,"name":"Home","item":"https:\/\/cmas.udd.cl\/"},{"@type":"ListItem","position":2,"name":"cplus_noticias","item":"https:\/\/cmas.udd.cl\/cplus_noticias\/"},{"@type":"ListItem","position":3,"name":"Encuentro Nacional de Monitoreo y Sensores congrega a la comunidad cient\u00edfica a conversar sobre nuevas tecnolog\u00edas en data ambiental\u00a0\u00a0"}]},{"@type":"WebSite","@id":"https:\/\/cmas.udd.cl\/#website","url":"https:\/\/cmas.udd.cl\/","name":"C+","description":"Centro Investigaci\u00f3n enTecnolog\u00edas para la Sociedad","publisher":{"@id":"https:\/\/cmas.udd.cl\/#organization"},"potentialAction":[{"@type":"SearchAction","target":{"@type":"EntryPoint","urlTemplate":"https:\/\/cmas.udd.cl\/?s={search_term_string}"},"query-input":{"@type":"PropertyValueSpecification","valueRequired":true,"valueName":"search_term_string"}}],"inLanguage":"en-US"},{"@type":"Organization","@id":"https:\/\/cmas.udd.cl\/#organization","name":"C+","url":"https:\/\/cmas.udd.cl\/","logo":{"@type":"ImageObject","inLanguage":"en-US","@id":"https:\/\/cmas.udd.cl\/#\/schema\/logo\/image\/","url":"https:\/\/cmas.udd.cl\/wp-content\/uploads\/2023\/05\/Logo-compuesto-UDD-Cmas.png","contentUrl":"https:\/\/cmas.udd.cl\/wp-content\/uploads\/2023\/05\/Logo-compuesto-UDD-Cmas.png","width":695,"height":72,"caption":"C+"},"image":{"@id":"https:\/\/cmas.udd.cl\/#\/schema\/logo\/image\/"}}]}},"_links":{"self":[{"href":"https:\/\/cmas.udd.cl\/en\/wp-json\/wp\/v2\/cplus_noticias\/6913","targetHints":{"allow":["GET"]}}],"collection":[{"href":"https:\/\/cmas.udd.cl\/en\/wp-json\/wp\/v2\/cplus_noticias"}],"about":[{"href":"https:\/\/cmas.udd.cl\/en\/wp-json\/wp\/v2\/types\/cplus_noticias"}],"version-history":[{"count":7,"href":"https:\/\/cmas.udd.cl\/en\/wp-json\/wp\/v2\/cplus_noticias\/6913\/revisions"}],"predecessor-version":[{"id":6948,"href":"https:\/\/cmas.udd.cl\/en\/wp-json\/wp\/v2\/cplus_noticias\/6913\/revisions\/6948"}],"wp:featuredmedia":[{"embeddable":true,"href":"https:\/\/cmas.udd.cl\/en\/wp-json\/wp\/v2\/media\/6916"}],"wp:attachment":[{"href":"https:\/\/cmas.udd.cl\/en\/wp-json\/wp\/v2\/media?parent=6913"}],"wp:term":[{"taxonomy":"taxo_noticias","embeddable":true,"href":"https:\/\/cmas.udd.cl\/en\/wp-json\/wp\/v2\/taxo_noticias?post=6913"},{"taxonomy":"grupo-de-investigacion","embeddable":true,"href":"https:\/\/cmas.udd.cl\/en\/wp-json\/wp\/v2\/grupo-de-investigacion?post=6913"}],"curies":[{"name":"wp","href":"https:\/\/api.w.org\/{rel}","templated":true}]}}