{"id":6668,"date":"2025-09-08T19:24:19","date_gmt":"2025-09-08T19:24:19","guid":{"rendered":"https:\/\/cmas.udd.cl\/?post_type=cplus_noticias&#038;p=6668"},"modified":"2025-10-03T14:01:29","modified_gmt":"2025-10-03T14:01:29","slug":"encuentro-por-la-biodiversidad-actividad-sobre-conservacion-y-resiliencia-de-los-territorios-finaliza-con-mas-de-300-asistentes","status":"publish","type":"cplus_noticias","link":"https:\/\/cmas.udd.cl\/en\/cplus_noticias\/encuentro-por-la-biodiversidad-actividad-sobre-conservacion-y-resiliencia-de-los-territorios-finaliza-con-mas-de-300-asistentes\/","title":{"rendered":"Encuentro por la Biodiversidad: \u00a0Actividad sobre conservaci\u00f3n y resiliencia de los territorios finaliza con m\u00e1s de 300 asistentes \u00a0"},"content":{"rendered":"<div data-elementor-type=\"wp-post\" data-elementor-id=\"6668\" class=\"elementor elementor-6668\" data-elementor-post-type=\"cplus_noticias\">\n\t\t\t\t<div class=\"elementor-element elementor-element-f68dab1 e-flex e-con-boxed e-con e-parent\" data-id=\"f68dab1\" data-element_type=\"container\" data-e-type=\"container\">\n\t\t\t\t\t<div class=\"e-con-inner\">\n\t\t\t\t<div class=\"elementor-element elementor-element-18ace0c elementor-widget elementor-widget-video\" data-id=\"18ace0c\" data-element_type=\"widget\" data-e-type=\"widget\" data-settings=\"{&quot;youtube_url&quot;:&quot;https:\\\/\\\/www.youtube.com\\\/watch?v=icTmwPFg7Kg&quot;,&quot;video_type&quot;:&quot;youtube&quot;,&quot;controls&quot;:&quot;yes&quot;}\" data-widget_type=\"video.default\">\n\t\t\t\t<div class=\"elementor-widget-container\">\n\t\t\t\t\t\t\t<div class=\"elementor-wrapper elementor-open-inline\">\n\t\t\t<div class=\"elementor-video\"><\/div>\t\t<\/div>\n\t\t\t\t\t\t<\/div>\n\t\t\t\t<\/div>\n\t\t\t\t\t<\/div>\n\t\t\t\t<\/div>\n\t\t<div class=\"elementor-element elementor-element-5755c77d e-flex e-con-boxed e-con e-parent\" data-id=\"5755c77d\" data-element_type=\"container\" data-e-type=\"container\">\n\t\t\t\t\t<div class=\"e-con-inner\">\n\t\t\t\t<div class=\"elementor-element elementor-element-39031ad4 elementor-widget elementor-widget-text-editor\" data-id=\"39031ad4\" data-element_type=\"widget\" data-e-type=\"widget\" data-widget_type=\"text-editor.default\">\n\t\t\t\t<div class=\"elementor-widget-container\">\n\t\t\t\t\t\t\t\t\t\n<p>Con un gran enfoque en el cuidado y conservaci\u00f3n del ecosistema y la importancia de la colaboraci\u00f3n con las diferentes comunidades, culmin\u00f3 la primera edici\u00f3n del Encuentro por la Biodiversidad ExB, realizado el 4 y 5 de septiembre organizado por Fundaci\u00f3n Travolution, el Centro de Investigaci\u00f3n C+ de la Universidad del Desarrollo, COLAB UC y con Ladera Sur como Media Partner.\u00a0<\/p>\n<p>\u00a0<\/p>\n\n<div class=\"wp-block-media-text is-stacked-on-mobile\">\n<figure class=\"wp-block-media-text__media\"><img fetchpriority=\"high\" decoding=\"async\" width=\"1024\" height=\"682\" class=\"wp-image-6669 size-full\" src=\"https:\/\/cmas.udd.cl\/wp-content\/uploads\/2025\/09\/WhatsApp-Image-2025-09-08-at-16.22.08-7-1024x682.jpeg\" alt=\"\" srcset=\"https:\/\/cmas.udd.cl\/wp-content\/uploads\/2025\/09\/WhatsApp-Image-2025-09-08-at-16.22.08-7-1024x682.jpeg 1024w, https:\/\/cmas.udd.cl\/wp-content\/uploads\/2025\/09\/WhatsApp-Image-2025-09-08-at-16.22.08-7-300x200.jpeg 300w, https:\/\/cmas.udd.cl\/wp-content\/uploads\/2025\/09\/WhatsApp-Image-2025-09-08-at-16.22.08-7-768x512.jpeg 768w, https:\/\/cmas.udd.cl\/wp-content\/uploads\/2025\/09\/WhatsApp-Image-2025-09-08-at-16.22.08-7-1536x1023.jpeg 1536w, https:\/\/cmas.udd.cl\/wp-content\/uploads\/2025\/09\/WhatsApp-Image-2025-09-08-at-16.22.08-7-18x12.jpeg 18w, https:\/\/cmas.udd.cl\/wp-content\/uploads\/2025\/09\/WhatsApp-Image-2025-09-08-at-16.22.08-7.jpeg 1600w\" sizes=\"(max-width: 1024px) 100vw, 1024px\" \/><\/figure>\n<div class=\"wp-block-media-text__content\">\n<p>\u00a0<\/p>\n<p>A la actividad, que ten\u00eda como objetivo generar nuevas perspectivas en el sector del turismo\u00a0sobre la\u00a0biodiversidad, el\u00a0capital natural y\u00a0la\u00a0conservaci\u00f3n, poniendo el foco en la innovaci\u00f3n y el protagonismo de las comunidades; asistieron autoridades como el Gobernador Regional Metropolitano, Claudio Orrego, la subsecretaria de Turismo, Ver\u00f3nica Pardo, el decano de la Facultad de Ingenier\u00eda de la Universidad del Desarrollo, Fernando Rojas, el vicepresidente de CORFO, Jos\u00e9 Miguel Benavente y la Jefa de la Divisi\u00f3n de Biodiversidad y Recursos Naturales del MMA, Daniela Manuschevich.\u00a0<\/p>\n<p>\u00a0<\/p>\n<\/div>\n<\/div>\n\n<p>El decano de la Facultad de Ingenier\u00eda, Fernando Rojas, abri\u00f3 la jornada se\u00f1alando que \u201cdebemos entender que el cuidado y protecci\u00f3n del medio ambiente es un problema complejo, que requiere colaboraci\u00f3n es parte de las razones por las cuales estamos ac\u00e1 (&#8230;) Tenemos un mundo a descubrir y cuidar y el turismo que es gran veh\u00edculo para ello si lo hacemos tambi\u00e9n en forma responsable puede ser un actor importante para este objetivo\u201d. \u00a0<\/p>\n<p>\u00a0<\/p>\n\n<p>Por su parte, Claudio Orrego, gobernador de la Regi\u00f3n Metropolitana, agreg\u00f3 que \u201csi no actuamos ahora no ser\u00e1 posible, por lo que estamos construyendo bases institucionales y de alianzas para que esta realidad de la protecci\u00f3n del medio ambiente y con un turismo sustentable y con comunidades comprometidas sea una realidad en esta regi\u00f3n\u201d. \u00a0<\/p>\n<p>\u00a0<\/p>\n\n<p>El evento cont\u00f3 tambi\u00e9n con un amplio panel de expositores y panelistas de Chile y Am\u00e9rica Latina que estuvieron a cargo de presentar y exponer sobre diferentes temas relacionados al turismo regenerativo, conservaci\u00f3n de la naturaleza, gobernanza territorial, relaci\u00f3n con las comunidades, estrategias de divulgaci\u00f3n, entre otros. \u00a0<\/p>\n<p>\u00a0<\/p>\n\n<p>Tanto expositores como autoridades, hicieron un llamado a reconocer y vivir la biodiversidad, adem\u00e1s de recalcar la importancia de la protecci\u00f3n de nuestro entorno\u00a0de la mano de la colaboraci\u00f3n con las comunidades que habitan en los diferentes ecosistemas. \u00a0<\/p>\n<p>\u00a0<\/p>\n\n<p>Militza Aguirre, directora de Metodolog\u00edas y Proyectos de Fundaci\u00f3n Travolution, directora del equipo organizador y moderadora de uno de los paneles , sostuvo que \u201cen este evento se dieron a conocer pol\u00edticas p\u00fablicas e incentivos para la valoraci\u00f3n econ\u00f3mica de la biodiversidad, modelos de negocios centrados en la naturaleza, nuevas tecnolog\u00edas y modelos innovadores para generar gobernanzas y resiliencia territorial\u201d, la organizadora del evento agreg\u00f3 adem\u00e1s que \u201chubo participaci\u00f3n de iniciativas regionales provenientes de territorios remotos, donde se han generado procesos promoviendo la valoraci\u00f3n de los conocimientos locales para enfrentar la crisis de biodiversidad y crisis clim\u00e1tica\u201d.\u00a0<\/p>\n<p><br \/>\u00a0<br \/>Con esta primera edici\u00f3n se abrieron nuevas conversaciones y redes de colaboraci\u00f3n que continuar\u00e1n trabajando por la conservaci\u00f3n, la regeneraci\u00f3n de los ecosistemas y la resiliencia de los territorios.\u00a0<\/p>\n<p>\u00a0<\/p>\n\n<p>\u201cPara nosotros esta instancia ha marcado un hito muy significativo como organizaci\u00f3n y como equipo de trabajo. Ha sido una verdadera oportunidad para la biodiversidad: para reconocerla, quererla, cuidarla y aprender a vivirla con respeto. Nos ha permitido establecer nuevos v\u00ednculos para co-crear rutas e ideas de proyectos desde un prop\u00f3sito compartido\u201d, concluy\u00f3 Patricia Breuer Moreno miembro del equipo organizador de Travolution e investigadora del Centro C+, y moderadora de uno de los paneles.<\/p>\n<p>\u00a0<\/p>\n\n<p>El programa culmin\u00f3 con salidas a terreno que incluyeron trekking en parques y reservas, y actividades de educaci\u00f3n ambiental. Finalmente, el 7 de septiembre se desarroll\u00f3 el voluntariado comunitario \u201cVoluntarios por el Agua\u201d, en el R\u00edo Maipo.\u00a0<\/p>\n<p>\u00a0<\/p>\n\n<figure class=\"wp-block-gallery has-nested-images columns-default is-cropped wp-block-gallery-2 is-layout-flex wp-block-gallery-is-layout-flex\">\n<figure class=\"wp-block-image size-large\"><img decoding=\"async\" width=\"1024\" height=\"577\" data-id=\"6670\" class=\"wp-image-6670\" src=\"https:\/\/cmas.udd.cl\/wp-content\/uploads\/2025\/09\/WhatsApp-Image-2025-09-08-at-16.22.08-3-1024x577.jpeg\" alt=\"\" srcset=\"https:\/\/cmas.udd.cl\/wp-content\/uploads\/2025\/09\/WhatsApp-Image-2025-09-08-at-16.22.08-3-1024x577.jpeg 1024w, https:\/\/cmas.udd.cl\/wp-content\/uploads\/2025\/09\/WhatsApp-Image-2025-09-08-at-16.22.08-3-300x169.jpeg 300w, https:\/\/cmas.udd.cl\/wp-content\/uploads\/2025\/09\/WhatsApp-Image-2025-09-08-at-16.22.08-3-768x432.jpeg 768w, https:\/\/cmas.udd.cl\/wp-content\/uploads\/2025\/09\/WhatsApp-Image-2025-09-08-at-16.22.08-3-18x10.jpeg 18w, https:\/\/cmas.udd.cl\/wp-content\/uploads\/2025\/09\/WhatsApp-Image-2025-09-08-at-16.22.08-3.jpeg 1156w\" sizes=\"(max-width: 1024px) 100vw, 1024px\" \/><\/figure>\n\n<figure class=\"wp-block-image size-large\"><img decoding=\"async\" width=\"1024\" height=\"682\" data-id=\"6672\" class=\"wp-image-6672\" src=\"https:\/\/cmas.udd.cl\/wp-content\/uploads\/2025\/09\/WhatsApp-Image-2025-09-08-at-16.22.08-6-1024x682.jpeg\" alt=\"\" srcset=\"https:\/\/cmas.udd.cl\/wp-content\/uploads\/2025\/09\/WhatsApp-Image-2025-09-08-at-16.22.08-6-1024x682.jpeg 1024w, https:\/\/cmas.udd.cl\/wp-content\/uploads\/2025\/09\/WhatsApp-Image-2025-09-08-at-16.22.08-6-300x200.jpeg 300w, https:\/\/cmas.udd.cl\/wp-content\/uploads\/2025\/09\/WhatsApp-Image-2025-09-08-at-16.22.08-6-768x512.jpeg 768w, https:\/\/cmas.udd.cl\/wp-content\/uploads\/2025\/09\/WhatsApp-Image-2025-09-08-at-16.22.08-6-1536x1023.jpeg 1536w, https:\/\/cmas.udd.cl\/wp-content\/uploads\/2025\/09\/WhatsApp-Image-2025-09-08-at-16.22.08-6-18x12.jpeg 18w, https:\/\/cmas.udd.cl\/wp-content\/uploads\/2025\/09\/WhatsApp-Image-2025-09-08-at-16.22.08-6.jpeg 1600w\" sizes=\"(max-width: 1024px) 100vw, 1024px\" \/><\/figure>\n\n<figure class=\"wp-block-image size-large\"><img loading=\"lazy\" decoding=\"async\" width=\"1024\" height=\"682\" data-id=\"6676\" class=\"wp-image-6676\" src=\"https:\/\/cmas.udd.cl\/wp-content\/uploads\/2025\/09\/WhatsApp-Image-2025-09-08-at-16.22.08-2-1024x682.jpeg\" alt=\"\" srcset=\"https:\/\/cmas.udd.cl\/wp-content\/uploads\/2025\/09\/WhatsApp-Image-2025-09-08-at-16.22.08-2-1024x682.jpeg 1024w, https:\/\/cmas.udd.cl\/wp-content\/uploads\/2025\/09\/WhatsApp-Image-2025-09-08-at-16.22.08-2-300x200.jpeg 300w, https:\/\/cmas.udd.cl\/wp-content\/uploads\/2025\/09\/WhatsApp-Image-2025-09-08-at-16.22.08-2-768x512.jpeg 768w, https:\/\/cmas.udd.cl\/wp-content\/uploads\/2025\/09\/WhatsApp-Image-2025-09-08-at-16.22.08-2-1536x1023.jpeg 1536w, https:\/\/cmas.udd.cl\/wp-content\/uploads\/2025\/09\/WhatsApp-Image-2025-09-08-at-16.22.08-2-18x12.jpeg 18w, https:\/\/cmas.udd.cl\/wp-content\/uploads\/2025\/09\/WhatsApp-Image-2025-09-08-at-16.22.08-2.jpeg 1600w\" sizes=\"(max-width: 1024px) 100vw, 1024px\" \/><\/figure>\n\n<figure class=\"wp-block-image size-large\"><img loading=\"lazy\" decoding=\"async\" width=\"1024\" height=\"682\" data-id=\"6677\" class=\"wp-image-6677\" src=\"https:\/\/cmas.udd.cl\/wp-content\/uploads\/2025\/09\/WhatsApp-Image-2025-09-08-at-16.22.08-1-1024x682.jpeg\" alt=\"\" srcset=\"https:\/\/cmas.udd.cl\/wp-content\/uploads\/2025\/09\/WhatsApp-Image-2025-09-08-at-16.22.08-1-1024x682.jpeg 1024w, https:\/\/cmas.udd.cl\/wp-content\/uploads\/2025\/09\/WhatsApp-Image-2025-09-08-at-16.22.08-1-300x200.jpeg 300w, https:\/\/cmas.udd.cl\/wp-content\/uploads\/2025\/09\/WhatsApp-Image-2025-09-08-at-16.22.08-1-768x512.jpeg 768w, https:\/\/cmas.udd.cl\/wp-content\/uploads\/2025\/09\/WhatsApp-Image-2025-09-08-at-16.22.08-1-1536x1023.jpeg 1536w, https:\/\/cmas.udd.cl\/wp-content\/uploads\/2025\/09\/WhatsApp-Image-2025-09-08-at-16.22.08-1-18x12.jpeg 18w, https:\/\/cmas.udd.cl\/wp-content\/uploads\/2025\/09\/WhatsApp-Image-2025-09-08-at-16.22.08-1.jpeg 1600w\" sizes=\"(max-width: 1024px) 100vw, 1024px\" \/><\/figure>\n\n<figure class=\"wp-block-image size-large\"><img loading=\"lazy\" decoding=\"async\" width=\"1024\" height=\"682\" data-id=\"6674\" class=\"wp-image-6674\" src=\"https:\/\/cmas.udd.cl\/wp-content\/uploads\/2025\/09\/WhatsApp-Image-2025-09-08-at-16.22.08-5-1024x682.jpeg\" alt=\"\" srcset=\"https:\/\/cmas.udd.cl\/wp-content\/uploads\/2025\/09\/WhatsApp-Image-2025-09-08-at-16.22.08-5-1024x682.jpeg 1024w, https:\/\/cmas.udd.cl\/wp-content\/uploads\/2025\/09\/WhatsApp-Image-2025-09-08-at-16.22.08-5-300x200.jpeg 300w, https:\/\/cmas.udd.cl\/wp-content\/uploads\/2025\/09\/WhatsApp-Image-2025-09-08-at-16.22.08-5-768x512.jpeg 768w, https:\/\/cmas.udd.cl\/wp-content\/uploads\/2025\/09\/WhatsApp-Image-2025-09-08-at-16.22.08-5-1536x1023.jpeg 1536w, https:\/\/cmas.udd.cl\/wp-content\/uploads\/2025\/09\/WhatsApp-Image-2025-09-08-at-16.22.08-5-18x12.jpeg 18w, https:\/\/cmas.udd.cl\/wp-content\/uploads\/2025\/09\/WhatsApp-Image-2025-09-08-at-16.22.08-5.jpeg 1600w\" sizes=\"(max-width: 1024px) 100vw, 1024px\" \/><\/figure>\n\n<figure class=\"wp-block-image size-large\"><img loading=\"lazy\" decoding=\"async\" width=\"1024\" height=\"682\" data-id=\"6675\" class=\"wp-image-6675\" src=\"https:\/\/cmas.udd.cl\/wp-content\/uploads\/2025\/09\/WhatsApp-Image-2025-09-08-at-16.22.08-4-1024x682.jpeg\" alt=\"\" srcset=\"https:\/\/cmas.udd.cl\/wp-content\/uploads\/2025\/09\/WhatsApp-Image-2025-09-08-at-16.22.08-4-1024x682.jpeg 1024w, https:\/\/cmas.udd.cl\/wp-content\/uploads\/2025\/09\/WhatsApp-Image-2025-09-08-at-16.22.08-4-300x200.jpeg 300w, https:\/\/cmas.udd.cl\/wp-content\/uploads\/2025\/09\/WhatsApp-Image-2025-09-08-at-16.22.08-4-768x512.jpeg 768w, https:\/\/cmas.udd.cl\/wp-content\/uploads\/2025\/09\/WhatsApp-Image-2025-09-08-at-16.22.08-4-1536x1023.jpeg 1536w, https:\/\/cmas.udd.cl\/wp-content\/uploads\/2025\/09\/WhatsApp-Image-2025-09-08-at-16.22.08-4-18x12.jpeg 18w, https:\/\/cmas.udd.cl\/wp-content\/uploads\/2025\/09\/WhatsApp-Image-2025-09-08-at-16.22.08-4.jpeg 1600w\" sizes=\"(max-width: 1024px) 100vw, 1024px\" \/><\/figure>\n\n<figure class=\"wp-block-image size-large\"><img loading=\"lazy\" decoding=\"async\" width=\"1024\" height=\"682\" data-id=\"6673\" class=\"wp-image-6673\" src=\"https:\/\/cmas.udd.cl\/wp-content\/uploads\/2025\/09\/WhatsApp-Image-2025-09-08-at-16.22.08-1024x682.jpeg\" alt=\"\" srcset=\"https:\/\/cmas.udd.cl\/wp-content\/uploads\/2025\/09\/WhatsApp-Image-2025-09-08-at-16.22.08-1024x682.jpeg 1024w, https:\/\/cmas.udd.cl\/wp-content\/uploads\/2025\/09\/WhatsApp-Image-2025-09-08-at-16.22.08-300x200.jpeg 300w, https:\/\/cmas.udd.cl\/wp-content\/uploads\/2025\/09\/WhatsApp-Image-2025-09-08-at-16.22.08-768x512.jpeg 768w, https:\/\/cmas.udd.cl\/wp-content\/uploads\/2025\/09\/WhatsApp-Image-2025-09-08-at-16.22.08-1536x1023.jpeg 1536w, https:\/\/cmas.udd.cl\/wp-content\/uploads\/2025\/09\/WhatsApp-Image-2025-09-08-at-16.22.08-18x12.jpeg 18w, https:\/\/cmas.udd.cl\/wp-content\/uploads\/2025\/09\/WhatsApp-Image-2025-09-08-at-16.22.08.jpeg 1600w\" sizes=\"(max-width: 1024px) 100vw, 1024px\" \/><\/figure>\n<\/figure>\n\t\t\t\t\t\t\t\t<\/div>\n\t\t\t\t<\/div>\n\t\t\t\t\t<\/div>\n\t\t\t\t<\/div>\n\t\t\t\t<\/div>","protected":false},"featured_media":6670,"template":"","taxo_noticias":[25],"grupo-de-investigacion":[106],"class_list":["post-6668","cplus_noticias","type-cplus_noticias","status-publish","has-post-thumbnail","hentry","taxo_noticias-extremeenvironments","grupo-de-investigacion-extreme_environments"],"acf":[],"yoast_head":"<!-- This site is optimized with the Yoast SEO plugin v27.3 - https:\/\/yoast.com\/product\/yoast-seo-wordpress\/ -->\n<title>Encuentro por la Biodiversidad: \u00a0Actividad sobre conservaci\u00f3n y resiliencia de los territorios finaliza con m\u00e1s de 300 asistentes \u00a0 - C+<\/title>\n<meta name=\"robots\" content=\"index, follow, max-snippet:-1, max-image-preview:large, max-video-preview:-1\" \/>\n<link rel=\"canonical\" href=\"https:\/\/cmas.udd.cl\/en\/cplus_noticias\/encuentro-por-la-biodiversidad-actividad-sobre-conservacion-y-resiliencia-de-los-territorios-finaliza-con-mas-de-300-asistentes\/\" \/>\n<meta property=\"og:locale\" content=\"en_US\" \/>\n<meta property=\"og:type\" content=\"article\" \/>\n<meta property=\"og:title\" content=\"Encuentro por la Biodiversidad: \u00a0Actividad sobre conservaci\u00f3n y resiliencia de los territorios finaliza con m\u00e1s de 300 asistentes \u00a0 - C+\" \/>\n<meta property=\"og:description\" content=\"Con un gran enfoque en el cuidado y conservaci\u00f3n del ecosistema y la importancia de la colaboraci\u00f3n con las diferentes comunidades, culmin\u00f3 la primera edici\u00f3n del Encuentro por la Biodiversidad ExB, realizado el 4 y 5 de septiembre organizado por Fundaci\u00f3n Travolution, el Centro de Investigaci\u00f3n C+ de la Universidad del Desarrollo, COLAB UC y [&hellip;]\" \/>\n<meta property=\"og:url\" content=\"https:\/\/cmas.udd.cl\/en\/cplus_noticias\/encuentro-por-la-biodiversidad-actividad-sobre-conservacion-y-resiliencia-de-los-territorios-finaliza-con-mas-de-300-asistentes\/\" \/>\n<meta property=\"og:site_name\" content=\"C+\" \/>\n<meta property=\"article:modified_time\" content=\"2025-10-03T14:01:29+00:00\" \/>\n<meta property=\"og:image\" content=\"https:\/\/cmas.udd.cl\/wp-content\/uploads\/2025\/09\/WhatsApp-Image-2025-09-08-at-16.22.08-3.jpeg\" \/>\n\t<meta property=\"og:image:width\" content=\"1156\" \/>\n\t<meta property=\"og:image:height\" content=\"651\" \/>\n\t<meta property=\"og:image:type\" content=\"image\/jpeg\" \/>\n<meta name=\"twitter:card\" content=\"summary_large_image\" \/>\n<meta name=\"twitter:label1\" content=\"Est. reading time\" \/>\n\t<meta name=\"twitter:data1\" content=\"5 minutes\" \/>\n<script type=\"application\/ld+json\" class=\"yoast-schema-graph\">{\"@context\":\"https:\\\/\\\/schema.org\",\"@graph\":[{\"@type\":\"WebPage\",\"@id\":\"https:\\\/\\\/cmas.udd.cl\\\/cplus_noticias\\\/encuentro-por-la-biodiversidad-actividad-sobre-conservacion-y-resiliencia-de-los-territorios-finaliza-con-mas-de-300-asistentes\\\/\",\"url\":\"https:\\\/\\\/cmas.udd.cl\\\/cplus_noticias\\\/encuentro-por-la-biodiversidad-actividad-sobre-conservacion-y-resiliencia-de-los-territorios-finaliza-con-mas-de-300-asistentes\\\/\",\"name\":\"Encuentro por la Biodiversidad: \u00a0Actividad sobre conservaci\u00f3n y resiliencia de los territorios finaliza con m\u00e1s de 300 asistentes \u00a0 - C+\",\"isPartOf\":{\"@id\":\"https:\\\/\\\/cmas.udd.cl\\\/#website\"},\"primaryImageOfPage\":{\"@id\":\"https:\\\/\\\/cmas.udd.cl\\\/cplus_noticias\\\/encuentro-por-la-biodiversidad-actividad-sobre-conservacion-y-resiliencia-de-los-territorios-finaliza-con-mas-de-300-asistentes\\\/#primaryimage\"},\"image\":{\"@id\":\"https:\\\/\\\/cmas.udd.cl\\\/cplus_noticias\\\/encuentro-por-la-biodiversidad-actividad-sobre-conservacion-y-resiliencia-de-los-territorios-finaliza-con-mas-de-300-asistentes\\\/#primaryimage\"},\"thumbnailUrl\":\"https:\\\/\\\/cmas.udd.cl\\\/wp-content\\\/uploads\\\/2025\\\/09\\\/WhatsApp-Image-2025-09-08-at-16.22.08-3.jpeg\",\"datePublished\":\"2025-09-08T19:24:19+00:00\",\"dateModified\":\"2025-10-03T14:01:29+00:00\",\"breadcrumb\":{\"@id\":\"https:\\\/\\\/cmas.udd.cl\\\/cplus_noticias\\\/encuentro-por-la-biodiversidad-actividad-sobre-conservacion-y-resiliencia-de-los-territorios-finaliza-con-mas-de-300-asistentes\\\/#breadcrumb\"},\"inLanguage\":\"en-US\",\"potentialAction\":[{\"@type\":\"ReadAction\",\"target\":[\"https:\\\/\\\/cmas.udd.cl\\\/cplus_noticias\\\/encuentro-por-la-biodiversidad-actividad-sobre-conservacion-y-resiliencia-de-los-territorios-finaliza-con-mas-de-300-asistentes\\\/\"]}]},{\"@type\":\"ImageObject\",\"inLanguage\":\"en-US\",\"@id\":\"https:\\\/\\\/cmas.udd.cl\\\/cplus_noticias\\\/encuentro-por-la-biodiversidad-actividad-sobre-conservacion-y-resiliencia-de-los-territorios-finaliza-con-mas-de-300-asistentes\\\/#primaryimage\",\"url\":\"https:\\\/\\\/cmas.udd.cl\\\/wp-content\\\/uploads\\\/2025\\\/09\\\/WhatsApp-Image-2025-09-08-at-16.22.08-3.jpeg\",\"contentUrl\":\"https:\\\/\\\/cmas.udd.cl\\\/wp-content\\\/uploads\\\/2025\\\/09\\\/WhatsApp-Image-2025-09-08-at-16.22.08-3.jpeg\",\"width\":1156,\"height\":651},{\"@type\":\"BreadcrumbList\",\"@id\":\"https:\\\/\\\/cmas.udd.cl\\\/cplus_noticias\\\/encuentro-por-la-biodiversidad-actividad-sobre-conservacion-y-resiliencia-de-los-territorios-finaliza-con-mas-de-300-asistentes\\\/#breadcrumb\",\"itemListElement\":[{\"@type\":\"ListItem\",\"position\":1,\"name\":\"Home\",\"item\":\"https:\\\/\\\/cmas.udd.cl\\\/\"},{\"@type\":\"ListItem\",\"position\":2,\"name\":\"cplus_noticias\",\"item\":\"https:\\\/\\\/cmas.udd.cl\\\/cplus_noticias\\\/\"},{\"@type\":\"ListItem\",\"position\":3,\"name\":\"Encuentro por la Biodiversidad: \u00a0Actividad sobre conservaci\u00f3n y resiliencia de los territorios finaliza con m\u00e1s de 300 asistentes \u00a0\"}]},{\"@type\":\"WebSite\",\"@id\":\"https:\\\/\\\/cmas.udd.cl\\\/#website\",\"url\":\"https:\\\/\\\/cmas.udd.cl\\\/\",\"name\":\"C+\",\"description\":\"Centro Investigaci\u00f3n enTecnolog\u00edas para la Sociedad\",\"publisher\":{\"@id\":\"https:\\\/\\\/cmas.udd.cl\\\/#organization\"},\"potentialAction\":[{\"@type\":\"SearchAction\",\"target\":{\"@type\":\"EntryPoint\",\"urlTemplate\":\"https:\\\/\\\/cmas.udd.cl\\\/?s={search_term_string}\"},\"query-input\":{\"@type\":\"PropertyValueSpecification\",\"valueRequired\":true,\"valueName\":\"search_term_string\"}}],\"inLanguage\":\"en-US\"},{\"@type\":\"Organization\",\"@id\":\"https:\\\/\\\/cmas.udd.cl\\\/#organization\",\"name\":\"C+\",\"url\":\"https:\\\/\\\/cmas.udd.cl\\\/\",\"logo\":{\"@type\":\"ImageObject\",\"inLanguage\":\"en-US\",\"@id\":\"https:\\\/\\\/cmas.udd.cl\\\/#\\\/schema\\\/logo\\\/image\\\/\",\"url\":\"https:\\\/\\\/cmas.udd.cl\\\/wp-content\\\/uploads\\\/2023\\\/05\\\/Logo-compuesto-UDD-Cmas.png\",\"contentUrl\":\"https:\\\/\\\/cmas.udd.cl\\\/wp-content\\\/uploads\\\/2023\\\/05\\\/Logo-compuesto-UDD-Cmas.png\",\"width\":695,\"height\":72,\"caption\":\"C+\"},\"image\":{\"@id\":\"https:\\\/\\\/cmas.udd.cl\\\/#\\\/schema\\\/logo\\\/image\\\/\"}}]}<\/script>\n<!-- \/ Yoast SEO plugin. -->","yoast_head_json":{"title":"Encuentro por la Biodiversidad: \u00a0Actividad sobre conservaci\u00f3n y resiliencia de los territorios finaliza con m\u00e1s de 300 asistentes \u00a0 - C+","robots":{"index":"index","follow":"follow","max-snippet":"max-snippet:-1","max-image-preview":"max-image-preview:large","max-video-preview":"max-video-preview:-1"},"canonical":"https:\/\/cmas.udd.cl\/en\/cplus_noticias\/encuentro-por-la-biodiversidad-actividad-sobre-conservacion-y-resiliencia-de-los-territorios-finaliza-con-mas-de-300-asistentes\/","og_locale":"en_US","og_type":"article","og_title":"Encuentro por la Biodiversidad: \u00a0Actividad sobre conservaci\u00f3n y resiliencia de los territorios finaliza con m\u00e1s de 300 asistentes \u00a0 - C+","og_description":"Con un gran enfoque en el cuidado y conservaci\u00f3n del ecosistema y la importancia de la colaboraci\u00f3n con las diferentes comunidades, culmin\u00f3 la primera edici\u00f3n del Encuentro por la Biodiversidad ExB, realizado el 4 y 5 de septiembre organizado por Fundaci\u00f3n Travolution, el Centro de Investigaci\u00f3n C+ de la Universidad del Desarrollo, COLAB UC y [&hellip;]","og_url":"https:\/\/cmas.udd.cl\/en\/cplus_noticias\/encuentro-por-la-biodiversidad-actividad-sobre-conservacion-y-resiliencia-de-los-territorios-finaliza-con-mas-de-300-asistentes\/","og_site_name":"C+","article_modified_time":"2025-10-03T14:01:29+00:00","og_image":[{"width":1156,"height":651,"url":"https:\/\/cmas.udd.cl\/wp-content\/uploads\/2025\/09\/WhatsApp-Image-2025-09-08-at-16.22.08-3.jpeg","type":"image\/jpeg"}],"twitter_card":"summary_large_image","twitter_misc":{"Est. reading time":"5 minutes"},"schema":{"@context":"https:\/\/schema.org","@graph":[{"@type":"WebPage","@id":"https:\/\/cmas.udd.cl\/cplus_noticias\/encuentro-por-la-biodiversidad-actividad-sobre-conservacion-y-resiliencia-de-los-territorios-finaliza-con-mas-de-300-asistentes\/","url":"https:\/\/cmas.udd.cl\/cplus_noticias\/encuentro-por-la-biodiversidad-actividad-sobre-conservacion-y-resiliencia-de-los-territorios-finaliza-con-mas-de-300-asistentes\/","name":"Encuentro por la Biodiversidad: \u00a0Actividad sobre conservaci\u00f3n y resiliencia de los territorios finaliza con m\u00e1s de 300 asistentes \u00a0 - C+","isPartOf":{"@id":"https:\/\/cmas.udd.cl\/#website"},"primaryImageOfPage":{"@id":"https:\/\/cmas.udd.cl\/cplus_noticias\/encuentro-por-la-biodiversidad-actividad-sobre-conservacion-y-resiliencia-de-los-territorios-finaliza-con-mas-de-300-asistentes\/#primaryimage"},"image":{"@id":"https:\/\/cmas.udd.cl\/cplus_noticias\/encuentro-por-la-biodiversidad-actividad-sobre-conservacion-y-resiliencia-de-los-territorios-finaliza-con-mas-de-300-asistentes\/#primaryimage"},"thumbnailUrl":"https:\/\/cmas.udd.cl\/wp-content\/uploads\/2025\/09\/WhatsApp-Image-2025-09-08-at-16.22.08-3.jpeg","datePublished":"2025-09-08T19:24:19+00:00","dateModified":"2025-10-03T14:01:29+00:00","breadcrumb":{"@id":"https:\/\/cmas.udd.cl\/cplus_noticias\/encuentro-por-la-biodiversidad-actividad-sobre-conservacion-y-resiliencia-de-los-territorios-finaliza-con-mas-de-300-asistentes\/#breadcrumb"},"inLanguage":"en-US","potentialAction":[{"@type":"ReadAction","target":["https:\/\/cmas.udd.cl\/cplus_noticias\/encuentro-por-la-biodiversidad-actividad-sobre-conservacion-y-resiliencia-de-los-territorios-finaliza-con-mas-de-300-asistentes\/"]}]},{"@type":"ImageObject","inLanguage":"en-US","@id":"https:\/\/cmas.udd.cl\/cplus_noticias\/encuentro-por-la-biodiversidad-actividad-sobre-conservacion-y-resiliencia-de-los-territorios-finaliza-con-mas-de-300-asistentes\/#primaryimage","url":"https:\/\/cmas.udd.cl\/wp-content\/uploads\/2025\/09\/WhatsApp-Image-2025-09-08-at-16.22.08-3.jpeg","contentUrl":"https:\/\/cmas.udd.cl\/wp-content\/uploads\/2025\/09\/WhatsApp-Image-2025-09-08-at-16.22.08-3.jpeg","width":1156,"height":651},{"@type":"BreadcrumbList","@id":"https:\/\/cmas.udd.cl\/cplus_noticias\/encuentro-por-la-biodiversidad-actividad-sobre-conservacion-y-resiliencia-de-los-territorios-finaliza-con-mas-de-300-asistentes\/#breadcrumb","itemListElement":[{"@type":"ListItem","position":1,"name":"Home","item":"https:\/\/cmas.udd.cl\/"},{"@type":"ListItem","position":2,"name":"cplus_noticias","item":"https:\/\/cmas.udd.cl\/cplus_noticias\/"},{"@type":"ListItem","position":3,"name":"Encuentro por la Biodiversidad: \u00a0Actividad sobre conservaci\u00f3n y resiliencia de los territorios finaliza con m\u00e1s de 300 asistentes \u00a0"}]},{"@type":"WebSite","@id":"https:\/\/cmas.udd.cl\/#website","url":"https:\/\/cmas.udd.cl\/","name":"C+","description":"Centro Investigaci\u00f3n enTecnolog\u00edas para la Sociedad","publisher":{"@id":"https:\/\/cmas.udd.cl\/#organization"},"potentialAction":[{"@type":"SearchAction","target":{"@type":"EntryPoint","urlTemplate":"https:\/\/cmas.udd.cl\/?s={search_term_string}"},"query-input":{"@type":"PropertyValueSpecification","valueRequired":true,"valueName":"search_term_string"}}],"inLanguage":"en-US"},{"@type":"Organization","@id":"https:\/\/cmas.udd.cl\/#organization","name":"C+","url":"https:\/\/cmas.udd.cl\/","logo":{"@type":"ImageObject","inLanguage":"en-US","@id":"https:\/\/cmas.udd.cl\/#\/schema\/logo\/image\/","url":"https:\/\/cmas.udd.cl\/wp-content\/uploads\/2023\/05\/Logo-compuesto-UDD-Cmas.png","contentUrl":"https:\/\/cmas.udd.cl\/wp-content\/uploads\/2023\/05\/Logo-compuesto-UDD-Cmas.png","width":695,"height":72,"caption":"C+"},"image":{"@id":"https:\/\/cmas.udd.cl\/#\/schema\/logo\/image\/"}}]}},"_links":{"self":[{"href":"https:\/\/cmas.udd.cl\/en\/wp-json\/wp\/v2\/cplus_noticias\/6668","targetHints":{"allow":["GET"]}}],"collection":[{"href":"https:\/\/cmas.udd.cl\/en\/wp-json\/wp\/v2\/cplus_noticias"}],"about":[{"href":"https:\/\/cmas.udd.cl\/en\/wp-json\/wp\/v2\/types\/cplus_noticias"}],"version-history":[{"count":13,"href":"https:\/\/cmas.udd.cl\/en\/wp-json\/wp\/v2\/cplus_noticias\/6668\/revisions"}],"predecessor-version":[{"id":6733,"href":"https:\/\/cmas.udd.cl\/en\/wp-json\/wp\/v2\/cplus_noticias\/6668\/revisions\/6733"}],"wp:featuredmedia":[{"embeddable":true,"href":"https:\/\/cmas.udd.cl\/en\/wp-json\/wp\/v2\/media\/6670"}],"wp:attachment":[{"href":"https:\/\/cmas.udd.cl\/en\/wp-json\/wp\/v2\/media?parent=6668"}],"wp:term":[{"taxonomy":"taxo_noticias","embeddable":true,"href":"https:\/\/cmas.udd.cl\/en\/wp-json\/wp\/v2\/taxo_noticias?post=6668"},{"taxonomy":"grupo-de-investigacion","embeddable":true,"href":"https:\/\/cmas.udd.cl\/en\/wp-json\/wp\/v2\/grupo-de-investigacion?post=6668"}],"curies":[{"name":"wp","href":"https:\/\/api.w.org\/{rel}","templated":true}]}}