{"id":6443,"date":"2025-07-30T17:38:35","date_gmt":"2025-07-30T17:38:35","guid":{"rendered":"https:\/\/cmas.udd.cl\/?post_type=cplus_noticias&#038;p=6443"},"modified":"2025-07-30T17:41:15","modified_gmt":"2025-07-30T17:41:15","slug":"investigador-udd-lidera-propuesta-internacional-para-mejorar-la-transparencia-en-datos-de-sensores-de-calidad-del-aire","status":"publish","type":"cplus_noticias","link":"https:\/\/cmas.udd.cl\/en\/cplus_noticias\/investigador-udd-lidera-propuesta-internacional-para-mejorar-la-transparencia-en-datos-de-sensores-de-calidad-del-aire\/","title":{"rendered":"Investigador UDD lidera propuesta internacional para mejorar la transparencia en datos de sensores de calidad del aire\u00a0"},"content":{"rendered":"<div data-elementor-type=\"wp-post\" data-elementor-id=\"6443\" class=\"elementor elementor-6443\" data-elementor-post-type=\"cplus_noticias\">\n\t\t\t\t<div class=\"elementor-element elementor-element-3caf2087 e-flex e-con-boxed e-con e-parent\" data-id=\"3caf2087\" data-element_type=\"container\" data-e-type=\"container\">\n\t\t\t\t\t<div class=\"e-con-inner\">\n\t\t\t\t<div class=\"elementor-element elementor-element-10962dbd elementor-widget elementor-widget-text-editor\" data-id=\"10962dbd\" data-element_type=\"widget\" data-e-type=\"widget\" data-widget_type=\"text-editor.default\">\n\t\t\t\t<div class=\"elementor-widget-container\">\n\t\t\t\t\t\t\t\t\t\n<p>Una reciente publicaci\u00f3n en la revista <strong><a href=\"https:\/\/www.nature.com\/npjclimatsci\/\">\u201c<em>npj Climate and Atmospheric Science\u201d<\/em><\/a><\/strong> de Nature propone un nuevo marco conceptual para clasificar los datos generados por sensores de calidad del aire. El objetivo es ayudar a usuarios e instituciones a distinguir entre distintos tipos de productos de datos, reforzar la trazabilidad y fomentar el desarrollo de tecnolog\u00edas m\u00e1s confiables y accesibles.\u00a0<\/p>\n<p>\u00a0<\/p>\n\n<p>La investigaci\u00f3n <strong><a href=\"https:\/\/www.nature.com\/articles\/s41612-025-01161-2\">&#8220;A framework for advancing independent air quality sensor measurements via transparent data generating process classification<\/a><\/strong>&#8220;, liderada por Sebasti\u00e1n Diez, investigador del Centro de Investigaci\u00f3n C+ de la Facultad de Ingenier\u00eda UDD, surge ante la creciente dependencia de sensores de bajo costo en contextos donde el monitoreo tradicional de la calidad del aire es escaso o inexistente. Si bien estas tecnolog\u00edas abren nuevas oportunidades de medici\u00f3n, especialmente en pa\u00edses de ingresos bajos y regiones desatendidas, tambi\u00e9n plantean desaf\u00edos importantes en t\u00e9rminos de transparencia y confiabilidad.\u00a0<\/p>\n<p>\u00a0<\/p>\n\n<div class=\"wp-block-media-text is-stacked-on-mobile\">\n<figure class=\"wp-block-media-text__media\"><img fetchpriority=\"high\" decoding=\"async\" width=\"1024\" height=\"768\" class=\"wp-image-6444 size-full\" src=\"https:\/\/cmas.udd.cl\/wp-content\/uploads\/2025\/07\/WhatsApp-Image-2025-07-30-at-12.46.10-2-1024x768.jpeg\" alt=\"\" srcset=\"https:\/\/cmas.udd.cl\/wp-content\/uploads\/2025\/07\/WhatsApp-Image-2025-07-30-at-12.46.10-2-1024x768.jpeg 1024w, https:\/\/cmas.udd.cl\/wp-content\/uploads\/2025\/07\/WhatsApp-Image-2025-07-30-at-12.46.10-2-300x225.jpeg 300w, https:\/\/cmas.udd.cl\/wp-content\/uploads\/2025\/07\/WhatsApp-Image-2025-07-30-at-12.46.10-2-768x576.jpeg 768w, https:\/\/cmas.udd.cl\/wp-content\/uploads\/2025\/07\/WhatsApp-Image-2025-07-30-at-12.46.10-2-1536x1152.jpeg 1536w, https:\/\/cmas.udd.cl\/wp-content\/uploads\/2025\/07\/WhatsApp-Image-2025-07-30-at-12.46.10-2-16x12.jpeg 16w, https:\/\/cmas.udd.cl\/wp-content\/uploads\/2025\/07\/WhatsApp-Image-2025-07-30-at-12.46.10-2.jpeg 2048w\" sizes=\"(max-width: 1024px) 100vw, 1024px\" \/><\/figure>\n<div class=\"wp-block-media-text__content\">\n<p>\u201cLa mayor\u00eda de los usuarios no sabe qu\u00e9 tipo de proceso est\u00e1 detr\u00e1s de los datos que utilizan. A veces, lo que creemos que es una medici\u00f3n puede ser en realidad el resultado de un modelo predictivo opaco, dif\u00edcil de auditar\u201d, explica Diez.\u00a0<\/p>\n<p>\u00a0<\/p>\n<\/div>\n<\/div>\n\n<p>El art\u00edculo introduce el concepto de <em>mediciones independientes con sensores<\/em> (ISM, por su sigla en ingl\u00e9s), definiendo criterios m\u00ednimos para distinguirlas de estimaciones m\u00e1s procesadas o dependientes de insumos externos.<\/p>\n<p>\u00a0<\/p>\n<p>Adem\u00e1s, propone una tabla de clasificaci\u00f3n de niveles de procesamiento para que fabricantes, investigadores y agencias reguladoras puedan etiquetar sus productos de forma clara y comparable.\u00a0<\/p>\n<p>\u00a0<\/p>\n\n<p>La propuesta fue desarrollada por un equipo internacional de expertos en calidad del aire, metrolog\u00eda y ciencia de datos, provenientes de 13 instituciones en Europa, Am\u00e9rica Latina y Estados Unidos. El trabajo busca avanzar hacia sistemas de sensores m\u00e1s robustos, fomentar la innovaci\u00f3n tecnol\u00f3gica y, en \u00faltima instancia, contribuir a una mejor toma de decisiones en salud p\u00fablica.\u00a0<\/p>\n<p>\u00a0<\/p>\n\n<p>Puedes leer el art\u00edculo completo aqu\u00ed:<strong><a href=\"https:\/\/www.nature.com\/articles\/s41612-025-01161-2\"> A framework for advancing independent air quality sensor measurements via transparent data generating process classification<\/a><\/strong><\/p>\n<p>\u00a0<\/p>\n\n<figure class=\"wp-block-gallery has-nested-images columns-default is-cropped wp-block-gallery-2 is-layout-flex wp-block-gallery-is-layout-flex\">\n<figure class=\"wp-block-image size-large\"><img decoding=\"async\" width=\"768\" height=\"1024\" data-id=\"6447\" class=\"wp-image-6447\" src=\"https:\/\/cmas.udd.cl\/wp-content\/uploads\/2025\/07\/WhatsApp-Image-2025-07-30-at-11.49.17-768x1024.jpeg\" alt=\"\" srcset=\"https:\/\/cmas.udd.cl\/wp-content\/uploads\/2025\/07\/WhatsApp-Image-2025-07-30-at-11.49.17-768x1024.jpeg 768w, https:\/\/cmas.udd.cl\/wp-content\/uploads\/2025\/07\/WhatsApp-Image-2025-07-30-at-11.49.17-225x300.jpeg 225w, https:\/\/cmas.udd.cl\/wp-content\/uploads\/2025\/07\/WhatsApp-Image-2025-07-30-at-11.49.17-1152x1536.jpeg 1152w, https:\/\/cmas.udd.cl\/wp-content\/uploads\/2025\/07\/WhatsApp-Image-2025-07-30-at-11.49.17-9x12.jpeg 9w, https:\/\/cmas.udd.cl\/wp-content\/uploads\/2025\/07\/WhatsApp-Image-2025-07-30-at-11.49.17.jpeg 1200w\" sizes=\"(max-width: 768px) 100vw, 768px\" \/><\/figure>\n\n<figure class=\"wp-block-image size-large\"><img decoding=\"async\" width=\"576\" height=\"1024\" data-id=\"6445\" class=\"wp-image-6445\" src=\"https:\/\/cmas.udd.cl\/wp-content\/uploads\/2025\/07\/WhatsApp-Image-2025-07-30-at-12.46.10-1-576x1024.jpeg\" alt=\"\" srcset=\"https:\/\/cmas.udd.cl\/wp-content\/uploads\/2025\/07\/WhatsApp-Image-2025-07-30-at-12.46.10-1-576x1024.jpeg 576w, https:\/\/cmas.udd.cl\/wp-content\/uploads\/2025\/07\/WhatsApp-Image-2025-07-30-at-12.46.10-1-169x300.jpeg 169w, https:\/\/cmas.udd.cl\/wp-content\/uploads\/2025\/07\/WhatsApp-Image-2025-07-30-at-12.46.10-1-7x12.jpeg 7w, https:\/\/cmas.udd.cl\/wp-content\/uploads\/2025\/07\/WhatsApp-Image-2025-07-30-at-12.46.10-1.jpeg 720w\" sizes=\"(max-width: 576px) 100vw, 576px\" \/><\/figure>\n\n<figure class=\"wp-block-image size-large\"><img loading=\"lazy\" decoding=\"async\" width=\"576\" height=\"1024\" data-id=\"6446\" class=\"wp-image-6446\" src=\"https:\/\/cmas.udd.cl\/wp-content\/uploads\/2025\/07\/WhatsApp-Image-2025-07-30-at-12.46.10-576x1024.jpeg\" alt=\"\" srcset=\"https:\/\/cmas.udd.cl\/wp-content\/uploads\/2025\/07\/WhatsApp-Image-2025-07-30-at-12.46.10-576x1024.jpeg 576w, https:\/\/cmas.udd.cl\/wp-content\/uploads\/2025\/07\/WhatsApp-Image-2025-07-30-at-12.46.10-169x300.jpeg 169w, https:\/\/cmas.udd.cl\/wp-content\/uploads\/2025\/07\/WhatsApp-Image-2025-07-30-at-12.46.10-7x12.jpeg 7w, https:\/\/cmas.udd.cl\/wp-content\/uploads\/2025\/07\/WhatsApp-Image-2025-07-30-at-12.46.10.jpeg 720w\" sizes=\"(max-width: 576px) 100vw, 576px\" \/><\/figure>\n<\/figure>\n\t\t\t\t\t\t\t\t<\/div>\n\t\t\t\t<\/div>\n\t\t\t\t\t<\/div>\n\t\t\t\t<\/div>\n\t\t\t\t<\/div>","protected":false},"featured_media":6444,"template":"","taxo_noticias":[26],"grupo-de-investigacion":[],"class_list":["post-6443","cplus_noticias","type-cplus_noticias","status-publish","has-post-thumbnail","hentry","taxo_noticias-envirohealth"],"acf":[],"yoast_head":"<!-- This site is optimized with the Yoast SEO plugin v27.3 - https:\/\/yoast.com\/product\/yoast-seo-wordpress\/ -->\n<title>Investigador UDD lidera propuesta internacional para mejorar la transparencia en datos de sensores de calidad del aire\u00a0 - C+<\/title>\n<meta name=\"robots\" content=\"index, follow, max-snippet:-1, max-image-preview:large, max-video-preview:-1\" \/>\n<link rel=\"canonical\" href=\"https:\/\/cmas.udd.cl\/en\/cplus_noticias\/investigador-udd-lidera-propuesta-internacional-para-mejorar-la-transparencia-en-datos-de-sensores-de-calidad-del-aire\/\" \/>\n<meta property=\"og:locale\" content=\"en_US\" \/>\n<meta property=\"og:type\" content=\"article\" \/>\n<meta property=\"og:title\" content=\"Investigador UDD lidera propuesta internacional para mejorar la transparencia en datos de sensores de calidad del aire\u00a0 - C+\" \/>\n<meta property=\"og:description\" content=\"Una reciente publicaci\u00f3n en la revista \u201cnpj Climate and Atmospheric Science\u201d de Nature propone un nuevo marco conceptual para clasificar los datos generados por sensores de calidad del aire. El objetivo es ayudar a usuarios e instituciones a distinguir entre distintos tipos de productos de datos, reforzar la trazabilidad y fomentar el desarrollo de tecnolog\u00edas [&hellip;]\" \/>\n<meta property=\"og:url\" content=\"https:\/\/cmas.udd.cl\/en\/cplus_noticias\/investigador-udd-lidera-propuesta-internacional-para-mejorar-la-transparencia-en-datos-de-sensores-de-calidad-del-aire\/\" \/>\n<meta property=\"og:site_name\" content=\"C+\" \/>\n<meta property=\"article:modified_time\" content=\"2025-07-30T17:41:15+00:00\" \/>\n<meta property=\"og:image\" content=\"https:\/\/cmas.udd.cl\/wp-content\/uploads\/2025\/07\/WhatsApp-Image-2025-07-30-at-12.46.10-2.jpeg\" \/>\n\t<meta property=\"og:image:width\" content=\"2048\" \/>\n\t<meta property=\"og:image:height\" content=\"1536\" \/>\n\t<meta property=\"og:image:type\" content=\"image\/jpeg\" \/>\n<meta name=\"twitter:card\" content=\"summary_large_image\" \/>\n<meta name=\"twitter:label1\" content=\"Est. reading time\" \/>\n\t<meta name=\"twitter:data1\" content=\"3 minutes\" \/>\n<script type=\"application\/ld+json\" class=\"yoast-schema-graph\">{\"@context\":\"https:\\\/\\\/schema.org\",\"@graph\":[{\"@type\":\"WebPage\",\"@id\":\"https:\\\/\\\/cmas.udd.cl\\\/cplus_noticias\\\/investigador-udd-lidera-propuesta-internacional-para-mejorar-la-transparencia-en-datos-de-sensores-de-calidad-del-aire\\\/\",\"url\":\"https:\\\/\\\/cmas.udd.cl\\\/cplus_noticias\\\/investigador-udd-lidera-propuesta-internacional-para-mejorar-la-transparencia-en-datos-de-sensores-de-calidad-del-aire\\\/\",\"name\":\"Investigador UDD lidera propuesta internacional para mejorar la transparencia en datos de sensores de calidad del aire\u00a0 - C+\",\"isPartOf\":{\"@id\":\"https:\\\/\\\/cmas.udd.cl\\\/#website\"},\"primaryImageOfPage\":{\"@id\":\"https:\\\/\\\/cmas.udd.cl\\\/cplus_noticias\\\/investigador-udd-lidera-propuesta-internacional-para-mejorar-la-transparencia-en-datos-de-sensores-de-calidad-del-aire\\\/#primaryimage\"},\"image\":{\"@id\":\"https:\\\/\\\/cmas.udd.cl\\\/cplus_noticias\\\/investigador-udd-lidera-propuesta-internacional-para-mejorar-la-transparencia-en-datos-de-sensores-de-calidad-del-aire\\\/#primaryimage\"},\"thumbnailUrl\":\"https:\\\/\\\/cmas.udd.cl\\\/wp-content\\\/uploads\\\/2025\\\/07\\\/WhatsApp-Image-2025-07-30-at-12.46.10-2.jpeg\",\"datePublished\":\"2025-07-30T17:38:35+00:00\",\"dateModified\":\"2025-07-30T17:41:15+00:00\",\"breadcrumb\":{\"@id\":\"https:\\\/\\\/cmas.udd.cl\\\/cplus_noticias\\\/investigador-udd-lidera-propuesta-internacional-para-mejorar-la-transparencia-en-datos-de-sensores-de-calidad-del-aire\\\/#breadcrumb\"},\"inLanguage\":\"en-US\",\"potentialAction\":[{\"@type\":\"ReadAction\",\"target\":[\"https:\\\/\\\/cmas.udd.cl\\\/cplus_noticias\\\/investigador-udd-lidera-propuesta-internacional-para-mejorar-la-transparencia-en-datos-de-sensores-de-calidad-del-aire\\\/\"]}]},{\"@type\":\"ImageObject\",\"inLanguage\":\"en-US\",\"@id\":\"https:\\\/\\\/cmas.udd.cl\\\/cplus_noticias\\\/investigador-udd-lidera-propuesta-internacional-para-mejorar-la-transparencia-en-datos-de-sensores-de-calidad-del-aire\\\/#primaryimage\",\"url\":\"https:\\\/\\\/cmas.udd.cl\\\/wp-content\\\/uploads\\\/2025\\\/07\\\/WhatsApp-Image-2025-07-30-at-12.46.10-2.jpeg\",\"contentUrl\":\"https:\\\/\\\/cmas.udd.cl\\\/wp-content\\\/uploads\\\/2025\\\/07\\\/WhatsApp-Image-2025-07-30-at-12.46.10-2.jpeg\",\"width\":2048,\"height\":1536},{\"@type\":\"BreadcrumbList\",\"@id\":\"https:\\\/\\\/cmas.udd.cl\\\/cplus_noticias\\\/investigador-udd-lidera-propuesta-internacional-para-mejorar-la-transparencia-en-datos-de-sensores-de-calidad-del-aire\\\/#breadcrumb\",\"itemListElement\":[{\"@type\":\"ListItem\",\"position\":1,\"name\":\"Home\",\"item\":\"https:\\\/\\\/cmas.udd.cl\\\/\"},{\"@type\":\"ListItem\",\"position\":2,\"name\":\"cplus_noticias\",\"item\":\"https:\\\/\\\/cmas.udd.cl\\\/cplus_noticias\\\/\"},{\"@type\":\"ListItem\",\"position\":3,\"name\":\"Investigador UDD lidera propuesta internacional para mejorar la transparencia en datos de sensores de calidad del aire\u00a0\"}]},{\"@type\":\"WebSite\",\"@id\":\"https:\\\/\\\/cmas.udd.cl\\\/#website\",\"url\":\"https:\\\/\\\/cmas.udd.cl\\\/\",\"name\":\"C+\",\"description\":\"Centro Investigaci\u00f3n enTecnolog\u00edas para la Sociedad\",\"publisher\":{\"@id\":\"https:\\\/\\\/cmas.udd.cl\\\/#organization\"},\"potentialAction\":[{\"@type\":\"SearchAction\",\"target\":{\"@type\":\"EntryPoint\",\"urlTemplate\":\"https:\\\/\\\/cmas.udd.cl\\\/?s={search_term_string}\"},\"query-input\":{\"@type\":\"PropertyValueSpecification\",\"valueRequired\":true,\"valueName\":\"search_term_string\"}}],\"inLanguage\":\"en-US\"},{\"@type\":\"Organization\",\"@id\":\"https:\\\/\\\/cmas.udd.cl\\\/#organization\",\"name\":\"C+\",\"url\":\"https:\\\/\\\/cmas.udd.cl\\\/\",\"logo\":{\"@type\":\"ImageObject\",\"inLanguage\":\"en-US\",\"@id\":\"https:\\\/\\\/cmas.udd.cl\\\/#\\\/schema\\\/logo\\\/image\\\/\",\"url\":\"https:\\\/\\\/cmas.udd.cl\\\/wp-content\\\/uploads\\\/2023\\\/05\\\/Logo-compuesto-UDD-Cmas.png\",\"contentUrl\":\"https:\\\/\\\/cmas.udd.cl\\\/wp-content\\\/uploads\\\/2023\\\/05\\\/Logo-compuesto-UDD-Cmas.png\",\"width\":695,\"height\":72,\"caption\":\"C+\"},\"image\":{\"@id\":\"https:\\\/\\\/cmas.udd.cl\\\/#\\\/schema\\\/logo\\\/image\\\/\"}}]}<\/script>\n<!-- \/ Yoast SEO plugin. -->","yoast_head_json":{"title":"Investigador UDD lidera propuesta internacional para mejorar la transparencia en datos de sensores de calidad del aire\u00a0 - C+","robots":{"index":"index","follow":"follow","max-snippet":"max-snippet:-1","max-image-preview":"max-image-preview:large","max-video-preview":"max-video-preview:-1"},"canonical":"https:\/\/cmas.udd.cl\/en\/cplus_noticias\/investigador-udd-lidera-propuesta-internacional-para-mejorar-la-transparencia-en-datos-de-sensores-de-calidad-del-aire\/","og_locale":"en_US","og_type":"article","og_title":"Investigador UDD lidera propuesta internacional para mejorar la transparencia en datos de sensores de calidad del aire\u00a0 - C+","og_description":"Una reciente publicaci\u00f3n en la revista \u201cnpj Climate and Atmospheric Science\u201d de Nature propone un nuevo marco conceptual para clasificar los datos generados por sensores de calidad del aire. El objetivo es ayudar a usuarios e instituciones a distinguir entre distintos tipos de productos de datos, reforzar la trazabilidad y fomentar el desarrollo de tecnolog\u00edas [&hellip;]","og_url":"https:\/\/cmas.udd.cl\/en\/cplus_noticias\/investigador-udd-lidera-propuesta-internacional-para-mejorar-la-transparencia-en-datos-de-sensores-de-calidad-del-aire\/","og_site_name":"C+","article_modified_time":"2025-07-30T17:41:15+00:00","og_image":[{"width":2048,"height":1536,"url":"https:\/\/cmas.udd.cl\/wp-content\/uploads\/2025\/07\/WhatsApp-Image-2025-07-30-at-12.46.10-2.jpeg","type":"image\/jpeg"}],"twitter_card":"summary_large_image","twitter_misc":{"Est. reading time":"3 minutes"},"schema":{"@context":"https:\/\/schema.org","@graph":[{"@type":"WebPage","@id":"https:\/\/cmas.udd.cl\/cplus_noticias\/investigador-udd-lidera-propuesta-internacional-para-mejorar-la-transparencia-en-datos-de-sensores-de-calidad-del-aire\/","url":"https:\/\/cmas.udd.cl\/cplus_noticias\/investigador-udd-lidera-propuesta-internacional-para-mejorar-la-transparencia-en-datos-de-sensores-de-calidad-del-aire\/","name":"Investigador UDD lidera propuesta internacional para mejorar la transparencia en datos de sensores de calidad del aire\u00a0 - C+","isPartOf":{"@id":"https:\/\/cmas.udd.cl\/#website"},"primaryImageOfPage":{"@id":"https:\/\/cmas.udd.cl\/cplus_noticias\/investigador-udd-lidera-propuesta-internacional-para-mejorar-la-transparencia-en-datos-de-sensores-de-calidad-del-aire\/#primaryimage"},"image":{"@id":"https:\/\/cmas.udd.cl\/cplus_noticias\/investigador-udd-lidera-propuesta-internacional-para-mejorar-la-transparencia-en-datos-de-sensores-de-calidad-del-aire\/#primaryimage"},"thumbnailUrl":"https:\/\/cmas.udd.cl\/wp-content\/uploads\/2025\/07\/WhatsApp-Image-2025-07-30-at-12.46.10-2.jpeg","datePublished":"2025-07-30T17:38:35+00:00","dateModified":"2025-07-30T17:41:15+00:00","breadcrumb":{"@id":"https:\/\/cmas.udd.cl\/cplus_noticias\/investigador-udd-lidera-propuesta-internacional-para-mejorar-la-transparencia-en-datos-de-sensores-de-calidad-del-aire\/#breadcrumb"},"inLanguage":"en-US","potentialAction":[{"@type":"ReadAction","target":["https:\/\/cmas.udd.cl\/cplus_noticias\/investigador-udd-lidera-propuesta-internacional-para-mejorar-la-transparencia-en-datos-de-sensores-de-calidad-del-aire\/"]}]},{"@type":"ImageObject","inLanguage":"en-US","@id":"https:\/\/cmas.udd.cl\/cplus_noticias\/investigador-udd-lidera-propuesta-internacional-para-mejorar-la-transparencia-en-datos-de-sensores-de-calidad-del-aire\/#primaryimage","url":"https:\/\/cmas.udd.cl\/wp-content\/uploads\/2025\/07\/WhatsApp-Image-2025-07-30-at-12.46.10-2.jpeg","contentUrl":"https:\/\/cmas.udd.cl\/wp-content\/uploads\/2025\/07\/WhatsApp-Image-2025-07-30-at-12.46.10-2.jpeg","width":2048,"height":1536},{"@type":"BreadcrumbList","@id":"https:\/\/cmas.udd.cl\/cplus_noticias\/investigador-udd-lidera-propuesta-internacional-para-mejorar-la-transparencia-en-datos-de-sensores-de-calidad-del-aire\/#breadcrumb","itemListElement":[{"@type":"ListItem","position":1,"name":"Home","item":"https:\/\/cmas.udd.cl\/"},{"@type":"ListItem","position":2,"name":"cplus_noticias","item":"https:\/\/cmas.udd.cl\/cplus_noticias\/"},{"@type":"ListItem","position":3,"name":"Investigador UDD lidera propuesta internacional para mejorar la transparencia en datos de sensores de calidad del aire\u00a0"}]},{"@type":"WebSite","@id":"https:\/\/cmas.udd.cl\/#website","url":"https:\/\/cmas.udd.cl\/","name":"C+","description":"Centro Investigaci\u00f3n enTecnolog\u00edas para la Sociedad","publisher":{"@id":"https:\/\/cmas.udd.cl\/#organization"},"potentialAction":[{"@type":"SearchAction","target":{"@type":"EntryPoint","urlTemplate":"https:\/\/cmas.udd.cl\/?s={search_term_string}"},"query-input":{"@type":"PropertyValueSpecification","valueRequired":true,"valueName":"search_term_string"}}],"inLanguage":"en-US"},{"@type":"Organization","@id":"https:\/\/cmas.udd.cl\/#organization","name":"C+","url":"https:\/\/cmas.udd.cl\/","logo":{"@type":"ImageObject","inLanguage":"en-US","@id":"https:\/\/cmas.udd.cl\/#\/schema\/logo\/image\/","url":"https:\/\/cmas.udd.cl\/wp-content\/uploads\/2023\/05\/Logo-compuesto-UDD-Cmas.png","contentUrl":"https:\/\/cmas.udd.cl\/wp-content\/uploads\/2023\/05\/Logo-compuesto-UDD-Cmas.png","width":695,"height":72,"caption":"C+"},"image":{"@id":"https:\/\/cmas.udd.cl\/#\/schema\/logo\/image\/"}}]}},"_links":{"self":[{"href":"https:\/\/cmas.udd.cl\/en\/wp-json\/wp\/v2\/cplus_noticias\/6443","targetHints":{"allow":["GET"]}}],"collection":[{"href":"https:\/\/cmas.udd.cl\/en\/wp-json\/wp\/v2\/cplus_noticias"}],"about":[{"href":"https:\/\/cmas.udd.cl\/en\/wp-json\/wp\/v2\/types\/cplus_noticias"}],"version-history":[{"count":4,"href":"https:\/\/cmas.udd.cl\/en\/wp-json\/wp\/v2\/cplus_noticias\/6443\/revisions"}],"predecessor-version":[{"id":6452,"href":"https:\/\/cmas.udd.cl\/en\/wp-json\/wp\/v2\/cplus_noticias\/6443\/revisions\/6452"}],"wp:featuredmedia":[{"embeddable":true,"href":"https:\/\/cmas.udd.cl\/en\/wp-json\/wp\/v2\/media\/6444"}],"wp:attachment":[{"href":"https:\/\/cmas.udd.cl\/en\/wp-json\/wp\/v2\/media?parent=6443"}],"wp:term":[{"taxonomy":"taxo_noticias","embeddable":true,"href":"https:\/\/cmas.udd.cl\/en\/wp-json\/wp\/v2\/taxo_noticias?post=6443"},{"taxonomy":"grupo-de-investigacion","embeddable":true,"href":"https:\/\/cmas.udd.cl\/en\/wp-json\/wp\/v2\/grupo-de-investigacion?post=6443"}],"curies":[{"name":"wp","href":"https:\/\/api.w.org\/{rel}","templated":true}]}}