{"id":6318,"date":"2025-07-23T19:16:20","date_gmt":"2025-07-23T19:16:20","guid":{"rendered":"https:\/\/cmas.udd.cl\/?post_type=cplus_noticias&#038;p=6318"},"modified":"2025-07-25T17:07:32","modified_gmt":"2025-07-25T17:07:32","slug":"tecnologia-e-innovacion-udd-y-nasa-dan-inicio-a-proyecto-que-medira-la-calidad-del-aire-en-el-maule","status":"publish","type":"cplus_noticias","link":"https:\/\/cmas.udd.cl\/en\/cplus_noticias\/tecnologia-e-innovacion-udd-y-nasa-dan-inicio-a-proyecto-que-medira-la-calidad-del-aire-en-el-maule\/","title":{"rendered":"Tecnolog\u00eda e innovaci\u00f3n: UDD y NASA dan inicio a proyecto que medir\u00e1 la calidad del aire en el Maule"},"content":{"rendered":"<div data-elementor-type=\"wp-post\" data-elementor-id=\"6318\" class=\"elementor elementor-6318\" data-elementor-post-type=\"cplus_noticias\">\n\t\t\t\t<div class=\"elementor-element elementor-element-2e639864 e-flex e-con-boxed e-con e-parent\" data-id=\"2e639864\" data-element_type=\"container\" data-e-type=\"container\">\n\t\t\t\t\t<div class=\"e-con-inner\">\n\t\t\t\t<div class=\"elementor-element elementor-element-6955acea elementor-widget elementor-widget-text-editor\" data-id=\"6955acea\" data-element_type=\"widget\" data-e-type=\"widget\" data-widget_type=\"text-editor.default\">\n\t\t\t\t<div class=\"elementor-widget-container\">\n\t\t\t\t\t\t\t\t\t\n<p>El gobernador del Maule, Pedro Pablo \u00c1lvarez\u2011Salamanca Ram\u00edrez, junto con el alcalde de la comuna de Talca, Juan Carlos D\u00edaz Avenda\u00f1o<strong>,<\/strong> y un equipo de investigadores del Centro de Investigaci\u00f3n C+ de la Facultad de Ingenier\u00eda de la Universidad del Desarrollo, dieron inicio a una innovadora iniciativa que permitir\u00e1 contar con estimaciones y pron\u00f3sticos de la calidad del aire y niveles de contaminaci\u00f3n en la regi\u00f3n, usando datos satelitales.<\/p>\n<p>\u00a0<\/p>\n\n<p>En la actividad se dieron a conocer detalles de este trabajo colaborativo impulsado por el Dr. Carl Malings de la NASA y el Centro C+ de la Universidad del Desarrollo, que busca anticipar la calidad del aire en la Regi\u00f3n del Maule a trav\u00e9s de datos satelitales, modelos regionales y mediciones locales.<\/p>\n<p>\u00a0<\/p>\n\n<p>El gobernador Pedro Pablo \u00c1lvarez-Salamanca manifest\u00f3 que \u201cestamos contentos ya que un organismo tan importante como es la NASA a nivel nacional est\u00e1 colocando los ojos en nuestra regi\u00f3n. Tenemos problemas en la calidad del aire, es evidente, en muchas comunas de nuestra regi\u00f3n, producto tambi\u00e9n de la le\u00f1a, por lo tanto, hoy lo que necesitamos como autoridades regionales y municipales es tomar buenas decisiones y para eso debemos tener buena informaci\u00f3n y este sat\u00e9lite que ir\u00e1 al espacio, nos va a dar las se\u00f1ales correctas de c\u00f3mo las autoridades tenemos que actuar frente al cambio clim\u00e1tico. Estamos a disposici\u00f3n, hemos puesto a profesionales del Gobierno del Maule que se van a capacitar con ellos para que el d\u00eda de ma\u00f1ana podamos tomar decisiones en conjunto\u201d.<\/p>\n<p>\u00a0<\/p>\n\n<div class=\"wp-block-media-text is-stacked-on-mobile\">\n<figure class=\"wp-block-media-text__media\"><img fetchpriority=\"high\" decoding=\"async\" width=\"1024\" height=\"684\" class=\"wp-image-6319 size-full\" src=\"https:\/\/cmas.udd.cl\/wp-content\/uploads\/2025\/07\/WhatsApp-Image-2025-07-23-at-14.15.16-1024x684.jpeg\" alt=\"\" srcset=\"https:\/\/cmas.udd.cl\/wp-content\/uploads\/2025\/07\/WhatsApp-Image-2025-07-23-at-14.15.16-1024x684.jpeg 1024w, https:\/\/cmas.udd.cl\/wp-content\/uploads\/2025\/07\/WhatsApp-Image-2025-07-23-at-14.15.16-300x200.jpeg 300w, https:\/\/cmas.udd.cl\/wp-content\/uploads\/2025\/07\/WhatsApp-Image-2025-07-23-at-14.15.16-768x513.jpeg 768w, https:\/\/cmas.udd.cl\/wp-content\/uploads\/2025\/07\/WhatsApp-Image-2025-07-23-at-14.15.16-1536x1025.jpeg 1536w, https:\/\/cmas.udd.cl\/wp-content\/uploads\/2025\/07\/WhatsApp-Image-2025-07-23-at-14.15.16-2048x1367.jpeg 2048w, https:\/\/cmas.udd.cl\/wp-content\/uploads\/2025\/07\/WhatsApp-Image-2025-07-23-at-14.15.16-18x12.jpeg 18w\" sizes=\"(max-width: 1024px) 100vw, 1024px\" \/><\/figure>\n<div class=\"wp-block-media-text__content\">\n<p>La investigaci\u00f3n se puso en marcha luego de que la regi\u00f3n fuera seleccionada como una zona piloto para este estudio internacional, ya que, seg\u00fan informes del Ministerio del Medio Ambiente, algunas comunas del sector han enfrentado episodios cr\u00edticos de mala calidad del aire, a ra\u00edz de la contaminaci\u00f3n por calefacci\u00f3n domiciliaria y el aumento de material particulado.<\/p>\n<p>\u00a0<\/p>\n<\/div>\n<\/div>\n\n<p>\u00a0<\/p>\n<p>Por su parte, el alcalde de la Municipalidad de Talca, Juan Carlos D\u00edaz, sostuvo que &#8220;relevar el trabajo que est\u00e1n realizando los profesionales de la Universidad del Desarrollo al presentar esta propuesta y hacerse parte de un proyecto internacional donde han sido patrocinados por el Gobierno del Maule y la Municipalidad de Talca y es muy valioso porque Talca es una de las zonas saturadas a nivel nacional y uno de los principales contaminantes pasa por las estufas a le\u00f1a, pero tambi\u00e9n los veh\u00edculos, tenemos un parque automotriz de alrededor de 68 mil veh\u00edculos y por eso tambi\u00e9n hemos cre\u00eddo importante que junto a esperar estos resultados, que nos van a precisar el material particulado y los niveles de contaminaci\u00f3n, avanzar con nuestro proyecto de movilidad sostenible, creemos es fundamental avanzar en la electromovilidad y en mejorar el transporte p\u00fablico, tenemos que seguir avanzando en esa direcci\u00f3n&#8221;.<\/p>\n<p>\u00a0<\/p>\n\n<div class=\"wp-block-media-text is-stacked-on-mobile\">\n<figure class=\"wp-block-media-text__media\"><img decoding=\"async\" width=\"1024\" height=\"684\" class=\"wp-image-6320 size-full\" src=\"https:\/\/cmas.udd.cl\/wp-content\/uploads\/2025\/07\/WhatsApp-Image-2025-07-23-at-14.15.05-1-1024x684.jpeg\" alt=\"\" srcset=\"https:\/\/cmas.udd.cl\/wp-content\/uploads\/2025\/07\/WhatsApp-Image-2025-07-23-at-14.15.05-1-1024x684.jpeg 1024w, https:\/\/cmas.udd.cl\/wp-content\/uploads\/2025\/07\/WhatsApp-Image-2025-07-23-at-14.15.05-1-300x200.jpeg 300w, https:\/\/cmas.udd.cl\/wp-content\/uploads\/2025\/07\/WhatsApp-Image-2025-07-23-at-14.15.05-1-768x513.jpeg 768w, https:\/\/cmas.udd.cl\/wp-content\/uploads\/2025\/07\/WhatsApp-Image-2025-07-23-at-14.15.05-1-1536x1025.jpeg 1536w, https:\/\/cmas.udd.cl\/wp-content\/uploads\/2025\/07\/WhatsApp-Image-2025-07-23-at-14.15.05-1-2048x1367.jpeg 2048w, https:\/\/cmas.udd.cl\/wp-content\/uploads\/2025\/07\/WhatsApp-Image-2025-07-23-at-14.15.05-1-18x12.jpeg 18w\" sizes=\"(max-width: 1024px) 100vw, 1024px\" \/><\/figure>\n<div class=\"wp-block-media-text__content\">\n<p>El proyecto, que emplear\u00e1 datos satelitales, modelos globales y mediciones locales, permitir\u00e1 contar con pron\u00f3sticos horarios de contaminantes del aire como material particulado fino (PM2.5), di\u00f3xido de nitr\u00f3geno (NO2) y ozono (O3) y a futuro poder vincularlo con impactos en salud y posicionando a la regi\u00f3n en el mapa internacional de monitoreo atmosf\u00e9rico.<\/p>\n<p>\u00a0<\/p>\n<\/div>\n<\/div>\n\n<p>\u00a0<\/p>\n<p>Por otra parte, tambi\u00e9n se entregaron detalles del proyecto MAIA, un instrumento dise\u00f1ado para medir la exposici\u00f3n humana a las part\u00edculas del aire y sus impactos en la salud. MAIA ser\u00e1 lanzado al espacio, permitiendo a los investigadores recibir y analizar datos detallados sobre la composici\u00f3n del material particulado. <\/p>\n<p>\u00a0<\/p>\n<p>Sebasti\u00e1n Diez, investigador del Centro C+ de Ingenier\u00eda UDD y quien est\u00e1 a cargo del proyecto en Chile, destac\u00f3 que \u201cestos proyectos permitir\u00e1n proveer m\u00e1s y mejores datos a los<br \/>gobiernos locales para una toma de decisiones m\u00e1s informada en relaci\u00f3n a los impactos del material particulado y otros contaminantes del aire sobre la salud&#8221;.<\/p>\n<p>\u00a0<\/p>\n\n<p>Vicente Lorca, Subdirector de Innovaci\u00f3n de la Facultad de Ingenier\u00eda de la UDD \u201ceste proyecto busca activar una plataforma de informaci\u00f3n de datos de predicci\u00f3n de la calidad de aire que se hace a trav\u00e9s de un sat\u00e9lite que el pr\u00f3ximo a\u00f1o enviar\u00e1 la NASA. Este sat\u00e9lite es el primero epidemiol\u00f3gico que va a medir los aerosoles que tiene el aire y con eso se van a poder hacer predicciones para cierta toma de decisiones desde el Gobierno del Maule y el Municipio\u201d.<\/p>\n<p>\u00a0<\/p>\n\n<figure class=\"wp-block-gallery has-nested-images columns-default is-cropped wp-block-gallery-2 is-layout-flex wp-block-gallery-is-layout-flex\">\n<figure class=\"wp-block-image size-large\"><img decoding=\"async\" width=\"1024\" height=\"684\" data-id=\"6329\" class=\"wp-image-6329\" src=\"https:\/\/cmas.udd.cl\/wp-content\/uploads\/2025\/07\/WhatsApp-Image-2025-07-23-at-14.15.16-1-1024x684.jpeg\" alt=\"\" srcset=\"https:\/\/cmas.udd.cl\/wp-content\/uploads\/2025\/07\/WhatsApp-Image-2025-07-23-at-14.15.16-1-1024x684.jpeg 1024w, https:\/\/cmas.udd.cl\/wp-content\/uploads\/2025\/07\/WhatsApp-Image-2025-07-23-at-14.15.16-1-300x200.jpeg 300w, https:\/\/cmas.udd.cl\/wp-content\/uploads\/2025\/07\/WhatsApp-Image-2025-07-23-at-14.15.16-1-768x513.jpeg 768w, https:\/\/cmas.udd.cl\/wp-content\/uploads\/2025\/07\/WhatsApp-Image-2025-07-23-at-14.15.16-1-1536x1025.jpeg 1536w, https:\/\/cmas.udd.cl\/wp-content\/uploads\/2025\/07\/WhatsApp-Image-2025-07-23-at-14.15.16-1-2048x1367.jpeg 2048w, https:\/\/cmas.udd.cl\/wp-content\/uploads\/2025\/07\/WhatsApp-Image-2025-07-23-at-14.15.16-1-18x12.jpeg 18w\" sizes=\"(max-width: 1024px) 100vw, 1024px\" \/><\/figure>\n\n<figure class=\"wp-block-image size-large\"><img loading=\"lazy\" decoding=\"async\" width=\"1024\" height=\"684\" data-id=\"6324\" class=\"wp-image-6324\" src=\"https:\/\/cmas.udd.cl\/wp-content\/uploads\/2025\/07\/WhatsApp-Image-2025-07-23-at-14.15.14-1024x684.jpeg\" alt=\"\" srcset=\"https:\/\/cmas.udd.cl\/wp-content\/uploads\/2025\/07\/WhatsApp-Image-2025-07-23-at-14.15.14-1024x684.jpeg 1024w, https:\/\/cmas.udd.cl\/wp-content\/uploads\/2025\/07\/WhatsApp-Image-2025-07-23-at-14.15.14-300x200.jpeg 300w, https:\/\/cmas.udd.cl\/wp-content\/uploads\/2025\/07\/WhatsApp-Image-2025-07-23-at-14.15.14-768x513.jpeg 768w, https:\/\/cmas.udd.cl\/wp-content\/uploads\/2025\/07\/WhatsApp-Image-2025-07-23-at-14.15.14-1536x1025.jpeg 1536w, https:\/\/cmas.udd.cl\/wp-content\/uploads\/2025\/07\/WhatsApp-Image-2025-07-23-at-14.15.14-2048x1367.jpeg 2048w, https:\/\/cmas.udd.cl\/wp-content\/uploads\/2025\/07\/WhatsApp-Image-2025-07-23-at-14.15.14-18x12.jpeg 18w\" sizes=\"(max-width: 1024px) 100vw, 1024px\" \/><\/figure>\n\n<figure class=\"wp-block-image size-large\"><img loading=\"lazy\" decoding=\"async\" width=\"1024\" height=\"684\" data-id=\"6327\" class=\"wp-image-6327\" src=\"https:\/\/cmas.udd.cl\/wp-content\/uploads\/2025\/07\/WhatsApp-Image-2025-07-23-at-14.15.15-1-1024x684.jpeg\" alt=\"\" srcset=\"https:\/\/cmas.udd.cl\/wp-content\/uploads\/2025\/07\/WhatsApp-Image-2025-07-23-at-14.15.15-1-1024x684.jpeg 1024w, https:\/\/cmas.udd.cl\/wp-content\/uploads\/2025\/07\/WhatsApp-Image-2025-07-23-at-14.15.15-1-300x200.jpeg 300w, https:\/\/cmas.udd.cl\/wp-content\/uploads\/2025\/07\/WhatsApp-Image-2025-07-23-at-14.15.15-1-768x513.jpeg 768w, https:\/\/cmas.udd.cl\/wp-content\/uploads\/2025\/07\/WhatsApp-Image-2025-07-23-at-14.15.15-1-1536x1025.jpeg 1536w, https:\/\/cmas.udd.cl\/wp-content\/uploads\/2025\/07\/WhatsApp-Image-2025-07-23-at-14.15.15-1-2048x1367.jpeg 2048w, https:\/\/cmas.udd.cl\/wp-content\/uploads\/2025\/07\/WhatsApp-Image-2025-07-23-at-14.15.15-1-18x12.jpeg 18w\" sizes=\"(max-width: 1024px) 100vw, 1024px\" \/><\/figure>\n\n<figure class=\"wp-block-image size-large\"><img loading=\"lazy\" decoding=\"async\" width=\"1024\" height=\"683\" data-id=\"6322\" class=\"wp-image-6322\" src=\"https:\/\/cmas.udd.cl\/wp-content\/uploads\/2025\/07\/WhatsApp-Image-2025-07-23-at-14.15.13-1024x683.jpeg\" alt=\"\" srcset=\"https:\/\/cmas.udd.cl\/wp-content\/uploads\/2025\/07\/WhatsApp-Image-2025-07-23-at-14.15.13-1024x683.jpeg 1024w, https:\/\/cmas.udd.cl\/wp-content\/uploads\/2025\/07\/WhatsApp-Image-2025-07-23-at-14.15.13-300x200.jpeg 300w, https:\/\/cmas.udd.cl\/wp-content\/uploads\/2025\/07\/WhatsApp-Image-2025-07-23-at-14.15.13-768x512.jpeg 768w, https:\/\/cmas.udd.cl\/wp-content\/uploads\/2025\/07\/WhatsApp-Image-2025-07-23-at-14.15.13-1536x1025.jpeg 1536w, https:\/\/cmas.udd.cl\/wp-content\/uploads\/2025\/07\/WhatsApp-Image-2025-07-23-at-14.15.13-2048x1367.jpeg 2048w, https:\/\/cmas.udd.cl\/wp-content\/uploads\/2025\/07\/WhatsApp-Image-2025-07-23-at-14.15.13-18x12.jpeg 18w\" sizes=\"(max-width: 1024px) 100vw, 1024px\" \/><\/figure>\n\n<figure class=\"wp-block-image size-large\"><img loading=\"lazy\" decoding=\"async\" width=\"1024\" height=\"684\" data-id=\"6334\" class=\"wp-image-6334\" src=\"https:\/\/cmas.udd.cl\/wp-content\/uploads\/2025\/07\/WhatsApp-Image-2025-07-23-at-14.15.10-1024x684.jpeg\" alt=\"\" srcset=\"https:\/\/cmas.udd.cl\/wp-content\/uploads\/2025\/07\/WhatsApp-Image-2025-07-23-at-14.15.10-1024x684.jpeg 1024w, https:\/\/cmas.udd.cl\/wp-content\/uploads\/2025\/07\/WhatsApp-Image-2025-07-23-at-14.15.10-300x200.jpeg 300w, https:\/\/cmas.udd.cl\/wp-content\/uploads\/2025\/07\/WhatsApp-Image-2025-07-23-at-14.15.10-768x513.jpeg 768w, https:\/\/cmas.udd.cl\/wp-content\/uploads\/2025\/07\/WhatsApp-Image-2025-07-23-at-14.15.10-1536x1025.jpeg 1536w, https:\/\/cmas.udd.cl\/wp-content\/uploads\/2025\/07\/WhatsApp-Image-2025-07-23-at-14.15.10-2048x1367.jpeg 2048w, https:\/\/cmas.udd.cl\/wp-content\/uploads\/2025\/07\/WhatsApp-Image-2025-07-23-at-14.15.10-18x12.jpeg 18w\" sizes=\"(max-width: 1024px) 100vw, 1024px\" \/><\/figure>\n<\/figure>\n\t\t\t\t\t\t\t\t<\/div>\n\t\t\t\t<\/div>\n\t\t\t\t\t<\/div>\n\t\t\t\t<\/div>\n\t\t\t\t<\/div>","protected":false},"featured_media":6319,"template":"","taxo_noticias":[26],"grupo-de-investigacion":[],"class_list":["post-6318","cplus_noticias","type-cplus_noticias","status-publish","has-post-thumbnail","hentry","taxo_noticias-envirohealth"],"acf":[],"yoast_head":"<!-- This site is optimized with the Yoast SEO plugin v27.3 - https:\/\/yoast.com\/product\/yoast-seo-wordpress\/ -->\n<title>Tecnolog\u00eda e innovaci\u00f3n: UDD y NASA dan inicio a proyecto que medir\u00e1 la calidad del aire en el Maule - C+<\/title>\n<meta name=\"robots\" content=\"index, follow, max-snippet:-1, max-image-preview:large, max-video-preview:-1\" \/>\n<link rel=\"canonical\" href=\"https:\/\/cmas.udd.cl\/en\/cplus_noticias\/tecnologia-e-innovacion-udd-y-nasa-dan-inicio-a-proyecto-que-medira-la-calidad-del-aire-en-el-maule\/\" \/>\n<meta property=\"og:locale\" content=\"en_US\" \/>\n<meta property=\"og:type\" content=\"article\" \/>\n<meta property=\"og:title\" content=\"Tecnolog\u00eda e innovaci\u00f3n: UDD y NASA dan inicio a proyecto que medir\u00e1 la calidad del aire en el Maule - C+\" \/>\n<meta property=\"og:description\" content=\"El gobernador del Maule, Pedro Pablo \u00c1lvarez\u2011Salamanca Ram\u00edrez, junto con el alcalde de la comuna de Talca, Juan Carlos D\u00edaz Avenda\u00f1o, y un equipo de investigadores del Centro de Investigaci\u00f3n C+ de la Facultad de Ingenier\u00eda de la Universidad del Desarrollo, dieron inicio a una innovadora iniciativa que permitir\u00e1 contar con estimaciones y pron\u00f3sticos de [&hellip;]\" \/>\n<meta property=\"og:url\" content=\"https:\/\/cmas.udd.cl\/en\/cplus_noticias\/tecnologia-e-innovacion-udd-y-nasa-dan-inicio-a-proyecto-que-medira-la-calidad-del-aire-en-el-maule\/\" \/>\n<meta property=\"og:site_name\" content=\"C+\" \/>\n<meta property=\"article:modified_time\" content=\"2025-07-25T17:07:32+00:00\" \/>\n<meta property=\"og:image\" content=\"https:\/\/cmas.udd.cl\/wp-content\/uploads\/2025\/07\/WhatsApp-Image-2025-07-23-at-14.15.16-scaled.jpeg\" \/>\n\t<meta property=\"og:image:width\" content=\"2560\" \/>\n\t<meta property=\"og:image:height\" content=\"1709\" \/>\n\t<meta property=\"og:image:type\" content=\"image\/jpeg\" \/>\n<meta name=\"twitter:card\" content=\"summary_large_image\" \/>\n<meta name=\"twitter:label1\" content=\"Est. reading time\" \/>\n\t<meta name=\"twitter:data1\" content=\"5 minutes\" \/>\n<script type=\"application\/ld+json\" class=\"yoast-schema-graph\">{\"@context\":\"https:\\\/\\\/schema.org\",\"@graph\":[{\"@type\":\"WebPage\",\"@id\":\"https:\\\/\\\/cmas.udd.cl\\\/cplus_noticias\\\/tecnologia-e-innovacion-udd-y-nasa-dan-inicio-a-proyecto-que-medira-la-calidad-del-aire-en-el-maule\\\/\",\"url\":\"https:\\\/\\\/cmas.udd.cl\\\/cplus_noticias\\\/tecnologia-e-innovacion-udd-y-nasa-dan-inicio-a-proyecto-que-medira-la-calidad-del-aire-en-el-maule\\\/\",\"name\":\"Tecnolog\u00eda e innovaci\u00f3n: UDD y NASA dan inicio a proyecto que medir\u00e1 la calidad del aire en el Maule - C+\",\"isPartOf\":{\"@id\":\"https:\\\/\\\/cmas.udd.cl\\\/#website\"},\"primaryImageOfPage\":{\"@id\":\"https:\\\/\\\/cmas.udd.cl\\\/cplus_noticias\\\/tecnologia-e-innovacion-udd-y-nasa-dan-inicio-a-proyecto-que-medira-la-calidad-del-aire-en-el-maule\\\/#primaryimage\"},\"image\":{\"@id\":\"https:\\\/\\\/cmas.udd.cl\\\/cplus_noticias\\\/tecnologia-e-innovacion-udd-y-nasa-dan-inicio-a-proyecto-que-medira-la-calidad-del-aire-en-el-maule\\\/#primaryimage\"},\"thumbnailUrl\":\"https:\\\/\\\/cmas.udd.cl\\\/wp-content\\\/uploads\\\/2025\\\/07\\\/WhatsApp-Image-2025-07-23-at-14.15.16-scaled.jpeg\",\"datePublished\":\"2025-07-23T19:16:20+00:00\",\"dateModified\":\"2025-07-25T17:07:32+00:00\",\"breadcrumb\":{\"@id\":\"https:\\\/\\\/cmas.udd.cl\\\/cplus_noticias\\\/tecnologia-e-innovacion-udd-y-nasa-dan-inicio-a-proyecto-que-medira-la-calidad-del-aire-en-el-maule\\\/#breadcrumb\"},\"inLanguage\":\"en-US\",\"potentialAction\":[{\"@type\":\"ReadAction\",\"target\":[\"https:\\\/\\\/cmas.udd.cl\\\/cplus_noticias\\\/tecnologia-e-innovacion-udd-y-nasa-dan-inicio-a-proyecto-que-medira-la-calidad-del-aire-en-el-maule\\\/\"]}]},{\"@type\":\"ImageObject\",\"inLanguage\":\"en-US\",\"@id\":\"https:\\\/\\\/cmas.udd.cl\\\/cplus_noticias\\\/tecnologia-e-innovacion-udd-y-nasa-dan-inicio-a-proyecto-que-medira-la-calidad-del-aire-en-el-maule\\\/#primaryimage\",\"url\":\"https:\\\/\\\/cmas.udd.cl\\\/wp-content\\\/uploads\\\/2025\\\/07\\\/WhatsApp-Image-2025-07-23-at-14.15.16-scaled.jpeg\",\"contentUrl\":\"https:\\\/\\\/cmas.udd.cl\\\/wp-content\\\/uploads\\\/2025\\\/07\\\/WhatsApp-Image-2025-07-23-at-14.15.16-scaled.jpeg\",\"width\":2560,\"height\":1709},{\"@type\":\"BreadcrumbList\",\"@id\":\"https:\\\/\\\/cmas.udd.cl\\\/cplus_noticias\\\/tecnologia-e-innovacion-udd-y-nasa-dan-inicio-a-proyecto-que-medira-la-calidad-del-aire-en-el-maule\\\/#breadcrumb\",\"itemListElement\":[{\"@type\":\"ListItem\",\"position\":1,\"name\":\"Home\",\"item\":\"https:\\\/\\\/cmas.udd.cl\\\/\"},{\"@type\":\"ListItem\",\"position\":2,\"name\":\"cplus_noticias\",\"item\":\"https:\\\/\\\/cmas.udd.cl\\\/cplus_noticias\\\/\"},{\"@type\":\"ListItem\",\"position\":3,\"name\":\"Tecnolog\u00eda e innovaci\u00f3n: UDD y NASA dan inicio a proyecto que medir\u00e1 la calidad del aire en el Maule\"}]},{\"@type\":\"WebSite\",\"@id\":\"https:\\\/\\\/cmas.udd.cl\\\/#website\",\"url\":\"https:\\\/\\\/cmas.udd.cl\\\/\",\"name\":\"C+\",\"description\":\"Centro Investigaci\u00f3n enTecnolog\u00edas para la Sociedad\",\"publisher\":{\"@id\":\"https:\\\/\\\/cmas.udd.cl\\\/#organization\"},\"potentialAction\":[{\"@type\":\"SearchAction\",\"target\":{\"@type\":\"EntryPoint\",\"urlTemplate\":\"https:\\\/\\\/cmas.udd.cl\\\/?s={search_term_string}\"},\"query-input\":{\"@type\":\"PropertyValueSpecification\",\"valueRequired\":true,\"valueName\":\"search_term_string\"}}],\"inLanguage\":\"en-US\"},{\"@type\":\"Organization\",\"@id\":\"https:\\\/\\\/cmas.udd.cl\\\/#organization\",\"name\":\"C+\",\"url\":\"https:\\\/\\\/cmas.udd.cl\\\/\",\"logo\":{\"@type\":\"ImageObject\",\"inLanguage\":\"en-US\",\"@id\":\"https:\\\/\\\/cmas.udd.cl\\\/#\\\/schema\\\/logo\\\/image\\\/\",\"url\":\"https:\\\/\\\/cmas.udd.cl\\\/wp-content\\\/uploads\\\/2023\\\/05\\\/Logo-compuesto-UDD-Cmas.png\",\"contentUrl\":\"https:\\\/\\\/cmas.udd.cl\\\/wp-content\\\/uploads\\\/2023\\\/05\\\/Logo-compuesto-UDD-Cmas.png\",\"width\":695,\"height\":72,\"caption\":\"C+\"},\"image\":{\"@id\":\"https:\\\/\\\/cmas.udd.cl\\\/#\\\/schema\\\/logo\\\/image\\\/\"}}]}<\/script>\n<!-- \/ Yoast SEO plugin. -->","yoast_head_json":{"title":"Tecnolog\u00eda e innovaci\u00f3n: UDD y NASA dan inicio a proyecto que medir\u00e1 la calidad del aire en el Maule - C+","robots":{"index":"index","follow":"follow","max-snippet":"max-snippet:-1","max-image-preview":"max-image-preview:large","max-video-preview":"max-video-preview:-1"},"canonical":"https:\/\/cmas.udd.cl\/en\/cplus_noticias\/tecnologia-e-innovacion-udd-y-nasa-dan-inicio-a-proyecto-que-medira-la-calidad-del-aire-en-el-maule\/","og_locale":"en_US","og_type":"article","og_title":"Tecnolog\u00eda e innovaci\u00f3n: UDD y NASA dan inicio a proyecto que medir\u00e1 la calidad del aire en el Maule - C+","og_description":"El gobernador del Maule, Pedro Pablo \u00c1lvarez\u2011Salamanca Ram\u00edrez, junto con el alcalde de la comuna de Talca, Juan Carlos D\u00edaz Avenda\u00f1o, y un equipo de investigadores del Centro de Investigaci\u00f3n C+ de la Facultad de Ingenier\u00eda de la Universidad del Desarrollo, dieron inicio a una innovadora iniciativa que permitir\u00e1 contar con estimaciones y pron\u00f3sticos de [&hellip;]","og_url":"https:\/\/cmas.udd.cl\/en\/cplus_noticias\/tecnologia-e-innovacion-udd-y-nasa-dan-inicio-a-proyecto-que-medira-la-calidad-del-aire-en-el-maule\/","og_site_name":"C+","article_modified_time":"2025-07-25T17:07:32+00:00","og_image":[{"width":2560,"height":1709,"url":"https:\/\/cmas.udd.cl\/wp-content\/uploads\/2025\/07\/WhatsApp-Image-2025-07-23-at-14.15.16-scaled.jpeg","type":"image\/jpeg"}],"twitter_card":"summary_large_image","twitter_misc":{"Est. reading time":"5 minutes"},"schema":{"@context":"https:\/\/schema.org","@graph":[{"@type":"WebPage","@id":"https:\/\/cmas.udd.cl\/cplus_noticias\/tecnologia-e-innovacion-udd-y-nasa-dan-inicio-a-proyecto-que-medira-la-calidad-del-aire-en-el-maule\/","url":"https:\/\/cmas.udd.cl\/cplus_noticias\/tecnologia-e-innovacion-udd-y-nasa-dan-inicio-a-proyecto-que-medira-la-calidad-del-aire-en-el-maule\/","name":"Tecnolog\u00eda e innovaci\u00f3n: UDD y NASA dan inicio a proyecto que medir\u00e1 la calidad del aire en el Maule - C+","isPartOf":{"@id":"https:\/\/cmas.udd.cl\/#website"},"primaryImageOfPage":{"@id":"https:\/\/cmas.udd.cl\/cplus_noticias\/tecnologia-e-innovacion-udd-y-nasa-dan-inicio-a-proyecto-que-medira-la-calidad-del-aire-en-el-maule\/#primaryimage"},"image":{"@id":"https:\/\/cmas.udd.cl\/cplus_noticias\/tecnologia-e-innovacion-udd-y-nasa-dan-inicio-a-proyecto-que-medira-la-calidad-del-aire-en-el-maule\/#primaryimage"},"thumbnailUrl":"https:\/\/cmas.udd.cl\/wp-content\/uploads\/2025\/07\/WhatsApp-Image-2025-07-23-at-14.15.16-scaled.jpeg","datePublished":"2025-07-23T19:16:20+00:00","dateModified":"2025-07-25T17:07:32+00:00","breadcrumb":{"@id":"https:\/\/cmas.udd.cl\/cplus_noticias\/tecnologia-e-innovacion-udd-y-nasa-dan-inicio-a-proyecto-que-medira-la-calidad-del-aire-en-el-maule\/#breadcrumb"},"inLanguage":"en-US","potentialAction":[{"@type":"ReadAction","target":["https:\/\/cmas.udd.cl\/cplus_noticias\/tecnologia-e-innovacion-udd-y-nasa-dan-inicio-a-proyecto-que-medira-la-calidad-del-aire-en-el-maule\/"]}]},{"@type":"ImageObject","inLanguage":"en-US","@id":"https:\/\/cmas.udd.cl\/cplus_noticias\/tecnologia-e-innovacion-udd-y-nasa-dan-inicio-a-proyecto-que-medira-la-calidad-del-aire-en-el-maule\/#primaryimage","url":"https:\/\/cmas.udd.cl\/wp-content\/uploads\/2025\/07\/WhatsApp-Image-2025-07-23-at-14.15.16-scaled.jpeg","contentUrl":"https:\/\/cmas.udd.cl\/wp-content\/uploads\/2025\/07\/WhatsApp-Image-2025-07-23-at-14.15.16-scaled.jpeg","width":2560,"height":1709},{"@type":"BreadcrumbList","@id":"https:\/\/cmas.udd.cl\/cplus_noticias\/tecnologia-e-innovacion-udd-y-nasa-dan-inicio-a-proyecto-que-medira-la-calidad-del-aire-en-el-maule\/#breadcrumb","itemListElement":[{"@type":"ListItem","position":1,"name":"Home","item":"https:\/\/cmas.udd.cl\/"},{"@type":"ListItem","position":2,"name":"cplus_noticias","item":"https:\/\/cmas.udd.cl\/cplus_noticias\/"},{"@type":"ListItem","position":3,"name":"Tecnolog\u00eda e innovaci\u00f3n: UDD y NASA dan inicio a proyecto que medir\u00e1 la calidad del aire en el Maule"}]},{"@type":"WebSite","@id":"https:\/\/cmas.udd.cl\/#website","url":"https:\/\/cmas.udd.cl\/","name":"C+","description":"Centro Investigaci\u00f3n enTecnolog\u00edas para la Sociedad","publisher":{"@id":"https:\/\/cmas.udd.cl\/#organization"},"potentialAction":[{"@type":"SearchAction","target":{"@type":"EntryPoint","urlTemplate":"https:\/\/cmas.udd.cl\/?s={search_term_string}"},"query-input":{"@type":"PropertyValueSpecification","valueRequired":true,"valueName":"search_term_string"}}],"inLanguage":"en-US"},{"@type":"Organization","@id":"https:\/\/cmas.udd.cl\/#organization","name":"C+","url":"https:\/\/cmas.udd.cl\/","logo":{"@type":"ImageObject","inLanguage":"en-US","@id":"https:\/\/cmas.udd.cl\/#\/schema\/logo\/image\/","url":"https:\/\/cmas.udd.cl\/wp-content\/uploads\/2023\/05\/Logo-compuesto-UDD-Cmas.png","contentUrl":"https:\/\/cmas.udd.cl\/wp-content\/uploads\/2023\/05\/Logo-compuesto-UDD-Cmas.png","width":695,"height":72,"caption":"C+"},"image":{"@id":"https:\/\/cmas.udd.cl\/#\/schema\/logo\/image\/"}}]}},"_links":{"self":[{"href":"https:\/\/cmas.udd.cl\/en\/wp-json\/wp\/v2\/cplus_noticias\/6318","targetHints":{"allow":["GET"]}}],"collection":[{"href":"https:\/\/cmas.udd.cl\/en\/wp-json\/wp\/v2\/cplus_noticias"}],"about":[{"href":"https:\/\/cmas.udd.cl\/en\/wp-json\/wp\/v2\/types\/cplus_noticias"}],"version-history":[{"count":13,"href":"https:\/\/cmas.udd.cl\/en\/wp-json\/wp\/v2\/cplus_noticias\/6318\/revisions"}],"predecessor-version":[{"id":6387,"href":"https:\/\/cmas.udd.cl\/en\/wp-json\/wp\/v2\/cplus_noticias\/6318\/revisions\/6387"}],"wp:featuredmedia":[{"embeddable":true,"href":"https:\/\/cmas.udd.cl\/en\/wp-json\/wp\/v2\/media\/6319"}],"wp:attachment":[{"href":"https:\/\/cmas.udd.cl\/en\/wp-json\/wp\/v2\/media?parent=6318"}],"wp:term":[{"taxonomy":"taxo_noticias","embeddable":true,"href":"https:\/\/cmas.udd.cl\/en\/wp-json\/wp\/v2\/taxo_noticias?post=6318"},{"taxonomy":"grupo-de-investigacion","embeddable":true,"href":"https:\/\/cmas.udd.cl\/en\/wp-json\/wp\/v2\/grupo-de-investigacion?post=6318"}],"curies":[{"name":"wp","href":"https:\/\/api.w.org\/{rel}","templated":true}]}}