{"id":5684,"date":"2025-06-23T16:26:15","date_gmt":"2025-06-23T16:26:15","guid":{"rendered":"https:\/\/cmas.udd.cl\/?post_type=cplus_noticias&#038;p=5684"},"modified":"2025-06-24T14:49:00","modified_gmt":"2025-06-24T14:49:00","slug":"nasa-y-centro-c-udd-se-unen-para-predecir-la-calidad-del-aire-en-la-region-del-maule","status":"publish","type":"cplus_noticias","link":"https:\/\/cmas.udd.cl\/en\/cplus_noticias\/nasa-y-centro-c-udd-se-unen-para-predecir-la-calidad-del-aire-en-la-region-del-maule\/","title":{"rendered":"NASA y Centro C+ UDD se unen para predecir la calidad del aire en la regi\u00f3n del Maule\u00a0"},"content":{"rendered":"<div data-elementor-type=\"wp-post\" data-elementor-id=\"5684\" class=\"elementor elementor-5684\" data-elementor-post-type=\"cplus_noticias\">\n\t\t\t\t<div class=\"elementor-element elementor-element-393fab85 e-flex e-con-boxed e-con e-parent\" data-id=\"393fab85\" data-element_type=\"container\" data-e-type=\"container\">\n\t\t\t\t\t<div class=\"e-con-inner\">\n\t\t\t\t<div class=\"elementor-element elementor-element-1873c0b7 elementor-widget elementor-widget-text-editor\" data-id=\"1873c0b7\" data-element_type=\"widget\" data-e-type=\"widget\" data-widget_type=\"text-editor.default\">\n\t\t\t\t<div class=\"elementor-widget-container\">\n\t\t\t\t\t\t\t\t\t<p><\/p>\n<p>Un innovador estudio liderado por un equipo de la NASA y en colaboraci\u00f3n con el Centro de Investigaci\u00f3n en Tecnolog\u00edas para la Sociedad (C+) de la Facultad de Ingenier\u00eda permitir\u00e1 contar con estimaciones y pron\u00f3sticos de la calidad del aire y niveles de contaminaci\u00f3n usando datos satelitales.&nbsp;&nbsp;<\/p><p><br><\/p>\n<p><\/p>\n<p><\/p>\n<p>La iniciativa, que lleva el nombre de \u201cScaling Data Fusion Tools to Support Local Air Quality Managers in Latin America\u201d liderado por el Dr. Carl Malings, cient\u00edfico asistente de investigaci\u00f3n de la NASA, se puso en marcha luego de que la regi\u00f3n del Maule fuera seleccionada como una de las zonas piloto para el proyecto internacional, que contar\u00e1 adem\u00e1s con el apoyo del Gobierno Regional del Maule y la Municipalidad de Talca.&nbsp;<\/p><p>&nbsp;<\/p>\n<p><\/p>\n<p><\/p>\n<div class=\"wp-block-media-text is-stacked-on-mobile\">\n<figure class=\"wp-block-media-text__media\"><img fetchpriority=\"high\" decoding=\"async\" width=\"1024\" height=\"819\" class=\"wp-image-5685 size-full\" src=\"https:\/\/cmas.udd.cl\/wp-content\/uploads\/2025\/06\/WhatsApp-Image-2025-06-23-at-12.17.39-1024x819.jpeg\" alt=\"\" srcset=\"https:\/\/cmas.udd.cl\/wp-content\/uploads\/2025\/06\/WhatsApp-Image-2025-06-23-at-12.17.39-1024x819.jpeg 1024w, https:\/\/cmas.udd.cl\/wp-content\/uploads\/2025\/06\/WhatsApp-Image-2025-06-23-at-12.17.39-300x240.jpeg 300w, https:\/\/cmas.udd.cl\/wp-content\/uploads\/2025\/06\/WhatsApp-Image-2025-06-23-at-12.17.39-768x614.jpeg 768w, https:\/\/cmas.udd.cl\/wp-content\/uploads\/2025\/06\/WhatsApp-Image-2025-06-23-at-12.17.39-15x12.jpeg 15w, https:\/\/cmas.udd.cl\/wp-content\/uploads\/2025\/06\/WhatsApp-Image-2025-06-23-at-12.17.39.jpeg 1280w\" sizes=\"(max-width: 1024px) 100vw, 1024px\" \/><\/figure>\n<div class=\"wp-block-media-text__content\">\n<p><\/p>\n<p><span class=\"TextRun SCXW120655646 BCX0\" lang=\"ES-ES\" xml:lang=\"ES-ES\" data-contrast=\"none\"><span class=\"NormalTextRun SCXW120655646 BCX0\">El proyecto, que <\/span><span class=\"NormalTextRun SCXW120655646 BCX0\">emplear\u00e1<\/span><span class=\"NormalTextRun SCXW120655646 BCX0\"> datos <\/span><span class=\"NormalTextRun SCXW120655646 BCX0\">satelitales<\/span><span class=\"NormalTextRun SCXW120655646 BCX0\">, modelos globales y mediciones locales, permitir\u00e1 contar con <\/span><span class=\"NormalTextRun SCXW120655646 BCX0\">pron\u00f3sticos horarios<\/span><span class=\"NormalTextRun SCXW120655646 BCX0\"> de contaminantes <\/span><span class=\"NormalTextRun SCXW120655646 BCX0\">del aire <\/span><span class=\"NormalTextRun SCXW120655646 BCX0\">como<\/span><span class=\"NormalTextRun SCXW120655646 BCX0\">&nbsp;<\/span><\/span><span class=\"TextRun SCXW120655646 BCX0\" lang=\"ES-ES\" xml:lang=\"ES-ES\" data-contrast=\"none\"><span class=\"NormalTextRun SCXW120655646 BCX0\">material particulado fino (PM2.5),&nbsp;di\u00f3xido de nitr\u00f3geno (NO2)&nbsp;y&nbsp;ozono (O3)<\/span><\/span><span class=\"TextRun SCXW120655646 BCX0\" lang=\"ES-ES\" xml:lang=\"ES-ES\" data-contrast=\"none\"><span class=\"NormalTextRun SCXW120655646 BCX0\">&nbsp;y a futuro poder <\/span><span class=\"NormalTextRun SCXW120655646 BCX0\">vincularlo<\/span><span class=\"NormalTextRun SCXW120655646 BCX0\"> con <\/span><span class=\"NormalTextRun SCXW120655646 BCX0\">impactos<\/span><span class=\"NormalTextRun SCXW120655646 BCX0\"> en salud<\/span><span class=\"NormalTextRun SCXW120655646 BCX0\">.&nbsp;<\/span><\/span><span class=\"EOP SCXW120655646 BCX0\" data-ccp-props=\"{&quot;134233117&quot;:false,&quot;134233118&quot;:false,&quot;335557856&quot;:16777215,&quot;335559738&quot;:0,&quot;335559739&quot;:0}\">&nbsp;<\/span>&nbsp;<\/p>\n<p><\/p>\n<p><\/p>\n<\/div>\n<\/div>\n<p><\/p>\n<p><br><\/p>\n<p>\u201cEste proyecto pondr\u00e1 a la regi\u00f3n del Maule en el mapa internacional del monitoreo atmosf\u00e9rico, combinando tecnolog\u00eda satelital de NASA con datos locales para proteger la salud de nuestras comunidades\u201d, se\u00f1ala Sebasti\u00e1n Diez, miembro del Centro C+ de Ingenier\u00eda UDD e investigador cargo del proyecto en Chile.&nbsp;<\/p>\n<p><br><\/p>\n<p><\/p>\n<p><\/p>\n<p>El investigador adem\u00e1s agreg\u00f3 que la iniciativa no solo fortalecer\u00e1 la capacidad local para abordar la contaminaci\u00f3n atmosf\u00e9rica, sino que tambi\u00e9n se permitir\u00e1 tomar decisiones con datos y preparar el camino para estudios epidemiol\u00f3gicos sobre los efectos en la salud de la poblaci\u00f3n.<\/p>\n<p><br><\/p>\n<p><span class=\"TextRun SCXW128751482 BCX0\" lang=\"ES-ES\" xml:lang=\"ES-ES\" data-contrast=\"auto\"><span class=\"NormalTextRun SCXW128751482 BCX0\">Seg\u00fan informes&nbsp;del Ministerio del Medio Ambiente, <\/span><span class=\"NormalTextRun SCXW128751482 BCX0\">algunas comunas de la regi\u00f3n del Maule<\/span><span class=\"NormalTextRun SCXW128751482 BCX0\">&nbsp;han enfrentado episodios cr\u00edticos de mala calidad del aire, <\/span><span class=\"NormalTextRun SCXW128751482 BCX0\">a ra\u00edz<\/span><span class=\"NormalTextRun SCXW128751482 BCX0\">&nbsp;<\/span><span class=\"NormalTextRun SCXW128751482 BCX0\">de la contaminaci\u00f3n por calefacci\u00f3n domiciliaria y el aumento de material particulado<\/span><span class=\"NormalTextRun SCXW128751482 BCX0\">. <\/span><\/span><span class=\"EOP SCXW128751482 BCX0\" data-ccp-props=\"{&quot;134233117&quot;:false,&quot;134233118&quot;:false,&quot;335551550&quot;:6,&quot;335551620&quot;:6,&quot;335557856&quot;:16777215,&quot;335559738&quot;:0,&quot;335559739&quot;:300}\">&nbsp;<\/span><\/p>\n<p><span class=\"EOP SCXW128751482 BCX0\" data-ccp-props=\"{&quot;134233117&quot;:false,&quot;134233118&quot;:false,&quot;335551550&quot;:6,&quot;335551620&quot;:6,&quot;335557856&quot;:16777215,&quot;335559738&quot;:0,&quot;335559739&quot;:300}\"><br><\/span><\/p>\n<p><\/p>\n<p><\/p>\n<p>Por \u00faltimo, para Vicente Lorca, subdirector de Innovaci\u00f3n Ingenier\u00eda UDD e investigador que estar\u00e1 a cargo en la ciudad de Talca, el proyecto \u201cpuede ser un puntapi\u00e9 inicial para un proyecto m\u00e1s grande en nuestra regi\u00f3n, que mezcle salud, datos y medioambiente a trav\u00e9s de la tecnolog\u00eda&#8221;.&nbsp;&nbsp;<\/p>\n<p><br><\/p>\n<p><\/p>\n<p><\/p>\n<figure class=\"wp-block-image size-large\"><img decoding=\"async\" width=\"1024\" height=\"576\" class=\"wp-image-5686\" src=\"https:\/\/cmas.udd.cl\/wp-content\/uploads\/2025\/06\/WhatsApp-Image-2025-06-23-at-12.20.16-1024x576.jpeg\" alt=\"\" srcset=\"https:\/\/cmas.udd.cl\/wp-content\/uploads\/2025\/06\/WhatsApp-Image-2025-06-23-at-12.20.16-1024x576.jpeg 1024w, https:\/\/cmas.udd.cl\/wp-content\/uploads\/2025\/06\/WhatsApp-Image-2025-06-23-at-12.20.16-300x169.jpeg 300w, https:\/\/cmas.udd.cl\/wp-content\/uploads\/2025\/06\/WhatsApp-Image-2025-06-23-at-12.20.16-768x432.jpeg 768w, https:\/\/cmas.udd.cl\/wp-content\/uploads\/2025\/06\/WhatsApp-Image-2025-06-23-at-12.20.16-18x10.jpeg 18w, https:\/\/cmas.udd.cl\/wp-content\/uploads\/2025\/06\/WhatsApp-Image-2025-06-23-at-12.20.16.jpeg 1200w\" sizes=\"(max-width: 1024px) 100vw, 1024px\" \/><\/figure>\n<p><\/p>\t\t\t\t\t\t\t\t<\/div>\n\t\t\t\t<\/div>\n\t\t\t\t\t<\/div>\n\t\t\t\t<\/div>\n\t\t\t\t<\/div>","protected":false},"featured_media":5686,"template":"","taxo_noticias":[26],"grupo-de-investigacion":[],"class_list":["post-5684","cplus_noticias","type-cplus_noticias","status-publish","has-post-thumbnail","hentry","taxo_noticias-envirohealth"],"acf":[],"yoast_head":"<!-- This site is optimized with the Yoast SEO plugin v27.3 - https:\/\/yoast.com\/product\/yoast-seo-wordpress\/ -->\n<title>NASA y Centro C+ UDD se unen para predecir la calidad del aire en la regi\u00f3n del Maule\u00a0 - C+<\/title>\n<meta name=\"robots\" content=\"index, follow, max-snippet:-1, max-image-preview:large, max-video-preview:-1\" \/>\n<link rel=\"canonical\" href=\"https:\/\/cmas.udd.cl\/en\/cplus_noticias\/nasa-y-centro-c-udd-se-unen-para-predecir-la-calidad-del-aire-en-la-region-del-maule\/\" \/>\n<meta property=\"og:locale\" content=\"en_US\" \/>\n<meta property=\"og:type\" content=\"article\" \/>\n<meta property=\"og:title\" content=\"NASA y Centro C+ UDD se unen para predecir la calidad del aire en la regi\u00f3n del Maule\u00a0 - C+\" \/>\n<meta property=\"og:description\" content=\"Un innovador estudio liderado por un equipo de la NASA y en colaboraci\u00f3n con el Centro de Investigaci\u00f3n en Tecnolog\u00edas para la Sociedad (C+) de la Facultad de Ingenier\u00eda permitir\u00e1 contar con estimaciones y pron\u00f3sticos de la calidad del aire y niveles de contaminaci\u00f3n usando datos satelitales.&nbsp;&nbsp; La iniciativa, que lleva el nombre de \u201cScaling [&hellip;]\" \/>\n<meta property=\"og:url\" content=\"https:\/\/cmas.udd.cl\/en\/cplus_noticias\/nasa-y-centro-c-udd-se-unen-para-predecir-la-calidad-del-aire-en-la-region-del-maule\/\" \/>\n<meta property=\"og:site_name\" content=\"C+\" \/>\n<meta property=\"article:modified_time\" content=\"2025-06-24T14:49:00+00:00\" \/>\n<meta property=\"og:image\" content=\"https:\/\/cmas.udd.cl\/wp-content\/uploads\/2025\/06\/WhatsApp-Image-2025-06-23-at-12.20.16.jpeg\" \/>\n\t<meta property=\"og:image:width\" content=\"1200\" \/>\n\t<meta property=\"og:image:height\" content=\"675\" \/>\n\t<meta property=\"og:image:type\" content=\"image\/jpeg\" \/>\n<meta name=\"twitter:card\" content=\"summary_large_image\" \/>\n<meta name=\"twitter:label1\" content=\"Est. reading time\" \/>\n\t<meta name=\"twitter:data1\" content=\"2 minutes\" \/>\n<script type=\"application\/ld+json\" class=\"yoast-schema-graph\">{\"@context\":\"https:\\\/\\\/schema.org\",\"@graph\":[{\"@type\":\"WebPage\",\"@id\":\"https:\\\/\\\/cmas.udd.cl\\\/cplus_noticias\\\/nasa-y-centro-c-udd-se-unen-para-predecir-la-calidad-del-aire-en-la-region-del-maule\\\/\",\"url\":\"https:\\\/\\\/cmas.udd.cl\\\/cplus_noticias\\\/nasa-y-centro-c-udd-se-unen-para-predecir-la-calidad-del-aire-en-la-region-del-maule\\\/\",\"name\":\"NASA y Centro C+ UDD se unen para predecir la calidad del aire en la regi\u00f3n del Maule\u00a0 - C+\",\"isPartOf\":{\"@id\":\"https:\\\/\\\/cmas.udd.cl\\\/#website\"},\"primaryImageOfPage\":{\"@id\":\"https:\\\/\\\/cmas.udd.cl\\\/cplus_noticias\\\/nasa-y-centro-c-udd-se-unen-para-predecir-la-calidad-del-aire-en-la-region-del-maule\\\/#primaryimage\"},\"image\":{\"@id\":\"https:\\\/\\\/cmas.udd.cl\\\/cplus_noticias\\\/nasa-y-centro-c-udd-se-unen-para-predecir-la-calidad-del-aire-en-la-region-del-maule\\\/#primaryimage\"},\"thumbnailUrl\":\"https:\\\/\\\/cmas.udd.cl\\\/wp-content\\\/uploads\\\/2025\\\/06\\\/WhatsApp-Image-2025-06-23-at-12.20.16.jpeg\",\"datePublished\":\"2025-06-23T16:26:15+00:00\",\"dateModified\":\"2025-06-24T14:49:00+00:00\",\"breadcrumb\":{\"@id\":\"https:\\\/\\\/cmas.udd.cl\\\/cplus_noticias\\\/nasa-y-centro-c-udd-se-unen-para-predecir-la-calidad-del-aire-en-la-region-del-maule\\\/#breadcrumb\"},\"inLanguage\":\"en-US\",\"potentialAction\":[{\"@type\":\"ReadAction\",\"target\":[\"https:\\\/\\\/cmas.udd.cl\\\/cplus_noticias\\\/nasa-y-centro-c-udd-se-unen-para-predecir-la-calidad-del-aire-en-la-region-del-maule\\\/\"]}]},{\"@type\":\"ImageObject\",\"inLanguage\":\"en-US\",\"@id\":\"https:\\\/\\\/cmas.udd.cl\\\/cplus_noticias\\\/nasa-y-centro-c-udd-se-unen-para-predecir-la-calidad-del-aire-en-la-region-del-maule\\\/#primaryimage\",\"url\":\"https:\\\/\\\/cmas.udd.cl\\\/wp-content\\\/uploads\\\/2025\\\/06\\\/WhatsApp-Image-2025-06-23-at-12.20.16.jpeg\",\"contentUrl\":\"https:\\\/\\\/cmas.udd.cl\\\/wp-content\\\/uploads\\\/2025\\\/06\\\/WhatsApp-Image-2025-06-23-at-12.20.16.jpeg\",\"width\":1200,\"height\":675},{\"@type\":\"BreadcrumbList\",\"@id\":\"https:\\\/\\\/cmas.udd.cl\\\/cplus_noticias\\\/nasa-y-centro-c-udd-se-unen-para-predecir-la-calidad-del-aire-en-la-region-del-maule\\\/#breadcrumb\",\"itemListElement\":[{\"@type\":\"ListItem\",\"position\":1,\"name\":\"Home\",\"item\":\"https:\\\/\\\/cmas.udd.cl\\\/\"},{\"@type\":\"ListItem\",\"position\":2,\"name\":\"cplus_noticias\",\"item\":\"https:\\\/\\\/cmas.udd.cl\\\/cplus_noticias\\\/\"},{\"@type\":\"ListItem\",\"position\":3,\"name\":\"NASA y Centro C+ UDD se unen para predecir la calidad del aire en la regi\u00f3n del Maule\u00a0\"}]},{\"@type\":\"WebSite\",\"@id\":\"https:\\\/\\\/cmas.udd.cl\\\/#website\",\"url\":\"https:\\\/\\\/cmas.udd.cl\\\/\",\"name\":\"C+\",\"description\":\"Centro Investigaci\u00f3n enTecnolog\u00edas para la Sociedad\",\"publisher\":{\"@id\":\"https:\\\/\\\/cmas.udd.cl\\\/#organization\"},\"potentialAction\":[{\"@type\":\"SearchAction\",\"target\":{\"@type\":\"EntryPoint\",\"urlTemplate\":\"https:\\\/\\\/cmas.udd.cl\\\/?s={search_term_string}\"},\"query-input\":{\"@type\":\"PropertyValueSpecification\",\"valueRequired\":true,\"valueName\":\"search_term_string\"}}],\"inLanguage\":\"en-US\"},{\"@type\":\"Organization\",\"@id\":\"https:\\\/\\\/cmas.udd.cl\\\/#organization\",\"name\":\"C+\",\"url\":\"https:\\\/\\\/cmas.udd.cl\\\/\",\"logo\":{\"@type\":\"ImageObject\",\"inLanguage\":\"en-US\",\"@id\":\"https:\\\/\\\/cmas.udd.cl\\\/#\\\/schema\\\/logo\\\/image\\\/\",\"url\":\"https:\\\/\\\/cmas.udd.cl\\\/wp-content\\\/uploads\\\/2023\\\/05\\\/Logo-compuesto-UDD-Cmas.png\",\"contentUrl\":\"https:\\\/\\\/cmas.udd.cl\\\/wp-content\\\/uploads\\\/2023\\\/05\\\/Logo-compuesto-UDD-Cmas.png\",\"width\":695,\"height\":72,\"caption\":\"C+\"},\"image\":{\"@id\":\"https:\\\/\\\/cmas.udd.cl\\\/#\\\/schema\\\/logo\\\/image\\\/\"}}]}<\/script>\n<!-- \/ Yoast SEO plugin. -->","yoast_head_json":{"title":"NASA y Centro C+ UDD se unen para predecir la calidad del aire en la regi\u00f3n del Maule\u00a0 - C+","robots":{"index":"index","follow":"follow","max-snippet":"max-snippet:-1","max-image-preview":"max-image-preview:large","max-video-preview":"max-video-preview:-1"},"canonical":"https:\/\/cmas.udd.cl\/en\/cplus_noticias\/nasa-y-centro-c-udd-se-unen-para-predecir-la-calidad-del-aire-en-la-region-del-maule\/","og_locale":"en_US","og_type":"article","og_title":"NASA y Centro C+ UDD se unen para predecir la calidad del aire en la regi\u00f3n del Maule\u00a0 - C+","og_description":"Un innovador estudio liderado por un equipo de la NASA y en colaboraci\u00f3n con el Centro de Investigaci\u00f3n en Tecnolog\u00edas para la Sociedad (C+) de la Facultad de Ingenier\u00eda permitir\u00e1 contar con estimaciones y pron\u00f3sticos de la calidad del aire y niveles de contaminaci\u00f3n usando datos satelitales.&nbsp;&nbsp; La iniciativa, que lleva el nombre de \u201cScaling [&hellip;]","og_url":"https:\/\/cmas.udd.cl\/en\/cplus_noticias\/nasa-y-centro-c-udd-se-unen-para-predecir-la-calidad-del-aire-en-la-region-del-maule\/","og_site_name":"C+","article_modified_time":"2025-06-24T14:49:00+00:00","og_image":[{"width":1200,"height":675,"url":"https:\/\/cmas.udd.cl\/wp-content\/uploads\/2025\/06\/WhatsApp-Image-2025-06-23-at-12.20.16.jpeg","type":"image\/jpeg"}],"twitter_card":"summary_large_image","twitter_misc":{"Est. reading time":"2 minutes"},"schema":{"@context":"https:\/\/schema.org","@graph":[{"@type":"WebPage","@id":"https:\/\/cmas.udd.cl\/cplus_noticias\/nasa-y-centro-c-udd-se-unen-para-predecir-la-calidad-del-aire-en-la-region-del-maule\/","url":"https:\/\/cmas.udd.cl\/cplus_noticias\/nasa-y-centro-c-udd-se-unen-para-predecir-la-calidad-del-aire-en-la-region-del-maule\/","name":"NASA y Centro C+ UDD se unen para predecir la calidad del aire en la regi\u00f3n del Maule\u00a0 - C+","isPartOf":{"@id":"https:\/\/cmas.udd.cl\/#website"},"primaryImageOfPage":{"@id":"https:\/\/cmas.udd.cl\/cplus_noticias\/nasa-y-centro-c-udd-se-unen-para-predecir-la-calidad-del-aire-en-la-region-del-maule\/#primaryimage"},"image":{"@id":"https:\/\/cmas.udd.cl\/cplus_noticias\/nasa-y-centro-c-udd-se-unen-para-predecir-la-calidad-del-aire-en-la-region-del-maule\/#primaryimage"},"thumbnailUrl":"https:\/\/cmas.udd.cl\/wp-content\/uploads\/2025\/06\/WhatsApp-Image-2025-06-23-at-12.20.16.jpeg","datePublished":"2025-06-23T16:26:15+00:00","dateModified":"2025-06-24T14:49:00+00:00","breadcrumb":{"@id":"https:\/\/cmas.udd.cl\/cplus_noticias\/nasa-y-centro-c-udd-se-unen-para-predecir-la-calidad-del-aire-en-la-region-del-maule\/#breadcrumb"},"inLanguage":"en-US","potentialAction":[{"@type":"ReadAction","target":["https:\/\/cmas.udd.cl\/cplus_noticias\/nasa-y-centro-c-udd-se-unen-para-predecir-la-calidad-del-aire-en-la-region-del-maule\/"]}]},{"@type":"ImageObject","inLanguage":"en-US","@id":"https:\/\/cmas.udd.cl\/cplus_noticias\/nasa-y-centro-c-udd-se-unen-para-predecir-la-calidad-del-aire-en-la-region-del-maule\/#primaryimage","url":"https:\/\/cmas.udd.cl\/wp-content\/uploads\/2025\/06\/WhatsApp-Image-2025-06-23-at-12.20.16.jpeg","contentUrl":"https:\/\/cmas.udd.cl\/wp-content\/uploads\/2025\/06\/WhatsApp-Image-2025-06-23-at-12.20.16.jpeg","width":1200,"height":675},{"@type":"BreadcrumbList","@id":"https:\/\/cmas.udd.cl\/cplus_noticias\/nasa-y-centro-c-udd-se-unen-para-predecir-la-calidad-del-aire-en-la-region-del-maule\/#breadcrumb","itemListElement":[{"@type":"ListItem","position":1,"name":"Home","item":"https:\/\/cmas.udd.cl\/"},{"@type":"ListItem","position":2,"name":"cplus_noticias","item":"https:\/\/cmas.udd.cl\/cplus_noticias\/"},{"@type":"ListItem","position":3,"name":"NASA y Centro C+ UDD se unen para predecir la calidad del aire en la regi\u00f3n del Maule\u00a0"}]},{"@type":"WebSite","@id":"https:\/\/cmas.udd.cl\/#website","url":"https:\/\/cmas.udd.cl\/","name":"C+","description":"Centro Investigaci\u00f3n enTecnolog\u00edas para la Sociedad","publisher":{"@id":"https:\/\/cmas.udd.cl\/#organization"},"potentialAction":[{"@type":"SearchAction","target":{"@type":"EntryPoint","urlTemplate":"https:\/\/cmas.udd.cl\/?s={search_term_string}"},"query-input":{"@type":"PropertyValueSpecification","valueRequired":true,"valueName":"search_term_string"}}],"inLanguage":"en-US"},{"@type":"Organization","@id":"https:\/\/cmas.udd.cl\/#organization","name":"C+","url":"https:\/\/cmas.udd.cl\/","logo":{"@type":"ImageObject","inLanguage":"en-US","@id":"https:\/\/cmas.udd.cl\/#\/schema\/logo\/image\/","url":"https:\/\/cmas.udd.cl\/wp-content\/uploads\/2023\/05\/Logo-compuesto-UDD-Cmas.png","contentUrl":"https:\/\/cmas.udd.cl\/wp-content\/uploads\/2023\/05\/Logo-compuesto-UDD-Cmas.png","width":695,"height":72,"caption":"C+"},"image":{"@id":"https:\/\/cmas.udd.cl\/#\/schema\/logo\/image\/"}}]}},"_links":{"self":[{"href":"https:\/\/cmas.udd.cl\/en\/wp-json\/wp\/v2\/cplus_noticias\/5684","targetHints":{"allow":["GET"]}}],"collection":[{"href":"https:\/\/cmas.udd.cl\/en\/wp-json\/wp\/v2\/cplus_noticias"}],"about":[{"href":"https:\/\/cmas.udd.cl\/en\/wp-json\/wp\/v2\/types\/cplus_noticias"}],"version-history":[{"count":19,"href":"https:\/\/cmas.udd.cl\/en\/wp-json\/wp\/v2\/cplus_noticias\/5684\/revisions"}],"predecessor-version":[{"id":5705,"href":"https:\/\/cmas.udd.cl\/en\/wp-json\/wp\/v2\/cplus_noticias\/5684\/revisions\/5705"}],"wp:featuredmedia":[{"embeddable":true,"href":"https:\/\/cmas.udd.cl\/en\/wp-json\/wp\/v2\/media\/5686"}],"wp:attachment":[{"href":"https:\/\/cmas.udd.cl\/en\/wp-json\/wp\/v2\/media?parent=5684"}],"wp:term":[{"taxonomy":"taxo_noticias","embeddable":true,"href":"https:\/\/cmas.udd.cl\/en\/wp-json\/wp\/v2\/taxo_noticias?post=5684"},{"taxonomy":"grupo-de-investigacion","embeddable":true,"href":"https:\/\/cmas.udd.cl\/en\/wp-json\/wp\/v2\/grupo-de-investigacion?post=5684"}],"curies":[{"name":"wp","href":"https:\/\/api.w.org\/{rel}","templated":true}]}}