{"id":4166,"date":"2025-03-27T18:21:15","date_gmt":"2025-03-27T18:21:15","guid":{"rendered":"https:\/\/cmas.udd.cl\/?post_type=cplus_noticias&#038;p=4166"},"modified":"2025-03-31T15:51:30","modified_gmt":"2025-03-31T15:51:30","slug":"voluntarios-participaron-en-mediciones-de-contaminacion-de-agua-en-la-cuenca-del-maipo","status":"publish","type":"cplus_noticias","link":"https:\/\/cmas.udd.cl\/en\/cplus_noticias\/voluntarios-participaron-en-mediciones-de-contaminacion-de-agua-en-la-cuenca-del-maipo\/","title":{"rendered":"Voluntarios participaron en mediciones de contaminaci\u00f3n de agua en la cuenca del Maipo\u00a0\u00a0"},"content":{"rendered":"<p>Con alrededor de 30 participantes, se realiz\u00f3 la jornada de capacitaci\u00f3n \u201cMonitoreo instrumental del agua\u201d, con el objetivo de aprender a medir par\u00e1metros clave de la calidad del agua con tecnolog\u00eda avanzada de YaliTech, empresa especialista en mediciones ambientales, en los r\u00edos Maipo y Colorado. \u00a0<\/p>\n\n\n\n<div class=\"wp-block-media-text is-stacked-on-mobile\"><figure class=\"wp-block-media-text__media\"><img fetchpriority=\"high\" decoding=\"async\" width=\"1024\" height=\"768\" src=\"https:\/\/cmas.udd.cl\/wp-content\/uploads\/2025\/03\/WhatsApp-Image-2025-03-27-at-11.32.06-1024x768.jpeg\" alt=\"\" class=\"wp-image-4167 size-full\" srcset=\"https:\/\/cmas.udd.cl\/wp-content\/uploads\/2025\/03\/WhatsApp-Image-2025-03-27-at-11.32.06-1024x768.jpeg 1024w, https:\/\/cmas.udd.cl\/wp-content\/uploads\/2025\/03\/WhatsApp-Image-2025-03-27-at-11.32.06-300x225.jpeg 300w, https:\/\/cmas.udd.cl\/wp-content\/uploads\/2025\/03\/WhatsApp-Image-2025-03-27-at-11.32.06-768x576.jpeg 768w, https:\/\/cmas.udd.cl\/wp-content\/uploads\/2025\/03\/WhatsApp-Image-2025-03-27-at-11.32.06.jpeg 1280w\" sizes=\"(max-width: 1024px) 100vw, 1024px\" \/><\/figure><div class=\"wp-block-media-text__content\">\n<p>La actividad se llev\u00f3 a cabo con motivo de celebrar los tres a\u00f1os de aniversario del proyecto \u201cVoluntarios por el Agua\u201d, iniciativa de ciencia ciudadana que monitorea la contaminaci\u00f3n y estado de diferentes r\u00edos en la cuenca del Maipo y, donde, adem\u00e1s, el Centro de Investigaci\u00f3n C+ de Ingenier\u00eda UDD colabora.&nbsp;&nbsp;<\/p>\n<\/div><\/div>\n\n\n\n<p>Asimismo, la actividad se realiz\u00f3 en la fecha en que se conmemoraba el D\u00eda Mundial del Agua y congreg\u00f3 a diferentes profesionales, voluntarios y vecinos de la zona interesados en aprender sobre mediciones y nuevas tecnolog\u00edas. &nbsp;<\/p>\n\n\n\n<p>La iniciativa&nbsp;se llev\u00f3 a cabo en dos partes; una que ten\u00eda como objetivo medir cada 3 horas por 24 horas el agua para conocer en profundidad sus cambios y caracter\u00edsticas y; otra que consisti\u00f3 en una capacitaci\u00f3n con la colaboraci\u00f3n de la empresa YaliTech y el uso de tecnolog\u00eda. &nbsp;<\/p>\n\n\n\n<p>\u201cComo conclusi\u00f3n de la jornada, podemos destacar la importancia de mejorar los protocolos de medici\u00f3n y de conocer de forma detallada los instrumentos para darles un mejor uso\u201d, se\u00f1al\u00f3 Zo\u00eb Fleming, investigadora del Centro C+ y miembro de Voluntarios por el Agua, en relaci\u00f3n a algunos de los puntos que trabajaron en la capacitaci\u00f3n y que buscan mejorar a futuro. &nbsp;<\/p>\n\n\n\n<p>Por \u00faltimo, la actividad sirvi\u00f3 para conocer de forma detalla las caracter\u00edsticas del agua en los diferentes r\u00edos y su estado a ra\u00edz de las diferentes condiciones ambientales. &nbsp;<\/p>\n\n\n\n<figure class=\"wp-block-gallery has-nested-images columns-default is-cropped wp-block-gallery-1 is-layout-flex wp-block-gallery-is-layout-flex\">\n<figure class=\"wp-block-image size-large\"><img decoding=\"async\" width=\"1024\" height=\"682\" data-id=\"4168\" src=\"https:\/\/cmas.udd.cl\/wp-content\/uploads\/2025\/03\/WhatsApp-Image-2025-03-27-at-11.32.12-1-1024x682.jpeg\" alt=\"\" class=\"wp-image-4168\" srcset=\"https:\/\/cmas.udd.cl\/wp-content\/uploads\/2025\/03\/WhatsApp-Image-2025-03-27-at-11.32.12-1-1024x682.jpeg 1024w, https:\/\/cmas.udd.cl\/wp-content\/uploads\/2025\/03\/WhatsApp-Image-2025-03-27-at-11.32.12-1-300x200.jpeg 300w, https:\/\/cmas.udd.cl\/wp-content\/uploads\/2025\/03\/WhatsApp-Image-2025-03-27-at-11.32.12-1-768x511.jpeg 768w, https:\/\/cmas.udd.cl\/wp-content\/uploads\/2025\/03\/WhatsApp-Image-2025-03-27-at-11.32.12-1.jpeg 1280w\" sizes=\"(max-width: 1024px) 100vw, 1024px\" \/><\/figure>\n\n\n\n<figure class=\"wp-block-image size-large\"><img decoding=\"async\" width=\"1024\" height=\"682\" data-id=\"4175\" src=\"https:\/\/cmas.udd.cl\/wp-content\/uploads\/2025\/03\/WhatsApp-Image-2025-03-27-at-11.32.12-1024x682.jpeg\" alt=\"\" class=\"wp-image-4175\" srcset=\"https:\/\/cmas.udd.cl\/wp-content\/uploads\/2025\/03\/WhatsApp-Image-2025-03-27-at-11.32.12-1024x682.jpeg 1024w, https:\/\/cmas.udd.cl\/wp-content\/uploads\/2025\/03\/WhatsApp-Image-2025-03-27-at-11.32.12-300x200.jpeg 300w, https:\/\/cmas.udd.cl\/wp-content\/uploads\/2025\/03\/WhatsApp-Image-2025-03-27-at-11.32.12-768x511.jpeg 768w, https:\/\/cmas.udd.cl\/wp-content\/uploads\/2025\/03\/WhatsApp-Image-2025-03-27-at-11.32.12.jpeg 1280w\" sizes=\"(max-width: 1024px) 100vw, 1024px\" \/><\/figure>\n\n\n\n<figure class=\"wp-block-image size-large\"><img loading=\"lazy\" decoding=\"async\" width=\"1024\" height=\"682\" data-id=\"4171\" src=\"https:\/\/cmas.udd.cl\/wp-content\/uploads\/2025\/03\/WhatsApp-Image-2025-03-27-at-11.32.11-1024x682.jpeg\" alt=\"\" class=\"wp-image-4171\" srcset=\"https:\/\/cmas.udd.cl\/wp-content\/uploads\/2025\/03\/WhatsApp-Image-2025-03-27-at-11.32.11-1024x682.jpeg 1024w, https:\/\/cmas.udd.cl\/wp-content\/uploads\/2025\/03\/WhatsApp-Image-2025-03-27-at-11.32.11-300x200.jpeg 300w, https:\/\/cmas.udd.cl\/wp-content\/uploads\/2025\/03\/WhatsApp-Image-2025-03-27-at-11.32.11-768x511.jpeg 768w, https:\/\/cmas.udd.cl\/wp-content\/uploads\/2025\/03\/WhatsApp-Image-2025-03-27-at-11.32.11.jpeg 1280w\" sizes=\"(max-width: 1024px) 100vw, 1024px\" \/><\/figure>\n\n\n\n<figure class=\"wp-block-image size-large\"><img loading=\"lazy\" decoding=\"async\" width=\"1024\" height=\"768\" data-id=\"4177\" src=\"https:\/\/cmas.udd.cl\/wp-content\/uploads\/2025\/03\/WhatsApp-Image-2025-03-27-at-11.32.04-1024x768.jpeg\" alt=\"\" class=\"wp-image-4177\" srcset=\"https:\/\/cmas.udd.cl\/wp-content\/uploads\/2025\/03\/WhatsApp-Image-2025-03-27-at-11.32.04-1024x768.jpeg 1024w, https:\/\/cmas.udd.cl\/wp-content\/uploads\/2025\/03\/WhatsApp-Image-2025-03-27-at-11.32.04-300x225.jpeg 300w, https:\/\/cmas.udd.cl\/wp-content\/uploads\/2025\/03\/WhatsApp-Image-2025-03-27-at-11.32.04-768x576.jpeg 768w, https:\/\/cmas.udd.cl\/wp-content\/uploads\/2025\/03\/WhatsApp-Image-2025-03-27-at-11.32.04-1536x1152.jpeg 1536w, https:\/\/cmas.udd.cl\/wp-content\/uploads\/2025\/03\/WhatsApp-Image-2025-03-27-at-11.32.04.jpeg 1600w\" sizes=\"(max-width: 1024px) 100vw, 1024px\" \/><\/figure>\n\n\n\n<figure class=\"wp-block-image size-large\"><img loading=\"lazy\" decoding=\"async\" width=\"768\" height=\"1024\" data-id=\"4176\" src=\"https:\/\/cmas.udd.cl\/wp-content\/uploads\/2025\/03\/WhatsApp-Image-2025-03-27-at-11.31.45-768x1024.jpeg\" alt=\"\" class=\"wp-image-4176\" srcset=\"https:\/\/cmas.udd.cl\/wp-content\/uploads\/2025\/03\/WhatsApp-Image-2025-03-27-at-11.31.45-768x1024.jpeg 768w, https:\/\/cmas.udd.cl\/wp-content\/uploads\/2025\/03\/WhatsApp-Image-2025-03-27-at-11.31.45-225x300.jpeg 225w, https:\/\/cmas.udd.cl\/wp-content\/uploads\/2025\/03\/WhatsApp-Image-2025-03-27-at-11.31.45-1152x1536.jpeg 1152w, https:\/\/cmas.udd.cl\/wp-content\/uploads\/2025\/03\/WhatsApp-Image-2025-03-27-at-11.31.45.jpeg 1200w\" sizes=\"(max-width: 768px) 100vw, 768px\" \/><\/figure>\n\n\n\n<figure class=\"wp-block-image size-large\"><img loading=\"lazy\" decoding=\"async\" width=\"768\" height=\"1024\" data-id=\"4174\" src=\"https:\/\/cmas.udd.cl\/wp-content\/uploads\/2025\/03\/WhatsApp-Image-2025-03-27-at-11.30.17-768x1024.jpeg\" alt=\"\" class=\"wp-image-4174\" srcset=\"https:\/\/cmas.udd.cl\/wp-content\/uploads\/2025\/03\/WhatsApp-Image-2025-03-27-at-11.30.17-768x1024.jpeg 768w, https:\/\/cmas.udd.cl\/wp-content\/uploads\/2025\/03\/WhatsApp-Image-2025-03-27-at-11.30.17-225x300.jpeg 225w, https:\/\/cmas.udd.cl\/wp-content\/uploads\/2025\/03\/WhatsApp-Image-2025-03-27-at-11.30.17.jpeg 960w\" sizes=\"(max-width: 768px) 100vw, 768px\" \/><\/figure>\n<\/figure>\n\n\n\n<p>Im\u00e1genes por: Zo\u00eb Fleming y Juan Jes\u00fas Acu\u00f1a. <\/p>","protected":false},"featured_media":4177,"template":"","taxo_noticias":[26],"grupo-de-investigacion":[],"class_list":["post-4166","cplus_noticias","type-cplus_noticias","status-publish","has-post-thumbnail","hentry","taxo_noticias-envirohealth"],"acf":[],"yoast_head":"<!-- This site is optimized with the Yoast SEO plugin v27.3 - https:\/\/yoast.com\/product\/yoast-seo-wordpress\/ -->\n<title>Voluntarios participaron en mediciones de contaminaci\u00f3n de agua en la cuenca del Maipo\u00a0\u00a0 - C+<\/title>\n<meta name=\"robots\" content=\"index, follow, max-snippet:-1, max-image-preview:large, max-video-preview:-1\" \/>\n<link rel=\"canonical\" href=\"https:\/\/cmas.udd.cl\/en\/cplus_noticias\/voluntarios-participaron-en-mediciones-de-contaminacion-de-agua-en-la-cuenca-del-maipo\/\" \/>\n<meta property=\"og:locale\" content=\"en_US\" \/>\n<meta property=\"og:type\" content=\"article\" \/>\n<meta property=\"og:title\" content=\"Voluntarios participaron en mediciones de contaminaci\u00f3n de agua en la cuenca del Maipo\u00a0\u00a0 - C+\" \/>\n<meta property=\"og:description\" content=\"Con alrededor de 30 participantes, se realiz\u00f3 la jornada de capacitaci\u00f3n \u201cMonitoreo instrumental del agua\u201d, con el objetivo de aprender a medir par\u00e1metros clave de la calidad del agua con tecnolog\u00eda avanzada de YaliTech, empresa especialista en mediciones ambientales, en los r\u00edos Maipo y Colorado. \u00a0 La actividad se llev\u00f3 a cabo con motivo de [&hellip;]\" \/>\n<meta property=\"og:url\" content=\"https:\/\/cmas.udd.cl\/en\/cplus_noticias\/voluntarios-participaron-en-mediciones-de-contaminacion-de-agua-en-la-cuenca-del-maipo\/\" \/>\n<meta property=\"og:site_name\" content=\"C+\" \/>\n<meta property=\"article:modified_time\" content=\"2025-03-31T15:51:30+00:00\" \/>\n<meta property=\"og:image\" content=\"https:\/\/cmas.udd.cl\/wp-content\/uploads\/2025\/03\/WhatsApp-Image-2025-03-27-at-11.32.04.jpeg\" \/>\n\t<meta property=\"og:image:width\" content=\"1600\" \/>\n\t<meta property=\"og:image:height\" content=\"1200\" \/>\n\t<meta property=\"og:image:type\" content=\"image\/jpeg\" \/>\n<meta name=\"twitter:card\" content=\"summary_large_image\" \/>\n<meta name=\"twitter:label1\" content=\"Est. reading time\" \/>\n\t<meta name=\"twitter:data1\" content=\"3 minutes\" \/>\n<script type=\"application\/ld+json\" class=\"yoast-schema-graph\">{\"@context\":\"https:\\\/\\\/schema.org\",\"@graph\":[{\"@type\":\"WebPage\",\"@id\":\"https:\\\/\\\/cmas.udd.cl\\\/cplus_noticias\\\/voluntarios-participaron-en-mediciones-de-contaminacion-de-agua-en-la-cuenca-del-maipo\\\/\",\"url\":\"https:\\\/\\\/cmas.udd.cl\\\/cplus_noticias\\\/voluntarios-participaron-en-mediciones-de-contaminacion-de-agua-en-la-cuenca-del-maipo\\\/\",\"name\":\"Voluntarios participaron en mediciones de contaminaci\u00f3n de agua en la cuenca del Maipo\u00a0\u00a0 - C+\",\"isPartOf\":{\"@id\":\"https:\\\/\\\/cmas.udd.cl\\\/#website\"},\"primaryImageOfPage\":{\"@id\":\"https:\\\/\\\/cmas.udd.cl\\\/cplus_noticias\\\/voluntarios-participaron-en-mediciones-de-contaminacion-de-agua-en-la-cuenca-del-maipo\\\/#primaryimage\"},\"image\":{\"@id\":\"https:\\\/\\\/cmas.udd.cl\\\/cplus_noticias\\\/voluntarios-participaron-en-mediciones-de-contaminacion-de-agua-en-la-cuenca-del-maipo\\\/#primaryimage\"},\"thumbnailUrl\":\"https:\\\/\\\/cmas.udd.cl\\\/wp-content\\\/uploads\\\/2025\\\/03\\\/WhatsApp-Image-2025-03-27-at-11.32.04.jpeg\",\"datePublished\":\"2025-03-27T18:21:15+00:00\",\"dateModified\":\"2025-03-31T15:51:30+00:00\",\"breadcrumb\":{\"@id\":\"https:\\\/\\\/cmas.udd.cl\\\/cplus_noticias\\\/voluntarios-participaron-en-mediciones-de-contaminacion-de-agua-en-la-cuenca-del-maipo\\\/#breadcrumb\"},\"inLanguage\":\"en-US\",\"potentialAction\":[{\"@type\":\"ReadAction\",\"target\":[\"https:\\\/\\\/cmas.udd.cl\\\/cplus_noticias\\\/voluntarios-participaron-en-mediciones-de-contaminacion-de-agua-en-la-cuenca-del-maipo\\\/\"]}]},{\"@type\":\"ImageObject\",\"inLanguage\":\"en-US\",\"@id\":\"https:\\\/\\\/cmas.udd.cl\\\/cplus_noticias\\\/voluntarios-participaron-en-mediciones-de-contaminacion-de-agua-en-la-cuenca-del-maipo\\\/#primaryimage\",\"url\":\"https:\\\/\\\/cmas.udd.cl\\\/wp-content\\\/uploads\\\/2025\\\/03\\\/WhatsApp-Image-2025-03-27-at-11.32.04.jpeg\",\"contentUrl\":\"https:\\\/\\\/cmas.udd.cl\\\/wp-content\\\/uploads\\\/2025\\\/03\\\/WhatsApp-Image-2025-03-27-at-11.32.04.jpeg\",\"width\":1600,\"height\":1200},{\"@type\":\"BreadcrumbList\",\"@id\":\"https:\\\/\\\/cmas.udd.cl\\\/cplus_noticias\\\/voluntarios-participaron-en-mediciones-de-contaminacion-de-agua-en-la-cuenca-del-maipo\\\/#breadcrumb\",\"itemListElement\":[{\"@type\":\"ListItem\",\"position\":1,\"name\":\"Home\",\"item\":\"https:\\\/\\\/cmas.udd.cl\\\/\"},{\"@type\":\"ListItem\",\"position\":2,\"name\":\"cplus_noticias\",\"item\":\"https:\\\/\\\/cmas.udd.cl\\\/cplus_noticias\\\/\"},{\"@type\":\"ListItem\",\"position\":3,\"name\":\"Voluntarios participaron en mediciones de contaminaci\u00f3n de agua en la cuenca del Maipo\u00a0\u00a0\"}]},{\"@type\":\"WebSite\",\"@id\":\"https:\\\/\\\/cmas.udd.cl\\\/#website\",\"url\":\"https:\\\/\\\/cmas.udd.cl\\\/\",\"name\":\"C+\",\"description\":\"Centro Investigaci\u00f3n enTecnolog\u00edas para la Sociedad\",\"publisher\":{\"@id\":\"https:\\\/\\\/cmas.udd.cl\\\/#organization\"},\"potentialAction\":[{\"@type\":\"SearchAction\",\"target\":{\"@type\":\"EntryPoint\",\"urlTemplate\":\"https:\\\/\\\/cmas.udd.cl\\\/?s={search_term_string}\"},\"query-input\":{\"@type\":\"PropertyValueSpecification\",\"valueRequired\":true,\"valueName\":\"search_term_string\"}}],\"inLanguage\":\"en-US\"},{\"@type\":\"Organization\",\"@id\":\"https:\\\/\\\/cmas.udd.cl\\\/#organization\",\"name\":\"C+\",\"url\":\"https:\\\/\\\/cmas.udd.cl\\\/\",\"logo\":{\"@type\":\"ImageObject\",\"inLanguage\":\"en-US\",\"@id\":\"https:\\\/\\\/cmas.udd.cl\\\/#\\\/schema\\\/logo\\\/image\\\/\",\"url\":\"https:\\\/\\\/cmas.udd.cl\\\/wp-content\\\/uploads\\\/2023\\\/05\\\/Logo-compuesto-UDD-Cmas.png\",\"contentUrl\":\"https:\\\/\\\/cmas.udd.cl\\\/wp-content\\\/uploads\\\/2023\\\/05\\\/Logo-compuesto-UDD-Cmas.png\",\"width\":695,\"height\":72,\"caption\":\"C+\"},\"image\":{\"@id\":\"https:\\\/\\\/cmas.udd.cl\\\/#\\\/schema\\\/logo\\\/image\\\/\"}}]}<\/script>\n<!-- \/ Yoast SEO plugin. -->","yoast_head_json":{"title":"Voluntarios participaron en mediciones de contaminaci\u00f3n de agua en la cuenca del Maipo\u00a0\u00a0 - C+","robots":{"index":"index","follow":"follow","max-snippet":"max-snippet:-1","max-image-preview":"max-image-preview:large","max-video-preview":"max-video-preview:-1"},"canonical":"https:\/\/cmas.udd.cl\/en\/cplus_noticias\/voluntarios-participaron-en-mediciones-de-contaminacion-de-agua-en-la-cuenca-del-maipo\/","og_locale":"en_US","og_type":"article","og_title":"Voluntarios participaron en mediciones de contaminaci\u00f3n de agua en la cuenca del Maipo\u00a0\u00a0 - C+","og_description":"Con alrededor de 30 participantes, se realiz\u00f3 la jornada de capacitaci\u00f3n \u201cMonitoreo instrumental del agua\u201d, con el objetivo de aprender a medir par\u00e1metros clave de la calidad del agua con tecnolog\u00eda avanzada de YaliTech, empresa especialista en mediciones ambientales, en los r\u00edos Maipo y Colorado. \u00a0 La actividad se llev\u00f3 a cabo con motivo de [&hellip;]","og_url":"https:\/\/cmas.udd.cl\/en\/cplus_noticias\/voluntarios-participaron-en-mediciones-de-contaminacion-de-agua-en-la-cuenca-del-maipo\/","og_site_name":"C+","article_modified_time":"2025-03-31T15:51:30+00:00","og_image":[{"width":1600,"height":1200,"url":"https:\/\/cmas.udd.cl\/wp-content\/uploads\/2025\/03\/WhatsApp-Image-2025-03-27-at-11.32.04.jpeg","type":"image\/jpeg"}],"twitter_card":"summary_large_image","twitter_misc":{"Est. reading time":"3 minutes"},"schema":{"@context":"https:\/\/schema.org","@graph":[{"@type":"WebPage","@id":"https:\/\/cmas.udd.cl\/cplus_noticias\/voluntarios-participaron-en-mediciones-de-contaminacion-de-agua-en-la-cuenca-del-maipo\/","url":"https:\/\/cmas.udd.cl\/cplus_noticias\/voluntarios-participaron-en-mediciones-de-contaminacion-de-agua-en-la-cuenca-del-maipo\/","name":"Voluntarios participaron en mediciones de contaminaci\u00f3n de agua en la cuenca del Maipo\u00a0\u00a0 - C+","isPartOf":{"@id":"https:\/\/cmas.udd.cl\/#website"},"primaryImageOfPage":{"@id":"https:\/\/cmas.udd.cl\/cplus_noticias\/voluntarios-participaron-en-mediciones-de-contaminacion-de-agua-en-la-cuenca-del-maipo\/#primaryimage"},"image":{"@id":"https:\/\/cmas.udd.cl\/cplus_noticias\/voluntarios-participaron-en-mediciones-de-contaminacion-de-agua-en-la-cuenca-del-maipo\/#primaryimage"},"thumbnailUrl":"https:\/\/cmas.udd.cl\/wp-content\/uploads\/2025\/03\/WhatsApp-Image-2025-03-27-at-11.32.04.jpeg","datePublished":"2025-03-27T18:21:15+00:00","dateModified":"2025-03-31T15:51:30+00:00","breadcrumb":{"@id":"https:\/\/cmas.udd.cl\/cplus_noticias\/voluntarios-participaron-en-mediciones-de-contaminacion-de-agua-en-la-cuenca-del-maipo\/#breadcrumb"},"inLanguage":"en-US","potentialAction":[{"@type":"ReadAction","target":["https:\/\/cmas.udd.cl\/cplus_noticias\/voluntarios-participaron-en-mediciones-de-contaminacion-de-agua-en-la-cuenca-del-maipo\/"]}]},{"@type":"ImageObject","inLanguage":"en-US","@id":"https:\/\/cmas.udd.cl\/cplus_noticias\/voluntarios-participaron-en-mediciones-de-contaminacion-de-agua-en-la-cuenca-del-maipo\/#primaryimage","url":"https:\/\/cmas.udd.cl\/wp-content\/uploads\/2025\/03\/WhatsApp-Image-2025-03-27-at-11.32.04.jpeg","contentUrl":"https:\/\/cmas.udd.cl\/wp-content\/uploads\/2025\/03\/WhatsApp-Image-2025-03-27-at-11.32.04.jpeg","width":1600,"height":1200},{"@type":"BreadcrumbList","@id":"https:\/\/cmas.udd.cl\/cplus_noticias\/voluntarios-participaron-en-mediciones-de-contaminacion-de-agua-en-la-cuenca-del-maipo\/#breadcrumb","itemListElement":[{"@type":"ListItem","position":1,"name":"Home","item":"https:\/\/cmas.udd.cl\/"},{"@type":"ListItem","position":2,"name":"cplus_noticias","item":"https:\/\/cmas.udd.cl\/cplus_noticias\/"},{"@type":"ListItem","position":3,"name":"Voluntarios participaron en mediciones de contaminaci\u00f3n de agua en la cuenca del Maipo\u00a0\u00a0"}]},{"@type":"WebSite","@id":"https:\/\/cmas.udd.cl\/#website","url":"https:\/\/cmas.udd.cl\/","name":"C+","description":"Centro Investigaci\u00f3n enTecnolog\u00edas para la Sociedad","publisher":{"@id":"https:\/\/cmas.udd.cl\/#organization"},"potentialAction":[{"@type":"SearchAction","target":{"@type":"EntryPoint","urlTemplate":"https:\/\/cmas.udd.cl\/?s={search_term_string}"},"query-input":{"@type":"PropertyValueSpecification","valueRequired":true,"valueName":"search_term_string"}}],"inLanguage":"en-US"},{"@type":"Organization","@id":"https:\/\/cmas.udd.cl\/#organization","name":"C+","url":"https:\/\/cmas.udd.cl\/","logo":{"@type":"ImageObject","inLanguage":"en-US","@id":"https:\/\/cmas.udd.cl\/#\/schema\/logo\/image\/","url":"https:\/\/cmas.udd.cl\/wp-content\/uploads\/2023\/05\/Logo-compuesto-UDD-Cmas.png","contentUrl":"https:\/\/cmas.udd.cl\/wp-content\/uploads\/2023\/05\/Logo-compuesto-UDD-Cmas.png","width":695,"height":72,"caption":"C+"},"image":{"@id":"https:\/\/cmas.udd.cl\/#\/schema\/logo\/image\/"}}]}},"_links":{"self":[{"href":"https:\/\/cmas.udd.cl\/en\/wp-json\/wp\/v2\/cplus_noticias\/4166","targetHints":{"allow":["GET"]}}],"collection":[{"href":"https:\/\/cmas.udd.cl\/en\/wp-json\/wp\/v2\/cplus_noticias"}],"about":[{"href":"https:\/\/cmas.udd.cl\/en\/wp-json\/wp\/v2\/types\/cplus_noticias"}],"version-history":[{"count":3,"href":"https:\/\/cmas.udd.cl\/en\/wp-json\/wp\/v2\/cplus_noticias\/4166\/revisions"}],"predecessor-version":[{"id":4184,"href":"https:\/\/cmas.udd.cl\/en\/wp-json\/wp\/v2\/cplus_noticias\/4166\/revisions\/4184"}],"wp:featuredmedia":[{"embeddable":true,"href":"https:\/\/cmas.udd.cl\/en\/wp-json\/wp\/v2\/media\/4177"}],"wp:attachment":[{"href":"https:\/\/cmas.udd.cl\/en\/wp-json\/wp\/v2\/media?parent=4166"}],"wp:term":[{"taxonomy":"taxo_noticias","embeddable":true,"href":"https:\/\/cmas.udd.cl\/en\/wp-json\/wp\/v2\/taxo_noticias?post=4166"},{"taxonomy":"grupo-de-investigacion","embeddable":true,"href":"https:\/\/cmas.udd.cl\/en\/wp-json\/wp\/v2\/grupo-de-investigacion?post=4166"}],"curies":[{"name":"wp","href":"https:\/\/api.w.org\/{rel}","templated":true}]}}