{"id":4131,"date":"2025-03-05T15:53:17","date_gmt":"2025-03-05T15:53:17","guid":{"rendered":"https:\/\/cmas.udd.cl\/?post_type=cplus_noticias&#038;p=4131"},"modified":"2025-03-31T15:47:34","modified_gmt":"2025-03-31T15:47:34","slug":"estudios-medioambientales-y-ciencia-ciudadana-un-desafio-en-las-zonas-de-sacrificio-ambiental-en-chile","status":"publish","type":"cplus_noticias","link":"https:\/\/cmas.udd.cl\/en\/cplus_noticias\/estudios-medioambientales-y-ciencia-ciudadana-un-desafio-en-las-zonas-de-sacrificio-ambiental-en-chile\/","title":{"rendered":"Estudios medioambientales y ciencia ciudadana: un desaf\u00edo en las zonas de \u201csacrificio\u201d ambiental en Chile\u00a0\u00a0"},"content":{"rendered":"<p>Un nuevo <a href=\"https:\/\/link.springer.com\/article\/10.1007\/s10653-024-02348-x\"><strong>estudio<\/strong><\/a> revela una alta exposici\u00f3n y riesgo de contaminaci\u00f3n, debido a la presencia de metales en el aire en la provincia de Chacabuco, Regi\u00f3n Metropolitana, que podr\u00eda traer consecuencias en la salud de sus habitantes y su entorno medioambiental.\u00a0\u00a0<\/p>\n\n\n\n<p>El estudio es liderado por un equipo interdisciplinario compuesto por Eva Schreck, geoqu\u00edmica del Laboratoire G\u00e9osciences Environnement Toulouse (GET) de la Universidad de Toulouse, Lucie Le Goff, ge\u00f3grafa del Laboratoire G\u00e9ographie de l\u2019Environnement (GEODE), de la Universidad de Toulouse, Aude Calas, biogeoqu\u00edmica atmosf\u00e9rica en la Universidad de Toulouse, Zo\u00eb Fleming, qu\u00edmica ambiental e investigadora del Centro de Investigaci\u00f3n en Tecnolog\u00edas para la Sociedad (C+) de la Facultad de Ingenier\u00eda UDD, adem\u00e1s de profesionales relacionados a la ciencia de Francia, Espa\u00f1a y Chile, quienes eval\u00faan la calidad del aire en esta zona que presenta grandes desaf\u00edos medioambientales debido a la alta concentraci\u00f3n de actividades industriales, de la mano de la participaci\u00f3n ciudadana.&nbsp;&nbsp;&nbsp;<\/p>\n\n\n\n<p>La zona de estudio abarca la comuna de Til Til (localidades de Montenegro, Til Til centro y Santa Matilde), donde existe una alta densidad de infraestructuras industriales que incluyen vertederos, f\u00e1bricas de cemento, una planta de cerdos y dos relaves mineros. En la zona, predomina una mayor percepci\u00f3n de los riesgos debido a la potencial contaminaci\u00f3n debido a las zonas industriales ya mencionadas, lo que se denomina y estudia en esta investigaci\u00f3n como \u201ctri\u00e1ngulo de incertidumbre\u201d.&nbsp;<\/p>\n\n\n\n<p>A lo largo del <a href=\"https:\/\/link.springer.com\/article\/10.1007\/s10653-024-02348-x\"><strong>estudio<\/strong><\/a>, se analiza la calidad del aire por medio de an\u00e1lisis bioqu\u00edmicos, adem\u00e1s de tomar en cuenta la percepci\u00f3n de los habitantes en relaci\u00f3n a la contaminaci\u00f3n atmosf\u00e9rica con el objetivo de determinar la existencia de riesgos ambientales y sanitarios.&nbsp;&nbsp;<\/p>\n\n\n\n<p>El polvo atmosf\u00e9rico fue recolectado a trav\u00e9s de instrumentos de bajo costo y f\u00e1ciles de utilizar para medir la calidad del aire, instalados en cinco puntos conversados anteriormente con la comunidad. Adem\u00e1s, se usaron plantas de tipo \u201cclaveles del aire\u201d (Tillandsia bergeri) que absorben la contaminaci\u00f3n como biomarcadores.&nbsp;<\/p>\n\n\n\n<p>\u201cLos m\u00e9todos que involucran la recolecci\u00f3n de polvo y uso de plantas que absorben contaminantes fueron exitosos para realizar una identificaci\u00f3n exhaustiva de concentraciones de metales y potenciales efectos en la salud humana, logrando identificar los lugares con mayor riesgo para la salud y desde d\u00f3nde provienen los metales\u201d, coment\u00f3 Zo\u00eb Fleming en relaci\u00f3n con la metodolog\u00eda utilizada a lo largo de la investigaci\u00f3n.&nbsp;&nbsp;<\/p>\n\n\n\n<p>El estudio propone como conclusi\u00f3n que la percepci\u00f3n espacial del riesgo de contaminaci\u00f3n atmosf\u00e9rica de los habitantes coincide en gran medida con la zona donde se evidenciaron los \u00edndices m\u00e1s altos de contaminaci\u00f3n ambiental, se\u00f1alando incluso, que es a\u00fan m\u00e1s amplia. &nbsp;<\/p>\n\n\n\n<p>Respecto a esto, Eva Schreck sostuvo que \u201cesta contaminaci\u00f3n atmosf\u00e9rica que se encontr\u00f3 depende de los lugares de estudio y, aunque siga siendo limitada y localizada, podr\u00eda tener consecuencias ambientales y sanitarias debido a la exposici\u00f3n cr\u00f3nica de la poblaci\u00f3n\u201d.&nbsp;<\/p>\n\n\n\n<p>En este contexto, el estudio sugiere desarrollar localmente a futuro un proyecto de monitoreo ciudadano permanente para tomar en cuenta la exposici\u00f3n cr\u00f3nica y los efectos medioambientales a largo plazo que involucre a las comunidades locales en las distintas etapas del proceso de investigaci\u00f3n.&nbsp;<\/p>\n\n\n\n<p>\u201cLa relaci\u00f3n de las percepciones y representaciones sociales con los resultados geoqu\u00edmicos confirma que los residentes locales son interlocutores privilegiados para detectar riesgos en sus espacios de vida, que pueden ser involucrados en la toma de muestras. Profundizar en el camino de la ciencia participativa con proyectos de investigaci\u00f3n permitir\u00eda generar una investigaci\u00f3n cient\u00edfica transformativa lo m\u00e1s cercana posible a los problemas socioambientales actuales\u201d, termina cerrando Lucie Le Goff.&nbsp;<\/p>\n\n\n\n<p>Puedes leer la investigaci\u00f3n completa aqu\u00ed:<strong> <a href=\"https:\/\/link.springer.com\/article\/10.1007\/s10653-024-02348-x\">&#8220;An interdisciplinary approach for air quality assessment: biomonitoring using&nbsp;<em>Tillandsia bergeri<\/em>&nbsp;and risk perceptions in the environmentally sacrificed province of Chacabuco, Chile&#8221;<\/a><\/strong><\/p>\n\n\n\n<figure class=\"wp-block-gallery has-nested-images columns-default is-cropped wp-block-gallery-1 is-layout-flex wp-block-gallery-is-layout-flex\">\n<figure class=\"wp-block-image size-large\"><img fetchpriority=\"high\" decoding=\"async\" width=\"1024\" height=\"768\" data-id=\"4136\" src=\"https:\/\/cmas.udd.cl\/wp-content\/uploads\/2025\/03\/WhatsApp-Image-2025-03-05-at-12.17.52-2-1024x768.jpeg\" alt=\"\" class=\"wp-image-4136\" srcset=\"https:\/\/cmas.udd.cl\/wp-content\/uploads\/2025\/03\/WhatsApp-Image-2025-03-05-at-12.17.52-2-1024x768.jpeg 1024w, https:\/\/cmas.udd.cl\/wp-content\/uploads\/2025\/03\/WhatsApp-Image-2025-03-05-at-12.17.52-2-300x225.jpeg 300w, https:\/\/cmas.udd.cl\/wp-content\/uploads\/2025\/03\/WhatsApp-Image-2025-03-05-at-12.17.52-2-768x576.jpeg 768w, https:\/\/cmas.udd.cl\/wp-content\/uploads\/2025\/03\/WhatsApp-Image-2025-03-05-at-12.17.52-2-1536x1152.jpeg 1536w, https:\/\/cmas.udd.cl\/wp-content\/uploads\/2025\/03\/WhatsApp-Image-2025-03-05-at-12.17.52-2.jpeg 1600w\" sizes=\"(max-width: 1024px) 100vw, 1024px\" \/><\/figure>\n\n\n\n<figure class=\"wp-block-image size-large\"><img decoding=\"async\" width=\"1024\" height=\"768\" data-id=\"4134\" src=\"https:\/\/cmas.udd.cl\/wp-content\/uploads\/2025\/03\/WhatsApp-Image-2025-03-05-at-12.17.52-1-1024x768.jpeg\" alt=\"\" class=\"wp-image-4134\" srcset=\"https:\/\/cmas.udd.cl\/wp-content\/uploads\/2025\/03\/WhatsApp-Image-2025-03-05-at-12.17.52-1-1024x768.jpeg 1024w, https:\/\/cmas.udd.cl\/wp-content\/uploads\/2025\/03\/WhatsApp-Image-2025-03-05-at-12.17.52-1-300x225.jpeg 300w, https:\/\/cmas.udd.cl\/wp-content\/uploads\/2025\/03\/WhatsApp-Image-2025-03-05-at-12.17.52-1-768x576.jpeg 768w, https:\/\/cmas.udd.cl\/wp-content\/uploads\/2025\/03\/WhatsApp-Image-2025-03-05-at-12.17.52-1-1536x1152.jpeg 1536w, https:\/\/cmas.udd.cl\/wp-content\/uploads\/2025\/03\/WhatsApp-Image-2025-03-05-at-12.17.52-1.jpeg 1600w\" sizes=\"(max-width: 1024px) 100vw, 1024px\" \/><\/figure>\n\n\n\n<figure class=\"wp-block-image size-large\"><img decoding=\"async\" width=\"768\" height=\"1024\" data-id=\"4139\" src=\"https:\/\/cmas.udd.cl\/wp-content\/uploads\/2025\/03\/WhatsApp-Image-2025-03-05-at-12.51.38-768x1024.jpeg\" alt=\"\" class=\"wp-image-4139\" srcset=\"https:\/\/cmas.udd.cl\/wp-content\/uploads\/2025\/03\/WhatsApp-Image-2025-03-05-at-12.51.38-768x1024.jpeg 768w, https:\/\/cmas.udd.cl\/wp-content\/uploads\/2025\/03\/WhatsApp-Image-2025-03-05-at-12.51.38-225x300.jpeg 225w, https:\/\/cmas.udd.cl\/wp-content\/uploads\/2025\/03\/WhatsApp-Image-2025-03-05-at-12.51.38-1152x1536.jpeg 1152w, https:\/\/cmas.udd.cl\/wp-content\/uploads\/2025\/03\/WhatsApp-Image-2025-03-05-at-12.51.38.jpeg 1200w\" sizes=\"(max-width: 768px) 100vw, 768px\" \/><\/figure>\n\n\n\n<figure class=\"wp-block-image size-large\"><img loading=\"lazy\" decoding=\"async\" width=\"768\" height=\"1024\" data-id=\"4140\" src=\"https:\/\/cmas.udd.cl\/wp-content\/uploads\/2025\/03\/WhatsApp-Image-2025-03-05-at-12.51.39-768x1024.jpeg\" alt=\"\" class=\"wp-image-4140\" srcset=\"https:\/\/cmas.udd.cl\/wp-content\/uploads\/2025\/03\/WhatsApp-Image-2025-03-05-at-12.51.39-768x1024.jpeg 768w, https:\/\/cmas.udd.cl\/wp-content\/uploads\/2025\/03\/WhatsApp-Image-2025-03-05-at-12.51.39-225x300.jpeg 225w, https:\/\/cmas.udd.cl\/wp-content\/uploads\/2025\/03\/WhatsApp-Image-2025-03-05-at-12.51.39-1152x1536.jpeg 1152w, https:\/\/cmas.udd.cl\/wp-content\/uploads\/2025\/03\/WhatsApp-Image-2025-03-05-at-12.51.39.jpeg 1200w\" sizes=\"(max-width: 768px) 100vw, 768px\" \/><\/figure>\n\n\n\n<figure class=\"wp-block-image size-large\"><img loading=\"lazy\" decoding=\"async\" width=\"578\" height=\"524\" data-id=\"4157\" src=\"https:\/\/cmas.udd.cl\/wp-content\/uploads\/2025\/03\/image.png\" alt=\"\" class=\"wp-image-4157\" srcset=\"https:\/\/cmas.udd.cl\/wp-content\/uploads\/2025\/03\/image.png 578w, https:\/\/cmas.udd.cl\/wp-content\/uploads\/2025\/03\/image-300x272.png 300w\" sizes=\"(max-width: 578px) 100vw, 578px\" \/><\/figure>\n<\/figure>\n\n\n\n<p><\/p>","protected":false},"featured_media":4136,"template":"","taxo_noticias":[26],"grupo-de-investigacion":[],"class_list":["post-4131","cplus_noticias","type-cplus_noticias","status-publish","has-post-thumbnail","hentry","taxo_noticias-envirohealth"],"acf":[],"yoast_head":"<!-- This site is optimized with the Yoast SEO plugin v27.3 - https:\/\/yoast.com\/product\/yoast-seo-wordpress\/ -->\n<title>Estudios medioambientales y ciencia ciudadana: un desaf\u00edo en las zonas de \u201csacrificio\u201d ambiental en Chile\u00a0\u00a0 - C+<\/title>\n<meta name=\"robots\" content=\"index, follow, max-snippet:-1, max-image-preview:large, max-video-preview:-1\" \/>\n<link rel=\"canonical\" href=\"https:\/\/cmas.udd.cl\/en\/cplus_noticias\/estudios-medioambientales-y-ciencia-ciudadana-un-desafio-en-las-zonas-de-sacrificio-ambiental-en-chile\/\" \/>\n<meta property=\"og:locale\" content=\"en_US\" \/>\n<meta property=\"og:type\" content=\"article\" \/>\n<meta property=\"og:title\" content=\"Estudios medioambientales y ciencia ciudadana: un desaf\u00edo en las zonas de \u201csacrificio\u201d ambiental en Chile\u00a0\u00a0 - C+\" \/>\n<meta property=\"og:description\" content=\"Un nuevo estudio revela una alta exposici\u00f3n y riesgo de contaminaci\u00f3n, debido a la presencia de metales en el aire en la provincia de Chacabuco, Regi\u00f3n Metropolitana, que podr\u00eda traer consecuencias en la salud de sus habitantes y su entorno medioambiental.\u00a0\u00a0 El estudio es liderado por un equipo interdisciplinario compuesto por Eva Schreck, geoqu\u00edmica del [&hellip;]\" \/>\n<meta property=\"og:url\" content=\"https:\/\/cmas.udd.cl\/en\/cplus_noticias\/estudios-medioambientales-y-ciencia-ciudadana-un-desafio-en-las-zonas-de-sacrificio-ambiental-en-chile\/\" \/>\n<meta property=\"og:site_name\" content=\"C+\" \/>\n<meta property=\"article:modified_time\" content=\"2025-03-31T15:47:34+00:00\" \/>\n<meta property=\"og:image\" content=\"https:\/\/cmas.udd.cl\/wp-content\/uploads\/2025\/03\/WhatsApp-Image-2025-03-05-at-12.17.52-2.jpeg\" \/>\n\t<meta property=\"og:image:width\" content=\"1600\" \/>\n\t<meta property=\"og:image:height\" content=\"1200\" \/>\n\t<meta property=\"og:image:type\" content=\"image\/jpeg\" \/>\n<meta name=\"twitter:card\" content=\"summary_large_image\" \/>\n<meta name=\"twitter:label1\" content=\"Est. reading time\" \/>\n\t<meta name=\"twitter:data1\" content=\"4 minutes\" \/>\n<script type=\"application\/ld+json\" class=\"yoast-schema-graph\">{\"@context\":\"https:\\\/\\\/schema.org\",\"@graph\":[{\"@type\":\"WebPage\",\"@id\":\"https:\\\/\\\/cmas.udd.cl\\\/cplus_noticias\\\/estudios-medioambientales-y-ciencia-ciudadana-un-desafio-en-las-zonas-de-sacrificio-ambiental-en-chile\\\/\",\"url\":\"https:\\\/\\\/cmas.udd.cl\\\/cplus_noticias\\\/estudios-medioambientales-y-ciencia-ciudadana-un-desafio-en-las-zonas-de-sacrificio-ambiental-en-chile\\\/\",\"name\":\"Estudios medioambientales y ciencia ciudadana: un desaf\u00edo en las zonas de \u201csacrificio\u201d ambiental en Chile\u00a0\u00a0 - C+\",\"isPartOf\":{\"@id\":\"https:\\\/\\\/cmas.udd.cl\\\/#website\"},\"primaryImageOfPage\":{\"@id\":\"https:\\\/\\\/cmas.udd.cl\\\/cplus_noticias\\\/estudios-medioambientales-y-ciencia-ciudadana-un-desafio-en-las-zonas-de-sacrificio-ambiental-en-chile\\\/#primaryimage\"},\"image\":{\"@id\":\"https:\\\/\\\/cmas.udd.cl\\\/cplus_noticias\\\/estudios-medioambientales-y-ciencia-ciudadana-un-desafio-en-las-zonas-de-sacrificio-ambiental-en-chile\\\/#primaryimage\"},\"thumbnailUrl\":\"https:\\\/\\\/cmas.udd.cl\\\/wp-content\\\/uploads\\\/2025\\\/03\\\/WhatsApp-Image-2025-03-05-at-12.17.52-2.jpeg\",\"datePublished\":\"2025-03-05T15:53:17+00:00\",\"dateModified\":\"2025-03-31T15:47:34+00:00\",\"breadcrumb\":{\"@id\":\"https:\\\/\\\/cmas.udd.cl\\\/cplus_noticias\\\/estudios-medioambientales-y-ciencia-ciudadana-un-desafio-en-las-zonas-de-sacrificio-ambiental-en-chile\\\/#breadcrumb\"},\"inLanguage\":\"en-US\",\"potentialAction\":[{\"@type\":\"ReadAction\",\"target\":[\"https:\\\/\\\/cmas.udd.cl\\\/cplus_noticias\\\/estudios-medioambientales-y-ciencia-ciudadana-un-desafio-en-las-zonas-de-sacrificio-ambiental-en-chile\\\/\"]}]},{\"@type\":\"ImageObject\",\"inLanguage\":\"en-US\",\"@id\":\"https:\\\/\\\/cmas.udd.cl\\\/cplus_noticias\\\/estudios-medioambientales-y-ciencia-ciudadana-un-desafio-en-las-zonas-de-sacrificio-ambiental-en-chile\\\/#primaryimage\",\"url\":\"https:\\\/\\\/cmas.udd.cl\\\/wp-content\\\/uploads\\\/2025\\\/03\\\/WhatsApp-Image-2025-03-05-at-12.17.52-2.jpeg\",\"contentUrl\":\"https:\\\/\\\/cmas.udd.cl\\\/wp-content\\\/uploads\\\/2025\\\/03\\\/WhatsApp-Image-2025-03-05-at-12.17.52-2.jpeg\",\"width\":1600,\"height\":1200},{\"@type\":\"BreadcrumbList\",\"@id\":\"https:\\\/\\\/cmas.udd.cl\\\/cplus_noticias\\\/estudios-medioambientales-y-ciencia-ciudadana-un-desafio-en-las-zonas-de-sacrificio-ambiental-en-chile\\\/#breadcrumb\",\"itemListElement\":[{\"@type\":\"ListItem\",\"position\":1,\"name\":\"Home\",\"item\":\"https:\\\/\\\/cmas.udd.cl\\\/\"},{\"@type\":\"ListItem\",\"position\":2,\"name\":\"cplus_noticias\",\"item\":\"https:\\\/\\\/cmas.udd.cl\\\/cplus_noticias\\\/\"},{\"@type\":\"ListItem\",\"position\":3,\"name\":\"Estudios medioambientales y ciencia ciudadana: un desaf\u00edo en las zonas de \u201csacrificio\u201d ambiental en Chile\u00a0\u00a0\"}]},{\"@type\":\"WebSite\",\"@id\":\"https:\\\/\\\/cmas.udd.cl\\\/#website\",\"url\":\"https:\\\/\\\/cmas.udd.cl\\\/\",\"name\":\"C+\",\"description\":\"Centro Investigaci\u00f3n enTecnolog\u00edas para la Sociedad\",\"publisher\":{\"@id\":\"https:\\\/\\\/cmas.udd.cl\\\/#organization\"},\"potentialAction\":[{\"@type\":\"SearchAction\",\"target\":{\"@type\":\"EntryPoint\",\"urlTemplate\":\"https:\\\/\\\/cmas.udd.cl\\\/?s={search_term_string}\"},\"query-input\":{\"@type\":\"PropertyValueSpecification\",\"valueRequired\":true,\"valueName\":\"search_term_string\"}}],\"inLanguage\":\"en-US\"},{\"@type\":\"Organization\",\"@id\":\"https:\\\/\\\/cmas.udd.cl\\\/#organization\",\"name\":\"C+\",\"url\":\"https:\\\/\\\/cmas.udd.cl\\\/\",\"logo\":{\"@type\":\"ImageObject\",\"inLanguage\":\"en-US\",\"@id\":\"https:\\\/\\\/cmas.udd.cl\\\/#\\\/schema\\\/logo\\\/image\\\/\",\"url\":\"https:\\\/\\\/cmas.udd.cl\\\/wp-content\\\/uploads\\\/2023\\\/05\\\/Logo-compuesto-UDD-Cmas.png\",\"contentUrl\":\"https:\\\/\\\/cmas.udd.cl\\\/wp-content\\\/uploads\\\/2023\\\/05\\\/Logo-compuesto-UDD-Cmas.png\",\"width\":695,\"height\":72,\"caption\":\"C+\"},\"image\":{\"@id\":\"https:\\\/\\\/cmas.udd.cl\\\/#\\\/schema\\\/logo\\\/image\\\/\"}}]}<\/script>\n<!-- \/ Yoast SEO plugin. -->","yoast_head_json":{"title":"Estudios medioambientales y ciencia ciudadana: un desaf\u00edo en las zonas de \u201csacrificio\u201d ambiental en Chile\u00a0\u00a0 - C+","robots":{"index":"index","follow":"follow","max-snippet":"max-snippet:-1","max-image-preview":"max-image-preview:large","max-video-preview":"max-video-preview:-1"},"canonical":"https:\/\/cmas.udd.cl\/en\/cplus_noticias\/estudios-medioambientales-y-ciencia-ciudadana-un-desafio-en-las-zonas-de-sacrificio-ambiental-en-chile\/","og_locale":"en_US","og_type":"article","og_title":"Estudios medioambientales y ciencia ciudadana: un desaf\u00edo en las zonas de \u201csacrificio\u201d ambiental en Chile\u00a0\u00a0 - C+","og_description":"Un nuevo estudio revela una alta exposici\u00f3n y riesgo de contaminaci\u00f3n, debido a la presencia de metales en el aire en la provincia de Chacabuco, Regi\u00f3n Metropolitana, que podr\u00eda traer consecuencias en la salud de sus habitantes y su entorno medioambiental.\u00a0\u00a0 El estudio es liderado por un equipo interdisciplinario compuesto por Eva Schreck, geoqu\u00edmica del [&hellip;]","og_url":"https:\/\/cmas.udd.cl\/en\/cplus_noticias\/estudios-medioambientales-y-ciencia-ciudadana-un-desafio-en-las-zonas-de-sacrificio-ambiental-en-chile\/","og_site_name":"C+","article_modified_time":"2025-03-31T15:47:34+00:00","og_image":[{"width":1600,"height":1200,"url":"https:\/\/cmas.udd.cl\/wp-content\/uploads\/2025\/03\/WhatsApp-Image-2025-03-05-at-12.17.52-2.jpeg","type":"image\/jpeg"}],"twitter_card":"summary_large_image","twitter_misc":{"Est. reading time":"4 minutes"},"schema":{"@context":"https:\/\/schema.org","@graph":[{"@type":"WebPage","@id":"https:\/\/cmas.udd.cl\/cplus_noticias\/estudios-medioambientales-y-ciencia-ciudadana-un-desafio-en-las-zonas-de-sacrificio-ambiental-en-chile\/","url":"https:\/\/cmas.udd.cl\/cplus_noticias\/estudios-medioambientales-y-ciencia-ciudadana-un-desafio-en-las-zonas-de-sacrificio-ambiental-en-chile\/","name":"Estudios medioambientales y ciencia ciudadana: un desaf\u00edo en las zonas de \u201csacrificio\u201d ambiental en Chile\u00a0\u00a0 - C+","isPartOf":{"@id":"https:\/\/cmas.udd.cl\/#website"},"primaryImageOfPage":{"@id":"https:\/\/cmas.udd.cl\/cplus_noticias\/estudios-medioambientales-y-ciencia-ciudadana-un-desafio-en-las-zonas-de-sacrificio-ambiental-en-chile\/#primaryimage"},"image":{"@id":"https:\/\/cmas.udd.cl\/cplus_noticias\/estudios-medioambientales-y-ciencia-ciudadana-un-desafio-en-las-zonas-de-sacrificio-ambiental-en-chile\/#primaryimage"},"thumbnailUrl":"https:\/\/cmas.udd.cl\/wp-content\/uploads\/2025\/03\/WhatsApp-Image-2025-03-05-at-12.17.52-2.jpeg","datePublished":"2025-03-05T15:53:17+00:00","dateModified":"2025-03-31T15:47:34+00:00","breadcrumb":{"@id":"https:\/\/cmas.udd.cl\/cplus_noticias\/estudios-medioambientales-y-ciencia-ciudadana-un-desafio-en-las-zonas-de-sacrificio-ambiental-en-chile\/#breadcrumb"},"inLanguage":"en-US","potentialAction":[{"@type":"ReadAction","target":["https:\/\/cmas.udd.cl\/cplus_noticias\/estudios-medioambientales-y-ciencia-ciudadana-un-desafio-en-las-zonas-de-sacrificio-ambiental-en-chile\/"]}]},{"@type":"ImageObject","inLanguage":"en-US","@id":"https:\/\/cmas.udd.cl\/cplus_noticias\/estudios-medioambientales-y-ciencia-ciudadana-un-desafio-en-las-zonas-de-sacrificio-ambiental-en-chile\/#primaryimage","url":"https:\/\/cmas.udd.cl\/wp-content\/uploads\/2025\/03\/WhatsApp-Image-2025-03-05-at-12.17.52-2.jpeg","contentUrl":"https:\/\/cmas.udd.cl\/wp-content\/uploads\/2025\/03\/WhatsApp-Image-2025-03-05-at-12.17.52-2.jpeg","width":1600,"height":1200},{"@type":"BreadcrumbList","@id":"https:\/\/cmas.udd.cl\/cplus_noticias\/estudios-medioambientales-y-ciencia-ciudadana-un-desafio-en-las-zonas-de-sacrificio-ambiental-en-chile\/#breadcrumb","itemListElement":[{"@type":"ListItem","position":1,"name":"Home","item":"https:\/\/cmas.udd.cl\/"},{"@type":"ListItem","position":2,"name":"cplus_noticias","item":"https:\/\/cmas.udd.cl\/cplus_noticias\/"},{"@type":"ListItem","position":3,"name":"Estudios medioambientales y ciencia ciudadana: un desaf\u00edo en las zonas de \u201csacrificio\u201d ambiental en Chile\u00a0\u00a0"}]},{"@type":"WebSite","@id":"https:\/\/cmas.udd.cl\/#website","url":"https:\/\/cmas.udd.cl\/","name":"C+","description":"Centro Investigaci\u00f3n enTecnolog\u00edas para la Sociedad","publisher":{"@id":"https:\/\/cmas.udd.cl\/#organization"},"potentialAction":[{"@type":"SearchAction","target":{"@type":"EntryPoint","urlTemplate":"https:\/\/cmas.udd.cl\/?s={search_term_string}"},"query-input":{"@type":"PropertyValueSpecification","valueRequired":true,"valueName":"search_term_string"}}],"inLanguage":"en-US"},{"@type":"Organization","@id":"https:\/\/cmas.udd.cl\/#organization","name":"C+","url":"https:\/\/cmas.udd.cl\/","logo":{"@type":"ImageObject","inLanguage":"en-US","@id":"https:\/\/cmas.udd.cl\/#\/schema\/logo\/image\/","url":"https:\/\/cmas.udd.cl\/wp-content\/uploads\/2023\/05\/Logo-compuesto-UDD-Cmas.png","contentUrl":"https:\/\/cmas.udd.cl\/wp-content\/uploads\/2023\/05\/Logo-compuesto-UDD-Cmas.png","width":695,"height":72,"caption":"C+"},"image":{"@id":"https:\/\/cmas.udd.cl\/#\/schema\/logo\/image\/"}}]}},"_links":{"self":[{"href":"https:\/\/cmas.udd.cl\/en\/wp-json\/wp\/v2\/cplus_noticias\/4131","targetHints":{"allow":["GET"]}}],"collection":[{"href":"https:\/\/cmas.udd.cl\/en\/wp-json\/wp\/v2\/cplus_noticias"}],"about":[{"href":"https:\/\/cmas.udd.cl\/en\/wp-json\/wp\/v2\/types\/cplus_noticias"}],"version-history":[{"count":7,"href":"https:\/\/cmas.udd.cl\/en\/wp-json\/wp\/v2\/cplus_noticias\/4131\/revisions"}],"predecessor-version":[{"id":4183,"href":"https:\/\/cmas.udd.cl\/en\/wp-json\/wp\/v2\/cplus_noticias\/4131\/revisions\/4183"}],"wp:featuredmedia":[{"embeddable":true,"href":"https:\/\/cmas.udd.cl\/en\/wp-json\/wp\/v2\/media\/4136"}],"wp:attachment":[{"href":"https:\/\/cmas.udd.cl\/en\/wp-json\/wp\/v2\/media?parent=4131"}],"wp:term":[{"taxonomy":"taxo_noticias","embeddable":true,"href":"https:\/\/cmas.udd.cl\/en\/wp-json\/wp\/v2\/taxo_noticias?post=4131"},{"taxonomy":"grupo-de-investigacion","embeddable":true,"href":"https:\/\/cmas.udd.cl\/en\/wp-json\/wp\/v2\/grupo-de-investigacion?post=4131"}],"curies":[{"name":"wp","href":"https:\/\/api.w.org\/{rel}","templated":true}]}}