{"id":4077,"date":"2025-01-14T15:44:46","date_gmt":"2025-01-14T15:44:46","guid":{"rendered":"https:\/\/cmas.udd.cl\/?post_type=cplus_noticias&#038;p=4077"},"modified":"2025-01-14T15:44:47","modified_gmt":"2025-01-14T15:44:47","slug":"encuentro-dispositivos-medicos-conexion-entre-academia-innovacion-y-salud-publica","status":"publish","type":"cplus_noticias","link":"https:\/\/cmas.udd.cl\/en\/cplus_noticias\/encuentro-dispositivos-medicos-conexion-entre-academia-innovacion-y-salud-publica\/","title":{"rendered":"Encuentro Dispositivos M\u00e9dicos: Conexi\u00f3n entre Academia, Innovaci\u00f3n y Salud P\u00fablica"},"content":{"rendered":"<figure class=\"wp-block-image size-full\"><img fetchpriority=\"high\" decoding=\"async\" width=\"960\" height=\"540\" src=\"https:\/\/cmas.udd.cl\/wp-content\/uploads\/2025\/01\/daza.jpg\" alt=\"\" class=\"wp-image-4078\" srcset=\"https:\/\/cmas.udd.cl\/wp-content\/uploads\/2025\/01\/daza.jpg 960w, https:\/\/cmas.udd.cl\/wp-content\/uploads\/2025\/01\/daza-300x169.jpg 300w, https:\/\/cmas.udd.cl\/wp-content\/uploads\/2025\/01\/daza-768x432.jpg 768w\" sizes=\"(max-width: 960px) 100vw, 960px\" \/><\/figure>\n\n\n\n<p>El pasado mi\u00e9rcoles 8 de enero, la Universidad del Desarrollo (UDD) fue anfitriona del&nbsp;<em>Encuentro de Dispositivos M\u00e9dicos<\/em>, una jornada que reuni\u00f3 a destacados actores de la academia y la industria para abordar los desaf\u00edos y oportunidades en el desarrollo e implementaci\u00f3n de tecnolog\u00edas m\u00e9dicas en Chile.<\/p>\n\n\n\n<p>El evento, realizado en el Campus RESB de la Universidad, cont\u00f3 con la participaci\u00f3n de\u00a0<strong>Rodrigo del Canto<\/strong>, director de Transferencia Tecnol\u00f3gica \u2013 iCono UDD;\u00a0<strong>Paula Daza<\/strong>, directora ejecutiva del Centro de Pol\u00edticas P\u00fablicas e Innovaci\u00f3n en Salud (CIPS-UDD);\u00a0<strong>Gabriela Garnham<\/strong>, General Manager de ADIMECH;<strong>\u00a0Nicholas Zobler<\/strong>, Executive Director de Skill Training; y un equipo multidisciplinario de investigadores de la UDD, compuesto por\u00a0<strong>Bel\u00e9n Olivares<\/strong>, investigadora del Instituto de Ciencias e Innovaci\u00f3n en Medicina (ICIM);\u00a0<strong>Jorge Contreras<\/strong>\u00a0y\u00a0<strong>Jos\u00e9 Ignacio Guzm\u00e1n<\/strong>, ambos investigadores del Centro de Investigaci\u00f3n en Tecnolog\u00edas para la Sociedad (C+), junto a la coordinadora de I+D del mismo centro,\u00a0<strong>Carolina Abello<\/strong>; adem\u00e1s de la subdirectora de Vinculaci\u00f3n de la I+D con el Entorno,\u00a0<strong>Mar\u00eda Jos\u00e9 Morgado<\/strong>.<\/p>\n\n\n\n<p>La jornada incluy\u00f3 presentaciones sobre tecnolog\u00edas de I+D aplicada desarrolladas en la Universidad, as\u00ed como tambi\u00e9n, un di\u00e1logo activo en torno a temas clave como la legislaci\u00f3n vigente, las normativas necesarias y las brechas actuales en el desarrollo de dispositivos m\u00e9dicos. Al respecto,\u00a0Paula Daza\u00a0enfatiz\u00f3 que\u00a0\u00abestas tecnolog\u00edas son un tremendo aporte para la salud p\u00fablica. En este tema hay que avanzar de manera eficiente, fomentando el trabajo colaborativo entre academia e industria, sin esperar necesariamente que las leyes lleguen\u00bb.<\/p>\n\n\n\n<p>Por su parte,\u00a0Rodrigo del Canto\u00a0destac\u00f3 el compromiso de la UDD con la transferencia tecnol\u00f3gica:\u00a0\u00abNuestra labor no solo es desarrollar tecnolog\u00edas, sino tambi\u00e9n garantizar que estas lleguen al entorno donde realmente puedan impactar. Este encuentro refuerza nuestra visi\u00f3n de que la colaboraci\u00f3n interdisciplinaria es esencial para el \u00e9xito\u00bb<em>.<\/em><\/p>\n\n\n\n<p>Gabriela Garnham, gerente general de ADIMECH, valor\u00f3 la contribuci\u00f3n de la UDD a la innovaci\u00f3n:\u00a0\u00abTrabajar con la UDD es sumamente atractivo porque la universidad est\u00e1 liderando cambios en innovaci\u00f3n en el pa\u00eds, tanto en el \u00e1mbito de la medicina como en la ingenier\u00eda. Sus ejes estrat\u00e9gicos se alinean perfectamente con los nuestros, lo que garantiza un impacto real en la ciudadan\u00eda\u00bb.<\/p>\n\n\n\n<p>El encuentro reafirm\u00f3 el compromiso de la UDD con la investigaci\u00f3n aplicada y la colaboraci\u00f3n entre sectores para mejorar la calidad de vida de las personas. Los asistentes coincidieron en la importancia de fortalecer las alianzas entre la academia, el sector p\u00fablico y la industria para superar las barreras actuales y acelerar la implementaci\u00f3n de tecnolog\u00edas m\u00e9dicas innovadoras.<\/p>\n\n\n\n<p><\/p>\n\n\n\n<p><\/p>","protected":false},"featured_media":4078,"template":"","taxo_noticias":[],"grupo-de-investigacion":[],"class_list":["post-4077","cplus_noticias","type-cplus_noticias","status-publish","has-post-thumbnail","hentry"],"acf":[],"yoast_head":"<!-- This site is optimized with the Yoast SEO plugin v27.3 - https:\/\/yoast.com\/product\/yoast-seo-wordpress\/ -->\n<title>Encuentro Dispositivos M\u00e9dicos: Conexi\u00f3n entre Academia, Innovaci\u00f3n y Salud P\u00fablica - C+<\/title>\n<meta name=\"robots\" content=\"index, follow, max-snippet:-1, max-image-preview:large, max-video-preview:-1\" \/>\n<link rel=\"canonical\" href=\"https:\/\/cmas.udd.cl\/en\/cplus_noticias\/encuentro-dispositivos-medicos-conexion-entre-academia-innovacion-y-salud-publica\/\" \/>\n<meta property=\"og:locale\" content=\"en_US\" \/>\n<meta property=\"og:type\" content=\"article\" \/>\n<meta property=\"og:title\" content=\"Encuentro Dispositivos M\u00e9dicos: Conexi\u00f3n entre Academia, Innovaci\u00f3n y Salud P\u00fablica - C+\" \/>\n<meta property=\"og:description\" content=\"El pasado mi\u00e9rcoles 8 de enero, la Universidad del Desarrollo (UDD) fue anfitriona del&nbsp;Encuentro de Dispositivos M\u00e9dicos, una jornada que reuni\u00f3 a destacados actores de la academia y la industria para abordar los desaf\u00edos y oportunidades en el desarrollo e implementaci\u00f3n de tecnolog\u00edas m\u00e9dicas en Chile. El evento, realizado en el Campus RESB de la [&hellip;]\" \/>\n<meta property=\"og:url\" content=\"https:\/\/cmas.udd.cl\/en\/cplus_noticias\/encuentro-dispositivos-medicos-conexion-entre-academia-innovacion-y-salud-publica\/\" \/>\n<meta property=\"og:site_name\" content=\"C+\" \/>\n<meta property=\"article:modified_time\" content=\"2025-01-14T15:44:47+00:00\" \/>\n<meta property=\"og:image\" content=\"https:\/\/cmas.udd.cl\/wp-content\/uploads\/2025\/01\/daza.jpg\" \/>\n\t<meta property=\"og:image:width\" content=\"960\" \/>\n\t<meta property=\"og:image:height\" content=\"540\" \/>\n\t<meta property=\"og:image:type\" content=\"image\/jpeg\" \/>\n<meta name=\"twitter:card\" content=\"summary_large_image\" \/>\n<meta name=\"twitter:label1\" content=\"Est. reading time\" \/>\n\t<meta name=\"twitter:data1\" content=\"3 minutes\" \/>\n<script type=\"application\/ld+json\" class=\"yoast-schema-graph\">{\"@context\":\"https:\\\/\\\/schema.org\",\"@graph\":[{\"@type\":\"WebPage\",\"@id\":\"https:\\\/\\\/cmas.udd.cl\\\/cplus_noticias\\\/encuentro-dispositivos-medicos-conexion-entre-academia-innovacion-y-salud-publica\\\/\",\"url\":\"https:\\\/\\\/cmas.udd.cl\\\/cplus_noticias\\\/encuentro-dispositivos-medicos-conexion-entre-academia-innovacion-y-salud-publica\\\/\",\"name\":\"Encuentro Dispositivos M\u00e9dicos: Conexi\u00f3n entre Academia, Innovaci\u00f3n y Salud P\u00fablica - C+\",\"isPartOf\":{\"@id\":\"https:\\\/\\\/cmas.udd.cl\\\/#website\"},\"primaryImageOfPage\":{\"@id\":\"https:\\\/\\\/cmas.udd.cl\\\/cplus_noticias\\\/encuentro-dispositivos-medicos-conexion-entre-academia-innovacion-y-salud-publica\\\/#primaryimage\"},\"image\":{\"@id\":\"https:\\\/\\\/cmas.udd.cl\\\/cplus_noticias\\\/encuentro-dispositivos-medicos-conexion-entre-academia-innovacion-y-salud-publica\\\/#primaryimage\"},\"thumbnailUrl\":\"https:\\\/\\\/cmas.udd.cl\\\/wp-content\\\/uploads\\\/2025\\\/01\\\/daza.jpg\",\"datePublished\":\"2025-01-14T15:44:46+00:00\",\"dateModified\":\"2025-01-14T15:44:47+00:00\",\"breadcrumb\":{\"@id\":\"https:\\\/\\\/cmas.udd.cl\\\/cplus_noticias\\\/encuentro-dispositivos-medicos-conexion-entre-academia-innovacion-y-salud-publica\\\/#breadcrumb\"},\"inLanguage\":\"en-US\",\"potentialAction\":[{\"@type\":\"ReadAction\",\"target\":[\"https:\\\/\\\/cmas.udd.cl\\\/cplus_noticias\\\/encuentro-dispositivos-medicos-conexion-entre-academia-innovacion-y-salud-publica\\\/\"]}]},{\"@type\":\"ImageObject\",\"inLanguage\":\"en-US\",\"@id\":\"https:\\\/\\\/cmas.udd.cl\\\/cplus_noticias\\\/encuentro-dispositivos-medicos-conexion-entre-academia-innovacion-y-salud-publica\\\/#primaryimage\",\"url\":\"https:\\\/\\\/cmas.udd.cl\\\/wp-content\\\/uploads\\\/2025\\\/01\\\/daza.jpg\",\"contentUrl\":\"https:\\\/\\\/cmas.udd.cl\\\/wp-content\\\/uploads\\\/2025\\\/01\\\/daza.jpg\",\"width\":960,\"height\":540},{\"@type\":\"BreadcrumbList\",\"@id\":\"https:\\\/\\\/cmas.udd.cl\\\/cplus_noticias\\\/encuentro-dispositivos-medicos-conexion-entre-academia-innovacion-y-salud-publica\\\/#breadcrumb\",\"itemListElement\":[{\"@type\":\"ListItem\",\"position\":1,\"name\":\"Home\",\"item\":\"https:\\\/\\\/cmas.udd.cl\\\/\"},{\"@type\":\"ListItem\",\"position\":2,\"name\":\"cplus_noticias\",\"item\":\"https:\\\/\\\/cmas.udd.cl\\\/cplus_noticias\\\/\"},{\"@type\":\"ListItem\",\"position\":3,\"name\":\"Encuentro Dispositivos M\u00e9dicos: Conexi\u00f3n entre Academia, Innovaci\u00f3n y Salud P\u00fablica\"}]},{\"@type\":\"WebSite\",\"@id\":\"https:\\\/\\\/cmas.udd.cl\\\/#website\",\"url\":\"https:\\\/\\\/cmas.udd.cl\\\/\",\"name\":\"C+\",\"description\":\"Centro Investigaci\u00f3n enTecnolog\u00edas para la Sociedad\",\"publisher\":{\"@id\":\"https:\\\/\\\/cmas.udd.cl\\\/#organization\"},\"potentialAction\":[{\"@type\":\"SearchAction\",\"target\":{\"@type\":\"EntryPoint\",\"urlTemplate\":\"https:\\\/\\\/cmas.udd.cl\\\/?s={search_term_string}\"},\"query-input\":{\"@type\":\"PropertyValueSpecification\",\"valueRequired\":true,\"valueName\":\"search_term_string\"}}],\"inLanguage\":\"en-US\"},{\"@type\":\"Organization\",\"@id\":\"https:\\\/\\\/cmas.udd.cl\\\/#organization\",\"name\":\"C+\",\"url\":\"https:\\\/\\\/cmas.udd.cl\\\/\",\"logo\":{\"@type\":\"ImageObject\",\"inLanguage\":\"en-US\",\"@id\":\"https:\\\/\\\/cmas.udd.cl\\\/#\\\/schema\\\/logo\\\/image\\\/\",\"url\":\"https:\\\/\\\/cmas.udd.cl\\\/wp-content\\\/uploads\\\/2023\\\/05\\\/Logo-compuesto-UDD-Cmas.png\",\"contentUrl\":\"https:\\\/\\\/cmas.udd.cl\\\/wp-content\\\/uploads\\\/2023\\\/05\\\/Logo-compuesto-UDD-Cmas.png\",\"width\":695,\"height\":72,\"caption\":\"C+\"},\"image\":{\"@id\":\"https:\\\/\\\/cmas.udd.cl\\\/#\\\/schema\\\/logo\\\/image\\\/\"}}]}<\/script>\n<!-- \/ Yoast SEO plugin. -->","yoast_head_json":{"title":"Encuentro Dispositivos M\u00e9dicos: Conexi\u00f3n entre Academia, Innovaci\u00f3n y Salud P\u00fablica - C+","robots":{"index":"index","follow":"follow","max-snippet":"max-snippet:-1","max-image-preview":"max-image-preview:large","max-video-preview":"max-video-preview:-1"},"canonical":"https:\/\/cmas.udd.cl\/en\/cplus_noticias\/encuentro-dispositivos-medicos-conexion-entre-academia-innovacion-y-salud-publica\/","og_locale":"en_US","og_type":"article","og_title":"Encuentro Dispositivos M\u00e9dicos: Conexi\u00f3n entre Academia, Innovaci\u00f3n y Salud P\u00fablica - C+","og_description":"El pasado mi\u00e9rcoles 8 de enero, la Universidad del Desarrollo (UDD) fue anfitriona del&nbsp;Encuentro de Dispositivos M\u00e9dicos, una jornada que reuni\u00f3 a destacados actores de la academia y la industria para abordar los desaf\u00edos y oportunidades en el desarrollo e implementaci\u00f3n de tecnolog\u00edas m\u00e9dicas en Chile. El evento, realizado en el Campus RESB de la [&hellip;]","og_url":"https:\/\/cmas.udd.cl\/en\/cplus_noticias\/encuentro-dispositivos-medicos-conexion-entre-academia-innovacion-y-salud-publica\/","og_site_name":"C+","article_modified_time":"2025-01-14T15:44:47+00:00","og_image":[{"width":960,"height":540,"url":"https:\/\/cmas.udd.cl\/wp-content\/uploads\/2025\/01\/daza.jpg","type":"image\/jpeg"}],"twitter_card":"summary_large_image","twitter_misc":{"Est. reading time":"3 minutes"},"schema":{"@context":"https:\/\/schema.org","@graph":[{"@type":"WebPage","@id":"https:\/\/cmas.udd.cl\/cplus_noticias\/encuentro-dispositivos-medicos-conexion-entre-academia-innovacion-y-salud-publica\/","url":"https:\/\/cmas.udd.cl\/cplus_noticias\/encuentro-dispositivos-medicos-conexion-entre-academia-innovacion-y-salud-publica\/","name":"Encuentro Dispositivos M\u00e9dicos: Conexi\u00f3n entre Academia, Innovaci\u00f3n y Salud P\u00fablica - C+","isPartOf":{"@id":"https:\/\/cmas.udd.cl\/#website"},"primaryImageOfPage":{"@id":"https:\/\/cmas.udd.cl\/cplus_noticias\/encuentro-dispositivos-medicos-conexion-entre-academia-innovacion-y-salud-publica\/#primaryimage"},"image":{"@id":"https:\/\/cmas.udd.cl\/cplus_noticias\/encuentro-dispositivos-medicos-conexion-entre-academia-innovacion-y-salud-publica\/#primaryimage"},"thumbnailUrl":"https:\/\/cmas.udd.cl\/wp-content\/uploads\/2025\/01\/daza.jpg","datePublished":"2025-01-14T15:44:46+00:00","dateModified":"2025-01-14T15:44:47+00:00","breadcrumb":{"@id":"https:\/\/cmas.udd.cl\/cplus_noticias\/encuentro-dispositivos-medicos-conexion-entre-academia-innovacion-y-salud-publica\/#breadcrumb"},"inLanguage":"en-US","potentialAction":[{"@type":"ReadAction","target":["https:\/\/cmas.udd.cl\/cplus_noticias\/encuentro-dispositivos-medicos-conexion-entre-academia-innovacion-y-salud-publica\/"]}]},{"@type":"ImageObject","inLanguage":"en-US","@id":"https:\/\/cmas.udd.cl\/cplus_noticias\/encuentro-dispositivos-medicos-conexion-entre-academia-innovacion-y-salud-publica\/#primaryimage","url":"https:\/\/cmas.udd.cl\/wp-content\/uploads\/2025\/01\/daza.jpg","contentUrl":"https:\/\/cmas.udd.cl\/wp-content\/uploads\/2025\/01\/daza.jpg","width":960,"height":540},{"@type":"BreadcrumbList","@id":"https:\/\/cmas.udd.cl\/cplus_noticias\/encuentro-dispositivos-medicos-conexion-entre-academia-innovacion-y-salud-publica\/#breadcrumb","itemListElement":[{"@type":"ListItem","position":1,"name":"Home","item":"https:\/\/cmas.udd.cl\/"},{"@type":"ListItem","position":2,"name":"cplus_noticias","item":"https:\/\/cmas.udd.cl\/cplus_noticias\/"},{"@type":"ListItem","position":3,"name":"Encuentro Dispositivos M\u00e9dicos: Conexi\u00f3n entre Academia, Innovaci\u00f3n y Salud P\u00fablica"}]},{"@type":"WebSite","@id":"https:\/\/cmas.udd.cl\/#website","url":"https:\/\/cmas.udd.cl\/","name":"C+","description":"Centro Investigaci\u00f3n enTecnolog\u00edas para la Sociedad","publisher":{"@id":"https:\/\/cmas.udd.cl\/#organization"},"potentialAction":[{"@type":"SearchAction","target":{"@type":"EntryPoint","urlTemplate":"https:\/\/cmas.udd.cl\/?s={search_term_string}"},"query-input":{"@type":"PropertyValueSpecification","valueRequired":true,"valueName":"search_term_string"}}],"inLanguage":"en-US"},{"@type":"Organization","@id":"https:\/\/cmas.udd.cl\/#organization","name":"C+","url":"https:\/\/cmas.udd.cl\/","logo":{"@type":"ImageObject","inLanguage":"en-US","@id":"https:\/\/cmas.udd.cl\/#\/schema\/logo\/image\/","url":"https:\/\/cmas.udd.cl\/wp-content\/uploads\/2023\/05\/Logo-compuesto-UDD-Cmas.png","contentUrl":"https:\/\/cmas.udd.cl\/wp-content\/uploads\/2023\/05\/Logo-compuesto-UDD-Cmas.png","width":695,"height":72,"caption":"C+"},"image":{"@id":"https:\/\/cmas.udd.cl\/#\/schema\/logo\/image\/"}}]}},"_links":{"self":[{"href":"https:\/\/cmas.udd.cl\/en\/wp-json\/wp\/v2\/cplus_noticias\/4077","targetHints":{"allow":["GET"]}}],"collection":[{"href":"https:\/\/cmas.udd.cl\/en\/wp-json\/wp\/v2\/cplus_noticias"}],"about":[{"href":"https:\/\/cmas.udd.cl\/en\/wp-json\/wp\/v2\/types\/cplus_noticias"}],"version-history":[{"count":1,"href":"https:\/\/cmas.udd.cl\/en\/wp-json\/wp\/v2\/cplus_noticias\/4077\/revisions"}],"predecessor-version":[{"id":4079,"href":"https:\/\/cmas.udd.cl\/en\/wp-json\/wp\/v2\/cplus_noticias\/4077\/revisions\/4079"}],"wp:featuredmedia":[{"embeddable":true,"href":"https:\/\/cmas.udd.cl\/en\/wp-json\/wp\/v2\/media\/4078"}],"wp:attachment":[{"href":"https:\/\/cmas.udd.cl\/en\/wp-json\/wp\/v2\/media?parent=4077"}],"wp:term":[{"taxonomy":"taxo_noticias","embeddable":true,"href":"https:\/\/cmas.udd.cl\/en\/wp-json\/wp\/v2\/taxo_noticias?post=4077"},{"taxonomy":"grupo-de-investigacion","embeddable":true,"href":"https:\/\/cmas.udd.cl\/en\/wp-json\/wp\/v2\/grupo-de-investigacion?post=4077"}],"curies":[{"name":"wp","href":"https:\/\/api.w.org\/{rel}","templated":true}]}}