{"id":3985,"date":"2024-12-18T13:17:19","date_gmt":"2024-12-18T13:17:19","guid":{"rendered":"https:\/\/cmas.udd.cl\/?post_type=cplus_noticias&#038;p=3985"},"modified":"2025-01-06T13:51:53","modified_gmt":"2025-01-06T13:51:53","slug":"centro-c-entregan-sensores-para-medir-el-aire-a-ciclistas-urbanos-de-santiago","status":"publish","type":"cplus_noticias","link":"https:\/\/cmas.udd.cl\/en\/cplus_noticias\/centro-c-entregan-sensores-para-medir-el-aire-a-ciclistas-urbanos-de-santiago\/","title":{"rendered":"Centro C+ entregan sensores para medir el aire a ciclistas urbanos de Santiago"},"content":{"rendered":"<figure class=\"wp-block-embed is-type-video is-provider-youtube wp-block-embed-youtube wp-embed-aspect-16-9 wp-has-aspect-ratio\"><div class=\"wp-block-embed__wrapper\">\n<iframe title=\"Centro C+ entrega sensores para medir el aire a ciclistas urbanos de Santiago\" width=\"800\" height=\"450\" src=\"https:\/\/www.youtube.com\/embed\/we2IsdlBLyY?feature=oembed\" frameborder=\"0\" allow=\"accelerometer; autoplay; clipboard-write; encrypted-media; gyroscope; picture-in-picture; web-share\" referrerpolicy=\"strict-origin-when-cross-origin\" allowfullscreen><\/iframe>\n<\/div><\/figure>\n\n\n\n<p>Diez ciclistas participaron en la entrega de sensores para medir la calidad del aire de Santiago en una actividad en el Parque Bustamante. La iniciativa&nbsp;se realiz\u00f3 en el marco del proyecto \u201cMe muevo por un Santiago m\u00e1s limpio\u201d, impulsado por una colaboraci\u00f3n de acad\u00e9micos e investigadores del Centro de Investigaci\u00f3n en Tecnolog\u00edas para la Sociedad (C+) de Ingenier\u00eda UDD y el&nbsp;Laboratorio de Ecolog\u00eda, Territorio y Sociedad de la Facultad de Artes Liberales de la Universidad Adolfo Ib\u00e1\u00f1ez. &nbsp;<\/p>\n\n\n\n<p>El proyecto tiene como objetivo recolectar informaci\u00f3n sobre calidad del aire (espec\u00edficamente material particulado fino o PM2.5) en diferentes rutas de ciclistas, contribuyendo as\u00ed al conocimiento sobre este problema en nuestra ciudad y promoviendo las iniciativas de ciencia ciudadana.&nbsp;&nbsp;<\/p>\n\n\n\n<p>\u201cBuscamos involucrar a los ciclistas como cient\u00edficos-ciudadanos para poder monitorear Material Particulado\u201d, se\u00f1al\u00f3 Sebasti\u00e1n Diez, investigador del grupo EnviroHealth del C+ y quien lidera la iniciativa por parte de la UDD.&nbsp;&nbsp;<\/p>\n\n\n\n<div class=\"wp-block-media-text is-stacked-on-mobile\"><figure class=\"wp-block-media-text__media\"><img fetchpriority=\"high\" decoding=\"async\" width=\"1024\" height=\"681\" src=\"https:\/\/cmas.udd.cl\/wp-content\/uploads\/2024\/12\/WhatsApp-Image-2024-12-18-at-10.15.39-3-1024x681.jpeg\" alt=\"\" class=\"wp-image-3987 size-full\" srcset=\"https:\/\/cmas.udd.cl\/wp-content\/uploads\/2024\/12\/WhatsApp-Image-2024-12-18-at-10.15.39-3-1024x681.jpeg 1024w, https:\/\/cmas.udd.cl\/wp-content\/uploads\/2024\/12\/WhatsApp-Image-2024-12-18-at-10.15.39-3-300x200.jpeg 300w, https:\/\/cmas.udd.cl\/wp-content\/uploads\/2024\/12\/WhatsApp-Image-2024-12-18-at-10.15.39-3-768x511.jpeg 768w, https:\/\/cmas.udd.cl\/wp-content\/uploads\/2024\/12\/WhatsApp-Image-2024-12-18-at-10.15.39-3-1536x1021.jpeg 1536w, https:\/\/cmas.udd.cl\/wp-content\/uploads\/2024\/12\/WhatsApp-Image-2024-12-18-at-10.15.39-3.jpeg 1600w\" sizes=\"(max-width: 1024px) 100vw, 1024px\" \/><\/figure><div class=\"wp-block-media-text__content\">\n<p>El proceso de recopilaci\u00f3n de datos se realizar\u00e1 a trav\u00e9s de sensores adaptados llamados HIRIS, los que fueron dise\u00f1ados en el Centro C+ y con los que se ha trabajado en diferentes proyectos para medir Material Particulado.&nbsp;&nbsp;<\/p>\n<\/div><\/div>\n\n\n\n<p>\u201cEstamos en una etapa piloto donde se van a probar los dispositivos, qu\u00e9 tan f\u00e1cil es operar y c\u00f3mo resolver ciertos desaf\u00edos para en un futuro masificar este proyecto\u201d, sostuvo Ignacio Fern\u00e1ndez, acad\u00e9mico del Departamento de Ciencias de la Facultad de Artes Liberales de la Universidad Adolfo Ib\u00e1\u00f1ez y uno de los responsables de la actividad.&nbsp;<\/p>\n\n\n\n<p>Los ciclistas llevar\u00e1n el HIRI instalado en su bicicleta, el cual captar\u00e1 la posici\u00f3n del ciclista mientras mide el nivel de contaminaci\u00f3n de las rutas de cada uno.&nbsp;&nbsp;<\/p>\n\n\n\n<p>Mauricio Osses, acad\u00e9mico de la Universidad T\u00e9cnica Federico Santa Mar\u00eda y uno de los ciclistas voluntarios que llevar\u00e1n los sensores, se\u00f1al\u00f3 que \u201cme interesa saber cu\u00e1l es el impacto que tienen los usuarios de transporte cuando estamos circulando y, sobre todo, a los ciclistas que son vulnerables a los accidentes y contaminaci\u00f3n\u201d.&nbsp;&nbsp;<\/p>\n\n\n\n<p>Se espera que los voluntarios utilicen los sensores entre diciembre y enero, etapa en que se ajustar\u00e1 el funcionamiento de los dispositivos, para luego analizar los datos recolectados y compartir esta informaci\u00f3n con los mismos usuarios.&nbsp;<\/p>\n\n\n\n<figure class=\"wp-block-gallery has-nested-images columns-default is-cropped wp-block-gallery-1 is-layout-flex wp-block-gallery-is-layout-flex\">\n<figure class=\"wp-block-image size-large\"><img decoding=\"async\" width=\"1024\" height=\"681\" data-id=\"3989\" src=\"https:\/\/cmas.udd.cl\/wp-content\/uploads\/2024\/12\/WhatsApp-Image-2024-12-18-at-10.15.39-4-1024x681.jpeg\" alt=\"\" class=\"wp-image-3989\" srcset=\"https:\/\/cmas.udd.cl\/wp-content\/uploads\/2024\/12\/WhatsApp-Image-2024-12-18-at-10.15.39-4-1024x681.jpeg 1024w, https:\/\/cmas.udd.cl\/wp-content\/uploads\/2024\/12\/WhatsApp-Image-2024-12-18-at-10.15.39-4-300x200.jpeg 300w, https:\/\/cmas.udd.cl\/wp-content\/uploads\/2024\/12\/WhatsApp-Image-2024-12-18-at-10.15.39-4-768x511.jpeg 768w, https:\/\/cmas.udd.cl\/wp-content\/uploads\/2024\/12\/WhatsApp-Image-2024-12-18-at-10.15.39-4-1536x1021.jpeg 1536w, https:\/\/cmas.udd.cl\/wp-content\/uploads\/2024\/12\/WhatsApp-Image-2024-12-18-at-10.15.39-4.jpeg 1600w\" sizes=\"(max-width: 1024px) 100vw, 1024px\" \/><\/figure>\n\n\n\n<figure class=\"wp-block-image size-large\"><img decoding=\"async\" width=\"1024\" height=\"681\" data-id=\"3990\" src=\"https:\/\/cmas.udd.cl\/wp-content\/uploads\/2024\/12\/WhatsApp-Image-2024-12-18-at-10.15.39-2-1024x681.jpeg\" alt=\"\" class=\"wp-image-3990\" srcset=\"https:\/\/cmas.udd.cl\/wp-content\/uploads\/2024\/12\/WhatsApp-Image-2024-12-18-at-10.15.39-2-1024x681.jpeg 1024w, https:\/\/cmas.udd.cl\/wp-content\/uploads\/2024\/12\/WhatsApp-Image-2024-12-18-at-10.15.39-2-300x200.jpeg 300w, https:\/\/cmas.udd.cl\/wp-content\/uploads\/2024\/12\/WhatsApp-Image-2024-12-18-at-10.15.39-2-768x511.jpeg 768w, https:\/\/cmas.udd.cl\/wp-content\/uploads\/2024\/12\/WhatsApp-Image-2024-12-18-at-10.15.39-2-1536x1021.jpeg 1536w, https:\/\/cmas.udd.cl\/wp-content\/uploads\/2024\/12\/WhatsApp-Image-2024-12-18-at-10.15.39-2.jpeg 1600w\" sizes=\"(max-width: 1024px) 100vw, 1024px\" \/><\/figure>\n\n\n\n<figure class=\"wp-block-image size-large\"><img loading=\"lazy\" decoding=\"async\" width=\"1024\" height=\"681\" data-id=\"3991\" src=\"https:\/\/cmas.udd.cl\/wp-content\/uploads\/2024\/12\/WhatsApp-Image-2024-12-18-at-10.15.39-1-1024x681.jpeg\" alt=\"\" class=\"wp-image-3991\" srcset=\"https:\/\/cmas.udd.cl\/wp-content\/uploads\/2024\/12\/WhatsApp-Image-2024-12-18-at-10.15.39-1-1024x681.jpeg 1024w, https:\/\/cmas.udd.cl\/wp-content\/uploads\/2024\/12\/WhatsApp-Image-2024-12-18-at-10.15.39-1-300x200.jpeg 300w, https:\/\/cmas.udd.cl\/wp-content\/uploads\/2024\/12\/WhatsApp-Image-2024-12-18-at-10.15.39-1-768x511.jpeg 768w, https:\/\/cmas.udd.cl\/wp-content\/uploads\/2024\/12\/WhatsApp-Image-2024-12-18-at-10.15.39-1-1536x1021.jpeg 1536w, https:\/\/cmas.udd.cl\/wp-content\/uploads\/2024\/12\/WhatsApp-Image-2024-12-18-at-10.15.39-1.jpeg 1600w\" sizes=\"(max-width: 1024px) 100vw, 1024px\" \/><\/figure>\n\n\n\n<figure class=\"wp-block-image size-large\"><img loading=\"lazy\" decoding=\"async\" width=\"1024\" height=\"681\" data-id=\"3992\" src=\"https:\/\/cmas.udd.cl\/wp-content\/uploads\/2024\/12\/WhatsApp-Image-2024-12-18-at-10.15.39-5-1024x681.jpeg\" alt=\"\" class=\"wp-image-3992\" srcset=\"https:\/\/cmas.udd.cl\/wp-content\/uploads\/2024\/12\/WhatsApp-Image-2024-12-18-at-10.15.39-5-1024x681.jpeg 1024w, https:\/\/cmas.udd.cl\/wp-content\/uploads\/2024\/12\/WhatsApp-Image-2024-12-18-at-10.15.39-5-300x200.jpeg 300w, https:\/\/cmas.udd.cl\/wp-content\/uploads\/2024\/12\/WhatsApp-Image-2024-12-18-at-10.15.39-5-768x511.jpeg 768w, https:\/\/cmas.udd.cl\/wp-content\/uploads\/2024\/12\/WhatsApp-Image-2024-12-18-at-10.15.39-5-1536x1021.jpeg 1536w, https:\/\/cmas.udd.cl\/wp-content\/uploads\/2024\/12\/WhatsApp-Image-2024-12-18-at-10.15.39-5.jpeg 1600w\" sizes=\"(max-width: 1024px) 100vw, 1024px\" \/><\/figure>\n<\/figure>","protected":false},"featured_media":3986,"template":"","taxo_noticias":[26],"grupo-de-investigacion":[],"class_list":["post-3985","cplus_noticias","type-cplus_noticias","status-publish","has-post-thumbnail","hentry","taxo_noticias-envirohealth"],"acf":[],"yoast_head":"<!-- This site is optimized with the Yoast SEO plugin v27.3 - https:\/\/yoast.com\/product\/yoast-seo-wordpress\/ -->\n<title>Centro C+ entregan sensores para medir el aire a ciclistas urbanos de Santiago - C+<\/title>\n<meta name=\"robots\" content=\"index, follow, max-snippet:-1, max-image-preview:large, max-video-preview:-1\" \/>\n<link rel=\"canonical\" href=\"https:\/\/cmas.udd.cl\/en\/cplus_noticias\/centro-c-entregan-sensores-para-medir-el-aire-a-ciclistas-urbanos-de-santiago\/\" \/>\n<meta property=\"og:locale\" content=\"en_US\" \/>\n<meta property=\"og:type\" content=\"article\" \/>\n<meta property=\"og:title\" content=\"Centro C+ entregan sensores para medir el aire a ciclistas urbanos de Santiago - C+\" \/>\n<meta property=\"og:description\" content=\"Diez ciclistas participaron en la entrega de sensores para medir la calidad del aire de Santiago en una actividad en el Parque Bustamante. La iniciativa&nbsp;se realiz\u00f3 en el marco del proyecto \u201cMe muevo por un Santiago m\u00e1s limpio\u201d, impulsado por una colaboraci\u00f3n de acad\u00e9micos e investigadores del Centro de Investigaci\u00f3n en Tecnolog\u00edas para la Sociedad [&hellip;]\" \/>\n<meta property=\"og:url\" content=\"https:\/\/cmas.udd.cl\/en\/cplus_noticias\/centro-c-entregan-sensores-para-medir-el-aire-a-ciclistas-urbanos-de-santiago\/\" \/>\n<meta property=\"og:site_name\" content=\"C+\" \/>\n<meta property=\"article:modified_time\" content=\"2025-01-06T13:51:53+00:00\" \/>\n<meta property=\"og:image\" content=\"https:\/\/cmas.udd.cl\/wp-content\/uploads\/2024\/12\/WhatsApp-Image-2024-12-18-at-10.15.39.jpeg\" \/>\n\t<meta property=\"og:image:width\" content=\"1600\" \/>\n\t<meta property=\"og:image:height\" content=\"1064\" \/>\n\t<meta property=\"og:image:type\" content=\"image\/jpeg\" \/>\n<meta name=\"twitter:card\" content=\"summary_large_image\" \/>\n<meta name=\"twitter:label1\" content=\"Est. reading time\" \/>\n\t<meta name=\"twitter:data1\" content=\"3 minutes\" \/>\n<script type=\"application\/ld+json\" class=\"yoast-schema-graph\">{\"@context\":\"https:\\\/\\\/schema.org\",\"@graph\":[{\"@type\":\"WebPage\",\"@id\":\"https:\\\/\\\/cmas.udd.cl\\\/cplus_noticias\\\/centro-c-entregan-sensores-para-medir-el-aire-a-ciclistas-urbanos-de-santiago\\\/\",\"url\":\"https:\\\/\\\/cmas.udd.cl\\\/cplus_noticias\\\/centro-c-entregan-sensores-para-medir-el-aire-a-ciclistas-urbanos-de-santiago\\\/\",\"name\":\"Centro C+ entregan sensores para medir el aire a ciclistas urbanos de Santiago - C+\",\"isPartOf\":{\"@id\":\"https:\\\/\\\/cmas.udd.cl\\\/#website\"},\"primaryImageOfPage\":{\"@id\":\"https:\\\/\\\/cmas.udd.cl\\\/cplus_noticias\\\/centro-c-entregan-sensores-para-medir-el-aire-a-ciclistas-urbanos-de-santiago\\\/#primaryimage\"},\"image\":{\"@id\":\"https:\\\/\\\/cmas.udd.cl\\\/cplus_noticias\\\/centro-c-entregan-sensores-para-medir-el-aire-a-ciclistas-urbanos-de-santiago\\\/#primaryimage\"},\"thumbnailUrl\":\"https:\\\/\\\/cmas.udd.cl\\\/wp-content\\\/uploads\\\/2024\\\/12\\\/WhatsApp-Image-2024-12-18-at-10.15.39.jpeg\",\"datePublished\":\"2024-12-18T13:17:19+00:00\",\"dateModified\":\"2025-01-06T13:51:53+00:00\",\"breadcrumb\":{\"@id\":\"https:\\\/\\\/cmas.udd.cl\\\/cplus_noticias\\\/centro-c-entregan-sensores-para-medir-el-aire-a-ciclistas-urbanos-de-santiago\\\/#breadcrumb\"},\"inLanguage\":\"en-US\",\"potentialAction\":[{\"@type\":\"ReadAction\",\"target\":[\"https:\\\/\\\/cmas.udd.cl\\\/cplus_noticias\\\/centro-c-entregan-sensores-para-medir-el-aire-a-ciclistas-urbanos-de-santiago\\\/\"]}]},{\"@type\":\"ImageObject\",\"inLanguage\":\"en-US\",\"@id\":\"https:\\\/\\\/cmas.udd.cl\\\/cplus_noticias\\\/centro-c-entregan-sensores-para-medir-el-aire-a-ciclistas-urbanos-de-santiago\\\/#primaryimage\",\"url\":\"https:\\\/\\\/cmas.udd.cl\\\/wp-content\\\/uploads\\\/2024\\\/12\\\/WhatsApp-Image-2024-12-18-at-10.15.39.jpeg\",\"contentUrl\":\"https:\\\/\\\/cmas.udd.cl\\\/wp-content\\\/uploads\\\/2024\\\/12\\\/WhatsApp-Image-2024-12-18-at-10.15.39.jpeg\",\"width\":1600,\"height\":1064},{\"@type\":\"BreadcrumbList\",\"@id\":\"https:\\\/\\\/cmas.udd.cl\\\/cplus_noticias\\\/centro-c-entregan-sensores-para-medir-el-aire-a-ciclistas-urbanos-de-santiago\\\/#breadcrumb\",\"itemListElement\":[{\"@type\":\"ListItem\",\"position\":1,\"name\":\"Home\",\"item\":\"https:\\\/\\\/cmas.udd.cl\\\/\"},{\"@type\":\"ListItem\",\"position\":2,\"name\":\"cplus_noticias\",\"item\":\"https:\\\/\\\/cmas.udd.cl\\\/cplus_noticias\\\/\"},{\"@type\":\"ListItem\",\"position\":3,\"name\":\"Centro C+ entregan sensores para medir el aire a ciclistas urbanos de Santiago\"}]},{\"@type\":\"WebSite\",\"@id\":\"https:\\\/\\\/cmas.udd.cl\\\/#website\",\"url\":\"https:\\\/\\\/cmas.udd.cl\\\/\",\"name\":\"C+\",\"description\":\"Centro Investigaci\u00f3n enTecnolog\u00edas para la Sociedad\",\"publisher\":{\"@id\":\"https:\\\/\\\/cmas.udd.cl\\\/#organization\"},\"potentialAction\":[{\"@type\":\"SearchAction\",\"target\":{\"@type\":\"EntryPoint\",\"urlTemplate\":\"https:\\\/\\\/cmas.udd.cl\\\/?s={search_term_string}\"},\"query-input\":{\"@type\":\"PropertyValueSpecification\",\"valueRequired\":true,\"valueName\":\"search_term_string\"}}],\"inLanguage\":\"en-US\"},{\"@type\":\"Organization\",\"@id\":\"https:\\\/\\\/cmas.udd.cl\\\/#organization\",\"name\":\"C+\",\"url\":\"https:\\\/\\\/cmas.udd.cl\\\/\",\"logo\":{\"@type\":\"ImageObject\",\"inLanguage\":\"en-US\",\"@id\":\"https:\\\/\\\/cmas.udd.cl\\\/#\\\/schema\\\/logo\\\/image\\\/\",\"url\":\"https:\\\/\\\/cmas.udd.cl\\\/wp-content\\\/uploads\\\/2023\\\/05\\\/Logo-compuesto-UDD-Cmas.png\",\"contentUrl\":\"https:\\\/\\\/cmas.udd.cl\\\/wp-content\\\/uploads\\\/2023\\\/05\\\/Logo-compuesto-UDD-Cmas.png\",\"width\":695,\"height\":72,\"caption\":\"C+\"},\"image\":{\"@id\":\"https:\\\/\\\/cmas.udd.cl\\\/#\\\/schema\\\/logo\\\/image\\\/\"}}]}<\/script>\n<!-- \/ Yoast SEO plugin. -->","yoast_head_json":{"title":"Centro C+ entregan sensores para medir el aire a ciclistas urbanos de Santiago - C+","robots":{"index":"index","follow":"follow","max-snippet":"max-snippet:-1","max-image-preview":"max-image-preview:large","max-video-preview":"max-video-preview:-1"},"canonical":"https:\/\/cmas.udd.cl\/en\/cplus_noticias\/centro-c-entregan-sensores-para-medir-el-aire-a-ciclistas-urbanos-de-santiago\/","og_locale":"en_US","og_type":"article","og_title":"Centro C+ entregan sensores para medir el aire a ciclistas urbanos de Santiago - C+","og_description":"Diez ciclistas participaron en la entrega de sensores para medir la calidad del aire de Santiago en una actividad en el Parque Bustamante. La iniciativa&nbsp;se realiz\u00f3 en el marco del proyecto \u201cMe muevo por un Santiago m\u00e1s limpio\u201d, impulsado por una colaboraci\u00f3n de acad\u00e9micos e investigadores del Centro de Investigaci\u00f3n en Tecnolog\u00edas para la Sociedad [&hellip;]","og_url":"https:\/\/cmas.udd.cl\/en\/cplus_noticias\/centro-c-entregan-sensores-para-medir-el-aire-a-ciclistas-urbanos-de-santiago\/","og_site_name":"C+","article_modified_time":"2025-01-06T13:51:53+00:00","og_image":[{"width":1600,"height":1064,"url":"https:\/\/cmas.udd.cl\/wp-content\/uploads\/2024\/12\/WhatsApp-Image-2024-12-18-at-10.15.39.jpeg","type":"image\/jpeg"}],"twitter_card":"summary_large_image","twitter_misc":{"Est. reading time":"3 minutes"},"schema":{"@context":"https:\/\/schema.org","@graph":[{"@type":"WebPage","@id":"https:\/\/cmas.udd.cl\/cplus_noticias\/centro-c-entregan-sensores-para-medir-el-aire-a-ciclistas-urbanos-de-santiago\/","url":"https:\/\/cmas.udd.cl\/cplus_noticias\/centro-c-entregan-sensores-para-medir-el-aire-a-ciclistas-urbanos-de-santiago\/","name":"Centro C+ entregan sensores para medir el aire a ciclistas urbanos de Santiago - C+","isPartOf":{"@id":"https:\/\/cmas.udd.cl\/#website"},"primaryImageOfPage":{"@id":"https:\/\/cmas.udd.cl\/cplus_noticias\/centro-c-entregan-sensores-para-medir-el-aire-a-ciclistas-urbanos-de-santiago\/#primaryimage"},"image":{"@id":"https:\/\/cmas.udd.cl\/cplus_noticias\/centro-c-entregan-sensores-para-medir-el-aire-a-ciclistas-urbanos-de-santiago\/#primaryimage"},"thumbnailUrl":"https:\/\/cmas.udd.cl\/wp-content\/uploads\/2024\/12\/WhatsApp-Image-2024-12-18-at-10.15.39.jpeg","datePublished":"2024-12-18T13:17:19+00:00","dateModified":"2025-01-06T13:51:53+00:00","breadcrumb":{"@id":"https:\/\/cmas.udd.cl\/cplus_noticias\/centro-c-entregan-sensores-para-medir-el-aire-a-ciclistas-urbanos-de-santiago\/#breadcrumb"},"inLanguage":"en-US","potentialAction":[{"@type":"ReadAction","target":["https:\/\/cmas.udd.cl\/cplus_noticias\/centro-c-entregan-sensores-para-medir-el-aire-a-ciclistas-urbanos-de-santiago\/"]}]},{"@type":"ImageObject","inLanguage":"en-US","@id":"https:\/\/cmas.udd.cl\/cplus_noticias\/centro-c-entregan-sensores-para-medir-el-aire-a-ciclistas-urbanos-de-santiago\/#primaryimage","url":"https:\/\/cmas.udd.cl\/wp-content\/uploads\/2024\/12\/WhatsApp-Image-2024-12-18-at-10.15.39.jpeg","contentUrl":"https:\/\/cmas.udd.cl\/wp-content\/uploads\/2024\/12\/WhatsApp-Image-2024-12-18-at-10.15.39.jpeg","width":1600,"height":1064},{"@type":"BreadcrumbList","@id":"https:\/\/cmas.udd.cl\/cplus_noticias\/centro-c-entregan-sensores-para-medir-el-aire-a-ciclistas-urbanos-de-santiago\/#breadcrumb","itemListElement":[{"@type":"ListItem","position":1,"name":"Home","item":"https:\/\/cmas.udd.cl\/"},{"@type":"ListItem","position":2,"name":"cplus_noticias","item":"https:\/\/cmas.udd.cl\/cplus_noticias\/"},{"@type":"ListItem","position":3,"name":"Centro C+ entregan sensores para medir el aire a ciclistas urbanos de Santiago"}]},{"@type":"WebSite","@id":"https:\/\/cmas.udd.cl\/#website","url":"https:\/\/cmas.udd.cl\/","name":"C+","description":"Centro Investigaci\u00f3n enTecnolog\u00edas para la Sociedad","publisher":{"@id":"https:\/\/cmas.udd.cl\/#organization"},"potentialAction":[{"@type":"SearchAction","target":{"@type":"EntryPoint","urlTemplate":"https:\/\/cmas.udd.cl\/?s={search_term_string}"},"query-input":{"@type":"PropertyValueSpecification","valueRequired":true,"valueName":"search_term_string"}}],"inLanguage":"en-US"},{"@type":"Organization","@id":"https:\/\/cmas.udd.cl\/#organization","name":"C+","url":"https:\/\/cmas.udd.cl\/","logo":{"@type":"ImageObject","inLanguage":"en-US","@id":"https:\/\/cmas.udd.cl\/#\/schema\/logo\/image\/","url":"https:\/\/cmas.udd.cl\/wp-content\/uploads\/2023\/05\/Logo-compuesto-UDD-Cmas.png","contentUrl":"https:\/\/cmas.udd.cl\/wp-content\/uploads\/2023\/05\/Logo-compuesto-UDD-Cmas.png","width":695,"height":72,"caption":"C+"},"image":{"@id":"https:\/\/cmas.udd.cl\/#\/schema\/logo\/image\/"}}]}},"_links":{"self":[{"href":"https:\/\/cmas.udd.cl\/en\/wp-json\/wp\/v2\/cplus_noticias\/3985","targetHints":{"allow":["GET"]}}],"collection":[{"href":"https:\/\/cmas.udd.cl\/en\/wp-json\/wp\/v2\/cplus_noticias"}],"about":[{"href":"https:\/\/cmas.udd.cl\/en\/wp-json\/wp\/v2\/types\/cplus_noticias"}],"version-history":[{"count":2,"href":"https:\/\/cmas.udd.cl\/en\/wp-json\/wp\/v2\/cplus_noticias\/3985\/revisions"}],"predecessor-version":[{"id":4040,"href":"https:\/\/cmas.udd.cl\/en\/wp-json\/wp\/v2\/cplus_noticias\/3985\/revisions\/4040"}],"wp:featuredmedia":[{"embeddable":true,"href":"https:\/\/cmas.udd.cl\/en\/wp-json\/wp\/v2\/media\/3986"}],"wp:attachment":[{"href":"https:\/\/cmas.udd.cl\/en\/wp-json\/wp\/v2\/media?parent=3985"}],"wp:term":[{"taxonomy":"taxo_noticias","embeddable":true,"href":"https:\/\/cmas.udd.cl\/en\/wp-json\/wp\/v2\/taxo_noticias?post=3985"},{"taxonomy":"grupo-de-investigacion","embeddable":true,"href":"https:\/\/cmas.udd.cl\/en\/wp-json\/wp\/v2\/grupo-de-investigacion?post=3985"}],"curies":[{"name":"wp","href":"https:\/\/api.w.org\/{rel}","templated":true}]}}