{"id":3685,"date":"2024-09-25T18:00:08","date_gmt":"2024-09-25T18:00:08","guid":{"rendered":"https:\/\/cmas.udd.cl\/?post_type=cplus_noticias&#038;p=3685"},"modified":"2024-11-22T15:06:54","modified_gmt":"2024-11-22T15:06:54","slug":"centro-c-y-empresa-energetica-de-suiza-realizan-mediciones-de-litio-en-salar-pre-andino-en-region-de-antofagasta","status":"publish","type":"cplus_noticias","link":"https:\/\/cmas.udd.cl\/en\/cplus_noticias\/centro-c-y-empresa-energetica-de-suiza-realizan-mediciones-de-litio-en-salar-pre-andino-en-region-de-antofagasta\/","title":{"rendered":"Centro C+ y empresa energ\u00e9tica de Suiza realizan mediciones de Litio en Salar pre andino en Regi\u00f3n de Antofagasta\u00a0\u00a0"},"content":{"rendered":"<figure class=\"wp-block-embed is-type-video is-provider-youtube wp-block-embed-youtube wp-embed-aspect-16-9 wp-has-aspect-ratio\"><div class=\"wp-block-embed__wrapper\">\n<iframe title=\"C+ y empresa energ\u00e9tica de Suiza realizan mediciones de Litio en Salar pre andino\" width=\"800\" height=\"450\" src=\"https:\/\/www.youtube.com\/embed\/9EFbTchqOGw?feature=oembed\" frameborder=\"0\" allow=\"accelerometer; autoplay; clipboard-write; encrypted-media; gyroscope; picture-in-picture; web-share\" referrerpolicy=\"strict-origin-when-cross-origin\" allowfullscreen><\/iframe>\n<\/div><\/figure>\n\n\n\n<p>Con el objetivo de estudiar el potencial econ\u00f3mico, mediante la investigaci\u00f3n y caracterizaci\u00f3n de los minerales existente en el Salar Ver\u00f3nica, Regi\u00f3n de Antofagasta, un grupo de investigadores liderado por el Centro de Investigaci\u00f3n en Tecnolog\u00edas para la Sociedad (C+) de Ingenier\u00eda UDD y la empresa suiza Ad Terra, realizaron una primera visita para inspeccionar, muestrear y caracterizar de manera superficial el \u00e1rea de estudio.&nbsp;&nbsp;<\/p>\n\n\n\n<p>La iniciativa tambi\u00e9n busca conocer la relaci\u00f3n gen\u00e9tica de estos salares pre andinos, estudiar su vulnerabilidad medio ambiental, zonas de recarga, entre otros. Dentro de las actividades que se realizaron, fue tomar muestras de costras salinas, sedimentos y muestras de salmuera, para, posteriormente, identificar la relaci\u00f3n del Litio con otros elementos y sub-contaminantes y poder ver el potencial de desarrollo.&nbsp;&nbsp;<\/p>\n\n\n\n<p>\u201cEl tema del litio es importante tambi\u00e9n desde el punto de vista de la transici\u00f3n energ\u00e9tica, ya que se necesita m\u00e1s litio para la electromovilidad, para avanzar y lograr la descarbonizaci\u00f3n\u201d, se\u00f1al\u00f3 Julietta Zamora, docente e investigadora del grupo Elementos Futuros del Centro C+, en relaci\u00f3n con la importancia del estudio de este mineral en salares de Chile.&nbsp;&nbsp;<\/p>\n\n\n\n<p>En esta misma l\u00ednea, Mar\u00eda Bejarano, senior geologist de Ad Terra Energy, sostuvo que \u201cen este momento en el que nos encontramos, es de vital importancia fomentar la investigaci\u00f3n en todas las \u00e1reas de la transici\u00f3n energ\u00e9tica (&#8230;) Validar la concentraci\u00f3n de Litio, hacer un reconocimiento geol\u00f3gico del \u00e1rea y todos los elementos clave\u201d.&nbsp;&nbsp;<\/p>\n\n\n\n<p>Por \u00faltimo, ambas investigadoras se\u00f1alaron que los siguientes pasos son \u201cesperar los resultados de las muestras recolectadas, terminar el mapa de detalle, reportes y planificar&nbsp;una pr\u00f3xima campa\u00f1a dependiendo de los resultados obtenidos\u201d.&nbsp;&nbsp;<\/p>\n\n\n\n<figure class=\"wp-block-gallery has-nested-images columns-default is-cropped wp-block-gallery-1 is-layout-flex wp-block-gallery-is-layout-flex\">\n<figure class=\"wp-block-image size-large\"><img fetchpriority=\"high\" decoding=\"async\" width=\"1024\" height=\"681\" data-id=\"3686\" src=\"https:\/\/cmas.udd.cl\/wp-content\/uploads\/2024\/09\/WhatsApp-Image-2024-09-25-at-14.58.07-3-1024x681.jpeg\" alt=\"\" class=\"wp-image-3686\" srcset=\"https:\/\/cmas.udd.cl\/wp-content\/uploads\/2024\/09\/WhatsApp-Image-2024-09-25-at-14.58.07-3-1024x681.jpeg 1024w, https:\/\/cmas.udd.cl\/wp-content\/uploads\/2024\/09\/WhatsApp-Image-2024-09-25-at-14.58.07-3-300x200.jpeg 300w, https:\/\/cmas.udd.cl\/wp-content\/uploads\/2024\/09\/WhatsApp-Image-2024-09-25-at-14.58.07-3-768x511.jpeg 768w, https:\/\/cmas.udd.cl\/wp-content\/uploads\/2024\/09\/WhatsApp-Image-2024-09-25-at-14.58.07-3-1536x1021.jpeg 1536w, https:\/\/cmas.udd.cl\/wp-content\/uploads\/2024\/09\/WhatsApp-Image-2024-09-25-at-14.58.07-3.jpeg 1600w\" sizes=\"(max-width: 1024px) 100vw, 1024px\" \/><\/figure>\n\n\n\n<figure class=\"wp-block-image size-large\"><img decoding=\"async\" width=\"1024\" height=\"681\" data-id=\"3689\" src=\"https:\/\/cmas.udd.cl\/wp-content\/uploads\/2024\/09\/WhatsApp-Image-2024-09-25-at-14.58.07-2-1024x681.jpeg\" alt=\"\" class=\"wp-image-3689\" srcset=\"https:\/\/cmas.udd.cl\/wp-content\/uploads\/2024\/09\/WhatsApp-Image-2024-09-25-at-14.58.07-2-1024x681.jpeg 1024w, https:\/\/cmas.udd.cl\/wp-content\/uploads\/2024\/09\/WhatsApp-Image-2024-09-25-at-14.58.07-2-300x200.jpeg 300w, https:\/\/cmas.udd.cl\/wp-content\/uploads\/2024\/09\/WhatsApp-Image-2024-09-25-at-14.58.07-2-768x511.jpeg 768w, https:\/\/cmas.udd.cl\/wp-content\/uploads\/2024\/09\/WhatsApp-Image-2024-09-25-at-14.58.07-2-1536x1021.jpeg 1536w, https:\/\/cmas.udd.cl\/wp-content\/uploads\/2024\/09\/WhatsApp-Image-2024-09-25-at-14.58.07-2.jpeg 1600w\" sizes=\"(max-width: 1024px) 100vw, 1024px\" \/><\/figure>\n\n\n\n<figure class=\"wp-block-image size-large\"><img decoding=\"async\" width=\"1024\" height=\"681\" data-id=\"3690\" src=\"https:\/\/cmas.udd.cl\/wp-content\/uploads\/2024\/09\/WhatsApp-Image-2024-09-25-at-14.58.07-1-1024x681.jpeg\" alt=\"\" class=\"wp-image-3690\" srcset=\"https:\/\/cmas.udd.cl\/wp-content\/uploads\/2024\/09\/WhatsApp-Image-2024-09-25-at-14.58.07-1-1024x681.jpeg 1024w, https:\/\/cmas.udd.cl\/wp-content\/uploads\/2024\/09\/WhatsApp-Image-2024-09-25-at-14.58.07-1-300x200.jpeg 300w, https:\/\/cmas.udd.cl\/wp-content\/uploads\/2024\/09\/WhatsApp-Image-2024-09-25-at-14.58.07-1-768x511.jpeg 768w, https:\/\/cmas.udd.cl\/wp-content\/uploads\/2024\/09\/WhatsApp-Image-2024-09-25-at-14.58.07-1-1536x1021.jpeg 1536w, https:\/\/cmas.udd.cl\/wp-content\/uploads\/2024\/09\/WhatsApp-Image-2024-09-25-at-14.58.07-1.jpeg 1600w\" sizes=\"(max-width: 1024px) 100vw, 1024px\" \/><\/figure>\n\n\n\n<figure class=\"wp-block-image size-large\"><img loading=\"lazy\" decoding=\"async\" width=\"1024\" height=\"681\" data-id=\"3691\" src=\"https:\/\/cmas.udd.cl\/wp-content\/uploads\/2024\/09\/WhatsApp-Image-2024-09-25-at-14.58.07-4-1024x681.jpeg\" alt=\"\" class=\"wp-image-3691\" srcset=\"https:\/\/cmas.udd.cl\/wp-content\/uploads\/2024\/09\/WhatsApp-Image-2024-09-25-at-14.58.07-4-1024x681.jpeg 1024w, https:\/\/cmas.udd.cl\/wp-content\/uploads\/2024\/09\/WhatsApp-Image-2024-09-25-at-14.58.07-4-300x200.jpeg 300w, https:\/\/cmas.udd.cl\/wp-content\/uploads\/2024\/09\/WhatsApp-Image-2024-09-25-at-14.58.07-4-768x511.jpeg 768w, https:\/\/cmas.udd.cl\/wp-content\/uploads\/2024\/09\/WhatsApp-Image-2024-09-25-at-14.58.07-4-1536x1021.jpeg 1536w, https:\/\/cmas.udd.cl\/wp-content\/uploads\/2024\/09\/WhatsApp-Image-2024-09-25-at-14.58.07-4.jpeg 1600w\" sizes=\"(max-width: 1024px) 100vw, 1024px\" \/><\/figure>\n<\/figure>","protected":false},"featured_media":3687,"template":"","taxo_noticias":[89,90],"grupo-de-investigacion":[],"class_list":["post-3685","cplus_noticias","type-cplus_noticias","status-publish","has-post-thumbnail","hentry","taxo_noticias-future-elements","taxo_noticias-future-elements-future-elements"],"acf":[],"yoast_head":"<!-- This site is optimized with the Yoast SEO plugin v27.3 - https:\/\/yoast.com\/product\/yoast-seo-wordpress\/ -->\n<title>Centro C+ y empresa energ\u00e9tica de Suiza realizan mediciones de Litio en Salar pre andino en Regi\u00f3n de Antofagasta\u00a0\u00a0 - C+<\/title>\n<meta name=\"robots\" content=\"index, follow, max-snippet:-1, max-image-preview:large, max-video-preview:-1\" \/>\n<link rel=\"canonical\" href=\"https:\/\/cmas.udd.cl\/en\/cplus_noticias\/centro-c-y-empresa-energetica-de-suiza-realizan-mediciones-de-litio-en-salar-pre-andino-en-region-de-antofagasta\/\" \/>\n<meta property=\"og:locale\" content=\"en_US\" \/>\n<meta property=\"og:type\" content=\"article\" \/>\n<meta property=\"og:title\" content=\"Centro C+ y empresa energ\u00e9tica de Suiza realizan mediciones de Litio en Salar pre andino en Regi\u00f3n de Antofagasta\u00a0\u00a0 - C+\" \/>\n<meta property=\"og:description\" content=\"Con el objetivo de estudiar el potencial econ\u00f3mico, mediante la investigaci\u00f3n y caracterizaci\u00f3n de los minerales existente en el Salar Ver\u00f3nica, Regi\u00f3n de Antofagasta, un grupo de investigadores liderado por el Centro de Investigaci\u00f3n en Tecnolog\u00edas para la Sociedad (C+) de Ingenier\u00eda UDD y la empresa suiza Ad Terra, realizaron una primera visita para inspeccionar, [&hellip;]\" \/>\n<meta property=\"og:url\" content=\"https:\/\/cmas.udd.cl\/en\/cplus_noticias\/centro-c-y-empresa-energetica-de-suiza-realizan-mediciones-de-litio-en-salar-pre-andino-en-region-de-antofagasta\/\" \/>\n<meta property=\"og:site_name\" content=\"C+\" \/>\n<meta property=\"article:modified_time\" content=\"2024-11-22T15:06:54+00:00\" \/>\n<meta property=\"og:image\" content=\"https:\/\/cmas.udd.cl\/wp-content\/uploads\/2024\/09\/WhatsApp-Image-2024-09-25-at-14.58.07.jpeg\" \/>\n\t<meta property=\"og:image:width\" content=\"1600\" \/>\n\t<meta property=\"og:image:height\" content=\"1064\" \/>\n\t<meta property=\"og:image:type\" content=\"image\/jpeg\" \/>\n<meta name=\"twitter:card\" content=\"summary_large_image\" \/>\n<meta name=\"twitter:label1\" content=\"Est. reading time\" \/>\n\t<meta name=\"twitter:data1\" content=\"3 minutes\" \/>\n<script type=\"application\/ld+json\" class=\"yoast-schema-graph\">{\"@context\":\"https:\\\/\\\/schema.org\",\"@graph\":[{\"@type\":\"WebPage\",\"@id\":\"https:\\\/\\\/cmas.udd.cl\\\/cplus_noticias\\\/centro-c-y-empresa-energetica-de-suiza-realizan-mediciones-de-litio-en-salar-pre-andino-en-region-de-antofagasta\\\/\",\"url\":\"https:\\\/\\\/cmas.udd.cl\\\/cplus_noticias\\\/centro-c-y-empresa-energetica-de-suiza-realizan-mediciones-de-litio-en-salar-pre-andino-en-region-de-antofagasta\\\/\",\"name\":\"Centro C+ y empresa energ\u00e9tica de Suiza realizan mediciones de Litio en Salar pre andino en Regi\u00f3n de Antofagasta\u00a0\u00a0 - C+\",\"isPartOf\":{\"@id\":\"https:\\\/\\\/cmas.udd.cl\\\/#website\"},\"primaryImageOfPage\":{\"@id\":\"https:\\\/\\\/cmas.udd.cl\\\/cplus_noticias\\\/centro-c-y-empresa-energetica-de-suiza-realizan-mediciones-de-litio-en-salar-pre-andino-en-region-de-antofagasta\\\/#primaryimage\"},\"image\":{\"@id\":\"https:\\\/\\\/cmas.udd.cl\\\/cplus_noticias\\\/centro-c-y-empresa-energetica-de-suiza-realizan-mediciones-de-litio-en-salar-pre-andino-en-region-de-antofagasta\\\/#primaryimage\"},\"thumbnailUrl\":\"https:\\\/\\\/cmas.udd.cl\\\/wp-content\\\/uploads\\\/2024\\\/09\\\/WhatsApp-Image-2024-09-25-at-14.58.07.jpeg\",\"datePublished\":\"2024-09-25T18:00:08+00:00\",\"dateModified\":\"2024-11-22T15:06:54+00:00\",\"breadcrumb\":{\"@id\":\"https:\\\/\\\/cmas.udd.cl\\\/cplus_noticias\\\/centro-c-y-empresa-energetica-de-suiza-realizan-mediciones-de-litio-en-salar-pre-andino-en-region-de-antofagasta\\\/#breadcrumb\"},\"inLanguage\":\"en-US\",\"potentialAction\":[{\"@type\":\"ReadAction\",\"target\":[\"https:\\\/\\\/cmas.udd.cl\\\/cplus_noticias\\\/centro-c-y-empresa-energetica-de-suiza-realizan-mediciones-de-litio-en-salar-pre-andino-en-region-de-antofagasta\\\/\"]}]},{\"@type\":\"ImageObject\",\"inLanguage\":\"en-US\",\"@id\":\"https:\\\/\\\/cmas.udd.cl\\\/cplus_noticias\\\/centro-c-y-empresa-energetica-de-suiza-realizan-mediciones-de-litio-en-salar-pre-andino-en-region-de-antofagasta\\\/#primaryimage\",\"url\":\"https:\\\/\\\/cmas.udd.cl\\\/wp-content\\\/uploads\\\/2024\\\/09\\\/WhatsApp-Image-2024-09-25-at-14.58.07.jpeg\",\"contentUrl\":\"https:\\\/\\\/cmas.udd.cl\\\/wp-content\\\/uploads\\\/2024\\\/09\\\/WhatsApp-Image-2024-09-25-at-14.58.07.jpeg\",\"width\":1600,\"height\":1064},{\"@type\":\"BreadcrumbList\",\"@id\":\"https:\\\/\\\/cmas.udd.cl\\\/cplus_noticias\\\/centro-c-y-empresa-energetica-de-suiza-realizan-mediciones-de-litio-en-salar-pre-andino-en-region-de-antofagasta\\\/#breadcrumb\",\"itemListElement\":[{\"@type\":\"ListItem\",\"position\":1,\"name\":\"Home\",\"item\":\"https:\\\/\\\/cmas.udd.cl\\\/\"},{\"@type\":\"ListItem\",\"position\":2,\"name\":\"cplus_noticias\",\"item\":\"https:\\\/\\\/cmas.udd.cl\\\/cplus_noticias\\\/\"},{\"@type\":\"ListItem\",\"position\":3,\"name\":\"Centro C+ y empresa energ\u00e9tica de Suiza realizan mediciones de Litio en Salar pre andino en Regi\u00f3n de Antofagasta\u00a0\u00a0\"}]},{\"@type\":\"WebSite\",\"@id\":\"https:\\\/\\\/cmas.udd.cl\\\/#website\",\"url\":\"https:\\\/\\\/cmas.udd.cl\\\/\",\"name\":\"C+\",\"description\":\"Centro Investigaci\u00f3n enTecnolog\u00edas para la Sociedad\",\"publisher\":{\"@id\":\"https:\\\/\\\/cmas.udd.cl\\\/#organization\"},\"potentialAction\":[{\"@type\":\"SearchAction\",\"target\":{\"@type\":\"EntryPoint\",\"urlTemplate\":\"https:\\\/\\\/cmas.udd.cl\\\/?s={search_term_string}\"},\"query-input\":{\"@type\":\"PropertyValueSpecification\",\"valueRequired\":true,\"valueName\":\"search_term_string\"}}],\"inLanguage\":\"en-US\"},{\"@type\":\"Organization\",\"@id\":\"https:\\\/\\\/cmas.udd.cl\\\/#organization\",\"name\":\"C+\",\"url\":\"https:\\\/\\\/cmas.udd.cl\\\/\",\"logo\":{\"@type\":\"ImageObject\",\"inLanguage\":\"en-US\",\"@id\":\"https:\\\/\\\/cmas.udd.cl\\\/#\\\/schema\\\/logo\\\/image\\\/\",\"url\":\"https:\\\/\\\/cmas.udd.cl\\\/wp-content\\\/uploads\\\/2023\\\/05\\\/Logo-compuesto-UDD-Cmas.png\",\"contentUrl\":\"https:\\\/\\\/cmas.udd.cl\\\/wp-content\\\/uploads\\\/2023\\\/05\\\/Logo-compuesto-UDD-Cmas.png\",\"width\":695,\"height\":72,\"caption\":\"C+\"},\"image\":{\"@id\":\"https:\\\/\\\/cmas.udd.cl\\\/#\\\/schema\\\/logo\\\/image\\\/\"}}]}<\/script>\n<!-- \/ Yoast SEO plugin. -->","yoast_head_json":{"title":"Centro C+ y empresa energ\u00e9tica de Suiza realizan mediciones de Litio en Salar pre andino en Regi\u00f3n de Antofagasta\u00a0\u00a0 - C+","robots":{"index":"index","follow":"follow","max-snippet":"max-snippet:-1","max-image-preview":"max-image-preview:large","max-video-preview":"max-video-preview:-1"},"canonical":"https:\/\/cmas.udd.cl\/en\/cplus_noticias\/centro-c-y-empresa-energetica-de-suiza-realizan-mediciones-de-litio-en-salar-pre-andino-en-region-de-antofagasta\/","og_locale":"en_US","og_type":"article","og_title":"Centro C+ y empresa energ\u00e9tica de Suiza realizan mediciones de Litio en Salar pre andino en Regi\u00f3n de Antofagasta\u00a0\u00a0 - C+","og_description":"Con el objetivo de estudiar el potencial econ\u00f3mico, mediante la investigaci\u00f3n y caracterizaci\u00f3n de los minerales existente en el Salar Ver\u00f3nica, Regi\u00f3n de Antofagasta, un grupo de investigadores liderado por el Centro de Investigaci\u00f3n en Tecnolog\u00edas para la Sociedad (C+) de Ingenier\u00eda UDD y la empresa suiza Ad Terra, realizaron una primera visita para inspeccionar, [&hellip;]","og_url":"https:\/\/cmas.udd.cl\/en\/cplus_noticias\/centro-c-y-empresa-energetica-de-suiza-realizan-mediciones-de-litio-en-salar-pre-andino-en-region-de-antofagasta\/","og_site_name":"C+","article_modified_time":"2024-11-22T15:06:54+00:00","og_image":[{"width":1600,"height":1064,"url":"https:\/\/cmas.udd.cl\/wp-content\/uploads\/2024\/09\/WhatsApp-Image-2024-09-25-at-14.58.07.jpeg","type":"image\/jpeg"}],"twitter_card":"summary_large_image","twitter_misc":{"Est. reading time":"3 minutes"},"schema":{"@context":"https:\/\/schema.org","@graph":[{"@type":"WebPage","@id":"https:\/\/cmas.udd.cl\/cplus_noticias\/centro-c-y-empresa-energetica-de-suiza-realizan-mediciones-de-litio-en-salar-pre-andino-en-region-de-antofagasta\/","url":"https:\/\/cmas.udd.cl\/cplus_noticias\/centro-c-y-empresa-energetica-de-suiza-realizan-mediciones-de-litio-en-salar-pre-andino-en-region-de-antofagasta\/","name":"Centro C+ y empresa energ\u00e9tica de Suiza realizan mediciones de Litio en Salar pre andino en Regi\u00f3n de Antofagasta\u00a0\u00a0 - C+","isPartOf":{"@id":"https:\/\/cmas.udd.cl\/#website"},"primaryImageOfPage":{"@id":"https:\/\/cmas.udd.cl\/cplus_noticias\/centro-c-y-empresa-energetica-de-suiza-realizan-mediciones-de-litio-en-salar-pre-andino-en-region-de-antofagasta\/#primaryimage"},"image":{"@id":"https:\/\/cmas.udd.cl\/cplus_noticias\/centro-c-y-empresa-energetica-de-suiza-realizan-mediciones-de-litio-en-salar-pre-andino-en-region-de-antofagasta\/#primaryimage"},"thumbnailUrl":"https:\/\/cmas.udd.cl\/wp-content\/uploads\/2024\/09\/WhatsApp-Image-2024-09-25-at-14.58.07.jpeg","datePublished":"2024-09-25T18:00:08+00:00","dateModified":"2024-11-22T15:06:54+00:00","breadcrumb":{"@id":"https:\/\/cmas.udd.cl\/cplus_noticias\/centro-c-y-empresa-energetica-de-suiza-realizan-mediciones-de-litio-en-salar-pre-andino-en-region-de-antofagasta\/#breadcrumb"},"inLanguage":"en-US","potentialAction":[{"@type":"ReadAction","target":["https:\/\/cmas.udd.cl\/cplus_noticias\/centro-c-y-empresa-energetica-de-suiza-realizan-mediciones-de-litio-en-salar-pre-andino-en-region-de-antofagasta\/"]}]},{"@type":"ImageObject","inLanguage":"en-US","@id":"https:\/\/cmas.udd.cl\/cplus_noticias\/centro-c-y-empresa-energetica-de-suiza-realizan-mediciones-de-litio-en-salar-pre-andino-en-region-de-antofagasta\/#primaryimage","url":"https:\/\/cmas.udd.cl\/wp-content\/uploads\/2024\/09\/WhatsApp-Image-2024-09-25-at-14.58.07.jpeg","contentUrl":"https:\/\/cmas.udd.cl\/wp-content\/uploads\/2024\/09\/WhatsApp-Image-2024-09-25-at-14.58.07.jpeg","width":1600,"height":1064},{"@type":"BreadcrumbList","@id":"https:\/\/cmas.udd.cl\/cplus_noticias\/centro-c-y-empresa-energetica-de-suiza-realizan-mediciones-de-litio-en-salar-pre-andino-en-region-de-antofagasta\/#breadcrumb","itemListElement":[{"@type":"ListItem","position":1,"name":"Home","item":"https:\/\/cmas.udd.cl\/"},{"@type":"ListItem","position":2,"name":"cplus_noticias","item":"https:\/\/cmas.udd.cl\/cplus_noticias\/"},{"@type":"ListItem","position":3,"name":"Centro C+ y empresa energ\u00e9tica de Suiza realizan mediciones de Litio en Salar pre andino en Regi\u00f3n de Antofagasta\u00a0\u00a0"}]},{"@type":"WebSite","@id":"https:\/\/cmas.udd.cl\/#website","url":"https:\/\/cmas.udd.cl\/","name":"C+","description":"Centro Investigaci\u00f3n enTecnolog\u00edas para la Sociedad","publisher":{"@id":"https:\/\/cmas.udd.cl\/#organization"},"potentialAction":[{"@type":"SearchAction","target":{"@type":"EntryPoint","urlTemplate":"https:\/\/cmas.udd.cl\/?s={search_term_string}"},"query-input":{"@type":"PropertyValueSpecification","valueRequired":true,"valueName":"search_term_string"}}],"inLanguage":"en-US"},{"@type":"Organization","@id":"https:\/\/cmas.udd.cl\/#organization","name":"C+","url":"https:\/\/cmas.udd.cl\/","logo":{"@type":"ImageObject","inLanguage":"en-US","@id":"https:\/\/cmas.udd.cl\/#\/schema\/logo\/image\/","url":"https:\/\/cmas.udd.cl\/wp-content\/uploads\/2023\/05\/Logo-compuesto-UDD-Cmas.png","contentUrl":"https:\/\/cmas.udd.cl\/wp-content\/uploads\/2023\/05\/Logo-compuesto-UDD-Cmas.png","width":695,"height":72,"caption":"C+"},"image":{"@id":"https:\/\/cmas.udd.cl\/#\/schema\/logo\/image\/"}}]}},"_links":{"self":[{"href":"https:\/\/cmas.udd.cl\/en\/wp-json\/wp\/v2\/cplus_noticias\/3685","targetHints":{"allow":["GET"]}}],"collection":[{"href":"https:\/\/cmas.udd.cl\/en\/wp-json\/wp\/v2\/cplus_noticias"}],"about":[{"href":"https:\/\/cmas.udd.cl\/en\/wp-json\/wp\/v2\/types\/cplus_noticias"}],"version-history":[{"count":0,"href":"https:\/\/cmas.udd.cl\/en\/wp-json\/wp\/v2\/cplus_noticias\/3685\/revisions"}],"wp:featuredmedia":[{"embeddable":true,"href":"https:\/\/cmas.udd.cl\/en\/wp-json\/wp\/v2\/media\/3687"}],"wp:attachment":[{"href":"https:\/\/cmas.udd.cl\/en\/wp-json\/wp\/v2\/media?parent=3685"}],"wp:term":[{"taxonomy":"taxo_noticias","embeddable":true,"href":"https:\/\/cmas.udd.cl\/en\/wp-json\/wp\/v2\/taxo_noticias?post=3685"},{"taxonomy":"grupo-de-investigacion","embeddable":true,"href":"https:\/\/cmas.udd.cl\/en\/wp-json\/wp\/v2\/grupo-de-investigacion?post=3685"}],"curies":[{"name":"wp","href":"https:\/\/api.w.org\/{rel}","templated":true}]}}