{"id":3678,"date":"2024-09-12T19:28:36","date_gmt":"2024-09-12T19:28:36","guid":{"rendered":"https:\/\/cmas.udd.cl\/?post_type=cplus_noticias&#038;p=3678"},"modified":"2024-09-12T19:28:37","modified_gmt":"2024-09-12T19:28:37","slug":"docentes-e-investigadoras-de-la-facultad-de-ingenieria-participaron-en-un-encuentro-de-mujeres-emprendedoras-en-puerto-varas","status":"publish","type":"cplus_noticias","link":"https:\/\/cmas.udd.cl\/en\/cplus_noticias\/docentes-e-investigadoras-de-la-facultad-de-ingenieria-participaron-en-un-encuentro-de-mujeres-emprendedoras-en-puerto-varas\/","title":{"rendered":"Docentes e investigadoras de la Facultad de Ingenier\u00eda participaron en un encuentro de mujeres emprendedoras en Puerto Varas\u00a0"},"content":{"rendered":"<p>Con m\u00e1s de 200 mujeres emprendedoras de Chile, el 4 y 5 de septiembre se llev\u00f3 a cabo el \u201cSummit Mujer Emprendedora\u201d en Puerto Varas, regi\u00f3n de Los Lagos, organizado por Corfo y ejecutado por IncubatecUFRO, que ten\u00eda como objetivo potenciar el emprendimiento femenino, la innovaci\u00f3n y crear redes de apoyo a nivel nacional.&nbsp;&nbsp;<\/p>\n\n\n\n<p>El evento cont\u00f3 con diversos espacios y charlas para que mujeres y emprendedoras intercambiaran ideas y experiencias sobre sus emprendimientos y conectaran con posibles colaboradoras, con dl objetivo de facilitar el crecimiento de sus proyectos.&nbsp;&nbsp;<\/p>\n\n\n\n<p>A la actividad tambi\u00e9n asistieron las investigadoras y miembros de la Direcci\u00f3n de Innovaci\u00f3n y Centro de Investigaci\u00f3n C+ de la Facultad de Ingenier\u00eda UDD, Sof\u00eda Mart\u00ednez, Ximena Ferrada y Patricia Breuer.&nbsp;&nbsp;<\/p>\n\n\n\n<p>Las tres docentes e investigadoras participaron en los m\u00f3dulos y sesiones de conversaci\u00f3n \u201cMujeres stem, emprendiendo desde el conocimiento\u201d, \u201cDesarrollando conocimientos empresariales\u201d y \u201cDerribando paradigmas\u201d, donde pudieron presentar sobre los proyectos con perspectiva de g\u00e9nero e iniciativas que han estado desarrollando tanto en Innovaci\u00f3n Ingenier\u00eda como en el Centro de Investigaci\u00f3n C+.&nbsp;&nbsp;<\/p>\n\n\n\n<p>Cabe destacar, que el encuentro cont\u00f3 con la presencia de destacadas expositoras tanto nacionales como internacionales, quienes compartieron sus experiencias a trav\u00e9s de paneles y talleres interactivos enfocados en el emprendimiento con prop\u00f3sito, liderazgo, comunicaci\u00f3n eficaz, empoderamiento femenino, tecnolog\u00eda e innovaci\u00f3n.&nbsp;&nbsp;<\/p>\n\n\n\n<figure class=\"wp-block-gallery has-nested-images columns-default is-cropped wp-block-gallery-1 is-layout-flex wp-block-gallery-is-layout-flex\">\n<figure class=\"wp-block-image\"><img decoding=\"async\" src=\"blob:https:\/\/cmas.udd.cl\/6257feb9-fce7-4a63-81f3-7a3919cd5b7a\" alt=\"\"\/><\/figure>\n\n\n\n<figure class=\"wp-block-image\"><img decoding=\"async\" src=\"blob:https:\/\/cmas.udd.cl\/e311339e-c020-4371-8a49-2dba2633d718\" alt=\"\"\/><\/figure>\n\n\n\n<figure class=\"wp-block-image size-large\"><img fetchpriority=\"high\" decoding=\"async\" width=\"1024\" height=\"768\" data-id=\"3680\" src=\"https:\/\/cmas.udd.cl\/wp-content\/uploads\/2024\/09\/WhatsApp-Image-2024-09-04-at-16.50.37-1024x768.jpeg\" alt=\"\" class=\"wp-image-3680\" srcset=\"https:\/\/cmas.udd.cl\/wp-content\/uploads\/2024\/09\/WhatsApp-Image-2024-09-04-at-16.50.37-1024x768.jpeg 1024w, https:\/\/cmas.udd.cl\/wp-content\/uploads\/2024\/09\/WhatsApp-Image-2024-09-04-at-16.50.37-300x225.jpeg 300w, https:\/\/cmas.udd.cl\/wp-content\/uploads\/2024\/09\/WhatsApp-Image-2024-09-04-at-16.50.37-768x576.jpeg 768w, https:\/\/cmas.udd.cl\/wp-content\/uploads\/2024\/09\/WhatsApp-Image-2024-09-04-at-16.50.37-1536x1152.jpeg 1536w, https:\/\/cmas.udd.cl\/wp-content\/uploads\/2024\/09\/WhatsApp-Image-2024-09-04-at-16.50.37-2048x1536.jpeg 2048w\" sizes=\"(max-width: 1024px) 100vw, 1024px\" \/><\/figure>\n\n\n\n<figure class=\"wp-block-image size-large\"><img decoding=\"async\" width=\"576\" height=\"1024\" data-id=\"3679\" src=\"https:\/\/cmas.udd.cl\/wp-content\/uploads\/2024\/09\/WhatsApp-Image-2024-09-04-at-15.46.07-576x1024.jpeg\" alt=\"\" class=\"wp-image-3679\" srcset=\"https:\/\/cmas.udd.cl\/wp-content\/uploads\/2024\/09\/WhatsApp-Image-2024-09-04-at-15.46.07-576x1024.jpeg 576w, https:\/\/cmas.udd.cl\/wp-content\/uploads\/2024\/09\/WhatsApp-Image-2024-09-04-at-15.46.07-169x300.jpeg 169w, https:\/\/cmas.udd.cl\/wp-content\/uploads\/2024\/09\/WhatsApp-Image-2024-09-04-at-15.46.07-768x1365.jpeg 768w, https:\/\/cmas.udd.cl\/wp-content\/uploads\/2024\/09\/WhatsApp-Image-2024-09-04-at-15.46.07-864x1536.jpeg 864w, https:\/\/cmas.udd.cl\/wp-content\/uploads\/2024\/09\/WhatsApp-Image-2024-09-04-at-15.46.07.jpeg 900w\" sizes=\"(max-width: 576px) 100vw, 576px\" \/><\/figure>\n\n\n\n<figure class=\"wp-block-image\"><img decoding=\"async\" src=\"blob:https:\/\/cmas.udd.cl\/2b3e9b4c-769f-45b1-bda2-b5ad2b09a512\" alt=\"\"\/><\/figure>\n<\/figure>","protected":false},"featured_media":3680,"template":"","taxo_noticias":[],"grupo-de-investigacion":[],"class_list":["post-3678","cplus_noticias","type-cplus_noticias","status-publish","has-post-thumbnail","hentry"],"acf":[],"yoast_head":"<!-- This site is optimized with the Yoast SEO plugin v27.3 - https:\/\/yoast.com\/product\/yoast-seo-wordpress\/ -->\n<title>Docentes e investigadoras de la Facultad de Ingenier\u00eda participaron en un encuentro de mujeres emprendedoras en Puerto Varas\u00a0 - C+<\/title>\n<meta name=\"robots\" content=\"index, follow, max-snippet:-1, max-image-preview:large, max-video-preview:-1\" \/>\n<link rel=\"canonical\" href=\"https:\/\/cmas.udd.cl\/en\/cplus_noticias\/docentes-e-investigadoras-de-la-facultad-de-ingenieria-participaron-en-un-encuentro-de-mujeres-emprendedoras-en-puerto-varas\/\" \/>\n<meta property=\"og:locale\" content=\"en_US\" \/>\n<meta property=\"og:type\" content=\"article\" \/>\n<meta property=\"og:title\" content=\"Docentes e investigadoras de la Facultad de Ingenier\u00eda participaron en un encuentro de mujeres emprendedoras en Puerto Varas\u00a0 - C+\" \/>\n<meta property=\"og:description\" content=\"Con m\u00e1s de 200 mujeres emprendedoras de Chile, el 4 y 5 de septiembre se llev\u00f3 a cabo el \u201cSummit Mujer Emprendedora\u201d en Puerto Varas, regi\u00f3n de Los Lagos, organizado por Corfo y ejecutado por IncubatecUFRO, que ten\u00eda como objetivo potenciar el emprendimiento femenino, la innovaci\u00f3n y crear redes de apoyo a nivel nacional.&nbsp;&nbsp; El [&hellip;]\" \/>\n<meta property=\"og:url\" content=\"https:\/\/cmas.udd.cl\/en\/cplus_noticias\/docentes-e-investigadoras-de-la-facultad-de-ingenieria-participaron-en-un-encuentro-de-mujeres-emprendedoras-en-puerto-varas\/\" \/>\n<meta property=\"og:site_name\" content=\"C+\" \/>\n<meta property=\"article:modified_time\" content=\"2024-09-12T19:28:37+00:00\" \/>\n<meta property=\"og:image\" content=\"https:\/\/cmas.udd.cl\/wp-content\/uploads\/2024\/09\/WhatsApp-Image-2024-09-04-at-16.50.37-scaled.jpeg\" \/>\n\t<meta property=\"og:image:width\" content=\"2560\" \/>\n\t<meta property=\"og:image:height\" content=\"1920\" \/>\n\t<meta property=\"og:image:type\" content=\"image\/jpeg\" \/>\n<meta name=\"twitter:card\" content=\"summary_large_image\" \/>\n<meta name=\"twitter:label1\" content=\"Est. reading time\" \/>\n\t<meta name=\"twitter:data1\" content=\"3 minutes\" \/>\n<script type=\"application\/ld+json\" class=\"yoast-schema-graph\">{\"@context\":\"https:\\\/\\\/schema.org\",\"@graph\":[{\"@type\":\"WebPage\",\"@id\":\"https:\\\/\\\/cmas.udd.cl\\\/cplus_noticias\\\/docentes-e-investigadoras-de-la-facultad-de-ingenieria-participaron-en-un-encuentro-de-mujeres-emprendedoras-en-puerto-varas\\\/\",\"url\":\"https:\\\/\\\/cmas.udd.cl\\\/cplus_noticias\\\/docentes-e-investigadoras-de-la-facultad-de-ingenieria-participaron-en-un-encuentro-de-mujeres-emprendedoras-en-puerto-varas\\\/\",\"name\":\"Docentes e investigadoras de la Facultad de Ingenier\u00eda participaron en un encuentro de mujeres emprendedoras en Puerto Varas\u00a0 - C+\",\"isPartOf\":{\"@id\":\"https:\\\/\\\/cmas.udd.cl\\\/#website\"},\"primaryImageOfPage\":{\"@id\":\"https:\\\/\\\/cmas.udd.cl\\\/cplus_noticias\\\/docentes-e-investigadoras-de-la-facultad-de-ingenieria-participaron-en-un-encuentro-de-mujeres-emprendedoras-en-puerto-varas\\\/#primaryimage\"},\"image\":{\"@id\":\"https:\\\/\\\/cmas.udd.cl\\\/cplus_noticias\\\/docentes-e-investigadoras-de-la-facultad-de-ingenieria-participaron-en-un-encuentro-de-mujeres-emprendedoras-en-puerto-varas\\\/#primaryimage\"},\"thumbnailUrl\":\"https:\\\/\\\/cmas.udd.cl\\\/wp-content\\\/uploads\\\/2024\\\/09\\\/WhatsApp-Image-2024-09-04-at-16.50.37-scaled.jpeg\",\"datePublished\":\"2024-09-12T19:28:36+00:00\",\"dateModified\":\"2024-09-12T19:28:37+00:00\",\"breadcrumb\":{\"@id\":\"https:\\\/\\\/cmas.udd.cl\\\/cplus_noticias\\\/docentes-e-investigadoras-de-la-facultad-de-ingenieria-participaron-en-un-encuentro-de-mujeres-emprendedoras-en-puerto-varas\\\/#breadcrumb\"},\"inLanguage\":\"en-US\",\"potentialAction\":[{\"@type\":\"ReadAction\",\"target\":[\"https:\\\/\\\/cmas.udd.cl\\\/cplus_noticias\\\/docentes-e-investigadoras-de-la-facultad-de-ingenieria-participaron-en-un-encuentro-de-mujeres-emprendedoras-en-puerto-varas\\\/\"]}]},{\"@type\":\"ImageObject\",\"inLanguage\":\"en-US\",\"@id\":\"https:\\\/\\\/cmas.udd.cl\\\/cplus_noticias\\\/docentes-e-investigadoras-de-la-facultad-de-ingenieria-participaron-en-un-encuentro-de-mujeres-emprendedoras-en-puerto-varas\\\/#primaryimage\",\"url\":\"https:\\\/\\\/cmas.udd.cl\\\/wp-content\\\/uploads\\\/2024\\\/09\\\/WhatsApp-Image-2024-09-04-at-16.50.37-scaled.jpeg\",\"contentUrl\":\"https:\\\/\\\/cmas.udd.cl\\\/wp-content\\\/uploads\\\/2024\\\/09\\\/WhatsApp-Image-2024-09-04-at-16.50.37-scaled.jpeg\",\"width\":2560,\"height\":1920},{\"@type\":\"BreadcrumbList\",\"@id\":\"https:\\\/\\\/cmas.udd.cl\\\/cplus_noticias\\\/docentes-e-investigadoras-de-la-facultad-de-ingenieria-participaron-en-un-encuentro-de-mujeres-emprendedoras-en-puerto-varas\\\/#breadcrumb\",\"itemListElement\":[{\"@type\":\"ListItem\",\"position\":1,\"name\":\"Home\",\"item\":\"https:\\\/\\\/cmas.udd.cl\\\/\"},{\"@type\":\"ListItem\",\"position\":2,\"name\":\"cplus_noticias\",\"item\":\"https:\\\/\\\/cmas.udd.cl\\\/cplus_noticias\\\/\"},{\"@type\":\"ListItem\",\"position\":3,\"name\":\"Docentes e investigadoras de la Facultad de Ingenier\u00eda participaron en un encuentro de mujeres emprendedoras en Puerto Varas\u00a0\"}]},{\"@type\":\"WebSite\",\"@id\":\"https:\\\/\\\/cmas.udd.cl\\\/#website\",\"url\":\"https:\\\/\\\/cmas.udd.cl\\\/\",\"name\":\"C+\",\"description\":\"Centro Investigaci\u00f3n enTecnolog\u00edas para la Sociedad\",\"publisher\":{\"@id\":\"https:\\\/\\\/cmas.udd.cl\\\/#organization\"},\"potentialAction\":[{\"@type\":\"SearchAction\",\"target\":{\"@type\":\"EntryPoint\",\"urlTemplate\":\"https:\\\/\\\/cmas.udd.cl\\\/?s={search_term_string}\"},\"query-input\":{\"@type\":\"PropertyValueSpecification\",\"valueRequired\":true,\"valueName\":\"search_term_string\"}}],\"inLanguage\":\"en-US\"},{\"@type\":\"Organization\",\"@id\":\"https:\\\/\\\/cmas.udd.cl\\\/#organization\",\"name\":\"C+\",\"url\":\"https:\\\/\\\/cmas.udd.cl\\\/\",\"logo\":{\"@type\":\"ImageObject\",\"inLanguage\":\"en-US\",\"@id\":\"https:\\\/\\\/cmas.udd.cl\\\/#\\\/schema\\\/logo\\\/image\\\/\",\"url\":\"https:\\\/\\\/cmas.udd.cl\\\/wp-content\\\/uploads\\\/2023\\\/05\\\/Logo-compuesto-UDD-Cmas.png\",\"contentUrl\":\"https:\\\/\\\/cmas.udd.cl\\\/wp-content\\\/uploads\\\/2023\\\/05\\\/Logo-compuesto-UDD-Cmas.png\",\"width\":695,\"height\":72,\"caption\":\"C+\"},\"image\":{\"@id\":\"https:\\\/\\\/cmas.udd.cl\\\/#\\\/schema\\\/logo\\\/image\\\/\"}}]}<\/script>\n<!-- \/ Yoast SEO plugin. -->","yoast_head_json":{"title":"Docentes e investigadoras de la Facultad de Ingenier\u00eda participaron en un encuentro de mujeres emprendedoras en Puerto Varas\u00a0 - C+","robots":{"index":"index","follow":"follow","max-snippet":"max-snippet:-1","max-image-preview":"max-image-preview:large","max-video-preview":"max-video-preview:-1"},"canonical":"https:\/\/cmas.udd.cl\/en\/cplus_noticias\/docentes-e-investigadoras-de-la-facultad-de-ingenieria-participaron-en-un-encuentro-de-mujeres-emprendedoras-en-puerto-varas\/","og_locale":"en_US","og_type":"article","og_title":"Docentes e investigadoras de la Facultad de Ingenier\u00eda participaron en un encuentro de mujeres emprendedoras en Puerto Varas\u00a0 - C+","og_description":"Con m\u00e1s de 200 mujeres emprendedoras de Chile, el 4 y 5 de septiembre se llev\u00f3 a cabo el \u201cSummit Mujer Emprendedora\u201d en Puerto Varas, regi\u00f3n de Los Lagos, organizado por Corfo y ejecutado por IncubatecUFRO, que ten\u00eda como objetivo potenciar el emprendimiento femenino, la innovaci\u00f3n y crear redes de apoyo a nivel nacional.&nbsp;&nbsp; El [&hellip;]","og_url":"https:\/\/cmas.udd.cl\/en\/cplus_noticias\/docentes-e-investigadoras-de-la-facultad-de-ingenieria-participaron-en-un-encuentro-de-mujeres-emprendedoras-en-puerto-varas\/","og_site_name":"C+","article_modified_time":"2024-09-12T19:28:37+00:00","og_image":[{"width":2560,"height":1920,"url":"https:\/\/cmas.udd.cl\/wp-content\/uploads\/2024\/09\/WhatsApp-Image-2024-09-04-at-16.50.37-scaled.jpeg","type":"image\/jpeg"}],"twitter_card":"summary_large_image","twitter_misc":{"Est. reading time":"3 minutes"},"schema":{"@context":"https:\/\/schema.org","@graph":[{"@type":"WebPage","@id":"https:\/\/cmas.udd.cl\/cplus_noticias\/docentes-e-investigadoras-de-la-facultad-de-ingenieria-participaron-en-un-encuentro-de-mujeres-emprendedoras-en-puerto-varas\/","url":"https:\/\/cmas.udd.cl\/cplus_noticias\/docentes-e-investigadoras-de-la-facultad-de-ingenieria-participaron-en-un-encuentro-de-mujeres-emprendedoras-en-puerto-varas\/","name":"Docentes e investigadoras de la Facultad de Ingenier\u00eda participaron en un encuentro de mujeres emprendedoras en Puerto Varas\u00a0 - C+","isPartOf":{"@id":"https:\/\/cmas.udd.cl\/#website"},"primaryImageOfPage":{"@id":"https:\/\/cmas.udd.cl\/cplus_noticias\/docentes-e-investigadoras-de-la-facultad-de-ingenieria-participaron-en-un-encuentro-de-mujeres-emprendedoras-en-puerto-varas\/#primaryimage"},"image":{"@id":"https:\/\/cmas.udd.cl\/cplus_noticias\/docentes-e-investigadoras-de-la-facultad-de-ingenieria-participaron-en-un-encuentro-de-mujeres-emprendedoras-en-puerto-varas\/#primaryimage"},"thumbnailUrl":"https:\/\/cmas.udd.cl\/wp-content\/uploads\/2024\/09\/WhatsApp-Image-2024-09-04-at-16.50.37-scaled.jpeg","datePublished":"2024-09-12T19:28:36+00:00","dateModified":"2024-09-12T19:28:37+00:00","breadcrumb":{"@id":"https:\/\/cmas.udd.cl\/cplus_noticias\/docentes-e-investigadoras-de-la-facultad-de-ingenieria-participaron-en-un-encuentro-de-mujeres-emprendedoras-en-puerto-varas\/#breadcrumb"},"inLanguage":"en-US","potentialAction":[{"@type":"ReadAction","target":["https:\/\/cmas.udd.cl\/cplus_noticias\/docentes-e-investigadoras-de-la-facultad-de-ingenieria-participaron-en-un-encuentro-de-mujeres-emprendedoras-en-puerto-varas\/"]}]},{"@type":"ImageObject","inLanguage":"en-US","@id":"https:\/\/cmas.udd.cl\/cplus_noticias\/docentes-e-investigadoras-de-la-facultad-de-ingenieria-participaron-en-un-encuentro-de-mujeres-emprendedoras-en-puerto-varas\/#primaryimage","url":"https:\/\/cmas.udd.cl\/wp-content\/uploads\/2024\/09\/WhatsApp-Image-2024-09-04-at-16.50.37-scaled.jpeg","contentUrl":"https:\/\/cmas.udd.cl\/wp-content\/uploads\/2024\/09\/WhatsApp-Image-2024-09-04-at-16.50.37-scaled.jpeg","width":2560,"height":1920},{"@type":"BreadcrumbList","@id":"https:\/\/cmas.udd.cl\/cplus_noticias\/docentes-e-investigadoras-de-la-facultad-de-ingenieria-participaron-en-un-encuentro-de-mujeres-emprendedoras-en-puerto-varas\/#breadcrumb","itemListElement":[{"@type":"ListItem","position":1,"name":"Home","item":"https:\/\/cmas.udd.cl\/"},{"@type":"ListItem","position":2,"name":"cplus_noticias","item":"https:\/\/cmas.udd.cl\/cplus_noticias\/"},{"@type":"ListItem","position":3,"name":"Docentes e investigadoras de la Facultad de Ingenier\u00eda participaron en un encuentro de mujeres emprendedoras en Puerto Varas\u00a0"}]},{"@type":"WebSite","@id":"https:\/\/cmas.udd.cl\/#website","url":"https:\/\/cmas.udd.cl\/","name":"C+","description":"Centro Investigaci\u00f3n enTecnolog\u00edas para la Sociedad","publisher":{"@id":"https:\/\/cmas.udd.cl\/#organization"},"potentialAction":[{"@type":"SearchAction","target":{"@type":"EntryPoint","urlTemplate":"https:\/\/cmas.udd.cl\/?s={search_term_string}"},"query-input":{"@type":"PropertyValueSpecification","valueRequired":true,"valueName":"search_term_string"}}],"inLanguage":"en-US"},{"@type":"Organization","@id":"https:\/\/cmas.udd.cl\/#organization","name":"C+","url":"https:\/\/cmas.udd.cl\/","logo":{"@type":"ImageObject","inLanguage":"en-US","@id":"https:\/\/cmas.udd.cl\/#\/schema\/logo\/image\/","url":"https:\/\/cmas.udd.cl\/wp-content\/uploads\/2023\/05\/Logo-compuesto-UDD-Cmas.png","contentUrl":"https:\/\/cmas.udd.cl\/wp-content\/uploads\/2023\/05\/Logo-compuesto-UDD-Cmas.png","width":695,"height":72,"caption":"C+"},"image":{"@id":"https:\/\/cmas.udd.cl\/#\/schema\/logo\/image\/"}}]}},"_links":{"self":[{"href":"https:\/\/cmas.udd.cl\/en\/wp-json\/wp\/v2\/cplus_noticias\/3678","targetHints":{"allow":["GET"]}}],"collection":[{"href":"https:\/\/cmas.udd.cl\/en\/wp-json\/wp\/v2\/cplus_noticias"}],"about":[{"href":"https:\/\/cmas.udd.cl\/en\/wp-json\/wp\/v2\/types\/cplus_noticias"}],"version-history":[{"count":0,"href":"https:\/\/cmas.udd.cl\/en\/wp-json\/wp\/v2\/cplus_noticias\/3678\/revisions"}],"wp:featuredmedia":[{"embeddable":true,"href":"https:\/\/cmas.udd.cl\/en\/wp-json\/wp\/v2\/media\/3680"}],"wp:attachment":[{"href":"https:\/\/cmas.udd.cl\/en\/wp-json\/wp\/v2\/media?parent=3678"}],"wp:term":[{"taxonomy":"taxo_noticias","embeddable":true,"href":"https:\/\/cmas.udd.cl\/en\/wp-json\/wp\/v2\/taxo_noticias?post=3678"},{"taxonomy":"grupo-de-investigacion","embeddable":true,"href":"https:\/\/cmas.udd.cl\/en\/wp-json\/wp\/v2\/grupo-de-investigacion?post=3678"}],"curies":[{"name":"wp","href":"https:\/\/api.w.org\/{rel}","templated":true}]}}