{"id":3551,"date":"2024-08-23T15:13:58","date_gmt":"2024-08-23T15:13:58","guid":{"rendered":"https:\/\/centrodeinvestigacioningenieria.udd.cl\/?post_type=cplus_noticias&#038;p=3551"},"modified":"2024-08-23T15:13:58","modified_gmt":"2024-08-23T15:13:58","slug":"investigadora-del-c-y-docente-de-ingenieria-udd-presenta-estudio-microbiano-de-la-antartica-en-congreso-internacional-en-sudafrica","status":"publish","type":"cplus_noticias","link":"https:\/\/cmas.udd.cl\/en\/cplus_noticias\/investigadora-del-c-y-docente-de-ingenieria-udd-presenta-estudio-microbiano-de-la-antartica-en-congreso-internacional-en-sudafrica\/","title":{"rendered":"Investigadora del C+ y docente de Ingenier\u00eda UDD presenta estudio microbiano de la Ant\u00e1rtica en Congreso Internacional en Sud\u00e1frica"},"content":{"rendered":"<p>Con el objetivo de dar a conocer un estudio microbiano realizado en la Ant\u00e1rtica, la investigadora del Grupo de Ambientes Extremos y Envirohealth del Centro de Investigaci\u00f3n en Tecnolog\u00edas para la Sociedad (C+) de Ingenier\u00eda UDD y docente de la misma Facultad, Mar\u00eda Estrella Alcam\u00e1n, particip\u00f3 de \u201c19th International Symposium on Microbial Ecology\u201d, en Ciudad del Cabo en Sud\u00e1frica.&nbsp;&nbsp;<\/p>\n\n\n\n<p>El evento estuvo enfocado en el campo de la ecolog\u00eda microbiana, con alrededor de 1750 cient\u00edficos internacionales que participaron en relaci\u00f3n a diferentes estudios e investigaciones.&nbsp;&nbsp;<\/p>\n\n\n\n<p>En esta ocasi\u00f3n, la investigadora y docente&nbsp;present\u00f3 en la sesi\u00f3n \u201cMicrobial Ecology of the Built Envirnoment\u201d, con el tema \u201cFrom Atmosphere to snow: Microbial dynamics and pollution trends in Antarctica\u201d, enfocado en estudiar y conocer la composici\u00f3n, interacci\u00f3n y el aporte de la comunidad microbiana en la Ant\u00e1rtica, a trav\u00e9s del an\u00e1lisis de redes en comunidades microbianas de nieve, agua de mar y aire, adem\u00e1s de investigar la composici\u00f3n atmosf\u00e9rica de Contaminantes Org\u00e1nicos Persistentes.&nbsp;&nbsp;<\/p>\n\n\n\n<p>Durante su presentaci\u00f3n, Mar\u00eda Estrella dio a conocer algunos de los resultados y conclusiones de la investigaci\u00f3n, que daban a conocer la estructura de las comunidades microbianas en la nieve y sus interacciones con otras redes microbianas del lugar, adem\u00e1s de la alta presencia de Contaminantes Org\u00e1nicos Persistentes encontrados en la zona debido a la actividad humana y la quema de madera en la regi\u00f3n.&nbsp;&nbsp;<\/p>\n\n\n\n<p>Respecto a su participaci\u00f3n, la investigadora del C+ se\u00f1al\u00f3 que \u201cha sido una experiencia \u00fanica, llena de nuevos conocimientos y desafiante culturalmente. La oportunidad de que hayan seleccionado mi trabajo para una presentaci\u00f3n oral en este simposio internacional ha sido un verdadero placer\u201d.&nbsp;&nbsp;<\/p>\n\n\n\n<p>Por \u00faltimo, cabe destacar que este viaje se realiz\u00f3 gracias al financiamiento de la Direcci\u00f3n de Investigaci\u00f3n de la Facultad de Ingenier\u00eda UDD, para dar a conocer los resultados de este proyecto financiado por el Fondo Nacional de Investigaci\u00f3n y Desarrollo (ANID) con el apoyo log\u00edstico del Instituto Ant\u00e1rtico Chileno, INACH (FONDECYT 11200413).&nbsp;<\/p>\n\n\n\n<figure class=\"wp-block-gallery has-nested-images columns-default is-cropped wp-block-gallery-1 is-layout-flex wp-block-gallery-is-layout-flex\">\n<figure class=\"wp-block-image size-large\"><img fetchpriority=\"high\" decoding=\"async\" width=\"1024\" height=\"768\" data-id=\"3552\" src=\"https:\/\/cmas.udd.cl\/wp-content\/uploads\/2024\/08\/WhatsApp-Image-2024-08-22-at-07.21.46-1-1024x768.jpeg\" alt=\"\" class=\"wp-image-3552\" srcset=\"https:\/\/cmas.udd.cl\/wp-content\/uploads\/2024\/08\/WhatsApp-Image-2024-08-22-at-07.21.46-1-1024x768.jpeg 1024w, https:\/\/cmas.udd.cl\/wp-content\/uploads\/2024\/08\/WhatsApp-Image-2024-08-22-at-07.21.46-1-300x225.jpeg 300w, https:\/\/cmas.udd.cl\/wp-content\/uploads\/2024\/08\/WhatsApp-Image-2024-08-22-at-07.21.46-1-768x576.jpeg 768w, https:\/\/cmas.udd.cl\/wp-content\/uploads\/2024\/08\/WhatsApp-Image-2024-08-22-at-07.21.46-1-1536x1152.jpeg 1536w, https:\/\/cmas.udd.cl\/wp-content\/uploads\/2024\/08\/WhatsApp-Image-2024-08-22-at-07.21.46-1.jpeg 1600w\" sizes=\"(max-width: 1024px) 100vw, 1024px\" \/><\/figure>\n\n\n\n<figure class=\"wp-block-image size-large\"><img decoding=\"async\" width=\"768\" height=\"1024\" data-id=\"3553\" src=\"https:\/\/cmas.udd.cl\/wp-content\/uploads\/2024\/08\/WhatsApp-Image-2024-08-22-at-07.21.46-768x1024.jpeg\" alt=\"\" class=\"wp-image-3553\" srcset=\"https:\/\/cmas.udd.cl\/wp-content\/uploads\/2024\/08\/WhatsApp-Image-2024-08-22-at-07.21.46-768x1024.jpeg 768w, https:\/\/cmas.udd.cl\/wp-content\/uploads\/2024\/08\/WhatsApp-Image-2024-08-22-at-07.21.46-225x300.jpeg 225w, https:\/\/cmas.udd.cl\/wp-content\/uploads\/2024\/08\/WhatsApp-Image-2024-08-22-at-07.21.46-1152x1536.jpeg 1152w, https:\/\/cmas.udd.cl\/wp-content\/uploads\/2024\/08\/WhatsApp-Image-2024-08-22-at-07.21.46.jpeg 1200w\" sizes=\"(max-width: 768px) 100vw, 768px\" \/><\/figure>\n\n\n\n<figure class=\"wp-block-image size-large\"><img decoding=\"async\" width=\"1024\" height=\"768\" data-id=\"3555\" src=\"https:\/\/cmas.udd.cl\/wp-content\/uploads\/2024\/08\/WhatsApp-Image-2024-08-22-at-07.21.45-1024x768.jpeg\" alt=\"\" class=\"wp-image-3555\" srcset=\"https:\/\/cmas.udd.cl\/wp-content\/uploads\/2024\/08\/WhatsApp-Image-2024-08-22-at-07.21.45-1024x768.jpeg 1024w, https:\/\/cmas.udd.cl\/wp-content\/uploads\/2024\/08\/WhatsApp-Image-2024-08-22-at-07.21.45-300x225.jpeg 300w, https:\/\/cmas.udd.cl\/wp-content\/uploads\/2024\/08\/WhatsApp-Image-2024-08-22-at-07.21.45-768x576.jpeg 768w, https:\/\/cmas.udd.cl\/wp-content\/uploads\/2024\/08\/WhatsApp-Image-2024-08-22-at-07.21.45-1536x1152.jpeg 1536w, https:\/\/cmas.udd.cl\/wp-content\/uploads\/2024\/08\/WhatsApp-Image-2024-08-22-at-07.21.45.jpeg 1600w\" sizes=\"(max-width: 1024px) 100vw, 1024px\" \/><\/figure>\n\n\n\n<figure class=\"wp-block-image size-large\"><img loading=\"lazy\" decoding=\"async\" width=\"768\" height=\"1024\" data-id=\"3554\" src=\"https:\/\/cmas.udd.cl\/wp-content\/uploads\/2024\/08\/WhatsApp-Image-2024-08-22-at-07.21.43-768x1024.jpeg\" alt=\"\" class=\"wp-image-3554\" srcset=\"https:\/\/cmas.udd.cl\/wp-content\/uploads\/2024\/08\/WhatsApp-Image-2024-08-22-at-07.21.43-768x1024.jpeg 768w, https:\/\/cmas.udd.cl\/wp-content\/uploads\/2024\/08\/WhatsApp-Image-2024-08-22-at-07.21.43-225x300.jpeg 225w, https:\/\/cmas.udd.cl\/wp-content\/uploads\/2024\/08\/WhatsApp-Image-2024-08-22-at-07.21.43-1152x1536.jpeg 1152w, https:\/\/cmas.udd.cl\/wp-content\/uploads\/2024\/08\/WhatsApp-Image-2024-08-22-at-07.21.43.jpeg 1200w\" sizes=\"(max-width: 768px) 100vw, 768px\" \/><\/figure>\n<\/figure>","protected":false},"featured_media":3554,"template":"","taxo_noticias":[26,25],"grupo-de-investigacion":[],"class_list":["post-3551","cplus_noticias","type-cplus_noticias","status-publish","has-post-thumbnail","hentry","taxo_noticias-envirohealth","taxo_noticias-extremeenvironments"],"acf":[],"yoast_head":"<!-- This site is optimized with the Yoast SEO plugin v27.3 - https:\/\/yoast.com\/product\/yoast-seo-wordpress\/ -->\n<title>Investigadora del C+ y docente de Ingenier\u00eda UDD presenta estudio microbiano de la Ant\u00e1rtica en Congreso Internacional en Sud\u00e1frica - C+<\/title>\n<meta name=\"robots\" content=\"index, follow, max-snippet:-1, max-image-preview:large, max-video-preview:-1\" \/>\n<link rel=\"canonical\" href=\"https:\/\/cmas.udd.cl\/en\/cplus_noticias\/investigadora-del-c-y-docente-de-ingenieria-udd-presenta-estudio-microbiano-de-la-antartica-en-congreso-internacional-en-sudafrica\/\" \/>\n<meta property=\"og:locale\" content=\"en_US\" \/>\n<meta property=\"og:type\" content=\"article\" \/>\n<meta property=\"og:title\" content=\"Investigadora del C+ y docente de Ingenier\u00eda UDD presenta estudio microbiano de la Ant\u00e1rtica en Congreso Internacional en Sud\u00e1frica - C+\" \/>\n<meta property=\"og:description\" content=\"Con el objetivo de dar a conocer un estudio microbiano realizado en la Ant\u00e1rtica, la investigadora del Grupo de Ambientes Extremos y Envirohealth del Centro de Investigaci\u00f3n en Tecnolog\u00edas para la Sociedad (C+) de Ingenier\u00eda UDD y docente de la misma Facultad, Mar\u00eda Estrella Alcam\u00e1n, particip\u00f3 de \u201c19th International Symposium on Microbial Ecology\u201d, en Ciudad [&hellip;]\" \/>\n<meta property=\"og:url\" content=\"https:\/\/cmas.udd.cl\/en\/cplus_noticias\/investigadora-del-c-y-docente-de-ingenieria-udd-presenta-estudio-microbiano-de-la-antartica-en-congreso-internacional-en-sudafrica\/\" \/>\n<meta property=\"og:site_name\" content=\"C+\" \/>\n<meta property=\"og:image\" content=\"https:\/\/cmas.udd.cl\/wp-content\/uploads\/2024\/08\/WhatsApp-Image-2024-08-22-at-07.21.43.jpeg\" \/>\n\t<meta property=\"og:image:width\" content=\"1200\" \/>\n\t<meta property=\"og:image:height\" content=\"1600\" \/>\n\t<meta property=\"og:image:type\" content=\"image\/jpeg\" \/>\n<meta name=\"twitter:card\" content=\"summary_large_image\" \/>\n<meta name=\"twitter:label1\" content=\"Est. reading time\" \/>\n\t<meta name=\"twitter:data1\" content=\"3 minutes\" \/>\n<script type=\"application\/ld+json\" class=\"yoast-schema-graph\">{\"@context\":\"https:\\\/\\\/schema.org\",\"@graph\":[{\"@type\":\"WebPage\",\"@id\":\"https:\\\/\\\/cmas.udd.cl\\\/cplus_noticias\\\/investigadora-del-c-y-docente-de-ingenieria-udd-presenta-estudio-microbiano-de-la-antartica-en-congreso-internacional-en-sudafrica\\\/\",\"url\":\"https:\\\/\\\/cmas.udd.cl\\\/cplus_noticias\\\/investigadora-del-c-y-docente-de-ingenieria-udd-presenta-estudio-microbiano-de-la-antartica-en-congreso-internacional-en-sudafrica\\\/\",\"name\":\"Investigadora del C+ y docente de Ingenier\u00eda UDD presenta estudio microbiano de la Ant\u00e1rtica en Congreso Internacional en Sud\u00e1frica - C+\",\"isPartOf\":{\"@id\":\"https:\\\/\\\/cmas.udd.cl\\\/#website\"},\"primaryImageOfPage\":{\"@id\":\"https:\\\/\\\/cmas.udd.cl\\\/cplus_noticias\\\/investigadora-del-c-y-docente-de-ingenieria-udd-presenta-estudio-microbiano-de-la-antartica-en-congreso-internacional-en-sudafrica\\\/#primaryimage\"},\"image\":{\"@id\":\"https:\\\/\\\/cmas.udd.cl\\\/cplus_noticias\\\/investigadora-del-c-y-docente-de-ingenieria-udd-presenta-estudio-microbiano-de-la-antartica-en-congreso-internacional-en-sudafrica\\\/#primaryimage\"},\"thumbnailUrl\":\"https:\\\/\\\/cmas.udd.cl\\\/wp-content\\\/uploads\\\/2024\\\/08\\\/WhatsApp-Image-2024-08-22-at-07.21.43.jpeg\",\"datePublished\":\"2024-08-23T15:13:58+00:00\",\"breadcrumb\":{\"@id\":\"https:\\\/\\\/cmas.udd.cl\\\/cplus_noticias\\\/investigadora-del-c-y-docente-de-ingenieria-udd-presenta-estudio-microbiano-de-la-antartica-en-congreso-internacional-en-sudafrica\\\/#breadcrumb\"},\"inLanguage\":\"en-US\",\"potentialAction\":[{\"@type\":\"ReadAction\",\"target\":[\"https:\\\/\\\/cmas.udd.cl\\\/cplus_noticias\\\/investigadora-del-c-y-docente-de-ingenieria-udd-presenta-estudio-microbiano-de-la-antartica-en-congreso-internacional-en-sudafrica\\\/\"]}]},{\"@type\":\"ImageObject\",\"inLanguage\":\"en-US\",\"@id\":\"https:\\\/\\\/cmas.udd.cl\\\/cplus_noticias\\\/investigadora-del-c-y-docente-de-ingenieria-udd-presenta-estudio-microbiano-de-la-antartica-en-congreso-internacional-en-sudafrica\\\/#primaryimage\",\"url\":\"https:\\\/\\\/cmas.udd.cl\\\/wp-content\\\/uploads\\\/2024\\\/08\\\/WhatsApp-Image-2024-08-22-at-07.21.43.jpeg\",\"contentUrl\":\"https:\\\/\\\/cmas.udd.cl\\\/wp-content\\\/uploads\\\/2024\\\/08\\\/WhatsApp-Image-2024-08-22-at-07.21.43.jpeg\",\"width\":1200,\"height\":1600},{\"@type\":\"BreadcrumbList\",\"@id\":\"https:\\\/\\\/cmas.udd.cl\\\/cplus_noticias\\\/investigadora-del-c-y-docente-de-ingenieria-udd-presenta-estudio-microbiano-de-la-antartica-en-congreso-internacional-en-sudafrica\\\/#breadcrumb\",\"itemListElement\":[{\"@type\":\"ListItem\",\"position\":1,\"name\":\"Home\",\"item\":\"https:\\\/\\\/cmas.udd.cl\\\/\"},{\"@type\":\"ListItem\",\"position\":2,\"name\":\"cplus_noticias\",\"item\":\"https:\\\/\\\/cmas.udd.cl\\\/cplus_noticias\\\/\"},{\"@type\":\"ListItem\",\"position\":3,\"name\":\"Investigadora del C+ y docente de Ingenier\u00eda UDD presenta estudio microbiano de la Ant\u00e1rtica en Congreso Internacional en Sud\u00e1frica\"}]},{\"@type\":\"WebSite\",\"@id\":\"https:\\\/\\\/cmas.udd.cl\\\/#website\",\"url\":\"https:\\\/\\\/cmas.udd.cl\\\/\",\"name\":\"C+\",\"description\":\"Centro Investigaci\u00f3n enTecnolog\u00edas para la Sociedad\",\"publisher\":{\"@id\":\"https:\\\/\\\/cmas.udd.cl\\\/#organization\"},\"potentialAction\":[{\"@type\":\"SearchAction\",\"target\":{\"@type\":\"EntryPoint\",\"urlTemplate\":\"https:\\\/\\\/cmas.udd.cl\\\/?s={search_term_string}\"},\"query-input\":{\"@type\":\"PropertyValueSpecification\",\"valueRequired\":true,\"valueName\":\"search_term_string\"}}],\"inLanguage\":\"en-US\"},{\"@type\":\"Organization\",\"@id\":\"https:\\\/\\\/cmas.udd.cl\\\/#organization\",\"name\":\"C+\",\"url\":\"https:\\\/\\\/cmas.udd.cl\\\/\",\"logo\":{\"@type\":\"ImageObject\",\"inLanguage\":\"en-US\",\"@id\":\"https:\\\/\\\/cmas.udd.cl\\\/#\\\/schema\\\/logo\\\/image\\\/\",\"url\":\"https:\\\/\\\/cmas.udd.cl\\\/wp-content\\\/uploads\\\/2023\\\/05\\\/Logo-compuesto-UDD-Cmas.png\",\"contentUrl\":\"https:\\\/\\\/cmas.udd.cl\\\/wp-content\\\/uploads\\\/2023\\\/05\\\/Logo-compuesto-UDD-Cmas.png\",\"width\":695,\"height\":72,\"caption\":\"C+\"},\"image\":{\"@id\":\"https:\\\/\\\/cmas.udd.cl\\\/#\\\/schema\\\/logo\\\/image\\\/\"}}]}<\/script>\n<!-- \/ Yoast SEO plugin. -->","yoast_head_json":{"title":"Investigadora del C+ y docente de Ingenier\u00eda UDD presenta estudio microbiano de la Ant\u00e1rtica en Congreso Internacional en Sud\u00e1frica - C+","robots":{"index":"index","follow":"follow","max-snippet":"max-snippet:-1","max-image-preview":"max-image-preview:large","max-video-preview":"max-video-preview:-1"},"canonical":"https:\/\/cmas.udd.cl\/en\/cplus_noticias\/investigadora-del-c-y-docente-de-ingenieria-udd-presenta-estudio-microbiano-de-la-antartica-en-congreso-internacional-en-sudafrica\/","og_locale":"en_US","og_type":"article","og_title":"Investigadora del C+ y docente de Ingenier\u00eda UDD presenta estudio microbiano de la Ant\u00e1rtica en Congreso Internacional en Sud\u00e1frica - C+","og_description":"Con el objetivo de dar a conocer un estudio microbiano realizado en la Ant\u00e1rtica, la investigadora del Grupo de Ambientes Extremos y Envirohealth del Centro de Investigaci\u00f3n en Tecnolog\u00edas para la Sociedad (C+) de Ingenier\u00eda UDD y docente de la misma Facultad, Mar\u00eda Estrella Alcam\u00e1n, particip\u00f3 de \u201c19th International Symposium on Microbial Ecology\u201d, en Ciudad [&hellip;]","og_url":"https:\/\/cmas.udd.cl\/en\/cplus_noticias\/investigadora-del-c-y-docente-de-ingenieria-udd-presenta-estudio-microbiano-de-la-antartica-en-congreso-internacional-en-sudafrica\/","og_site_name":"C+","og_image":[{"width":1200,"height":1600,"url":"https:\/\/cmas.udd.cl\/wp-content\/uploads\/2024\/08\/WhatsApp-Image-2024-08-22-at-07.21.43.jpeg","type":"image\/jpeg"}],"twitter_card":"summary_large_image","twitter_misc":{"Est. reading time":"3 minutes"},"schema":{"@context":"https:\/\/schema.org","@graph":[{"@type":"WebPage","@id":"https:\/\/cmas.udd.cl\/cplus_noticias\/investigadora-del-c-y-docente-de-ingenieria-udd-presenta-estudio-microbiano-de-la-antartica-en-congreso-internacional-en-sudafrica\/","url":"https:\/\/cmas.udd.cl\/cplus_noticias\/investigadora-del-c-y-docente-de-ingenieria-udd-presenta-estudio-microbiano-de-la-antartica-en-congreso-internacional-en-sudafrica\/","name":"Investigadora del C+ y docente de Ingenier\u00eda UDD presenta estudio microbiano de la Ant\u00e1rtica en Congreso Internacional en Sud\u00e1frica - C+","isPartOf":{"@id":"https:\/\/cmas.udd.cl\/#website"},"primaryImageOfPage":{"@id":"https:\/\/cmas.udd.cl\/cplus_noticias\/investigadora-del-c-y-docente-de-ingenieria-udd-presenta-estudio-microbiano-de-la-antartica-en-congreso-internacional-en-sudafrica\/#primaryimage"},"image":{"@id":"https:\/\/cmas.udd.cl\/cplus_noticias\/investigadora-del-c-y-docente-de-ingenieria-udd-presenta-estudio-microbiano-de-la-antartica-en-congreso-internacional-en-sudafrica\/#primaryimage"},"thumbnailUrl":"https:\/\/cmas.udd.cl\/wp-content\/uploads\/2024\/08\/WhatsApp-Image-2024-08-22-at-07.21.43.jpeg","datePublished":"2024-08-23T15:13:58+00:00","breadcrumb":{"@id":"https:\/\/cmas.udd.cl\/cplus_noticias\/investigadora-del-c-y-docente-de-ingenieria-udd-presenta-estudio-microbiano-de-la-antartica-en-congreso-internacional-en-sudafrica\/#breadcrumb"},"inLanguage":"en-US","potentialAction":[{"@type":"ReadAction","target":["https:\/\/cmas.udd.cl\/cplus_noticias\/investigadora-del-c-y-docente-de-ingenieria-udd-presenta-estudio-microbiano-de-la-antartica-en-congreso-internacional-en-sudafrica\/"]}]},{"@type":"ImageObject","inLanguage":"en-US","@id":"https:\/\/cmas.udd.cl\/cplus_noticias\/investigadora-del-c-y-docente-de-ingenieria-udd-presenta-estudio-microbiano-de-la-antartica-en-congreso-internacional-en-sudafrica\/#primaryimage","url":"https:\/\/cmas.udd.cl\/wp-content\/uploads\/2024\/08\/WhatsApp-Image-2024-08-22-at-07.21.43.jpeg","contentUrl":"https:\/\/cmas.udd.cl\/wp-content\/uploads\/2024\/08\/WhatsApp-Image-2024-08-22-at-07.21.43.jpeg","width":1200,"height":1600},{"@type":"BreadcrumbList","@id":"https:\/\/cmas.udd.cl\/cplus_noticias\/investigadora-del-c-y-docente-de-ingenieria-udd-presenta-estudio-microbiano-de-la-antartica-en-congreso-internacional-en-sudafrica\/#breadcrumb","itemListElement":[{"@type":"ListItem","position":1,"name":"Home","item":"https:\/\/cmas.udd.cl\/"},{"@type":"ListItem","position":2,"name":"cplus_noticias","item":"https:\/\/cmas.udd.cl\/cplus_noticias\/"},{"@type":"ListItem","position":3,"name":"Investigadora del C+ y docente de Ingenier\u00eda UDD presenta estudio microbiano de la Ant\u00e1rtica en Congreso Internacional en Sud\u00e1frica"}]},{"@type":"WebSite","@id":"https:\/\/cmas.udd.cl\/#website","url":"https:\/\/cmas.udd.cl\/","name":"C+","description":"Centro Investigaci\u00f3n enTecnolog\u00edas para la Sociedad","publisher":{"@id":"https:\/\/cmas.udd.cl\/#organization"},"potentialAction":[{"@type":"SearchAction","target":{"@type":"EntryPoint","urlTemplate":"https:\/\/cmas.udd.cl\/?s={search_term_string}"},"query-input":{"@type":"PropertyValueSpecification","valueRequired":true,"valueName":"search_term_string"}}],"inLanguage":"en-US"},{"@type":"Organization","@id":"https:\/\/cmas.udd.cl\/#organization","name":"C+","url":"https:\/\/cmas.udd.cl\/","logo":{"@type":"ImageObject","inLanguage":"en-US","@id":"https:\/\/cmas.udd.cl\/#\/schema\/logo\/image\/","url":"https:\/\/cmas.udd.cl\/wp-content\/uploads\/2023\/05\/Logo-compuesto-UDD-Cmas.png","contentUrl":"https:\/\/cmas.udd.cl\/wp-content\/uploads\/2023\/05\/Logo-compuesto-UDD-Cmas.png","width":695,"height":72,"caption":"C+"},"image":{"@id":"https:\/\/cmas.udd.cl\/#\/schema\/logo\/image\/"}}]}},"_links":{"self":[{"href":"https:\/\/cmas.udd.cl\/en\/wp-json\/wp\/v2\/cplus_noticias\/3551","targetHints":{"allow":["GET"]}}],"collection":[{"href":"https:\/\/cmas.udd.cl\/en\/wp-json\/wp\/v2\/cplus_noticias"}],"about":[{"href":"https:\/\/cmas.udd.cl\/en\/wp-json\/wp\/v2\/types\/cplus_noticias"}],"version-history":[{"count":0,"href":"https:\/\/cmas.udd.cl\/en\/wp-json\/wp\/v2\/cplus_noticias\/3551\/revisions"}],"wp:featuredmedia":[{"embeddable":true,"href":"https:\/\/cmas.udd.cl\/en\/wp-json\/wp\/v2\/media\/3554"}],"wp:attachment":[{"href":"https:\/\/cmas.udd.cl\/en\/wp-json\/wp\/v2\/media?parent=3551"}],"wp:term":[{"taxonomy":"taxo_noticias","embeddable":true,"href":"https:\/\/cmas.udd.cl\/en\/wp-json\/wp\/v2\/taxo_noticias?post=3551"},{"taxonomy":"grupo-de-investigacion","embeddable":true,"href":"https:\/\/cmas.udd.cl\/en\/wp-json\/wp\/v2\/grupo-de-investigacion?post=3551"}],"curies":[{"name":"wp","href":"https:\/\/api.w.org\/{rel}","templated":true}]}}