{"id":3511,"date":"2024-08-05T16:23:44","date_gmt":"2024-08-05T16:23:44","guid":{"rendered":"https:\/\/centrodeinvestigacioningenieria.udd.cl\/?post_type=cplus_noticias&#038;p=3511"},"modified":"2024-09-04T21:05:39","modified_gmt":"2024-09-04T21:05:39","slug":"investigadores-del-c-udd-presentaron-en-congreso-de-interdisciplina-en-uruguay-sobre-tecnologias-en-la-salud","status":"publish","type":"cplus_noticias","link":"https:\/\/cmas.udd.cl\/en\/cplus_noticias\/investigadores-del-c-udd-presentaron-en-congreso-de-interdisciplina-en-uruguay-sobre-tecnologias-en-la-salud\/","title":{"rendered":"Investigadores del C+ UDD presentaron en Congreso de Interdisciplina en Uruguay sobre tecnolog\u00edas en la salud\u00a0"},"content":{"rendered":"<p>Los acad\u00e9micos Jorge Contreras, de la carrera de Enfermer\u00eda, y Andr\u00e9s Cepeda, de Ingenier\u00eda, ambos investigadores del Centro de Tecnolog\u00edas para la Sociedad de la Facultad de Ingenier\u00eda, presentaron la ponencia titulada &#8220;Implementaci\u00f3n de Tecnolog\u00edas Disruptivas en Salud en la Formaci\u00f3n de Enfermer\u00eda: Un Enfoque Interdisciplinario en Sensores e Internet de las Cosas&#8221;, en el 4to Congreso de Investigaci\u00f3n y Educaci\u00f3n Superior Interdisciplinaria (IEI) 2024.\u00a0\u00a0<\/p>\n\n\n\n<p>El evento, celebrado en Montevideo, Uruguay, fue un espacio de intercambio y colaboraci\u00f3n entre diferentes pa\u00edses latinoamericanos para abordar problemas cuyas soluciones requieren una perspectiva interdisciplinaria. En esta ocasi\u00f3n, la actividad ofreci\u00f3 una instancia para el debate y la b\u00fasqueda de soluciones a desaf\u00edos variados, relacionados con conocimientos, metodolog\u00edas y evaluaci\u00f3n, permitiendo as\u00ed avanzar en la resoluci\u00f3n de problemas que requieren la conjunci\u00f3n de m\u00faltiples perspectivas.&nbsp;<br>&nbsp;<br>Durante la&nbsp;presentaci\u00f3n, ambos investigadores destacaron la importancia de integrar tecnolog\u00edas disruptivas y el potencial de las metodolog\u00edas interdisciplinarias para enriquecer la experiencia educativa. &nbsp;<\/p>\n\n\n\n<p>&nbsp;<br>&#8220;El congreso ha sido una oportunidad \u00fanica para demostrar algunas de las m\u00faltiples experiencias en interdisciplina de la carrera de Enfermer\u00eda UDD. Estamos convencidos de que integrar tecnolog\u00edas avanzadas no solo prepara mejor a nuestros estudiantes para los desaf\u00edos del siglo XXI, sino que tambi\u00e9n impulsa una cultura de innovaci\u00f3n necesaria en la salud actual,&#8221; se\u00f1al\u00f3 Jorge Contreras.&nbsp;<br>&nbsp;<br>Por su parte, Andr\u00e9s Cepeda a\u00f1adi\u00f3 que &#8220;la colaboraci\u00f3n entre distintas disciplinas permite crear soluciones m\u00e1s robustas y adaptativas. La implementaci\u00f3n de sensores e IoT en la formaci\u00f3n de enfermer\u00eda no solo mejora la experiencia educativa, sino que tambi\u00e9n abre nuevas posibilidades para el cuidado de la salud, beneficiando tanto a los profesionales como a los pacientes.&#8221;&nbsp;<\/p>\n\n\n\n<figure class=\"wp-block-gallery has-nested-images columns-default is-cropped wp-block-gallery-1 is-layout-flex wp-block-gallery-is-layout-flex\">\n<figure class=\"wp-block-image size-large\"><img fetchpriority=\"high\" decoding=\"async\" width=\"576\" height=\"1024\" data-id=\"3512\" src=\"https:\/\/cmas.udd.cl\/wp-content\/uploads\/2024\/08\/IMG_3091-576x1024.jpg\" alt=\"\" class=\"wp-image-3512\" srcset=\"https:\/\/cmas.udd.cl\/wp-content\/uploads\/2024\/08\/IMG_3091-576x1024.jpg 576w, https:\/\/cmas.udd.cl\/wp-content\/uploads\/2024\/08\/IMG_3091-169x300.jpg 169w, https:\/\/cmas.udd.cl\/wp-content\/uploads\/2024\/08\/IMG_3091-768x1365.jpg 768w, https:\/\/cmas.udd.cl\/wp-content\/uploads\/2024\/08\/IMG_3091-864x1536.jpg 864w, https:\/\/cmas.udd.cl\/wp-content\/uploads\/2024\/08\/IMG_3091-1152x2048.jpg 1152w, https:\/\/cmas.udd.cl\/wp-content\/uploads\/2024\/08\/IMG_3091-scaled.jpg 1440w\" sizes=\"(max-width: 576px) 100vw, 576px\" \/><\/figure>\n\n\n\n<figure class=\"wp-block-image size-large\"><img decoding=\"async\" width=\"576\" height=\"1024\" data-id=\"3513\" src=\"https:\/\/cmas.udd.cl\/wp-content\/uploads\/2024\/08\/IMG_3125-576x1024.jpg\" alt=\"\" class=\"wp-image-3513\" srcset=\"https:\/\/cmas.udd.cl\/wp-content\/uploads\/2024\/08\/IMG_3125-576x1024.jpg 576w, https:\/\/cmas.udd.cl\/wp-content\/uploads\/2024\/08\/IMG_3125-169x300.jpg 169w, https:\/\/cmas.udd.cl\/wp-content\/uploads\/2024\/08\/IMG_3125-768x1365.jpg 768w, https:\/\/cmas.udd.cl\/wp-content\/uploads\/2024\/08\/IMG_3125-864x1536.jpg 864w, https:\/\/cmas.udd.cl\/wp-content\/uploads\/2024\/08\/IMG_3125-1152x2048.jpg 1152w, https:\/\/cmas.udd.cl\/wp-content\/uploads\/2024\/08\/IMG_3125-scaled.jpg 1440w\" sizes=\"(max-width: 576px) 100vw, 576px\" \/><\/figure>\n\n\n\n<figure class=\"wp-block-image size-large\"><img decoding=\"async\" width=\"1024\" height=\"576\" data-id=\"3514\" src=\"https:\/\/cmas.udd.cl\/wp-content\/uploads\/2024\/08\/IMG_3144-1024x576.jpg\" alt=\"\" class=\"wp-image-3514\" srcset=\"https:\/\/cmas.udd.cl\/wp-content\/uploads\/2024\/08\/IMG_3144-1024x576.jpg 1024w, https:\/\/cmas.udd.cl\/wp-content\/uploads\/2024\/08\/IMG_3144-300x169.jpg 300w, https:\/\/cmas.udd.cl\/wp-content\/uploads\/2024\/08\/IMG_3144-768x432.jpg 768w, https:\/\/cmas.udd.cl\/wp-content\/uploads\/2024\/08\/IMG_3144-1536x864.jpg 1536w, https:\/\/cmas.udd.cl\/wp-content\/uploads\/2024\/08\/IMG_3144-2048x1152.jpg 2048w\" sizes=\"(max-width: 1024px) 100vw, 1024px\" \/><\/figure>\n<\/figure>","protected":false},"featured_media":3514,"template":"","taxo_noticias":[],"grupo-de-investigacion":[],"class_list":["post-3511","cplus_noticias","type-cplus_noticias","status-publish","has-post-thumbnail","hentry"],"acf":[],"yoast_head":"<!-- This site is optimized with the Yoast SEO plugin v27.3 - https:\/\/yoast.com\/product\/yoast-seo-wordpress\/ -->\n<title>Investigadores del C+ UDD presentaron en Congreso de Interdisciplina en Uruguay sobre tecnolog\u00edas en la salud\u00a0 - C+<\/title>\n<meta name=\"robots\" content=\"index, follow, max-snippet:-1, max-image-preview:large, max-video-preview:-1\" \/>\n<link rel=\"canonical\" href=\"https:\/\/cmas.udd.cl\/en\/cplus_noticias\/investigadores-del-c-udd-presentaron-en-congreso-de-interdisciplina-en-uruguay-sobre-tecnologias-en-la-salud\/\" \/>\n<meta property=\"og:locale\" content=\"en_US\" \/>\n<meta property=\"og:type\" content=\"article\" \/>\n<meta property=\"og:title\" content=\"Investigadores del C+ UDD presentaron en Congreso de Interdisciplina en Uruguay sobre tecnolog\u00edas en la salud\u00a0 - C+\" \/>\n<meta property=\"og:description\" content=\"Los acad\u00e9micos Jorge Contreras, de la carrera de Enfermer\u00eda, y Andr\u00e9s Cepeda, de Ingenier\u00eda, ambos investigadores del Centro de Tecnolog\u00edas para la Sociedad de la Facultad de Ingenier\u00eda, presentaron la ponencia titulada &#8220;Implementaci\u00f3n de Tecnolog\u00edas Disruptivas en Salud en la Formaci\u00f3n de Enfermer\u00eda: Un Enfoque Interdisciplinario en Sensores e Internet de las Cosas&#8221;, en el [&hellip;]\" \/>\n<meta property=\"og:url\" content=\"https:\/\/cmas.udd.cl\/en\/cplus_noticias\/investigadores-del-c-udd-presentaron-en-congreso-de-interdisciplina-en-uruguay-sobre-tecnologias-en-la-salud\/\" \/>\n<meta property=\"og:site_name\" content=\"C+\" \/>\n<meta property=\"article:modified_time\" content=\"2024-09-04T21:05:39+00:00\" \/>\n<meta property=\"og:image\" content=\"https:\/\/cmas.udd.cl\/wp-content\/uploads\/2024\/08\/IMG_3144-scaled.jpg\" \/>\n\t<meta property=\"og:image:width\" content=\"2560\" \/>\n\t<meta property=\"og:image:height\" content=\"1440\" \/>\n\t<meta property=\"og:image:type\" content=\"image\/jpeg\" \/>\n<meta name=\"twitter:card\" content=\"summary_large_image\" \/>\n<meta name=\"twitter:label1\" content=\"Est. reading time\" \/>\n\t<meta name=\"twitter:data1\" content=\"3 minutes\" \/>\n<script type=\"application\/ld+json\" class=\"yoast-schema-graph\">{\"@context\":\"https:\\\/\\\/schema.org\",\"@graph\":[{\"@type\":\"WebPage\",\"@id\":\"https:\\\/\\\/cmas.udd.cl\\\/cplus_noticias\\\/investigadores-del-c-udd-presentaron-en-congreso-de-interdisciplina-en-uruguay-sobre-tecnologias-en-la-salud\\\/\",\"url\":\"https:\\\/\\\/cmas.udd.cl\\\/cplus_noticias\\\/investigadores-del-c-udd-presentaron-en-congreso-de-interdisciplina-en-uruguay-sobre-tecnologias-en-la-salud\\\/\",\"name\":\"Investigadores del C+ UDD presentaron en Congreso de Interdisciplina en Uruguay sobre tecnolog\u00edas en la salud\u00a0 - C+\",\"isPartOf\":{\"@id\":\"https:\\\/\\\/cmas.udd.cl\\\/#website\"},\"primaryImageOfPage\":{\"@id\":\"https:\\\/\\\/cmas.udd.cl\\\/cplus_noticias\\\/investigadores-del-c-udd-presentaron-en-congreso-de-interdisciplina-en-uruguay-sobre-tecnologias-en-la-salud\\\/#primaryimage\"},\"image\":{\"@id\":\"https:\\\/\\\/cmas.udd.cl\\\/cplus_noticias\\\/investigadores-del-c-udd-presentaron-en-congreso-de-interdisciplina-en-uruguay-sobre-tecnologias-en-la-salud\\\/#primaryimage\"},\"thumbnailUrl\":\"https:\\\/\\\/cmas.udd.cl\\\/wp-content\\\/uploads\\\/2024\\\/08\\\/IMG_3144-scaled.jpg\",\"datePublished\":\"2024-08-05T16:23:44+00:00\",\"dateModified\":\"2024-09-04T21:05:39+00:00\",\"breadcrumb\":{\"@id\":\"https:\\\/\\\/cmas.udd.cl\\\/cplus_noticias\\\/investigadores-del-c-udd-presentaron-en-congreso-de-interdisciplina-en-uruguay-sobre-tecnologias-en-la-salud\\\/#breadcrumb\"},\"inLanguage\":\"en-US\",\"potentialAction\":[{\"@type\":\"ReadAction\",\"target\":[\"https:\\\/\\\/cmas.udd.cl\\\/cplus_noticias\\\/investigadores-del-c-udd-presentaron-en-congreso-de-interdisciplina-en-uruguay-sobre-tecnologias-en-la-salud\\\/\"]}]},{\"@type\":\"ImageObject\",\"inLanguage\":\"en-US\",\"@id\":\"https:\\\/\\\/cmas.udd.cl\\\/cplus_noticias\\\/investigadores-del-c-udd-presentaron-en-congreso-de-interdisciplina-en-uruguay-sobre-tecnologias-en-la-salud\\\/#primaryimage\",\"url\":\"https:\\\/\\\/cmas.udd.cl\\\/wp-content\\\/uploads\\\/2024\\\/08\\\/IMG_3144-scaled.jpg\",\"contentUrl\":\"https:\\\/\\\/cmas.udd.cl\\\/wp-content\\\/uploads\\\/2024\\\/08\\\/IMG_3144-scaled.jpg\",\"width\":2560,\"height\":1440},{\"@type\":\"BreadcrumbList\",\"@id\":\"https:\\\/\\\/cmas.udd.cl\\\/cplus_noticias\\\/investigadores-del-c-udd-presentaron-en-congreso-de-interdisciplina-en-uruguay-sobre-tecnologias-en-la-salud\\\/#breadcrumb\",\"itemListElement\":[{\"@type\":\"ListItem\",\"position\":1,\"name\":\"Home\",\"item\":\"https:\\\/\\\/cmas.udd.cl\\\/\"},{\"@type\":\"ListItem\",\"position\":2,\"name\":\"cplus_noticias\",\"item\":\"https:\\\/\\\/cmas.udd.cl\\\/cplus_noticias\\\/\"},{\"@type\":\"ListItem\",\"position\":3,\"name\":\"Investigadores del C+ UDD presentaron en Congreso de Interdisciplina en Uruguay sobre tecnolog\u00edas en la salud\u00a0\"}]},{\"@type\":\"WebSite\",\"@id\":\"https:\\\/\\\/cmas.udd.cl\\\/#website\",\"url\":\"https:\\\/\\\/cmas.udd.cl\\\/\",\"name\":\"C+\",\"description\":\"Centro Investigaci\u00f3n enTecnolog\u00edas para la Sociedad\",\"publisher\":{\"@id\":\"https:\\\/\\\/cmas.udd.cl\\\/#organization\"},\"potentialAction\":[{\"@type\":\"SearchAction\",\"target\":{\"@type\":\"EntryPoint\",\"urlTemplate\":\"https:\\\/\\\/cmas.udd.cl\\\/?s={search_term_string}\"},\"query-input\":{\"@type\":\"PropertyValueSpecification\",\"valueRequired\":true,\"valueName\":\"search_term_string\"}}],\"inLanguage\":\"en-US\"},{\"@type\":\"Organization\",\"@id\":\"https:\\\/\\\/cmas.udd.cl\\\/#organization\",\"name\":\"C+\",\"url\":\"https:\\\/\\\/cmas.udd.cl\\\/\",\"logo\":{\"@type\":\"ImageObject\",\"inLanguage\":\"en-US\",\"@id\":\"https:\\\/\\\/cmas.udd.cl\\\/#\\\/schema\\\/logo\\\/image\\\/\",\"url\":\"https:\\\/\\\/cmas.udd.cl\\\/wp-content\\\/uploads\\\/2023\\\/05\\\/Logo-compuesto-UDD-Cmas.png\",\"contentUrl\":\"https:\\\/\\\/cmas.udd.cl\\\/wp-content\\\/uploads\\\/2023\\\/05\\\/Logo-compuesto-UDD-Cmas.png\",\"width\":695,\"height\":72,\"caption\":\"C+\"},\"image\":{\"@id\":\"https:\\\/\\\/cmas.udd.cl\\\/#\\\/schema\\\/logo\\\/image\\\/\"}}]}<\/script>\n<!-- \/ Yoast SEO plugin. -->","yoast_head_json":{"title":"Investigadores del C+ UDD presentaron en Congreso de Interdisciplina en Uruguay sobre tecnolog\u00edas en la salud\u00a0 - C+","robots":{"index":"index","follow":"follow","max-snippet":"max-snippet:-1","max-image-preview":"max-image-preview:large","max-video-preview":"max-video-preview:-1"},"canonical":"https:\/\/cmas.udd.cl\/en\/cplus_noticias\/investigadores-del-c-udd-presentaron-en-congreso-de-interdisciplina-en-uruguay-sobre-tecnologias-en-la-salud\/","og_locale":"en_US","og_type":"article","og_title":"Investigadores del C+ UDD presentaron en Congreso de Interdisciplina en Uruguay sobre tecnolog\u00edas en la salud\u00a0 - C+","og_description":"Los acad\u00e9micos Jorge Contreras, de la carrera de Enfermer\u00eda, y Andr\u00e9s Cepeda, de Ingenier\u00eda, ambos investigadores del Centro de Tecnolog\u00edas para la Sociedad de la Facultad de Ingenier\u00eda, presentaron la ponencia titulada &#8220;Implementaci\u00f3n de Tecnolog\u00edas Disruptivas en Salud en la Formaci\u00f3n de Enfermer\u00eda: Un Enfoque Interdisciplinario en Sensores e Internet de las Cosas&#8221;, en el [&hellip;]","og_url":"https:\/\/cmas.udd.cl\/en\/cplus_noticias\/investigadores-del-c-udd-presentaron-en-congreso-de-interdisciplina-en-uruguay-sobre-tecnologias-en-la-salud\/","og_site_name":"C+","article_modified_time":"2024-09-04T21:05:39+00:00","og_image":[{"width":2560,"height":1440,"url":"https:\/\/cmas.udd.cl\/wp-content\/uploads\/2024\/08\/IMG_3144-scaled.jpg","type":"image\/jpeg"}],"twitter_card":"summary_large_image","twitter_misc":{"Est. reading time":"3 minutes"},"schema":{"@context":"https:\/\/schema.org","@graph":[{"@type":"WebPage","@id":"https:\/\/cmas.udd.cl\/cplus_noticias\/investigadores-del-c-udd-presentaron-en-congreso-de-interdisciplina-en-uruguay-sobre-tecnologias-en-la-salud\/","url":"https:\/\/cmas.udd.cl\/cplus_noticias\/investigadores-del-c-udd-presentaron-en-congreso-de-interdisciplina-en-uruguay-sobre-tecnologias-en-la-salud\/","name":"Investigadores del C+ UDD presentaron en Congreso de Interdisciplina en Uruguay sobre tecnolog\u00edas en la salud\u00a0 - C+","isPartOf":{"@id":"https:\/\/cmas.udd.cl\/#website"},"primaryImageOfPage":{"@id":"https:\/\/cmas.udd.cl\/cplus_noticias\/investigadores-del-c-udd-presentaron-en-congreso-de-interdisciplina-en-uruguay-sobre-tecnologias-en-la-salud\/#primaryimage"},"image":{"@id":"https:\/\/cmas.udd.cl\/cplus_noticias\/investigadores-del-c-udd-presentaron-en-congreso-de-interdisciplina-en-uruguay-sobre-tecnologias-en-la-salud\/#primaryimage"},"thumbnailUrl":"https:\/\/cmas.udd.cl\/wp-content\/uploads\/2024\/08\/IMG_3144-scaled.jpg","datePublished":"2024-08-05T16:23:44+00:00","dateModified":"2024-09-04T21:05:39+00:00","breadcrumb":{"@id":"https:\/\/cmas.udd.cl\/cplus_noticias\/investigadores-del-c-udd-presentaron-en-congreso-de-interdisciplina-en-uruguay-sobre-tecnologias-en-la-salud\/#breadcrumb"},"inLanguage":"en-US","potentialAction":[{"@type":"ReadAction","target":["https:\/\/cmas.udd.cl\/cplus_noticias\/investigadores-del-c-udd-presentaron-en-congreso-de-interdisciplina-en-uruguay-sobre-tecnologias-en-la-salud\/"]}]},{"@type":"ImageObject","inLanguage":"en-US","@id":"https:\/\/cmas.udd.cl\/cplus_noticias\/investigadores-del-c-udd-presentaron-en-congreso-de-interdisciplina-en-uruguay-sobre-tecnologias-en-la-salud\/#primaryimage","url":"https:\/\/cmas.udd.cl\/wp-content\/uploads\/2024\/08\/IMG_3144-scaled.jpg","contentUrl":"https:\/\/cmas.udd.cl\/wp-content\/uploads\/2024\/08\/IMG_3144-scaled.jpg","width":2560,"height":1440},{"@type":"BreadcrumbList","@id":"https:\/\/cmas.udd.cl\/cplus_noticias\/investigadores-del-c-udd-presentaron-en-congreso-de-interdisciplina-en-uruguay-sobre-tecnologias-en-la-salud\/#breadcrumb","itemListElement":[{"@type":"ListItem","position":1,"name":"Home","item":"https:\/\/cmas.udd.cl\/"},{"@type":"ListItem","position":2,"name":"cplus_noticias","item":"https:\/\/cmas.udd.cl\/cplus_noticias\/"},{"@type":"ListItem","position":3,"name":"Investigadores del C+ UDD presentaron en Congreso de Interdisciplina en Uruguay sobre tecnolog\u00edas en la salud\u00a0"}]},{"@type":"WebSite","@id":"https:\/\/cmas.udd.cl\/#website","url":"https:\/\/cmas.udd.cl\/","name":"C+","description":"Centro Investigaci\u00f3n enTecnolog\u00edas para la Sociedad","publisher":{"@id":"https:\/\/cmas.udd.cl\/#organization"},"potentialAction":[{"@type":"SearchAction","target":{"@type":"EntryPoint","urlTemplate":"https:\/\/cmas.udd.cl\/?s={search_term_string}"},"query-input":{"@type":"PropertyValueSpecification","valueRequired":true,"valueName":"search_term_string"}}],"inLanguage":"en-US"},{"@type":"Organization","@id":"https:\/\/cmas.udd.cl\/#organization","name":"C+","url":"https:\/\/cmas.udd.cl\/","logo":{"@type":"ImageObject","inLanguage":"en-US","@id":"https:\/\/cmas.udd.cl\/#\/schema\/logo\/image\/","url":"https:\/\/cmas.udd.cl\/wp-content\/uploads\/2023\/05\/Logo-compuesto-UDD-Cmas.png","contentUrl":"https:\/\/cmas.udd.cl\/wp-content\/uploads\/2023\/05\/Logo-compuesto-UDD-Cmas.png","width":695,"height":72,"caption":"C+"},"image":{"@id":"https:\/\/cmas.udd.cl\/#\/schema\/logo\/image\/"}}]}},"_links":{"self":[{"href":"https:\/\/cmas.udd.cl\/en\/wp-json\/wp\/v2\/cplus_noticias\/3511","targetHints":{"allow":["GET"]}}],"collection":[{"href":"https:\/\/cmas.udd.cl\/en\/wp-json\/wp\/v2\/cplus_noticias"}],"about":[{"href":"https:\/\/cmas.udd.cl\/en\/wp-json\/wp\/v2\/types\/cplus_noticias"}],"version-history":[{"count":0,"href":"https:\/\/cmas.udd.cl\/en\/wp-json\/wp\/v2\/cplus_noticias\/3511\/revisions"}],"wp:featuredmedia":[{"embeddable":true,"href":"https:\/\/cmas.udd.cl\/en\/wp-json\/wp\/v2\/media\/3514"}],"wp:attachment":[{"href":"https:\/\/cmas.udd.cl\/en\/wp-json\/wp\/v2\/media?parent=3511"}],"wp:term":[{"taxonomy":"taxo_noticias","embeddable":true,"href":"https:\/\/cmas.udd.cl\/en\/wp-json\/wp\/v2\/taxo_noticias?post=3511"},{"taxonomy":"grupo-de-investigacion","embeddable":true,"href":"https:\/\/cmas.udd.cl\/en\/wp-json\/wp\/v2\/grupo-de-investigacion?post=3511"}],"curies":[{"name":"wp","href":"https:\/\/api.w.org\/{rel}","templated":true}]}}