{"id":3492,"date":"2024-07-23T19:35:25","date_gmt":"2024-07-23T19:35:25","guid":{"rendered":"https:\/\/centrodeinvestigacioningenieria.udd.cl\/?post_type=cplus_noticias&#038;p=3492"},"modified":"2024-07-23T19:35:25","modified_gmt":"2024-07-23T19:35:25","slug":"directora-de-ingenieria-civil-en-obras-civiles-e-investigadora-del-c-presento-en-conferencia-del-area-de-la-construccion-realizada-en-republica-checa","status":"publish","type":"cplus_noticias","link":"https:\/\/cmas.udd.cl\/en\/cplus_noticias\/directora-de-ingenieria-civil-en-obras-civiles-e-investigadora-del-c-presento-en-conferencia-del-area-de-la-construccion-realizada-en-republica-checa\/","title":{"rendered":"Directora de Ingenier\u00eda Civil en Obras Civiles e Investigadora del C+ present\u00f3 en conferencia del \u00e1rea de la construcci\u00f3n realizada en Rep\u00fablica Checa \u00a0"},"content":{"rendered":"<figure class=\"wp-block-image size-large\"><img fetchpriority=\"high\" decoding=\"async\" width=\"1024\" height=\"648\" src=\"https:\/\/cmas.udd.cl\/wp-content\/uploads\/2024\/07\/IMG_20240630_170502-1024x648.jpg\" alt=\"\" class=\"wp-image-3493\" srcset=\"https:\/\/cmas.udd.cl\/wp-content\/uploads\/2024\/07\/IMG_20240630_170502-1024x648.jpg 1024w, https:\/\/cmas.udd.cl\/wp-content\/uploads\/2024\/07\/IMG_20240630_170502-300x190.jpg 300w, https:\/\/cmas.udd.cl\/wp-content\/uploads\/2024\/07\/IMG_20240630_170502-768x486.jpg 768w, https:\/\/cmas.udd.cl\/wp-content\/uploads\/2024\/07\/IMG_20240630_170502-1536x973.jpg 1536w, https:\/\/cmas.udd.cl\/wp-content\/uploads\/2024\/07\/IMG_20240630_170502-2048x1297.jpg 2048w\" sizes=\"(max-width: 1024px) 100vw, 1024px\" \/><figcaption class=\"wp-element-caption\">_cuva<\/figcaption><\/figure>\n\n\n\n<p>Con el objetivo de dar a conocer diferentes proyectos y conversar sobre temas relacionados al sector de la construcci\u00f3n, la investigadora del Centro de Investigaci\u00f3n en Tecnolog\u00edas para la Sociedad y directora de la carrera de Ingenier\u00eda Civil en Obras Civiles, Ximena Ferrada, present\u00f3 en la conferencia \u201c2024 Creative Construction Conference\u201d, en Praga.&nbsp;<\/p>\n\n\n\n<p>Ximena estuvo a cargo exponer en dos presentaciones a lo largo del evento, las que estaban enfocadas en el empoderamiento de la mujer en la construcci\u00f3n y las implicancias de las enfermedades cr\u00f3nicas no transmisibles de los trabajadores en la productividad.&nbsp;&nbsp;<\/p>\n\n\n\n<p>Ambas investigaciones se realizaron en conjunto con los investigadores del Centro C+ de Ingenier\u00eda UDD&nbsp;Felipe Herrera y Claudia Valderrama.&nbsp;<\/p>\n\n\n\n<p>La actividad sirvi\u00f3 para conocer diversos estudios y proyectos respecto al tema y contar la experiencia de los trabajos realizados en nuestro pa\u00eds. &nbsp;<\/p>\n\n\n\n<p>\u201cEstoy muy feliz de haber tenido la oportunidad de participar en la Creative Construction Conference de este a\u00f1o. Fue una muy grata experiencia donde pude compartir con investigadores de todo el mundo, mostrar lo que estamos haciendo en temas de investigaci\u00f3n en C+ y conocer nuevas tendencias en el uso de tecnolog\u00edas en el sector de la construcci\u00f3n\u201d, se\u00f1al\u00f3 Ximena en relaci\u00f3n a su participaci\u00f3n en la actividad. &nbsp;<\/p>\n\n\n\n<p>La profesora e investigadora de la Facultad de Ingenier\u00eda agreg\u00f3, adem\u00e1s, que \u201clos resultados de estas presentaciones me motivaron a\u00fan m\u00e1s a seguir trabajando en estas tem\u00e1ticas, dado que son temas relevantes no solo para Chile, sino que a nivel global\u201d. \u00a0<\/p>\n\n\n\n<figure class=\"wp-block-image size-large\"><img decoding=\"async\" width=\"1024\" height=\"635\" src=\"https:\/\/cmas.udd.cl\/wp-content\/uploads\/2024\/07\/IMG_20240630_170500-1-1024x635.jpg\" alt=\"\" class=\"wp-image-3494\" srcset=\"https:\/\/cmas.udd.cl\/wp-content\/uploads\/2024\/07\/IMG_20240630_170500-1-1024x635.jpg 1024w, https:\/\/cmas.udd.cl\/wp-content\/uploads\/2024\/07\/IMG_20240630_170500-1-300x186.jpg 300w, https:\/\/cmas.udd.cl\/wp-content\/uploads\/2024\/07\/IMG_20240630_170500-1-768x476.jpg 768w, https:\/\/cmas.udd.cl\/wp-content\/uploads\/2024\/07\/IMG_20240630_170500-1-1536x953.jpg 1536w, https:\/\/cmas.udd.cl\/wp-content\/uploads\/2024\/07\/IMG_20240630_170500-1-2048x1270.jpg 2048w\" sizes=\"(max-width: 1024px) 100vw, 1024px\" \/><figcaption class=\"wp-element-caption\">_cuva<\/figcaption><\/figure>","protected":false},"featured_media":3493,"template":"","taxo_noticias":[30],"grupo-de-investigacion":[],"class_list":["post-3492","cplus_noticias","type-cplus_noticias","status-publish","has-post-thumbnail","hentry","taxo_noticias-extremeaccess"],"acf":[],"yoast_head":"<!-- This site is optimized with the Yoast SEO plugin v27.3 - https:\/\/yoast.com\/product\/yoast-seo-wordpress\/ -->\n<title>Directora de Ingenier\u00eda Civil en Obras Civiles e Investigadora del C+ present\u00f3 en conferencia del \u00e1rea de la construcci\u00f3n realizada en Rep\u00fablica Checa \u00a0 - C+<\/title>\n<meta name=\"robots\" content=\"index, follow, max-snippet:-1, max-image-preview:large, max-video-preview:-1\" \/>\n<link rel=\"canonical\" href=\"https:\/\/cmas.udd.cl\/en\/cplus_noticias\/directora-de-ingenieria-civil-en-obras-civiles-e-investigadora-del-c-presento-en-conferencia-del-area-de-la-construccion-realizada-en-republica-checa\/\" \/>\n<meta property=\"og:locale\" content=\"en_US\" \/>\n<meta property=\"og:type\" content=\"article\" \/>\n<meta property=\"og:title\" content=\"Directora de Ingenier\u00eda Civil en Obras Civiles e Investigadora del C+ present\u00f3 en conferencia del \u00e1rea de la construcci\u00f3n realizada en Rep\u00fablica Checa \u00a0 - C+\" \/>\n<meta property=\"og:description\" content=\"Con el objetivo de dar a conocer diferentes proyectos y conversar sobre temas relacionados al sector de la construcci\u00f3n, la investigadora del Centro de Investigaci\u00f3n en Tecnolog\u00edas para la Sociedad y directora de la carrera de Ingenier\u00eda Civil en Obras Civiles, Ximena Ferrada, present\u00f3 en la conferencia \u201c2024 Creative Construction Conference\u201d, en Praga.&nbsp; Ximena estuvo [&hellip;]\" \/>\n<meta property=\"og:url\" content=\"https:\/\/cmas.udd.cl\/en\/cplus_noticias\/directora-de-ingenieria-civil-en-obras-civiles-e-investigadora-del-c-presento-en-conferencia-del-area-de-la-construccion-realizada-en-republica-checa\/\" \/>\n<meta property=\"og:site_name\" content=\"C+\" \/>\n<meta property=\"og:image\" content=\"https:\/\/cmas.udd.cl\/wp-content\/uploads\/2024\/07\/IMG_20240630_170502-scaled.jpg\" \/>\n\t<meta property=\"og:image:width\" content=\"2560\" \/>\n\t<meta property=\"og:image:height\" content=\"1621\" \/>\n\t<meta property=\"og:image:type\" content=\"image\/jpeg\" \/>\n<meta name=\"twitter:card\" content=\"summary_large_image\" \/>\n<meta name=\"twitter:label1\" content=\"Est. reading time\" \/>\n\t<meta name=\"twitter:data1\" content=\"2 minutes\" \/>\n<script type=\"application\/ld+json\" class=\"yoast-schema-graph\">{\"@context\":\"https:\\\/\\\/schema.org\",\"@graph\":[{\"@type\":\"WebPage\",\"@id\":\"https:\\\/\\\/cmas.udd.cl\\\/cplus_noticias\\\/directora-de-ingenieria-civil-en-obras-civiles-e-investigadora-del-c-presento-en-conferencia-del-area-de-la-construccion-realizada-en-republica-checa\\\/\",\"url\":\"https:\\\/\\\/cmas.udd.cl\\\/cplus_noticias\\\/directora-de-ingenieria-civil-en-obras-civiles-e-investigadora-del-c-presento-en-conferencia-del-area-de-la-construccion-realizada-en-republica-checa\\\/\",\"name\":\"Directora de Ingenier\u00eda Civil en Obras Civiles e Investigadora del C+ present\u00f3 en conferencia del \u00e1rea de la construcci\u00f3n realizada en Rep\u00fablica Checa \u00a0 - C+\",\"isPartOf\":{\"@id\":\"https:\\\/\\\/cmas.udd.cl\\\/#website\"},\"primaryImageOfPage\":{\"@id\":\"https:\\\/\\\/cmas.udd.cl\\\/cplus_noticias\\\/directora-de-ingenieria-civil-en-obras-civiles-e-investigadora-del-c-presento-en-conferencia-del-area-de-la-construccion-realizada-en-republica-checa\\\/#primaryimage\"},\"image\":{\"@id\":\"https:\\\/\\\/cmas.udd.cl\\\/cplus_noticias\\\/directora-de-ingenieria-civil-en-obras-civiles-e-investigadora-del-c-presento-en-conferencia-del-area-de-la-construccion-realizada-en-republica-checa\\\/#primaryimage\"},\"thumbnailUrl\":\"https:\\\/\\\/cmas.udd.cl\\\/wp-content\\\/uploads\\\/2024\\\/07\\\/IMG_20240630_170502-scaled.jpg\",\"datePublished\":\"2024-07-23T19:35:25+00:00\",\"breadcrumb\":{\"@id\":\"https:\\\/\\\/cmas.udd.cl\\\/cplus_noticias\\\/directora-de-ingenieria-civil-en-obras-civiles-e-investigadora-del-c-presento-en-conferencia-del-area-de-la-construccion-realizada-en-republica-checa\\\/#breadcrumb\"},\"inLanguage\":\"en-US\",\"potentialAction\":[{\"@type\":\"ReadAction\",\"target\":[\"https:\\\/\\\/cmas.udd.cl\\\/cplus_noticias\\\/directora-de-ingenieria-civil-en-obras-civiles-e-investigadora-del-c-presento-en-conferencia-del-area-de-la-construccion-realizada-en-republica-checa\\\/\"]}]},{\"@type\":\"ImageObject\",\"inLanguage\":\"en-US\",\"@id\":\"https:\\\/\\\/cmas.udd.cl\\\/cplus_noticias\\\/directora-de-ingenieria-civil-en-obras-civiles-e-investigadora-del-c-presento-en-conferencia-del-area-de-la-construccion-realizada-en-republica-checa\\\/#primaryimage\",\"url\":\"https:\\\/\\\/cmas.udd.cl\\\/wp-content\\\/uploads\\\/2024\\\/07\\\/IMG_20240630_170502-scaled.jpg\",\"contentUrl\":\"https:\\\/\\\/cmas.udd.cl\\\/wp-content\\\/uploads\\\/2024\\\/07\\\/IMG_20240630_170502-scaled.jpg\",\"width\":2560,\"height\":1621,\"caption\":\"_cuva\"},{\"@type\":\"BreadcrumbList\",\"@id\":\"https:\\\/\\\/cmas.udd.cl\\\/cplus_noticias\\\/directora-de-ingenieria-civil-en-obras-civiles-e-investigadora-del-c-presento-en-conferencia-del-area-de-la-construccion-realizada-en-republica-checa\\\/#breadcrumb\",\"itemListElement\":[{\"@type\":\"ListItem\",\"position\":1,\"name\":\"Home\",\"item\":\"https:\\\/\\\/cmas.udd.cl\\\/\"},{\"@type\":\"ListItem\",\"position\":2,\"name\":\"cplus_noticias\",\"item\":\"https:\\\/\\\/cmas.udd.cl\\\/cplus_noticias\\\/\"},{\"@type\":\"ListItem\",\"position\":3,\"name\":\"Directora de Ingenier\u00eda Civil en Obras Civiles e Investigadora del C+ present\u00f3 en conferencia del \u00e1rea de la construcci\u00f3n realizada en Rep\u00fablica Checa \u00a0\"}]},{\"@type\":\"WebSite\",\"@id\":\"https:\\\/\\\/cmas.udd.cl\\\/#website\",\"url\":\"https:\\\/\\\/cmas.udd.cl\\\/\",\"name\":\"C+\",\"description\":\"Centro Investigaci\u00f3n enTecnolog\u00edas para la Sociedad\",\"publisher\":{\"@id\":\"https:\\\/\\\/cmas.udd.cl\\\/#organization\"},\"potentialAction\":[{\"@type\":\"SearchAction\",\"target\":{\"@type\":\"EntryPoint\",\"urlTemplate\":\"https:\\\/\\\/cmas.udd.cl\\\/?s={search_term_string}\"},\"query-input\":{\"@type\":\"PropertyValueSpecification\",\"valueRequired\":true,\"valueName\":\"search_term_string\"}}],\"inLanguage\":\"en-US\"},{\"@type\":\"Organization\",\"@id\":\"https:\\\/\\\/cmas.udd.cl\\\/#organization\",\"name\":\"C+\",\"url\":\"https:\\\/\\\/cmas.udd.cl\\\/\",\"logo\":{\"@type\":\"ImageObject\",\"inLanguage\":\"en-US\",\"@id\":\"https:\\\/\\\/cmas.udd.cl\\\/#\\\/schema\\\/logo\\\/image\\\/\",\"url\":\"https:\\\/\\\/cmas.udd.cl\\\/wp-content\\\/uploads\\\/2023\\\/05\\\/Logo-compuesto-UDD-Cmas.png\",\"contentUrl\":\"https:\\\/\\\/cmas.udd.cl\\\/wp-content\\\/uploads\\\/2023\\\/05\\\/Logo-compuesto-UDD-Cmas.png\",\"width\":695,\"height\":72,\"caption\":\"C+\"},\"image\":{\"@id\":\"https:\\\/\\\/cmas.udd.cl\\\/#\\\/schema\\\/logo\\\/image\\\/\"}}]}<\/script>\n<!-- \/ Yoast SEO plugin. -->","yoast_head_json":{"title":"Directora de Ingenier\u00eda Civil en Obras Civiles e Investigadora del C+ present\u00f3 en conferencia del \u00e1rea de la construcci\u00f3n realizada en Rep\u00fablica Checa \u00a0 - C+","robots":{"index":"index","follow":"follow","max-snippet":"max-snippet:-1","max-image-preview":"max-image-preview:large","max-video-preview":"max-video-preview:-1"},"canonical":"https:\/\/cmas.udd.cl\/en\/cplus_noticias\/directora-de-ingenieria-civil-en-obras-civiles-e-investigadora-del-c-presento-en-conferencia-del-area-de-la-construccion-realizada-en-republica-checa\/","og_locale":"en_US","og_type":"article","og_title":"Directora de Ingenier\u00eda Civil en Obras Civiles e Investigadora del C+ present\u00f3 en conferencia del \u00e1rea de la construcci\u00f3n realizada en Rep\u00fablica Checa \u00a0 - C+","og_description":"Con el objetivo de dar a conocer diferentes proyectos y conversar sobre temas relacionados al sector de la construcci\u00f3n, la investigadora del Centro de Investigaci\u00f3n en Tecnolog\u00edas para la Sociedad y directora de la carrera de Ingenier\u00eda Civil en Obras Civiles, Ximena Ferrada, present\u00f3 en la conferencia \u201c2024 Creative Construction Conference\u201d, en Praga.&nbsp; Ximena estuvo [&hellip;]","og_url":"https:\/\/cmas.udd.cl\/en\/cplus_noticias\/directora-de-ingenieria-civil-en-obras-civiles-e-investigadora-del-c-presento-en-conferencia-del-area-de-la-construccion-realizada-en-republica-checa\/","og_site_name":"C+","og_image":[{"width":2560,"height":1621,"url":"https:\/\/cmas.udd.cl\/wp-content\/uploads\/2024\/07\/IMG_20240630_170502-scaled.jpg","type":"image\/jpeg"}],"twitter_card":"summary_large_image","twitter_misc":{"Est. reading time":"2 minutes"},"schema":{"@context":"https:\/\/schema.org","@graph":[{"@type":"WebPage","@id":"https:\/\/cmas.udd.cl\/cplus_noticias\/directora-de-ingenieria-civil-en-obras-civiles-e-investigadora-del-c-presento-en-conferencia-del-area-de-la-construccion-realizada-en-republica-checa\/","url":"https:\/\/cmas.udd.cl\/cplus_noticias\/directora-de-ingenieria-civil-en-obras-civiles-e-investigadora-del-c-presento-en-conferencia-del-area-de-la-construccion-realizada-en-republica-checa\/","name":"Directora de Ingenier\u00eda Civil en Obras Civiles e Investigadora del C+ present\u00f3 en conferencia del \u00e1rea de la construcci\u00f3n realizada en Rep\u00fablica Checa \u00a0 - C+","isPartOf":{"@id":"https:\/\/cmas.udd.cl\/#website"},"primaryImageOfPage":{"@id":"https:\/\/cmas.udd.cl\/cplus_noticias\/directora-de-ingenieria-civil-en-obras-civiles-e-investigadora-del-c-presento-en-conferencia-del-area-de-la-construccion-realizada-en-republica-checa\/#primaryimage"},"image":{"@id":"https:\/\/cmas.udd.cl\/cplus_noticias\/directora-de-ingenieria-civil-en-obras-civiles-e-investigadora-del-c-presento-en-conferencia-del-area-de-la-construccion-realizada-en-republica-checa\/#primaryimage"},"thumbnailUrl":"https:\/\/cmas.udd.cl\/wp-content\/uploads\/2024\/07\/IMG_20240630_170502-scaled.jpg","datePublished":"2024-07-23T19:35:25+00:00","breadcrumb":{"@id":"https:\/\/cmas.udd.cl\/cplus_noticias\/directora-de-ingenieria-civil-en-obras-civiles-e-investigadora-del-c-presento-en-conferencia-del-area-de-la-construccion-realizada-en-republica-checa\/#breadcrumb"},"inLanguage":"en-US","potentialAction":[{"@type":"ReadAction","target":["https:\/\/cmas.udd.cl\/cplus_noticias\/directora-de-ingenieria-civil-en-obras-civiles-e-investigadora-del-c-presento-en-conferencia-del-area-de-la-construccion-realizada-en-republica-checa\/"]}]},{"@type":"ImageObject","inLanguage":"en-US","@id":"https:\/\/cmas.udd.cl\/cplus_noticias\/directora-de-ingenieria-civil-en-obras-civiles-e-investigadora-del-c-presento-en-conferencia-del-area-de-la-construccion-realizada-en-republica-checa\/#primaryimage","url":"https:\/\/cmas.udd.cl\/wp-content\/uploads\/2024\/07\/IMG_20240630_170502-scaled.jpg","contentUrl":"https:\/\/cmas.udd.cl\/wp-content\/uploads\/2024\/07\/IMG_20240630_170502-scaled.jpg","width":2560,"height":1621,"caption":"_cuva"},{"@type":"BreadcrumbList","@id":"https:\/\/cmas.udd.cl\/cplus_noticias\/directora-de-ingenieria-civil-en-obras-civiles-e-investigadora-del-c-presento-en-conferencia-del-area-de-la-construccion-realizada-en-republica-checa\/#breadcrumb","itemListElement":[{"@type":"ListItem","position":1,"name":"Home","item":"https:\/\/cmas.udd.cl\/"},{"@type":"ListItem","position":2,"name":"cplus_noticias","item":"https:\/\/cmas.udd.cl\/cplus_noticias\/"},{"@type":"ListItem","position":3,"name":"Directora de Ingenier\u00eda Civil en Obras Civiles e Investigadora del C+ present\u00f3 en conferencia del \u00e1rea de la construcci\u00f3n realizada en Rep\u00fablica Checa \u00a0"}]},{"@type":"WebSite","@id":"https:\/\/cmas.udd.cl\/#website","url":"https:\/\/cmas.udd.cl\/","name":"C+","description":"Centro Investigaci\u00f3n enTecnolog\u00edas para la Sociedad","publisher":{"@id":"https:\/\/cmas.udd.cl\/#organization"},"potentialAction":[{"@type":"SearchAction","target":{"@type":"EntryPoint","urlTemplate":"https:\/\/cmas.udd.cl\/?s={search_term_string}"},"query-input":{"@type":"PropertyValueSpecification","valueRequired":true,"valueName":"search_term_string"}}],"inLanguage":"en-US"},{"@type":"Organization","@id":"https:\/\/cmas.udd.cl\/#organization","name":"C+","url":"https:\/\/cmas.udd.cl\/","logo":{"@type":"ImageObject","inLanguage":"en-US","@id":"https:\/\/cmas.udd.cl\/#\/schema\/logo\/image\/","url":"https:\/\/cmas.udd.cl\/wp-content\/uploads\/2023\/05\/Logo-compuesto-UDD-Cmas.png","contentUrl":"https:\/\/cmas.udd.cl\/wp-content\/uploads\/2023\/05\/Logo-compuesto-UDD-Cmas.png","width":695,"height":72,"caption":"C+"},"image":{"@id":"https:\/\/cmas.udd.cl\/#\/schema\/logo\/image\/"}}]}},"_links":{"self":[{"href":"https:\/\/cmas.udd.cl\/en\/wp-json\/wp\/v2\/cplus_noticias\/3492","targetHints":{"allow":["GET"]}}],"collection":[{"href":"https:\/\/cmas.udd.cl\/en\/wp-json\/wp\/v2\/cplus_noticias"}],"about":[{"href":"https:\/\/cmas.udd.cl\/en\/wp-json\/wp\/v2\/types\/cplus_noticias"}],"version-history":[{"count":0,"href":"https:\/\/cmas.udd.cl\/en\/wp-json\/wp\/v2\/cplus_noticias\/3492\/revisions"}],"wp:featuredmedia":[{"embeddable":true,"href":"https:\/\/cmas.udd.cl\/en\/wp-json\/wp\/v2\/media\/3493"}],"wp:attachment":[{"href":"https:\/\/cmas.udd.cl\/en\/wp-json\/wp\/v2\/media?parent=3492"}],"wp:term":[{"taxonomy":"taxo_noticias","embeddable":true,"href":"https:\/\/cmas.udd.cl\/en\/wp-json\/wp\/v2\/taxo_noticias?post=3492"},{"taxonomy":"grupo-de-investigacion","embeddable":true,"href":"https:\/\/cmas.udd.cl\/en\/wp-json\/wp\/v2\/grupo-de-investigacion?post=3492"}],"curies":[{"name":"wp","href":"https:\/\/api.w.org\/{rel}","templated":true}]}}