{"id":3458,"date":"2024-07-10T16:16:12","date_gmt":"2024-07-10T16:16:12","guid":{"rendered":"https:\/\/centrodeinvestigacioningenieria.udd.cl\/?post_type=cplus_noticias&#038;p=3458"},"modified":"2024-07-10T16:17:43","modified_gmt":"2024-07-10T16:17:43","slug":"grupo-de-investigadores-publica-reporte-sobre-el-manejo-y-desafios-de-los-incendios-forestales","status":"publish","type":"cplus_noticias","link":"https:\/\/cmas.udd.cl\/en\/cplus_noticias\/grupo-de-investigadores-publica-reporte-sobre-el-manejo-y-desafios-de-los-incendios-forestales\/","title":{"rendered":"Grupo de investigadores publica reporte sobre el manejo y desaf\u00edos de los incendios forestales"},"content":{"rendered":"<figure class=\"wp-block-image size-large\"><img fetchpriority=\"high\" decoding=\"async\" width=\"1024\" height=\"575\" src=\"https:\/\/cmas.udd.cl\/wp-content\/uploads\/2024\/07\/WhatsApp-Image-2024-07-10-at-12.14.17-1024x575.jpeg\" alt=\"\" class=\"wp-image-3459\" srcset=\"https:\/\/cmas.udd.cl\/wp-content\/uploads\/2024\/07\/WhatsApp-Image-2024-07-10-at-12.14.17-1024x575.jpeg 1024w, https:\/\/cmas.udd.cl\/wp-content\/uploads\/2024\/07\/WhatsApp-Image-2024-07-10-at-12.14.17-300x169.jpeg 300w, https:\/\/cmas.udd.cl\/wp-content\/uploads\/2024\/07\/WhatsApp-Image-2024-07-10-at-12.14.17-768x432.jpeg 768w, https:\/\/cmas.udd.cl\/wp-content\/uploads\/2024\/07\/WhatsApp-Image-2024-07-10-at-12.14.17-1536x863.jpeg 1536w, https:\/\/cmas.udd.cl\/wp-content\/uploads\/2024\/07\/WhatsApp-Image-2024-07-10-at-12.14.17.jpeg 1600w\" sizes=\"(max-width: 1024px) 100vw, 1024px\" \/><\/figure>\n\n\n\n<p>El fuego es una parte natural de la vida en la Tierra, manteniendo ecosistemas saludables y equilibrados en todo el mundo. Pero la actividad humana y el cambio clim\u00e1tico est\u00e1n alterando tanto la frecuencia como la severidad de los incendios forestales, creando nuevos riesgos para la salud humana y ambiental.&nbsp;<\/p>\n\n\n\n<p>Un nuevo<strong> <a href=\"https:\/\/zenodo.org\/records\/12634068\">reporte<\/a><\/strong>, escrito por un grupo de cient\u00edficos e investigadores de distintas disciplinas de todo el mundo, destaca las m\u00faltiples formas en que los incendios forestales afectan a las personas y planeta, y los desaf\u00edos para la ciencia y las prioridades de investigaci\u00f3n en relaci\u00f3n al tema.<\/p>\n\n\n\n<p>Los expertos identificaron <strong>tres desaf\u00edos <\/strong>para la ciencia del fuego en las pr\u00f3ximas d\u00e9cadas: comprender mejor el papel del fuego en el ciclo del carbono, el rol del fuego en conjunci\u00f3n con otros eventos extremos y el papel de los humanos en el fuego.<\/p>\n\n\n\n<p>\u201cSi queremos mejorar la evaluaci\u00f3n de los impactos futuros de los incendios en las personas y el planeta, debemos comenzar con una mejor comprensi\u00f3n de c\u00f3mo el clima, los cambios en la cobertura del suelo y las pr\u00e1cticas de manejo de tierras humanas impulsan la distribuci\u00f3n y la severidad de los incendios en las pr\u00f3ximas d\u00e9cadas\u201d, sostiene Douglas Hamilton, profesor de ciencias marinas, terrestres y atmosf\u00e9ricas en la <a href=\"https:\/\/www.ncsu.edu\/\"><strong>Universidad Estatal de Carolina del Norte<\/strong><\/a> y l\u00edder de la iniciativa.<\/p>\n\n\n\n<p>Respecto a c\u00f3mo abordar estos desaf\u00edos, el reporte identifica <strong>tres prioridades de investigaci\u00f3n urgentes<\/strong>: comprender el balance neto de carbono del fuego, desarrollar herramientas de respuesta r\u00e1pida para eventos de incendios forestales y comprender el impacto del fuego en la sociedad, especialmente en las poblaciones marginadas y subrepresentadas.<\/p>\n\n\n\n<p>La primera prioridad se refiere a entender c\u00f3mo la liberaci\u00f3n de carbono por el fuego, la recuperaci\u00f3n ecol\u00f3gica, el cambio clim\u00e1tico, la biolog\u00eda oce\u00e1nica y el derretimiento de hielo interact\u00faan y afectan el balance de carbono de la Tierra.<\/p>\n\n\n\n<p>La segunda prioridad tiene relaci\u00f3n con desarrollar herramientas para respuestas m\u00e1s oportunas y efectivas a preguntas cr\u00edticas durante eventos extremos de incendios y proporcionar un informe anual sobre cuestiones clave de pol\u00edtica y medios.<\/p>\n\n\n\n<p>La tercera prioridad y \u00faltima prioridad, apunta a explorar c\u00f3mo los incendios afectan a las comunidades marginadas y subrepresentadas, haciendo hincapi\u00e9 en las poblaciones ind\u00edgenas y la justicia ambiental.<\/p>\n\n\n\n<div class=\"wp-block-media-text is-stacked-on-mobile\"><figure class=\"wp-block-media-text__media\"><img decoding=\"async\" width=\"1024\" height=\"768\" src=\"https:\/\/cmas.udd.cl\/wp-content\/uploads\/2024\/07\/Diez-1024x768.jpeg\" alt=\"\" class=\"wp-image-3460 size-full\" srcset=\"https:\/\/cmas.udd.cl\/wp-content\/uploads\/2024\/07\/Diez-1024x768.jpeg 1024w, https:\/\/cmas.udd.cl\/wp-content\/uploads\/2024\/07\/Diez-300x225.jpeg 300w, https:\/\/cmas.udd.cl\/wp-content\/uploads\/2024\/07\/Diez-768x576.jpeg 768w, https:\/\/cmas.udd.cl\/wp-content\/uploads\/2024\/07\/Diez-1536x1152.jpeg 1536w, https:\/\/cmas.udd.cl\/wp-content\/uploads\/2024\/07\/Diez.jpeg 2048w\" sizes=\"(max-width: 1024px) 100vw, 1024px\" \/><\/figure><div class=\"wp-block-media-text__content\">\n<p>En relaci\u00f3n a la tercera prioridad, el investigador del Centro de Investigaci\u00f3n en Tecnolog\u00edas para la Sociedad (C+) de Ingenier\u00eda UDD, Sebasti\u00e1n Diez, y parte de la<strong> <a href=\"https:\/\/igacproject.org\/\">International Global Atmospheric Chemistry<\/a> <\/strong>(IGAC) resalta que \u201clos incendios impactan a las comunidades m\u00e1s fr\u00e1giles de formas muy complejas y es nuestro trabajo desentra\u00f1ar esas relaciones para apoyar la toma de medidas m\u00e1s efectivas\u201d, enfatizando, adem\u00e1s, la importancia de la colaboraci\u00f3n global y el fortalecimiento de las capacidades y recursos de investigaci\u00f3n.\u00a0\u00a0<\/p>\n<\/div><\/div>\n\n\n\n<p>Cabe destacar, que el proyecto fue apoyado por redes de investigaci\u00f3n globales, incluyendo la<strong> <a href=\"https:\/\/www.solas-int.org\/\">Surface Ocean Lower Atmosphere Study<\/a><\/strong> (SOLAS), la<strong> <a href=\"https:\/\/igacproject.org\/\">International Global Atmospheric Chemistry<\/a><\/strong> (IGAC), <a href=\"https:\/\/pastglobalchanges.org\/\"><strong>Past Global Changes<\/strong><\/a> (PAGES) , as\u00ed como por organizaciones como la<strong> <a href=\"https:\/\/www.esa.int\/\">Agencia Espacial Europea<\/a><\/strong> (ESA), la <strong><a href=\"https:\/\/www.nasa.gov\/\">Administraci\u00f3n Nacional de Aeron\u00e1utica y del Espacio<\/a> <\/strong>(NASA) de EE.UU., la<strong> <a href=\"https:\/\/www.metoffice.gov.uk\/\">Met Office<\/a><\/strong> del Reino Unido y el <a href=\"https:\/\/www.ceh.ac.uk\/\"><strong>Centro para la Ecolog\u00eda e Hidrolog\u00eda<\/strong><\/a> (CEH). El grupo de trabajo est\u00e1 financiado por el programa conjunto ESA-Future Earth. El taller tambi\u00e9n cont\u00f3 con el apoyo de la Universidad Estatal de Carolina del Norte, PAGES y el <a href=\"https:\/\/bios.asu.edu\/about\/\"><strong>Instituto de Ciencias Oce\u00e1nicas de Bermuda<\/strong><\/a> (BIOS).<\/p>","protected":false},"featured_media":3459,"template":"","taxo_noticias":[26],"grupo-de-investigacion":[],"class_list":["post-3458","cplus_noticias","type-cplus_noticias","status-publish","has-post-thumbnail","hentry","taxo_noticias-envirohealth"],"acf":[],"yoast_head":"<!-- This site is optimized with the Yoast SEO plugin v27.3 - https:\/\/yoast.com\/product\/yoast-seo-wordpress\/ -->\n<title>Grupo de investigadores publica reporte sobre el manejo y desaf\u00edos de los incendios forestales - C+<\/title>\n<meta name=\"robots\" content=\"index, follow, max-snippet:-1, max-image-preview:large, max-video-preview:-1\" \/>\n<link rel=\"canonical\" href=\"https:\/\/cmas.udd.cl\/en\/cplus_noticias\/grupo-de-investigadores-publica-reporte-sobre-el-manejo-y-desafios-de-los-incendios-forestales\/\" \/>\n<meta property=\"og:locale\" content=\"en_US\" \/>\n<meta property=\"og:type\" content=\"article\" \/>\n<meta property=\"og:title\" content=\"Grupo de investigadores publica reporte sobre el manejo y desaf\u00edos de los incendios forestales - C+\" \/>\n<meta property=\"og:description\" content=\"El fuego es una parte natural de la vida en la Tierra, manteniendo ecosistemas saludables y equilibrados en todo el mundo. Pero la actividad humana y el cambio clim\u00e1tico est\u00e1n alterando tanto la frecuencia como la severidad de los incendios forestales, creando nuevos riesgos para la salud humana y ambiental.&nbsp; Un nuevo reporte, escrito por [&hellip;]\" \/>\n<meta property=\"og:url\" content=\"https:\/\/cmas.udd.cl\/en\/cplus_noticias\/grupo-de-investigadores-publica-reporte-sobre-el-manejo-y-desafios-de-los-incendios-forestales\/\" \/>\n<meta property=\"og:site_name\" content=\"C+\" \/>\n<meta property=\"article:modified_time\" content=\"2024-07-10T16:17:43+00:00\" \/>\n<meta property=\"og:image\" content=\"https:\/\/cmas.udd.cl\/wp-content\/uploads\/2024\/07\/WhatsApp-Image-2024-07-10-at-12.14.17.jpeg\" \/>\n\t<meta property=\"og:image:width\" content=\"1600\" \/>\n\t<meta property=\"og:image:height\" content=\"899\" \/>\n\t<meta property=\"og:image:type\" content=\"image\/jpeg\" \/>\n<meta name=\"twitter:card\" content=\"summary_large_image\" \/>\n<meta name=\"twitter:label1\" content=\"Est. reading time\" \/>\n\t<meta name=\"twitter:data1\" content=\"4 minutes\" \/>\n<script type=\"application\/ld+json\" class=\"yoast-schema-graph\">{\"@context\":\"https:\\\/\\\/schema.org\",\"@graph\":[{\"@type\":\"WebPage\",\"@id\":\"https:\\\/\\\/cmas.udd.cl\\\/cplus_noticias\\\/grupo-de-investigadores-publica-reporte-sobre-el-manejo-y-desafios-de-los-incendios-forestales\\\/\",\"url\":\"https:\\\/\\\/cmas.udd.cl\\\/cplus_noticias\\\/grupo-de-investigadores-publica-reporte-sobre-el-manejo-y-desafios-de-los-incendios-forestales\\\/\",\"name\":\"Grupo de investigadores publica reporte sobre el manejo y desaf\u00edos de los incendios forestales - C+\",\"isPartOf\":{\"@id\":\"https:\\\/\\\/cmas.udd.cl\\\/#website\"},\"primaryImageOfPage\":{\"@id\":\"https:\\\/\\\/cmas.udd.cl\\\/cplus_noticias\\\/grupo-de-investigadores-publica-reporte-sobre-el-manejo-y-desafios-de-los-incendios-forestales\\\/#primaryimage\"},\"image\":{\"@id\":\"https:\\\/\\\/cmas.udd.cl\\\/cplus_noticias\\\/grupo-de-investigadores-publica-reporte-sobre-el-manejo-y-desafios-de-los-incendios-forestales\\\/#primaryimage\"},\"thumbnailUrl\":\"https:\\\/\\\/cmas.udd.cl\\\/wp-content\\\/uploads\\\/2024\\\/07\\\/WhatsApp-Image-2024-07-10-at-12.14.17.jpeg\",\"datePublished\":\"2024-07-10T16:16:12+00:00\",\"dateModified\":\"2024-07-10T16:17:43+00:00\",\"breadcrumb\":{\"@id\":\"https:\\\/\\\/cmas.udd.cl\\\/cplus_noticias\\\/grupo-de-investigadores-publica-reporte-sobre-el-manejo-y-desafios-de-los-incendios-forestales\\\/#breadcrumb\"},\"inLanguage\":\"en-US\",\"potentialAction\":[{\"@type\":\"ReadAction\",\"target\":[\"https:\\\/\\\/cmas.udd.cl\\\/cplus_noticias\\\/grupo-de-investigadores-publica-reporte-sobre-el-manejo-y-desafios-de-los-incendios-forestales\\\/\"]}]},{\"@type\":\"ImageObject\",\"inLanguage\":\"en-US\",\"@id\":\"https:\\\/\\\/cmas.udd.cl\\\/cplus_noticias\\\/grupo-de-investigadores-publica-reporte-sobre-el-manejo-y-desafios-de-los-incendios-forestales\\\/#primaryimage\",\"url\":\"https:\\\/\\\/cmas.udd.cl\\\/wp-content\\\/uploads\\\/2024\\\/07\\\/WhatsApp-Image-2024-07-10-at-12.14.17.jpeg\",\"contentUrl\":\"https:\\\/\\\/cmas.udd.cl\\\/wp-content\\\/uploads\\\/2024\\\/07\\\/WhatsApp-Image-2024-07-10-at-12.14.17.jpeg\",\"width\":1600,\"height\":899},{\"@type\":\"BreadcrumbList\",\"@id\":\"https:\\\/\\\/cmas.udd.cl\\\/cplus_noticias\\\/grupo-de-investigadores-publica-reporte-sobre-el-manejo-y-desafios-de-los-incendios-forestales\\\/#breadcrumb\",\"itemListElement\":[{\"@type\":\"ListItem\",\"position\":1,\"name\":\"Home\",\"item\":\"https:\\\/\\\/cmas.udd.cl\\\/\"},{\"@type\":\"ListItem\",\"position\":2,\"name\":\"cplus_noticias\",\"item\":\"https:\\\/\\\/cmas.udd.cl\\\/cplus_noticias\\\/\"},{\"@type\":\"ListItem\",\"position\":3,\"name\":\"Grupo de investigadores publica reporte sobre el manejo y desaf\u00edos de los incendios forestales\"}]},{\"@type\":\"WebSite\",\"@id\":\"https:\\\/\\\/cmas.udd.cl\\\/#website\",\"url\":\"https:\\\/\\\/cmas.udd.cl\\\/\",\"name\":\"C+\",\"description\":\"Centro Investigaci\u00f3n enTecnolog\u00edas para la Sociedad\",\"publisher\":{\"@id\":\"https:\\\/\\\/cmas.udd.cl\\\/#organization\"},\"potentialAction\":[{\"@type\":\"SearchAction\",\"target\":{\"@type\":\"EntryPoint\",\"urlTemplate\":\"https:\\\/\\\/cmas.udd.cl\\\/?s={search_term_string}\"},\"query-input\":{\"@type\":\"PropertyValueSpecification\",\"valueRequired\":true,\"valueName\":\"search_term_string\"}}],\"inLanguage\":\"en-US\"},{\"@type\":\"Organization\",\"@id\":\"https:\\\/\\\/cmas.udd.cl\\\/#organization\",\"name\":\"C+\",\"url\":\"https:\\\/\\\/cmas.udd.cl\\\/\",\"logo\":{\"@type\":\"ImageObject\",\"inLanguage\":\"en-US\",\"@id\":\"https:\\\/\\\/cmas.udd.cl\\\/#\\\/schema\\\/logo\\\/image\\\/\",\"url\":\"https:\\\/\\\/cmas.udd.cl\\\/wp-content\\\/uploads\\\/2023\\\/05\\\/Logo-compuesto-UDD-Cmas.png\",\"contentUrl\":\"https:\\\/\\\/cmas.udd.cl\\\/wp-content\\\/uploads\\\/2023\\\/05\\\/Logo-compuesto-UDD-Cmas.png\",\"width\":695,\"height\":72,\"caption\":\"C+\"},\"image\":{\"@id\":\"https:\\\/\\\/cmas.udd.cl\\\/#\\\/schema\\\/logo\\\/image\\\/\"}}]}<\/script>\n<!-- \/ Yoast SEO plugin. -->","yoast_head_json":{"title":"Grupo de investigadores publica reporte sobre el manejo y desaf\u00edos de los incendios forestales - C+","robots":{"index":"index","follow":"follow","max-snippet":"max-snippet:-1","max-image-preview":"max-image-preview:large","max-video-preview":"max-video-preview:-1"},"canonical":"https:\/\/cmas.udd.cl\/en\/cplus_noticias\/grupo-de-investigadores-publica-reporte-sobre-el-manejo-y-desafios-de-los-incendios-forestales\/","og_locale":"en_US","og_type":"article","og_title":"Grupo de investigadores publica reporte sobre el manejo y desaf\u00edos de los incendios forestales - C+","og_description":"El fuego es una parte natural de la vida en la Tierra, manteniendo ecosistemas saludables y equilibrados en todo el mundo. Pero la actividad humana y el cambio clim\u00e1tico est\u00e1n alterando tanto la frecuencia como la severidad de los incendios forestales, creando nuevos riesgos para la salud humana y ambiental.&nbsp; Un nuevo reporte, escrito por [&hellip;]","og_url":"https:\/\/cmas.udd.cl\/en\/cplus_noticias\/grupo-de-investigadores-publica-reporte-sobre-el-manejo-y-desafios-de-los-incendios-forestales\/","og_site_name":"C+","article_modified_time":"2024-07-10T16:17:43+00:00","og_image":[{"width":1600,"height":899,"url":"https:\/\/cmas.udd.cl\/wp-content\/uploads\/2024\/07\/WhatsApp-Image-2024-07-10-at-12.14.17.jpeg","type":"image\/jpeg"}],"twitter_card":"summary_large_image","twitter_misc":{"Est. reading time":"4 minutes"},"schema":{"@context":"https:\/\/schema.org","@graph":[{"@type":"WebPage","@id":"https:\/\/cmas.udd.cl\/cplus_noticias\/grupo-de-investigadores-publica-reporte-sobre-el-manejo-y-desafios-de-los-incendios-forestales\/","url":"https:\/\/cmas.udd.cl\/cplus_noticias\/grupo-de-investigadores-publica-reporte-sobre-el-manejo-y-desafios-de-los-incendios-forestales\/","name":"Grupo de investigadores publica reporte sobre el manejo y desaf\u00edos de los incendios forestales - C+","isPartOf":{"@id":"https:\/\/cmas.udd.cl\/#website"},"primaryImageOfPage":{"@id":"https:\/\/cmas.udd.cl\/cplus_noticias\/grupo-de-investigadores-publica-reporte-sobre-el-manejo-y-desafios-de-los-incendios-forestales\/#primaryimage"},"image":{"@id":"https:\/\/cmas.udd.cl\/cplus_noticias\/grupo-de-investigadores-publica-reporte-sobre-el-manejo-y-desafios-de-los-incendios-forestales\/#primaryimage"},"thumbnailUrl":"https:\/\/cmas.udd.cl\/wp-content\/uploads\/2024\/07\/WhatsApp-Image-2024-07-10-at-12.14.17.jpeg","datePublished":"2024-07-10T16:16:12+00:00","dateModified":"2024-07-10T16:17:43+00:00","breadcrumb":{"@id":"https:\/\/cmas.udd.cl\/cplus_noticias\/grupo-de-investigadores-publica-reporte-sobre-el-manejo-y-desafios-de-los-incendios-forestales\/#breadcrumb"},"inLanguage":"en-US","potentialAction":[{"@type":"ReadAction","target":["https:\/\/cmas.udd.cl\/cplus_noticias\/grupo-de-investigadores-publica-reporte-sobre-el-manejo-y-desafios-de-los-incendios-forestales\/"]}]},{"@type":"ImageObject","inLanguage":"en-US","@id":"https:\/\/cmas.udd.cl\/cplus_noticias\/grupo-de-investigadores-publica-reporte-sobre-el-manejo-y-desafios-de-los-incendios-forestales\/#primaryimage","url":"https:\/\/cmas.udd.cl\/wp-content\/uploads\/2024\/07\/WhatsApp-Image-2024-07-10-at-12.14.17.jpeg","contentUrl":"https:\/\/cmas.udd.cl\/wp-content\/uploads\/2024\/07\/WhatsApp-Image-2024-07-10-at-12.14.17.jpeg","width":1600,"height":899},{"@type":"BreadcrumbList","@id":"https:\/\/cmas.udd.cl\/cplus_noticias\/grupo-de-investigadores-publica-reporte-sobre-el-manejo-y-desafios-de-los-incendios-forestales\/#breadcrumb","itemListElement":[{"@type":"ListItem","position":1,"name":"Home","item":"https:\/\/cmas.udd.cl\/"},{"@type":"ListItem","position":2,"name":"cplus_noticias","item":"https:\/\/cmas.udd.cl\/cplus_noticias\/"},{"@type":"ListItem","position":3,"name":"Grupo de investigadores publica reporte sobre el manejo y desaf\u00edos de los incendios forestales"}]},{"@type":"WebSite","@id":"https:\/\/cmas.udd.cl\/#website","url":"https:\/\/cmas.udd.cl\/","name":"C+","description":"Centro Investigaci\u00f3n enTecnolog\u00edas para la Sociedad","publisher":{"@id":"https:\/\/cmas.udd.cl\/#organization"},"potentialAction":[{"@type":"SearchAction","target":{"@type":"EntryPoint","urlTemplate":"https:\/\/cmas.udd.cl\/?s={search_term_string}"},"query-input":{"@type":"PropertyValueSpecification","valueRequired":true,"valueName":"search_term_string"}}],"inLanguage":"en-US"},{"@type":"Organization","@id":"https:\/\/cmas.udd.cl\/#organization","name":"C+","url":"https:\/\/cmas.udd.cl\/","logo":{"@type":"ImageObject","inLanguage":"en-US","@id":"https:\/\/cmas.udd.cl\/#\/schema\/logo\/image\/","url":"https:\/\/cmas.udd.cl\/wp-content\/uploads\/2023\/05\/Logo-compuesto-UDD-Cmas.png","contentUrl":"https:\/\/cmas.udd.cl\/wp-content\/uploads\/2023\/05\/Logo-compuesto-UDD-Cmas.png","width":695,"height":72,"caption":"C+"},"image":{"@id":"https:\/\/cmas.udd.cl\/#\/schema\/logo\/image\/"}}]}},"_links":{"self":[{"href":"https:\/\/cmas.udd.cl\/en\/wp-json\/wp\/v2\/cplus_noticias\/3458","targetHints":{"allow":["GET"]}}],"collection":[{"href":"https:\/\/cmas.udd.cl\/en\/wp-json\/wp\/v2\/cplus_noticias"}],"about":[{"href":"https:\/\/cmas.udd.cl\/en\/wp-json\/wp\/v2\/types\/cplus_noticias"}],"version-history":[{"count":0,"href":"https:\/\/cmas.udd.cl\/en\/wp-json\/wp\/v2\/cplus_noticias\/3458\/revisions"}],"wp:featuredmedia":[{"embeddable":true,"href":"https:\/\/cmas.udd.cl\/en\/wp-json\/wp\/v2\/media\/3459"}],"wp:attachment":[{"href":"https:\/\/cmas.udd.cl\/en\/wp-json\/wp\/v2\/media?parent=3458"}],"wp:term":[{"taxonomy":"taxo_noticias","embeddable":true,"href":"https:\/\/cmas.udd.cl\/en\/wp-json\/wp\/v2\/taxo_noticias?post=3458"},{"taxonomy":"grupo-de-investigacion","embeddable":true,"href":"https:\/\/cmas.udd.cl\/en\/wp-json\/wp\/v2\/grupo-de-investigacion?post=3458"}],"curies":[{"name":"wp","href":"https:\/\/api.w.org\/{rel}","templated":true}]}}