{"id":3451,"date":"2024-07-08T20:07:24","date_gmt":"2024-07-08T20:07:24","guid":{"rendered":"https:\/\/centrodeinvestigacioningenieria.udd.cl\/?post_type=cplus_noticias&#038;p=3451"},"modified":"2024-07-08T20:07:25","modified_gmt":"2024-07-08T20:07:25","slug":"investigador-del-c-de-ingenieria-realizo-visita-a-espana-para-internacionalizar-tech-policy-lab","status":"publish","type":"cplus_noticias","link":"https:\/\/cmas.udd.cl\/en\/cplus_noticias\/investigador-del-c-de-ingenieria-realizo-visita-a-espana-para-internacionalizar-tech-policy-lab\/","title":{"rendered":"Investigador del C+ de Ingenier\u00eda realiz\u00f3 visita a Espa\u00f1a para internacionalizar Tech Policy Lab\u00a0\u00a0"},"content":{"rendered":"<p>Con el objetivo de internacionalizar, dar a conocer y compartir experiencias sobre el proyecto Tech Policy Lab del Centro de Investigaci\u00f3n en Tecnolog\u00edas para la Sociedad de la Facultad de ingenier\u00eda UDD, el investigador Jos\u00e9 Garrido realiz\u00f3 una visita a Madrid, Espa\u00f1a, para reunirse con diversos profesores e investigadores.&nbsp;Este laboratorio se est\u00e1 desarrollando en conjunto con las Facultades de Gobierno, Ingenier\u00eda, Arquitectura e iCubo de la Universidad del Desarrollo, quienes se adjudicaron&nbsp;el fondo de Globalizaci\u00f3n UDD.&nbsp;<\/p>\n\n\n\n<p>El viaje se llev\u00f3 a cabo en el marco del Fondo Globalizaci\u00f3n UDD, que contempl\u00f3 visitas a una serie de espacios dedicados a actividades de laboratorio e investigaci\u00f3n como el Matadero Madrid MediaLab, FabLab de Madrid y ILab International Lab.&nbsp;&nbsp;<\/p>\n\n\n\n<p>El proyecto Tech Policy Lab es una red de trabajo participativo e interdisciplinar que contiene una plataforma de proyectos colaborativos para el desarrollo de herramientas tecnol\u00f3gicas amigables y accesibles para pol\u00edticas p\u00fablicas, con un impacto social y que respondan a demandas ciudadanas.&nbsp;&nbsp;<\/p>\n\n\n\n<div class=\"wp-block-media-text is-stacked-on-mobile\"><figure class=\"wp-block-media-text__media\"><img fetchpriority=\"high\" decoding=\"async\" width=\"683\" height=\"1024\" src=\"https:\/\/cmas.udd.cl\/wp-content\/uploads\/2024\/07\/WhatsApp-Image-2024-07-08-at-16.03.15-1-683x1024.jpeg\" alt=\"\" class=\"wp-image-3457 size-full\" srcset=\"https:\/\/cmas.udd.cl\/wp-content\/uploads\/2024\/07\/WhatsApp-Image-2024-07-08-at-16.03.15-1-683x1024.jpeg 683w, https:\/\/cmas.udd.cl\/wp-content\/uploads\/2024\/07\/WhatsApp-Image-2024-07-08-at-16.03.15-1-200x300.jpeg 200w, https:\/\/cmas.udd.cl\/wp-content\/uploads\/2024\/07\/WhatsApp-Image-2024-07-08-at-16.03.15-1-768x1152.jpeg 768w, https:\/\/cmas.udd.cl\/wp-content\/uploads\/2024\/07\/WhatsApp-Image-2024-07-08-at-16.03.15-1-1024x1536.jpeg 1024w, https:\/\/cmas.udd.cl\/wp-content\/uploads\/2024\/07\/WhatsApp-Image-2024-07-08-at-16.03.15-1.jpeg 1040w\" sizes=\"(max-width: 683px) 100vw, 683px\" \/><\/figure><div class=\"wp-block-media-text__content\">\n<p>Centrado en ese enfoque, Jos\u00e9 Garrido particip\u00f3 de una actividad de formaci\u00f3n docente sobre un nuevo proyecto educativo sobre la base de retos del College en la Facultad de Derecho, Empresa y Gobierno de la Universidad Francisco de Vitoria (UFV) invitado por Jorge Cerdio, director de Estudios de Grado y el fil\u00f3sofo Juan Pablo Serra, docente del curso de Fundamentos de Pol\u00edticas P\u00fablicas. En dicha reuni\u00f3n, se conversaron sobre la metodolog\u00eda de ambos proyectos con el fin de encontrar los puntos en com\u00fan, diferencias te\u00f3ricas y metodol\u00f3gicas.\u00a0\u00a0<\/p>\n<\/div><\/div>\n\n\n\n<p>Por otra parte, el investigador sostuvo diferentes reuniones con directores, docentes e investigadores relacionados al estudio de pol\u00edticas p\u00fablicas, ciudades y sustentabilidad que cuentan con relaciones y v\u00ednculos en Latinoam\u00e9rica con el fin de crear un plan de trabajo y seguir manteniendo una colaboraci\u00f3n internacional para estos temas.&nbsp;&nbsp;<\/p>\n\n\n\n<p>Respecto a la visita a Espa\u00f1a y c\u00f3mo esto puede significar un aporte al nuevo proyecto de Tech Policy Lab, Jos\u00e9 Garrido coment\u00f3 que \u201ces muy importante tomar contacto con experiencias metodol\u00f3gicas e innovadoras para retroalimentar la exploraci\u00f3n que estamos realizando en Tech Policy Lab. As\u00ed, adem\u00e1s, se concreta el intercambio de alumnos en un futuro pr\u00f3ximo que enriquezca el laboratorio, teniendo en cuenta que Espa\u00f1a enfrenta las mismas problem\u00e1ticas que nosotros, como, por ejemplo, la migraci\u00f3n, ofreciendo nuevas perspectivas para resolver desaf\u00edos comunes\u201d. \u00a0<\/p>\n\n\n\n<figure class=\"wp-block-gallery has-nested-images columns-default is-cropped wp-block-gallery-1 is-layout-flex wp-block-gallery-is-layout-flex\">\n<figure class=\"wp-block-image size-large\"><img decoding=\"async\" width=\"770\" height=\"1024\" data-id=\"3456\" src=\"https:\/\/cmas.udd.cl\/wp-content\/uploads\/2024\/07\/WhatsApp-Image-2024-07-05-at-12.48.30-3-770x1024.jpeg\" alt=\"\" class=\"wp-image-3456\" srcset=\"https:\/\/cmas.udd.cl\/wp-content\/uploads\/2024\/07\/WhatsApp-Image-2024-07-05-at-12.48.30-3-770x1024.jpeg 770w, https:\/\/cmas.udd.cl\/wp-content\/uploads\/2024\/07\/WhatsApp-Image-2024-07-05-at-12.48.30-3-226x300.jpeg 226w, https:\/\/cmas.udd.cl\/wp-content\/uploads\/2024\/07\/WhatsApp-Image-2024-07-05-at-12.48.30-3-768x1021.jpeg 768w, https:\/\/cmas.udd.cl\/wp-content\/uploads\/2024\/07\/WhatsApp-Image-2024-07-05-at-12.48.30-3.jpeg 963w\" sizes=\"(max-width: 770px) 100vw, 770px\" \/><\/figure>\n\n\n\n<figure class=\"wp-block-image size-large\"><img decoding=\"async\" width=\"1024\" height=\"770\" data-id=\"3453\" src=\"https:\/\/cmas.udd.cl\/wp-content\/uploads\/2024\/07\/WhatsApp-Image-2024-07-05-at-12.48.30-2-1024x770.jpeg\" alt=\"\" class=\"wp-image-3453\" srcset=\"https:\/\/cmas.udd.cl\/wp-content\/uploads\/2024\/07\/WhatsApp-Image-2024-07-05-at-12.48.30-2-1024x770.jpeg 1024w, https:\/\/cmas.udd.cl\/wp-content\/uploads\/2024\/07\/WhatsApp-Image-2024-07-05-at-12.48.30-2-300x226.jpeg 300w, https:\/\/cmas.udd.cl\/wp-content\/uploads\/2024\/07\/WhatsApp-Image-2024-07-05-at-12.48.30-2-768x578.jpeg 768w, https:\/\/cmas.udd.cl\/wp-content\/uploads\/2024\/07\/WhatsApp-Image-2024-07-05-at-12.48.30-2.jpeg 1280w\" sizes=\"(max-width: 1024px) 100vw, 1024px\" \/><\/figure>\n\n\n\n<figure class=\"wp-block-image size-large\"><img loading=\"lazy\" decoding=\"async\" width=\"1024\" height=\"770\" data-id=\"3452\" src=\"https:\/\/cmas.udd.cl\/wp-content\/uploads\/2024\/07\/WhatsApp-Image-2024-07-05-at-12.48.30-1-1024x770.jpeg\" alt=\"\" class=\"wp-image-3452\" srcset=\"https:\/\/cmas.udd.cl\/wp-content\/uploads\/2024\/07\/WhatsApp-Image-2024-07-05-at-12.48.30-1-1024x770.jpeg 1024w, https:\/\/cmas.udd.cl\/wp-content\/uploads\/2024\/07\/WhatsApp-Image-2024-07-05-at-12.48.30-1-300x226.jpeg 300w, https:\/\/cmas.udd.cl\/wp-content\/uploads\/2024\/07\/WhatsApp-Image-2024-07-05-at-12.48.30-1-768x578.jpeg 768w, https:\/\/cmas.udd.cl\/wp-content\/uploads\/2024\/07\/WhatsApp-Image-2024-07-05-at-12.48.30-1.jpeg 1280w\" sizes=\"(max-width: 1024px) 100vw, 1024px\" \/><\/figure>\n\n\n\n<figure class=\"wp-block-image size-large\"><img loading=\"lazy\" decoding=\"async\" width=\"1024\" height=\"770\" data-id=\"3455\" src=\"https:\/\/cmas.udd.cl\/wp-content\/uploads\/2024\/07\/WhatsApp-Image-2024-07-05-at-12.48.30-1024x770.jpeg\" alt=\"\" class=\"wp-image-3455\" srcset=\"https:\/\/cmas.udd.cl\/wp-content\/uploads\/2024\/07\/WhatsApp-Image-2024-07-05-at-12.48.30-1024x770.jpeg 1024w, https:\/\/cmas.udd.cl\/wp-content\/uploads\/2024\/07\/WhatsApp-Image-2024-07-05-at-12.48.30-300x226.jpeg 300w, https:\/\/cmas.udd.cl\/wp-content\/uploads\/2024\/07\/WhatsApp-Image-2024-07-05-at-12.48.30-768x578.jpeg 768w, https:\/\/cmas.udd.cl\/wp-content\/uploads\/2024\/07\/WhatsApp-Image-2024-07-05-at-12.48.30.jpeg 1280w\" sizes=\"(max-width: 1024px) 100vw, 1024px\" \/><\/figure>\n<\/figure>","protected":false},"featured_media":3455,"template":"","taxo_noticias":[31],"grupo-de-investigacion":[],"class_list":["post-3451","cplus_noticias","type-cplus_noticias","status-publish","has-post-thumbnail","hentry","taxo_noticias-techpolicy"],"acf":[],"yoast_head":"<!-- This site is optimized with the Yoast SEO plugin v27.3 - https:\/\/yoast.com\/product\/yoast-seo-wordpress\/ -->\n<title>Investigador del C+ de Ingenier\u00eda realiz\u00f3 visita a Espa\u00f1a para internacionalizar Tech Policy Lab\u00a0\u00a0 - C+<\/title>\n<meta name=\"robots\" content=\"index, follow, max-snippet:-1, max-image-preview:large, max-video-preview:-1\" \/>\n<link rel=\"canonical\" href=\"https:\/\/cmas.udd.cl\/en\/cplus_noticias\/investigador-del-c-de-ingenieria-realizo-visita-a-espana-para-internacionalizar-tech-policy-lab\/\" \/>\n<meta property=\"og:locale\" content=\"en_US\" \/>\n<meta property=\"og:type\" content=\"article\" \/>\n<meta property=\"og:title\" content=\"Investigador del C+ de Ingenier\u00eda realiz\u00f3 visita a Espa\u00f1a para internacionalizar Tech Policy Lab\u00a0\u00a0 - C+\" \/>\n<meta property=\"og:description\" content=\"Con el objetivo de internacionalizar, dar a conocer y compartir experiencias sobre el proyecto Tech Policy Lab del Centro de Investigaci\u00f3n en Tecnolog\u00edas para la Sociedad de la Facultad de ingenier\u00eda UDD, el investigador Jos\u00e9 Garrido realiz\u00f3 una visita a Madrid, Espa\u00f1a, para reunirse con diversos profesores e investigadores.&nbsp;Este laboratorio se est\u00e1 desarrollando en conjunto [&hellip;]\" \/>\n<meta property=\"og:url\" content=\"https:\/\/cmas.udd.cl\/en\/cplus_noticias\/investigador-del-c-de-ingenieria-realizo-visita-a-espana-para-internacionalizar-tech-policy-lab\/\" \/>\n<meta property=\"og:site_name\" content=\"C+\" \/>\n<meta property=\"article:modified_time\" content=\"2024-07-08T20:07:25+00:00\" \/>\n<meta property=\"og:image\" content=\"https:\/\/cmas.udd.cl\/wp-content\/uploads\/2024\/07\/WhatsApp-Image-2024-07-05-at-12.48.30.jpeg\" \/>\n\t<meta property=\"og:image:width\" content=\"1280\" \/>\n\t<meta property=\"og:image:height\" content=\"963\" \/>\n\t<meta property=\"og:image:type\" content=\"image\/jpeg\" \/>\n<meta name=\"twitter:card\" content=\"summary_large_image\" \/>\n<meta name=\"twitter:label1\" content=\"Est. reading time\" \/>\n\t<meta name=\"twitter:data1\" content=\"3 minutes\" \/>\n<script type=\"application\/ld+json\" class=\"yoast-schema-graph\">{\"@context\":\"https:\\\/\\\/schema.org\",\"@graph\":[{\"@type\":\"WebPage\",\"@id\":\"https:\\\/\\\/cmas.udd.cl\\\/cplus_noticias\\\/investigador-del-c-de-ingenieria-realizo-visita-a-espana-para-internacionalizar-tech-policy-lab\\\/\",\"url\":\"https:\\\/\\\/cmas.udd.cl\\\/cplus_noticias\\\/investigador-del-c-de-ingenieria-realizo-visita-a-espana-para-internacionalizar-tech-policy-lab\\\/\",\"name\":\"Investigador del C+ de Ingenier\u00eda realiz\u00f3 visita a Espa\u00f1a para internacionalizar Tech Policy Lab\u00a0\u00a0 - C+\",\"isPartOf\":{\"@id\":\"https:\\\/\\\/cmas.udd.cl\\\/#website\"},\"primaryImageOfPage\":{\"@id\":\"https:\\\/\\\/cmas.udd.cl\\\/cplus_noticias\\\/investigador-del-c-de-ingenieria-realizo-visita-a-espana-para-internacionalizar-tech-policy-lab\\\/#primaryimage\"},\"image\":{\"@id\":\"https:\\\/\\\/cmas.udd.cl\\\/cplus_noticias\\\/investigador-del-c-de-ingenieria-realizo-visita-a-espana-para-internacionalizar-tech-policy-lab\\\/#primaryimage\"},\"thumbnailUrl\":\"https:\\\/\\\/cmas.udd.cl\\\/wp-content\\\/uploads\\\/2024\\\/07\\\/WhatsApp-Image-2024-07-05-at-12.48.30.jpeg\",\"datePublished\":\"2024-07-08T20:07:24+00:00\",\"dateModified\":\"2024-07-08T20:07:25+00:00\",\"breadcrumb\":{\"@id\":\"https:\\\/\\\/cmas.udd.cl\\\/cplus_noticias\\\/investigador-del-c-de-ingenieria-realizo-visita-a-espana-para-internacionalizar-tech-policy-lab\\\/#breadcrumb\"},\"inLanguage\":\"en-US\",\"potentialAction\":[{\"@type\":\"ReadAction\",\"target\":[\"https:\\\/\\\/cmas.udd.cl\\\/cplus_noticias\\\/investigador-del-c-de-ingenieria-realizo-visita-a-espana-para-internacionalizar-tech-policy-lab\\\/\"]}]},{\"@type\":\"ImageObject\",\"inLanguage\":\"en-US\",\"@id\":\"https:\\\/\\\/cmas.udd.cl\\\/cplus_noticias\\\/investigador-del-c-de-ingenieria-realizo-visita-a-espana-para-internacionalizar-tech-policy-lab\\\/#primaryimage\",\"url\":\"https:\\\/\\\/cmas.udd.cl\\\/wp-content\\\/uploads\\\/2024\\\/07\\\/WhatsApp-Image-2024-07-05-at-12.48.30.jpeg\",\"contentUrl\":\"https:\\\/\\\/cmas.udd.cl\\\/wp-content\\\/uploads\\\/2024\\\/07\\\/WhatsApp-Image-2024-07-05-at-12.48.30.jpeg\",\"width\":1280,\"height\":963},{\"@type\":\"BreadcrumbList\",\"@id\":\"https:\\\/\\\/cmas.udd.cl\\\/cplus_noticias\\\/investigador-del-c-de-ingenieria-realizo-visita-a-espana-para-internacionalizar-tech-policy-lab\\\/#breadcrumb\",\"itemListElement\":[{\"@type\":\"ListItem\",\"position\":1,\"name\":\"Home\",\"item\":\"https:\\\/\\\/cmas.udd.cl\\\/\"},{\"@type\":\"ListItem\",\"position\":2,\"name\":\"cplus_noticias\",\"item\":\"https:\\\/\\\/cmas.udd.cl\\\/cplus_noticias\\\/\"},{\"@type\":\"ListItem\",\"position\":3,\"name\":\"Investigador del C+ de Ingenier\u00eda realiz\u00f3 visita a Espa\u00f1a para internacionalizar Tech Policy Lab\u00a0\u00a0\"}]},{\"@type\":\"WebSite\",\"@id\":\"https:\\\/\\\/cmas.udd.cl\\\/#website\",\"url\":\"https:\\\/\\\/cmas.udd.cl\\\/\",\"name\":\"C+\",\"description\":\"Centro Investigaci\u00f3n enTecnolog\u00edas para la Sociedad\",\"publisher\":{\"@id\":\"https:\\\/\\\/cmas.udd.cl\\\/#organization\"},\"potentialAction\":[{\"@type\":\"SearchAction\",\"target\":{\"@type\":\"EntryPoint\",\"urlTemplate\":\"https:\\\/\\\/cmas.udd.cl\\\/?s={search_term_string}\"},\"query-input\":{\"@type\":\"PropertyValueSpecification\",\"valueRequired\":true,\"valueName\":\"search_term_string\"}}],\"inLanguage\":\"en-US\"},{\"@type\":\"Organization\",\"@id\":\"https:\\\/\\\/cmas.udd.cl\\\/#organization\",\"name\":\"C+\",\"url\":\"https:\\\/\\\/cmas.udd.cl\\\/\",\"logo\":{\"@type\":\"ImageObject\",\"inLanguage\":\"en-US\",\"@id\":\"https:\\\/\\\/cmas.udd.cl\\\/#\\\/schema\\\/logo\\\/image\\\/\",\"url\":\"https:\\\/\\\/cmas.udd.cl\\\/wp-content\\\/uploads\\\/2023\\\/05\\\/Logo-compuesto-UDD-Cmas.png\",\"contentUrl\":\"https:\\\/\\\/cmas.udd.cl\\\/wp-content\\\/uploads\\\/2023\\\/05\\\/Logo-compuesto-UDD-Cmas.png\",\"width\":695,\"height\":72,\"caption\":\"C+\"},\"image\":{\"@id\":\"https:\\\/\\\/cmas.udd.cl\\\/#\\\/schema\\\/logo\\\/image\\\/\"}}]}<\/script>\n<!-- \/ Yoast SEO plugin. -->","yoast_head_json":{"title":"Investigador del C+ de Ingenier\u00eda realiz\u00f3 visita a Espa\u00f1a para internacionalizar Tech Policy Lab\u00a0\u00a0 - C+","robots":{"index":"index","follow":"follow","max-snippet":"max-snippet:-1","max-image-preview":"max-image-preview:large","max-video-preview":"max-video-preview:-1"},"canonical":"https:\/\/cmas.udd.cl\/en\/cplus_noticias\/investigador-del-c-de-ingenieria-realizo-visita-a-espana-para-internacionalizar-tech-policy-lab\/","og_locale":"en_US","og_type":"article","og_title":"Investigador del C+ de Ingenier\u00eda realiz\u00f3 visita a Espa\u00f1a para internacionalizar Tech Policy Lab\u00a0\u00a0 - C+","og_description":"Con el objetivo de internacionalizar, dar a conocer y compartir experiencias sobre el proyecto Tech Policy Lab del Centro de Investigaci\u00f3n en Tecnolog\u00edas para la Sociedad de la Facultad de ingenier\u00eda UDD, el investigador Jos\u00e9 Garrido realiz\u00f3 una visita a Madrid, Espa\u00f1a, para reunirse con diversos profesores e investigadores.&nbsp;Este laboratorio se est\u00e1 desarrollando en conjunto [&hellip;]","og_url":"https:\/\/cmas.udd.cl\/en\/cplus_noticias\/investigador-del-c-de-ingenieria-realizo-visita-a-espana-para-internacionalizar-tech-policy-lab\/","og_site_name":"C+","article_modified_time":"2024-07-08T20:07:25+00:00","og_image":[{"width":1280,"height":963,"url":"https:\/\/cmas.udd.cl\/wp-content\/uploads\/2024\/07\/WhatsApp-Image-2024-07-05-at-12.48.30.jpeg","type":"image\/jpeg"}],"twitter_card":"summary_large_image","twitter_misc":{"Est. reading time":"3 minutes"},"schema":{"@context":"https:\/\/schema.org","@graph":[{"@type":"WebPage","@id":"https:\/\/cmas.udd.cl\/cplus_noticias\/investigador-del-c-de-ingenieria-realizo-visita-a-espana-para-internacionalizar-tech-policy-lab\/","url":"https:\/\/cmas.udd.cl\/cplus_noticias\/investigador-del-c-de-ingenieria-realizo-visita-a-espana-para-internacionalizar-tech-policy-lab\/","name":"Investigador del C+ de Ingenier\u00eda realiz\u00f3 visita a Espa\u00f1a para internacionalizar Tech Policy Lab\u00a0\u00a0 - C+","isPartOf":{"@id":"https:\/\/cmas.udd.cl\/#website"},"primaryImageOfPage":{"@id":"https:\/\/cmas.udd.cl\/cplus_noticias\/investigador-del-c-de-ingenieria-realizo-visita-a-espana-para-internacionalizar-tech-policy-lab\/#primaryimage"},"image":{"@id":"https:\/\/cmas.udd.cl\/cplus_noticias\/investigador-del-c-de-ingenieria-realizo-visita-a-espana-para-internacionalizar-tech-policy-lab\/#primaryimage"},"thumbnailUrl":"https:\/\/cmas.udd.cl\/wp-content\/uploads\/2024\/07\/WhatsApp-Image-2024-07-05-at-12.48.30.jpeg","datePublished":"2024-07-08T20:07:24+00:00","dateModified":"2024-07-08T20:07:25+00:00","breadcrumb":{"@id":"https:\/\/cmas.udd.cl\/cplus_noticias\/investigador-del-c-de-ingenieria-realizo-visita-a-espana-para-internacionalizar-tech-policy-lab\/#breadcrumb"},"inLanguage":"en-US","potentialAction":[{"@type":"ReadAction","target":["https:\/\/cmas.udd.cl\/cplus_noticias\/investigador-del-c-de-ingenieria-realizo-visita-a-espana-para-internacionalizar-tech-policy-lab\/"]}]},{"@type":"ImageObject","inLanguage":"en-US","@id":"https:\/\/cmas.udd.cl\/cplus_noticias\/investigador-del-c-de-ingenieria-realizo-visita-a-espana-para-internacionalizar-tech-policy-lab\/#primaryimage","url":"https:\/\/cmas.udd.cl\/wp-content\/uploads\/2024\/07\/WhatsApp-Image-2024-07-05-at-12.48.30.jpeg","contentUrl":"https:\/\/cmas.udd.cl\/wp-content\/uploads\/2024\/07\/WhatsApp-Image-2024-07-05-at-12.48.30.jpeg","width":1280,"height":963},{"@type":"BreadcrumbList","@id":"https:\/\/cmas.udd.cl\/cplus_noticias\/investigador-del-c-de-ingenieria-realizo-visita-a-espana-para-internacionalizar-tech-policy-lab\/#breadcrumb","itemListElement":[{"@type":"ListItem","position":1,"name":"Home","item":"https:\/\/cmas.udd.cl\/"},{"@type":"ListItem","position":2,"name":"cplus_noticias","item":"https:\/\/cmas.udd.cl\/cplus_noticias\/"},{"@type":"ListItem","position":3,"name":"Investigador del C+ de Ingenier\u00eda realiz\u00f3 visita a Espa\u00f1a para internacionalizar Tech Policy Lab\u00a0\u00a0"}]},{"@type":"WebSite","@id":"https:\/\/cmas.udd.cl\/#website","url":"https:\/\/cmas.udd.cl\/","name":"C+","description":"Centro Investigaci\u00f3n enTecnolog\u00edas para la Sociedad","publisher":{"@id":"https:\/\/cmas.udd.cl\/#organization"},"potentialAction":[{"@type":"SearchAction","target":{"@type":"EntryPoint","urlTemplate":"https:\/\/cmas.udd.cl\/?s={search_term_string}"},"query-input":{"@type":"PropertyValueSpecification","valueRequired":true,"valueName":"search_term_string"}}],"inLanguage":"en-US"},{"@type":"Organization","@id":"https:\/\/cmas.udd.cl\/#organization","name":"C+","url":"https:\/\/cmas.udd.cl\/","logo":{"@type":"ImageObject","inLanguage":"en-US","@id":"https:\/\/cmas.udd.cl\/#\/schema\/logo\/image\/","url":"https:\/\/cmas.udd.cl\/wp-content\/uploads\/2023\/05\/Logo-compuesto-UDD-Cmas.png","contentUrl":"https:\/\/cmas.udd.cl\/wp-content\/uploads\/2023\/05\/Logo-compuesto-UDD-Cmas.png","width":695,"height":72,"caption":"C+"},"image":{"@id":"https:\/\/cmas.udd.cl\/#\/schema\/logo\/image\/"}}]}},"_links":{"self":[{"href":"https:\/\/cmas.udd.cl\/en\/wp-json\/wp\/v2\/cplus_noticias\/3451","targetHints":{"allow":["GET"]}}],"collection":[{"href":"https:\/\/cmas.udd.cl\/en\/wp-json\/wp\/v2\/cplus_noticias"}],"about":[{"href":"https:\/\/cmas.udd.cl\/en\/wp-json\/wp\/v2\/types\/cplus_noticias"}],"version-history":[{"count":0,"href":"https:\/\/cmas.udd.cl\/en\/wp-json\/wp\/v2\/cplus_noticias\/3451\/revisions"}],"wp:featuredmedia":[{"embeddable":true,"href":"https:\/\/cmas.udd.cl\/en\/wp-json\/wp\/v2\/media\/3455"}],"wp:attachment":[{"href":"https:\/\/cmas.udd.cl\/en\/wp-json\/wp\/v2\/media?parent=3451"}],"wp:term":[{"taxonomy":"taxo_noticias","embeddable":true,"href":"https:\/\/cmas.udd.cl\/en\/wp-json\/wp\/v2\/taxo_noticias?post=3451"},{"taxonomy":"grupo-de-investigacion","embeddable":true,"href":"https:\/\/cmas.udd.cl\/en\/wp-json\/wp\/v2\/grupo-de-investigacion?post=3451"}],"curies":[{"name":"wp","href":"https:\/\/api.w.org\/{rel}","templated":true}]}}